{"id":20566,"date":"2022-04-11T19:17:35","date_gmt":"2022-04-11T17:17:35","guid":{"rendered":"https:\/\/7culture.ci\/?p=20566"},"modified":"2022-04-12T18:43:32","modified_gmt":"2022-04-12T16:43:32","slug":"exposition-le-mucat-recoit-memoria-recits-dune-autre-histoire","status":"publish","type":"post","link":"https:\/\/7culture.ci\/index.php\/2022\/04\/11\/exposition-le-mucat-recoit-memoria-recits-dune-autre-histoire\/","title":{"rendered":"Exposition\u00a0: le Mucat re\u00e7oit \u2018\u2019Memoria : r\u00e9cits d\u2019une autre Histoire\u2019\u2019"},"content":{"rendered":"\n<p>Du 7 avril au 21 ao\u00fbt 2022, le mus\u00e9e des cultures contemporaine Adama Toungara (Mucat) accueille l\u2019exposition \u2018\u2019Memoria : r\u00e9cits d\u2019une autre Histoire\u2019\u2019. C\u2019est une pr\u00e9sentation collective des \u0153uvres extraordinaires de 14 artistes. La particularit\u00e9 de cette exposition, c\u2019est qu\u2019elle est anim\u00e9e par les travaux d\u2019artistes femmes et africaines. Apr\u00e8s leur r\u00f4le premier de donner la vie, elles pourraient aussi \u00eatre celles qui conservent et restituent la m\u00e9moire. Et comme son nom l\u2019indique, \u2018\u2019Memoria : r\u00e9cits d\u2019une autre Histoire\u2019\u2019, \u00ab&nbsp;<strong><em>c\u2019est l\u2019id\u00e9e d\u2019une m\u00e9moire collective compos\u00e9e d\u2019une myriade de r\u00e9cits, d\u2019histoires, de questionnements et d\u2019exp\u00e9riences \u00e9parpill\u00e9es dans nos m\u00e9moires individuelles, personnelles, intimes. Elle est ici r\u00e9v\u00e9l\u00e9e \u00e0 travers les \u0153uvres d\u2019artistes dont le travail renvoie \u00e0 la (re)construction d\u2019un tout commun, d\u2019un tout universel, qui renouvelle notre regard sur la cr\u00e9ation contemporaine issue d\u2019Afrique et de ses diasporas<\/em><\/strong>&nbsp;\u00bb, r\u00e9sume une note de presse de l\u2019exposition. Le travail de ces artistes d\u00e9veloppe beaucoup de contenus comme des rencontres, des secrets, l\u2019\u00e9ducation, la m\u00e9diation culturelle\u2026 C\u2019est en quelque sorte l\u2019histoire du continent africain vu par des Africaines. \u00ab&nbsp;<strong><em>On peut tous apprendre quelque chose \u00e0 travers cette exposition<\/em><\/strong>&nbsp;\u00bb, rassure C\u00e9line Seror, l\u2019une des commissaires de l\u2019expo. \u00ab&nbsp;<strong><em>Ces artistes racontent le monde et lui donnent une place particuli\u00e8re aux fronti\u00e8res de l\u2019imaginaire<\/em><\/strong>&nbsp;\u00bb, rench\u00e9rit l\u2019autre commissaire, Nadine Hounkpatin. Qui ajoute&nbsp;: \u00ab&nbsp;<strong><em>c\u2019est une exposition d\u2019artistes contemporaines dont les \u0153uvres participent \u00e0 l\u2019\u00e9criture de l\u2019histoire de l\u2019art d\u2019Afrique et de ses diasporas au f\u00e9minin<\/em><\/strong>&nbsp;\u00bb.<\/p>\n\n\n\n<figure class=\"wp-block-gallery has-nested-images columns-default is-cropped wp-block-gallery-1 is-layout-flex wp-block-gallery-is-layout-flex\">\n<figure class=\"wp-block-image size-large\"><img loading=\"lazy\" decoding=\"async\" width=\"1000\" height=\"450\" data-id=\"20571\" src=\"https:\/\/7culture.ci\/wp-content\/uploads\/2022\/04\/WhatsApp-Image-2022-04-07-at-17.27.13-2-1.jpeg\" alt=\"\" class=\"wp-image-20571\" srcset=\"https:\/\/7culture.ci\/wp-content\/uploads\/2022\/04\/WhatsApp-Image-2022-04-07-at-17.27.13-2-1.jpeg 1000w, https:\/\/7culture.ci\/wp-content\/uploads\/2022\/04\/WhatsApp-Image-2022-04-07-at-17.27.13-2-1-300x135.jpeg 300w, https:\/\/7culture.ci\/wp-content\/uploads\/2022\/04\/WhatsApp-Image-2022-04-07-at-17.27.13-2-1-768x346.jpeg 768w\" sizes=\"(max-width: 1000px) 100vw, 1000px\" \/><\/figure>\n\n\n\n<figure class=\"wp-block-image size-large\"><img loading=\"lazy\" decoding=\"async\" width=\"1024\" height=\"461\" data-id=\"20573\" src=\"https:\/\/7culture.ci\/wp-content\/uploads\/2022\/04\/WhatsApp-Image-2022-04-07-at-17.27.14-1024x461.jpeg\" alt=\"\" class=\"wp-image-20573\" srcset=\"https:\/\/7culture.ci\/wp-content\/uploads\/2022\/04\/WhatsApp-Image-2022-04-07-at-17.27.14-1024x461.jpeg 1024w, https:\/\/7culture.ci\/wp-content\/uploads\/2022\/04\/WhatsApp-Image-2022-04-07-at-17.27.14-300x135.jpeg 300w, https:\/\/7culture.ci\/wp-content\/uploads\/2022\/04\/WhatsApp-Image-2022-04-07-at-17.27.14-768x346.jpeg 768w, https:\/\/7culture.ci\/wp-content\/uploads\/2022\/04\/WhatsApp-Image-2022-04-07-at-17.27.14.jpeg 1080w\" sizes=\"(max-width: 1024px) 100vw, 1024px\" \/><\/figure>\n\n\n\n<figure class=\"wp-block-image size-large\"><img loading=\"lazy\" decoding=\"async\" width=\"1024\" height=\"461\" data-id=\"20572\" src=\"https:\/\/7culture.ci\/wp-content\/uploads\/2022\/04\/WhatsApp-Image-2022-04-07-at-17.27.15-1024x461.jpeg\" alt=\"\" class=\"wp-image-20572\" srcset=\"https:\/\/7culture.ci\/wp-content\/uploads\/2022\/04\/WhatsApp-Image-2022-04-07-at-17.27.15-1024x461.jpeg 1024w, https:\/\/7culture.ci\/wp-content\/uploads\/2022\/04\/WhatsApp-Image-2022-04-07-at-17.27.15-300x135.jpeg 300w, https:\/\/7culture.ci\/wp-content\/uploads\/2022\/04\/WhatsApp-Image-2022-04-07-at-17.27.15-768x346.jpeg 768w, https:\/\/7culture.ci\/wp-content\/uploads\/2022\/04\/WhatsApp-Image-2022-04-07-at-17.27.15.jpeg 1080w\" sizes=\"(max-width: 1024px) 100vw, 1024px\" \/><\/figure>\n<\/figure>\n\n\n\n<p>Apr\u00e8s Bordeaux en France en 2021, \u2018\u2019Memoria : r\u00e9cits d\u2019une autre Histoire\u2019\u2019 Abidjan donne la parole \u00e0 14 femmes africaines ou d\u2019origine africaine. Elles apportent des r\u00e9ponses \u00e0 l\u2019errance et \u00e0 l\u2019oubli de la m\u00e9moire africaine et se projettent aussi dans l\u2019avenir. En questionnant nos m\u00e9canismes de pens\u00e9e, l\u2019exposition entend ouvrir une discussion sur notre capacit\u00e9 \u00e0 renouveler nos connaissances, \u00e0 \u00e9couter des r\u00e9cits diff\u00e9rents et \u00e0 mettre en question st\u00e9r\u00e9otypes et id\u00e9es re\u00e7ues. Le bon travail de m\u00e9moire se r\u00e9partit en trois grandes parties \u00e0 savoir \u2018<em>\u2019De l\u2019intime \u00e0 l\u2019universel\u2019\u2019<\/em>, \u2018<em>\u2019Quand la m\u00e9moire fait \u0153uvre politique<\/em>\u2019\u2019 et \u2018<em>\u2019Fabulations, fictions et autres imaginaires<\/em>\u2019\u2019.<\/p>\n\n\n\n<div class=\"wp-block-image\"><figure class=\"aligncenter size-full is-resized\"><img loading=\"lazy\" decoding=\"async\" src=\"https:\/\/7culture.ci\/wp-content\/uploads\/2022\/04\/WhatsApp-Image-2022-04-07-at-17.27.15-2.jpeg\" alt=\"\" class=\"wp-image-20574\" width=\"924\" height=\"416\" srcset=\"https:\/\/7culture.ci\/wp-content\/uploads\/2022\/04\/WhatsApp-Image-2022-04-07-at-17.27.15-2.jpeg 1000w, https:\/\/7culture.ci\/wp-content\/uploads\/2022\/04\/WhatsApp-Image-2022-04-07-at-17.27.15-2-300x135.jpeg 300w, https:\/\/7culture.ci\/wp-content\/uploads\/2022\/04\/WhatsApp-Image-2022-04-07-at-17.27.15-2-768x346.jpeg 768w\" sizes=\"(max-width: 924px) 100vw, 924px\" \/><\/figure><\/div>\n\n\n\n<p>L\u2019escale de cette exposition au Mucat a accueilli les \u0153uvres de Joana Choumali, Lafalaise Dion, Carine Mansan, Marie-Claire Messouma Manlanbien, Rachel Marsil, Val\u00e9rie Oka, Enam Gbewonyo, Gosette Lubondo, Georgina Maxim, Tuli Mekondjo, Myriam Mihindou, Jos\u00e8fa Ntjam, Selly Raby Kane et Na Chainkua Reindorf. L\u2019\u00e9tape abidjanaise de cette exposition itin\u00e9rante comprend six artistes ivoiriennes. Selon les initiatrices de l\u2019exposition, le Mus\u00e9e des cultures contemporaines Adama Toungara (Mucat) a \u00e9t\u00e9 choisi pour abriter cette exposition parce qu\u2019il r\u00e9pond aux standards internationaux d\u2019exposition. <\/p>\n\n\n\n<p>Par Omar AK<\/p>\n","protected":false},"excerpt":{"rendered":"<p>Du 7 avril au 21 ao\u00fbt 2022, le mus\u00e9e des cultures contemporaine Adama Toungara (Mucat) accueille l\u2019exposition \u2018\u2019Memoria : r\u00e9cits d\u2019une autre Histoire\u2019\u2019. C\u2019est une pr\u00e9sentation collective des \u0153uvres extraordinaires de 14 artistes. La particularit\u00e9 de cette exposition, c\u2019est qu\u2019elle est anim\u00e9e par les travaux d\u2019artistes femmes et africaines. Apr\u00e8s leur r\u00f4le premier de donner &hellip;<\/p>\n<p class=\"read-more\"> <a class=\"\" href=\"https:\/\/7culture.ci\/index.php\/2022\/04\/11\/exposition-le-mucat-recoit-memoria-recits-dune-autre-histoire\/\"> <span class=\"screen-reader-text\">Exposition\u00a0: le Mucat re\u00e7oit \u2018\u2019Memoria : r\u00e9cits d\u2019une autre Histoire\u2019\u2019<\/span> Lire la suite\u00a0\u00bb<\/a><\/p>\n","protected":false},"author":1,"featured_media":20567,"comment_status":"open","ping_status":"open","sticky":false,"template":"","format":"standard","meta":{"_mi_skip_tracking":false,"_monsterinsights_sitenote_active":false,"_monsterinsights_sitenote_note":"","_monsterinsights_sitenote_category":0,"site-sidebar-layout":"default","site-content-layout":"default","ast-global-header-display":"","ast-main-header-display":"","ast-hfb-above-header-display":"","ast-hfb-below-header-display":"","ast-hfb-mobile-header-display":"","site-post-title":"","ast-breadcrumbs-content":"","ast-featured-img":"","footer-sml-layout":"","theme-transparent-header-meta":"","adv-header-id-meta":"","stick-header-meta":"","header-above-stick-meta":"","header-main-stick-meta":"","header-below-stick-meta":"","footnotes":"","jetpack_publicize_message":"","jetpack_is_tweetstorm":false,"jetpack_publicize_feature_enabled":true},"categories":[22],"tags":[],"jetpack_publicize_connections":[],"acf":[],"aioseo_notices":[],"yoast_head":"<!-- This site is optimized with the Yoast SEO plugin v19.6.1 - https:\/\/yoast.com\/wordpress\/plugins\/seo\/ -->\n<title>Exposition\u00a0: le Mucat re\u00e7oit \u2018\u2019Memoria : r\u00e9cits d\u2019une autre Histoire\u2019\u2019 -<\/title>\n<meta name=\"robots\" content=\"index, follow, max-snippet:-1, max-image-preview:large, max-video-preview:-1\" \/>\n<link rel=\"canonical\" href=\"https:\/\/7culture.ci\/index.php\/2022\/04\/11\/exposition-le-mucat-recoit-memoria-recits-dune-autre-histoire\/\" \/>\n<meta property=\"og:locale\" content=\"fr_FR\" \/>\n<meta property=\"og:type\" content=\"article\" \/>\n<meta property=\"og:title\" content=\"Exposition\u00a0: le Mucat re\u00e7oit \u2018\u2019Memoria : r\u00e9cits d\u2019une autre Histoire\u2019\u2019 -\" \/>\n<meta property=\"og:description\" content=\"Du 7 avril au 21 ao\u00fbt 2022, le mus\u00e9e des cultures contemporaine Adama Toungara (Mucat) accueille l\u2019exposition \u2018\u2019Memoria : r\u00e9cits d\u2019une autre Histoire\u2019\u2019. C\u2019est une pr\u00e9sentation collective des \u0153uvres extraordinaires de 14 artistes. La particularit\u00e9 de cette exposition, c\u2019est qu\u2019elle est anim\u00e9e par les travaux d\u2019artistes femmes et africaines. Apr\u00e8s leur r\u00f4le premier de donner &hellip; Exposition\u00a0: le Mucat re\u00e7oit \u2018\u2019Memoria : r\u00e9cits d\u2019une autre Histoire\u2019\u2019 Lire la suite\u00a0\u00bb\" \/>\n<meta property=\"og:url\" content=\"https:\/\/7culture.ci\/index.php\/2022\/04\/11\/exposition-le-mucat-recoit-memoria-recits-dune-autre-histoire\/\" \/>\n<meta property=\"og:site_name\" content=\"7culture\" \/>\n<meta property=\"article:publisher\" content=\"https:\/\/www.facebook.com\/redchefclaude\" \/>\n<meta property=\"article:published_time\" content=\"2022-04-11T17:17:35+00:00\" \/>\n<meta property=\"article:modified_time\" content=\"2022-04-12T16:43:32+00:00\" \/>\n<meta property=\"og:image\" content=\"http:\/\/7culture.ci\/wp-content\/uploads\/2022\/04\/WhatsApp-Image-2022-04-07-at-17.27.13.jpeg\" \/>\n\t<meta property=\"og:image:width\" content=\"1000\" \/>\n\t<meta property=\"og:image:height\" content=\"450\" \/>\n\t<meta property=\"og:image:type\" content=\"image\/jpeg\" \/>\n<meta name=\"author\" content=\"7culture2020\" \/>\n<meta name=\"twitter:card\" content=\"summary_large_image\" \/>\n<meta name=\"twitter:creator\" content=\"@7culturec\" \/>\n<meta name=\"twitter:site\" content=\"@7culturec\" \/>\n<meta name=\"twitter:label1\" content=\"\u00c9crit par\" \/>\n\t<meta name=\"twitter:data1\" content=\"7culture2020\" \/>\n\t<meta name=\"twitter:label2\" content=\"Dur\u00e9e de lecture estim\u00e9e\" \/>\n\t<meta name=\"twitter:data2\" content=\"4 minutes\" \/>\n<script type=\"application\/ld+json\" class=\"yoast-schema-graph\">{\"@context\":\"https:\/\/schema.org\",\"@graph\":[{\"@type\":\"Article\",\"@id\":\"https:\/\/7culture.ci\/index.php\/2022\/04\/11\/exposition-le-mucat-recoit-memoria-recits-dune-autre-histoire\/#article\",\"isPartOf\":{\"@id\":\"https:\/\/7culture.ci\/index.php\/2022\/04\/11\/exposition-le-mucat-recoit-memoria-recits-dune-autre-histoire\/\"},\"author\":{\"name\":\"7culture2020\",\"@id\":\"https:\/\/7culture.ci\/#\/schema\/person\/16150d28d7ef66ba788c1f87f28c4426\"},\"headline\":\"Exposition\u00a0: le Mucat re\u00e7oit \u2018\u2019Memoria : r\u00e9cits d\u2019une autre Histoire\u2019\u2019\",\"datePublished\":\"2022-04-11T17:17:35+00:00\",\"dateModified\":\"2022-04-12T16:43:32+00:00\",\"mainEntityOfPage\":{\"@id\":\"https:\/\/7culture.ci\/index.php\/2022\/04\/11\/exposition-le-mucat-recoit-memoria-recits-dune-autre-histoire\/\"},\"wordCount\":516,\"commentCount\":0,\"publisher\":{\"@id\":\"https:\/\/7culture.ci\/#organization\"},\"articleSection\":[\"Actualit\u00e9\"],\"inLanguage\":\"fr-FR\",\"potentialAction\":[{\"@type\":\"CommentAction\",\"name\":\"Comment\",\"target\":[\"https:\/\/7culture.ci\/index.php\/2022\/04\/11\/exposition-le-mucat-recoit-memoria-recits-dune-autre-histoire\/#respond\"]}]},{\"@type\":\"WebPage\",\"@id\":\"https:\/\/7culture.ci\/index.php\/2022\/04\/11\/exposition-le-mucat-recoit-memoria-recits-dune-autre-histoire\/\",\"url\":\"https:\/\/7culture.ci\/index.php\/2022\/04\/11\/exposition-le-mucat-recoit-memoria-recits-dune-autre-histoire\/\",\"name\":\"Exposition\u00a0: le Mucat re\u00e7oit \u2018\u2019Memoria : r\u00e9cits d\u2019une autre Histoire\u2019\u2019 -\",\"isPartOf\":{\"@id\":\"https:\/\/7culture.ci\/#website\"},\"datePublished\":\"2022-04-11T17:17:35+00:00\",\"dateModified\":\"2022-04-12T16:43:32+00:00\",\"breadcrumb\":{\"@id\":\"https:\/\/7culture.ci\/index.php\/2022\/04\/11\/exposition-le-mucat-recoit-memoria-recits-dune-autre-histoire\/#breadcrumb\"},\"inLanguage\":\"fr-FR\",\"potentialAction\":[{\"@type\":\"ReadAction\",\"target\":[\"https:\/\/7culture.ci\/index.php\/2022\/04\/11\/exposition-le-mucat-recoit-memoria-recits-dune-autre-histoire\/\"]}]},{\"@type\":\"BreadcrumbList\",\"@id\":\"https:\/\/7culture.ci\/index.php\/2022\/04\/11\/exposition-le-mucat-recoit-memoria-recits-dune-autre-histoire\/#breadcrumb\",\"itemListElement\":[{\"@type\":\"ListItem\",\"position\":1,\"name\":\"Accueil\",\"item\":\"https:\/\/7culture.ci\/\"},{\"@type\":\"ListItem\",\"position\":2,\"name\":\"Exposition\u00a0: le Mucat re\u00e7oit \u2018\u2019Memoria : r\u00e9cits d\u2019une autre Histoire\u2019\u2019\"}]},{\"@type\":\"WebSite\",\"@id\":\"https:\/\/7culture.ci\/#website\",\"url\":\"https:\/\/7culture.ci\/\",\"name\":\"7culture\",\"description\":\"Tout sur l&#039;actualit\u00e9\",\"publisher\":{\"@id\":\"https:\/\/7culture.ci\/#organization\"},\"potentialAction\":[{\"@type\":\"SearchAction\",\"target\":{\"@type\":\"EntryPoint\",\"urlTemplate\":\"https:\/\/7culture.ci\/?s={search_term_string}\"},\"query-input\":\"required name=search_term_string\"}],\"inLanguage\":\"fr-FR\"},{\"@type\":\"Organization\",\"@id\":\"https:\/\/7culture.ci\/#organization\",\"name\":\"7culture\",\"url\":\"https:\/\/7culture.ci\/\",\"sameAs\":[\"https:\/\/www.facebook.com\/redchefclaude\",\"https:\/\/twitter.com\/7culturec\"],\"logo\":{\"@type\":\"ImageObject\",\"inLanguage\":\"fr-FR\",\"@id\":\"https:\/\/7culture.ci\/#\/schema\/logo\/image\/\",\"url\":\"https:\/\/7culture.ci\/wp-content\/uploads\/2021\/12\/S1a-1.png\",\"contentUrl\":\"https:\/\/7culture.ci\/wp-content\/uploads\/2021\/12\/S1a-1.png\",\"width\":588,\"height\":192,\"caption\":\"7culture\"},\"image\":{\"@id\":\"https:\/\/7culture.ci\/#\/schema\/logo\/image\/\"}},{\"@type\":\"Person\",\"@id\":\"https:\/\/7culture.ci\/#\/schema\/person\/16150d28d7ef66ba788c1f87f28c4426\",\"name\":\"7culture2020\",\"image\":{\"@type\":\"ImageObject\",\"inLanguage\":\"fr-FR\",\"@id\":\"https:\/\/7culture.ci\/#\/schema\/person\/image\/\",\"url\":\"https:\/\/secure.gravatar.com\/avatar\/9a0784f951306c37bcd065f52844ef95?s=96&d=mm&r=g\",\"contentUrl\":\"https:\/\/secure.gravatar.com\/avatar\/9a0784f951306c37bcd065f52844ef95?s=96&d=mm&r=g\",\"caption\":\"7culture2020\"},\"sameAs\":[\"http:\/\/7culture.ci\",\"Claude.kipre\"],\"url\":\"https:\/\/7culture.ci\/index.php\/author\/7culture2020\/\"}]}<\/script>\n<!-- \/ Yoast SEO plugin. -->","yoast_head_json":{"title":"Exposition\u00a0: le Mucat re\u00e7oit \u2018\u2019Memoria : r\u00e9cits d\u2019une autre Histoire\u2019\u2019 -","robots":{"index":"index","follow":"follow","max-snippet":"max-snippet:-1","max-image-preview":"max-image-preview:large","max-video-preview":"max-video-preview:-1"},"canonical":"https:\/\/7culture.ci\/index.php\/2022\/04\/11\/exposition-le-mucat-recoit-memoria-recits-dune-autre-histoire\/","og_locale":"fr_FR","og_type":"article","og_title":"Exposition\u00a0: le Mucat re\u00e7oit \u2018\u2019Memoria : r\u00e9cits d\u2019une autre Histoire\u2019\u2019 -","og_description":"Du 7 avril au 21 ao\u00fbt 2022, le mus\u00e9e des cultures contemporaine Adama Toungara (Mucat) accueille l\u2019exposition \u2018\u2019Memoria : r\u00e9cits d\u2019une autre Histoire\u2019\u2019. C\u2019est une pr\u00e9sentation collective des \u0153uvres extraordinaires de 14 artistes. La particularit\u00e9 de cette exposition, c\u2019est qu\u2019elle est anim\u00e9e par les travaux d\u2019artistes femmes et africaines. Apr\u00e8s leur r\u00f4le premier de donner &hellip; Exposition\u00a0: le Mucat re\u00e7oit \u2018\u2019Memoria : r\u00e9cits d\u2019une autre Histoire\u2019\u2019 Lire la suite\u00a0\u00bb","og_url":"https:\/\/7culture.ci\/index.php\/2022\/04\/11\/exposition-le-mucat-recoit-memoria-recits-dune-autre-histoire\/","og_site_name":"7culture","article_publisher":"https:\/\/www.facebook.com\/redchefclaude","article_published_time":"2022-04-11T17:17:35+00:00","article_modified_time":"2022-04-12T16:43:32+00:00","og_image":[{"width":1000,"height":450,"url":"http:\/\/7culture.ci\/wp-content\/uploads\/2022\/04\/WhatsApp-Image-2022-04-07-at-17.27.13.jpeg","type":"image\/jpeg"}],"author":"7culture2020","twitter_card":"summary_large_image","twitter_creator":"@7culturec","twitter_site":"@7culturec","twitter_misc":{"\u00c9crit par":"7culture2020","Dur\u00e9e de lecture estim\u00e9e":"4 minutes"},"schema":{"@context":"https:\/\/schema.org","@graph":[{"@type":"Article","@id":"https:\/\/7culture.ci\/index.php\/2022\/04\/11\/exposition-le-mucat-recoit-memoria-recits-dune-autre-histoire\/#article","isPartOf":{"@id":"https:\/\/7culture.ci\/index.php\/2022\/04\/11\/exposition-le-mucat-recoit-memoria-recits-dune-autre-histoire\/"},"author":{"name":"7culture2020","@id":"https:\/\/7culture.ci\/#\/schema\/person\/16150d28d7ef66ba788c1f87f28c4426"},"headline":"Exposition\u00a0: le Mucat re\u00e7oit \u2018\u2019Memoria : r\u00e9cits d\u2019une autre Histoire\u2019\u2019","datePublished":"2022-04-11T17:17:35+00:00","dateModified":"2022-04-12T16:43:32+00:00","mainEntityOfPage":{"@id":"https:\/\/7culture.ci\/index.php\/2022\/04\/11\/exposition-le-mucat-recoit-memoria-recits-dune-autre-histoire\/"},"wordCount":516,"commentCount":0,"publisher":{"@id":"https:\/\/7culture.ci\/#organization"},"articleSection":["Actualit\u00e9"],"inLanguage":"fr-FR","potentialAction":[{"@type":"CommentAction","name":"Comment","target":["https:\/\/7culture.ci\/index.php\/2022\/04\/11\/exposition-le-mucat-recoit-memoria-recits-dune-autre-histoire\/#respond"]}]},{"@type":"WebPage","@id":"https:\/\/7culture.ci\/index.php\/2022\/04\/11\/exposition-le-mucat-recoit-memoria-recits-dune-autre-histoire\/","url":"https:\/\/7culture.ci\/index.php\/2022\/04\/11\/exposition-le-mucat-recoit-memoria-recits-dune-autre-histoire\/","name":"Exposition\u00a0: le Mucat re\u00e7oit \u2018\u2019Memoria : r\u00e9cits d\u2019une autre Histoire\u2019\u2019 -","isPartOf":{"@id":"https:\/\/7culture.ci\/#website"},"datePublished":"2022-04-11T17:17:35+00:00","dateModified":"2022-04-12T16:43:32+00:00","breadcrumb":{"@id":"https:\/\/7culture.ci\/index.php\/2022\/04\/11\/exposition-le-mucat-recoit-memoria-recits-dune-autre-histoire\/#breadcrumb"},"inLanguage":"fr-FR","potentialAction":[{"@type":"ReadAction","target":["https:\/\/7culture.ci\/index.php\/2022\/04\/11\/exposition-le-mucat-recoit-memoria-recits-dune-autre-histoire\/"]}]},{"@type":"BreadcrumbList","@id":"https:\/\/7culture.ci\/index.php\/2022\/04\/11\/exposition-le-mucat-recoit-memoria-recits-dune-autre-histoire\/#breadcrumb","itemListElement":[{"@type":"ListItem","position":1,"name":"Accueil","item":"https:\/\/7culture.ci\/"},{"@type":"ListItem","position":2,"name":"Exposition\u00a0: le Mucat re\u00e7oit \u2018\u2019Memoria : r\u00e9cits d\u2019une autre Histoire\u2019\u2019"}]},{"@type":"WebSite","@id":"https:\/\/7culture.ci\/#website","url":"https:\/\/7culture.ci\/","name":"7culture","description":"Tout sur l&#039;actualit\u00e9","publisher":{"@id":"https:\/\/7culture.ci\/#organization"},"potentialAction":[{"@type":"SearchAction","target":{"@type":"EntryPoint","urlTemplate":"https:\/\/7culture.ci\/?s={search_term_string}"},"query-input":"required name=search_term_string"}],"inLanguage":"fr-FR"},{"@type":"Organization","@id":"https:\/\/7culture.ci\/#organization","name":"7culture","url":"https:\/\/7culture.ci\/","sameAs":["https:\/\/www.facebook.com\/redchefclaude","https:\/\/twitter.com\/7culturec"],"logo":{"@type":"ImageObject","inLanguage":"fr-FR","@id":"https:\/\/7culture.ci\/#\/schema\/logo\/image\/","url":"https:\/\/7culture.ci\/wp-content\/uploads\/2021\/12\/S1a-1.png","contentUrl":"https:\/\/7culture.ci\/wp-content\/uploads\/2021\/12\/S1a-1.png","width":588,"height":192,"caption":"7culture"},"image":{"@id":"https:\/\/7culture.ci\/#\/schema\/logo\/image\/"}},{"@type":"Person","@id":"https:\/\/7culture.ci\/#\/schema\/person\/16150d28d7ef66ba788c1f87f28c4426","name":"7culture2020","image":{"@type":"ImageObject","inLanguage":"fr-FR","@id":"https:\/\/7culture.ci\/#\/schema\/person\/image\/","url":"https:\/\/secure.gravatar.com\/avatar\/9a0784f951306c37bcd065f52844ef95?s=96&d=mm&r=g","contentUrl":"https:\/\/secure.gravatar.com\/avatar\/9a0784f951306c37bcd065f52844ef95?s=96&d=mm&r=g","caption":"7culture2020"},"sameAs":["http:\/\/7culture.ci","Claude.kipre"],"url":"https:\/\/7culture.ci\/index.php\/author\/7culture2020\/"}]}},"jetpack_featured_media_url":"https:\/\/7culture.ci\/wp-content\/uploads\/2022\/04\/WhatsApp-Image-2022-04-07-at-17.27.13.jpeg","jetpack_likes_enabled":true,"jetpack_sharing_enabled":true,"_links":{"self":[{"href":"https:\/\/7culture.ci\/index.php\/wp-json\/wp\/v2\/posts\/20566"}],"collection":[{"href":"https:\/\/7culture.ci\/index.php\/wp-json\/wp\/v2\/posts"}],"about":[{"href":"https:\/\/7culture.ci\/index.php\/wp-json\/wp\/v2\/types\/post"}],"author":[{"embeddable":true,"href":"https:\/\/7culture.ci\/index.php\/wp-json\/wp\/v2\/users\/1"}],"replies":[{"embeddable":true,"href":"https:\/\/7culture.ci\/index.php\/wp-json\/wp\/v2\/comments?post=20566"}],"version-history":[{"count":0,"href":"https:\/\/7culture.ci\/index.php\/wp-json\/wp\/v2\/posts\/20566\/revisions"}],"wp:featuredmedia":[{"embeddable":true,"href":"https:\/\/7culture.ci\/index.php\/wp-json\/wp\/v2\/media\/20567"}],"wp:attachment":[{"href":"https:\/\/7culture.ci\/index.php\/wp-json\/wp\/v2\/media?parent=20566"}],"wp:term":[{"taxonomy":"category","embeddable":true,"href":"https:\/\/7culture.ci\/index.php\/wp-json\/wp\/v2\/categories?post=20566"},{"taxonomy":"post_tag","embeddable":true,"href":"https:\/\/7culture.ci\/index.php\/wp-json\/wp\/v2\/tags?post=20566"}],"curies":[{"name":"wp","href":"https:\/\/api.w.org\/{rel}","templated":true}]}}