{"id":20546,"date":"2022-04-11T12:32:37","date_gmt":"2022-04-11T10:32:37","guid":{"rendered":"https:\/\/7culture.ci\/?p=20546"},"modified":"2022-04-11T19:24:26","modified_gmt":"2022-04-11T17:24:26","slug":"preselection-miss-ci-2022-samira-comara-soffre-la-couronne-de-liffou","status":"publish","type":"post","link":"https:\/\/7culture.ci\/index.php\/2022\/04\/11\/preselection-miss-ci-2022-samira-comara-soffre-la-couronne-de-liffou\/","title":{"rendered":"Pr\u00e9s\u00e9lection Miss CI 2022\u00a0: Samira Comara s\u2019offre la couronne de l\u2019Iffou"},"content":{"rendered":"\n<p>Samira Comara est d\u00e9sormais la Miss R\u00e9gion de l\u2019Iffou 2022. Elle a d\u00e9croch\u00e9 ce titre \u00e0 l\u2019issue d\u2019une pr\u00e9s\u00e9lection hippique disput\u00e9e le samedi 9 avril dernier \u00e0 l\u2019h\u00f4tel Pr\u00e9sident de Daoukro. Le passage avec brio de cette \u00e9tape, envoie directement cette \u00e9tudiante en licence 3 Finances de 22 ans \u00e0 la finale nationale de Miss C\u00f4te d\u2019Ivoire 2022. Miss Comara d\u00e9fendra les couleurs de r\u00e9gion avec sa 1<sup>e <\/sup>Dauphine Birame Sylla. Ag\u00e9e de 21 ans, Birame est \u00e9tudiante en licence 3 Marketing. Le podium de Miss R\u00e9gion de l\u2019Iffou est compl\u00e9t\u00e9 par Fatim Sana, 1m73 pour 21 ans. Elle est \u00e9tudiante en BTS Finances Comptabilit\u00e9. Malheureusement, Fatim Sana ne pourra pas participer \u00e0 la finale nationale de Miss C\u00f4te d\u2019Ivoire 2022 au titre de la r\u00e9gion de l\u2019Iffou.<\/p>\n\n\n\n<div class=\"wp-block-image\"><figure class=\"aligncenter size-full is-resized\"><img loading=\"lazy\" decoding=\"async\" src=\"https:\/\/7culture.ci\/wp-content\/uploads\/2022\/04\/Miss-Iffou1-09-04-22.jpeg\" alt=\"\" class=\"wp-image-20548\" width=\"599\" height=\"450\" srcset=\"https:\/\/7culture.ci\/wp-content\/uploads\/2022\/04\/Miss-Iffou1-09-04-22.jpeg 1024w, https:\/\/7culture.ci\/wp-content\/uploads\/2022\/04\/Miss-Iffou1-09-04-22-300x225.jpeg 300w, https:\/\/7culture.ci\/wp-content\/uploads\/2022\/04\/Miss-Iffou1-09-04-22-768x576.jpeg 768w\" sizes=\"(max-width: 599px) 100vw, 599px\" \/><\/figure><\/div>\n\n\n\n<p>Par Omar AK<\/p>\n","protected":false},"excerpt":{"rendered":"<p>Samira Comara est d\u00e9sormais la Miss R\u00e9gion de l\u2019Iffou 2022. Elle a d\u00e9croch\u00e9 ce titre \u00e0 l\u2019issue d\u2019une pr\u00e9s\u00e9lection hippique disput\u00e9e le samedi 9 avril dernier \u00e0 l\u2019h\u00f4tel Pr\u00e9sident de Daoukro. Le passage avec brio de cette \u00e9tape, envoie directement cette \u00e9tudiante en licence 3 Finances de 22 ans \u00e0 la finale nationale de Miss &hellip;<\/p>\n<p class=\"read-more\"> <a class=\"\" href=\"https:\/\/7culture.ci\/index.php\/2022\/04\/11\/preselection-miss-ci-2022-samira-comara-soffre-la-couronne-de-liffou\/\"> <span class=\"screen-reader-text\">Pr\u00e9s\u00e9lection Miss CI 2022\u00a0: Samira Comara s\u2019offre la couronne de l\u2019Iffou<\/span> Lire la suite\u00a0\u00bb<\/a><\/p>\n","protected":false},"author":1,"featured_media":20547,"comment_status":"open","ping_status":"open","sticky":false,"template":"","format":"standard","meta":{"_mi_skip_tracking":false,"_monsterinsights_sitenote_active":false,"_monsterinsights_sitenote_note":"","_monsterinsights_sitenote_category":0,"site-sidebar-layout":"default","site-content-layout":"default","ast-global-header-display":"","ast-main-header-display":"","ast-hfb-above-header-display":"","ast-hfb-below-header-display":"","ast-hfb-mobile-header-display":"","site-post-title":"","ast-breadcrumbs-content":"","ast-featured-img":"","footer-sml-layout":"","theme-transparent-header-meta":"","adv-header-id-meta":"","stick-header-meta":"","header-above-stick-meta":"","header-main-stick-meta":"","header-below-stick-meta":"","footnotes":"","jetpack_publicize_message":"","jetpack_is_tweetstorm":false,"jetpack_publicize_feature_enabled":true},"categories":[19],"tags":[],"jetpack_publicize_connections":[],"acf":[],"aioseo_notices":[],"yoast_head":"<!-- This site is optimized with the Yoast SEO plugin v19.6.1 - https:\/\/yoast.com\/wordpress\/plugins\/seo\/ -->\n<title>Pr\u00e9s\u00e9lection Miss CI 2022\u00a0: Samira Comara s\u2019offre la couronne de l\u2019Iffou -<\/title>\n<meta name=\"robots\" content=\"index, follow, max-snippet:-1, max-image-preview:large, max-video-preview:-1\" \/>\n<link rel=\"canonical\" href=\"https:\/\/7culture.ci\/index.php\/2022\/04\/11\/preselection-miss-ci-2022-samira-comara-soffre-la-couronne-de-liffou\/\" \/>\n<meta property=\"og:locale\" content=\"fr_FR\" \/>\n<meta property=\"og:type\" content=\"article\" \/>\n<meta property=\"og:title\" content=\"Pr\u00e9s\u00e9lection Miss CI 2022\u00a0: Samira Comara s\u2019offre la couronne de l\u2019Iffou -\" \/>\n<meta property=\"og:description\" content=\"Samira Comara est d\u00e9sormais la Miss R\u00e9gion de l\u2019Iffou 2022. Elle a d\u00e9croch\u00e9 ce titre \u00e0 l\u2019issue d\u2019une pr\u00e9s\u00e9lection hippique disput\u00e9e le samedi 9 avril dernier \u00e0 l\u2019h\u00f4tel Pr\u00e9sident de Daoukro. Le passage avec brio de cette \u00e9tape, envoie directement cette \u00e9tudiante en licence 3 Finances de 22 ans \u00e0 la finale nationale de Miss &hellip; Pr\u00e9s\u00e9lection Miss CI 2022\u00a0: Samira Comara s\u2019offre la couronne de l\u2019Iffou Lire la suite\u00a0\u00bb\" \/>\n<meta property=\"og:url\" content=\"https:\/\/7culture.ci\/index.php\/2022\/04\/11\/preselection-miss-ci-2022-samira-comara-soffre-la-couronne-de-liffou\/\" \/>\n<meta property=\"og:site_name\" content=\"7culture\" \/>\n<meta property=\"article:publisher\" content=\"https:\/\/www.facebook.com\/redchefclaude\" \/>\n<meta property=\"article:published_time\" content=\"2022-04-11T10:32:37+00:00\" \/>\n<meta property=\"article:modified_time\" content=\"2022-04-11T17:24:26+00:00\" \/>\n<meta property=\"og:image\" content=\"https:\/\/7culture.ci\/wp-content\/uploads\/2022\/04\/Miss-Iffou2-09-04-22.jpeg\" \/>\n\t<meta property=\"og:image:width\" content=\"720\" \/>\n\t<meta property=\"og:image:height\" content=\"540\" \/>\n\t<meta property=\"og:image:type\" content=\"image\/jpeg\" \/>\n<meta name=\"author\" content=\"7culture2020\" \/>\n<meta name=\"twitter:card\" content=\"summary_large_image\" \/>\n<meta name=\"twitter:creator\" content=\"@7culturec\" \/>\n<meta name=\"twitter:site\" content=\"@7culturec\" \/>\n<meta name=\"twitter:label1\" content=\"\u00c9crit par\" \/>\n\t<meta name=\"twitter:data1\" content=\"7culture2020\" \/>\n\t<meta name=\"twitter:label2\" content=\"Dur\u00e9e de lecture estim\u00e9e\" \/>\n\t<meta name=\"twitter:data2\" content=\"1 minute\" \/>\n<script type=\"application\/ld+json\" class=\"yoast-schema-graph\">{\"@context\":\"https:\/\/schema.org\",\"@graph\":[{\"@type\":\"Article\",\"@id\":\"https:\/\/7culture.ci\/index.php\/2022\/04\/11\/preselection-miss-ci-2022-samira-comara-soffre-la-couronne-de-liffou\/#article\",\"isPartOf\":{\"@id\":\"https:\/\/7culture.ci\/index.php\/2022\/04\/11\/preselection-miss-ci-2022-samira-comara-soffre-la-couronne-de-liffou\/\"},\"author\":{\"name\":\"7culture2020\",\"@id\":\"https:\/\/7culture.ci\/#\/schema\/person\/16150d28d7ef66ba788c1f87f28c4426\"},\"headline\":\"Pr\u00e9s\u00e9lection Miss CI 2022\u00a0: Samira Comara s\u2019offre la couronne de l\u2019Iffou\",\"datePublished\":\"2022-04-11T10:32:37+00:00\",\"dateModified\":\"2022-04-11T17:24:26+00:00\",\"mainEntityOfPage\":{\"@id\":\"https:\/\/7culture.ci\/index.php\/2022\/04\/11\/preselection-miss-ci-2022-samira-comara-soffre-la-couronne-de-liffou\/\"},\"wordCount\":156,\"commentCount\":0,\"publisher\":{\"@id\":\"https:\/\/7culture.ci\/#organization\"},\"articleSection\":[\"Beaut\u00e9\"],\"inLanguage\":\"fr-FR\",\"potentialAction\":[{\"@type\":\"CommentAction\",\"name\":\"Comment\",\"target\":[\"https:\/\/7culture.ci\/index.php\/2022\/04\/11\/preselection-miss-ci-2022-samira-comara-soffre-la-couronne-de-liffou\/#respond\"]}]},{\"@type\":\"WebPage\",\"@id\":\"https:\/\/7culture.ci\/index.php\/2022\/04\/11\/preselection-miss-ci-2022-samira-comara-soffre-la-couronne-de-liffou\/\",\"url\":\"https:\/\/7culture.ci\/index.php\/2022\/04\/11\/preselection-miss-ci-2022-samira-comara-soffre-la-couronne-de-liffou\/\",\"name\":\"Pr\u00e9s\u00e9lection Miss CI 2022\u00a0: Samira Comara s\u2019offre la couronne de l\u2019Iffou -\",\"isPartOf\":{\"@id\":\"https:\/\/7culture.ci\/#website\"},\"datePublished\":\"2022-04-11T10:32:37+00:00\",\"dateModified\":\"2022-04-11T17:24:26+00:00\",\"breadcrumb\":{\"@id\":\"https:\/\/7culture.ci\/index.php\/2022\/04\/11\/preselection-miss-ci-2022-samira-comara-soffre-la-couronne-de-liffou\/#breadcrumb\"},\"inLanguage\":\"fr-FR\",\"potentialAction\":[{\"@type\":\"ReadAction\",\"target\":[\"https:\/\/7culture.ci\/index.php\/2022\/04\/11\/preselection-miss-ci-2022-samira-comara-soffre-la-couronne-de-liffou\/\"]}]},{\"@type\":\"BreadcrumbList\",\"@id\":\"https:\/\/7culture.ci\/index.php\/2022\/04\/11\/preselection-miss-ci-2022-samira-comara-soffre-la-couronne-de-liffou\/#breadcrumb\",\"itemListElement\":[{\"@type\":\"ListItem\",\"position\":1,\"name\":\"Accueil\",\"item\":\"https:\/\/7culture.ci\/\"},{\"@type\":\"ListItem\",\"position\":2,\"name\":\"Pr\u00e9s\u00e9lection Miss CI 2022\u00a0: Samira Comara s\u2019offre la couronne de l\u2019Iffou\"}]},{\"@type\":\"WebSite\",\"@id\":\"https:\/\/7culture.ci\/#website\",\"url\":\"https:\/\/7culture.ci\/\",\"name\":\"7culture\",\"description\":\"Tout sur l&#039;actualit\u00e9\",\"publisher\":{\"@id\":\"https:\/\/7culture.ci\/#organization\"},\"potentialAction\":[{\"@type\":\"SearchAction\",\"target\":{\"@type\":\"EntryPoint\",\"urlTemplate\":\"https:\/\/7culture.ci\/?s={search_term_string}\"},\"query-input\":\"required name=search_term_string\"}],\"inLanguage\":\"fr-FR\"},{\"@type\":\"Organization\",\"@id\":\"https:\/\/7culture.ci\/#organization\",\"name\":\"7culture\",\"url\":\"https:\/\/7culture.ci\/\",\"sameAs\":[\"https:\/\/www.facebook.com\/redchefclaude\",\"https:\/\/twitter.com\/7culturec\"],\"logo\":{\"@type\":\"ImageObject\",\"inLanguage\":\"fr-FR\",\"@id\":\"https:\/\/7culture.ci\/#\/schema\/logo\/image\/\",\"url\":\"https:\/\/7culture.ci\/wp-content\/uploads\/2021\/12\/S1a-1.png\",\"contentUrl\":\"https:\/\/7culture.ci\/wp-content\/uploads\/2021\/12\/S1a-1.png\",\"width\":588,\"height\":192,\"caption\":\"7culture\"},\"image\":{\"@id\":\"https:\/\/7culture.ci\/#\/schema\/logo\/image\/\"}},{\"@type\":\"Person\",\"@id\":\"https:\/\/7culture.ci\/#\/schema\/person\/16150d28d7ef66ba788c1f87f28c4426\",\"name\":\"7culture2020\",\"image\":{\"@type\":\"ImageObject\",\"inLanguage\":\"fr-FR\",\"@id\":\"https:\/\/7culture.ci\/#\/schema\/person\/image\/\",\"url\":\"https:\/\/secure.gravatar.com\/avatar\/9a0784f951306c37bcd065f52844ef95?s=96&d=mm&r=g\",\"contentUrl\":\"https:\/\/secure.gravatar.com\/avatar\/9a0784f951306c37bcd065f52844ef95?s=96&d=mm&r=g\",\"caption\":\"7culture2020\"},\"sameAs\":[\"http:\/\/7culture.ci\",\"Claude.kipre\"],\"url\":\"https:\/\/7culture.ci\/index.php\/author\/7culture2020\/\"}]}<\/script>\n<!-- \/ Yoast SEO plugin. -->","yoast_head_json":{"title":"Pr\u00e9s\u00e9lection Miss CI 2022\u00a0: Samira Comara s\u2019offre la couronne de l\u2019Iffou -","robots":{"index":"index","follow":"follow","max-snippet":"max-snippet:-1","max-image-preview":"max-image-preview:large","max-video-preview":"max-video-preview:-1"},"canonical":"https:\/\/7culture.ci\/index.php\/2022\/04\/11\/preselection-miss-ci-2022-samira-comara-soffre-la-couronne-de-liffou\/","og_locale":"fr_FR","og_type":"article","og_title":"Pr\u00e9s\u00e9lection Miss CI 2022\u00a0: Samira Comara s\u2019offre la couronne de l\u2019Iffou -","og_description":"Samira Comara est d\u00e9sormais la Miss R\u00e9gion de l\u2019Iffou 2022. Elle a d\u00e9croch\u00e9 ce titre \u00e0 l\u2019issue d\u2019une pr\u00e9s\u00e9lection hippique disput\u00e9e le samedi 9 avril dernier \u00e0 l\u2019h\u00f4tel Pr\u00e9sident de Daoukro. Le passage avec brio de cette \u00e9tape, envoie directement cette \u00e9tudiante en licence 3 Finances de 22 ans \u00e0 la finale nationale de Miss &hellip; Pr\u00e9s\u00e9lection Miss CI 2022\u00a0: Samira Comara s\u2019offre la couronne de l\u2019Iffou Lire la suite\u00a0\u00bb","og_url":"https:\/\/7culture.ci\/index.php\/2022\/04\/11\/preselection-miss-ci-2022-samira-comara-soffre-la-couronne-de-liffou\/","og_site_name":"7culture","article_publisher":"https:\/\/www.facebook.com\/redchefclaude","article_published_time":"2022-04-11T10:32:37+00:00","article_modified_time":"2022-04-11T17:24:26+00:00","og_image":[{"width":720,"height":540,"url":"https:\/\/7culture.ci\/wp-content\/uploads\/2022\/04\/Miss-Iffou2-09-04-22.jpeg","type":"image\/jpeg"}],"author":"7culture2020","twitter_card":"summary_large_image","twitter_creator":"@7culturec","twitter_site":"@7culturec","twitter_misc":{"\u00c9crit par":"7culture2020","Dur\u00e9e de lecture estim\u00e9e":"1 minute"},"schema":{"@context":"https:\/\/schema.org","@graph":[{"@type":"Article","@id":"https:\/\/7culture.ci\/index.php\/2022\/04\/11\/preselection-miss-ci-2022-samira-comara-soffre-la-couronne-de-liffou\/#article","isPartOf":{"@id":"https:\/\/7culture.ci\/index.php\/2022\/04\/11\/preselection-miss-ci-2022-samira-comara-soffre-la-couronne-de-liffou\/"},"author":{"name":"7culture2020","@id":"https:\/\/7culture.ci\/#\/schema\/person\/16150d28d7ef66ba788c1f87f28c4426"},"headline":"Pr\u00e9s\u00e9lection Miss CI 2022\u00a0: Samira Comara s\u2019offre la couronne de l\u2019Iffou","datePublished":"2022-04-11T10:32:37+00:00","dateModified":"2022-04-11T17:24:26+00:00","mainEntityOfPage":{"@id":"https:\/\/7culture.ci\/index.php\/2022\/04\/11\/preselection-miss-ci-2022-samira-comara-soffre-la-couronne-de-liffou\/"},"wordCount":156,"commentCount":0,"publisher":{"@id":"https:\/\/7culture.ci\/#organization"},"articleSection":["Beaut\u00e9"],"inLanguage":"fr-FR","potentialAction":[{"@type":"CommentAction","name":"Comment","target":["https:\/\/7culture.ci\/index.php\/2022\/04\/11\/preselection-miss-ci-2022-samira-comara-soffre-la-couronne-de-liffou\/#respond"]}]},{"@type":"WebPage","@id":"https:\/\/7culture.ci\/index.php\/2022\/04\/11\/preselection-miss-ci-2022-samira-comara-soffre-la-couronne-de-liffou\/","url":"https:\/\/7culture.ci\/index.php\/2022\/04\/11\/preselection-miss-ci-2022-samira-comara-soffre-la-couronne-de-liffou\/","name":"Pr\u00e9s\u00e9lection Miss CI 2022\u00a0: Samira Comara s\u2019offre la couronne de l\u2019Iffou -","isPartOf":{"@id":"https:\/\/7culture.ci\/#website"},"datePublished":"2022-04-11T10:32:37+00:00","dateModified":"2022-04-11T17:24:26+00:00","breadcrumb":{"@id":"https:\/\/7culture.ci\/index.php\/2022\/04\/11\/preselection-miss-ci-2022-samira-comara-soffre-la-couronne-de-liffou\/#breadcrumb"},"inLanguage":"fr-FR","potentialAction":[{"@type":"ReadAction","target":["https:\/\/7culture.ci\/index.php\/2022\/04\/11\/preselection-miss-ci-2022-samira-comara-soffre-la-couronne-de-liffou\/"]}]},{"@type":"BreadcrumbList","@id":"https:\/\/7culture.ci\/index.php\/2022\/04\/11\/preselection-miss-ci-2022-samira-comara-soffre-la-couronne-de-liffou\/#breadcrumb","itemListElement":[{"@type":"ListItem","position":1,"name":"Accueil","item":"https:\/\/7culture.ci\/"},{"@type":"ListItem","position":2,"name":"Pr\u00e9s\u00e9lection Miss CI 2022\u00a0: Samira Comara s\u2019offre la couronne de l\u2019Iffou"}]},{"@type":"WebSite","@id":"https:\/\/7culture.ci\/#website","url":"https:\/\/7culture.ci\/","name":"7culture","description":"Tout sur l&#039;actualit\u00e9","publisher":{"@id":"https:\/\/7culture.ci\/#organization"},"potentialAction":[{"@type":"SearchAction","target":{"@type":"EntryPoint","urlTemplate":"https:\/\/7culture.ci\/?s={search_term_string}"},"query-input":"required name=search_term_string"}],"inLanguage":"fr-FR"},{"@type":"Organization","@id":"https:\/\/7culture.ci\/#organization","name":"7culture","url":"https:\/\/7culture.ci\/","sameAs":["https:\/\/www.facebook.com\/redchefclaude","https:\/\/twitter.com\/7culturec"],"logo":{"@type":"ImageObject","inLanguage":"fr-FR","@id":"https:\/\/7culture.ci\/#\/schema\/logo\/image\/","url":"https:\/\/7culture.ci\/wp-content\/uploads\/2021\/12\/S1a-1.png","contentUrl":"https:\/\/7culture.ci\/wp-content\/uploads\/2021\/12\/S1a-1.png","width":588,"height":192,"caption":"7culture"},"image":{"@id":"https:\/\/7culture.ci\/#\/schema\/logo\/image\/"}},{"@type":"Person","@id":"https:\/\/7culture.ci\/#\/schema\/person\/16150d28d7ef66ba788c1f87f28c4426","name":"7culture2020","image":{"@type":"ImageObject","inLanguage":"fr-FR","@id":"https:\/\/7culture.ci\/#\/schema\/person\/image\/","url":"https:\/\/secure.gravatar.com\/avatar\/9a0784f951306c37bcd065f52844ef95?s=96&d=mm&r=g","contentUrl":"https:\/\/secure.gravatar.com\/avatar\/9a0784f951306c37bcd065f52844ef95?s=96&d=mm&r=g","caption":"7culture2020"},"sameAs":["http:\/\/7culture.ci","Claude.kipre"],"url":"https:\/\/7culture.ci\/index.php\/author\/7culture2020\/"}]}},"jetpack_featured_media_url":"https:\/\/7culture.ci\/wp-content\/uploads\/2022\/04\/Miss-Iffou2-09-04-22.jpeg","jetpack_likes_enabled":true,"jetpack_sharing_enabled":true,"_links":{"self":[{"href":"https:\/\/7culture.ci\/index.php\/wp-json\/wp\/v2\/posts\/20546"}],"collection":[{"href":"https:\/\/7culture.ci\/index.php\/wp-json\/wp\/v2\/posts"}],"about":[{"href":"https:\/\/7culture.ci\/index.php\/wp-json\/wp\/v2\/types\/post"}],"author":[{"embeddable":true,"href":"https:\/\/7culture.ci\/index.php\/wp-json\/wp\/v2\/users\/1"}],"replies":[{"embeddable":true,"href":"https:\/\/7culture.ci\/index.php\/wp-json\/wp\/v2\/comments?post=20546"}],"version-history":[{"count":0,"href":"https:\/\/7culture.ci\/index.php\/wp-json\/wp\/v2\/posts\/20546\/revisions"}],"wp:featuredmedia":[{"embeddable":true,"href":"https:\/\/7culture.ci\/index.php\/wp-json\/wp\/v2\/media\/20547"}],"wp:attachment":[{"href":"https:\/\/7culture.ci\/index.php\/wp-json\/wp\/v2\/media?parent=20546"}],"wp:term":[{"taxonomy":"category","embeddable":true,"href":"https:\/\/7culture.ci\/index.php\/wp-json\/wp\/v2\/categories?post=20546"},{"taxonomy":"post_tag","embeddable":true,"href":"https:\/\/7culture.ci\/index.php\/wp-json\/wp\/v2\/tags?post=20546"}],"curies":[{"name":"wp","href":"https:\/\/api.w.org\/{rel}","templated":true}]}}