{"id":20533,"date":"2022-04-08T16:52:12","date_gmt":"2022-04-08T14:52:12","guid":{"rendered":"https:\/\/7culture.ci\/?p=20533"},"modified":"2022-04-08T19:15:18","modified_gmt":"2022-04-08T17:15:18","slug":"show-a-paris-ben-perez-annonce-les-couleurs-de-lete-prochain","status":"publish","type":"post","link":"https:\/\/7culture.ci\/index.php\/2022\/04\/08\/show-a-paris-ben-perez-annonce-les-couleurs-de-lete-prochain\/","title":{"rendered":"Show \u00e0 Paris\u00a0: Ben Perez annonce les couleurs de l\u2019\u00e9t\u00e9 prochain"},"content":{"rendered":"\n<p><strong><em>L\u2019\u00e9t\u00e9 2022 s\u2019annonce tr\u00e8s show \u00e0 Paris. Et ce n\u2019est pas Ben Perez qui dira le contraire&nbsp;! Celui que le Tout-Paris appelle la \u2018\u2019Fl\u00e8che Bleue\u2019\u2019 a initi\u00e9 une rencontre par visioconf\u00e9rence, le lundi 4 avril 2022, pour annoncer les couleurs de ses soir\u00e9es dansantes.<\/em><\/strong><\/p>\n\n\n\n<p>Au cours de cette rencontre, l\u2019organisateur de shows in\u00e9dits a indiqu\u00e9 que sa vie est intimement li\u00e9e \u00e0 celle de l\u2019histoire de la nuit parisienne. Depuis plus de 10 ans, cette figure des discoth\u00e8ques de la capitale fran\u00e7aise est l\u2019une des personnes les plus respect\u00e9es dans ce petit milieu. Ainsi, arrive-t-il \u00e0 r\u00e9unir des m\u00e9lomanes et la cr\u00e8me des stars de la capitale fran\u00e7aise. \u00ab <strong><em>Des clubs des capitales europ\u00e9ennes et leurs associ\u00e9s m\u2019invitent pour des soir\u00e9es sponsoris\u00e9es. Mon talent m\u2019a permis de faire danser des m\u00e9lomanes et des personnes de renom. La soir\u00e9e est un tel succ\u00e8s que Neymar, Michael Jordan ou encore Kylian M\u2019Bapp\u00e9 y ont d\u00e9j\u00e0 pass\u00e9 des nuits folles<\/em><\/strong> \u00bb, a-t-il confi\u00e9.<\/p>\n\n\n\n<p>En parall\u00e8le de ses activit\u00e9s \u00e0 Paris, Ben ne ch\u00f4me pas puisqu\u2019il passe ses \u00e9t\u00e9s \u00e0 organiser des soir\u00e9es de plusieurs milliers de personnes chaque \u00e9t\u00e9 \u00e0 Tel Aviv. \u00ab <strong><em>G\u00e9rant des clubs les plus grands et les plus prestigieux de la ville blanche, je parviens \u00e0 faire venir plusieurs fois par an des artistes fran\u00e7ais et internationaux \u00e0 mes soir\u00e9es qui ont connu de grands succ\u00e8s<\/em><\/strong> \u00bb, a d\u00e9clar\u00e9 Ben Perez.<\/p>\n\n\n\n<div class=\"wp-block-image\"><figure class=\"aligncenter size-large is-resized\"><img loading=\"lazy\" decoding=\"async\" src=\"https:\/\/7culture.ci\/wp-content\/uploads\/2022\/04\/WhatsApp-Image-2022-04-07-at-17.54.00-1024x910.jpeg\" alt=\"\" class=\"wp-image-20535\" width=\"559\" height=\"497\" srcset=\"https:\/\/7culture.ci\/wp-content\/uploads\/2022\/04\/WhatsApp-Image-2022-04-07-at-17.54.00-1024x910.jpeg 1024w, https:\/\/7culture.ci\/wp-content\/uploads\/2022\/04\/WhatsApp-Image-2022-04-07-at-17.54.00-300x266.jpeg 300w, https:\/\/7culture.ci\/wp-content\/uploads\/2022\/04\/WhatsApp-Image-2022-04-07-at-17.54.00-768x682.jpeg 768w, https:\/\/7culture.ci\/wp-content\/uploads\/2022\/04\/WhatsApp-Image-2022-04-07-at-17.54.00.jpeg 1440w\" sizes=\"(max-width: 559px) 100vw, 559px\" \/><\/figure><\/div>\n\n\n\n<p><strong>Ben Perez, un artiste qui a plusieurs cordes \u00e0 son arc<\/strong><\/p>\n\n\n\n<p>En plus d\u2019assurer, les soir\u00e9es dansantes et leur bonne tenue, Ben s\u2019occupe \u00e9galement des partenariats avec les artistes et leurs managers. Ainsi, il a tiss\u00e9 des relations avec certains d\u2019entre eux. C\u2019est d\u2019ailleurs ce sens du relationnel, cette sensibilit\u00e9 et sa sympathie qui ont fait sa marque de fabrique et lui ont permis d\u2019\u00eatre appr\u00e9ci\u00e9 par tout l\u2019hexagone. \u00ab <strong><em>J\u2019ai d\u00e9but\u00e9 ma carri\u00e8re \u00e0 l\u2019\u00e2ge de 18 ans, quand j\u2019ai repris la gestion du Palais Maillot \u00e0 l\u2019ouverture du club. \u00c0 tour de r\u00f4le, Rihanna, les Pussycat Dolls ou Chris Brown sont venus faire leurs afters shows dans la discoth\u00e8que<\/em><\/strong> \u00bb, a-t-il indiqu\u00e9.<\/p>\n\n\n\n<figure class=\"wp-block-gallery has-nested-images columns-default is-cropped wp-block-gallery-1 is-layout-flex wp-block-gallery-is-layout-flex\">\n<figure class=\"wp-block-image size-large\"><img loading=\"lazy\" decoding=\"async\" width=\"819\" height=\"1024\" data-id=\"20536\" src=\"https:\/\/7culture.ci\/wp-content\/uploads\/2022\/04\/WhatsApp-Image-2022-04-07-at-17.54.00-1-819x1024.jpeg\" alt=\"\" class=\"wp-image-20536\" srcset=\"https:\/\/7culture.ci\/wp-content\/uploads\/2022\/04\/WhatsApp-Image-2022-04-07-at-17.54.00-1-819x1024.jpeg 819w, https:\/\/7culture.ci\/wp-content\/uploads\/2022\/04\/WhatsApp-Image-2022-04-07-at-17.54.00-1-240x300.jpeg 240w, https:\/\/7culture.ci\/wp-content\/uploads\/2022\/04\/WhatsApp-Image-2022-04-07-at-17.54.00-1-768x960.jpeg 768w, https:\/\/7culture.ci\/wp-content\/uploads\/2022\/04\/WhatsApp-Image-2022-04-07-at-17.54.00-1.jpeg 1200w\" sizes=\"(max-width: 819px) 100vw, 819px\" \/><\/figure>\n\n\n\n<figure class=\"wp-block-image size-large\"><img loading=\"lazy\" decoding=\"async\" width=\"819\" height=\"1024\" data-id=\"20537\" src=\"https:\/\/7culture.ci\/wp-content\/uploads\/2022\/04\/WhatsApp-Image-2022-04-07-at-17.54.01-2-819x1024.jpeg\" alt=\"\" class=\"wp-image-20537\" srcset=\"https:\/\/7culture.ci\/wp-content\/uploads\/2022\/04\/WhatsApp-Image-2022-04-07-at-17.54.01-2-819x1024.jpeg 819w, https:\/\/7culture.ci\/wp-content\/uploads\/2022\/04\/WhatsApp-Image-2022-04-07-at-17.54.01-2-240x300.jpeg 240w, https:\/\/7culture.ci\/wp-content\/uploads\/2022\/04\/WhatsApp-Image-2022-04-07-at-17.54.01-2-768x961.jpeg 768w, https:\/\/7culture.ci\/wp-content\/uploads\/2022\/04\/WhatsApp-Image-2022-04-07-at-17.54.01-2-1228x1536.jpeg 1228w, https:\/\/7culture.ci\/wp-content\/uploads\/2022\/04\/WhatsApp-Image-2022-04-07-at-17.54.01-2.jpeg 1279w\" sizes=\"(max-width: 819px) 100vw, 819px\" \/><\/figure>\n<\/figure>\n\n\n\n<p><strong>Un acteur incontournable dans le showbiz fran\u00e7ais<\/strong><\/p>\n\n\n\n<p>Apr\u00e8s 3 ann\u00e9es couronn\u00e9es de succ\u00e8s, Ben Perez a cr\u00e9\u00e9 sa propre discoth\u00e8que o\u00f9 il a redonn\u00e9 ses lettres de noblesse \u00e0 ce lieu au quartier de Ponthieu longtemps d\u00e9laiss\u00e9 par les Parisiens. Gr\u00e2ce \u00e0 son talent pour cr\u00e9er des univers, des concepts, mais aussi par son carnet d\u2019adresses rempli, Ben fait de l\u2019Aristo, le lieu le plus branch\u00e9 de Paris. Apr\u00e8s quelques belles saisons \u00e0 l\u2019Aristo, il s\u2019est lanc\u00e9 dans les soir\u00e9es au Hobo. \u00ab <strong><em>Quand j\u2019ai repris les r\u00eanes de ce lieu, j\u2019ai fait de cet endroit m\u00e9connu un lieu branch\u00e9 o\u00f9 s\u2019aventurent les amateurs de rap et hip-hop. \u00c0 ce jour, aucune soir\u00e9e n\u2019a rapport\u00e9 autant que les soir\u00e9es organis\u00e9es par les deux \u00e0 leur \u00e9poque<\/em><\/strong> \u00bb, a-t-il dit.<\/p>\n\n\n\n<p>Avec SerCom<\/p>\n","protected":false},"excerpt":{"rendered":"<p>L\u2019\u00e9t\u00e9 2022 s\u2019annonce tr\u00e8s show \u00e0 Paris. Et ce n\u2019est pas Ben Perez qui dira le contraire&nbsp;! Celui que le Tout-Paris appelle la \u2018\u2019Fl\u00e8che Bleue\u2019\u2019 a initi\u00e9 une rencontre par visioconf\u00e9rence, le lundi 4 avril 2022, pour annoncer les couleurs de ses soir\u00e9es dansantes. Au cours de cette rencontre, l\u2019organisateur de shows in\u00e9dits a indiqu\u00e9 &hellip;<\/p>\n<p class=\"read-more\"> <a class=\"\" href=\"https:\/\/7culture.ci\/index.php\/2022\/04\/08\/show-a-paris-ben-perez-annonce-les-couleurs-de-lete-prochain\/\"> <span class=\"screen-reader-text\">Show \u00e0 Paris\u00a0: Ben Perez annonce les couleurs de l\u2019\u00e9t\u00e9 prochain<\/span> Lire la suite\u00a0\u00bb<\/a><\/p>\n","protected":false},"author":1,"featured_media":20534,"comment_status":"open","ping_status":"open","sticky":false,"template":"","format":"standard","meta":{"_mi_skip_tracking":false,"_monsterinsights_sitenote_active":false,"_monsterinsights_sitenote_note":"","_monsterinsights_sitenote_category":0,"site-sidebar-layout":"default","site-content-layout":"default","ast-global-header-display":"","ast-main-header-display":"","ast-hfb-above-header-display":"","ast-hfb-below-header-display":"","ast-hfb-mobile-header-display":"","site-post-title":"","ast-breadcrumbs-content":"","ast-featured-img":"","footer-sml-layout":"","theme-transparent-header-meta":"","adv-header-id-meta":"","stick-header-meta":"","header-above-stick-meta":"","header-main-stick-meta":"","header-below-stick-meta":"","footnotes":"","jetpack_publicize_message":"","jetpack_is_tweetstorm":false,"jetpack_publicize_feature_enabled":true},"categories":[16],"tags":[],"jetpack_publicize_connections":[],"acf":[],"aioseo_notices":[],"yoast_head":"<!-- This site is optimized with the Yoast SEO plugin v19.6.1 - https:\/\/yoast.com\/wordpress\/plugins\/seo\/ -->\n<title>Show \u00e0 Paris\u00a0: Ben Perez annonce les couleurs de l\u2019\u00e9t\u00e9 prochain -<\/title>\n<meta name=\"robots\" content=\"index, follow, max-snippet:-1, max-image-preview:large, max-video-preview:-1\" \/>\n<link rel=\"canonical\" href=\"https:\/\/7culture.ci\/index.php\/2022\/04\/08\/show-a-paris-ben-perez-annonce-les-couleurs-de-lete-prochain\/\" \/>\n<meta property=\"og:locale\" content=\"fr_FR\" \/>\n<meta property=\"og:type\" content=\"article\" \/>\n<meta property=\"og:title\" content=\"Show \u00e0 Paris\u00a0: Ben Perez annonce les couleurs de l\u2019\u00e9t\u00e9 prochain -\" \/>\n<meta property=\"og:description\" content=\"L\u2019\u00e9t\u00e9 2022 s\u2019annonce tr\u00e8s show \u00e0 Paris. Et ce n\u2019est pas Ben Perez qui dira le contraire&nbsp;! Celui que le Tout-Paris appelle la \u2018\u2019Fl\u00e8che Bleue\u2019\u2019 a initi\u00e9 une rencontre par visioconf\u00e9rence, le lundi 4 avril 2022, pour annoncer les couleurs de ses soir\u00e9es dansantes. Au cours de cette rencontre, l\u2019organisateur de shows in\u00e9dits a indiqu\u00e9 &hellip; Show \u00e0 Paris\u00a0: Ben Perez annonce les couleurs de l\u2019\u00e9t\u00e9 prochain Lire la suite\u00a0\u00bb\" \/>\n<meta property=\"og:url\" content=\"https:\/\/7culture.ci\/index.php\/2022\/04\/08\/show-a-paris-ben-perez-annonce-les-couleurs-de-lete-prochain\/\" \/>\n<meta property=\"og:site_name\" content=\"7culture\" \/>\n<meta property=\"article:publisher\" content=\"https:\/\/www.facebook.com\/redchefclaude\" \/>\n<meta property=\"article:published_time\" content=\"2022-04-08T14:52:12+00:00\" \/>\n<meta property=\"article:modified_time\" content=\"2022-04-08T17:15:18+00:00\" \/>\n<meta property=\"og:image\" content=\"http:\/\/7culture.ci\/wp-content\/uploads\/2022\/04\/WhatsApp-Image-2022-04-07-at-17.54.01.jpeg\" \/>\n\t<meta property=\"og:image:width\" content=\"1440\" \/>\n\t<meta property=\"og:image:height\" content=\"960\" \/>\n\t<meta property=\"og:image:type\" content=\"image\/jpeg\" \/>\n<meta name=\"author\" content=\"7culture2020\" \/>\n<meta name=\"twitter:card\" content=\"summary_large_image\" \/>\n<meta name=\"twitter:creator\" content=\"@7culturec\" \/>\n<meta name=\"twitter:site\" content=\"@7culturec\" \/>\n<meta name=\"twitter:label1\" content=\"\u00c9crit par\" \/>\n\t<meta name=\"twitter:data1\" content=\"7culture2020\" \/>\n\t<meta name=\"twitter:label2\" content=\"Dur\u00e9e de lecture estim\u00e9e\" \/>\n\t<meta name=\"twitter:data2\" content=\"4 minutes\" \/>\n<script type=\"application\/ld+json\" class=\"yoast-schema-graph\">{\"@context\":\"https:\/\/schema.org\",\"@graph\":[{\"@type\":\"Article\",\"@id\":\"https:\/\/7culture.ci\/index.php\/2022\/04\/08\/show-a-paris-ben-perez-annonce-les-couleurs-de-lete-prochain\/#article\",\"isPartOf\":{\"@id\":\"https:\/\/7culture.ci\/index.php\/2022\/04\/08\/show-a-paris-ben-perez-annonce-les-couleurs-de-lete-prochain\/\"},\"author\":{\"name\":\"7culture2020\",\"@id\":\"https:\/\/7culture.ci\/#\/schema\/person\/16150d28d7ef66ba788c1f87f28c4426\"},\"headline\":\"Show \u00e0 Paris\u00a0: Ben Perez annonce les couleurs de l\u2019\u00e9t\u00e9 prochain\",\"datePublished\":\"2022-04-08T14:52:12+00:00\",\"dateModified\":\"2022-04-08T17:15:18+00:00\",\"mainEntityOfPage\":{\"@id\":\"https:\/\/7culture.ci\/index.php\/2022\/04\/08\/show-a-paris-ben-perez-annonce-les-couleurs-de-lete-prochain\/\"},\"wordCount\":540,\"commentCount\":0,\"publisher\":{\"@id\":\"https:\/\/7culture.ci\/#organization\"},\"articleSection\":[\"Musique\"],\"inLanguage\":\"fr-FR\",\"potentialAction\":[{\"@type\":\"CommentAction\",\"name\":\"Comment\",\"target\":[\"https:\/\/7culture.ci\/index.php\/2022\/04\/08\/show-a-paris-ben-perez-annonce-les-couleurs-de-lete-prochain\/#respond\"]}]},{\"@type\":\"WebPage\",\"@id\":\"https:\/\/7culture.ci\/index.php\/2022\/04\/08\/show-a-paris-ben-perez-annonce-les-couleurs-de-lete-prochain\/\",\"url\":\"https:\/\/7culture.ci\/index.php\/2022\/04\/08\/show-a-paris-ben-perez-annonce-les-couleurs-de-lete-prochain\/\",\"name\":\"Show \u00e0 Paris\u00a0: Ben Perez annonce les couleurs de l\u2019\u00e9t\u00e9 prochain -\",\"isPartOf\":{\"@id\":\"https:\/\/7culture.ci\/#website\"},\"datePublished\":\"2022-04-08T14:52:12+00:00\",\"dateModified\":\"2022-04-08T17:15:18+00:00\",\"breadcrumb\":{\"@id\":\"https:\/\/7culture.ci\/index.php\/2022\/04\/08\/show-a-paris-ben-perez-annonce-les-couleurs-de-lete-prochain\/#breadcrumb\"},\"inLanguage\":\"fr-FR\",\"potentialAction\":[{\"@type\":\"ReadAction\",\"target\":[\"https:\/\/7culture.ci\/index.php\/2022\/04\/08\/show-a-paris-ben-perez-annonce-les-couleurs-de-lete-prochain\/\"]}]},{\"@type\":\"BreadcrumbList\",\"@id\":\"https:\/\/7culture.ci\/index.php\/2022\/04\/08\/show-a-paris-ben-perez-annonce-les-couleurs-de-lete-prochain\/#breadcrumb\",\"itemListElement\":[{\"@type\":\"ListItem\",\"position\":1,\"name\":\"Accueil\",\"item\":\"https:\/\/7culture.ci\/\"},{\"@type\":\"ListItem\",\"position\":2,\"name\":\"Show \u00e0 Paris\u00a0: Ben Perez annonce les couleurs de l\u2019\u00e9t\u00e9 prochain\"}]},{\"@type\":\"WebSite\",\"@id\":\"https:\/\/7culture.ci\/#website\",\"url\":\"https:\/\/7culture.ci\/\",\"name\":\"7culture\",\"description\":\"Tout sur l&#039;actualit\u00e9\",\"publisher\":{\"@id\":\"https:\/\/7culture.ci\/#organization\"},\"potentialAction\":[{\"@type\":\"SearchAction\",\"target\":{\"@type\":\"EntryPoint\",\"urlTemplate\":\"https:\/\/7culture.ci\/?s={search_term_string}\"},\"query-input\":\"required name=search_term_string\"}],\"inLanguage\":\"fr-FR\"},{\"@type\":\"Organization\",\"@id\":\"https:\/\/7culture.ci\/#organization\",\"name\":\"7culture\",\"url\":\"https:\/\/7culture.ci\/\",\"sameAs\":[\"https:\/\/www.facebook.com\/redchefclaude\",\"https:\/\/twitter.com\/7culturec\"],\"logo\":{\"@type\":\"ImageObject\",\"inLanguage\":\"fr-FR\",\"@id\":\"https:\/\/7culture.ci\/#\/schema\/logo\/image\/\",\"url\":\"https:\/\/7culture.ci\/wp-content\/uploads\/2021\/12\/S1a-1.png\",\"contentUrl\":\"https:\/\/7culture.ci\/wp-content\/uploads\/2021\/12\/S1a-1.png\",\"width\":588,\"height\":192,\"caption\":\"7culture\"},\"image\":{\"@id\":\"https:\/\/7culture.ci\/#\/schema\/logo\/image\/\"}},{\"@type\":\"Person\",\"@id\":\"https:\/\/7culture.ci\/#\/schema\/person\/16150d28d7ef66ba788c1f87f28c4426\",\"name\":\"7culture2020\",\"image\":{\"@type\":\"ImageObject\",\"inLanguage\":\"fr-FR\",\"@id\":\"https:\/\/7culture.ci\/#\/schema\/person\/image\/\",\"url\":\"https:\/\/secure.gravatar.com\/avatar\/9a0784f951306c37bcd065f52844ef95?s=96&d=mm&r=g\",\"contentUrl\":\"https:\/\/secure.gravatar.com\/avatar\/9a0784f951306c37bcd065f52844ef95?s=96&d=mm&r=g\",\"caption\":\"7culture2020\"},\"sameAs\":[\"http:\/\/7culture.ci\",\"Claude.kipre\"],\"url\":\"https:\/\/7culture.ci\/index.php\/author\/7culture2020\/\"}]}<\/script>\n<!-- \/ Yoast SEO plugin. -->","yoast_head_json":{"title":"Show \u00e0 Paris\u00a0: Ben Perez annonce les couleurs de l\u2019\u00e9t\u00e9 prochain -","robots":{"index":"index","follow":"follow","max-snippet":"max-snippet:-1","max-image-preview":"max-image-preview:large","max-video-preview":"max-video-preview:-1"},"canonical":"https:\/\/7culture.ci\/index.php\/2022\/04\/08\/show-a-paris-ben-perez-annonce-les-couleurs-de-lete-prochain\/","og_locale":"fr_FR","og_type":"article","og_title":"Show \u00e0 Paris\u00a0: Ben Perez annonce les couleurs de l\u2019\u00e9t\u00e9 prochain -","og_description":"L\u2019\u00e9t\u00e9 2022 s\u2019annonce tr\u00e8s show \u00e0 Paris. Et ce n\u2019est pas Ben Perez qui dira le contraire&nbsp;! Celui que le Tout-Paris appelle la \u2018\u2019Fl\u00e8che Bleue\u2019\u2019 a initi\u00e9 une rencontre par visioconf\u00e9rence, le lundi 4 avril 2022, pour annoncer les couleurs de ses soir\u00e9es dansantes. Au cours de cette rencontre, l\u2019organisateur de shows in\u00e9dits a indiqu\u00e9 &hellip; Show \u00e0 Paris\u00a0: Ben Perez annonce les couleurs de l\u2019\u00e9t\u00e9 prochain Lire la suite\u00a0\u00bb","og_url":"https:\/\/7culture.ci\/index.php\/2022\/04\/08\/show-a-paris-ben-perez-annonce-les-couleurs-de-lete-prochain\/","og_site_name":"7culture","article_publisher":"https:\/\/www.facebook.com\/redchefclaude","article_published_time":"2022-04-08T14:52:12+00:00","article_modified_time":"2022-04-08T17:15:18+00:00","og_image":[{"width":1440,"height":960,"url":"http:\/\/7culture.ci\/wp-content\/uploads\/2022\/04\/WhatsApp-Image-2022-04-07-at-17.54.01.jpeg","type":"image\/jpeg"}],"author":"7culture2020","twitter_card":"summary_large_image","twitter_creator":"@7culturec","twitter_site":"@7culturec","twitter_misc":{"\u00c9crit par":"7culture2020","Dur\u00e9e de lecture estim\u00e9e":"4 minutes"},"schema":{"@context":"https:\/\/schema.org","@graph":[{"@type":"Article","@id":"https:\/\/7culture.ci\/index.php\/2022\/04\/08\/show-a-paris-ben-perez-annonce-les-couleurs-de-lete-prochain\/#article","isPartOf":{"@id":"https:\/\/7culture.ci\/index.php\/2022\/04\/08\/show-a-paris-ben-perez-annonce-les-couleurs-de-lete-prochain\/"},"author":{"name":"7culture2020","@id":"https:\/\/7culture.ci\/#\/schema\/person\/16150d28d7ef66ba788c1f87f28c4426"},"headline":"Show \u00e0 Paris\u00a0: Ben Perez annonce les couleurs de l\u2019\u00e9t\u00e9 prochain","datePublished":"2022-04-08T14:52:12+00:00","dateModified":"2022-04-08T17:15:18+00:00","mainEntityOfPage":{"@id":"https:\/\/7culture.ci\/index.php\/2022\/04\/08\/show-a-paris-ben-perez-annonce-les-couleurs-de-lete-prochain\/"},"wordCount":540,"commentCount":0,"publisher":{"@id":"https:\/\/7culture.ci\/#organization"},"articleSection":["Musique"],"inLanguage":"fr-FR","potentialAction":[{"@type":"CommentAction","name":"Comment","target":["https:\/\/7culture.ci\/index.php\/2022\/04\/08\/show-a-paris-ben-perez-annonce-les-couleurs-de-lete-prochain\/#respond"]}]},{"@type":"WebPage","@id":"https:\/\/7culture.ci\/index.php\/2022\/04\/08\/show-a-paris-ben-perez-annonce-les-couleurs-de-lete-prochain\/","url":"https:\/\/7culture.ci\/index.php\/2022\/04\/08\/show-a-paris-ben-perez-annonce-les-couleurs-de-lete-prochain\/","name":"Show \u00e0 Paris\u00a0: Ben Perez annonce les couleurs de l\u2019\u00e9t\u00e9 prochain -","isPartOf":{"@id":"https:\/\/7culture.ci\/#website"},"datePublished":"2022-04-08T14:52:12+00:00","dateModified":"2022-04-08T17:15:18+00:00","breadcrumb":{"@id":"https:\/\/7culture.ci\/index.php\/2022\/04\/08\/show-a-paris-ben-perez-annonce-les-couleurs-de-lete-prochain\/#breadcrumb"},"inLanguage":"fr-FR","potentialAction":[{"@type":"ReadAction","target":["https:\/\/7culture.ci\/index.php\/2022\/04\/08\/show-a-paris-ben-perez-annonce-les-couleurs-de-lete-prochain\/"]}]},{"@type":"BreadcrumbList","@id":"https:\/\/7culture.ci\/index.php\/2022\/04\/08\/show-a-paris-ben-perez-annonce-les-couleurs-de-lete-prochain\/#breadcrumb","itemListElement":[{"@type":"ListItem","position":1,"name":"Accueil","item":"https:\/\/7culture.ci\/"},{"@type":"ListItem","position":2,"name":"Show \u00e0 Paris\u00a0: Ben Perez annonce les couleurs de l\u2019\u00e9t\u00e9 prochain"}]},{"@type":"WebSite","@id":"https:\/\/7culture.ci\/#website","url":"https:\/\/7culture.ci\/","name":"7culture","description":"Tout sur l&#039;actualit\u00e9","publisher":{"@id":"https:\/\/7culture.ci\/#organization"},"potentialAction":[{"@type":"SearchAction","target":{"@type":"EntryPoint","urlTemplate":"https:\/\/7culture.ci\/?s={search_term_string}"},"query-input":"required name=search_term_string"}],"inLanguage":"fr-FR"},{"@type":"Organization","@id":"https:\/\/7culture.ci\/#organization","name":"7culture","url":"https:\/\/7culture.ci\/","sameAs":["https:\/\/www.facebook.com\/redchefclaude","https:\/\/twitter.com\/7culturec"],"logo":{"@type":"ImageObject","inLanguage":"fr-FR","@id":"https:\/\/7culture.ci\/#\/schema\/logo\/image\/","url":"https:\/\/7culture.ci\/wp-content\/uploads\/2021\/12\/S1a-1.png","contentUrl":"https:\/\/7culture.ci\/wp-content\/uploads\/2021\/12\/S1a-1.png","width":588,"height":192,"caption":"7culture"},"image":{"@id":"https:\/\/7culture.ci\/#\/schema\/logo\/image\/"}},{"@type":"Person","@id":"https:\/\/7culture.ci\/#\/schema\/person\/16150d28d7ef66ba788c1f87f28c4426","name":"7culture2020","image":{"@type":"ImageObject","inLanguage":"fr-FR","@id":"https:\/\/7culture.ci\/#\/schema\/person\/image\/","url":"https:\/\/secure.gravatar.com\/avatar\/9a0784f951306c37bcd065f52844ef95?s=96&d=mm&r=g","contentUrl":"https:\/\/secure.gravatar.com\/avatar\/9a0784f951306c37bcd065f52844ef95?s=96&d=mm&r=g","caption":"7culture2020"},"sameAs":["http:\/\/7culture.ci","Claude.kipre"],"url":"https:\/\/7culture.ci\/index.php\/author\/7culture2020\/"}]}},"jetpack_featured_media_url":"https:\/\/7culture.ci\/wp-content\/uploads\/2022\/04\/WhatsApp-Image-2022-04-07-at-17.54.01.jpeg","jetpack_likes_enabled":true,"jetpack_sharing_enabled":true,"_links":{"self":[{"href":"https:\/\/7culture.ci\/index.php\/wp-json\/wp\/v2\/posts\/20533"}],"collection":[{"href":"https:\/\/7culture.ci\/index.php\/wp-json\/wp\/v2\/posts"}],"about":[{"href":"https:\/\/7culture.ci\/index.php\/wp-json\/wp\/v2\/types\/post"}],"author":[{"embeddable":true,"href":"https:\/\/7culture.ci\/index.php\/wp-json\/wp\/v2\/users\/1"}],"replies":[{"embeddable":true,"href":"https:\/\/7culture.ci\/index.php\/wp-json\/wp\/v2\/comments?post=20533"}],"version-history":[{"count":0,"href":"https:\/\/7culture.ci\/index.php\/wp-json\/wp\/v2\/posts\/20533\/revisions"}],"wp:featuredmedia":[{"embeddable":true,"href":"https:\/\/7culture.ci\/index.php\/wp-json\/wp\/v2\/media\/20534"}],"wp:attachment":[{"href":"https:\/\/7culture.ci\/index.php\/wp-json\/wp\/v2\/media?parent=20533"}],"wp:term":[{"taxonomy":"category","embeddable":true,"href":"https:\/\/7culture.ci\/index.php\/wp-json\/wp\/v2\/categories?post=20533"},{"taxonomy":"post_tag","embeddable":true,"href":"https:\/\/7culture.ci\/index.php\/wp-json\/wp\/v2\/tags?post=20533"}],"curies":[{"name":"wp","href":"https:\/\/api.w.org\/{rel}","templated":true}]}}