{"id":20524,"date":"2022-04-06T14:02:36","date_gmt":"2022-04-06T12:02:36","guid":{"rendered":"https:\/\/7culture.ci\/?p=20524"},"modified":"2022-04-06T14:02:40","modified_gmt":"2022-04-06T12:02:40","slug":"africa-dubai-business-world-bedy-youl-laureate","status":"publish","type":"post","link":"https:\/\/7culture.ci\/index.php\/2022\/04\/06\/africa-dubai-business-world-bedy-youl-laureate\/","title":{"rendered":"Africa Duba\u00ef Business World\u00a0: Bedy Youl, laur\u00e9ate\u00a0!"},"content":{"rendered":"\n<p>Distingu\u00e9e lors de la 5<sup>e<\/sup> \u00e9dition d\u2019Arts Connect Women le 8 mars 2022 \u00e0 Duba\u00ef, Yolande Beude rebaptis\u00e9e Bedy Youl continue d&#8217;honorer la C\u00f4te d&#8217;Ivoire \u00e0 travers le monde. L&#8217;ex-pensionnaire de l\u2019Institut national sup\u00e9rieur des arts et de l&#8217;action culturelle(INSAAC) recevra un autre prix \u00e0 l&#8217;occasion de la 4<sup>e<\/sup> \u00e9dition d&#8217;Africa Duba\u00ef Business World annonc\u00e9e du 26 au 29 mai 2022.<\/p>\n\n\n\n<p>Tr\u00e8s \u00e9mue par cette distinction, l&#8217;ambassadrice de la peinture et de la d\u00e9coration ivoirienne pr\u00e9pare ce moment festif avec minutie. Depuis la France o\u00f9 elle peaufine ses toiles , elle a lanc\u00e9 un message d&#8217;hommage \u00e0 l&#8217;endroit des Ivoiriens, mais surtout de la premi\u00e8re responsable en charge de la Culture, de l&#8217;industrie des arts et du spectacle, Harlette Badou N&#8217;guessan.<\/p>\n\n\n\n<figure class=\"wp-block-gallery has-nested-images columns-default is-cropped wp-block-gallery-1 is-layout-flex wp-block-gallery-is-layout-flex\">\n<figure class=\"wp-block-image size-large\"><img loading=\"lazy\" decoding=\"async\" width=\"484\" height=\"896\" data-id=\"20526\" src=\"https:\/\/7culture.ci\/wp-content\/uploads\/2022\/04\/Bedy-Toul2.jpg\" alt=\"\" class=\"wp-image-20526\" srcset=\"https:\/\/7culture.ci\/wp-content\/uploads\/2022\/04\/Bedy-Toul2.jpg 484w, https:\/\/7culture.ci\/wp-content\/uploads\/2022\/04\/Bedy-Toul2-162x300.jpg 162w\" sizes=\"(max-width: 484px) 100vw, 484px\" \/><\/figure>\n\n\n\n<figure class=\"wp-block-image size-large\"><img loading=\"lazy\" decoding=\"async\" width=\"630\" height=\"896\" data-id=\"20528\" src=\"https:\/\/7culture.ci\/wp-content\/uploads\/2022\/04\/Bedy-Toul3.jpg\" alt=\"\" class=\"wp-image-20528\" srcset=\"https:\/\/7culture.ci\/wp-content\/uploads\/2022\/04\/Bedy-Toul3.jpg 630w, https:\/\/7culture.ci\/wp-content\/uploads\/2022\/04\/Bedy-Toul3-211x300.jpg 211w\" sizes=\"(max-width: 630px) 100vw, 630px\" \/><\/figure>\n\n\n\n<figure class=\"wp-block-image size-large\"><img loading=\"lazy\" decoding=\"async\" width=\"1007\" height=\"1024\" data-id=\"20527\" src=\"https:\/\/7culture.ci\/wp-content\/uploads\/2022\/04\/Bedy-Toul5-1007x1024.jpg\" alt=\"\" class=\"wp-image-20527\" srcset=\"https:\/\/7culture.ci\/wp-content\/uploads\/2022\/04\/Bedy-Toul5-1007x1024.jpg 1007w, https:\/\/7culture.ci\/wp-content\/uploads\/2022\/04\/Bedy-Toul5-295x300.jpg 295w, https:\/\/7culture.ci\/wp-content\/uploads\/2022\/04\/Bedy-Toul5-768x781.jpg 768w, https:\/\/7culture.ci\/wp-content\/uploads\/2022\/04\/Bedy-Toul5.jpg 1080w\" sizes=\"(max-width: 1007px) 100vw, 1007px\" \/><\/figure>\n<\/figure>\n\n\n\n<p>\u00ab&nbsp;<strong><em>Je remercie les organisateurs de cet \u00e9v\u00e9nement pour cet honneur pour moi et mon pays. Je souhaiterais rencontrer la ministre de la Culture de mon cher pays la C\u00f4te d&#8217;Ivoire. Ce second prix \u00e0 l&#8217;international me donne encore plus de courage et de d\u00e9termination pour mon m\u00e9tier d\u2019artiste peintre-d\u00e9coratrice<\/em><\/strong>&nbsp;\u00bb, d\u00e9clare la nouvelle perle des arts visuels.&nbsp;<\/p>\n\n\n\n<p>Pour ses activit\u00e9s en \u00e9tat de gr\u00e2ce, Bedy Youl rend gloire \u00e0 Dieu. Elle souligne qu&#8217;elle met ses performances au profit des amis de la culture et en particulier, aux esth\u00e8tes. \u00ab&nbsp;<strong><em>L&#8217;ann\u00e9e 2022 a \u00e9t\u00e9 une ann\u00e9e d\u2019\u00e9l\u00e9vation de mon art. Je suis tr\u00e8s satisfaite et j\u2019ai encore plus de courage \u00e0 travailler mon art et pers\u00e9v\u00e9rer<\/em><\/strong>&nbsp;\u00bb, dit-elle.<\/p>\n\n\n\n<figure class=\"wp-block-gallery has-nested-images columns-default is-cropped wp-block-gallery-2 is-layout-flex wp-block-gallery-is-layout-flex\">\n<figure class=\"wp-block-image size-large\"><img loading=\"lazy\" decoding=\"async\" width=\"451\" height=\"896\" data-id=\"20530\" src=\"https:\/\/7culture.ci\/wp-content\/uploads\/2022\/04\/Bedy-Toul1.jpg\" alt=\"\" class=\"wp-image-20530\" srcset=\"https:\/\/7culture.ci\/wp-content\/uploads\/2022\/04\/Bedy-Toul1.jpg 451w, https:\/\/7culture.ci\/wp-content\/uploads\/2022\/04\/Bedy-Toul1-151x300.jpg 151w\" sizes=\"(max-width: 451px) 100vw, 451px\" \/><\/figure>\n\n\n\n<figure class=\"wp-block-image size-large\"><img loading=\"lazy\" decoding=\"async\" width=\"972\" height=\"872\" data-id=\"20531\" src=\"https:\/\/7culture.ci\/wp-content\/uploads\/2022\/04\/Bedy-Toul6.jpg\" alt=\"\" class=\"wp-image-20531\" srcset=\"https:\/\/7culture.ci\/wp-content\/uploads\/2022\/04\/Bedy-Toul6.jpg 972w, https:\/\/7culture.ci\/wp-content\/uploads\/2022\/04\/Bedy-Toul6-300x269.jpg 300w, https:\/\/7culture.ci\/wp-content\/uploads\/2022\/04\/Bedy-Toul6-768x689.jpg 768w\" sizes=\"(max-width: 972px) 100vw, 972px\" \/><\/figure>\n\n\n\n<figure class=\"wp-block-image size-large\"><img loading=\"lazy\" decoding=\"async\" width=\"865\" height=\"1024\" data-id=\"20529\" src=\"https:\/\/7culture.ci\/wp-content\/uploads\/2022\/04\/Bedy-Toul7-865x1024.jpg\" alt=\"\" class=\"wp-image-20529\" srcset=\"https:\/\/7culture.ci\/wp-content\/uploads\/2022\/04\/Bedy-Toul7-865x1024.jpg 865w, https:\/\/7culture.ci\/wp-content\/uploads\/2022\/04\/Bedy-Toul7-254x300.jpg 254w, https:\/\/7culture.ci\/wp-content\/uploads\/2022\/04\/Bedy-Toul7-768x909.jpg 768w, https:\/\/7culture.ci\/wp-content\/uploads\/2022\/04\/Bedy-Toul7.jpg 1080w\" sizes=\"(max-width: 865px) 100vw, 865px\" \/><\/figure>\n<\/figure>\n\n\n\n<p>Et de rench\u00e9rir : \u00ab\u00a0<strong><em>La peinture africaine est tr\u00e8s pris\u00e9e \u00e0 Duba\u00ef. Mes \u0153uvres y sont tr\u00e8s appr\u00e9ci\u00e9es<\/em><\/strong>\u00a0\u00bb. \u00c0 quelques semaines de cette 4<sup>e<\/sup> \u00e9dition d\u2019Africa Duba\u00ef Business World, l&#8217;invit\u00e9e ivoirienne donne beaucoup d&#8217;assurance sur le rayonnement des arts visuels du navire Ivoire.<\/p>\n\n\n\n<p>Avec SerCom<\/p>\n","protected":false},"excerpt":{"rendered":"<p>Distingu\u00e9e lors de la 5e \u00e9dition d\u2019Arts Connect Women le 8 mars 2022 \u00e0 Duba\u00ef, Yolande Beude rebaptis\u00e9e Bedy Youl continue d&#8217;honorer la C\u00f4te d&#8217;Ivoire \u00e0 travers le monde. L&#8217;ex-pensionnaire de l\u2019Institut national sup\u00e9rieur des arts et de l&#8217;action culturelle(INSAAC) recevra un autre prix \u00e0 l&#8217;occasion de la 4e \u00e9dition d&#8217;Africa Duba\u00ef Business World annonc\u00e9e &hellip;<\/p>\n<p class=\"read-more\"> <a class=\"\" href=\"https:\/\/7culture.ci\/index.php\/2022\/04\/06\/africa-dubai-business-world-bedy-youl-laureate\/\"> <span class=\"screen-reader-text\">Africa Duba\u00ef Business World\u00a0: Bedy Youl, laur\u00e9ate\u00a0!<\/span> Lire la suite\u00a0\u00bb<\/a><\/p>\n","protected":false},"author":1,"featured_media":20525,"comment_status":"open","ping_status":"open","sticky":false,"template":"","format":"standard","meta":{"_mi_skip_tracking":false,"_monsterinsights_sitenote_active":false,"_monsterinsights_sitenote_note":"","_monsterinsights_sitenote_category":0,"site-sidebar-layout":"default","site-content-layout":"default","ast-global-header-display":"","ast-main-header-display":"","ast-hfb-above-header-display":"","ast-hfb-below-header-display":"","ast-hfb-mobile-header-display":"","site-post-title":"","ast-breadcrumbs-content":"","ast-featured-img":"","footer-sml-layout":"","theme-transparent-header-meta":"","adv-header-id-meta":"","stick-header-meta":"","header-above-stick-meta":"","header-main-stick-meta":"","header-below-stick-meta":"","footnotes":"","jetpack_publicize_message":"","jetpack_is_tweetstorm":false,"jetpack_publicize_feature_enabled":true},"categories":[22],"tags":[],"jetpack_publicize_connections":[],"acf":[],"aioseo_notices":[],"yoast_head":"<!-- This site is optimized with the Yoast SEO plugin v19.6.1 - https:\/\/yoast.com\/wordpress\/plugins\/seo\/ -->\n<title>Africa Duba\u00ef Business World\u00a0: Bedy Youl, laur\u00e9ate\u00a0! -<\/title>\n<meta name=\"robots\" content=\"index, follow, max-snippet:-1, max-image-preview:large, max-video-preview:-1\" \/>\n<link rel=\"canonical\" href=\"https:\/\/7culture.ci\/index.php\/2022\/04\/06\/africa-dubai-business-world-bedy-youl-laureate\/\" \/>\n<meta property=\"og:locale\" content=\"fr_FR\" \/>\n<meta property=\"og:type\" content=\"article\" \/>\n<meta property=\"og:title\" content=\"Africa Duba\u00ef Business World\u00a0: Bedy Youl, laur\u00e9ate\u00a0! -\" \/>\n<meta property=\"og:description\" content=\"Distingu\u00e9e lors de la 5e \u00e9dition d\u2019Arts Connect Women le 8 mars 2022 \u00e0 Duba\u00ef, Yolande Beude rebaptis\u00e9e Bedy Youl continue d&#8217;honorer la C\u00f4te d&#8217;Ivoire \u00e0 travers le monde. L&#8217;ex-pensionnaire de l\u2019Institut national sup\u00e9rieur des arts et de l&#8217;action culturelle(INSAAC) recevra un autre prix \u00e0 l&#8217;occasion de la 4e \u00e9dition d&#8217;Africa Duba\u00ef Business World annonc\u00e9e &hellip; Africa Duba\u00ef Business World\u00a0: Bedy Youl, laur\u00e9ate\u00a0! Lire la suite\u00a0\u00bb\" \/>\n<meta property=\"og:url\" content=\"https:\/\/7culture.ci\/index.php\/2022\/04\/06\/africa-dubai-business-world-bedy-youl-laureate\/\" \/>\n<meta property=\"og:site_name\" content=\"7culture\" \/>\n<meta property=\"article:publisher\" content=\"https:\/\/www.facebook.com\/redchefclaude\" \/>\n<meta property=\"article:published_time\" content=\"2022-04-06T12:02:36+00:00\" \/>\n<meta property=\"article:modified_time\" content=\"2022-04-06T12:02:40+00:00\" \/>\n<meta property=\"og:image\" content=\"http:\/\/7culture.ci\/wp-content\/uploads\/2022\/04\/Bedy-Toul4.jpg\" \/>\n\t<meta property=\"og:image:width\" content=\"978\" \/>\n\t<meta property=\"og:image:height\" content=\"968\" \/>\n\t<meta property=\"og:image:type\" content=\"image\/jpeg\" \/>\n<meta name=\"author\" content=\"7culture2020\" \/>\n<meta name=\"twitter:card\" content=\"summary_large_image\" \/>\n<meta name=\"twitter:creator\" content=\"@7culturec\" \/>\n<meta name=\"twitter:site\" content=\"@7culturec\" \/>\n<meta name=\"twitter:label1\" content=\"\u00c9crit par\" \/>\n\t<meta name=\"twitter:data1\" content=\"7culture2020\" \/>\n\t<meta name=\"twitter:label2\" content=\"Dur\u00e9e de lecture estim\u00e9e\" \/>\n\t<meta name=\"twitter:data2\" content=\"3 minutes\" \/>\n<script type=\"application\/ld+json\" class=\"yoast-schema-graph\">{\"@context\":\"https:\/\/schema.org\",\"@graph\":[{\"@type\":\"Article\",\"@id\":\"https:\/\/7culture.ci\/index.php\/2022\/04\/06\/africa-dubai-business-world-bedy-youl-laureate\/#article\",\"isPartOf\":{\"@id\":\"https:\/\/7culture.ci\/index.php\/2022\/04\/06\/africa-dubai-business-world-bedy-youl-laureate\/\"},\"author\":{\"name\":\"7culture2020\",\"@id\":\"https:\/\/7culture.ci\/#\/schema\/person\/16150d28d7ef66ba788c1f87f28c4426\"},\"headline\":\"Africa Duba\u00ef Business World\u00a0: Bedy Youl, laur\u00e9ate\u00a0!\",\"datePublished\":\"2022-04-06T12:02:36+00:00\",\"dateModified\":\"2022-04-06T12:02:40+00:00\",\"mainEntityOfPage\":{\"@id\":\"https:\/\/7culture.ci\/index.php\/2022\/04\/06\/africa-dubai-business-world-bedy-youl-laureate\/\"},\"wordCount\":314,\"commentCount\":0,\"publisher\":{\"@id\":\"https:\/\/7culture.ci\/#organization\"},\"articleSection\":[\"Actualit\u00e9\"],\"inLanguage\":\"fr-FR\",\"potentialAction\":[{\"@type\":\"CommentAction\",\"name\":\"Comment\",\"target\":[\"https:\/\/7culture.ci\/index.php\/2022\/04\/06\/africa-dubai-business-world-bedy-youl-laureate\/#respond\"]}]},{\"@type\":\"WebPage\",\"@id\":\"https:\/\/7culture.ci\/index.php\/2022\/04\/06\/africa-dubai-business-world-bedy-youl-laureate\/\",\"url\":\"https:\/\/7culture.ci\/index.php\/2022\/04\/06\/africa-dubai-business-world-bedy-youl-laureate\/\",\"name\":\"Africa Duba\u00ef Business World\u00a0: Bedy Youl, laur\u00e9ate\u00a0! -\",\"isPartOf\":{\"@id\":\"https:\/\/7culture.ci\/#website\"},\"datePublished\":\"2022-04-06T12:02:36+00:00\",\"dateModified\":\"2022-04-06T12:02:40+00:00\",\"breadcrumb\":{\"@id\":\"https:\/\/7culture.ci\/index.php\/2022\/04\/06\/africa-dubai-business-world-bedy-youl-laureate\/#breadcrumb\"},\"inLanguage\":\"fr-FR\",\"potentialAction\":[{\"@type\":\"ReadAction\",\"target\":[\"https:\/\/7culture.ci\/index.php\/2022\/04\/06\/africa-dubai-business-world-bedy-youl-laureate\/\"]}]},{\"@type\":\"BreadcrumbList\",\"@id\":\"https:\/\/7culture.ci\/index.php\/2022\/04\/06\/africa-dubai-business-world-bedy-youl-laureate\/#breadcrumb\",\"itemListElement\":[{\"@type\":\"ListItem\",\"position\":1,\"name\":\"Accueil\",\"item\":\"https:\/\/7culture.ci\/\"},{\"@type\":\"ListItem\",\"position\":2,\"name\":\"Africa Duba\u00ef Business World\u00a0: Bedy Youl, laur\u00e9ate\u00a0!\"}]},{\"@type\":\"WebSite\",\"@id\":\"https:\/\/7culture.ci\/#website\",\"url\":\"https:\/\/7culture.ci\/\",\"name\":\"7culture\",\"description\":\"Tout sur l&#039;actualit\u00e9\",\"publisher\":{\"@id\":\"https:\/\/7culture.ci\/#organization\"},\"potentialAction\":[{\"@type\":\"SearchAction\",\"target\":{\"@type\":\"EntryPoint\",\"urlTemplate\":\"https:\/\/7culture.ci\/?s={search_term_string}\"},\"query-input\":\"required name=search_term_string\"}],\"inLanguage\":\"fr-FR\"},{\"@type\":\"Organization\",\"@id\":\"https:\/\/7culture.ci\/#organization\",\"name\":\"7culture\",\"url\":\"https:\/\/7culture.ci\/\",\"sameAs\":[\"https:\/\/www.facebook.com\/redchefclaude\",\"https:\/\/twitter.com\/7culturec\"],\"logo\":{\"@type\":\"ImageObject\",\"inLanguage\":\"fr-FR\",\"@id\":\"https:\/\/7culture.ci\/#\/schema\/logo\/image\/\",\"url\":\"https:\/\/7culture.ci\/wp-content\/uploads\/2021\/12\/S1a-1.png\",\"contentUrl\":\"https:\/\/7culture.ci\/wp-content\/uploads\/2021\/12\/S1a-1.png\",\"width\":588,\"height\":192,\"caption\":\"7culture\"},\"image\":{\"@id\":\"https:\/\/7culture.ci\/#\/schema\/logo\/image\/\"}},{\"@type\":\"Person\",\"@id\":\"https:\/\/7culture.ci\/#\/schema\/person\/16150d28d7ef66ba788c1f87f28c4426\",\"name\":\"7culture2020\",\"image\":{\"@type\":\"ImageObject\",\"inLanguage\":\"fr-FR\",\"@id\":\"https:\/\/7culture.ci\/#\/schema\/person\/image\/\",\"url\":\"https:\/\/secure.gravatar.com\/avatar\/9a0784f951306c37bcd065f52844ef95?s=96&d=mm&r=g\",\"contentUrl\":\"https:\/\/secure.gravatar.com\/avatar\/9a0784f951306c37bcd065f52844ef95?s=96&d=mm&r=g\",\"caption\":\"7culture2020\"},\"sameAs\":[\"http:\/\/7culture.ci\",\"Claude.kipre\"],\"url\":\"https:\/\/7culture.ci\/index.php\/author\/7culture2020\/\"}]}<\/script>\n<!-- \/ Yoast SEO plugin. -->","yoast_head_json":{"title":"Africa Duba\u00ef Business World\u00a0: Bedy Youl, laur\u00e9ate\u00a0! -","robots":{"index":"index","follow":"follow","max-snippet":"max-snippet:-1","max-image-preview":"max-image-preview:large","max-video-preview":"max-video-preview:-1"},"canonical":"https:\/\/7culture.ci\/index.php\/2022\/04\/06\/africa-dubai-business-world-bedy-youl-laureate\/","og_locale":"fr_FR","og_type":"article","og_title":"Africa Duba\u00ef Business World\u00a0: Bedy Youl, laur\u00e9ate\u00a0! -","og_description":"Distingu\u00e9e lors de la 5e \u00e9dition d\u2019Arts Connect Women le 8 mars 2022 \u00e0 Duba\u00ef, Yolande Beude rebaptis\u00e9e Bedy Youl continue d&#8217;honorer la C\u00f4te d&#8217;Ivoire \u00e0 travers le monde. L&#8217;ex-pensionnaire de l\u2019Institut national sup\u00e9rieur des arts et de l&#8217;action culturelle(INSAAC) recevra un autre prix \u00e0 l&#8217;occasion de la 4e \u00e9dition d&#8217;Africa Duba\u00ef Business World annonc\u00e9e &hellip; Africa Duba\u00ef Business World\u00a0: Bedy Youl, laur\u00e9ate\u00a0! Lire la suite\u00a0\u00bb","og_url":"https:\/\/7culture.ci\/index.php\/2022\/04\/06\/africa-dubai-business-world-bedy-youl-laureate\/","og_site_name":"7culture","article_publisher":"https:\/\/www.facebook.com\/redchefclaude","article_published_time":"2022-04-06T12:02:36+00:00","article_modified_time":"2022-04-06T12:02:40+00:00","og_image":[{"width":978,"height":968,"url":"http:\/\/7culture.ci\/wp-content\/uploads\/2022\/04\/Bedy-Toul4.jpg","type":"image\/jpeg"}],"author":"7culture2020","twitter_card":"summary_large_image","twitter_creator":"@7culturec","twitter_site":"@7culturec","twitter_misc":{"\u00c9crit par":"7culture2020","Dur\u00e9e de lecture estim\u00e9e":"3 minutes"},"schema":{"@context":"https:\/\/schema.org","@graph":[{"@type":"Article","@id":"https:\/\/7culture.ci\/index.php\/2022\/04\/06\/africa-dubai-business-world-bedy-youl-laureate\/#article","isPartOf":{"@id":"https:\/\/7culture.ci\/index.php\/2022\/04\/06\/africa-dubai-business-world-bedy-youl-laureate\/"},"author":{"name":"7culture2020","@id":"https:\/\/7culture.ci\/#\/schema\/person\/16150d28d7ef66ba788c1f87f28c4426"},"headline":"Africa Duba\u00ef Business World\u00a0: Bedy Youl, laur\u00e9ate\u00a0!","datePublished":"2022-04-06T12:02:36+00:00","dateModified":"2022-04-06T12:02:40+00:00","mainEntityOfPage":{"@id":"https:\/\/7culture.ci\/index.php\/2022\/04\/06\/africa-dubai-business-world-bedy-youl-laureate\/"},"wordCount":314,"commentCount":0,"publisher":{"@id":"https:\/\/7culture.ci\/#organization"},"articleSection":["Actualit\u00e9"],"inLanguage":"fr-FR","potentialAction":[{"@type":"CommentAction","name":"Comment","target":["https:\/\/7culture.ci\/index.php\/2022\/04\/06\/africa-dubai-business-world-bedy-youl-laureate\/#respond"]}]},{"@type":"WebPage","@id":"https:\/\/7culture.ci\/index.php\/2022\/04\/06\/africa-dubai-business-world-bedy-youl-laureate\/","url":"https:\/\/7culture.ci\/index.php\/2022\/04\/06\/africa-dubai-business-world-bedy-youl-laureate\/","name":"Africa Duba\u00ef Business World\u00a0: Bedy Youl, laur\u00e9ate\u00a0! -","isPartOf":{"@id":"https:\/\/7culture.ci\/#website"},"datePublished":"2022-04-06T12:02:36+00:00","dateModified":"2022-04-06T12:02:40+00:00","breadcrumb":{"@id":"https:\/\/7culture.ci\/index.php\/2022\/04\/06\/africa-dubai-business-world-bedy-youl-laureate\/#breadcrumb"},"inLanguage":"fr-FR","potentialAction":[{"@type":"ReadAction","target":["https:\/\/7culture.ci\/index.php\/2022\/04\/06\/africa-dubai-business-world-bedy-youl-laureate\/"]}]},{"@type":"BreadcrumbList","@id":"https:\/\/7culture.ci\/index.php\/2022\/04\/06\/africa-dubai-business-world-bedy-youl-laureate\/#breadcrumb","itemListElement":[{"@type":"ListItem","position":1,"name":"Accueil","item":"https:\/\/7culture.ci\/"},{"@type":"ListItem","position":2,"name":"Africa Duba\u00ef Business World\u00a0: Bedy Youl, laur\u00e9ate\u00a0!"}]},{"@type":"WebSite","@id":"https:\/\/7culture.ci\/#website","url":"https:\/\/7culture.ci\/","name":"7culture","description":"Tout sur l&#039;actualit\u00e9","publisher":{"@id":"https:\/\/7culture.ci\/#organization"},"potentialAction":[{"@type":"SearchAction","target":{"@type":"EntryPoint","urlTemplate":"https:\/\/7culture.ci\/?s={search_term_string}"},"query-input":"required name=search_term_string"}],"inLanguage":"fr-FR"},{"@type":"Organization","@id":"https:\/\/7culture.ci\/#organization","name":"7culture","url":"https:\/\/7culture.ci\/","sameAs":["https:\/\/www.facebook.com\/redchefclaude","https:\/\/twitter.com\/7culturec"],"logo":{"@type":"ImageObject","inLanguage":"fr-FR","@id":"https:\/\/7culture.ci\/#\/schema\/logo\/image\/","url":"https:\/\/7culture.ci\/wp-content\/uploads\/2021\/12\/S1a-1.png","contentUrl":"https:\/\/7culture.ci\/wp-content\/uploads\/2021\/12\/S1a-1.png","width":588,"height":192,"caption":"7culture"},"image":{"@id":"https:\/\/7culture.ci\/#\/schema\/logo\/image\/"}},{"@type":"Person","@id":"https:\/\/7culture.ci\/#\/schema\/person\/16150d28d7ef66ba788c1f87f28c4426","name":"7culture2020","image":{"@type":"ImageObject","inLanguage":"fr-FR","@id":"https:\/\/7culture.ci\/#\/schema\/person\/image\/","url":"https:\/\/secure.gravatar.com\/avatar\/9a0784f951306c37bcd065f52844ef95?s=96&d=mm&r=g","contentUrl":"https:\/\/secure.gravatar.com\/avatar\/9a0784f951306c37bcd065f52844ef95?s=96&d=mm&r=g","caption":"7culture2020"},"sameAs":["http:\/\/7culture.ci","Claude.kipre"],"url":"https:\/\/7culture.ci\/index.php\/author\/7culture2020\/"}]}},"jetpack_featured_media_url":"https:\/\/7culture.ci\/wp-content\/uploads\/2022\/04\/Bedy-Toul4.jpg","jetpack_likes_enabled":true,"jetpack_sharing_enabled":true,"_links":{"self":[{"href":"https:\/\/7culture.ci\/index.php\/wp-json\/wp\/v2\/posts\/20524"}],"collection":[{"href":"https:\/\/7culture.ci\/index.php\/wp-json\/wp\/v2\/posts"}],"about":[{"href":"https:\/\/7culture.ci\/index.php\/wp-json\/wp\/v2\/types\/post"}],"author":[{"embeddable":true,"href":"https:\/\/7culture.ci\/index.php\/wp-json\/wp\/v2\/users\/1"}],"replies":[{"embeddable":true,"href":"https:\/\/7culture.ci\/index.php\/wp-json\/wp\/v2\/comments?post=20524"}],"version-history":[{"count":0,"href":"https:\/\/7culture.ci\/index.php\/wp-json\/wp\/v2\/posts\/20524\/revisions"}],"wp:featuredmedia":[{"embeddable":true,"href":"https:\/\/7culture.ci\/index.php\/wp-json\/wp\/v2\/media\/20525"}],"wp:attachment":[{"href":"https:\/\/7culture.ci\/index.php\/wp-json\/wp\/v2\/media?parent=20524"}],"wp:term":[{"taxonomy":"category","embeddable":true,"href":"https:\/\/7culture.ci\/index.php\/wp-json\/wp\/v2\/categories?post=20524"},{"taxonomy":"post_tag","embeddable":true,"href":"https:\/\/7culture.ci\/index.php\/wp-json\/wp\/v2\/tags?post=20524"}],"curies":[{"name":"wp","href":"https:\/\/api.w.org\/{rel}","templated":true}]}}