{"id":20503,"date":"2022-04-05T13:05:21","date_gmt":"2022-04-05T11:05:21","guid":{"rendered":"https:\/\/7culture.ci\/?p=20503"},"modified":"2022-04-05T19:35:54","modified_gmt":"2022-04-05T17:35:54","slug":"mokobe-devoile-le-mal-qui-a-failli-lemporter","status":"publish","type":"post","link":"https:\/\/7culture.ci\/index.php\/2022\/04\/05\/mokobe-devoile-le-mal-qui-a-failli-lemporter\/","title":{"rendered":"Mokob\u00e9 d\u00e9voile le mal qui a failli l\u2019emporter\u00a0!"},"content":{"rendered":"\n<p>C\u2019est un post alarmiste sur son profil Facebook qui a donn\u00e9 l\u2019info&nbsp;: Mokob\u00e9 \u00e9tait malade et il a failli m\u00eame en mourir. \u00ab&nbsp;<strong><em>J\u2019ai \u00e9t\u00e9 hospitalis\u00e9 10 jours \u00e0 Abidjan o\u00f9 j\u2019\u00e9tais compl\u00e8tement inconscient puis rapatri\u00e9 d\u2019urgence en avion m\u00e9dicalis\u00e9 \u00e0 Paris \u00e0 l\u2019h\u00f4pital Necker&nbsp;<\/em><\/strong>\u00bb, dit le membre fondateur du groupe de rap fran\u00e7ais 113. L\u2019artiste est \u2018<strong><em>\u2019toujours en pleine convalescence<\/em><\/strong>\u2019\u2019 mais il a pu \u00e9crire ce texte que nous reproduisons in extenso.<\/p>\n\n\n\n<p>\u00ab&nbsp;J\u2019esp\u00e8re ne plus jamais revoir cette chambre, me retrouver allong\u00e9 sur ce lit pendant des semaines\u2026 Voil\u00e0 pourquoi j\u2019ai disparu des r\u00e9seaux pendant si longtemps. En voyage \u00e0 Abidjan en janvier, j\u2019ai \u00e9t\u00e9 mis \u00e0 terre par un neuro palu, un palu tr\u00e8s s\u00e9v\u00e8re qui a attaqu\u00e9 tout mon corps et mon cerveau\u2026 Je pensais \u00e0 tort que le palu ne s&#8217;int\u00e9resserait pas \u00e0 moi, mais pourtant\u2026 il m\u2019a bien eu. J\u2019ai \u00e9t\u00e9 hospitalis\u00e9 10 jours \u00e0 Abidjan o\u00f9 j\u2019\u00e9tais compl\u00e8tement inconscient puis rapatri\u00e9 d\u2019urgence en avion m\u00e9dicalis\u00e9 \u00e0 Paris \u00e0 l\u2019h\u00f4pital Necker. Mais en plein vol, ils ont d\u00fb m\u2019intuber (L&#8217;action d&#8217;intuber est r\u00e9alis\u00e9e lors d&#8217;une op\u00e9ration. Le patient est totalement endormi et il faut donc permettre une respiration artificielle gr\u00e2ce \u00e0 un tube gliss\u00e9 dans sa trach\u00e9e. Cela permet au patient de respirer pendant toute la dur\u00e9e de l&#8217;op\u00e9ration sous anesth\u00e9sie g\u00e9n\u00e9rale, ndlr) et je me suis retrouv\u00e9 dans le coma. Dieu merci, gr\u00e2ce aux pri\u00e8res et soutien de ma famille, mes parents, mes fr\u00e8res et s\u0153urs, mon entourage, mes ami(es), mes cousin(es), j\u2019ai repris conscience et j\u2019ai \u00e9t\u00e9 magnifiquement soign\u00e9, j\u2019en profite pour remercier toute l\u2019\u00e9quipe r\u00e9a et l\u2019\u00e9quipe des soins intensifs qui ont assur\u00e9\u2026 Les amis, ne croyez pas que le palu ne touche que les touristes ou les locaux. Le moustique ne choisit pas qui il pique et \u00e7a peut vite tourner au drame. Donc, svp, svp, prenez vos m\u00e9dicaments, c\u2019est important. Le palu est la premi\u00e8re cause de mortalit\u00e9 en Afrique<\/p>\n\n\n\n<p>Le Malarone ou l\u2019artemisia (plantes) sont des pr\u00e9ventifs tr\u00e8s efficaces. Je ne partirais plus sans quoi qu\u2019il arrive car j\u2019ai fr\u00f4l\u00e9 la mort \u00e0 cause de \u00e7a.<\/p>\n\n\n\n<p>Je remercie le Tout Puissant&nbsp;! Toujours en pleine convalescence, j\u2019esp\u00e8re que vous allez tous bien. Vous m\u2019avez manqu\u00e9&nbsp;!&nbsp;\u00bb<\/p>\n\n\n\n<div class=\"wp-block-image\"><figure class=\"aligncenter size-full is-resized\"><img loading=\"lazy\" decoding=\"async\" src=\"http:\/\/7culture.ci\/wp-content\/uploads\/2022\/04\/Mokobe2.jpg\" alt=\"\" class=\"wp-image-20502\" width=\"565\" height=\"565\" srcset=\"https:\/\/7culture.ci\/wp-content\/uploads\/2022\/04\/Mokobe2.jpg 600w, https:\/\/7culture.ci\/wp-content\/uploads\/2022\/04\/Mokobe2-300x300.jpg 300w, https:\/\/7culture.ci\/wp-content\/uploads\/2022\/04\/Mokobe2-150x150.jpg 150w\" sizes=\"(max-width: 565px) 100vw, 565px\" \/><\/figure><\/div>\n\n\n\n<p>Par Omar AK<\/p>\n","protected":false},"excerpt":{"rendered":"<p>C\u2019est un post alarmiste sur son profil Facebook qui a donn\u00e9 l\u2019info&nbsp;: Mokob\u00e9 \u00e9tait malade et il a failli m\u00eame en mourir. \u00ab&nbsp;J\u2019ai \u00e9t\u00e9 hospitalis\u00e9 10 jours \u00e0 Abidjan o\u00f9 j\u2019\u00e9tais compl\u00e8tement inconscient puis rapatri\u00e9 d\u2019urgence en avion m\u00e9dicalis\u00e9 \u00e0 Paris \u00e0 l\u2019h\u00f4pital Necker&nbsp;\u00bb, dit le membre fondateur du groupe de rap fran\u00e7ais 113. L\u2019artiste &hellip;<\/p>\n<p class=\"read-more\"> <a class=\"\" href=\"https:\/\/7culture.ci\/index.php\/2022\/04\/05\/mokobe-devoile-le-mal-qui-a-failli-lemporter\/\"> <span class=\"screen-reader-text\">Mokob\u00e9 d\u00e9voile le mal qui a failli l\u2019emporter\u00a0!<\/span> Lire la suite\u00a0\u00bb<\/a><\/p>\n","protected":false},"author":1,"featured_media":20501,"comment_status":"open","ping_status":"open","sticky":false,"template":"","format":"standard","meta":{"_mi_skip_tracking":false,"_monsterinsights_sitenote_active":false,"_monsterinsights_sitenote_note":"","_monsterinsights_sitenote_category":0,"site-sidebar-layout":"default","site-content-layout":"default","ast-global-header-display":"","ast-main-header-display":"","ast-hfb-above-header-display":"","ast-hfb-below-header-display":"","ast-hfb-mobile-header-display":"","site-post-title":"","ast-breadcrumbs-content":"","ast-featured-img":"","footer-sml-layout":"","theme-transparent-header-meta":"","adv-header-id-meta":"","stick-header-meta":"","header-above-stick-meta":"","header-main-stick-meta":"","header-below-stick-meta":"","footnotes":"","jetpack_publicize_message":"","jetpack_is_tweetstorm":false,"jetpack_publicize_feature_enabled":true},"categories":[22],"tags":[],"jetpack_publicize_connections":[],"acf":[],"aioseo_notices":[],"yoast_head":"<!-- This site is optimized with the Yoast SEO plugin v19.6.1 - https:\/\/yoast.com\/wordpress\/plugins\/seo\/ -->\n<title>Mokob\u00e9 d\u00e9voile le mal qui a failli l\u2019emporter\u00a0! - 7culture<\/title>\n<meta name=\"robots\" content=\"index, follow, max-snippet:-1, max-image-preview:large, max-video-preview:-1\" \/>\n<link rel=\"canonical\" href=\"https:\/\/7culture.ci\/index.php\/2022\/04\/05\/mokobe-devoile-le-mal-qui-a-failli-lemporter\/\" \/>\n<meta property=\"og:locale\" content=\"fr_FR\" \/>\n<meta property=\"og:type\" content=\"article\" \/>\n<meta property=\"og:title\" content=\"Mokob\u00e9 d\u00e9voile le mal qui a failli l\u2019emporter\u00a0! - 7culture\" \/>\n<meta property=\"og:description\" content=\"C\u2019est un post alarmiste sur son profil Facebook qui a donn\u00e9 l\u2019info&nbsp;: Mokob\u00e9 \u00e9tait malade et il a failli m\u00eame en mourir. \u00ab&nbsp;J\u2019ai \u00e9t\u00e9 hospitalis\u00e9 10 jours \u00e0 Abidjan o\u00f9 j\u2019\u00e9tais compl\u00e8tement inconscient puis rapatri\u00e9 d\u2019urgence en avion m\u00e9dicalis\u00e9 \u00e0 Paris \u00e0 l\u2019h\u00f4pital Necker&nbsp;\u00bb, dit le membre fondateur du groupe de rap fran\u00e7ais 113. L\u2019artiste &hellip; Mokob\u00e9 d\u00e9voile le mal qui a failli l\u2019emporter\u00a0! Lire la suite\u00a0\u00bb\" \/>\n<meta property=\"og:url\" content=\"https:\/\/7culture.ci\/index.php\/2022\/04\/05\/mokobe-devoile-le-mal-qui-a-failli-lemporter\/\" \/>\n<meta property=\"og:site_name\" content=\"7culture\" \/>\n<meta property=\"article:publisher\" content=\"https:\/\/www.facebook.com\/redchefclaude\" \/>\n<meta property=\"article:published_time\" content=\"2022-04-05T11:05:21+00:00\" \/>\n<meta property=\"article:modified_time\" content=\"2022-04-05T17:35:54+00:00\" \/>\n<meta property=\"og:image\" content=\"http:\/\/7culture.ci\/wp-content\/uploads\/2022\/04\/Mokobe1.jpg\" \/>\n\t<meta property=\"og:image:width\" content=\"753\" \/>\n\t<meta property=\"og:image:height\" content=\"565\" \/>\n\t<meta property=\"og:image:type\" content=\"image\/jpeg\" \/>\n<meta name=\"author\" content=\"7culture2020\" \/>\n<meta name=\"twitter:card\" content=\"summary_large_image\" \/>\n<meta name=\"twitter:creator\" content=\"@7culturec\" \/>\n<meta name=\"twitter:site\" content=\"@7culturec\" \/>\n<meta name=\"twitter:label1\" content=\"\u00c9crit par\" \/>\n\t<meta name=\"twitter:data1\" content=\"7culture2020\" \/>\n\t<meta name=\"twitter:label2\" content=\"Dur\u00e9e de lecture estim\u00e9e\" \/>\n\t<meta name=\"twitter:data2\" content=\"3 minutes\" \/>\n<script type=\"application\/ld+json\" class=\"yoast-schema-graph\">{\"@context\":\"https:\/\/schema.org\",\"@graph\":[{\"@type\":\"Article\",\"@id\":\"https:\/\/7culture.ci\/index.php\/2022\/04\/05\/mokobe-devoile-le-mal-qui-a-failli-lemporter\/#article\",\"isPartOf\":{\"@id\":\"https:\/\/7culture.ci\/index.php\/2022\/04\/05\/mokobe-devoile-le-mal-qui-a-failli-lemporter\/\"},\"author\":{\"name\":\"7culture2020\",\"@id\":\"https:\/\/7culture.ci\/#\/schema\/person\/16150d28d7ef66ba788c1f87f28c4426\"},\"headline\":\"Mokob\u00e9 d\u00e9voile le mal qui a failli l\u2019emporter\u00a0!\",\"datePublished\":\"2022-04-05T11:05:21+00:00\",\"dateModified\":\"2022-04-05T17:35:54+00:00\",\"mainEntityOfPage\":{\"@id\":\"https:\/\/7culture.ci\/index.php\/2022\/04\/05\/mokobe-devoile-le-mal-qui-a-failli-lemporter\/\"},\"wordCount\":433,\"commentCount\":0,\"publisher\":{\"@id\":\"https:\/\/7culture.ci\/#organization\"},\"articleSection\":[\"Actualit\u00e9\"],\"inLanguage\":\"fr-FR\",\"potentialAction\":[{\"@type\":\"CommentAction\",\"name\":\"Comment\",\"target\":[\"https:\/\/7culture.ci\/index.php\/2022\/04\/05\/mokobe-devoile-le-mal-qui-a-failli-lemporter\/#respond\"]}]},{\"@type\":\"WebPage\",\"@id\":\"https:\/\/7culture.ci\/index.php\/2022\/04\/05\/mokobe-devoile-le-mal-qui-a-failli-lemporter\/\",\"url\":\"https:\/\/7culture.ci\/index.php\/2022\/04\/05\/mokobe-devoile-le-mal-qui-a-failli-lemporter\/\",\"name\":\"Mokob\u00e9 d\u00e9voile le mal qui a failli l\u2019emporter\u00a0! - 7culture\",\"isPartOf\":{\"@id\":\"https:\/\/7culture.ci\/#website\"},\"datePublished\":\"2022-04-05T11:05:21+00:00\",\"dateModified\":\"2022-04-05T17:35:54+00:00\",\"breadcrumb\":{\"@id\":\"https:\/\/7culture.ci\/index.php\/2022\/04\/05\/mokobe-devoile-le-mal-qui-a-failli-lemporter\/#breadcrumb\"},\"inLanguage\":\"fr-FR\",\"potentialAction\":[{\"@type\":\"ReadAction\",\"target\":[\"https:\/\/7culture.ci\/index.php\/2022\/04\/05\/mokobe-devoile-le-mal-qui-a-failli-lemporter\/\"]}]},{\"@type\":\"BreadcrumbList\",\"@id\":\"https:\/\/7culture.ci\/index.php\/2022\/04\/05\/mokobe-devoile-le-mal-qui-a-failli-lemporter\/#breadcrumb\",\"itemListElement\":[{\"@type\":\"ListItem\",\"position\":1,\"name\":\"Accueil\",\"item\":\"https:\/\/7culture.ci\/\"},{\"@type\":\"ListItem\",\"position\":2,\"name\":\"Mokob\u00e9 d\u00e9voile le mal qui a failli l\u2019emporter\u00a0!\"}]},{\"@type\":\"WebSite\",\"@id\":\"https:\/\/7culture.ci\/#website\",\"url\":\"https:\/\/7culture.ci\/\",\"name\":\"7culture\",\"description\":\"Tout sur l&#039;actualit\u00e9\",\"publisher\":{\"@id\":\"https:\/\/7culture.ci\/#organization\"},\"potentialAction\":[{\"@type\":\"SearchAction\",\"target\":{\"@type\":\"EntryPoint\",\"urlTemplate\":\"https:\/\/7culture.ci\/?s={search_term_string}\"},\"query-input\":\"required name=search_term_string\"}],\"inLanguage\":\"fr-FR\"},{\"@type\":\"Organization\",\"@id\":\"https:\/\/7culture.ci\/#organization\",\"name\":\"7culture\",\"url\":\"https:\/\/7culture.ci\/\",\"sameAs\":[\"https:\/\/www.facebook.com\/redchefclaude\",\"https:\/\/twitter.com\/7culturec\"],\"logo\":{\"@type\":\"ImageObject\",\"inLanguage\":\"fr-FR\",\"@id\":\"https:\/\/7culture.ci\/#\/schema\/logo\/image\/\",\"url\":\"https:\/\/7culture.ci\/wp-content\/uploads\/2021\/12\/S1a-1.png\",\"contentUrl\":\"https:\/\/7culture.ci\/wp-content\/uploads\/2021\/12\/S1a-1.png\",\"width\":588,\"height\":192,\"caption\":\"7culture\"},\"image\":{\"@id\":\"https:\/\/7culture.ci\/#\/schema\/logo\/image\/\"}},{\"@type\":\"Person\",\"@id\":\"https:\/\/7culture.ci\/#\/schema\/person\/16150d28d7ef66ba788c1f87f28c4426\",\"name\":\"7culture2020\",\"image\":{\"@type\":\"ImageObject\",\"inLanguage\":\"fr-FR\",\"@id\":\"https:\/\/7culture.ci\/#\/schema\/person\/image\/\",\"url\":\"https:\/\/secure.gravatar.com\/avatar\/9a0784f951306c37bcd065f52844ef95?s=96&d=mm&r=g\",\"contentUrl\":\"https:\/\/secure.gravatar.com\/avatar\/9a0784f951306c37bcd065f52844ef95?s=96&d=mm&r=g\",\"caption\":\"7culture2020\"},\"sameAs\":[\"http:\/\/7culture.ci\",\"Claude.kipre\"],\"url\":\"https:\/\/7culture.ci\/index.php\/author\/7culture2020\/\"}]}<\/script>\n<!-- \/ Yoast SEO plugin. -->","yoast_head_json":{"title":"Mokob\u00e9 d\u00e9voile le mal qui a failli l\u2019emporter\u00a0! - 7culture","robots":{"index":"index","follow":"follow","max-snippet":"max-snippet:-1","max-image-preview":"max-image-preview:large","max-video-preview":"max-video-preview:-1"},"canonical":"https:\/\/7culture.ci\/index.php\/2022\/04\/05\/mokobe-devoile-le-mal-qui-a-failli-lemporter\/","og_locale":"fr_FR","og_type":"article","og_title":"Mokob\u00e9 d\u00e9voile le mal qui a failli l\u2019emporter\u00a0! - 7culture","og_description":"C\u2019est un post alarmiste sur son profil Facebook qui a donn\u00e9 l\u2019info&nbsp;: Mokob\u00e9 \u00e9tait malade et il a failli m\u00eame en mourir. \u00ab&nbsp;J\u2019ai \u00e9t\u00e9 hospitalis\u00e9 10 jours \u00e0 Abidjan o\u00f9 j\u2019\u00e9tais compl\u00e8tement inconscient puis rapatri\u00e9 d\u2019urgence en avion m\u00e9dicalis\u00e9 \u00e0 Paris \u00e0 l\u2019h\u00f4pital Necker&nbsp;\u00bb, dit le membre fondateur du groupe de rap fran\u00e7ais 113. L\u2019artiste &hellip; Mokob\u00e9 d\u00e9voile le mal qui a failli l\u2019emporter\u00a0! Lire la suite\u00a0\u00bb","og_url":"https:\/\/7culture.ci\/index.php\/2022\/04\/05\/mokobe-devoile-le-mal-qui-a-failli-lemporter\/","og_site_name":"7culture","article_publisher":"https:\/\/www.facebook.com\/redchefclaude","article_published_time":"2022-04-05T11:05:21+00:00","article_modified_time":"2022-04-05T17:35:54+00:00","og_image":[{"width":753,"height":565,"url":"http:\/\/7culture.ci\/wp-content\/uploads\/2022\/04\/Mokobe1.jpg","type":"image\/jpeg"}],"author":"7culture2020","twitter_card":"summary_large_image","twitter_creator":"@7culturec","twitter_site":"@7culturec","twitter_misc":{"\u00c9crit par":"7culture2020","Dur\u00e9e de lecture estim\u00e9e":"3 minutes"},"schema":{"@context":"https:\/\/schema.org","@graph":[{"@type":"Article","@id":"https:\/\/7culture.ci\/index.php\/2022\/04\/05\/mokobe-devoile-le-mal-qui-a-failli-lemporter\/#article","isPartOf":{"@id":"https:\/\/7culture.ci\/index.php\/2022\/04\/05\/mokobe-devoile-le-mal-qui-a-failli-lemporter\/"},"author":{"name":"7culture2020","@id":"https:\/\/7culture.ci\/#\/schema\/person\/16150d28d7ef66ba788c1f87f28c4426"},"headline":"Mokob\u00e9 d\u00e9voile le mal qui a failli l\u2019emporter\u00a0!","datePublished":"2022-04-05T11:05:21+00:00","dateModified":"2022-04-05T17:35:54+00:00","mainEntityOfPage":{"@id":"https:\/\/7culture.ci\/index.php\/2022\/04\/05\/mokobe-devoile-le-mal-qui-a-failli-lemporter\/"},"wordCount":433,"commentCount":0,"publisher":{"@id":"https:\/\/7culture.ci\/#organization"},"articleSection":["Actualit\u00e9"],"inLanguage":"fr-FR","potentialAction":[{"@type":"CommentAction","name":"Comment","target":["https:\/\/7culture.ci\/index.php\/2022\/04\/05\/mokobe-devoile-le-mal-qui-a-failli-lemporter\/#respond"]}]},{"@type":"WebPage","@id":"https:\/\/7culture.ci\/index.php\/2022\/04\/05\/mokobe-devoile-le-mal-qui-a-failli-lemporter\/","url":"https:\/\/7culture.ci\/index.php\/2022\/04\/05\/mokobe-devoile-le-mal-qui-a-failli-lemporter\/","name":"Mokob\u00e9 d\u00e9voile le mal qui a failli l\u2019emporter\u00a0! - 7culture","isPartOf":{"@id":"https:\/\/7culture.ci\/#website"},"datePublished":"2022-04-05T11:05:21+00:00","dateModified":"2022-04-05T17:35:54+00:00","breadcrumb":{"@id":"https:\/\/7culture.ci\/index.php\/2022\/04\/05\/mokobe-devoile-le-mal-qui-a-failli-lemporter\/#breadcrumb"},"inLanguage":"fr-FR","potentialAction":[{"@type":"ReadAction","target":["https:\/\/7culture.ci\/index.php\/2022\/04\/05\/mokobe-devoile-le-mal-qui-a-failli-lemporter\/"]}]},{"@type":"BreadcrumbList","@id":"https:\/\/7culture.ci\/index.php\/2022\/04\/05\/mokobe-devoile-le-mal-qui-a-failli-lemporter\/#breadcrumb","itemListElement":[{"@type":"ListItem","position":1,"name":"Accueil","item":"https:\/\/7culture.ci\/"},{"@type":"ListItem","position":2,"name":"Mokob\u00e9 d\u00e9voile le mal qui a failli l\u2019emporter\u00a0!"}]},{"@type":"WebSite","@id":"https:\/\/7culture.ci\/#website","url":"https:\/\/7culture.ci\/","name":"7culture","description":"Tout sur l&#039;actualit\u00e9","publisher":{"@id":"https:\/\/7culture.ci\/#organization"},"potentialAction":[{"@type":"SearchAction","target":{"@type":"EntryPoint","urlTemplate":"https:\/\/7culture.ci\/?s={search_term_string}"},"query-input":"required name=search_term_string"}],"inLanguage":"fr-FR"},{"@type":"Organization","@id":"https:\/\/7culture.ci\/#organization","name":"7culture","url":"https:\/\/7culture.ci\/","sameAs":["https:\/\/www.facebook.com\/redchefclaude","https:\/\/twitter.com\/7culturec"],"logo":{"@type":"ImageObject","inLanguage":"fr-FR","@id":"https:\/\/7culture.ci\/#\/schema\/logo\/image\/","url":"https:\/\/7culture.ci\/wp-content\/uploads\/2021\/12\/S1a-1.png","contentUrl":"https:\/\/7culture.ci\/wp-content\/uploads\/2021\/12\/S1a-1.png","width":588,"height":192,"caption":"7culture"},"image":{"@id":"https:\/\/7culture.ci\/#\/schema\/logo\/image\/"}},{"@type":"Person","@id":"https:\/\/7culture.ci\/#\/schema\/person\/16150d28d7ef66ba788c1f87f28c4426","name":"7culture2020","image":{"@type":"ImageObject","inLanguage":"fr-FR","@id":"https:\/\/7culture.ci\/#\/schema\/person\/image\/","url":"https:\/\/secure.gravatar.com\/avatar\/9a0784f951306c37bcd065f52844ef95?s=96&d=mm&r=g","contentUrl":"https:\/\/secure.gravatar.com\/avatar\/9a0784f951306c37bcd065f52844ef95?s=96&d=mm&r=g","caption":"7culture2020"},"sameAs":["http:\/\/7culture.ci","Claude.kipre"],"url":"https:\/\/7culture.ci\/index.php\/author\/7culture2020\/"}]}},"jetpack_featured_media_url":"https:\/\/7culture.ci\/wp-content\/uploads\/2022\/04\/Mokobe1.jpg","jetpack_likes_enabled":true,"jetpack_sharing_enabled":true,"_links":{"self":[{"href":"https:\/\/7culture.ci\/index.php\/wp-json\/wp\/v2\/posts\/20503"}],"collection":[{"href":"https:\/\/7culture.ci\/index.php\/wp-json\/wp\/v2\/posts"}],"about":[{"href":"https:\/\/7culture.ci\/index.php\/wp-json\/wp\/v2\/types\/post"}],"author":[{"embeddable":true,"href":"https:\/\/7culture.ci\/index.php\/wp-json\/wp\/v2\/users\/1"}],"replies":[{"embeddable":true,"href":"https:\/\/7culture.ci\/index.php\/wp-json\/wp\/v2\/comments?post=20503"}],"version-history":[{"count":0,"href":"https:\/\/7culture.ci\/index.php\/wp-json\/wp\/v2\/posts\/20503\/revisions"}],"wp:featuredmedia":[{"embeddable":true,"href":"https:\/\/7culture.ci\/index.php\/wp-json\/wp\/v2\/media\/20501"}],"wp:attachment":[{"href":"https:\/\/7culture.ci\/index.php\/wp-json\/wp\/v2\/media?parent=20503"}],"wp:term":[{"taxonomy":"category","embeddable":true,"href":"https:\/\/7culture.ci\/index.php\/wp-json\/wp\/v2\/categories?post=20503"},{"taxonomy":"post_tag","embeddable":true,"href":"https:\/\/7culture.ci\/index.php\/wp-json\/wp\/v2\/tags?post=20503"}],"curies":[{"name":"wp","href":"https:\/\/api.w.org\/{rel}","templated":true}]}}