{"id":20489,"date":"2022-04-04T19:43:47","date_gmt":"2022-04-04T17:43:47","guid":{"rendered":"https:\/\/7culture.ci\/?p=20489"},"modified":"2022-04-05T13:06:45","modified_gmt":"2022-04-05T11:06:45","slug":"spectacle-shaoleen-veut-chiper-le-palais-de-la-culture","status":"publish","type":"post","link":"https:\/\/7culture.ci\/index.php\/2022\/04\/04\/spectacle-shaoleen-veut-chiper-le-palais-de-la-culture\/","title":{"rendered":"Spectacle\u00a0: Shaoleen veut chiper le palais de la culture"},"content":{"rendered":"\n<p>Le 14 mai prochain au Palais de la culture, \u00e7\u2019aurait pu \u00eatre un concert ordinaire de c\u00e9l\u00e9bration des 15 ans de carri\u00e8re professionnelle de Shaoleen sur la sc\u00e8ne musicale. Mais, ce show anniversaire prend d\u2019autres tournures. C\u2019est que depuis son entr\u00e9e fracassante dans le show-biz avec la chanson \u2018\u2019 Tatou Chipeur\u2019\u2019 et son refrain populaire \u2018\u2019Chipeur, arr\u00eate de chiper\u2019\u2019 en 2007 avec son groupe d\u2019origine Konty DJ, Shaoleen n\u2019a jamais donn\u00e9 un concert live solo au palais de la culture. M\u00eame si le chanteur a souvent honor\u00e9 des rendez-vous dans le temple de la culture de Treichville en compagnie d\u2019autres artistes, il lui manque terriblement une signature personnelle sur ses shows.<\/p>\n\n\n\n<p>C\u2019est pour cela que quand Tigara Event a contact\u00e9 Kolber Prod qui produit Shaoleen pour c\u00e9l\u00e9brer sa quinzaine d\u2019ann\u00e9es dans la pratique musicale, sa maison de production n\u2019a pas h\u00e9sit\u00e9 \u00e0 donner son aval. \u00ab&nbsp;<strong><em>C\u2019est un concert de c\u00e9l\u00e9bration pour tous ceux qui ont connu Shaoleen et contribu\u00e9 \u00e0 le propulser sur l\u2019ar\u00e8ne musicale<\/em><\/strong>&nbsp;\u00bb, a expliqu\u00e9 le promoteur de l\u2019\u00e9v\u00e8nement. Puis il poursuit&nbsp;: \u00ab&nbsp;<strong><em>L\u2019objectif g\u00e9n\u00e9ral de cette f\u00eate, est d\u2019exprimer les remerciements et traduire la reconnaissance de Shaoleen \u00e0 tous les acteurs de sa belle histoire artistique. Ce sera aussi une occasion pour lever le voile sur ses orientations et les perspectives nouvelles de sa carri\u00e8re<\/em><\/strong>&nbsp;\u00bb. \u00ab&nbsp;<strong><em>Pour nous l\u2019offre \u00e9tait prenable. Et nous avons saisi la balle au bond d\u2019autant que nous produisions des artistes mais nous n\u2019organisions pas de spectacles. Nous essayerons de faire valoir Shaoleen dans sa performance sc\u00e9nique compl\u00e8te. Shaoleen sera \u00e0 son premier spectacle solo au palais de la culture, nous devrions tout faire pour que \u00e7a soit une r\u00e9ussite&nbsp;<\/em><\/strong>\u00bb, a soutenu J\u00e9r\u00f4me Bitty au nom de Kolber Prod.<\/p>\n\n\n\n<figure class=\"wp-block-gallery has-nested-images columns-default is-cropped wp-block-gallery-1 is-layout-flex wp-block-gallery-is-layout-flex\">\n<figure class=\"wp-block-image size-large\"><img loading=\"lazy\" decoding=\"async\" width=\"1024\" height=\"683\" data-id=\"20491\" src=\"https:\/\/7culture.ci\/wp-content\/uploads\/2022\/04\/2-1024x683.jpeg\" alt=\"\" class=\"wp-image-20491\" srcset=\"https:\/\/7culture.ci\/wp-content\/uploads\/2022\/04\/2-1024x683.jpeg 1024w, https:\/\/7culture.ci\/wp-content\/uploads\/2022\/04\/2-300x200.jpeg 300w, https:\/\/7culture.ci\/wp-content\/uploads\/2022\/04\/2-768x512.jpeg 768w, https:\/\/7culture.ci\/wp-content\/uploads\/2022\/04\/2.jpeg 1080w\" sizes=\"(max-width: 1024px) 100vw, 1024px\" \/><\/figure>\n\n\n\n<figure class=\"wp-block-image size-large\"><img loading=\"lazy\" decoding=\"async\" width=\"1080\" height=\"720\" data-id=\"20493\" src=\"https:\/\/7culture.ci\/wp-content\/uploads\/2022\/04\/3-1024x683.jpeg\" alt=\"\" class=\"wp-image-20493\" srcset=\"https:\/\/7culture.ci\/wp-content\/uploads\/2022\/04\/3-1024x683.jpeg 1024w, https:\/\/7culture.ci\/wp-content\/uploads\/2022\/04\/3-300x200.jpeg 300w, https:\/\/7culture.ci\/wp-content\/uploads\/2022\/04\/3-768x512.jpeg 768w, https:\/\/7culture.ci\/wp-content\/uploads\/2022\/04\/3.jpeg 1080w\" sizes=\"(max-width: 1080px) 100vw, 1080px\" \/><\/figure>\n\n\n\n<figure class=\"wp-block-image size-large\"><img loading=\"lazy\" decoding=\"async\" width=\"1024\" height=\"683\" data-id=\"20492\" src=\"https:\/\/7culture.ci\/wp-content\/uploads\/2022\/04\/4-1024x683.jpeg\" alt=\"\" class=\"wp-image-20492\" srcset=\"https:\/\/7culture.ci\/wp-content\/uploads\/2022\/04\/4-1024x683.jpeg 1024w, https:\/\/7culture.ci\/wp-content\/uploads\/2022\/04\/4-300x200.jpeg 300w, https:\/\/7culture.ci\/wp-content\/uploads\/2022\/04\/4-768x512.jpeg 768w, https:\/\/7culture.ci\/wp-content\/uploads\/2022\/04\/4.jpeg 1080w\" sizes=\"(max-width: 1024px) 100vw, 1024px\" \/><\/figure>\n<\/figure>\n\n\n\n<p>Le show du 14 mai sera un r\u00e9sum\u00e9 des albums personnels de Shaoleen et des deux r\u00e9alis\u00e9s avec Konty DJ. On peut donc s\u2019attendre facilement \u00e0 20 titres qu\u2019il proposera \u00e0 ses fans. \u00ab&nbsp;<strong><em>Nous allons essayer d\u2019\u00e9grainer un chapelet de chants depuis l\u2019\u00e9poque de Konty DJ jusqu\u2019\u00e0 ma carri\u00e8re personnelle&nbsp;<\/em><\/strong>\u00bb, a situ\u00e9 le chanteur. L\u2019ancien disc-jockey du maquis Kontinental \u00e0 Anyama (\u00e0 la p\u00e9riph\u00e9rie nord d\u2019Abidjan), ajoute que \u2018<strong><em>\u2019ce sera un spectacle haut en couleurs et en son avec beaucoup de surprises<\/em><\/strong>\u2019\u2019. \u00ab&nbsp;<strong><em>Pour moi, le d\u00e9fi est de taille et je m\u2019en remets \u00e0 Dieu qui m\u2019a toujours soutenu. Si j\u2019ai l\u2019Eternel des arm\u00e9es est avec moi, c\u2019est que je pourrai surmonter toute difficult\u00e9<\/em><\/strong>&nbsp;\u00bb, a rench\u00e9ri Shaoleen. Son spectacle est pr\u00e9vu \u00e0 la salle d\u2019excellence de la musique du palais de la culture \u00e0 savoir la cuvette \u00e0 deux niveaux baptis\u00e9e Fran\u00e7ois Lougah-Ernesto Dj\u00e9dj\u00e9. C\u2019est un espace climatis\u00e9 qui peut recevoir jusqu\u2019\u00e0 1500 spectateurs. L\u2019autre bonne nouvelle, c\u2019est le temps du concert, le groupe Konty DJ va se r\u00e9unifier pour les besoins de la cause. \u00ab&nbsp;<strong><em>Au spectacle, Shaoleen partagera le podium avec ses \u2018\u2019fr\u00e8res\u2019\u2019 Chipper et Val\u00e8re avec qui il a commenc\u00e9 cette aventure musicale<\/em><\/strong>&nbsp;\u00bb, affirme la production du show. Pour la r\u00e9ussite de son spectacle, l\u2019interpr\u00e8te de la chanson \u2018<em>\u2019L\u2019homme de ta vie<\/em>\u2019\u2019 veut mettre toutes les chances de son c\u00f4t\u00e9. En plus des membres de son groupe d\u2019origine, certains chanteurs avec qui il a d\u00e9j\u00e0 collabor\u00e9, seront aussi de la partie. Shaoleen a m\u00eame sorti un single \u2018\u2019C&#8217;est G\u00e2t\u00e9 Partout\u2019\u2019 qui sera la liste des titres \u00e0 jouer. Comme le titre de la nouvelle chanson, le chanteur souhaite g\u00e2ter le coin le 14 mai au palais de la culture. Et bonne nouvelle pour l\u2019artiste, le premier ticket du spectacle a \u00e9t\u00e9 achet\u00e9 \u00e0 deux millions de CFA \u00e0 la conf\u00e9rence de lancement le mercredi 30 mars dernier au Silver Moon H\u00f4tel de Cocody Angr\u00e9 7<sup>e<\/sup> Tranche.<\/p>\n\n\n\n<p>DJ et couper-d\u00e9caler \u00e0 ses d\u00e9buts, Shaoleen s\u2019est vite transform\u00e9 en artiste de vari\u00e9t\u00e9 dont les titres \u00e0 succ\u00e8s surfent entre afro-zouk et afrobeat. Il fait partie des meilleures voix de C\u00f4te d\u2019Ivoire.<\/p>\n\n\n\n<figure class=\"wp-block-gallery has-nested-images columns-default is-cropped wp-block-gallery-2 is-layout-flex wp-block-gallery-is-layout-flex\">\n<figure class=\"wp-block-image size-large\"><img loading=\"lazy\" decoding=\"async\" width=\"1024\" height=\"683\" data-id=\"20494\" src=\"https:\/\/7culture.ci\/wp-content\/uploads\/2022\/04\/9-1024x683.jpeg\" alt=\"\" class=\"wp-image-20494\" srcset=\"https:\/\/7culture.ci\/wp-content\/uploads\/2022\/04\/9-1024x683.jpeg 1024w, https:\/\/7culture.ci\/wp-content\/uploads\/2022\/04\/9-300x200.jpeg 300w, https:\/\/7culture.ci\/wp-content\/uploads\/2022\/04\/9-768x512.jpeg 768w, https:\/\/7culture.ci\/wp-content\/uploads\/2022\/04\/9.jpeg 1080w\" sizes=\"(max-width: 1024px) 100vw, 1024px\" \/><\/figure>\n\n\n\n<figure class=\"wp-block-image size-large\"><img loading=\"lazy\" decoding=\"async\" width=\"683\" height=\"1024\" data-id=\"20495\" src=\"https:\/\/7culture.ci\/wp-content\/uploads\/2022\/04\/10-683x1024.jpeg\" alt=\"\" class=\"wp-image-20495\" srcset=\"https:\/\/7culture.ci\/wp-content\/uploads\/2022\/04\/10-683x1024.jpeg 683w, https:\/\/7culture.ci\/wp-content\/uploads\/2022\/04\/10-200x300.jpeg 200w, https:\/\/7culture.ci\/wp-content\/uploads\/2022\/04\/10.jpeg 720w\" sizes=\"(max-width: 683px) 100vw, 683px\" \/><\/figure>\n\n\n\n<figure class=\"wp-block-image size-large\"><img loading=\"lazy\" decoding=\"async\" width=\"683\" height=\"1024\" data-id=\"20496\" src=\"https:\/\/7culture.ci\/wp-content\/uploads\/2022\/04\/WhatsApp-Image-2022-03-31-at-18.12.21-2-683x1024.jpeg\" alt=\"\" class=\"wp-image-20496\" srcset=\"https:\/\/7culture.ci\/wp-content\/uploads\/2022\/04\/WhatsApp-Image-2022-03-31-at-18.12.21-2-683x1024.jpeg 683w, https:\/\/7culture.ci\/wp-content\/uploads\/2022\/04\/WhatsApp-Image-2022-03-31-at-18.12.21-2-200x300.jpeg 200w, https:\/\/7culture.ci\/wp-content\/uploads\/2022\/04\/WhatsApp-Image-2022-03-31-at-18.12.21-2.jpeg 720w\" sizes=\"(max-width: 683px) 100vw, 683px\" \/><\/figure>\n<\/figure>\n\n\n\n<p>C\u2019est au d\u00e9but des ann\u00e9es 2000 que tout commence dans la musique pour le jeune \u00e9l\u00e8ve Jean-Bruce Amaman. Apr\u00e8s la naissance du mouvement couper-d\u00e9caler, il rejoint la tendance avec ses amis Val\u00e8re et Chipper. Mais le r\u00eave des jeunes ados prend forme gr\u00e2ce \u00e0 leur grand fr\u00e8re surnomm\u00e9 G\u00e9n\u00e9ral Kolber. Cadre dans l\u2019administration ivoirienne, le g\u00e9n\u00e9ral civil ouvre un endroit de loisirs commun\u00e9ment appel\u00e9 \u2018\u2019maquis \u2018\u2019 en C\u00f4te d\u2019Ivoire. Le bistro \u00e0 l\u2019ivoirienne est situ\u00e9 \u00e0 Anyama et il s\u2019appelle \u2018\u2019Maquis Le Kontinental\u2019\u2019. C\u2019est l\u00e0 que le jeune Jean-Bruce c\u00f4toie les platines quand il n\u2019est pas \u00e0 l\u2019\u00e9cole. Lorsque son fr\u00e8re a\u00een\u00e9 flaire l\u2019amour de ses petits fr\u00e8res pour la chose musicale, il d\u00e9cide de leur donner une chance. Il monte le groupe Konty DJ en r\u00e9f\u00e9rence au nom de son espace d\u00e9tente. La jeune formation de couper-d\u00e9caler s\u2019inscrit \u00e0 l\u2019\u00e9mission-concours \u2018\u2019DJ Mix Atalaku\u2019\u2019 de RTI Music en 2004 et occupe la 2<sup>e<\/sup> place \u00e0 la finale. Ce n\u2019est pas le graal mais c\u2019est suffisant pour convaincre G\u00e9n\u00e9ral Kolber de donner vie au r\u00eave musical de ses jeunes fr\u00e8res. Il produit l\u2019album \u2018\u2019Dieu Kontynue\u2019\u2019 du groupe Konty DJ. David Tayorault intervient \u00e0 la r\u00e9alisation technique et Gadji Celi collabore avec les jeunes chanteurs sur la chanson promo \u2018\u2019Touche moi le bb\u2019\u2019. Le coup d\u2019essai devient un coup de ma\u00eetre. Konty DJ est lanc\u00e9 et depuis 15, \u00e7a dure.<\/p>\n\n\n\n<p>Par Omar AK<\/p>\n","protected":false},"excerpt":{"rendered":"<p>Le 14 mai prochain au Palais de la culture, \u00e7\u2019aurait pu \u00eatre un concert ordinaire de c\u00e9l\u00e9bration des 15 ans de carri\u00e8re professionnelle de Shaoleen sur la sc\u00e8ne musicale. Mais, ce show anniversaire prend d\u2019autres tournures. C\u2019est que depuis son entr\u00e9e fracassante dans le show-biz avec la chanson \u2018\u2019 Tatou Chipeur\u2019\u2019 et son refrain populaire &hellip;<\/p>\n<p class=\"read-more\"> <a class=\"\" href=\"https:\/\/7culture.ci\/index.php\/2022\/04\/04\/spectacle-shaoleen-veut-chiper-le-palais-de-la-culture\/\"> <span class=\"screen-reader-text\">Spectacle\u00a0: Shaoleen veut chiper le palais de la culture<\/span> Lire la suite\u00a0\u00bb<\/a><\/p>\n","protected":false},"author":1,"featured_media":20490,"comment_status":"open","ping_status":"open","sticky":false,"template":"","format":"standard","meta":{"_mi_skip_tracking":false,"_monsterinsights_sitenote_active":false,"_monsterinsights_sitenote_note":"","_monsterinsights_sitenote_category":0,"site-sidebar-layout":"default","site-content-layout":"default","ast-global-header-display":"","ast-main-header-display":"","ast-hfb-above-header-display":"","ast-hfb-below-header-display":"","ast-hfb-mobile-header-display":"","site-post-title":"","ast-breadcrumbs-content":"","ast-featured-img":"","footer-sml-layout":"","theme-transparent-header-meta":"","adv-header-id-meta":"","stick-header-meta":"","header-above-stick-meta":"","header-main-stick-meta":"","header-below-stick-meta":"","footnotes":"","jetpack_publicize_message":"","jetpack_is_tweetstorm":false,"jetpack_publicize_feature_enabled":true},"categories":[16],"tags":[],"jetpack_publicize_connections":[],"acf":[],"aioseo_notices":[],"yoast_head":"<!-- This site is optimized with the Yoast SEO plugin v19.6.1 - https:\/\/yoast.com\/wordpress\/plugins\/seo\/ -->\n<title>Spectacle\u00a0: Shaoleen veut chiper le palais de la culture -<\/title>\n<meta name=\"robots\" content=\"index, follow, max-snippet:-1, max-image-preview:large, max-video-preview:-1\" \/>\n<link rel=\"canonical\" href=\"https:\/\/7culture.ci\/index.php\/2022\/04\/04\/spectacle-shaoleen-veut-chiper-le-palais-de-la-culture\/\" \/>\n<meta property=\"og:locale\" content=\"fr_FR\" \/>\n<meta property=\"og:type\" content=\"article\" \/>\n<meta property=\"og:title\" content=\"Spectacle\u00a0: Shaoleen veut chiper le palais de la culture -\" \/>\n<meta property=\"og:description\" content=\"Le 14 mai prochain au Palais de la culture, \u00e7\u2019aurait pu \u00eatre un concert ordinaire de c\u00e9l\u00e9bration des 15 ans de carri\u00e8re professionnelle de Shaoleen sur la sc\u00e8ne musicale. Mais, ce show anniversaire prend d\u2019autres tournures. C\u2019est que depuis son entr\u00e9e fracassante dans le show-biz avec la chanson \u2018\u2019 Tatou Chipeur\u2019\u2019 et son refrain populaire &hellip; Spectacle\u00a0: Shaoleen veut chiper le palais de la culture Lire la suite\u00a0\u00bb\" \/>\n<meta property=\"og:url\" content=\"https:\/\/7culture.ci\/index.php\/2022\/04\/04\/spectacle-shaoleen-veut-chiper-le-palais-de-la-culture\/\" \/>\n<meta property=\"og:site_name\" content=\"7culture\" \/>\n<meta property=\"article:publisher\" content=\"https:\/\/www.facebook.com\/redchefclaude\" \/>\n<meta property=\"article:published_time\" content=\"2022-04-04T17:43:47+00:00\" \/>\n<meta property=\"article:modified_time\" content=\"2022-04-05T11:06:45+00:00\" \/>\n<meta property=\"og:image\" content=\"http:\/\/7culture.ci\/wp-content\/uploads\/2022\/04\/8.jpeg\" \/>\n\t<meta property=\"og:image:width\" content=\"1080\" \/>\n\t<meta property=\"og:image:height\" content=\"720\" \/>\n\t<meta property=\"og:image:type\" content=\"image\/jpeg\" \/>\n<meta name=\"author\" content=\"7culture2020\" \/>\n<meta name=\"twitter:card\" content=\"summary_large_image\" \/>\n<meta name=\"twitter:creator\" content=\"@7culturec\" \/>\n<meta name=\"twitter:site\" content=\"@7culturec\" \/>\n<meta name=\"twitter:label1\" content=\"\u00c9crit par\" \/>\n\t<meta name=\"twitter:data1\" content=\"7culture2020\" \/>\n\t<meta name=\"twitter:label2\" content=\"Dur\u00e9e de lecture estim\u00e9e\" \/>\n\t<meta name=\"twitter:data2\" content=\"6 minutes\" \/>\n<script type=\"application\/ld+json\" class=\"yoast-schema-graph\">{\"@context\":\"https:\/\/schema.org\",\"@graph\":[{\"@type\":\"Article\",\"@id\":\"https:\/\/7culture.ci\/index.php\/2022\/04\/04\/spectacle-shaoleen-veut-chiper-le-palais-de-la-culture\/#article\",\"isPartOf\":{\"@id\":\"https:\/\/7culture.ci\/index.php\/2022\/04\/04\/spectacle-shaoleen-veut-chiper-le-palais-de-la-culture\/\"},\"author\":{\"name\":\"7culture2020\",\"@id\":\"https:\/\/7culture.ci\/#\/schema\/person\/16150d28d7ef66ba788c1f87f28c4426\"},\"headline\":\"Spectacle\u00a0: Shaoleen veut chiper le palais de la culture\",\"datePublished\":\"2022-04-04T17:43:47+00:00\",\"dateModified\":\"2022-04-05T11:06:45+00:00\",\"mainEntityOfPage\":{\"@id\":\"https:\/\/7culture.ci\/index.php\/2022\/04\/04\/spectacle-shaoleen-veut-chiper-le-palais-de-la-culture\/\"},\"wordCount\":987,\"commentCount\":0,\"publisher\":{\"@id\":\"https:\/\/7culture.ci\/#organization\"},\"articleSection\":[\"Musique\"],\"inLanguage\":\"fr-FR\",\"potentialAction\":[{\"@type\":\"CommentAction\",\"name\":\"Comment\",\"target\":[\"https:\/\/7culture.ci\/index.php\/2022\/04\/04\/spectacle-shaoleen-veut-chiper-le-palais-de-la-culture\/#respond\"]}]},{\"@type\":\"WebPage\",\"@id\":\"https:\/\/7culture.ci\/index.php\/2022\/04\/04\/spectacle-shaoleen-veut-chiper-le-palais-de-la-culture\/\",\"url\":\"https:\/\/7culture.ci\/index.php\/2022\/04\/04\/spectacle-shaoleen-veut-chiper-le-palais-de-la-culture\/\",\"name\":\"Spectacle\u00a0: Shaoleen veut chiper le palais de la culture -\",\"isPartOf\":{\"@id\":\"https:\/\/7culture.ci\/#website\"},\"datePublished\":\"2022-04-04T17:43:47+00:00\",\"dateModified\":\"2022-04-05T11:06:45+00:00\",\"breadcrumb\":{\"@id\":\"https:\/\/7culture.ci\/index.php\/2022\/04\/04\/spectacle-shaoleen-veut-chiper-le-palais-de-la-culture\/#breadcrumb\"},\"inLanguage\":\"fr-FR\",\"potentialAction\":[{\"@type\":\"ReadAction\",\"target\":[\"https:\/\/7culture.ci\/index.php\/2022\/04\/04\/spectacle-shaoleen-veut-chiper-le-palais-de-la-culture\/\"]}]},{\"@type\":\"BreadcrumbList\",\"@id\":\"https:\/\/7culture.ci\/index.php\/2022\/04\/04\/spectacle-shaoleen-veut-chiper-le-palais-de-la-culture\/#breadcrumb\",\"itemListElement\":[{\"@type\":\"ListItem\",\"position\":1,\"name\":\"Accueil\",\"item\":\"https:\/\/7culture.ci\/\"},{\"@type\":\"ListItem\",\"position\":2,\"name\":\"Spectacle\u00a0: Shaoleen veut chiper le palais de la culture\"}]},{\"@type\":\"WebSite\",\"@id\":\"https:\/\/7culture.ci\/#website\",\"url\":\"https:\/\/7culture.ci\/\",\"name\":\"7culture\",\"description\":\"Tout sur l&#039;actualit\u00e9\",\"publisher\":{\"@id\":\"https:\/\/7culture.ci\/#organization\"},\"potentialAction\":[{\"@type\":\"SearchAction\",\"target\":{\"@type\":\"EntryPoint\",\"urlTemplate\":\"https:\/\/7culture.ci\/?s={search_term_string}\"},\"query-input\":\"required name=search_term_string\"}],\"inLanguage\":\"fr-FR\"},{\"@type\":\"Organization\",\"@id\":\"https:\/\/7culture.ci\/#organization\",\"name\":\"7culture\",\"url\":\"https:\/\/7culture.ci\/\",\"sameAs\":[\"https:\/\/www.facebook.com\/redchefclaude\",\"https:\/\/twitter.com\/7culturec\"],\"logo\":{\"@type\":\"ImageObject\",\"inLanguage\":\"fr-FR\",\"@id\":\"https:\/\/7culture.ci\/#\/schema\/logo\/image\/\",\"url\":\"https:\/\/7culture.ci\/wp-content\/uploads\/2021\/12\/S1a-1.png\",\"contentUrl\":\"https:\/\/7culture.ci\/wp-content\/uploads\/2021\/12\/S1a-1.png\",\"width\":588,\"height\":192,\"caption\":\"7culture\"},\"image\":{\"@id\":\"https:\/\/7culture.ci\/#\/schema\/logo\/image\/\"}},{\"@type\":\"Person\",\"@id\":\"https:\/\/7culture.ci\/#\/schema\/person\/16150d28d7ef66ba788c1f87f28c4426\",\"name\":\"7culture2020\",\"image\":{\"@type\":\"ImageObject\",\"inLanguage\":\"fr-FR\",\"@id\":\"https:\/\/7culture.ci\/#\/schema\/person\/image\/\",\"url\":\"https:\/\/secure.gravatar.com\/avatar\/9a0784f951306c37bcd065f52844ef95?s=96&d=mm&r=g\",\"contentUrl\":\"https:\/\/secure.gravatar.com\/avatar\/9a0784f951306c37bcd065f52844ef95?s=96&d=mm&r=g\",\"caption\":\"7culture2020\"},\"sameAs\":[\"http:\/\/7culture.ci\",\"Claude.kipre\"],\"url\":\"https:\/\/7culture.ci\/index.php\/author\/7culture2020\/\"}]}<\/script>\n<!-- \/ Yoast SEO plugin. -->","yoast_head_json":{"title":"Spectacle\u00a0: Shaoleen veut chiper le palais de la culture -","robots":{"index":"index","follow":"follow","max-snippet":"max-snippet:-1","max-image-preview":"max-image-preview:large","max-video-preview":"max-video-preview:-1"},"canonical":"https:\/\/7culture.ci\/index.php\/2022\/04\/04\/spectacle-shaoleen-veut-chiper-le-palais-de-la-culture\/","og_locale":"fr_FR","og_type":"article","og_title":"Spectacle\u00a0: Shaoleen veut chiper le palais de la culture -","og_description":"Le 14 mai prochain au Palais de la culture, \u00e7\u2019aurait pu \u00eatre un concert ordinaire de c\u00e9l\u00e9bration des 15 ans de carri\u00e8re professionnelle de Shaoleen sur la sc\u00e8ne musicale. Mais, ce show anniversaire prend d\u2019autres tournures. C\u2019est que depuis son entr\u00e9e fracassante dans le show-biz avec la chanson \u2018\u2019 Tatou Chipeur\u2019\u2019 et son refrain populaire &hellip; Spectacle\u00a0: Shaoleen veut chiper le palais de la culture Lire la suite\u00a0\u00bb","og_url":"https:\/\/7culture.ci\/index.php\/2022\/04\/04\/spectacle-shaoleen-veut-chiper-le-palais-de-la-culture\/","og_site_name":"7culture","article_publisher":"https:\/\/www.facebook.com\/redchefclaude","article_published_time":"2022-04-04T17:43:47+00:00","article_modified_time":"2022-04-05T11:06:45+00:00","og_image":[{"width":1080,"height":720,"url":"http:\/\/7culture.ci\/wp-content\/uploads\/2022\/04\/8.jpeg","type":"image\/jpeg"}],"author":"7culture2020","twitter_card":"summary_large_image","twitter_creator":"@7culturec","twitter_site":"@7culturec","twitter_misc":{"\u00c9crit par":"7culture2020","Dur\u00e9e de lecture estim\u00e9e":"6 minutes"},"schema":{"@context":"https:\/\/schema.org","@graph":[{"@type":"Article","@id":"https:\/\/7culture.ci\/index.php\/2022\/04\/04\/spectacle-shaoleen-veut-chiper-le-palais-de-la-culture\/#article","isPartOf":{"@id":"https:\/\/7culture.ci\/index.php\/2022\/04\/04\/spectacle-shaoleen-veut-chiper-le-palais-de-la-culture\/"},"author":{"name":"7culture2020","@id":"https:\/\/7culture.ci\/#\/schema\/person\/16150d28d7ef66ba788c1f87f28c4426"},"headline":"Spectacle\u00a0: Shaoleen veut chiper le palais de la culture","datePublished":"2022-04-04T17:43:47+00:00","dateModified":"2022-04-05T11:06:45+00:00","mainEntityOfPage":{"@id":"https:\/\/7culture.ci\/index.php\/2022\/04\/04\/spectacle-shaoleen-veut-chiper-le-palais-de-la-culture\/"},"wordCount":987,"commentCount":0,"publisher":{"@id":"https:\/\/7culture.ci\/#organization"},"articleSection":["Musique"],"inLanguage":"fr-FR","potentialAction":[{"@type":"CommentAction","name":"Comment","target":["https:\/\/7culture.ci\/index.php\/2022\/04\/04\/spectacle-shaoleen-veut-chiper-le-palais-de-la-culture\/#respond"]}]},{"@type":"WebPage","@id":"https:\/\/7culture.ci\/index.php\/2022\/04\/04\/spectacle-shaoleen-veut-chiper-le-palais-de-la-culture\/","url":"https:\/\/7culture.ci\/index.php\/2022\/04\/04\/spectacle-shaoleen-veut-chiper-le-palais-de-la-culture\/","name":"Spectacle\u00a0: Shaoleen veut chiper le palais de la culture -","isPartOf":{"@id":"https:\/\/7culture.ci\/#website"},"datePublished":"2022-04-04T17:43:47+00:00","dateModified":"2022-04-05T11:06:45+00:00","breadcrumb":{"@id":"https:\/\/7culture.ci\/index.php\/2022\/04\/04\/spectacle-shaoleen-veut-chiper-le-palais-de-la-culture\/#breadcrumb"},"inLanguage":"fr-FR","potentialAction":[{"@type":"ReadAction","target":["https:\/\/7culture.ci\/index.php\/2022\/04\/04\/spectacle-shaoleen-veut-chiper-le-palais-de-la-culture\/"]}]},{"@type":"BreadcrumbList","@id":"https:\/\/7culture.ci\/index.php\/2022\/04\/04\/spectacle-shaoleen-veut-chiper-le-palais-de-la-culture\/#breadcrumb","itemListElement":[{"@type":"ListItem","position":1,"name":"Accueil","item":"https:\/\/7culture.ci\/"},{"@type":"ListItem","position":2,"name":"Spectacle\u00a0: Shaoleen veut chiper le palais de la culture"}]},{"@type":"WebSite","@id":"https:\/\/7culture.ci\/#website","url":"https:\/\/7culture.ci\/","name":"7culture","description":"Tout sur l&#039;actualit\u00e9","publisher":{"@id":"https:\/\/7culture.ci\/#organization"},"potentialAction":[{"@type":"SearchAction","target":{"@type":"EntryPoint","urlTemplate":"https:\/\/7culture.ci\/?s={search_term_string}"},"query-input":"required name=search_term_string"}],"inLanguage":"fr-FR"},{"@type":"Organization","@id":"https:\/\/7culture.ci\/#organization","name":"7culture","url":"https:\/\/7culture.ci\/","sameAs":["https:\/\/www.facebook.com\/redchefclaude","https:\/\/twitter.com\/7culturec"],"logo":{"@type":"ImageObject","inLanguage":"fr-FR","@id":"https:\/\/7culture.ci\/#\/schema\/logo\/image\/","url":"https:\/\/7culture.ci\/wp-content\/uploads\/2021\/12\/S1a-1.png","contentUrl":"https:\/\/7culture.ci\/wp-content\/uploads\/2021\/12\/S1a-1.png","width":588,"height":192,"caption":"7culture"},"image":{"@id":"https:\/\/7culture.ci\/#\/schema\/logo\/image\/"}},{"@type":"Person","@id":"https:\/\/7culture.ci\/#\/schema\/person\/16150d28d7ef66ba788c1f87f28c4426","name":"7culture2020","image":{"@type":"ImageObject","inLanguage":"fr-FR","@id":"https:\/\/7culture.ci\/#\/schema\/person\/image\/","url":"https:\/\/secure.gravatar.com\/avatar\/9a0784f951306c37bcd065f52844ef95?s=96&d=mm&r=g","contentUrl":"https:\/\/secure.gravatar.com\/avatar\/9a0784f951306c37bcd065f52844ef95?s=96&d=mm&r=g","caption":"7culture2020"},"sameAs":["http:\/\/7culture.ci","Claude.kipre"],"url":"https:\/\/7culture.ci\/index.php\/author\/7culture2020\/"}]}},"jetpack_featured_media_url":"https:\/\/7culture.ci\/wp-content\/uploads\/2022\/04\/8.jpeg","jetpack_likes_enabled":true,"jetpack_sharing_enabled":true,"_links":{"self":[{"href":"https:\/\/7culture.ci\/index.php\/wp-json\/wp\/v2\/posts\/20489"}],"collection":[{"href":"https:\/\/7culture.ci\/index.php\/wp-json\/wp\/v2\/posts"}],"about":[{"href":"https:\/\/7culture.ci\/index.php\/wp-json\/wp\/v2\/types\/post"}],"author":[{"embeddable":true,"href":"https:\/\/7culture.ci\/index.php\/wp-json\/wp\/v2\/users\/1"}],"replies":[{"embeddable":true,"href":"https:\/\/7culture.ci\/index.php\/wp-json\/wp\/v2\/comments?post=20489"}],"version-history":[{"count":0,"href":"https:\/\/7culture.ci\/index.php\/wp-json\/wp\/v2\/posts\/20489\/revisions"}],"wp:featuredmedia":[{"embeddable":true,"href":"https:\/\/7culture.ci\/index.php\/wp-json\/wp\/v2\/media\/20490"}],"wp:attachment":[{"href":"https:\/\/7culture.ci\/index.php\/wp-json\/wp\/v2\/media?parent=20489"}],"wp:term":[{"taxonomy":"category","embeddable":true,"href":"https:\/\/7culture.ci\/index.php\/wp-json\/wp\/v2\/categories?post=20489"},{"taxonomy":"post_tag","embeddable":true,"href":"https:\/\/7culture.ci\/index.php\/wp-json\/wp\/v2\/tags?post=20489"}],"curies":[{"name":"wp","href":"https:\/\/api.w.org\/{rel}","templated":true}]}}