{"id":20483,"date":"2022-04-04T17:04:01","date_gmt":"2022-04-04T15:04:01","guid":{"rendered":"https:\/\/7culture.ci\/?p=20483"},"modified":"2022-04-04T19:45:23","modified_gmt":"2022-04-04T17:45:23","slug":"grammy-awards-2022-angelique-kidjo-et-black-coffe-font-honneur-a-lafrique","status":"publish","type":"post","link":"https:\/\/7culture.ci\/index.php\/2022\/04\/04\/grammy-awards-2022-angelique-kidjo-et-black-coffe-font-honneur-a-lafrique\/","title":{"rendered":"Grammy Awards 2022\u00a0: Ang\u00e9lique Kidjo et Black Coffe font honneur \u00e0 l\u2019Afrique"},"content":{"rendered":"\n<p>La 64<sup>e<\/sup> c\u00e9r\u00e9monie des Grammy Awards a eu lieu dans la nuit de dimanche 3 \u00e0 lundi 4 avril, \u00e0 Las Vegas aux Etats-Unis. Elle a souri \u00e0 Ang\u00e9lique Kidjo qui a remport\u00e9 le Grammy Award du meilleur album de musique du monde avec l\u2019album \u2018\u2019Mother Nature\u2019\u2019 (M\u00e8re nature). La cat\u00e9gorie Meilleur album de musique Monde r\u00e9compense les interpr\u00e8tes en dehors des \u00c9tats-Unis qui pr\u00e9sentent des influences non europ\u00e9ennes dans leur travail. Cela fait un total de cinq troph\u00e9es d\u00e9croch\u00e9s \u00e0 la c\u00e9l\u00e8bre soir\u00e9e de r\u00e9compenses musicales pour la chanteuse b\u00e9ninoise. Le disque prim\u00e9 est un projet que l\u2019auteure du tube \u2018\u2019Agolo\u2019\u2019 a r\u00e9alis\u00e9 en collaboration avec Yemi Alade, Burna Boy, M. Eazi et Shungudzo que l\u2019auteure du tube \u2018\u2019Agolo\u2019\u2019. Sur la sc\u00e8ne des 64<sup>e<\/sup> Grammy, la diva n\u2019a pas manqu\u00e9 de remerci\u00e9 la jeunesse avec laquelle elle a boss\u00e9. \u00ab <strong><em>La derni\u00e8re fois que j\u2019ai gagn\u00e9, j\u2019ai dit que les jeunes musiciens africains allaient conqu\u00e9rir le monde. Et \u00e0 tous les fans, amoureux de la musique, vous \u00eates toujours l\u00e0 quand nous avons besoin de vous. Quand vous \u00e9coutez, nous avan\u00e7ons. Nous sommes tous africains<\/em><\/strong> \u00bb, a d\u00e9clar\u00e9 la \u2018\u2019quinto Grammy Woman\u2019\u2019 en conclusion de son speech.<\/p>\n\n\n\n<p>Au cours de l\u2019\u00e9quivalent musical des Oscars, les couleurs africaines ont \u00e9galement flott\u00e9 gr\u00e2ce au Sud-Africain Black Coffee. Le DJ a rafl\u00e9 le Grammy Award du meilleur album dans la cat\u00e9gorie Dance\/Electronic avec \u2018\u2019Subconsciously\u2019\u2019 (Inconsciemment). Disc-jockey et producteur de musique tr\u00e8s connu en Afrique de Sud, c\u2019est son 7<sup>e<\/sup> album studio qui le met au pinacle de la musique. \u00ab&nbsp;<strong><em>Je veux remercier mes fans et les gens tout autour du monde qui suivent mon travail. Je remercie ma famille et mes enfants. L\u00e0, c\u2019est mon a\u00een\u00e9 mais j\u2019en ai cinq autres alors je reviendrai!<\/em><\/strong>\u00bb, a promis l\u2019artiste sud-africain qui \u00e9tait accompagn\u00e9 d\u2019un de ses enfants.<\/p>\n\n\n\n<div class=\"wp-block-image\"><figure class=\"aligncenter size-full is-resized\"><img loading=\"lazy\" decoding=\"async\" src=\"http:\/\/7culture.ci\/wp-content\/uploads\/2022\/04\/BCG.jpg\" alt=\"\" class=\"wp-image-20486\" width=\"605\" height=\"454\" srcset=\"https:\/\/7culture.ci\/wp-content\/uploads\/2022\/04\/BCG.jpg 640w, https:\/\/7culture.ci\/wp-content\/uploads\/2022\/04\/BCG-300x225.jpg 300w\" sizes=\"(max-width: 605px) 100vw, 605px\" \/><\/figure><\/div>\n\n\n\n<p>Huit chanteurs africains \u00e9taient nomin\u00e9s aux Grammy Awards 2022, qui devraient avoir lieu \u00e0 Los Angeles le lundi 31 janvier. Ce sont Wizkid, Burna Boy, Tems, Femi Kuti, Made Kuti, Ang\u00e9lique Kidjo, Rocky Dawuni et Black Coffee.<\/p>\n\n\n\n<p>Pendant la c\u00e9l\u00e8bre c\u00e9r\u00e9monie qui s\u2019est tenue dans la nuit de dimanche \u00e0 lundi 4 avril \u00e0 Las Vegas, apr\u00e8s avoir \u00e9t\u00e9 deux fois report\u00e9e pour des raisons sanitaires li\u00e9es \u00e0 la covid-19, le Grammy Award de l\u2019album de l&#8217;ann\u00e9e est attribu\u00e9 \u00e0 \u2018\u2019We Are\u2019\u2019 de Jon Batiste. Le musicien et chef d\u2019orchestre am\u00e9ricain a aussi d\u00e9croch\u00e9 \u00e0 la m\u00eame soir\u00e9e, la r\u00e9compense de Clip de l&#8217;ann\u00e9e avec sa chanson \u2018\u2019Freedom\u2019\u2019. Le Grammy Award de la chanson de l&#8217;ann\u00e9e est r\u00e9colt\u00e9 par \u2018\u2019Leave The Door Open\u2019\u2019 du talentueux Bruno Mars et celui de la r\u00e9v\u00e9lation de l&#8217;ann\u00e9e est all\u00e9 \u00e0 Olivia Rodrigo. La jeune chanteuse am\u00e9ricaine est \u00e9galement repartie de la c\u00e9r\u00e9monie avec le sacre de meilleur album pop de l&#8217;ann\u00e9e pour \u2018\u2019Sour\u2019\u2019. Dans la cat\u00e9gorie Album rock de l&#8217;ann\u00e9e, c\u2019est \u2018\u2019Medicine At Midnight\u2019\u2019 du groupe am\u00e9ricain Foo Fighters qui est vainqueur. La section Album rap de l&#8217;ann\u00e9e, \u2018\u2019Call Me If You Get Lost\u2019\u2019 du rappeur et producteur statois Tyler, The Creator.<\/p>\n\n\n\n<p>Par Omar AK<\/p>\n","protected":false},"excerpt":{"rendered":"<p>La 64e c\u00e9r\u00e9monie des Grammy Awards a eu lieu dans la nuit de dimanche 3 \u00e0 lundi 4 avril, \u00e0 Las Vegas aux Etats-Unis. Elle a souri \u00e0 Ang\u00e9lique Kidjo qui a remport\u00e9 le Grammy Award du meilleur album de musique du monde avec l\u2019album \u2018\u2019Mother Nature\u2019\u2019 (M\u00e8re nature). La cat\u00e9gorie Meilleur album de musique &hellip;<\/p>\n<p class=\"read-more\"> <a class=\"\" href=\"https:\/\/7culture.ci\/index.php\/2022\/04\/04\/grammy-awards-2022-angelique-kidjo-et-black-coffe-font-honneur-a-lafrique\/\"> <span class=\"screen-reader-text\">Grammy Awards 2022\u00a0: Ang\u00e9lique Kidjo et Black Coffe font honneur \u00e0 l\u2019Afrique<\/span> Lire la suite\u00a0\u00bb<\/a><\/p>\n","protected":false},"author":1,"featured_media":20484,"comment_status":"open","ping_status":"open","sticky":false,"template":"","format":"standard","meta":{"_mi_skip_tracking":false,"_monsterinsights_sitenote_active":false,"_monsterinsights_sitenote_note":"","_monsterinsights_sitenote_category":0,"site-sidebar-layout":"default","site-content-layout":"default","ast-global-header-display":"","ast-main-header-display":"","ast-hfb-above-header-display":"","ast-hfb-below-header-display":"","ast-hfb-mobile-header-display":"","site-post-title":"","ast-breadcrumbs-content":"","ast-featured-img":"","footer-sml-layout":"","theme-transparent-header-meta":"","adv-header-id-meta":"","stick-header-meta":"","header-above-stick-meta":"","header-main-stick-meta":"","header-below-stick-meta":"","footnotes":"","jetpack_publicize_message":"","jetpack_is_tweetstorm":false,"jetpack_publicize_feature_enabled":true},"categories":[16],"tags":[],"jetpack_publicize_connections":[],"acf":[],"aioseo_notices":[],"yoast_head":"<!-- This site is optimized with the Yoast SEO plugin v19.6.1 - https:\/\/yoast.com\/wordpress\/plugins\/seo\/ -->\n<title>Grammy Awards 2022\u00a0: Ang\u00e9lique Kidjo et Black Coffe font honneur \u00e0 l\u2019Afrique -<\/title>\n<meta name=\"robots\" content=\"index, follow, max-snippet:-1, max-image-preview:large, max-video-preview:-1\" \/>\n<link rel=\"canonical\" href=\"https:\/\/7culture.ci\/index.php\/2022\/04\/04\/grammy-awards-2022-angelique-kidjo-et-black-coffe-font-honneur-a-lafrique\/\" \/>\n<meta property=\"og:locale\" content=\"fr_FR\" \/>\n<meta property=\"og:type\" content=\"article\" \/>\n<meta property=\"og:title\" content=\"Grammy Awards 2022\u00a0: Ang\u00e9lique Kidjo et Black Coffe font honneur \u00e0 l\u2019Afrique -\" \/>\n<meta property=\"og:description\" content=\"La 64e c\u00e9r\u00e9monie des Grammy Awards a eu lieu dans la nuit de dimanche 3 \u00e0 lundi 4 avril, \u00e0 Las Vegas aux Etats-Unis. Elle a souri \u00e0 Ang\u00e9lique Kidjo qui a remport\u00e9 le Grammy Award du meilleur album de musique du monde avec l\u2019album \u2018\u2019Mother Nature\u2019\u2019 (M\u00e8re nature). La cat\u00e9gorie Meilleur album de musique &hellip; Grammy Awards 2022\u00a0: Ang\u00e9lique Kidjo et Black Coffe font honneur \u00e0 l\u2019Afrique Lire la suite\u00a0\u00bb\" \/>\n<meta property=\"og:url\" content=\"https:\/\/7culture.ci\/index.php\/2022\/04\/04\/grammy-awards-2022-angelique-kidjo-et-black-coffe-font-honneur-a-lafrique\/\" \/>\n<meta property=\"og:site_name\" content=\"7culture\" \/>\n<meta property=\"article:publisher\" content=\"https:\/\/www.facebook.com\/redchefclaude\" \/>\n<meta property=\"article:published_time\" content=\"2022-04-04T15:04:01+00:00\" \/>\n<meta property=\"article:modified_time\" content=\"2022-04-04T17:45:23+00:00\" \/>\n<meta property=\"og:image\" content=\"http:\/\/7culture.ci\/wp-content\/uploads\/2022\/04\/angeliquekidjogrammys2022.jpg\" \/>\n\t<meta property=\"og:image:width\" content=\"744\" \/>\n\t<meta property=\"og:image:height\" content=\"484\" \/>\n\t<meta property=\"og:image:type\" content=\"image\/jpeg\" \/>\n<meta name=\"author\" content=\"7culture2020\" \/>\n<meta name=\"twitter:card\" content=\"summary_large_image\" \/>\n<meta name=\"twitter:creator\" content=\"@7culturec\" \/>\n<meta name=\"twitter:site\" content=\"@7culturec\" \/>\n<meta name=\"twitter:label1\" content=\"\u00c9crit par\" \/>\n\t<meta name=\"twitter:data1\" content=\"7culture2020\" \/>\n\t<meta name=\"twitter:label2\" content=\"Dur\u00e9e de lecture estim\u00e9e\" \/>\n\t<meta name=\"twitter:data2\" content=\"3 minutes\" \/>\n<script type=\"application\/ld+json\" class=\"yoast-schema-graph\">{\"@context\":\"https:\/\/schema.org\",\"@graph\":[{\"@type\":\"Article\",\"@id\":\"https:\/\/7culture.ci\/index.php\/2022\/04\/04\/grammy-awards-2022-angelique-kidjo-et-black-coffe-font-honneur-a-lafrique\/#article\",\"isPartOf\":{\"@id\":\"https:\/\/7culture.ci\/index.php\/2022\/04\/04\/grammy-awards-2022-angelique-kidjo-et-black-coffe-font-honneur-a-lafrique\/\"},\"author\":{\"name\":\"7culture2020\",\"@id\":\"https:\/\/7culture.ci\/#\/schema\/person\/16150d28d7ef66ba788c1f87f28c4426\"},\"headline\":\"Grammy Awards 2022\u00a0: Ang\u00e9lique Kidjo et Black Coffe font honneur \u00e0 l\u2019Afrique\",\"datePublished\":\"2022-04-04T15:04:01+00:00\",\"dateModified\":\"2022-04-04T17:45:23+00:00\",\"mainEntityOfPage\":{\"@id\":\"https:\/\/7culture.ci\/index.php\/2022\/04\/04\/grammy-awards-2022-angelique-kidjo-et-black-coffe-font-honneur-a-lafrique\/\"},\"wordCount\":572,\"commentCount\":0,\"publisher\":{\"@id\":\"https:\/\/7culture.ci\/#organization\"},\"articleSection\":[\"Musique\"],\"inLanguage\":\"fr-FR\",\"potentialAction\":[{\"@type\":\"CommentAction\",\"name\":\"Comment\",\"target\":[\"https:\/\/7culture.ci\/index.php\/2022\/04\/04\/grammy-awards-2022-angelique-kidjo-et-black-coffe-font-honneur-a-lafrique\/#respond\"]}]},{\"@type\":\"WebPage\",\"@id\":\"https:\/\/7culture.ci\/index.php\/2022\/04\/04\/grammy-awards-2022-angelique-kidjo-et-black-coffe-font-honneur-a-lafrique\/\",\"url\":\"https:\/\/7culture.ci\/index.php\/2022\/04\/04\/grammy-awards-2022-angelique-kidjo-et-black-coffe-font-honneur-a-lafrique\/\",\"name\":\"Grammy Awards 2022\u00a0: Ang\u00e9lique Kidjo et Black Coffe font honneur \u00e0 l\u2019Afrique -\",\"isPartOf\":{\"@id\":\"https:\/\/7culture.ci\/#website\"},\"datePublished\":\"2022-04-04T15:04:01+00:00\",\"dateModified\":\"2022-04-04T17:45:23+00:00\",\"breadcrumb\":{\"@id\":\"https:\/\/7culture.ci\/index.php\/2022\/04\/04\/grammy-awards-2022-angelique-kidjo-et-black-coffe-font-honneur-a-lafrique\/#breadcrumb\"},\"inLanguage\":\"fr-FR\",\"potentialAction\":[{\"@type\":\"ReadAction\",\"target\":[\"https:\/\/7culture.ci\/index.php\/2022\/04\/04\/grammy-awards-2022-angelique-kidjo-et-black-coffe-font-honneur-a-lafrique\/\"]}]},{\"@type\":\"BreadcrumbList\",\"@id\":\"https:\/\/7culture.ci\/index.php\/2022\/04\/04\/grammy-awards-2022-angelique-kidjo-et-black-coffe-font-honneur-a-lafrique\/#breadcrumb\",\"itemListElement\":[{\"@type\":\"ListItem\",\"position\":1,\"name\":\"Accueil\",\"item\":\"https:\/\/7culture.ci\/\"},{\"@type\":\"ListItem\",\"position\":2,\"name\":\"Grammy Awards 2022\u00a0: Ang\u00e9lique Kidjo et Black Coffe font honneur \u00e0 l\u2019Afrique\"}]},{\"@type\":\"WebSite\",\"@id\":\"https:\/\/7culture.ci\/#website\",\"url\":\"https:\/\/7culture.ci\/\",\"name\":\"7culture\",\"description\":\"Tout sur l&#039;actualit\u00e9\",\"publisher\":{\"@id\":\"https:\/\/7culture.ci\/#organization\"},\"potentialAction\":[{\"@type\":\"SearchAction\",\"target\":{\"@type\":\"EntryPoint\",\"urlTemplate\":\"https:\/\/7culture.ci\/?s={search_term_string}\"},\"query-input\":\"required name=search_term_string\"}],\"inLanguage\":\"fr-FR\"},{\"@type\":\"Organization\",\"@id\":\"https:\/\/7culture.ci\/#organization\",\"name\":\"7culture\",\"url\":\"https:\/\/7culture.ci\/\",\"sameAs\":[\"https:\/\/www.facebook.com\/redchefclaude\",\"https:\/\/twitter.com\/7culturec\"],\"logo\":{\"@type\":\"ImageObject\",\"inLanguage\":\"fr-FR\",\"@id\":\"https:\/\/7culture.ci\/#\/schema\/logo\/image\/\",\"url\":\"https:\/\/7culture.ci\/wp-content\/uploads\/2021\/12\/S1a-1.png\",\"contentUrl\":\"https:\/\/7culture.ci\/wp-content\/uploads\/2021\/12\/S1a-1.png\",\"width\":588,\"height\":192,\"caption\":\"7culture\"},\"image\":{\"@id\":\"https:\/\/7culture.ci\/#\/schema\/logo\/image\/\"}},{\"@type\":\"Person\",\"@id\":\"https:\/\/7culture.ci\/#\/schema\/person\/16150d28d7ef66ba788c1f87f28c4426\",\"name\":\"7culture2020\",\"image\":{\"@type\":\"ImageObject\",\"inLanguage\":\"fr-FR\",\"@id\":\"https:\/\/7culture.ci\/#\/schema\/person\/image\/\",\"url\":\"https:\/\/secure.gravatar.com\/avatar\/9a0784f951306c37bcd065f52844ef95?s=96&d=mm&r=g\",\"contentUrl\":\"https:\/\/secure.gravatar.com\/avatar\/9a0784f951306c37bcd065f52844ef95?s=96&d=mm&r=g\",\"caption\":\"7culture2020\"},\"sameAs\":[\"http:\/\/7culture.ci\",\"Claude.kipre\"],\"url\":\"https:\/\/7culture.ci\/index.php\/author\/7culture2020\/\"}]}<\/script>\n<!-- \/ Yoast SEO plugin. -->","yoast_head_json":{"title":"Grammy Awards 2022\u00a0: Ang\u00e9lique Kidjo et Black Coffe font honneur \u00e0 l\u2019Afrique -","robots":{"index":"index","follow":"follow","max-snippet":"max-snippet:-1","max-image-preview":"max-image-preview:large","max-video-preview":"max-video-preview:-1"},"canonical":"https:\/\/7culture.ci\/index.php\/2022\/04\/04\/grammy-awards-2022-angelique-kidjo-et-black-coffe-font-honneur-a-lafrique\/","og_locale":"fr_FR","og_type":"article","og_title":"Grammy Awards 2022\u00a0: Ang\u00e9lique Kidjo et Black Coffe font honneur \u00e0 l\u2019Afrique -","og_description":"La 64e c\u00e9r\u00e9monie des Grammy Awards a eu lieu dans la nuit de dimanche 3 \u00e0 lundi 4 avril, \u00e0 Las Vegas aux Etats-Unis. Elle a souri \u00e0 Ang\u00e9lique Kidjo qui a remport\u00e9 le Grammy Award du meilleur album de musique du monde avec l\u2019album \u2018\u2019Mother Nature\u2019\u2019 (M\u00e8re nature). La cat\u00e9gorie Meilleur album de musique &hellip; Grammy Awards 2022\u00a0: Ang\u00e9lique Kidjo et Black Coffe font honneur \u00e0 l\u2019Afrique Lire la suite\u00a0\u00bb","og_url":"https:\/\/7culture.ci\/index.php\/2022\/04\/04\/grammy-awards-2022-angelique-kidjo-et-black-coffe-font-honneur-a-lafrique\/","og_site_name":"7culture","article_publisher":"https:\/\/www.facebook.com\/redchefclaude","article_published_time":"2022-04-04T15:04:01+00:00","article_modified_time":"2022-04-04T17:45:23+00:00","og_image":[{"width":744,"height":484,"url":"http:\/\/7culture.ci\/wp-content\/uploads\/2022\/04\/angeliquekidjogrammys2022.jpg","type":"image\/jpeg"}],"author":"7culture2020","twitter_card":"summary_large_image","twitter_creator":"@7culturec","twitter_site":"@7culturec","twitter_misc":{"\u00c9crit par":"7culture2020","Dur\u00e9e de lecture estim\u00e9e":"3 minutes"},"schema":{"@context":"https:\/\/schema.org","@graph":[{"@type":"Article","@id":"https:\/\/7culture.ci\/index.php\/2022\/04\/04\/grammy-awards-2022-angelique-kidjo-et-black-coffe-font-honneur-a-lafrique\/#article","isPartOf":{"@id":"https:\/\/7culture.ci\/index.php\/2022\/04\/04\/grammy-awards-2022-angelique-kidjo-et-black-coffe-font-honneur-a-lafrique\/"},"author":{"name":"7culture2020","@id":"https:\/\/7culture.ci\/#\/schema\/person\/16150d28d7ef66ba788c1f87f28c4426"},"headline":"Grammy Awards 2022\u00a0: Ang\u00e9lique Kidjo et Black Coffe font honneur \u00e0 l\u2019Afrique","datePublished":"2022-04-04T15:04:01+00:00","dateModified":"2022-04-04T17:45:23+00:00","mainEntityOfPage":{"@id":"https:\/\/7culture.ci\/index.php\/2022\/04\/04\/grammy-awards-2022-angelique-kidjo-et-black-coffe-font-honneur-a-lafrique\/"},"wordCount":572,"commentCount":0,"publisher":{"@id":"https:\/\/7culture.ci\/#organization"},"articleSection":["Musique"],"inLanguage":"fr-FR","potentialAction":[{"@type":"CommentAction","name":"Comment","target":["https:\/\/7culture.ci\/index.php\/2022\/04\/04\/grammy-awards-2022-angelique-kidjo-et-black-coffe-font-honneur-a-lafrique\/#respond"]}]},{"@type":"WebPage","@id":"https:\/\/7culture.ci\/index.php\/2022\/04\/04\/grammy-awards-2022-angelique-kidjo-et-black-coffe-font-honneur-a-lafrique\/","url":"https:\/\/7culture.ci\/index.php\/2022\/04\/04\/grammy-awards-2022-angelique-kidjo-et-black-coffe-font-honneur-a-lafrique\/","name":"Grammy Awards 2022\u00a0: Ang\u00e9lique Kidjo et Black Coffe font honneur \u00e0 l\u2019Afrique -","isPartOf":{"@id":"https:\/\/7culture.ci\/#website"},"datePublished":"2022-04-04T15:04:01+00:00","dateModified":"2022-04-04T17:45:23+00:00","breadcrumb":{"@id":"https:\/\/7culture.ci\/index.php\/2022\/04\/04\/grammy-awards-2022-angelique-kidjo-et-black-coffe-font-honneur-a-lafrique\/#breadcrumb"},"inLanguage":"fr-FR","potentialAction":[{"@type":"ReadAction","target":["https:\/\/7culture.ci\/index.php\/2022\/04\/04\/grammy-awards-2022-angelique-kidjo-et-black-coffe-font-honneur-a-lafrique\/"]}]},{"@type":"BreadcrumbList","@id":"https:\/\/7culture.ci\/index.php\/2022\/04\/04\/grammy-awards-2022-angelique-kidjo-et-black-coffe-font-honneur-a-lafrique\/#breadcrumb","itemListElement":[{"@type":"ListItem","position":1,"name":"Accueil","item":"https:\/\/7culture.ci\/"},{"@type":"ListItem","position":2,"name":"Grammy Awards 2022\u00a0: Ang\u00e9lique Kidjo et Black Coffe font honneur \u00e0 l\u2019Afrique"}]},{"@type":"WebSite","@id":"https:\/\/7culture.ci\/#website","url":"https:\/\/7culture.ci\/","name":"7culture","description":"Tout sur l&#039;actualit\u00e9","publisher":{"@id":"https:\/\/7culture.ci\/#organization"},"potentialAction":[{"@type":"SearchAction","target":{"@type":"EntryPoint","urlTemplate":"https:\/\/7culture.ci\/?s={search_term_string}"},"query-input":"required name=search_term_string"}],"inLanguage":"fr-FR"},{"@type":"Organization","@id":"https:\/\/7culture.ci\/#organization","name":"7culture","url":"https:\/\/7culture.ci\/","sameAs":["https:\/\/www.facebook.com\/redchefclaude","https:\/\/twitter.com\/7culturec"],"logo":{"@type":"ImageObject","inLanguage":"fr-FR","@id":"https:\/\/7culture.ci\/#\/schema\/logo\/image\/","url":"https:\/\/7culture.ci\/wp-content\/uploads\/2021\/12\/S1a-1.png","contentUrl":"https:\/\/7culture.ci\/wp-content\/uploads\/2021\/12\/S1a-1.png","width":588,"height":192,"caption":"7culture"},"image":{"@id":"https:\/\/7culture.ci\/#\/schema\/logo\/image\/"}},{"@type":"Person","@id":"https:\/\/7culture.ci\/#\/schema\/person\/16150d28d7ef66ba788c1f87f28c4426","name":"7culture2020","image":{"@type":"ImageObject","inLanguage":"fr-FR","@id":"https:\/\/7culture.ci\/#\/schema\/person\/image\/","url":"https:\/\/secure.gravatar.com\/avatar\/9a0784f951306c37bcd065f52844ef95?s=96&d=mm&r=g","contentUrl":"https:\/\/secure.gravatar.com\/avatar\/9a0784f951306c37bcd065f52844ef95?s=96&d=mm&r=g","caption":"7culture2020"},"sameAs":["http:\/\/7culture.ci","Claude.kipre"],"url":"https:\/\/7culture.ci\/index.php\/author\/7culture2020\/"}]}},"jetpack_featured_media_url":"https:\/\/7culture.ci\/wp-content\/uploads\/2022\/04\/angeliquekidjogrammys2022.jpg","jetpack_likes_enabled":true,"jetpack_sharing_enabled":true,"_links":{"self":[{"href":"https:\/\/7culture.ci\/index.php\/wp-json\/wp\/v2\/posts\/20483"}],"collection":[{"href":"https:\/\/7culture.ci\/index.php\/wp-json\/wp\/v2\/posts"}],"about":[{"href":"https:\/\/7culture.ci\/index.php\/wp-json\/wp\/v2\/types\/post"}],"author":[{"embeddable":true,"href":"https:\/\/7culture.ci\/index.php\/wp-json\/wp\/v2\/users\/1"}],"replies":[{"embeddable":true,"href":"https:\/\/7culture.ci\/index.php\/wp-json\/wp\/v2\/comments?post=20483"}],"version-history":[{"count":0,"href":"https:\/\/7culture.ci\/index.php\/wp-json\/wp\/v2\/posts\/20483\/revisions"}],"wp:featuredmedia":[{"embeddable":true,"href":"https:\/\/7culture.ci\/index.php\/wp-json\/wp\/v2\/media\/20484"}],"wp:attachment":[{"href":"https:\/\/7culture.ci\/index.php\/wp-json\/wp\/v2\/media?parent=20483"}],"wp:term":[{"taxonomy":"category","embeddable":true,"href":"https:\/\/7culture.ci\/index.php\/wp-json\/wp\/v2\/categories?post=20483"},{"taxonomy":"post_tag","embeddable":true,"href":"https:\/\/7culture.ci\/index.php\/wp-json\/wp\/v2\/tags?post=20483"}],"curies":[{"name":"wp","href":"https:\/\/api.w.org\/{rel}","templated":true}]}}