{"id":20432,"date":"2022-03-30T17:38:44","date_gmt":"2022-03-30T15:38:44","guid":{"rendered":"https:\/\/7culture.ci\/?p=20432"},"modified":"2022-03-30T17:38:47","modified_gmt":"2022-03-30T15:38:47","slug":"evenement-voici-la-soiree-speciale-des-travailleurs","status":"publish","type":"post","link":"https:\/\/7culture.ci\/index.php\/2022\/03\/30\/evenement-voici-la-soiree-speciale-des-travailleurs\/","title":{"rendered":"\u00c9v\u00e8nement\u00a0: Voici la Soir\u00e9e Sp\u00e9ciale des Travailleurs"},"content":{"rendered":"\n<p>Dans l\u2019agenda des \u00e9v\u00e8nements culturels en C\u00f4te d\u2019Ivoire, il faut ajouter la Soir\u00e9e Sp\u00e9ciale des Travailleurs (SST) dont la 1<sup>e<\/sup> \u00e9dition se tiendra du 30 avril au 1<sup>er<\/sup> mai 2022 \u00e0 l\u2019h\u00f4tel Palm Club d\u2019Abidjan-Cocody. Au cours d\u2019une conf\u00e9rence de presse anim\u00e9e le samedi 26 mars dernier dans un salon du r\u00e9ceptif h\u00f4telier, Paul Koffmann et D\u00e9sir\u00e9e M\u00e9l\u00e8dje, tous responsables chez la soci\u00e9t\u00e9 Boason Crowd Capital, initiatrice de l\u2019\u00e9v\u00e8nement, ont relev\u00e9 la n\u00e9cessit\u00e9 de la tenue d\u2019une telle c\u00e9r\u00e9monie en honneur du travailleur.<\/p>\n\n\n\n<p>Situ\u00e9e dans la ferveur de la c\u00e9l\u00e9bration de la F\u00eate du Travail, la Soir\u00e9e Sp\u00e9ciale des Travailleurs (SST) propose, dans une bonne d\u00e9tente, des solutions viables pour les salari\u00e9s \u00e0 g\u00e9rer leurs salaires. Il est de notori\u00e9t\u00e9 publique que le succ\u00e8s d\u2019une entreprise repose sur la motivation de ses employ\u00e9s. \u00ab&nbsp;<strong><em>C\u2019est dans un double jeu de revaloriser le salariat en c\u00e9l\u00e9brant le m\u00e9rite de l\u2019excellence des travailleurs qui se d\u00e9marquent dans nos entreprises, puis remotiver les autres \u00e0 challenger de nouvelles performances, que nous avons orchestr\u00e9 \u2018\u2019le diner en blanc du travailleur\u2019\u2019. Un chapitre de la SST qui propose plusieurs activit\u00e9s aussi bien ludiques qu\u2019\u00e9ducatives avec un panel officiel d\u2019\u00e9changes d\u2019exp\u00e9riences avec des salari\u00e9s \u00e0 succ\u00e8s&nbsp;<\/em><\/strong>\u00bb, ont expliqu\u00e9 les conf\u00e9renciers. La d\u00e9marche des initiateurs de cet \u00e9v\u00e8nement est de permettre aux travailleurs de se divertir tout en apprenant les codes pour bien g\u00e9rer leurs salaires et savoir investir. L\u2019id\u00e9e nouvelle est d\u2019\u00e9viter que le salari\u00e9 ne travaille plus par passion mais plut\u00f4t par n\u00e9cessit\u00e9 pour payer ses factures. Il ne faut pas trop promouvoir l\u2019entrepreneuriat en d\u00e9nigrant le salariat.<\/p>\n\n\n\n<div class=\"wp-block-image\"><figure class=\"aligncenter size-large is-resized\"><img loading=\"lazy\" decoding=\"async\" src=\"https:\/\/7culture.ci\/wp-content\/uploads\/2022\/03\/WhatsApp-Image-2022-03-28-at-11.45.28-1-1024x738.jpeg\" alt=\"\" class=\"wp-image-20435\" width=\"681\" height=\"491\" srcset=\"https:\/\/7culture.ci\/wp-content\/uploads\/2022\/03\/WhatsApp-Image-2022-03-28-at-11.45.28-1-1024x738.jpeg 1024w, https:\/\/7culture.ci\/wp-content\/uploads\/2022\/03\/WhatsApp-Image-2022-03-28-at-11.45.28-1-300x216.jpeg 300w, https:\/\/7culture.ci\/wp-content\/uploads\/2022\/03\/WhatsApp-Image-2022-03-28-at-11.45.28-1-768x553.jpeg 768w, https:\/\/7culture.ci\/wp-content\/uploads\/2022\/03\/WhatsApp-Image-2022-03-28-at-11.45.28-1.jpeg 1280w\" sizes=\"(max-width: 681px) 100vw, 681px\" \/><\/figure><\/div>\n\n\n\n<p>Participer \u00e0 la Soir\u00e9e sp\u00e9ciale des travailleurs, c\u2019est assister \u00e0 des panels dont les th\u00e8mes sont \u2018\u2019un nouvel aper\u00e7u du salariat\u2019\u2019, \u2018\u2019une nouvelle motivation au travail\u2019\u2019, \u2018\u2019une saine gestion du salaire\u2019\u2019 et \u2018\u2019une nouvelle perspective de croissance\u2019\u2019. Ce sont des conf\u00e9rences-d\u00e9bats qui vont pr\u00e9c\u00e9der le \u2018\u2019le d\u00eener en blanc du travailleur\u2019\u2019. C\u2019est un diner de c\u00e9l\u00e9bration des salari\u00e9s pour raviver en eux la flamme de l\u2019espoir en un lendemain meilleur. \u00ab&nbsp;<strong><em>Quoi de mieux que de c\u00e9l\u00e9brer les travailleurs au cours d\u2019une soir\u00e9e orchestr\u00e9e par Bokoro Sagesse&nbsp;!<\/em><\/strong>\u00bb, s\u2019exclame une note de la production de la Soir\u00e9e sp\u00e9ciale des travailleurs.<\/p>\n\n\n\n<p>Pr Omar AK<\/p>\n","protected":false},"excerpt":{"rendered":"<p>Dans l\u2019agenda des \u00e9v\u00e8nements culturels en C\u00f4te d\u2019Ivoire, il faut ajouter la Soir\u00e9e Sp\u00e9ciale des Travailleurs (SST) dont la 1e \u00e9dition se tiendra du 30 avril au 1er mai 2022 \u00e0 l\u2019h\u00f4tel Palm Club d\u2019Abidjan-Cocody. Au cours d\u2019une conf\u00e9rence de presse anim\u00e9e le samedi 26 mars dernier dans un salon du r\u00e9ceptif h\u00f4telier, Paul Koffmann &hellip;<\/p>\n<p class=\"read-more\"> <a class=\"\" href=\"https:\/\/7culture.ci\/index.php\/2022\/03\/30\/evenement-voici-la-soiree-speciale-des-travailleurs\/\"> <span class=\"screen-reader-text\">\u00c9v\u00e8nement\u00a0: Voici la Soir\u00e9e Sp\u00e9ciale des Travailleurs<\/span> Lire la suite\u00a0\u00bb<\/a><\/p>\n","protected":false},"author":1,"featured_media":20433,"comment_status":"open","ping_status":"open","sticky":false,"template":"","format":"standard","meta":{"_mi_skip_tracking":false,"_monsterinsights_sitenote_active":false,"_monsterinsights_sitenote_note":"","_monsterinsights_sitenote_category":0,"site-sidebar-layout":"default","site-content-layout":"default","ast-global-header-display":"","ast-main-header-display":"","ast-hfb-above-header-display":"","ast-hfb-below-header-display":"","ast-hfb-mobile-header-display":"","site-post-title":"","ast-breadcrumbs-content":"","ast-featured-img":"","footer-sml-layout":"","theme-transparent-header-meta":"","adv-header-id-meta":"","stick-header-meta":"","header-above-stick-meta":"","header-main-stick-meta":"","header-below-stick-meta":"","footnotes":"","jetpack_publicize_message":"","jetpack_is_tweetstorm":false,"jetpack_publicize_feature_enabled":true},"categories":[22],"tags":[],"jetpack_publicize_connections":[],"acf":[],"aioseo_notices":[],"yoast_head":"<!-- This site is optimized with the Yoast SEO plugin v19.6.1 - https:\/\/yoast.com\/wordpress\/plugins\/seo\/ -->\n<title>\u00c9v\u00e8nement\u00a0: Voici la Soir\u00e9e Sp\u00e9ciale des Travailleurs -<\/title>\n<meta name=\"robots\" content=\"index, follow, max-snippet:-1, max-image-preview:large, max-video-preview:-1\" \/>\n<link rel=\"canonical\" href=\"https:\/\/7culture.ci\/index.php\/2022\/03\/30\/evenement-voici-la-soiree-speciale-des-travailleurs\/\" \/>\n<meta property=\"og:locale\" content=\"fr_FR\" \/>\n<meta property=\"og:type\" content=\"article\" \/>\n<meta property=\"og:title\" content=\"\u00c9v\u00e8nement\u00a0: Voici la Soir\u00e9e Sp\u00e9ciale des Travailleurs -\" \/>\n<meta property=\"og:description\" content=\"Dans l\u2019agenda des \u00e9v\u00e8nements culturels en C\u00f4te d\u2019Ivoire, il faut ajouter la Soir\u00e9e Sp\u00e9ciale des Travailleurs (SST) dont la 1e \u00e9dition se tiendra du 30 avril au 1er mai 2022 \u00e0 l\u2019h\u00f4tel Palm Club d\u2019Abidjan-Cocody. Au cours d\u2019une conf\u00e9rence de presse anim\u00e9e le samedi 26 mars dernier dans un salon du r\u00e9ceptif h\u00f4telier, Paul Koffmann &hellip; \u00c9v\u00e8nement\u00a0: Voici la Soir\u00e9e Sp\u00e9ciale des Travailleurs Lire la suite\u00a0\u00bb\" \/>\n<meta property=\"og:url\" content=\"https:\/\/7culture.ci\/index.php\/2022\/03\/30\/evenement-voici-la-soiree-speciale-des-travailleurs\/\" \/>\n<meta property=\"og:site_name\" content=\"7culture\" \/>\n<meta property=\"article:publisher\" content=\"https:\/\/www.facebook.com\/redchefclaude\" \/>\n<meta property=\"article:published_time\" content=\"2022-03-30T15:38:44+00:00\" \/>\n<meta property=\"article:modified_time\" content=\"2022-03-30T15:38:47+00:00\" \/>\n<meta property=\"og:image\" content=\"http:\/\/7culture.ci\/wp-content\/uploads\/2022\/03\/WhatsApp-Image-2022-03-28-at-11.45.30.jpeg\" \/>\n\t<meta property=\"og:image:width\" content=\"1280\" \/>\n\t<meta property=\"og:image:height\" content=\"922\" \/>\n\t<meta property=\"og:image:type\" content=\"image\/jpeg\" \/>\n<meta name=\"author\" content=\"7culture2020\" \/>\n<meta name=\"twitter:card\" content=\"summary_large_image\" \/>\n<meta name=\"twitter:creator\" content=\"@7culturec\" \/>\n<meta name=\"twitter:site\" content=\"@7culturec\" \/>\n<meta name=\"twitter:label1\" content=\"\u00c9crit par\" \/>\n\t<meta name=\"twitter:data1\" content=\"7culture2020\" \/>\n\t<meta name=\"twitter:label2\" content=\"Dur\u00e9e de lecture estim\u00e9e\" \/>\n\t<meta name=\"twitter:data2\" content=\"3 minutes\" \/>\n<script type=\"application\/ld+json\" class=\"yoast-schema-graph\">{\"@context\":\"https:\/\/schema.org\",\"@graph\":[{\"@type\":\"Article\",\"@id\":\"https:\/\/7culture.ci\/index.php\/2022\/03\/30\/evenement-voici-la-soiree-speciale-des-travailleurs\/#article\",\"isPartOf\":{\"@id\":\"https:\/\/7culture.ci\/index.php\/2022\/03\/30\/evenement-voici-la-soiree-speciale-des-travailleurs\/\"},\"author\":{\"name\":\"7culture2020\",\"@id\":\"https:\/\/7culture.ci\/#\/schema\/person\/16150d28d7ef66ba788c1f87f28c4426\"},\"headline\":\"\u00c9v\u00e8nement\u00a0: Voici la Soir\u00e9e Sp\u00e9ciale des Travailleurs\",\"datePublished\":\"2022-03-30T15:38:44+00:00\",\"dateModified\":\"2022-03-30T15:38:47+00:00\",\"mainEntityOfPage\":{\"@id\":\"https:\/\/7culture.ci\/index.php\/2022\/03\/30\/evenement-voici-la-soiree-speciale-des-travailleurs\/\"},\"wordCount\":453,\"commentCount\":0,\"publisher\":{\"@id\":\"https:\/\/7culture.ci\/#organization\"},\"articleSection\":[\"Actualit\u00e9\"],\"inLanguage\":\"fr-FR\",\"potentialAction\":[{\"@type\":\"CommentAction\",\"name\":\"Comment\",\"target\":[\"https:\/\/7culture.ci\/index.php\/2022\/03\/30\/evenement-voici-la-soiree-speciale-des-travailleurs\/#respond\"]}]},{\"@type\":\"WebPage\",\"@id\":\"https:\/\/7culture.ci\/index.php\/2022\/03\/30\/evenement-voici-la-soiree-speciale-des-travailleurs\/\",\"url\":\"https:\/\/7culture.ci\/index.php\/2022\/03\/30\/evenement-voici-la-soiree-speciale-des-travailleurs\/\",\"name\":\"\u00c9v\u00e8nement\u00a0: Voici la Soir\u00e9e Sp\u00e9ciale des Travailleurs -\",\"isPartOf\":{\"@id\":\"https:\/\/7culture.ci\/#website\"},\"datePublished\":\"2022-03-30T15:38:44+00:00\",\"dateModified\":\"2022-03-30T15:38:47+00:00\",\"breadcrumb\":{\"@id\":\"https:\/\/7culture.ci\/index.php\/2022\/03\/30\/evenement-voici-la-soiree-speciale-des-travailleurs\/#breadcrumb\"},\"inLanguage\":\"fr-FR\",\"potentialAction\":[{\"@type\":\"ReadAction\",\"target\":[\"https:\/\/7culture.ci\/index.php\/2022\/03\/30\/evenement-voici-la-soiree-speciale-des-travailleurs\/\"]}]},{\"@type\":\"BreadcrumbList\",\"@id\":\"https:\/\/7culture.ci\/index.php\/2022\/03\/30\/evenement-voici-la-soiree-speciale-des-travailleurs\/#breadcrumb\",\"itemListElement\":[{\"@type\":\"ListItem\",\"position\":1,\"name\":\"Accueil\",\"item\":\"https:\/\/7culture.ci\/\"},{\"@type\":\"ListItem\",\"position\":2,\"name\":\"\u00c9v\u00e8nement\u00a0: Voici la Soir\u00e9e Sp\u00e9ciale des Travailleurs\"}]},{\"@type\":\"WebSite\",\"@id\":\"https:\/\/7culture.ci\/#website\",\"url\":\"https:\/\/7culture.ci\/\",\"name\":\"7culture\",\"description\":\"Tout sur l&#039;actualit\u00e9\",\"publisher\":{\"@id\":\"https:\/\/7culture.ci\/#organization\"},\"potentialAction\":[{\"@type\":\"SearchAction\",\"target\":{\"@type\":\"EntryPoint\",\"urlTemplate\":\"https:\/\/7culture.ci\/?s={search_term_string}\"},\"query-input\":\"required name=search_term_string\"}],\"inLanguage\":\"fr-FR\"},{\"@type\":\"Organization\",\"@id\":\"https:\/\/7culture.ci\/#organization\",\"name\":\"7culture\",\"url\":\"https:\/\/7culture.ci\/\",\"sameAs\":[\"https:\/\/www.facebook.com\/redchefclaude\",\"https:\/\/twitter.com\/7culturec\"],\"logo\":{\"@type\":\"ImageObject\",\"inLanguage\":\"fr-FR\",\"@id\":\"https:\/\/7culture.ci\/#\/schema\/logo\/image\/\",\"url\":\"https:\/\/7culture.ci\/wp-content\/uploads\/2021\/12\/S1a-1.png\",\"contentUrl\":\"https:\/\/7culture.ci\/wp-content\/uploads\/2021\/12\/S1a-1.png\",\"width\":588,\"height\":192,\"caption\":\"7culture\"},\"image\":{\"@id\":\"https:\/\/7culture.ci\/#\/schema\/logo\/image\/\"}},{\"@type\":\"Person\",\"@id\":\"https:\/\/7culture.ci\/#\/schema\/person\/16150d28d7ef66ba788c1f87f28c4426\",\"name\":\"7culture2020\",\"image\":{\"@type\":\"ImageObject\",\"inLanguage\":\"fr-FR\",\"@id\":\"https:\/\/7culture.ci\/#\/schema\/person\/image\/\",\"url\":\"https:\/\/secure.gravatar.com\/avatar\/9a0784f951306c37bcd065f52844ef95?s=96&d=mm&r=g\",\"contentUrl\":\"https:\/\/secure.gravatar.com\/avatar\/9a0784f951306c37bcd065f52844ef95?s=96&d=mm&r=g\",\"caption\":\"7culture2020\"},\"sameAs\":[\"http:\/\/7culture.ci\",\"Claude.kipre\"],\"url\":\"https:\/\/7culture.ci\/index.php\/author\/7culture2020\/\"}]}<\/script>\n<!-- \/ Yoast SEO plugin. -->","yoast_head_json":{"title":"\u00c9v\u00e8nement\u00a0: Voici la Soir\u00e9e Sp\u00e9ciale des Travailleurs -","robots":{"index":"index","follow":"follow","max-snippet":"max-snippet:-1","max-image-preview":"max-image-preview:large","max-video-preview":"max-video-preview:-1"},"canonical":"https:\/\/7culture.ci\/index.php\/2022\/03\/30\/evenement-voici-la-soiree-speciale-des-travailleurs\/","og_locale":"fr_FR","og_type":"article","og_title":"\u00c9v\u00e8nement\u00a0: Voici la Soir\u00e9e Sp\u00e9ciale des Travailleurs -","og_description":"Dans l\u2019agenda des \u00e9v\u00e8nements culturels en C\u00f4te d\u2019Ivoire, il faut ajouter la Soir\u00e9e Sp\u00e9ciale des Travailleurs (SST) dont la 1e \u00e9dition se tiendra du 30 avril au 1er mai 2022 \u00e0 l\u2019h\u00f4tel Palm Club d\u2019Abidjan-Cocody. Au cours d\u2019une conf\u00e9rence de presse anim\u00e9e le samedi 26 mars dernier dans un salon du r\u00e9ceptif h\u00f4telier, Paul Koffmann &hellip; \u00c9v\u00e8nement\u00a0: Voici la Soir\u00e9e Sp\u00e9ciale des Travailleurs Lire la suite\u00a0\u00bb","og_url":"https:\/\/7culture.ci\/index.php\/2022\/03\/30\/evenement-voici-la-soiree-speciale-des-travailleurs\/","og_site_name":"7culture","article_publisher":"https:\/\/www.facebook.com\/redchefclaude","article_published_time":"2022-03-30T15:38:44+00:00","article_modified_time":"2022-03-30T15:38:47+00:00","og_image":[{"width":1280,"height":922,"url":"http:\/\/7culture.ci\/wp-content\/uploads\/2022\/03\/WhatsApp-Image-2022-03-28-at-11.45.30.jpeg","type":"image\/jpeg"}],"author":"7culture2020","twitter_card":"summary_large_image","twitter_creator":"@7culturec","twitter_site":"@7culturec","twitter_misc":{"\u00c9crit par":"7culture2020","Dur\u00e9e de lecture estim\u00e9e":"3 minutes"},"schema":{"@context":"https:\/\/schema.org","@graph":[{"@type":"Article","@id":"https:\/\/7culture.ci\/index.php\/2022\/03\/30\/evenement-voici-la-soiree-speciale-des-travailleurs\/#article","isPartOf":{"@id":"https:\/\/7culture.ci\/index.php\/2022\/03\/30\/evenement-voici-la-soiree-speciale-des-travailleurs\/"},"author":{"name":"7culture2020","@id":"https:\/\/7culture.ci\/#\/schema\/person\/16150d28d7ef66ba788c1f87f28c4426"},"headline":"\u00c9v\u00e8nement\u00a0: Voici la Soir\u00e9e Sp\u00e9ciale des Travailleurs","datePublished":"2022-03-30T15:38:44+00:00","dateModified":"2022-03-30T15:38:47+00:00","mainEntityOfPage":{"@id":"https:\/\/7culture.ci\/index.php\/2022\/03\/30\/evenement-voici-la-soiree-speciale-des-travailleurs\/"},"wordCount":453,"commentCount":0,"publisher":{"@id":"https:\/\/7culture.ci\/#organization"},"articleSection":["Actualit\u00e9"],"inLanguage":"fr-FR","potentialAction":[{"@type":"CommentAction","name":"Comment","target":["https:\/\/7culture.ci\/index.php\/2022\/03\/30\/evenement-voici-la-soiree-speciale-des-travailleurs\/#respond"]}]},{"@type":"WebPage","@id":"https:\/\/7culture.ci\/index.php\/2022\/03\/30\/evenement-voici-la-soiree-speciale-des-travailleurs\/","url":"https:\/\/7culture.ci\/index.php\/2022\/03\/30\/evenement-voici-la-soiree-speciale-des-travailleurs\/","name":"\u00c9v\u00e8nement\u00a0: Voici la Soir\u00e9e Sp\u00e9ciale des Travailleurs -","isPartOf":{"@id":"https:\/\/7culture.ci\/#website"},"datePublished":"2022-03-30T15:38:44+00:00","dateModified":"2022-03-30T15:38:47+00:00","breadcrumb":{"@id":"https:\/\/7culture.ci\/index.php\/2022\/03\/30\/evenement-voici-la-soiree-speciale-des-travailleurs\/#breadcrumb"},"inLanguage":"fr-FR","potentialAction":[{"@type":"ReadAction","target":["https:\/\/7culture.ci\/index.php\/2022\/03\/30\/evenement-voici-la-soiree-speciale-des-travailleurs\/"]}]},{"@type":"BreadcrumbList","@id":"https:\/\/7culture.ci\/index.php\/2022\/03\/30\/evenement-voici-la-soiree-speciale-des-travailleurs\/#breadcrumb","itemListElement":[{"@type":"ListItem","position":1,"name":"Accueil","item":"https:\/\/7culture.ci\/"},{"@type":"ListItem","position":2,"name":"\u00c9v\u00e8nement\u00a0: Voici la Soir\u00e9e Sp\u00e9ciale des Travailleurs"}]},{"@type":"WebSite","@id":"https:\/\/7culture.ci\/#website","url":"https:\/\/7culture.ci\/","name":"7culture","description":"Tout sur l&#039;actualit\u00e9","publisher":{"@id":"https:\/\/7culture.ci\/#organization"},"potentialAction":[{"@type":"SearchAction","target":{"@type":"EntryPoint","urlTemplate":"https:\/\/7culture.ci\/?s={search_term_string}"},"query-input":"required name=search_term_string"}],"inLanguage":"fr-FR"},{"@type":"Organization","@id":"https:\/\/7culture.ci\/#organization","name":"7culture","url":"https:\/\/7culture.ci\/","sameAs":["https:\/\/www.facebook.com\/redchefclaude","https:\/\/twitter.com\/7culturec"],"logo":{"@type":"ImageObject","inLanguage":"fr-FR","@id":"https:\/\/7culture.ci\/#\/schema\/logo\/image\/","url":"https:\/\/7culture.ci\/wp-content\/uploads\/2021\/12\/S1a-1.png","contentUrl":"https:\/\/7culture.ci\/wp-content\/uploads\/2021\/12\/S1a-1.png","width":588,"height":192,"caption":"7culture"},"image":{"@id":"https:\/\/7culture.ci\/#\/schema\/logo\/image\/"}},{"@type":"Person","@id":"https:\/\/7culture.ci\/#\/schema\/person\/16150d28d7ef66ba788c1f87f28c4426","name":"7culture2020","image":{"@type":"ImageObject","inLanguage":"fr-FR","@id":"https:\/\/7culture.ci\/#\/schema\/person\/image\/","url":"https:\/\/secure.gravatar.com\/avatar\/9a0784f951306c37bcd065f52844ef95?s=96&d=mm&r=g","contentUrl":"https:\/\/secure.gravatar.com\/avatar\/9a0784f951306c37bcd065f52844ef95?s=96&d=mm&r=g","caption":"7culture2020"},"sameAs":["http:\/\/7culture.ci","Claude.kipre"],"url":"https:\/\/7culture.ci\/index.php\/author\/7culture2020\/"}]}},"jetpack_featured_media_url":"https:\/\/7culture.ci\/wp-content\/uploads\/2022\/03\/WhatsApp-Image-2022-03-28-at-11.45.30.jpeg","jetpack_likes_enabled":true,"jetpack_sharing_enabled":true,"_links":{"self":[{"href":"https:\/\/7culture.ci\/index.php\/wp-json\/wp\/v2\/posts\/20432"}],"collection":[{"href":"https:\/\/7culture.ci\/index.php\/wp-json\/wp\/v2\/posts"}],"about":[{"href":"https:\/\/7culture.ci\/index.php\/wp-json\/wp\/v2\/types\/post"}],"author":[{"embeddable":true,"href":"https:\/\/7culture.ci\/index.php\/wp-json\/wp\/v2\/users\/1"}],"replies":[{"embeddable":true,"href":"https:\/\/7culture.ci\/index.php\/wp-json\/wp\/v2\/comments?post=20432"}],"version-history":[{"count":0,"href":"https:\/\/7culture.ci\/index.php\/wp-json\/wp\/v2\/posts\/20432\/revisions"}],"wp:featuredmedia":[{"embeddable":true,"href":"https:\/\/7culture.ci\/index.php\/wp-json\/wp\/v2\/media\/20433"}],"wp:attachment":[{"href":"https:\/\/7culture.ci\/index.php\/wp-json\/wp\/v2\/media?parent=20432"}],"wp:term":[{"taxonomy":"category","embeddable":true,"href":"https:\/\/7culture.ci\/index.php\/wp-json\/wp\/v2\/categories?post=20432"},{"taxonomy":"post_tag","embeddable":true,"href":"https:\/\/7culture.ci\/index.php\/wp-json\/wp\/v2\/tags?post=20432"}],"curies":[{"name":"wp","href":"https:\/\/api.w.org\/{rel}","templated":true}]}}