{"id":20247,"date":"2022-03-23T16:18:46","date_gmt":"2022-03-23T15:18:46","guid":{"rendered":"https:\/\/7culture.ci\/?p=20247"},"modified":"2022-03-23T16:18:50","modified_gmt":"2022-03-23T15:18:50","slug":"concours-competences-qui-succedera-a-la-radio-nationale-catholique","status":"publish","type":"post","link":"https:\/\/7culture.ci\/index.php\/2022\/03\/23\/concours-competences-qui-succedera-a-la-radio-nationale-catholique\/","title":{"rendered":"Concours Comp\u00e9tences\u00a0: Qui succ\u00e9dera \u00e0 la Radio nationale catholique\u00a0?"},"content":{"rendered":"\n<p>Les laur\u00e9ats de la 3<sup>e<\/sup> \u00e9dition de concours Comp\u00e9tences, ouverte aux cha\u00eenes de radios, toutes tendances confondues, seront connus le 15 novembre prochain, a r\u00e9v\u00e9l\u00e9 la directrice de l\u2019ONG Christem Organisation, Christelle Amessan, samedi 19 mars 2022, \u00e0 Abidjan, lors de la c\u00e9r\u00e9monie de lancement.<\/p>\n\n\n\n<p>Les radios voulant faire office de candidature devront produire, \u00e0 compter du 19 mars jusqu\u2019au 15 octobre, un reportage, une \u00e9mission en studio avec des invit\u00e9s sur le th\u00e8me donn\u00e9, un po\u00e8me sur le th\u00e8me produit par un \u00e9tablissement scolaire choisi par la radio et \u00e0 titre facultatif, un m\u00e9moire qui donnera droit \u00e0 un bonus de cinq points \u00e0 l\u2019auteur.<\/p>\n\n\n\n<figure class=\"wp-block-gallery has-nested-images columns-default is-cropped wp-block-gallery-1 is-layout-flex wp-block-gallery-is-layout-flex\">\n<figure class=\"wp-block-image size-large\"><img loading=\"lazy\" decoding=\"async\" width=\"900\" height=\"600\" data-id=\"20249\" src=\"https:\/\/7culture.ci\/wp-content\/uploads\/2022\/03\/IMG-20220322-WA0029.jpg\" alt=\"\" class=\"wp-image-20249\" srcset=\"https:\/\/7culture.ci\/wp-content\/uploads\/2022\/03\/IMG-20220322-WA0029.jpg 900w, https:\/\/7culture.ci\/wp-content\/uploads\/2022\/03\/IMG-20220322-WA0029-300x200.jpg 300w, https:\/\/7culture.ci\/wp-content\/uploads\/2022\/03\/IMG-20220322-WA0029-768x512.jpg 768w\" sizes=\"(max-width: 900px) 100vw, 900px\" \/><\/figure>\n\n\n\n<figure class=\"wp-block-image size-large\"><img loading=\"lazy\" decoding=\"async\" width=\"900\" height=\"600\" data-id=\"20251\" src=\"https:\/\/7culture.ci\/wp-content\/uploads\/2022\/03\/IMG-20220322-WA0031.jpg\" alt=\"\" class=\"wp-image-20251\" srcset=\"https:\/\/7culture.ci\/wp-content\/uploads\/2022\/03\/IMG-20220322-WA0031.jpg 900w, https:\/\/7culture.ci\/wp-content\/uploads\/2022\/03\/IMG-20220322-WA0031-300x200.jpg 300w, https:\/\/7culture.ci\/wp-content\/uploads\/2022\/03\/IMG-20220322-WA0031-768x512.jpg 768w\" sizes=\"(max-width: 900px) 100vw, 900px\" \/><\/figure>\n\n\n\n<figure class=\"wp-block-image size-large\"><img loading=\"lazy\" decoding=\"async\" width=\"900\" height=\"600\" data-id=\"20250\" src=\"https:\/\/7culture.ci\/wp-content\/uploads\/2022\/03\/IMG-20220322-WA0032.jpg\" alt=\"\" class=\"wp-image-20250\" srcset=\"https:\/\/7culture.ci\/wp-content\/uploads\/2022\/03\/IMG-20220322-WA0032.jpg 900w, https:\/\/7culture.ci\/wp-content\/uploads\/2022\/03\/IMG-20220322-WA0032-300x200.jpg 300w, https:\/\/7culture.ci\/wp-content\/uploads\/2022\/03\/IMG-20220322-WA0032-768x512.jpg 768w\" sizes=\"(max-width: 900px) 100vw, 900px\" \/><\/figure>\n<\/figure>\n\n\n\n<p>Les candidatures sont exprim\u00e9es par courrier physique ou \u00e9lectronique adress\u00e9 \u00e0 la structure organisatrice. La date de cl\u00f4ture des candidatures est fix\u00e9e au 31 mars. Le th\u00e8me de cette 3\u00e8 \u00e9dition est&nbsp;: L\u2019hygi\u00e8ne alimentaire dans les cantines scolaires.<\/p>\n\n\n\n<p>Au titre des r\u00e9compenses, a pr\u00e9cis\u00e9 Mme Amessan, les deux meilleures radios seront prim\u00e9es au cours d\u2019une soir\u00e9e de distinction et de remise de troph\u00e9es. Elles recevront des m\u00e9dailles, des troph\u00e9es et des lots d\u2019\u00e9quipement compos\u00e9s de mat\u00e9riels informatiques, de mat\u00e9riels audio-visuels, de mat\u00e9riels de sonorisation, de mat\u00e9riels didactiques, de produits d\u2019entretien&#8230; Des attestations et des m\u00e9dailles seront remises \u00e0 toutes les radios participantes.<\/p>\n\n\n\n<figure class=\"wp-block-gallery has-nested-images columns-default is-cropped wp-block-gallery-2 is-layout-flex wp-block-gallery-is-layout-flex\">\n<figure class=\"wp-block-image size-large\"><img loading=\"lazy\" decoding=\"async\" width=\"920\" height=\"425\" data-id=\"20254\" src=\"https:\/\/7culture.ci\/wp-content\/uploads\/2022\/03\/IMG-20220321-WA0066.jpg\" alt=\"\" class=\"wp-image-20254\" srcset=\"https:\/\/7culture.ci\/wp-content\/uploads\/2022\/03\/IMG-20220321-WA0066.jpg 920w, https:\/\/7culture.ci\/wp-content\/uploads\/2022\/03\/IMG-20220321-WA0066-300x139.jpg 300w, https:\/\/7culture.ci\/wp-content\/uploads\/2022\/03\/IMG-20220321-WA0066-768x355.jpg 768w\" sizes=\"(max-width: 920px) 100vw, 920px\" \/><\/figure>\n\n\n\n<figure class=\"wp-block-image size-large\"><img loading=\"lazy\" decoding=\"async\" width=\"715\" height=\"606\" data-id=\"20252\" src=\"https:\/\/7culture.ci\/wp-content\/uploads\/2022\/03\/IMG-20220321-WA0083.jpg\" alt=\"\" class=\"wp-image-20252\" srcset=\"https:\/\/7culture.ci\/wp-content\/uploads\/2022\/03\/IMG-20220321-WA0083.jpg 715w, https:\/\/7culture.ci\/wp-content\/uploads\/2022\/03\/IMG-20220321-WA0083-300x254.jpg 300w\" sizes=\"(max-width: 715px) 100vw, 715px\" \/><\/figure>\n\n\n\n<figure class=\"wp-block-image size-large\"><img loading=\"lazy\" decoding=\"async\" width=\"1024\" height=\"576\" data-id=\"20253\" src=\"https:\/\/7culture.ci\/wp-content\/uploads\/2022\/03\/IMG-20220321-WA0085-1024x576.jpg\" alt=\"\" class=\"wp-image-20253\" srcset=\"https:\/\/7culture.ci\/wp-content\/uploads\/2022\/03\/IMG-20220321-WA0085-1024x576.jpg 1024w, https:\/\/7culture.ci\/wp-content\/uploads\/2022\/03\/IMG-20220321-WA0085-300x169.jpg 300w, https:\/\/7culture.ci\/wp-content\/uploads\/2022\/03\/IMG-20220321-WA0085-768x432.jpg 768w, https:\/\/7culture.ci\/wp-content\/uploads\/2022\/03\/IMG-20220321-WA0085.jpg 1080w\" sizes=\"(max-width: 1024px) 100vw, 1024px\" \/><\/figure>\n<\/figure>\n\n\n\n<p>\u00ab <strong><em>Pour cette \u00e9dition de Concours Comp\u00e9tences, dans l\u2019une des \u00e9preuves, les candidats devront faire r\u00e9f\u00e9rence soit aux cinq clefs de l\u2019Organisation mondiale de la sant\u00e9, soit aux 10 clefs propos\u00e9es par l\u2019Institut national de l\u2019hygi\u00e8ne publique sur la nutrition<\/em><\/strong> \u00bb, a rench\u00e9ri Mme Christelle Amessan, exprimant sa gratitude aux radios qui r\u00e9pondent \u00e0 son appel depuis la premi\u00e8re \u00e9dition en 2018.<\/p>\n\n\n\n<p>Le vainqueur de cette ann\u00e9e succ\u00e8dera \u00e0 la Radio nationale catholique, vainqueur de la deuxi\u00e8me \u00e9dition.<\/p>\n","protected":false},"excerpt":{"rendered":"<p>Les laur\u00e9ats de la 3e \u00e9dition de concours Comp\u00e9tences, ouverte aux cha\u00eenes de radios, toutes tendances confondues, seront connus le 15 novembre prochain, a r\u00e9v\u00e9l\u00e9 la directrice de l\u2019ONG Christem Organisation, Christelle Amessan, samedi 19 mars 2022, \u00e0 Abidjan, lors de la c\u00e9r\u00e9monie de lancement. Les radios voulant faire office de candidature devront produire, \u00e0 &hellip;<\/p>\n<p class=\"read-more\"> <a class=\"\" href=\"https:\/\/7culture.ci\/index.php\/2022\/03\/23\/concours-competences-qui-succedera-a-la-radio-nationale-catholique\/\"> <span class=\"screen-reader-text\">Concours Comp\u00e9tences\u00a0: Qui succ\u00e9dera \u00e0 la Radio nationale catholique\u00a0?<\/span> Lire la suite\u00a0\u00bb<\/a><\/p>\n","protected":false},"author":1,"featured_media":20248,"comment_status":"open","ping_status":"open","sticky":false,"template":"","format":"standard","meta":{"_mi_skip_tracking":false,"_monsterinsights_sitenote_active":false,"_monsterinsights_sitenote_note":"","_monsterinsights_sitenote_category":0,"site-sidebar-layout":"default","site-content-layout":"default","ast-global-header-display":"","ast-main-header-display":"","ast-hfb-above-header-display":"","ast-hfb-below-header-display":"","ast-hfb-mobile-header-display":"","site-post-title":"","ast-breadcrumbs-content":"","ast-featured-img":"","footer-sml-layout":"","theme-transparent-header-meta":"","adv-header-id-meta":"","stick-header-meta":"","header-above-stick-meta":"","header-main-stick-meta":"","header-below-stick-meta":"","footnotes":"","jetpack_publicize_message":"","jetpack_is_tweetstorm":false,"jetpack_publicize_feature_enabled":true},"categories":[33],"tags":[],"jetpack_publicize_connections":[],"acf":[],"aioseo_notices":[],"yoast_head":"<!-- This site is optimized with the Yoast SEO plugin v19.6.1 - https:\/\/yoast.com\/wordpress\/plugins\/seo\/ -->\n<title>Concours Comp\u00e9tences\u00a0: Qui succ\u00e9dera \u00e0 la Radio nationale catholique\u00a0? -<\/title>\n<meta name=\"robots\" content=\"index, follow, max-snippet:-1, max-image-preview:large, max-video-preview:-1\" \/>\n<link rel=\"canonical\" href=\"https:\/\/7culture.ci\/index.php\/2022\/03\/23\/concours-competences-qui-succedera-a-la-radio-nationale-catholique\/\" \/>\n<meta property=\"og:locale\" content=\"fr_FR\" \/>\n<meta property=\"og:type\" content=\"article\" \/>\n<meta property=\"og:title\" content=\"Concours Comp\u00e9tences\u00a0: Qui succ\u00e9dera \u00e0 la Radio nationale catholique\u00a0? -\" \/>\n<meta property=\"og:description\" content=\"Les laur\u00e9ats de la 3e \u00e9dition de concours Comp\u00e9tences, ouverte aux cha\u00eenes de radios, toutes tendances confondues, seront connus le 15 novembre prochain, a r\u00e9v\u00e9l\u00e9 la directrice de l\u2019ONG Christem Organisation, Christelle Amessan, samedi 19 mars 2022, \u00e0 Abidjan, lors de la c\u00e9r\u00e9monie de lancement. Les radios voulant faire office de candidature devront produire, \u00e0 &hellip; Concours Comp\u00e9tences\u00a0: Qui succ\u00e9dera \u00e0 la Radio nationale catholique\u00a0? Lire la suite\u00a0\u00bb\" \/>\n<meta property=\"og:url\" content=\"https:\/\/7culture.ci\/index.php\/2022\/03\/23\/concours-competences-qui-succedera-a-la-radio-nationale-catholique\/\" \/>\n<meta property=\"og:site_name\" content=\"7culture\" \/>\n<meta property=\"article:publisher\" content=\"https:\/\/www.facebook.com\/redchefclaude\" \/>\n<meta property=\"article:published_time\" content=\"2022-03-23T15:18:46+00:00\" \/>\n<meta property=\"article:modified_time\" content=\"2022-03-23T15:18:50+00:00\" \/>\n<meta property=\"og:image\" content=\"http:\/\/7culture.ci\/wp-content\/uploads\/2022\/03\/IMG-20220322-WA0030.jpg\" \/>\n\t<meta property=\"og:image:width\" content=\"900\" \/>\n\t<meta property=\"og:image:height\" content=\"600\" \/>\n\t<meta property=\"og:image:type\" content=\"image\/jpeg\" \/>\n<meta name=\"author\" content=\"7culture2020\" \/>\n<meta name=\"twitter:card\" content=\"summary_large_image\" \/>\n<meta name=\"twitter:creator\" content=\"@7culturec\" \/>\n<meta name=\"twitter:site\" content=\"@7culturec\" \/>\n<meta name=\"twitter:label1\" content=\"\u00c9crit par\" \/>\n\t<meta name=\"twitter:data1\" content=\"7culture2020\" \/>\n\t<meta name=\"twitter:label2\" content=\"Dur\u00e9e de lecture estim\u00e9e\" \/>\n\t<meta name=\"twitter:data2\" content=\"3 minutes\" \/>\n<script type=\"application\/ld+json\" class=\"yoast-schema-graph\">{\"@context\":\"https:\/\/schema.org\",\"@graph\":[{\"@type\":\"Article\",\"@id\":\"https:\/\/7culture.ci\/index.php\/2022\/03\/23\/concours-competences-qui-succedera-a-la-radio-nationale-catholique\/#article\",\"isPartOf\":{\"@id\":\"https:\/\/7culture.ci\/index.php\/2022\/03\/23\/concours-competences-qui-succedera-a-la-radio-nationale-catholique\/\"},\"author\":{\"name\":\"7culture2020\",\"@id\":\"https:\/\/7culture.ci\/#\/schema\/person\/16150d28d7ef66ba788c1f87f28c4426\"},\"headline\":\"Concours Comp\u00e9tences\u00a0: Qui succ\u00e9dera \u00e0 la Radio nationale catholique\u00a0?\",\"datePublished\":\"2022-03-23T15:18:46+00:00\",\"dateModified\":\"2022-03-23T15:18:50+00:00\",\"mainEntityOfPage\":{\"@id\":\"https:\/\/7culture.ci\/index.php\/2022\/03\/23\/concours-competences-qui-succedera-a-la-radio-nationale-catholique\/\"},\"wordCount\":329,\"commentCount\":0,\"publisher\":{\"@id\":\"https:\/\/7culture.ci\/#organization\"},\"articleSection\":[\"M\u00e9dia\"],\"inLanguage\":\"fr-FR\",\"potentialAction\":[{\"@type\":\"CommentAction\",\"name\":\"Comment\",\"target\":[\"https:\/\/7culture.ci\/index.php\/2022\/03\/23\/concours-competences-qui-succedera-a-la-radio-nationale-catholique\/#respond\"]}]},{\"@type\":\"WebPage\",\"@id\":\"https:\/\/7culture.ci\/index.php\/2022\/03\/23\/concours-competences-qui-succedera-a-la-radio-nationale-catholique\/\",\"url\":\"https:\/\/7culture.ci\/index.php\/2022\/03\/23\/concours-competences-qui-succedera-a-la-radio-nationale-catholique\/\",\"name\":\"Concours Comp\u00e9tences\u00a0: Qui succ\u00e9dera \u00e0 la Radio nationale catholique\u00a0? -\",\"isPartOf\":{\"@id\":\"https:\/\/7culture.ci\/#website\"},\"datePublished\":\"2022-03-23T15:18:46+00:00\",\"dateModified\":\"2022-03-23T15:18:50+00:00\",\"breadcrumb\":{\"@id\":\"https:\/\/7culture.ci\/index.php\/2022\/03\/23\/concours-competences-qui-succedera-a-la-radio-nationale-catholique\/#breadcrumb\"},\"inLanguage\":\"fr-FR\",\"potentialAction\":[{\"@type\":\"ReadAction\",\"target\":[\"https:\/\/7culture.ci\/index.php\/2022\/03\/23\/concours-competences-qui-succedera-a-la-radio-nationale-catholique\/\"]}]},{\"@type\":\"BreadcrumbList\",\"@id\":\"https:\/\/7culture.ci\/index.php\/2022\/03\/23\/concours-competences-qui-succedera-a-la-radio-nationale-catholique\/#breadcrumb\",\"itemListElement\":[{\"@type\":\"ListItem\",\"position\":1,\"name\":\"Accueil\",\"item\":\"https:\/\/7culture.ci\/\"},{\"@type\":\"ListItem\",\"position\":2,\"name\":\"Concours Comp\u00e9tences\u00a0: Qui succ\u00e9dera \u00e0 la Radio nationale catholique\u00a0?\"}]},{\"@type\":\"WebSite\",\"@id\":\"https:\/\/7culture.ci\/#website\",\"url\":\"https:\/\/7culture.ci\/\",\"name\":\"7culture\",\"description\":\"Tout sur l&#039;actualit\u00e9\",\"publisher\":{\"@id\":\"https:\/\/7culture.ci\/#organization\"},\"potentialAction\":[{\"@type\":\"SearchAction\",\"target\":{\"@type\":\"EntryPoint\",\"urlTemplate\":\"https:\/\/7culture.ci\/?s={search_term_string}\"},\"query-input\":\"required name=search_term_string\"}],\"inLanguage\":\"fr-FR\"},{\"@type\":\"Organization\",\"@id\":\"https:\/\/7culture.ci\/#organization\",\"name\":\"7culture\",\"url\":\"https:\/\/7culture.ci\/\",\"sameAs\":[\"https:\/\/www.facebook.com\/redchefclaude\",\"https:\/\/twitter.com\/7culturec\"],\"logo\":{\"@type\":\"ImageObject\",\"inLanguage\":\"fr-FR\",\"@id\":\"https:\/\/7culture.ci\/#\/schema\/logo\/image\/\",\"url\":\"https:\/\/7culture.ci\/wp-content\/uploads\/2021\/12\/S1a-1.png\",\"contentUrl\":\"https:\/\/7culture.ci\/wp-content\/uploads\/2021\/12\/S1a-1.png\",\"width\":588,\"height\":192,\"caption\":\"7culture\"},\"image\":{\"@id\":\"https:\/\/7culture.ci\/#\/schema\/logo\/image\/\"}},{\"@type\":\"Person\",\"@id\":\"https:\/\/7culture.ci\/#\/schema\/person\/16150d28d7ef66ba788c1f87f28c4426\",\"name\":\"7culture2020\",\"image\":{\"@type\":\"ImageObject\",\"inLanguage\":\"fr-FR\",\"@id\":\"https:\/\/7culture.ci\/#\/schema\/person\/image\/\",\"url\":\"https:\/\/secure.gravatar.com\/avatar\/9a0784f951306c37bcd065f52844ef95?s=96&d=mm&r=g\",\"contentUrl\":\"https:\/\/secure.gravatar.com\/avatar\/9a0784f951306c37bcd065f52844ef95?s=96&d=mm&r=g\",\"caption\":\"7culture2020\"},\"sameAs\":[\"http:\/\/7culture.ci\",\"Claude.kipre\"],\"url\":\"https:\/\/7culture.ci\/index.php\/author\/7culture2020\/\"}]}<\/script>\n<!-- \/ Yoast SEO plugin. -->","yoast_head_json":{"title":"Concours Comp\u00e9tences\u00a0: Qui succ\u00e9dera \u00e0 la Radio nationale catholique\u00a0? -","robots":{"index":"index","follow":"follow","max-snippet":"max-snippet:-1","max-image-preview":"max-image-preview:large","max-video-preview":"max-video-preview:-1"},"canonical":"https:\/\/7culture.ci\/index.php\/2022\/03\/23\/concours-competences-qui-succedera-a-la-radio-nationale-catholique\/","og_locale":"fr_FR","og_type":"article","og_title":"Concours Comp\u00e9tences\u00a0: Qui succ\u00e9dera \u00e0 la Radio nationale catholique\u00a0? -","og_description":"Les laur\u00e9ats de la 3e \u00e9dition de concours Comp\u00e9tences, ouverte aux cha\u00eenes de radios, toutes tendances confondues, seront connus le 15 novembre prochain, a r\u00e9v\u00e9l\u00e9 la directrice de l\u2019ONG Christem Organisation, Christelle Amessan, samedi 19 mars 2022, \u00e0 Abidjan, lors de la c\u00e9r\u00e9monie de lancement. Les radios voulant faire office de candidature devront produire, \u00e0 &hellip; Concours Comp\u00e9tences\u00a0: Qui succ\u00e9dera \u00e0 la Radio nationale catholique\u00a0? Lire la suite\u00a0\u00bb","og_url":"https:\/\/7culture.ci\/index.php\/2022\/03\/23\/concours-competences-qui-succedera-a-la-radio-nationale-catholique\/","og_site_name":"7culture","article_publisher":"https:\/\/www.facebook.com\/redchefclaude","article_published_time":"2022-03-23T15:18:46+00:00","article_modified_time":"2022-03-23T15:18:50+00:00","og_image":[{"width":900,"height":600,"url":"http:\/\/7culture.ci\/wp-content\/uploads\/2022\/03\/IMG-20220322-WA0030.jpg","type":"image\/jpeg"}],"author":"7culture2020","twitter_card":"summary_large_image","twitter_creator":"@7culturec","twitter_site":"@7culturec","twitter_misc":{"\u00c9crit par":"7culture2020","Dur\u00e9e de lecture estim\u00e9e":"3 minutes"},"schema":{"@context":"https:\/\/schema.org","@graph":[{"@type":"Article","@id":"https:\/\/7culture.ci\/index.php\/2022\/03\/23\/concours-competences-qui-succedera-a-la-radio-nationale-catholique\/#article","isPartOf":{"@id":"https:\/\/7culture.ci\/index.php\/2022\/03\/23\/concours-competences-qui-succedera-a-la-radio-nationale-catholique\/"},"author":{"name":"7culture2020","@id":"https:\/\/7culture.ci\/#\/schema\/person\/16150d28d7ef66ba788c1f87f28c4426"},"headline":"Concours Comp\u00e9tences\u00a0: Qui succ\u00e9dera \u00e0 la Radio nationale catholique\u00a0?","datePublished":"2022-03-23T15:18:46+00:00","dateModified":"2022-03-23T15:18:50+00:00","mainEntityOfPage":{"@id":"https:\/\/7culture.ci\/index.php\/2022\/03\/23\/concours-competences-qui-succedera-a-la-radio-nationale-catholique\/"},"wordCount":329,"commentCount":0,"publisher":{"@id":"https:\/\/7culture.ci\/#organization"},"articleSection":["M\u00e9dia"],"inLanguage":"fr-FR","potentialAction":[{"@type":"CommentAction","name":"Comment","target":["https:\/\/7culture.ci\/index.php\/2022\/03\/23\/concours-competences-qui-succedera-a-la-radio-nationale-catholique\/#respond"]}]},{"@type":"WebPage","@id":"https:\/\/7culture.ci\/index.php\/2022\/03\/23\/concours-competences-qui-succedera-a-la-radio-nationale-catholique\/","url":"https:\/\/7culture.ci\/index.php\/2022\/03\/23\/concours-competences-qui-succedera-a-la-radio-nationale-catholique\/","name":"Concours Comp\u00e9tences\u00a0: Qui succ\u00e9dera \u00e0 la Radio nationale catholique\u00a0? -","isPartOf":{"@id":"https:\/\/7culture.ci\/#website"},"datePublished":"2022-03-23T15:18:46+00:00","dateModified":"2022-03-23T15:18:50+00:00","breadcrumb":{"@id":"https:\/\/7culture.ci\/index.php\/2022\/03\/23\/concours-competences-qui-succedera-a-la-radio-nationale-catholique\/#breadcrumb"},"inLanguage":"fr-FR","potentialAction":[{"@type":"ReadAction","target":["https:\/\/7culture.ci\/index.php\/2022\/03\/23\/concours-competences-qui-succedera-a-la-radio-nationale-catholique\/"]}]},{"@type":"BreadcrumbList","@id":"https:\/\/7culture.ci\/index.php\/2022\/03\/23\/concours-competences-qui-succedera-a-la-radio-nationale-catholique\/#breadcrumb","itemListElement":[{"@type":"ListItem","position":1,"name":"Accueil","item":"https:\/\/7culture.ci\/"},{"@type":"ListItem","position":2,"name":"Concours Comp\u00e9tences\u00a0: Qui succ\u00e9dera \u00e0 la Radio nationale catholique\u00a0?"}]},{"@type":"WebSite","@id":"https:\/\/7culture.ci\/#website","url":"https:\/\/7culture.ci\/","name":"7culture","description":"Tout sur l&#039;actualit\u00e9","publisher":{"@id":"https:\/\/7culture.ci\/#organization"},"potentialAction":[{"@type":"SearchAction","target":{"@type":"EntryPoint","urlTemplate":"https:\/\/7culture.ci\/?s={search_term_string}"},"query-input":"required name=search_term_string"}],"inLanguage":"fr-FR"},{"@type":"Organization","@id":"https:\/\/7culture.ci\/#organization","name":"7culture","url":"https:\/\/7culture.ci\/","sameAs":["https:\/\/www.facebook.com\/redchefclaude","https:\/\/twitter.com\/7culturec"],"logo":{"@type":"ImageObject","inLanguage":"fr-FR","@id":"https:\/\/7culture.ci\/#\/schema\/logo\/image\/","url":"https:\/\/7culture.ci\/wp-content\/uploads\/2021\/12\/S1a-1.png","contentUrl":"https:\/\/7culture.ci\/wp-content\/uploads\/2021\/12\/S1a-1.png","width":588,"height":192,"caption":"7culture"},"image":{"@id":"https:\/\/7culture.ci\/#\/schema\/logo\/image\/"}},{"@type":"Person","@id":"https:\/\/7culture.ci\/#\/schema\/person\/16150d28d7ef66ba788c1f87f28c4426","name":"7culture2020","image":{"@type":"ImageObject","inLanguage":"fr-FR","@id":"https:\/\/7culture.ci\/#\/schema\/person\/image\/","url":"https:\/\/secure.gravatar.com\/avatar\/9a0784f951306c37bcd065f52844ef95?s=96&d=mm&r=g","contentUrl":"https:\/\/secure.gravatar.com\/avatar\/9a0784f951306c37bcd065f52844ef95?s=96&d=mm&r=g","caption":"7culture2020"},"sameAs":["http:\/\/7culture.ci","Claude.kipre"],"url":"https:\/\/7culture.ci\/index.php\/author\/7culture2020\/"}]}},"jetpack_featured_media_url":"https:\/\/7culture.ci\/wp-content\/uploads\/2022\/03\/IMG-20220322-WA0030.jpg","jetpack_likes_enabled":true,"jetpack_sharing_enabled":true,"_links":{"self":[{"href":"https:\/\/7culture.ci\/index.php\/wp-json\/wp\/v2\/posts\/20247"}],"collection":[{"href":"https:\/\/7culture.ci\/index.php\/wp-json\/wp\/v2\/posts"}],"about":[{"href":"https:\/\/7culture.ci\/index.php\/wp-json\/wp\/v2\/types\/post"}],"author":[{"embeddable":true,"href":"https:\/\/7culture.ci\/index.php\/wp-json\/wp\/v2\/users\/1"}],"replies":[{"embeddable":true,"href":"https:\/\/7culture.ci\/index.php\/wp-json\/wp\/v2\/comments?post=20247"}],"version-history":[{"count":0,"href":"https:\/\/7culture.ci\/index.php\/wp-json\/wp\/v2\/posts\/20247\/revisions"}],"wp:featuredmedia":[{"embeddable":true,"href":"https:\/\/7culture.ci\/index.php\/wp-json\/wp\/v2\/media\/20248"}],"wp:attachment":[{"href":"https:\/\/7culture.ci\/index.php\/wp-json\/wp\/v2\/media?parent=20247"}],"wp:term":[{"taxonomy":"category","embeddable":true,"href":"https:\/\/7culture.ci\/index.php\/wp-json\/wp\/v2\/categories?post=20247"},{"taxonomy":"post_tag","embeddable":true,"href":"https:\/\/7culture.ci\/index.php\/wp-json\/wp\/v2\/tags?post=20247"}],"curies":[{"name":"wp","href":"https:\/\/api.w.org\/{rel}","templated":true}]}}