{"id":20205,"date":"2022-03-17T12:44:18","date_gmt":"2022-03-17T11:44:18","guid":{"rendered":"https:\/\/7culture.ci\/?p=20205"},"modified":"2022-03-24T13:01:13","modified_gmt":"2022-03-24T12:01:13","slug":"finale-miss-monde-2022-olivia-yace-est-dans-le-top-3","status":"publish","type":"post","link":"https:\/\/7culture.ci\/index.php\/2022\/03\/17\/finale-miss-monde-2022-olivia-yace-est-dans-le-top-3\/","title":{"rendered":"Finale Miss Monde 2022\u00a0: Olivia Yac\u00e9 est dans le Top 3!"},"content":{"rendered":"\n<p>\u00ab&nbsp;<strong><em>Bravo Olivia! Bravo pour l\u2019image que tu as donn\u00e9e de la C\u00f4te d\u2019Ivoire. Belle, gracieuse, intelligente. Porteuse d\u2019espoir de millions de jeunes et de m\u00e8res, tu as fait battre les c\u0153urs des Ivoiriennes et des Ivoiriens. Comme toi, ils y ont cru, ils ont veill\u00e9. Ils t\u2019ont soutenue jusqu\u2019au bout. Sur le podium, deuxi\u00e8me dauphine de la Miss Monde, le drapeau ivoirien a flott\u00e9 dans le ciel de Porto Rico. Pour la jeunesse, pour la C\u00f4te d\u2019Ivoire, tu es une influenceuse de beaut\u00e9 et d\u2019intelligence. Tu fais r\u00eaver ta g\u00e9n\u00e9ration, tu rassures les parents, tu projettes une image positive du pays\u2026<\/em><\/strong>\u00bb. Voil\u00e0 les impressions du journaliste et blogueur ivoirien Fernand D\u00e9deh, partag\u00e9es sur sa page Facebook ce jeudi 17 mars. Un point de vue partag\u00e9 par la majorit\u00e9 des Ivoiriens et m\u00eame des Africains pour qui, l\u2019Ivoirienne a r\u00e9ussi une belle prouesse. \u00ab&nbsp;<strong><em>Olivia Yac\u00e9, sur le podium du prestigieux concours MISS WORLD ! La belle Ivoirienne termine deuxi\u00e8me dauphine du concours, une toute premi\u00e8re dans l\u2019histoire de l\u2019Afrique Francophone<\/em><\/strong>\u2026\u00bb, s\u2019est exclam\u00e9e la radio Trace FM sur son profil Facebook.<\/p>\n\n\n\n<div class=\"wp-block-image\"><figure class=\"aligncenter size-full\"><img loading=\"lazy\" decoding=\"async\" width=\"754\" height=\"334\" src=\"http:\/\/7culture.ci\/wp-content\/uploads\/2022\/03\/Miss-Mond5.jpg\" alt=\"\" class=\"wp-image-20206\" srcset=\"https:\/\/7culture.ci\/wp-content\/uploads\/2022\/03\/Miss-Mond5.jpg 754w, https:\/\/7culture.ci\/wp-content\/uploads\/2022\/03\/Miss-Mond5-300x133.jpg 300w\" sizes=\"(max-width: 754px) 100vw, 754px\" \/><\/figure><\/div>\n\n\n\n<p>Mais Miss Monde 2022 est\u2026 Miss Pologne ! Karolina Bielawska a \u00e9t\u00e9 d\u00e9sign\u00e9e plus belle femme du monde le mercredi 16 mars \u00e0 Porto Rico, lors de la finale du concours de beaut\u00e9 international. Sa premi\u00e8re dauphine est Shree Saini, Miss Etats-Unis, et sa seconde dauphine est Olivia Yac\u00e9, Miss C\u00f4te d\u2019Ivoire.<\/p>\n\n\n\n<figure class=\"wp-block-image size-full is-resized\"><img loading=\"lazy\" decoding=\"async\" src=\"https:\/\/7culture.ci\/wp-content\/uploads\/2022\/03\/Miss-Monde3.jpg\" alt=\"\" class=\"wp-image-20208\" width=\"727\" height=\"392\" srcset=\"https:\/\/7culture.ci\/wp-content\/uploads\/2022\/03\/Miss-Monde3.jpg 980w, https:\/\/7culture.ci\/wp-content\/uploads\/2022\/03\/Miss-Monde3-300x162.jpg 300w, https:\/\/7culture.ci\/wp-content\/uploads\/2022\/03\/Miss-Monde3-768x414.jpg 768w\" sizes=\"(max-width: 727px) 100vw, 727px\" \/><\/figure>\n\n\n\n<p>C\u2019est dans la soir\u00e9e du mercredi 16 au jeudi 17 mars que s\u2019est tenue la finale de Miss Monde 2022. Initialement pr\u00e9vue pour se tenir \u00e0 Coliseo Jos\u00e9 Miguel Agrelot de San Juan \u00e0 Porto Rico le 16 d\u00e9cembre 2021, la 70\u1d49 c\u00e9r\u00e9monie de Miss Monde s\u2019est finalement d\u00e9roul\u00e9e au Coca-Cola Music-Hall de San Juan \u00e0 Porto Rico. L\u2019\u00e9v\u00e8nement avait \u00e9t\u00e9 annul\u00e9 \u00e0 la derni\u00e8re minute pour cause de plusieurs cas positifs au covid-19 au sein des candidates.<\/p>\n\n\n\n<div class=\"wp-block-image\"><figure class=\"aligncenter size-large is-resized\"><img loading=\"lazy\" decoding=\"async\" src=\"https:\/\/7culture.ci\/wp-content\/uploads\/2022\/03\/oli1-1-820x1024.jpg\" alt=\"\" class=\"wp-image-20209\" width=\"504\" height=\"629\" srcset=\"https:\/\/7culture.ci\/wp-content\/uploads\/2022\/03\/oli1-1-820x1024.jpg 820w, https:\/\/7culture.ci\/wp-content\/uploads\/2022\/03\/oli1-1-240x300.jpg 240w, https:\/\/7culture.ci\/wp-content\/uploads\/2022\/03\/oli1-1-768x959.jpg 768w, https:\/\/7culture.ci\/wp-content\/uploads\/2022\/03\/oli1-1.jpg 1080w\" sizes=\"(max-width: 504px) 100vw, 504px\" \/><\/figure><\/div>\n\n\n\n<p>Pour avoir pass\u00e9 avec brio toutes les \u00e9tapes de cette comp\u00e9tition internationale de beaut\u00e9 qui regroupe beaut\u00e9 plastique, mode et culture g\u00e9n\u00e9rale, Olivia Yac\u00e9, Miss C\u00f4te d\u2019Ivoire 2021, faisait partie des favorites. Sa capacit\u00e9 \u00e0 franchir les diff\u00e9rents obstacles pendant ce concours avait suscit\u00e9 un regain d\u2019admiration chez les Ivoiriens qui la supportaient. Mais h\u00e9las&nbsp;! Elle n\u2019y est pas parvenue m\u00eame si elle est dans le top 3. Ce qui est vraiment tr\u00e8s honorable pour elle et pour la C\u00f4te d\u2019Ivoire. Bravo Olivia&nbsp;! Tu esa notre Miss Monde 2022&nbsp;!<\/p>\n\n\n\n<p>Par Omar AK<\/p>\n","protected":false},"excerpt":{"rendered":"<p>\u00ab&nbsp;Bravo Olivia! Bravo pour l\u2019image que tu as donn\u00e9e de la C\u00f4te d\u2019Ivoire. Belle, gracieuse, intelligente. Porteuse d\u2019espoir de millions de jeunes et de m\u00e8res, tu as fait battre les c\u0153urs des Ivoiriennes et des Ivoiriens. Comme toi, ils y ont cru, ils ont veill\u00e9. Ils t\u2019ont soutenue jusqu\u2019au bout. Sur le podium, deuxi\u00e8me dauphine &hellip;<\/p>\n<p class=\"read-more\"> <a class=\"\" href=\"https:\/\/7culture.ci\/index.php\/2022\/03\/17\/finale-miss-monde-2022-olivia-yace-est-dans-le-top-3\/\"> <span class=\"screen-reader-text\">Finale Miss Monde 2022\u00a0: Olivia Yac\u00e9 est dans le Top 3!<\/span> Lire la suite\u00a0\u00bb<\/a><\/p>\n","protected":false},"author":1,"featured_media":20207,"comment_status":"open","ping_status":"open","sticky":false,"template":"","format":"standard","meta":{"_mi_skip_tracking":false,"_monsterinsights_sitenote_active":false,"_monsterinsights_sitenote_note":"","_monsterinsights_sitenote_category":0,"site-sidebar-layout":"default","site-content-layout":"default","ast-global-header-display":"","ast-main-header-display":"","ast-hfb-above-header-display":"","ast-hfb-below-header-display":"","ast-hfb-mobile-header-display":"","site-post-title":"","ast-breadcrumbs-content":"","ast-featured-img":"","footer-sml-layout":"","theme-transparent-header-meta":"","adv-header-id-meta":"","stick-header-meta":"","header-above-stick-meta":"","header-main-stick-meta":"","header-below-stick-meta":"","footnotes":"","jetpack_publicize_message":"","jetpack_is_tweetstorm":false,"jetpack_publicize_feature_enabled":true},"categories":[22],"tags":[],"jetpack_publicize_connections":[],"acf":[],"aioseo_notices":[],"yoast_head":"<!-- This site is optimized with the Yoast SEO plugin v19.6.1 - https:\/\/yoast.com\/wordpress\/plugins\/seo\/ -->\n<title>Finale Miss Monde 2022\u00a0: Olivia Yac\u00e9 est dans le Top 3! -<\/title>\n<meta name=\"robots\" content=\"index, follow, max-snippet:-1, max-image-preview:large, max-video-preview:-1\" \/>\n<link rel=\"canonical\" href=\"https:\/\/7culture.ci\/index.php\/2022\/03\/17\/finale-miss-monde-2022-olivia-yace-est-dans-le-top-3\/\" \/>\n<meta property=\"og:locale\" content=\"fr_FR\" \/>\n<meta property=\"og:type\" content=\"article\" \/>\n<meta property=\"og:title\" content=\"Finale Miss Monde 2022\u00a0: Olivia Yac\u00e9 est dans le Top 3! -\" \/>\n<meta property=\"og:description\" content=\"\u00ab&nbsp;Bravo Olivia! Bravo pour l\u2019image que tu as donn\u00e9e de la C\u00f4te d\u2019Ivoire. Belle, gracieuse, intelligente. Porteuse d\u2019espoir de millions de jeunes et de m\u00e8res, tu as fait battre les c\u0153urs des Ivoiriennes et des Ivoiriens. Comme toi, ils y ont cru, ils ont veill\u00e9. Ils t\u2019ont soutenue jusqu\u2019au bout. Sur le podium, deuxi\u00e8me dauphine &hellip; Finale Miss Monde 2022\u00a0: Olivia Yac\u00e9 est dans le Top 3! Lire la suite\u00a0\u00bb\" \/>\n<meta property=\"og:url\" content=\"https:\/\/7culture.ci\/index.php\/2022\/03\/17\/finale-miss-monde-2022-olivia-yace-est-dans-le-top-3\/\" \/>\n<meta property=\"og:site_name\" content=\"7culture\" \/>\n<meta property=\"article:publisher\" content=\"https:\/\/www.facebook.com\/redchefclaude\" \/>\n<meta property=\"article:published_time\" content=\"2022-03-17T11:44:18+00:00\" \/>\n<meta property=\"article:modified_time\" content=\"2022-03-24T12:01:13+00:00\" \/>\n<meta property=\"og:image\" content=\"http:\/\/7culture.ci\/wp-content\/uploads\/2022\/03\/Miss-Monde4.jpg\" \/>\n\t<meta property=\"og:image:width\" content=\"980\" \/>\n\t<meta property=\"og:image:height\" content=\"528\" \/>\n\t<meta property=\"og:image:type\" content=\"image\/jpeg\" \/>\n<meta name=\"author\" content=\"7culture2020\" \/>\n<meta name=\"twitter:card\" content=\"summary_large_image\" \/>\n<meta name=\"twitter:creator\" content=\"@7culturec\" \/>\n<meta name=\"twitter:site\" content=\"@7culturec\" \/>\n<meta name=\"twitter:label1\" content=\"\u00c9crit par\" \/>\n\t<meta name=\"twitter:data1\" content=\"7culture2020\" \/>\n\t<meta name=\"twitter:label2\" content=\"Dur\u00e9e de lecture estim\u00e9e\" \/>\n\t<meta name=\"twitter:data2\" content=\"3 minutes\" \/>\n<script type=\"application\/ld+json\" class=\"yoast-schema-graph\">{\"@context\":\"https:\/\/schema.org\",\"@graph\":[{\"@type\":\"Article\",\"@id\":\"https:\/\/7culture.ci\/index.php\/2022\/03\/17\/finale-miss-monde-2022-olivia-yace-est-dans-le-top-3\/#article\",\"isPartOf\":{\"@id\":\"https:\/\/7culture.ci\/index.php\/2022\/03\/17\/finale-miss-monde-2022-olivia-yace-est-dans-le-top-3\/\"},\"author\":{\"name\":\"7culture2020\",\"@id\":\"https:\/\/7culture.ci\/#\/schema\/person\/16150d28d7ef66ba788c1f87f28c4426\"},\"headline\":\"Finale Miss Monde 2022\u00a0: Olivia Yac\u00e9 est dans le Top 3!\",\"datePublished\":\"2022-03-17T11:44:18+00:00\",\"dateModified\":\"2022-03-24T12:01:13+00:00\",\"mainEntityOfPage\":{\"@id\":\"https:\/\/7culture.ci\/index.php\/2022\/03\/17\/finale-miss-monde-2022-olivia-yace-est-dans-le-top-3\/\"},\"wordCount\":453,\"commentCount\":0,\"publisher\":{\"@id\":\"https:\/\/7culture.ci\/#organization\"},\"articleSection\":[\"Actualit\u00e9\"],\"inLanguage\":\"fr-FR\",\"potentialAction\":[{\"@type\":\"CommentAction\",\"name\":\"Comment\",\"target\":[\"https:\/\/7culture.ci\/index.php\/2022\/03\/17\/finale-miss-monde-2022-olivia-yace-est-dans-le-top-3\/#respond\"]}]},{\"@type\":\"WebPage\",\"@id\":\"https:\/\/7culture.ci\/index.php\/2022\/03\/17\/finale-miss-monde-2022-olivia-yace-est-dans-le-top-3\/\",\"url\":\"https:\/\/7culture.ci\/index.php\/2022\/03\/17\/finale-miss-monde-2022-olivia-yace-est-dans-le-top-3\/\",\"name\":\"Finale Miss Monde 2022\u00a0: Olivia Yac\u00e9 est dans le Top 3! -\",\"isPartOf\":{\"@id\":\"https:\/\/7culture.ci\/#website\"},\"datePublished\":\"2022-03-17T11:44:18+00:00\",\"dateModified\":\"2022-03-24T12:01:13+00:00\",\"breadcrumb\":{\"@id\":\"https:\/\/7culture.ci\/index.php\/2022\/03\/17\/finale-miss-monde-2022-olivia-yace-est-dans-le-top-3\/#breadcrumb\"},\"inLanguage\":\"fr-FR\",\"potentialAction\":[{\"@type\":\"ReadAction\",\"target\":[\"https:\/\/7culture.ci\/index.php\/2022\/03\/17\/finale-miss-monde-2022-olivia-yace-est-dans-le-top-3\/\"]}]},{\"@type\":\"BreadcrumbList\",\"@id\":\"https:\/\/7culture.ci\/index.php\/2022\/03\/17\/finale-miss-monde-2022-olivia-yace-est-dans-le-top-3\/#breadcrumb\",\"itemListElement\":[{\"@type\":\"ListItem\",\"position\":1,\"name\":\"Accueil\",\"item\":\"https:\/\/7culture.ci\/\"},{\"@type\":\"ListItem\",\"position\":2,\"name\":\"Finale Miss Monde 2022\u00a0: Olivia Yac\u00e9 est dans le Top 3!\"}]},{\"@type\":\"WebSite\",\"@id\":\"https:\/\/7culture.ci\/#website\",\"url\":\"https:\/\/7culture.ci\/\",\"name\":\"7culture\",\"description\":\"Tout sur l&#039;actualit\u00e9\",\"publisher\":{\"@id\":\"https:\/\/7culture.ci\/#organization\"},\"potentialAction\":[{\"@type\":\"SearchAction\",\"target\":{\"@type\":\"EntryPoint\",\"urlTemplate\":\"https:\/\/7culture.ci\/?s={search_term_string}\"},\"query-input\":\"required name=search_term_string\"}],\"inLanguage\":\"fr-FR\"},{\"@type\":\"Organization\",\"@id\":\"https:\/\/7culture.ci\/#organization\",\"name\":\"7culture\",\"url\":\"https:\/\/7culture.ci\/\",\"sameAs\":[\"https:\/\/www.facebook.com\/redchefclaude\",\"https:\/\/twitter.com\/7culturec\"],\"logo\":{\"@type\":\"ImageObject\",\"inLanguage\":\"fr-FR\",\"@id\":\"https:\/\/7culture.ci\/#\/schema\/logo\/image\/\",\"url\":\"https:\/\/7culture.ci\/wp-content\/uploads\/2021\/12\/S1a-1.png\",\"contentUrl\":\"https:\/\/7culture.ci\/wp-content\/uploads\/2021\/12\/S1a-1.png\",\"width\":588,\"height\":192,\"caption\":\"7culture\"},\"image\":{\"@id\":\"https:\/\/7culture.ci\/#\/schema\/logo\/image\/\"}},{\"@type\":\"Person\",\"@id\":\"https:\/\/7culture.ci\/#\/schema\/person\/16150d28d7ef66ba788c1f87f28c4426\",\"name\":\"7culture2020\",\"image\":{\"@type\":\"ImageObject\",\"inLanguage\":\"fr-FR\",\"@id\":\"https:\/\/7culture.ci\/#\/schema\/person\/image\/\",\"url\":\"https:\/\/secure.gravatar.com\/avatar\/9a0784f951306c37bcd065f52844ef95?s=96&d=mm&r=g\",\"contentUrl\":\"https:\/\/secure.gravatar.com\/avatar\/9a0784f951306c37bcd065f52844ef95?s=96&d=mm&r=g\",\"caption\":\"7culture2020\"},\"sameAs\":[\"http:\/\/7culture.ci\",\"Claude.kipre\"],\"url\":\"https:\/\/7culture.ci\/index.php\/author\/7culture2020\/\"}]}<\/script>\n<!-- \/ Yoast SEO plugin. -->","yoast_head_json":{"title":"Finale Miss Monde 2022\u00a0: Olivia Yac\u00e9 est dans le Top 3! -","robots":{"index":"index","follow":"follow","max-snippet":"max-snippet:-1","max-image-preview":"max-image-preview:large","max-video-preview":"max-video-preview:-1"},"canonical":"https:\/\/7culture.ci\/index.php\/2022\/03\/17\/finale-miss-monde-2022-olivia-yace-est-dans-le-top-3\/","og_locale":"fr_FR","og_type":"article","og_title":"Finale Miss Monde 2022\u00a0: Olivia Yac\u00e9 est dans le Top 3! -","og_description":"\u00ab&nbsp;Bravo Olivia! Bravo pour l\u2019image que tu as donn\u00e9e de la C\u00f4te d\u2019Ivoire. Belle, gracieuse, intelligente. Porteuse d\u2019espoir de millions de jeunes et de m\u00e8res, tu as fait battre les c\u0153urs des Ivoiriennes et des Ivoiriens. Comme toi, ils y ont cru, ils ont veill\u00e9. Ils t\u2019ont soutenue jusqu\u2019au bout. Sur le podium, deuxi\u00e8me dauphine &hellip; Finale Miss Monde 2022\u00a0: Olivia Yac\u00e9 est dans le Top 3! Lire la suite\u00a0\u00bb","og_url":"https:\/\/7culture.ci\/index.php\/2022\/03\/17\/finale-miss-monde-2022-olivia-yace-est-dans-le-top-3\/","og_site_name":"7culture","article_publisher":"https:\/\/www.facebook.com\/redchefclaude","article_published_time":"2022-03-17T11:44:18+00:00","article_modified_time":"2022-03-24T12:01:13+00:00","og_image":[{"width":980,"height":528,"url":"http:\/\/7culture.ci\/wp-content\/uploads\/2022\/03\/Miss-Monde4.jpg","type":"image\/jpeg"}],"author":"7culture2020","twitter_card":"summary_large_image","twitter_creator":"@7culturec","twitter_site":"@7culturec","twitter_misc":{"\u00c9crit par":"7culture2020","Dur\u00e9e de lecture estim\u00e9e":"3 minutes"},"schema":{"@context":"https:\/\/schema.org","@graph":[{"@type":"Article","@id":"https:\/\/7culture.ci\/index.php\/2022\/03\/17\/finale-miss-monde-2022-olivia-yace-est-dans-le-top-3\/#article","isPartOf":{"@id":"https:\/\/7culture.ci\/index.php\/2022\/03\/17\/finale-miss-monde-2022-olivia-yace-est-dans-le-top-3\/"},"author":{"name":"7culture2020","@id":"https:\/\/7culture.ci\/#\/schema\/person\/16150d28d7ef66ba788c1f87f28c4426"},"headline":"Finale Miss Monde 2022\u00a0: Olivia Yac\u00e9 est dans le Top 3!","datePublished":"2022-03-17T11:44:18+00:00","dateModified":"2022-03-24T12:01:13+00:00","mainEntityOfPage":{"@id":"https:\/\/7culture.ci\/index.php\/2022\/03\/17\/finale-miss-monde-2022-olivia-yace-est-dans-le-top-3\/"},"wordCount":453,"commentCount":0,"publisher":{"@id":"https:\/\/7culture.ci\/#organization"},"articleSection":["Actualit\u00e9"],"inLanguage":"fr-FR","potentialAction":[{"@type":"CommentAction","name":"Comment","target":["https:\/\/7culture.ci\/index.php\/2022\/03\/17\/finale-miss-monde-2022-olivia-yace-est-dans-le-top-3\/#respond"]}]},{"@type":"WebPage","@id":"https:\/\/7culture.ci\/index.php\/2022\/03\/17\/finale-miss-monde-2022-olivia-yace-est-dans-le-top-3\/","url":"https:\/\/7culture.ci\/index.php\/2022\/03\/17\/finale-miss-monde-2022-olivia-yace-est-dans-le-top-3\/","name":"Finale Miss Monde 2022\u00a0: Olivia Yac\u00e9 est dans le Top 3! -","isPartOf":{"@id":"https:\/\/7culture.ci\/#website"},"datePublished":"2022-03-17T11:44:18+00:00","dateModified":"2022-03-24T12:01:13+00:00","breadcrumb":{"@id":"https:\/\/7culture.ci\/index.php\/2022\/03\/17\/finale-miss-monde-2022-olivia-yace-est-dans-le-top-3\/#breadcrumb"},"inLanguage":"fr-FR","potentialAction":[{"@type":"ReadAction","target":["https:\/\/7culture.ci\/index.php\/2022\/03\/17\/finale-miss-monde-2022-olivia-yace-est-dans-le-top-3\/"]}]},{"@type":"BreadcrumbList","@id":"https:\/\/7culture.ci\/index.php\/2022\/03\/17\/finale-miss-monde-2022-olivia-yace-est-dans-le-top-3\/#breadcrumb","itemListElement":[{"@type":"ListItem","position":1,"name":"Accueil","item":"https:\/\/7culture.ci\/"},{"@type":"ListItem","position":2,"name":"Finale Miss Monde 2022\u00a0: Olivia Yac\u00e9 est dans le Top 3!"}]},{"@type":"WebSite","@id":"https:\/\/7culture.ci\/#website","url":"https:\/\/7culture.ci\/","name":"7culture","description":"Tout sur l&#039;actualit\u00e9","publisher":{"@id":"https:\/\/7culture.ci\/#organization"},"potentialAction":[{"@type":"SearchAction","target":{"@type":"EntryPoint","urlTemplate":"https:\/\/7culture.ci\/?s={search_term_string}"},"query-input":"required name=search_term_string"}],"inLanguage":"fr-FR"},{"@type":"Organization","@id":"https:\/\/7culture.ci\/#organization","name":"7culture","url":"https:\/\/7culture.ci\/","sameAs":["https:\/\/www.facebook.com\/redchefclaude","https:\/\/twitter.com\/7culturec"],"logo":{"@type":"ImageObject","inLanguage":"fr-FR","@id":"https:\/\/7culture.ci\/#\/schema\/logo\/image\/","url":"https:\/\/7culture.ci\/wp-content\/uploads\/2021\/12\/S1a-1.png","contentUrl":"https:\/\/7culture.ci\/wp-content\/uploads\/2021\/12\/S1a-1.png","width":588,"height":192,"caption":"7culture"},"image":{"@id":"https:\/\/7culture.ci\/#\/schema\/logo\/image\/"}},{"@type":"Person","@id":"https:\/\/7culture.ci\/#\/schema\/person\/16150d28d7ef66ba788c1f87f28c4426","name":"7culture2020","image":{"@type":"ImageObject","inLanguage":"fr-FR","@id":"https:\/\/7culture.ci\/#\/schema\/person\/image\/","url":"https:\/\/secure.gravatar.com\/avatar\/9a0784f951306c37bcd065f52844ef95?s=96&d=mm&r=g","contentUrl":"https:\/\/secure.gravatar.com\/avatar\/9a0784f951306c37bcd065f52844ef95?s=96&d=mm&r=g","caption":"7culture2020"},"sameAs":["http:\/\/7culture.ci","Claude.kipre"],"url":"https:\/\/7culture.ci\/index.php\/author\/7culture2020\/"}]}},"jetpack_featured_media_url":"https:\/\/7culture.ci\/wp-content\/uploads\/2022\/03\/Miss-Monde4.jpg","jetpack_likes_enabled":true,"jetpack_sharing_enabled":true,"_links":{"self":[{"href":"https:\/\/7culture.ci\/index.php\/wp-json\/wp\/v2\/posts\/20205"}],"collection":[{"href":"https:\/\/7culture.ci\/index.php\/wp-json\/wp\/v2\/posts"}],"about":[{"href":"https:\/\/7culture.ci\/index.php\/wp-json\/wp\/v2\/types\/post"}],"author":[{"embeddable":true,"href":"https:\/\/7culture.ci\/index.php\/wp-json\/wp\/v2\/users\/1"}],"replies":[{"embeddable":true,"href":"https:\/\/7culture.ci\/index.php\/wp-json\/wp\/v2\/comments?post=20205"}],"version-history":[{"count":0,"href":"https:\/\/7culture.ci\/index.php\/wp-json\/wp\/v2\/posts\/20205\/revisions"}],"wp:featuredmedia":[{"embeddable":true,"href":"https:\/\/7culture.ci\/index.php\/wp-json\/wp\/v2\/media\/20207"}],"wp:attachment":[{"href":"https:\/\/7culture.ci\/index.php\/wp-json\/wp\/v2\/media?parent=20205"}],"wp:term":[{"taxonomy":"category","embeddable":true,"href":"https:\/\/7culture.ci\/index.php\/wp-json\/wp\/v2\/categories?post=20205"},{"taxonomy":"post_tag","embeddable":true,"href":"https:\/\/7culture.ci\/index.php\/wp-json\/wp\/v2\/tags?post=20205"}],"curies":[{"name":"wp","href":"https:\/\/api.w.org\/{rel}","templated":true}]}}