{"id":20196,"date":"2022-03-16T17:49:13","date_gmt":"2022-03-16T16:49:13","guid":{"rendered":"https:\/\/7culture.ci\/?p=20196"},"modified":"2022-03-18T10:43:51","modified_gmt":"2022-03-18T09:43:51","slug":"finale-miss-monde-2022-olivia-yace-demande-des-prieres","status":"publish","type":"post","link":"https:\/\/7culture.ci\/index.php\/2022\/03\/16\/finale-miss-monde-2022-olivia-yace-demande-des-prieres\/","title":{"rendered":"Finale Miss Monde 2022\u00a0: Olivia Yac\u00e9 demande des pri\u00e8res"},"content":{"rendered":"\n<p>C\u2019est dans la soir\u00e9e du mercredi 16 au jeudi 17 mars que se tiendra la finale de Miss Monde 2022. Initialement pr\u00e9vue pour se tenir \u00e0 Coliseo Jos\u00e9 Miguel Agrelot de San Juan \u00e0 Porto Rico le 16 d\u00e9cembre 2021, la 70\u1d49 c\u00e9r\u00e9monie de Miss Monde se d\u00e9roulera &nbsp;finalement au Coca-Cola Music-Hall de San Juan \u00e0 Porto Rico. L\u2019\u00e9v\u00e8nement avait \u00e9t\u00e9 annul\u00e9 \u00e0 la derni\u00e8re minute pour cause de plusieurs cas positifs au covid-19 au sein des candidates.<\/p>\n\n\n\n<figure class=\"wp-block-gallery has-nested-images columns-default is-cropped wp-block-gallery-1 is-layout-flex wp-block-gallery-is-layout-flex\">\n<figure class=\"wp-block-image size-large\"><img loading=\"lazy\" decoding=\"async\" width=\"682\" height=\"1024\" data-id=\"20200\" src=\"https:\/\/7culture.ci\/wp-content\/uploads\/2022\/03\/oli1-682x1024.jpg\" alt=\"\" class=\"wp-image-20200\" srcset=\"https:\/\/7culture.ci\/wp-content\/uploads\/2022\/03\/oli1-682x1024.jpg 682w, https:\/\/7culture.ci\/wp-content\/uploads\/2022\/03\/oli1-200x300.jpg 200w, https:\/\/7culture.ci\/wp-content\/uploads\/2022\/03\/oli1-768x1153.jpg 768w, https:\/\/7culture.ci\/wp-content\/uploads\/2022\/03\/oli1-1023x1536.jpg 1023w, https:\/\/7culture.ci\/wp-content\/uploads\/2022\/03\/oli1.jpg 1364w\" sizes=\"(max-width: 682px) 100vw, 682px\" \/><\/figure>\n\n\n\n<figure class=\"wp-block-image size-large\"><img loading=\"lazy\" decoding=\"async\" width=\"682\" height=\"1024\" data-id=\"20198\" src=\"https:\/\/7culture.ci\/wp-content\/uploads\/2022\/03\/oli2-682x1024.jpg\" alt=\"\" class=\"wp-image-20198\" srcset=\"https:\/\/7culture.ci\/wp-content\/uploads\/2022\/03\/oli2-682x1024.jpg 682w, https:\/\/7culture.ci\/wp-content\/uploads\/2022\/03\/oli2-200x300.jpg 200w, https:\/\/7culture.ci\/wp-content\/uploads\/2022\/03\/oli2-768x1153.jpg 768w, https:\/\/7culture.ci\/wp-content\/uploads\/2022\/03\/oli2-1023x1536.jpg 1023w, https:\/\/7culture.ci\/wp-content\/uploads\/2022\/03\/oli2.jpg 1364w\" sizes=\"(max-width: 682px) 100vw, 682px\" \/><\/figure>\n\n\n\n<figure class=\"wp-block-image size-large\"><img loading=\"lazy\" decoding=\"async\" width=\"683\" height=\"1024\" data-id=\"20199\" src=\"https:\/\/7culture.ci\/wp-content\/uploads\/2022\/03\/oli3-683x1024.jpg\" alt=\"\" class=\"wp-image-20199\" srcset=\"https:\/\/7culture.ci\/wp-content\/uploads\/2022\/03\/oli3-683x1024.jpg 683w, https:\/\/7culture.ci\/wp-content\/uploads\/2022\/03\/oli3-200x300.jpg 200w, https:\/\/7culture.ci\/wp-content\/uploads\/2022\/03\/oli3-768x1151.jpg 768w, https:\/\/7culture.ci\/wp-content\/uploads\/2022\/03\/oli3-1025x1536.jpg 1025w, https:\/\/7culture.ci\/wp-content\/uploads\/2022\/03\/oli3.jpg 1366w\" sizes=\"(max-width: 683px) 100vw, 683px\" \/><\/figure>\n<\/figure>\n\n\n\n<p>Pour avoir pass\u00e9 avec brio toutes les \u00e9tapes de cette comp\u00e9tition internationale de beaut\u00e9 qui regroupe beaut\u00e9 plastique, mode et culture g\u00e9n\u00e9rale, Olivia Yac\u00e9, Miss C\u00f4te d\u2019Ivoire 2021, fait partie des favorites. Sa capacit\u00e9 \u00e0 franchir les diff\u00e9rents obstacles pendant ce concours a suscit\u00e9 un regain d\u2019admiration chez les Ivoiriens qui la supportent. Tr\u00e8s sensible \u00e0 cette marque d\u2019attention et d\u2019affection pour elle, Miss Olivia Yac\u00e9 ne cesse d\u2019implorer le soutien et la pri\u00e8re de ses compatriotes voire de tous les Africains pour d\u00e9fendre la cause noire.<\/p>\n\n\n\n<p>Hier mardi 15 mars, la candidate ivoirienne a post\u00e9 un message dans ce sens sur sa page Facebook. \u00ab&nbsp;<strong><em>C&#8217;est demain la finale du concours Miss Monde ! Je suis profond\u00e9ment reconnaissante d&#8217;avoir pu franchir chaque \u00e9tape jusqu&#8217;ici. Ma joie est d&#8217;autant plus enti\u00e8re que j&#8217;ai l&#8217;assurance d&#8217;avoir \u00e9t\u00e9 fid\u00e8le \u00e0 mon identit\u00e9 et \u00e0 mes convictions, en repr\u00e9sentant ma terre natale et tout ce qui la caract\u00e9rise. Je suis fi\u00e8re de pouvoir repr\u00e9senter le beau pays qu&#8217;est la C\u00f4te-d&#8217;Ivoire, la nation aux plus de 60 ethnies. Sa diversit\u00e9 culturelle est le signe que nos diff\u00e9rences peuvent \u00eatre consid\u00e9r\u00e9es comme une richesse. Sur ces photographies, j&#8217;illustre cette richesse par trois magnifiques tenues traditionnelles B\u00e9t\u00e9, Senoufo et Yacouba. Valorisons toujours notre identit\u00e9 ! Chers Ivoiriens, chers amis d\u2019Afrique et du monde, je me recommande \u00e0 vos pri\u00e8res pour la suite ! Merci pour tous vos messages d&#8217;amour et de soutien !<\/em><\/strong>\u00bb, a-t-elle \u00e9crit.<\/p>\n\n\n\n<figure class=\"wp-block-gallery has-nested-images columns-default is-cropped wp-block-gallery-2 is-layout-flex wp-block-gallery-is-layout-flex\">\n<figure class=\"wp-block-image size-large\"><img loading=\"lazy\" decoding=\"async\" width=\"682\" height=\"1024\" data-id=\"20202\" src=\"https:\/\/7culture.ci\/wp-content\/uploads\/2022\/03\/oli4-682x1024.jpg\" alt=\"\" class=\"wp-image-20202\" srcset=\"https:\/\/7culture.ci\/wp-content\/uploads\/2022\/03\/oli4-682x1024.jpg 682w, https:\/\/7culture.ci\/wp-content\/uploads\/2022\/03\/oli4-200x300.jpg 200w, https:\/\/7culture.ci\/wp-content\/uploads\/2022\/03\/oli4-768x1153.jpg 768w, https:\/\/7culture.ci\/wp-content\/uploads\/2022\/03\/oli4-1023x1536.jpg 1023w, https:\/\/7culture.ci\/wp-content\/uploads\/2022\/03\/oli4.jpg 1364w\" sizes=\"(max-width: 682px) 100vw, 682px\" \/><\/figure>\n\n\n\n<figure class=\"wp-block-image size-large\"><img loading=\"lazy\" decoding=\"async\" width=\"682\" height=\"1024\" data-id=\"20203\" src=\"https:\/\/7culture.ci\/wp-content\/uploads\/2022\/03\/oli5-682x1024.jpg\" alt=\"\" class=\"wp-image-20203\" srcset=\"https:\/\/7culture.ci\/wp-content\/uploads\/2022\/03\/oli5-682x1024.jpg 682w, https:\/\/7culture.ci\/wp-content\/uploads\/2022\/03\/oli5-200x300.jpg 200w, https:\/\/7culture.ci\/wp-content\/uploads\/2022\/03\/oli5-768x1153.jpg 768w, https:\/\/7culture.ci\/wp-content\/uploads\/2022\/03\/oli5-1023x1536.jpg 1023w, https:\/\/7culture.ci\/wp-content\/uploads\/2022\/03\/oli5.jpg 1364w\" sizes=\"(max-width: 682px) 100vw, 682px\" \/><\/figure>\n\n\n\n<figure class=\"wp-block-image size-large\"><img loading=\"lazy\" decoding=\"async\" width=\"960\" height=\"957\" data-id=\"20201\" src=\"https:\/\/7culture.ci\/wp-content\/uploads\/2022\/03\/oli8.jpg\" alt=\"\" class=\"wp-image-20201\" srcset=\"https:\/\/7culture.ci\/wp-content\/uploads\/2022\/03\/oli8.jpg 960w, https:\/\/7culture.ci\/wp-content\/uploads\/2022\/03\/oli8-300x300.jpg 300w, https:\/\/7culture.ci\/wp-content\/uploads\/2022\/03\/oli8-150x150.jpg 150w, https:\/\/7culture.ci\/wp-content\/uploads\/2022\/03\/oli8-768x766.jpg 768w\" sizes=\"(max-width: 960px) 100vw, 960px\" \/><\/figure>\n<\/figure>\n\n\n\n<p>L\u2019\u00e9v\u00e8nement sera diffus\u00e9 en direct sur Canal Plus Pop dans la nuit de mercredi 16 au jeudi 17 mars \u00e0 partir de minuit.<\/p>\n\n\n\n<p>Par Omar AK<\/p>\n","protected":false},"excerpt":{"rendered":"<p>C\u2019est dans la soir\u00e9e du mercredi 16 au jeudi 17 mars que se tiendra la finale de Miss Monde 2022. Initialement pr\u00e9vue pour se tenir \u00e0 Coliseo Jos\u00e9 Miguel Agrelot de San Juan \u00e0 Porto Rico le 16 d\u00e9cembre 2021, la 70\u1d49 c\u00e9r\u00e9monie de Miss Monde se d\u00e9roulera &nbsp;finalement au Coca-Cola Music-Hall de San Juan &hellip;<\/p>\n<p class=\"read-more\"> <a class=\"\" href=\"https:\/\/7culture.ci\/index.php\/2022\/03\/16\/finale-miss-monde-2022-olivia-yace-demande-des-prieres\/\"> <span class=\"screen-reader-text\">Finale Miss Monde 2022\u00a0: Olivia Yac\u00e9 demande des pri\u00e8res<\/span> Lire la suite\u00a0\u00bb<\/a><\/p>\n","protected":false},"author":1,"featured_media":20197,"comment_status":"open","ping_status":"open","sticky":false,"template":"","format":"standard","meta":{"_mi_skip_tracking":false,"_monsterinsights_sitenote_active":false,"_monsterinsights_sitenote_note":"","_monsterinsights_sitenote_category":0,"site-sidebar-layout":"default","site-content-layout":"default","ast-global-header-display":"","ast-main-header-display":"","ast-hfb-above-header-display":"","ast-hfb-below-header-display":"","ast-hfb-mobile-header-display":"","site-post-title":"","ast-breadcrumbs-content":"","ast-featured-img":"","footer-sml-layout":"","theme-transparent-header-meta":"","adv-header-id-meta":"","stick-header-meta":"","header-above-stick-meta":"","header-main-stick-meta":"","header-below-stick-meta":"","footnotes":"","jetpack_publicize_message":"","jetpack_is_tweetstorm":false,"jetpack_publicize_feature_enabled":true},"categories":[22],"tags":[],"jetpack_publicize_connections":[],"acf":[],"aioseo_notices":[],"yoast_head":"<!-- This site is optimized with the Yoast SEO plugin v19.6.1 - https:\/\/yoast.com\/wordpress\/plugins\/seo\/ -->\n<title>Finale Miss Monde 2022\u00a0: Olivia Yac\u00e9 demande des pri\u00e8res -<\/title>\n<meta name=\"robots\" content=\"index, follow, max-snippet:-1, max-image-preview:large, max-video-preview:-1\" \/>\n<link rel=\"canonical\" href=\"https:\/\/7culture.ci\/index.php\/2022\/03\/16\/finale-miss-monde-2022-olivia-yace-demande-des-prieres\/\" \/>\n<meta property=\"og:locale\" content=\"fr_FR\" \/>\n<meta property=\"og:type\" content=\"article\" \/>\n<meta property=\"og:title\" content=\"Finale Miss Monde 2022\u00a0: Olivia Yac\u00e9 demande des pri\u00e8res -\" \/>\n<meta property=\"og:description\" content=\"C\u2019est dans la soir\u00e9e du mercredi 16 au jeudi 17 mars que se tiendra la finale de Miss Monde 2022. Initialement pr\u00e9vue pour se tenir \u00e0 Coliseo Jos\u00e9 Miguel Agrelot de San Juan \u00e0 Porto Rico le 16 d\u00e9cembre 2021, la 70\u1d49 c\u00e9r\u00e9monie de Miss Monde se d\u00e9roulera &nbsp;finalement au Coca-Cola Music-Hall de San Juan &hellip; Finale Miss Monde 2022\u00a0: Olivia Yac\u00e9 demande des pri\u00e8res Lire la suite\u00a0\u00bb\" \/>\n<meta property=\"og:url\" content=\"https:\/\/7culture.ci\/index.php\/2022\/03\/16\/finale-miss-monde-2022-olivia-yace-demande-des-prieres\/\" \/>\n<meta property=\"og:site_name\" content=\"7culture\" \/>\n<meta property=\"article:publisher\" content=\"https:\/\/www.facebook.com\/redchefclaude\" \/>\n<meta property=\"article:published_time\" content=\"2022-03-16T16:49:13+00:00\" \/>\n<meta property=\"article:modified_time\" content=\"2022-03-18T09:43:51+00:00\" \/>\n<meta property=\"og:image\" content=\"http:\/\/7culture.ci\/wp-content\/uploads\/2022\/03\/oli7.jpg\" \/>\n\t<meta property=\"og:image:width\" content=\"720\" \/>\n\t<meta property=\"og:image:height\" content=\"720\" \/>\n\t<meta property=\"og:image:type\" content=\"image\/jpeg\" \/>\n<meta name=\"author\" content=\"7culture2020\" \/>\n<meta name=\"twitter:card\" content=\"summary_large_image\" \/>\n<meta name=\"twitter:creator\" content=\"@7culturec\" \/>\n<meta name=\"twitter:site\" content=\"@7culturec\" \/>\n<meta name=\"twitter:label1\" content=\"\u00c9crit par\" \/>\n\t<meta name=\"twitter:data1\" content=\"7culture2020\" \/>\n\t<meta name=\"twitter:label2\" content=\"Dur\u00e9e de lecture estim\u00e9e\" \/>\n\t<meta name=\"twitter:data2\" content=\"3 minutes\" \/>\n<script type=\"application\/ld+json\" class=\"yoast-schema-graph\">{\"@context\":\"https:\/\/schema.org\",\"@graph\":[{\"@type\":\"Article\",\"@id\":\"https:\/\/7culture.ci\/index.php\/2022\/03\/16\/finale-miss-monde-2022-olivia-yace-demande-des-prieres\/#article\",\"isPartOf\":{\"@id\":\"https:\/\/7culture.ci\/index.php\/2022\/03\/16\/finale-miss-monde-2022-olivia-yace-demande-des-prieres\/\"},\"author\":{\"name\":\"7culture2020\",\"@id\":\"https:\/\/7culture.ci\/#\/schema\/person\/16150d28d7ef66ba788c1f87f28c4426\"},\"headline\":\"Finale Miss Monde 2022\u00a0: Olivia Yac\u00e9 demande des pri\u00e8res\",\"datePublished\":\"2022-03-16T16:49:13+00:00\",\"dateModified\":\"2022-03-18T09:43:51+00:00\",\"mainEntityOfPage\":{\"@id\":\"https:\/\/7culture.ci\/index.php\/2022\/03\/16\/finale-miss-monde-2022-olivia-yace-demande-des-prieres\/\"},\"wordCount\":367,\"commentCount\":0,\"publisher\":{\"@id\":\"https:\/\/7culture.ci\/#organization\"},\"articleSection\":[\"Actualit\u00e9\"],\"inLanguage\":\"fr-FR\",\"potentialAction\":[{\"@type\":\"CommentAction\",\"name\":\"Comment\",\"target\":[\"https:\/\/7culture.ci\/index.php\/2022\/03\/16\/finale-miss-monde-2022-olivia-yace-demande-des-prieres\/#respond\"]}]},{\"@type\":\"WebPage\",\"@id\":\"https:\/\/7culture.ci\/index.php\/2022\/03\/16\/finale-miss-monde-2022-olivia-yace-demande-des-prieres\/\",\"url\":\"https:\/\/7culture.ci\/index.php\/2022\/03\/16\/finale-miss-monde-2022-olivia-yace-demande-des-prieres\/\",\"name\":\"Finale Miss Monde 2022\u00a0: Olivia Yac\u00e9 demande des pri\u00e8res -\",\"isPartOf\":{\"@id\":\"https:\/\/7culture.ci\/#website\"},\"datePublished\":\"2022-03-16T16:49:13+00:00\",\"dateModified\":\"2022-03-18T09:43:51+00:00\",\"breadcrumb\":{\"@id\":\"https:\/\/7culture.ci\/index.php\/2022\/03\/16\/finale-miss-monde-2022-olivia-yace-demande-des-prieres\/#breadcrumb\"},\"inLanguage\":\"fr-FR\",\"potentialAction\":[{\"@type\":\"ReadAction\",\"target\":[\"https:\/\/7culture.ci\/index.php\/2022\/03\/16\/finale-miss-monde-2022-olivia-yace-demande-des-prieres\/\"]}]},{\"@type\":\"BreadcrumbList\",\"@id\":\"https:\/\/7culture.ci\/index.php\/2022\/03\/16\/finale-miss-monde-2022-olivia-yace-demande-des-prieres\/#breadcrumb\",\"itemListElement\":[{\"@type\":\"ListItem\",\"position\":1,\"name\":\"Accueil\",\"item\":\"https:\/\/7culture.ci\/\"},{\"@type\":\"ListItem\",\"position\":2,\"name\":\"Finale Miss Monde 2022\u00a0: Olivia Yac\u00e9 demande des pri\u00e8res\"}]},{\"@type\":\"WebSite\",\"@id\":\"https:\/\/7culture.ci\/#website\",\"url\":\"https:\/\/7culture.ci\/\",\"name\":\"7culture\",\"description\":\"Tout sur l&#039;actualit\u00e9\",\"publisher\":{\"@id\":\"https:\/\/7culture.ci\/#organization\"},\"potentialAction\":[{\"@type\":\"SearchAction\",\"target\":{\"@type\":\"EntryPoint\",\"urlTemplate\":\"https:\/\/7culture.ci\/?s={search_term_string}\"},\"query-input\":\"required name=search_term_string\"}],\"inLanguage\":\"fr-FR\"},{\"@type\":\"Organization\",\"@id\":\"https:\/\/7culture.ci\/#organization\",\"name\":\"7culture\",\"url\":\"https:\/\/7culture.ci\/\",\"sameAs\":[\"https:\/\/www.facebook.com\/redchefclaude\",\"https:\/\/twitter.com\/7culturec\"],\"logo\":{\"@type\":\"ImageObject\",\"inLanguage\":\"fr-FR\",\"@id\":\"https:\/\/7culture.ci\/#\/schema\/logo\/image\/\",\"url\":\"https:\/\/7culture.ci\/wp-content\/uploads\/2021\/12\/S1a-1.png\",\"contentUrl\":\"https:\/\/7culture.ci\/wp-content\/uploads\/2021\/12\/S1a-1.png\",\"width\":588,\"height\":192,\"caption\":\"7culture\"},\"image\":{\"@id\":\"https:\/\/7culture.ci\/#\/schema\/logo\/image\/\"}},{\"@type\":\"Person\",\"@id\":\"https:\/\/7culture.ci\/#\/schema\/person\/16150d28d7ef66ba788c1f87f28c4426\",\"name\":\"7culture2020\",\"image\":{\"@type\":\"ImageObject\",\"inLanguage\":\"fr-FR\",\"@id\":\"https:\/\/7culture.ci\/#\/schema\/person\/image\/\",\"url\":\"https:\/\/secure.gravatar.com\/avatar\/9a0784f951306c37bcd065f52844ef95?s=96&d=mm&r=g\",\"contentUrl\":\"https:\/\/secure.gravatar.com\/avatar\/9a0784f951306c37bcd065f52844ef95?s=96&d=mm&r=g\",\"caption\":\"7culture2020\"},\"sameAs\":[\"http:\/\/7culture.ci\",\"Claude.kipre\"],\"url\":\"https:\/\/7culture.ci\/index.php\/author\/7culture2020\/\"}]}<\/script>\n<!-- \/ Yoast SEO plugin. -->","yoast_head_json":{"title":"Finale Miss Monde 2022\u00a0: Olivia Yac\u00e9 demande des pri\u00e8res -","robots":{"index":"index","follow":"follow","max-snippet":"max-snippet:-1","max-image-preview":"max-image-preview:large","max-video-preview":"max-video-preview:-1"},"canonical":"https:\/\/7culture.ci\/index.php\/2022\/03\/16\/finale-miss-monde-2022-olivia-yace-demande-des-prieres\/","og_locale":"fr_FR","og_type":"article","og_title":"Finale Miss Monde 2022\u00a0: Olivia Yac\u00e9 demande des pri\u00e8res -","og_description":"C\u2019est dans la soir\u00e9e du mercredi 16 au jeudi 17 mars que se tiendra la finale de Miss Monde 2022. Initialement pr\u00e9vue pour se tenir \u00e0 Coliseo Jos\u00e9 Miguel Agrelot de San Juan \u00e0 Porto Rico le 16 d\u00e9cembre 2021, la 70\u1d49 c\u00e9r\u00e9monie de Miss Monde se d\u00e9roulera &nbsp;finalement au Coca-Cola Music-Hall de San Juan &hellip; Finale Miss Monde 2022\u00a0: Olivia Yac\u00e9 demande des pri\u00e8res Lire la suite\u00a0\u00bb","og_url":"https:\/\/7culture.ci\/index.php\/2022\/03\/16\/finale-miss-monde-2022-olivia-yace-demande-des-prieres\/","og_site_name":"7culture","article_publisher":"https:\/\/www.facebook.com\/redchefclaude","article_published_time":"2022-03-16T16:49:13+00:00","article_modified_time":"2022-03-18T09:43:51+00:00","og_image":[{"width":720,"height":720,"url":"http:\/\/7culture.ci\/wp-content\/uploads\/2022\/03\/oli7.jpg","type":"image\/jpeg"}],"author":"7culture2020","twitter_card":"summary_large_image","twitter_creator":"@7culturec","twitter_site":"@7culturec","twitter_misc":{"\u00c9crit par":"7culture2020","Dur\u00e9e de lecture estim\u00e9e":"3 minutes"},"schema":{"@context":"https:\/\/schema.org","@graph":[{"@type":"Article","@id":"https:\/\/7culture.ci\/index.php\/2022\/03\/16\/finale-miss-monde-2022-olivia-yace-demande-des-prieres\/#article","isPartOf":{"@id":"https:\/\/7culture.ci\/index.php\/2022\/03\/16\/finale-miss-monde-2022-olivia-yace-demande-des-prieres\/"},"author":{"name":"7culture2020","@id":"https:\/\/7culture.ci\/#\/schema\/person\/16150d28d7ef66ba788c1f87f28c4426"},"headline":"Finale Miss Monde 2022\u00a0: Olivia Yac\u00e9 demande des pri\u00e8res","datePublished":"2022-03-16T16:49:13+00:00","dateModified":"2022-03-18T09:43:51+00:00","mainEntityOfPage":{"@id":"https:\/\/7culture.ci\/index.php\/2022\/03\/16\/finale-miss-monde-2022-olivia-yace-demande-des-prieres\/"},"wordCount":367,"commentCount":0,"publisher":{"@id":"https:\/\/7culture.ci\/#organization"},"articleSection":["Actualit\u00e9"],"inLanguage":"fr-FR","potentialAction":[{"@type":"CommentAction","name":"Comment","target":["https:\/\/7culture.ci\/index.php\/2022\/03\/16\/finale-miss-monde-2022-olivia-yace-demande-des-prieres\/#respond"]}]},{"@type":"WebPage","@id":"https:\/\/7culture.ci\/index.php\/2022\/03\/16\/finale-miss-monde-2022-olivia-yace-demande-des-prieres\/","url":"https:\/\/7culture.ci\/index.php\/2022\/03\/16\/finale-miss-monde-2022-olivia-yace-demande-des-prieres\/","name":"Finale Miss Monde 2022\u00a0: Olivia Yac\u00e9 demande des pri\u00e8res -","isPartOf":{"@id":"https:\/\/7culture.ci\/#website"},"datePublished":"2022-03-16T16:49:13+00:00","dateModified":"2022-03-18T09:43:51+00:00","breadcrumb":{"@id":"https:\/\/7culture.ci\/index.php\/2022\/03\/16\/finale-miss-monde-2022-olivia-yace-demande-des-prieres\/#breadcrumb"},"inLanguage":"fr-FR","potentialAction":[{"@type":"ReadAction","target":["https:\/\/7culture.ci\/index.php\/2022\/03\/16\/finale-miss-monde-2022-olivia-yace-demande-des-prieres\/"]}]},{"@type":"BreadcrumbList","@id":"https:\/\/7culture.ci\/index.php\/2022\/03\/16\/finale-miss-monde-2022-olivia-yace-demande-des-prieres\/#breadcrumb","itemListElement":[{"@type":"ListItem","position":1,"name":"Accueil","item":"https:\/\/7culture.ci\/"},{"@type":"ListItem","position":2,"name":"Finale Miss Monde 2022\u00a0: Olivia Yac\u00e9 demande des pri\u00e8res"}]},{"@type":"WebSite","@id":"https:\/\/7culture.ci\/#website","url":"https:\/\/7culture.ci\/","name":"7culture","description":"Tout sur l&#039;actualit\u00e9","publisher":{"@id":"https:\/\/7culture.ci\/#organization"},"potentialAction":[{"@type":"SearchAction","target":{"@type":"EntryPoint","urlTemplate":"https:\/\/7culture.ci\/?s={search_term_string}"},"query-input":"required name=search_term_string"}],"inLanguage":"fr-FR"},{"@type":"Organization","@id":"https:\/\/7culture.ci\/#organization","name":"7culture","url":"https:\/\/7culture.ci\/","sameAs":["https:\/\/www.facebook.com\/redchefclaude","https:\/\/twitter.com\/7culturec"],"logo":{"@type":"ImageObject","inLanguage":"fr-FR","@id":"https:\/\/7culture.ci\/#\/schema\/logo\/image\/","url":"https:\/\/7culture.ci\/wp-content\/uploads\/2021\/12\/S1a-1.png","contentUrl":"https:\/\/7culture.ci\/wp-content\/uploads\/2021\/12\/S1a-1.png","width":588,"height":192,"caption":"7culture"},"image":{"@id":"https:\/\/7culture.ci\/#\/schema\/logo\/image\/"}},{"@type":"Person","@id":"https:\/\/7culture.ci\/#\/schema\/person\/16150d28d7ef66ba788c1f87f28c4426","name":"7culture2020","image":{"@type":"ImageObject","inLanguage":"fr-FR","@id":"https:\/\/7culture.ci\/#\/schema\/person\/image\/","url":"https:\/\/secure.gravatar.com\/avatar\/9a0784f951306c37bcd065f52844ef95?s=96&d=mm&r=g","contentUrl":"https:\/\/secure.gravatar.com\/avatar\/9a0784f951306c37bcd065f52844ef95?s=96&d=mm&r=g","caption":"7culture2020"},"sameAs":["http:\/\/7culture.ci","Claude.kipre"],"url":"https:\/\/7culture.ci\/index.php\/author\/7culture2020\/"}]}},"jetpack_featured_media_url":"https:\/\/7culture.ci\/wp-content\/uploads\/2022\/03\/oli7.jpg","jetpack_likes_enabled":true,"jetpack_sharing_enabled":true,"_links":{"self":[{"href":"https:\/\/7culture.ci\/index.php\/wp-json\/wp\/v2\/posts\/20196"}],"collection":[{"href":"https:\/\/7culture.ci\/index.php\/wp-json\/wp\/v2\/posts"}],"about":[{"href":"https:\/\/7culture.ci\/index.php\/wp-json\/wp\/v2\/types\/post"}],"author":[{"embeddable":true,"href":"https:\/\/7culture.ci\/index.php\/wp-json\/wp\/v2\/users\/1"}],"replies":[{"embeddable":true,"href":"https:\/\/7culture.ci\/index.php\/wp-json\/wp\/v2\/comments?post=20196"}],"version-history":[{"count":0,"href":"https:\/\/7culture.ci\/index.php\/wp-json\/wp\/v2\/posts\/20196\/revisions"}],"wp:featuredmedia":[{"embeddable":true,"href":"https:\/\/7culture.ci\/index.php\/wp-json\/wp\/v2\/media\/20197"}],"wp:attachment":[{"href":"https:\/\/7culture.ci\/index.php\/wp-json\/wp\/v2\/media?parent=20196"}],"wp:term":[{"taxonomy":"category","embeddable":true,"href":"https:\/\/7culture.ci\/index.php\/wp-json\/wp\/v2\/categories?post=20196"},{"taxonomy":"post_tag","embeddable":true,"href":"https:\/\/7culture.ci\/index.php\/wp-json\/wp\/v2\/tags?post=20196"}],"curies":[{"name":"wp","href":"https:\/\/api.w.org\/{rel}","templated":true}]}}