{"id":20189,"date":"2022-03-16T14:41:31","date_gmt":"2022-03-16T13:41:31","guid":{"rendered":"https:\/\/7culture.ci\/?p=20189"},"modified":"2022-03-17T12:47:41","modified_gmt":"2022-03-17T11:47:41","slug":"black-so-man-20-ans-quil-a-quitte-ses-fans","status":"publish","type":"post","link":"https:\/\/7culture.ci\/index.php\/2022\/03\/16\/black-so-man-20-ans-quil-a-quitte-ses-fans\/","title":{"rendered":"Black So Man\u00a0: 20 ans qu\u2019il a quitt\u00e9 ses fans\u00a0!"},"content":{"rendered":"\n<p>16 mars 2002-16 mars 2022. Voil\u00e0 20 ans que l\u2019artiste burkinab\u00e8 Black So Man a quitt\u00e9 le monde des vivants. Victime d\u2019un grave accident de la route le 30 d\u00e9cembre 1997 \u00e0 Ouagadougou, l\u2019artiste en sort parapl\u00e9gique. Dans sa longue convalescence, il est \u00e9vacu\u00e9 \u00e0 Abidjan en C\u00f4te d\u2019Ivoire o\u00f9 il meurt le 16 mars 2002. Il a alors 35 ans&nbsp;!<\/p>\n\n\n\n<p>Avant que l\u2019accident tragique ne survienne, Black So Man \u00e9tait une v\u00e9ritable star au pays des Hommes int\u00e8gres. Artiste tr\u00e8s engag\u00e9 pour les bonnes causes, il a des textes qui d\u00e9noncent la corruption, la colonisation, la mauvaise \u00e9ducation, la mal-gouvernance \u2026 M\u00eame si sa musique est une sorte de critique sociale avec un genre qui surfe all\u00e8grement sur le reggae et les rythmes \u00e9lectroniques syncop\u00e9s, beaucoup voyait en lui un critique radicalis\u00e9 ou un farouche opposant au r\u00e9gime politique et aux autorit\u00e9s de son pays.<\/p>\n\n\n\n<div class=\"wp-block-image\"><figure class=\"aligncenter size-full\"><img loading=\"lazy\" decoding=\"async\" width=\"640\" height=\"480\" src=\"https:\/\/7culture.ci\/wp-content\/uploads\/2022\/03\/sddefault.jpg\" alt=\"\" class=\"wp-image-20191\" srcset=\"https:\/\/7culture.ci\/wp-content\/uploads\/2022\/03\/sddefault.jpg 640w, https:\/\/7culture.ci\/wp-content\/uploads\/2022\/03\/sddefault-300x225.jpg 300w\" sizes=\"(max-width: 640px) 100vw, 640px\" \/><\/figure><\/div>\n\n\n\n<p>Apr\u00e8s deux albums dont \u2018\u2019Libert\u00e9s confisqu\u00e9es\u2019\u2019 qui n\u2019ont pas connu un v\u00e9ritable succ\u00e8s, Black So Man signe avec le producteur Claude Bassol\u00e9. Il enregistr\u00e9 \u00e0 Abidjan en C\u00f4te d\u2019Ivoire son 3<sup>e<\/sup> album \u2018\u2019Tout le monde et personne\u2019\u2019, qui le propulse au-devant de la sc\u00e8ne. D\u2019abord en C\u00f4te d\u2019Ivoire, ensuite dans son Faso natal et pour terminer dans l\u2019Afrique de l\u2019ouest. Apr\u00e8s un succ\u00e8s qui a point\u00e9 du nez \u00e0 Abidjan, la plaque tournante du show-biz africain, Black So Man rentre au Burkina Faso. L\u2019embellie se poursuit et il remplit les salles de spectacles au fil des concerts qui s\u2019encha\u00eenent. En pr\u00e9lude \u00e0 la coupe d\u2019Afrique des Nation (CAN) de football que le Burkina Faso abrite en 1998, il est charg\u00e9 d\u2019enregistrer un album de soutien aux Etalons, l\u2019\u00e9quipe nationale du Faso. Mais l\u2019artiste n\u2019assistera pas \u00e0 l\u2019\u00e9v\u00e8nement sportif le plus couru du continent. La faute \u00e0 l\u2019accident de la circulation qui le plonge dans un long coma.<\/p>\n\n\n\n<figure class=\"wp-block-image size-full is-resized\"><img loading=\"lazy\" decoding=\"async\" src=\"https:\/\/7culture.ci\/wp-content\/uploads\/2022\/03\/Black-so-man3.jpg\" alt=\"\" class=\"wp-image-20192\" width=\"629\" height=\"437\" srcset=\"https:\/\/7culture.ci\/wp-content\/uploads\/2022\/03\/Black-so-man3.jpg 720w, https:\/\/7culture.ci\/wp-content\/uploads\/2022\/03\/Black-so-man3-300x208.jpg 300w\" sizes=\"(max-width: 629px) 100vw, 629px\" \/><figcaption>Latif et sa maman Adji<\/figcaption><\/figure>\n\n\n\n<p>Black So Man a v\u00e9cu comme une \u00e9toile filante. Son ascension a plac\u00e9 le Burkina Faso au concert des nations. Mais sa vie est une trag\u00e9die. C\u2019est presque apr\u00e8s une ann\u00e9e de bonheur \u00e0 r\u00e9colter les fruits de l\u2019album \u2018\u2019Tout le monde et personne\u2019\u2019 qu\u2019il est victime d\u2019un grave accident. La suite, c\u2019est cinq ann\u00e9es de gal\u00e8re, d\u2019inaction et de d\u00e9pendance physique. Le 16 mars 2002, l\u2019irr\u00e9parable se produit. Black So Man meurt en C\u00f4te d\u2019Ivoire, le pays o\u00f9 tout avait commenc\u00e9 quelques ann\u00e9es plus t\u00f4t.<\/p>\n\n\n\n<figure class=\"wp-block-image size-full\"><img loading=\"lazy\" decoding=\"async\" width=\"600\" height=\"402\" src=\"https:\/\/7culture.ci\/wp-content\/uploads\/2022\/03\/Black-adjisanon.jpg\" alt=\"\" class=\"wp-image-20193\" srcset=\"https:\/\/7culture.ci\/wp-content\/uploads\/2022\/03\/Black-adjisanon.jpg 600w, https:\/\/7culture.ci\/wp-content\/uploads\/2022\/03\/Black-adjisanon-300x201.jpg 300w\" sizes=\"(max-width: 600px) 100vw, 600px\" \/><figcaption>Adji, l&#8217;ex-compagne de Black So Man<\/figcaption><\/figure>\n\n\n\n<p>Black So Man est n\u00e9 Bintogoma Traor\u00e9 le 11 mai 1966 \u00e0 Koudougou au Burkina Faso. Il est d\u00e9c\u00e9d\u00e9 le 16 mars 2002 \u00e0 Abidjan, en C\u00f4te d&#8217;Ivoire laissant derri\u00e8re lui une compagne et un gar\u00e7onnet pr\u00e9nomm\u00e9 Latif. L\u2019ex-compagne du chanteur, baptis\u00e9e Adjaratou Sanon, est devenue chanteuse quelques ann\u00e9es apr\u00e8s le d\u00e9c\u00e8s de son compagnon. Elle a pris pour nom de sc\u00e8ne Adji Sanon. \u2018\u2019Adji\u2019\u2019 \u00e9tant le titre phare de l\u2019album \u2018\u2019Tout le monde et personne\u2019\u2019 qui a r\u00e9v\u00e9l\u00e9 Black So Man en 1997. A c\u00f4t\u00e9 de la musique, Adji Sanon est aujourd\u2019hui dans l\u2019audio-visuel et vit depuis la crise du coronavirus \u00e0 Abidjan.<\/p>\n\n\n\n<div class=\"wp-block-image\"><figure class=\"aligncenter size-full is-resized\"><img loading=\"lazy\" decoding=\"async\" src=\"https:\/\/7culture.ci\/wp-content\/uploads\/2022\/03\/Black-so-man2.jpg\" alt=\"\" class=\"wp-image-20194\" width=\"539\" height=\"539\" srcset=\"https:\/\/7culture.ci\/wp-content\/uploads\/2022\/03\/Black-so-man2.jpg 800w, https:\/\/7culture.ci\/wp-content\/uploads\/2022\/03\/Black-so-man2-300x300.jpg 300w, https:\/\/7culture.ci\/wp-content\/uploads\/2022\/03\/Black-so-man2-150x150.jpg 150w, https:\/\/7culture.ci\/wp-content\/uploads\/2022\/03\/Black-so-man2-768x768.jpg 768w\" sizes=\"(max-width: 539px) 100vw, 539px\" \/><\/figure><\/div>\n\n\n\n<p>Par Omar AK<\/p>\n","protected":false},"excerpt":{"rendered":"<p>16 mars 2002-16 mars 2022. Voil\u00e0 20 ans que l\u2019artiste burkinab\u00e8 Black So Man a quitt\u00e9 le monde des vivants. Victime d\u2019un grave accident de la route le 30 d\u00e9cembre 1997 \u00e0 Ouagadougou, l\u2019artiste en sort parapl\u00e9gique. Dans sa longue convalescence, il est \u00e9vacu\u00e9 \u00e0 Abidjan en C\u00f4te d\u2019Ivoire o\u00f9 il meurt le 16 mars &hellip;<\/p>\n<p class=\"read-more\"> <a class=\"\" href=\"https:\/\/7culture.ci\/index.php\/2022\/03\/16\/black-so-man-20-ans-quil-a-quitte-ses-fans\/\"> <span class=\"screen-reader-text\">Black So Man\u00a0: 20 ans qu\u2019il a quitt\u00e9 ses fans\u00a0!<\/span> Lire la suite\u00a0\u00bb<\/a><\/p>\n","protected":false},"author":1,"featured_media":20190,"comment_status":"open","ping_status":"open","sticky":false,"template":"","format":"standard","meta":{"_mi_skip_tracking":false,"_monsterinsights_sitenote_active":false,"_monsterinsights_sitenote_note":"","_monsterinsights_sitenote_category":0,"site-sidebar-layout":"default","site-content-layout":"default","ast-global-header-display":"","ast-main-header-display":"","ast-hfb-above-header-display":"","ast-hfb-below-header-display":"","ast-hfb-mobile-header-display":"","site-post-title":"","ast-breadcrumbs-content":"","ast-featured-img":"","footer-sml-layout":"","theme-transparent-header-meta":"","adv-header-id-meta":"","stick-header-meta":"","header-above-stick-meta":"","header-main-stick-meta":"","header-below-stick-meta":"","footnotes":"","jetpack_publicize_message":"","jetpack_is_tweetstorm":false,"jetpack_publicize_feature_enabled":true},"categories":[22],"tags":[],"jetpack_publicize_connections":[],"acf":[],"aioseo_notices":[],"yoast_head":"<!-- This site is optimized with the Yoast SEO plugin v19.6.1 - https:\/\/yoast.com\/wordpress\/plugins\/seo\/ -->\n<title>Black So Man\u00a0: 20 ans qu\u2019il a quitt\u00e9 ses fans\u00a0! -<\/title>\n<meta name=\"robots\" content=\"index, follow, max-snippet:-1, max-image-preview:large, max-video-preview:-1\" \/>\n<link rel=\"canonical\" href=\"https:\/\/7culture.ci\/index.php\/2022\/03\/16\/black-so-man-20-ans-quil-a-quitte-ses-fans\/\" \/>\n<meta property=\"og:locale\" content=\"fr_FR\" \/>\n<meta property=\"og:type\" content=\"article\" \/>\n<meta property=\"og:title\" content=\"Black So Man\u00a0: 20 ans qu\u2019il a quitt\u00e9 ses fans\u00a0! -\" \/>\n<meta property=\"og:description\" content=\"16 mars 2002-16 mars 2022. Voil\u00e0 20 ans que l\u2019artiste burkinab\u00e8 Black So Man a quitt\u00e9 le monde des vivants. Victime d\u2019un grave accident de la route le 30 d\u00e9cembre 1997 \u00e0 Ouagadougou, l\u2019artiste en sort parapl\u00e9gique. Dans sa longue convalescence, il est \u00e9vacu\u00e9 \u00e0 Abidjan en C\u00f4te d\u2019Ivoire o\u00f9 il meurt le 16 mars &hellip; Black So Man\u00a0: 20 ans qu\u2019il a quitt\u00e9 ses fans\u00a0! Lire la suite\u00a0\u00bb\" \/>\n<meta property=\"og:url\" content=\"https:\/\/7culture.ci\/index.php\/2022\/03\/16\/black-so-man-20-ans-quil-a-quitte-ses-fans\/\" \/>\n<meta property=\"og:site_name\" content=\"7culture\" \/>\n<meta property=\"article:publisher\" content=\"https:\/\/www.facebook.com\/redchefclaude\" \/>\n<meta property=\"article:published_time\" content=\"2022-03-16T13:41:31+00:00\" \/>\n<meta property=\"article:modified_time\" content=\"2022-03-17T11:47:41+00:00\" \/>\n<meta property=\"og:image\" content=\"http:\/\/7culture.ci\/wp-content\/uploads\/2022\/03\/Black-so-man1.jpg\" \/>\n\t<meta property=\"og:image:width\" content=\"2000\" \/>\n\t<meta property=\"og:image:height\" content=\"1500\" \/>\n\t<meta property=\"og:image:type\" content=\"image\/jpeg\" \/>\n<meta name=\"author\" content=\"7culture2020\" \/>\n<meta name=\"twitter:card\" content=\"summary_large_image\" \/>\n<meta name=\"twitter:creator\" content=\"@7culturec\" \/>\n<meta name=\"twitter:site\" content=\"@7culturec\" \/>\n<meta name=\"twitter:label1\" content=\"\u00c9crit par\" \/>\n\t<meta name=\"twitter:data1\" content=\"7culture2020\" \/>\n\t<meta name=\"twitter:label2\" content=\"Dur\u00e9e de lecture estim\u00e9e\" \/>\n\t<meta name=\"twitter:data2\" content=\"4 minutes\" \/>\n<script type=\"application\/ld+json\" class=\"yoast-schema-graph\">{\"@context\":\"https:\/\/schema.org\",\"@graph\":[{\"@type\":\"Article\",\"@id\":\"https:\/\/7culture.ci\/index.php\/2022\/03\/16\/black-so-man-20-ans-quil-a-quitte-ses-fans\/#article\",\"isPartOf\":{\"@id\":\"https:\/\/7culture.ci\/index.php\/2022\/03\/16\/black-so-man-20-ans-quil-a-quitte-ses-fans\/\"},\"author\":{\"name\":\"7culture2020\",\"@id\":\"https:\/\/7culture.ci\/#\/schema\/person\/16150d28d7ef66ba788c1f87f28c4426\"},\"headline\":\"Black So Man\u00a0: 20 ans qu\u2019il a quitt\u00e9 ses fans\u00a0!\",\"datePublished\":\"2022-03-16T13:41:31+00:00\",\"dateModified\":\"2022-03-17T11:47:41+00:00\",\"mainEntityOfPage\":{\"@id\":\"https:\/\/7culture.ci\/index.php\/2022\/03\/16\/black-so-man-20-ans-quil-a-quitte-ses-fans\/\"},\"wordCount\":574,\"commentCount\":0,\"publisher\":{\"@id\":\"https:\/\/7culture.ci\/#organization\"},\"articleSection\":[\"Actualit\u00e9\"],\"inLanguage\":\"fr-FR\",\"potentialAction\":[{\"@type\":\"CommentAction\",\"name\":\"Comment\",\"target\":[\"https:\/\/7culture.ci\/index.php\/2022\/03\/16\/black-so-man-20-ans-quil-a-quitte-ses-fans\/#respond\"]}]},{\"@type\":\"WebPage\",\"@id\":\"https:\/\/7culture.ci\/index.php\/2022\/03\/16\/black-so-man-20-ans-quil-a-quitte-ses-fans\/\",\"url\":\"https:\/\/7culture.ci\/index.php\/2022\/03\/16\/black-so-man-20-ans-quil-a-quitte-ses-fans\/\",\"name\":\"Black So Man\u00a0: 20 ans qu\u2019il a quitt\u00e9 ses fans\u00a0! -\",\"isPartOf\":{\"@id\":\"https:\/\/7culture.ci\/#website\"},\"datePublished\":\"2022-03-16T13:41:31+00:00\",\"dateModified\":\"2022-03-17T11:47:41+00:00\",\"breadcrumb\":{\"@id\":\"https:\/\/7culture.ci\/index.php\/2022\/03\/16\/black-so-man-20-ans-quil-a-quitte-ses-fans\/#breadcrumb\"},\"inLanguage\":\"fr-FR\",\"potentialAction\":[{\"@type\":\"ReadAction\",\"target\":[\"https:\/\/7culture.ci\/index.php\/2022\/03\/16\/black-so-man-20-ans-quil-a-quitte-ses-fans\/\"]}]},{\"@type\":\"BreadcrumbList\",\"@id\":\"https:\/\/7culture.ci\/index.php\/2022\/03\/16\/black-so-man-20-ans-quil-a-quitte-ses-fans\/#breadcrumb\",\"itemListElement\":[{\"@type\":\"ListItem\",\"position\":1,\"name\":\"Accueil\",\"item\":\"https:\/\/7culture.ci\/\"},{\"@type\":\"ListItem\",\"position\":2,\"name\":\"Black So Man\u00a0: 20 ans qu\u2019il a quitt\u00e9 ses fans\u00a0!\"}]},{\"@type\":\"WebSite\",\"@id\":\"https:\/\/7culture.ci\/#website\",\"url\":\"https:\/\/7culture.ci\/\",\"name\":\"7culture\",\"description\":\"Tout sur l&#039;actualit\u00e9\",\"publisher\":{\"@id\":\"https:\/\/7culture.ci\/#organization\"},\"potentialAction\":[{\"@type\":\"SearchAction\",\"target\":{\"@type\":\"EntryPoint\",\"urlTemplate\":\"https:\/\/7culture.ci\/?s={search_term_string}\"},\"query-input\":\"required name=search_term_string\"}],\"inLanguage\":\"fr-FR\"},{\"@type\":\"Organization\",\"@id\":\"https:\/\/7culture.ci\/#organization\",\"name\":\"7culture\",\"url\":\"https:\/\/7culture.ci\/\",\"sameAs\":[\"https:\/\/www.facebook.com\/redchefclaude\",\"https:\/\/twitter.com\/7culturec\"],\"logo\":{\"@type\":\"ImageObject\",\"inLanguage\":\"fr-FR\",\"@id\":\"https:\/\/7culture.ci\/#\/schema\/logo\/image\/\",\"url\":\"https:\/\/7culture.ci\/wp-content\/uploads\/2021\/12\/S1a-1.png\",\"contentUrl\":\"https:\/\/7culture.ci\/wp-content\/uploads\/2021\/12\/S1a-1.png\",\"width\":588,\"height\":192,\"caption\":\"7culture\"},\"image\":{\"@id\":\"https:\/\/7culture.ci\/#\/schema\/logo\/image\/\"}},{\"@type\":\"Person\",\"@id\":\"https:\/\/7culture.ci\/#\/schema\/person\/16150d28d7ef66ba788c1f87f28c4426\",\"name\":\"7culture2020\",\"image\":{\"@type\":\"ImageObject\",\"inLanguage\":\"fr-FR\",\"@id\":\"https:\/\/7culture.ci\/#\/schema\/person\/image\/\",\"url\":\"https:\/\/secure.gravatar.com\/avatar\/9a0784f951306c37bcd065f52844ef95?s=96&d=mm&r=g\",\"contentUrl\":\"https:\/\/secure.gravatar.com\/avatar\/9a0784f951306c37bcd065f52844ef95?s=96&d=mm&r=g\",\"caption\":\"7culture2020\"},\"sameAs\":[\"http:\/\/7culture.ci\",\"Claude.kipre\"],\"url\":\"https:\/\/7culture.ci\/index.php\/author\/7culture2020\/\"}]}<\/script>\n<!-- \/ Yoast SEO plugin. -->","yoast_head_json":{"title":"Black So Man\u00a0: 20 ans qu\u2019il a quitt\u00e9 ses fans\u00a0! -","robots":{"index":"index","follow":"follow","max-snippet":"max-snippet:-1","max-image-preview":"max-image-preview:large","max-video-preview":"max-video-preview:-1"},"canonical":"https:\/\/7culture.ci\/index.php\/2022\/03\/16\/black-so-man-20-ans-quil-a-quitte-ses-fans\/","og_locale":"fr_FR","og_type":"article","og_title":"Black So Man\u00a0: 20 ans qu\u2019il a quitt\u00e9 ses fans\u00a0! -","og_description":"16 mars 2002-16 mars 2022. Voil\u00e0 20 ans que l\u2019artiste burkinab\u00e8 Black So Man a quitt\u00e9 le monde des vivants. Victime d\u2019un grave accident de la route le 30 d\u00e9cembre 1997 \u00e0 Ouagadougou, l\u2019artiste en sort parapl\u00e9gique. Dans sa longue convalescence, il est \u00e9vacu\u00e9 \u00e0 Abidjan en C\u00f4te d\u2019Ivoire o\u00f9 il meurt le 16 mars &hellip; Black So Man\u00a0: 20 ans qu\u2019il a quitt\u00e9 ses fans\u00a0! Lire la suite\u00a0\u00bb","og_url":"https:\/\/7culture.ci\/index.php\/2022\/03\/16\/black-so-man-20-ans-quil-a-quitte-ses-fans\/","og_site_name":"7culture","article_publisher":"https:\/\/www.facebook.com\/redchefclaude","article_published_time":"2022-03-16T13:41:31+00:00","article_modified_time":"2022-03-17T11:47:41+00:00","og_image":[{"width":2000,"height":1500,"url":"http:\/\/7culture.ci\/wp-content\/uploads\/2022\/03\/Black-so-man1.jpg","type":"image\/jpeg"}],"author":"7culture2020","twitter_card":"summary_large_image","twitter_creator":"@7culturec","twitter_site":"@7culturec","twitter_misc":{"\u00c9crit par":"7culture2020","Dur\u00e9e de lecture estim\u00e9e":"4 minutes"},"schema":{"@context":"https:\/\/schema.org","@graph":[{"@type":"Article","@id":"https:\/\/7culture.ci\/index.php\/2022\/03\/16\/black-so-man-20-ans-quil-a-quitte-ses-fans\/#article","isPartOf":{"@id":"https:\/\/7culture.ci\/index.php\/2022\/03\/16\/black-so-man-20-ans-quil-a-quitte-ses-fans\/"},"author":{"name":"7culture2020","@id":"https:\/\/7culture.ci\/#\/schema\/person\/16150d28d7ef66ba788c1f87f28c4426"},"headline":"Black So Man\u00a0: 20 ans qu\u2019il a quitt\u00e9 ses fans\u00a0!","datePublished":"2022-03-16T13:41:31+00:00","dateModified":"2022-03-17T11:47:41+00:00","mainEntityOfPage":{"@id":"https:\/\/7culture.ci\/index.php\/2022\/03\/16\/black-so-man-20-ans-quil-a-quitte-ses-fans\/"},"wordCount":574,"commentCount":0,"publisher":{"@id":"https:\/\/7culture.ci\/#organization"},"articleSection":["Actualit\u00e9"],"inLanguage":"fr-FR","potentialAction":[{"@type":"CommentAction","name":"Comment","target":["https:\/\/7culture.ci\/index.php\/2022\/03\/16\/black-so-man-20-ans-quil-a-quitte-ses-fans\/#respond"]}]},{"@type":"WebPage","@id":"https:\/\/7culture.ci\/index.php\/2022\/03\/16\/black-so-man-20-ans-quil-a-quitte-ses-fans\/","url":"https:\/\/7culture.ci\/index.php\/2022\/03\/16\/black-so-man-20-ans-quil-a-quitte-ses-fans\/","name":"Black So Man\u00a0: 20 ans qu\u2019il a quitt\u00e9 ses fans\u00a0! -","isPartOf":{"@id":"https:\/\/7culture.ci\/#website"},"datePublished":"2022-03-16T13:41:31+00:00","dateModified":"2022-03-17T11:47:41+00:00","breadcrumb":{"@id":"https:\/\/7culture.ci\/index.php\/2022\/03\/16\/black-so-man-20-ans-quil-a-quitte-ses-fans\/#breadcrumb"},"inLanguage":"fr-FR","potentialAction":[{"@type":"ReadAction","target":["https:\/\/7culture.ci\/index.php\/2022\/03\/16\/black-so-man-20-ans-quil-a-quitte-ses-fans\/"]}]},{"@type":"BreadcrumbList","@id":"https:\/\/7culture.ci\/index.php\/2022\/03\/16\/black-so-man-20-ans-quil-a-quitte-ses-fans\/#breadcrumb","itemListElement":[{"@type":"ListItem","position":1,"name":"Accueil","item":"https:\/\/7culture.ci\/"},{"@type":"ListItem","position":2,"name":"Black So Man\u00a0: 20 ans qu\u2019il a quitt\u00e9 ses fans\u00a0!"}]},{"@type":"WebSite","@id":"https:\/\/7culture.ci\/#website","url":"https:\/\/7culture.ci\/","name":"7culture","description":"Tout sur l&#039;actualit\u00e9","publisher":{"@id":"https:\/\/7culture.ci\/#organization"},"potentialAction":[{"@type":"SearchAction","target":{"@type":"EntryPoint","urlTemplate":"https:\/\/7culture.ci\/?s={search_term_string}"},"query-input":"required name=search_term_string"}],"inLanguage":"fr-FR"},{"@type":"Organization","@id":"https:\/\/7culture.ci\/#organization","name":"7culture","url":"https:\/\/7culture.ci\/","sameAs":["https:\/\/www.facebook.com\/redchefclaude","https:\/\/twitter.com\/7culturec"],"logo":{"@type":"ImageObject","inLanguage":"fr-FR","@id":"https:\/\/7culture.ci\/#\/schema\/logo\/image\/","url":"https:\/\/7culture.ci\/wp-content\/uploads\/2021\/12\/S1a-1.png","contentUrl":"https:\/\/7culture.ci\/wp-content\/uploads\/2021\/12\/S1a-1.png","width":588,"height":192,"caption":"7culture"},"image":{"@id":"https:\/\/7culture.ci\/#\/schema\/logo\/image\/"}},{"@type":"Person","@id":"https:\/\/7culture.ci\/#\/schema\/person\/16150d28d7ef66ba788c1f87f28c4426","name":"7culture2020","image":{"@type":"ImageObject","inLanguage":"fr-FR","@id":"https:\/\/7culture.ci\/#\/schema\/person\/image\/","url":"https:\/\/secure.gravatar.com\/avatar\/9a0784f951306c37bcd065f52844ef95?s=96&d=mm&r=g","contentUrl":"https:\/\/secure.gravatar.com\/avatar\/9a0784f951306c37bcd065f52844ef95?s=96&d=mm&r=g","caption":"7culture2020"},"sameAs":["http:\/\/7culture.ci","Claude.kipre"],"url":"https:\/\/7culture.ci\/index.php\/author\/7culture2020\/"}]}},"jetpack_featured_media_url":"https:\/\/7culture.ci\/wp-content\/uploads\/2022\/03\/Black-so-man1.jpg","jetpack_likes_enabled":true,"jetpack_sharing_enabled":true,"_links":{"self":[{"href":"https:\/\/7culture.ci\/index.php\/wp-json\/wp\/v2\/posts\/20189"}],"collection":[{"href":"https:\/\/7culture.ci\/index.php\/wp-json\/wp\/v2\/posts"}],"about":[{"href":"https:\/\/7culture.ci\/index.php\/wp-json\/wp\/v2\/types\/post"}],"author":[{"embeddable":true,"href":"https:\/\/7culture.ci\/index.php\/wp-json\/wp\/v2\/users\/1"}],"replies":[{"embeddable":true,"href":"https:\/\/7culture.ci\/index.php\/wp-json\/wp\/v2\/comments?post=20189"}],"version-history":[{"count":0,"href":"https:\/\/7culture.ci\/index.php\/wp-json\/wp\/v2\/posts\/20189\/revisions"}],"wp:featuredmedia":[{"embeddable":true,"href":"https:\/\/7culture.ci\/index.php\/wp-json\/wp\/v2\/media\/20190"}],"wp:attachment":[{"href":"https:\/\/7culture.ci\/index.php\/wp-json\/wp\/v2\/media?parent=20189"}],"wp:term":[{"taxonomy":"category","embeddable":true,"href":"https:\/\/7culture.ci\/index.php\/wp-json\/wp\/v2\/categories?post=20189"},{"taxonomy":"post_tag","embeddable":true,"href":"https:\/\/7culture.ci\/index.php\/wp-json\/wp\/v2\/tags?post=20189"}],"curies":[{"name":"wp","href":"https:\/\/api.w.org\/{rel}","templated":true}]}}