{"id":20181,"date":"2022-03-15T19:15:09","date_gmt":"2022-03-15T18:15:09","guid":{"rendered":"https:\/\/7culture.ci\/?p=20181"},"modified":"2022-03-16T17:51:02","modified_gmt":"2022-03-16T16:51:02","slug":"une-bonne-nouvelle-pour-aicha-kone","status":"publish","type":"post","link":"https:\/\/7culture.ci\/index.php\/2022\/03\/15\/une-bonne-nouvelle-pour-aicha-kone\/","title":{"rendered":"Une bonne nouvelle pour A\u00efcha Kon\u00e9\u00a0!"},"content":{"rendered":"\n<p>A\u00efcha Kon\u00e9 pr\u00e9pare ses 45 ans de carri\u00e8re. Ce sera le 7 ao\u00fbt prochain au Palais des Congr\u00e8s du Sofitel Abidjan H\u00f4tel Ivoire. Pour la r\u00e9ussite de la c\u00e9l\u00e9bration de plus de quatre d\u00e9cennies de musique, la Diva de la musique africaine a re\u00e7u un soutien de poids. La bonne nouvelle pour l\u2019imp\u00e9ratrice de la chanson ivoirienne est tomb\u00e9e apr\u00e8s une audience ce mardi 15 mars avec M. Kouadio Konan Bertin (KKB), ministre de la R\u00e9conciliation et de la Coh\u00e9sion Nationale, \u00e0 son cabinet. \u00ab&nbsp;<strong><em>J\u2019ai \u00e9t\u00e9 heureux de recevoir en audience, ce mardi 15 mars 2022, une des pionni\u00e8res de la musique ivoirienne, la Diva A\u00efcha Kon\u00e9. \u00c0 l\u2019occasion de sa c\u00e9l\u00e9bration des 45 ans de carri\u00e8re pr\u00e9vue pour le 7 ao\u00fbt prochain au Sofitel h\u00f4tel Ivoire, elle est venue solliciter mon parrainage. Pour ce qu\u2019elle repr\u00e9sente pour la culture africaine, c\u2019est sans h\u00e9sitation que j\u2019ai donn\u00e9 mon accord et la rassurer de mon engagement \u00e0 l\u2019accompagner pour le succ\u00e8s de l\u2019\u00e9v\u00e9nement<\/em><\/strong>&nbsp;\u00bb, a post\u00e9 sur sa page Facebook, le ministre ivoirien.<\/p>\n\n\n\n<div class=\"wp-block-image\"><figure class=\"aligncenter size-full is-resized\"><img loading=\"lazy\" decoding=\"async\" src=\"https:\/\/7culture.ci\/wp-content\/uploads\/2022\/03\/Aicha-Kone4.jpg\" alt=\"\" class=\"wp-image-20183\" width=\"730\" height=\"487\" srcset=\"https:\/\/7culture.ci\/wp-content\/uploads\/2022\/03\/Aicha-Kone4.jpg 984w, https:\/\/7culture.ci\/wp-content\/uploads\/2022\/03\/Aicha-Kone4-300x200.jpg 300w, https:\/\/7culture.ci\/wp-content\/uploads\/2022\/03\/Aicha-Kone4-768x512.jpg 768w\" sizes=\"(max-width: 730px) 100vw, 730px\" \/><\/figure><\/div>\n\n\n\n<p>Cela tombe vraiment bien car Mama Africa a aussi plac\u00e9 la c\u00e9l\u00e9bration de ses 45 ans de carri\u00e8re professionnelle sous le sceau de la r\u00e9conciliation nationale. Son souhait serait que les trois barons de la politique ivoirienne \u00e0 savoir le pr\u00e9sident de la R\u00e9publique Alassane Ouattara et ses deux pr\u00e9d\u00e9cesseurs Laurent Gbagbo et Henri Konan B\u00e9di\u00e9 assistent \u00e0 cet important \u00e9v\u00e8nement.<\/p>\n\n\n\n<figure class=\"wp-block-gallery has-nested-images columns-default is-cropped wp-block-gallery-1 is-layout-flex wp-block-gallery-is-layout-flex\">\n<figure class=\"wp-block-image size-large\"><img loading=\"lazy\" decoding=\"async\" width=\"960\" height=\"719\" data-id=\"20186\" src=\"https:\/\/7culture.ci\/wp-content\/uploads\/2022\/03\/Aicha-Kone1.jpg\" alt=\"\" class=\"wp-image-20186\" srcset=\"https:\/\/7culture.ci\/wp-content\/uploads\/2022\/03\/Aicha-Kone1.jpg 960w, https:\/\/7culture.ci\/wp-content\/uploads\/2022\/03\/Aicha-Kone1-300x225.jpg 300w, https:\/\/7culture.ci\/wp-content\/uploads\/2022\/03\/Aicha-Kone1-768x575.jpg 768w\" sizes=\"(max-width: 960px) 100vw, 960px\" \/><\/figure>\n\n\n\n<figure class=\"wp-block-image size-large\"><img loading=\"lazy\" decoding=\"async\" width=\"984\" height=\"656\" data-id=\"20184\" src=\"https:\/\/7culture.ci\/wp-content\/uploads\/2022\/03\/Aicha-Kone3.jpg\" alt=\"\" class=\"wp-image-20184\" srcset=\"https:\/\/7culture.ci\/wp-content\/uploads\/2022\/03\/Aicha-Kone3.jpg 984w, https:\/\/7culture.ci\/wp-content\/uploads\/2022\/03\/Aicha-Kone3-300x200.jpg 300w, https:\/\/7culture.ci\/wp-content\/uploads\/2022\/03\/Aicha-Kone3-768x512.jpg 768w\" sizes=\"(max-width: 984px) 100vw, 984px\" \/><\/figure>\n\n\n\n<figure class=\"wp-block-image size-large\"><img loading=\"lazy\" decoding=\"async\" width=\"984\" height=\"656\" data-id=\"20185\" src=\"https:\/\/7culture.ci\/wp-content\/uploads\/2022\/03\/Aicha-Kone6.jpg\" alt=\"\" class=\"wp-image-20185\" srcset=\"https:\/\/7culture.ci\/wp-content\/uploads\/2022\/03\/Aicha-Kone6.jpg 984w, https:\/\/7culture.ci\/wp-content\/uploads\/2022\/03\/Aicha-Kone6-300x200.jpg 300w, https:\/\/7culture.ci\/wp-content\/uploads\/2022\/03\/Aicha-Kone6-768x512.jpg 768w\" sizes=\"(max-width: 984px) 100vw, 984px\" \/><\/figure>\n<\/figure>\n\n\n\n<p>Par Omar AK<\/p>\n","protected":false},"excerpt":{"rendered":"<p>A\u00efcha Kon\u00e9 pr\u00e9pare ses 45 ans de carri\u00e8re. Ce sera le 7 ao\u00fbt prochain au Palais des Congr\u00e8s du Sofitel Abidjan H\u00f4tel Ivoire. Pour la r\u00e9ussite de la c\u00e9l\u00e9bration de plus de quatre d\u00e9cennies de musique, la Diva de la musique africaine a re\u00e7u un soutien de poids. La bonne nouvelle pour l\u2019imp\u00e9ratrice de la &hellip;<\/p>\n<p class=\"read-more\"> <a class=\"\" href=\"https:\/\/7culture.ci\/index.php\/2022\/03\/15\/une-bonne-nouvelle-pour-aicha-kone\/\"> <span class=\"screen-reader-text\">Une bonne nouvelle pour A\u00efcha Kon\u00e9\u00a0!<\/span> Lire la suite\u00a0\u00bb<\/a><\/p>\n","protected":false},"author":1,"featured_media":20182,"comment_status":"open","ping_status":"open","sticky":false,"template":"","format":"standard","meta":{"_mi_skip_tracking":false,"_monsterinsights_sitenote_active":false,"_monsterinsights_sitenote_note":"","_monsterinsights_sitenote_category":0,"site-sidebar-layout":"default","site-content-layout":"default","ast-global-header-display":"","ast-main-header-display":"","ast-hfb-above-header-display":"","ast-hfb-below-header-display":"","ast-hfb-mobile-header-display":"","site-post-title":"","ast-breadcrumbs-content":"","ast-featured-img":"","footer-sml-layout":"","theme-transparent-header-meta":"","adv-header-id-meta":"","stick-header-meta":"","header-above-stick-meta":"","header-main-stick-meta":"","header-below-stick-meta":"","footnotes":"","jetpack_publicize_message":"","jetpack_is_tweetstorm":false,"jetpack_publicize_feature_enabled":true},"categories":[22],"tags":[],"jetpack_publicize_connections":[],"acf":[],"aioseo_notices":[],"yoast_head":"<!-- This site is optimized with the Yoast SEO plugin v19.6.1 - https:\/\/yoast.com\/wordpress\/plugins\/seo\/ -->\n<title>Une bonne nouvelle pour A\u00efcha Kon\u00e9\u00a0! -<\/title>\n<meta name=\"robots\" content=\"index, follow, max-snippet:-1, max-image-preview:large, max-video-preview:-1\" \/>\n<link rel=\"canonical\" href=\"https:\/\/7culture.ci\/index.php\/2022\/03\/15\/une-bonne-nouvelle-pour-aicha-kone\/\" \/>\n<meta property=\"og:locale\" content=\"fr_FR\" \/>\n<meta property=\"og:type\" content=\"article\" \/>\n<meta property=\"og:title\" content=\"Une bonne nouvelle pour A\u00efcha Kon\u00e9\u00a0! -\" \/>\n<meta property=\"og:description\" content=\"A\u00efcha Kon\u00e9 pr\u00e9pare ses 45 ans de carri\u00e8re. Ce sera le 7 ao\u00fbt prochain au Palais des Congr\u00e8s du Sofitel Abidjan H\u00f4tel Ivoire. Pour la r\u00e9ussite de la c\u00e9l\u00e9bration de plus de quatre d\u00e9cennies de musique, la Diva de la musique africaine a re\u00e7u un soutien de poids. La bonne nouvelle pour l\u2019imp\u00e9ratrice de la &hellip; Une bonne nouvelle pour A\u00efcha Kon\u00e9\u00a0! Lire la suite\u00a0\u00bb\" \/>\n<meta property=\"og:url\" content=\"https:\/\/7culture.ci\/index.php\/2022\/03\/15\/une-bonne-nouvelle-pour-aicha-kone\/\" \/>\n<meta property=\"og:site_name\" content=\"7culture\" \/>\n<meta property=\"article:publisher\" content=\"https:\/\/www.facebook.com\/redchefclaude\" \/>\n<meta property=\"article:published_time\" content=\"2022-03-15T18:15:09+00:00\" \/>\n<meta property=\"article:modified_time\" content=\"2022-03-16T16:51:02+00:00\" \/>\n<meta property=\"og:image\" content=\"http:\/\/7culture.ci\/wp-content\/uploads\/2022\/03\/Aicha-Kone5.jpg\" \/>\n\t<meta property=\"og:image:width\" content=\"822\" \/>\n\t<meta property=\"og:image:height\" content=\"647\" \/>\n\t<meta property=\"og:image:type\" content=\"image\/jpeg\" \/>\n<meta name=\"author\" content=\"7culture2020\" \/>\n<meta name=\"twitter:card\" content=\"summary_large_image\" \/>\n<meta name=\"twitter:creator\" content=\"@7culturec\" \/>\n<meta name=\"twitter:site\" content=\"@7culturec\" \/>\n<meta name=\"twitter:label1\" content=\"\u00c9crit par\" \/>\n\t<meta name=\"twitter:data1\" content=\"7culture2020\" \/>\n\t<meta name=\"twitter:label2\" content=\"Dur\u00e9e de lecture estim\u00e9e\" \/>\n\t<meta name=\"twitter:data2\" content=\"3 minutes\" \/>\n<script type=\"application\/ld+json\" class=\"yoast-schema-graph\">{\"@context\":\"https:\/\/schema.org\",\"@graph\":[{\"@type\":\"Article\",\"@id\":\"https:\/\/7culture.ci\/index.php\/2022\/03\/15\/une-bonne-nouvelle-pour-aicha-kone\/#article\",\"isPartOf\":{\"@id\":\"https:\/\/7culture.ci\/index.php\/2022\/03\/15\/une-bonne-nouvelle-pour-aicha-kone\/\"},\"author\":{\"name\":\"7culture2020\",\"@id\":\"https:\/\/7culture.ci\/#\/schema\/person\/16150d28d7ef66ba788c1f87f28c4426\"},\"headline\":\"Une bonne nouvelle pour A\u00efcha Kon\u00e9\u00a0!\",\"datePublished\":\"2022-03-15T18:15:09+00:00\",\"dateModified\":\"2022-03-16T16:51:02+00:00\",\"mainEntityOfPage\":{\"@id\":\"https:\/\/7culture.ci\/index.php\/2022\/03\/15\/une-bonne-nouvelle-pour-aicha-kone\/\"},\"wordCount\":277,\"commentCount\":0,\"publisher\":{\"@id\":\"https:\/\/7culture.ci\/#organization\"},\"articleSection\":[\"Actualit\u00e9\"],\"inLanguage\":\"fr-FR\",\"potentialAction\":[{\"@type\":\"CommentAction\",\"name\":\"Comment\",\"target\":[\"https:\/\/7culture.ci\/index.php\/2022\/03\/15\/une-bonne-nouvelle-pour-aicha-kone\/#respond\"]}]},{\"@type\":\"WebPage\",\"@id\":\"https:\/\/7culture.ci\/index.php\/2022\/03\/15\/une-bonne-nouvelle-pour-aicha-kone\/\",\"url\":\"https:\/\/7culture.ci\/index.php\/2022\/03\/15\/une-bonne-nouvelle-pour-aicha-kone\/\",\"name\":\"Une bonne nouvelle pour A\u00efcha Kon\u00e9\u00a0! -\",\"isPartOf\":{\"@id\":\"https:\/\/7culture.ci\/#website\"},\"datePublished\":\"2022-03-15T18:15:09+00:00\",\"dateModified\":\"2022-03-16T16:51:02+00:00\",\"breadcrumb\":{\"@id\":\"https:\/\/7culture.ci\/index.php\/2022\/03\/15\/une-bonne-nouvelle-pour-aicha-kone\/#breadcrumb\"},\"inLanguage\":\"fr-FR\",\"potentialAction\":[{\"@type\":\"ReadAction\",\"target\":[\"https:\/\/7culture.ci\/index.php\/2022\/03\/15\/une-bonne-nouvelle-pour-aicha-kone\/\"]}]},{\"@type\":\"BreadcrumbList\",\"@id\":\"https:\/\/7culture.ci\/index.php\/2022\/03\/15\/une-bonne-nouvelle-pour-aicha-kone\/#breadcrumb\",\"itemListElement\":[{\"@type\":\"ListItem\",\"position\":1,\"name\":\"Accueil\",\"item\":\"https:\/\/7culture.ci\/\"},{\"@type\":\"ListItem\",\"position\":2,\"name\":\"Une bonne nouvelle pour A\u00efcha Kon\u00e9\u00a0!\"}]},{\"@type\":\"WebSite\",\"@id\":\"https:\/\/7culture.ci\/#website\",\"url\":\"https:\/\/7culture.ci\/\",\"name\":\"7culture\",\"description\":\"Tout sur l&#039;actualit\u00e9\",\"publisher\":{\"@id\":\"https:\/\/7culture.ci\/#organization\"},\"potentialAction\":[{\"@type\":\"SearchAction\",\"target\":{\"@type\":\"EntryPoint\",\"urlTemplate\":\"https:\/\/7culture.ci\/?s={search_term_string}\"},\"query-input\":\"required name=search_term_string\"}],\"inLanguage\":\"fr-FR\"},{\"@type\":\"Organization\",\"@id\":\"https:\/\/7culture.ci\/#organization\",\"name\":\"7culture\",\"url\":\"https:\/\/7culture.ci\/\",\"sameAs\":[\"https:\/\/www.facebook.com\/redchefclaude\",\"https:\/\/twitter.com\/7culturec\"],\"logo\":{\"@type\":\"ImageObject\",\"inLanguage\":\"fr-FR\",\"@id\":\"https:\/\/7culture.ci\/#\/schema\/logo\/image\/\",\"url\":\"https:\/\/7culture.ci\/wp-content\/uploads\/2021\/12\/S1a-1.png\",\"contentUrl\":\"https:\/\/7culture.ci\/wp-content\/uploads\/2021\/12\/S1a-1.png\",\"width\":588,\"height\":192,\"caption\":\"7culture\"},\"image\":{\"@id\":\"https:\/\/7culture.ci\/#\/schema\/logo\/image\/\"}},{\"@type\":\"Person\",\"@id\":\"https:\/\/7culture.ci\/#\/schema\/person\/16150d28d7ef66ba788c1f87f28c4426\",\"name\":\"7culture2020\",\"image\":{\"@type\":\"ImageObject\",\"inLanguage\":\"fr-FR\",\"@id\":\"https:\/\/7culture.ci\/#\/schema\/person\/image\/\",\"url\":\"https:\/\/secure.gravatar.com\/avatar\/9a0784f951306c37bcd065f52844ef95?s=96&d=mm&r=g\",\"contentUrl\":\"https:\/\/secure.gravatar.com\/avatar\/9a0784f951306c37bcd065f52844ef95?s=96&d=mm&r=g\",\"caption\":\"7culture2020\"},\"sameAs\":[\"http:\/\/7culture.ci\",\"Claude.kipre\"],\"url\":\"https:\/\/7culture.ci\/index.php\/author\/7culture2020\/\"}]}<\/script>\n<!-- \/ Yoast SEO plugin. -->","yoast_head_json":{"title":"Une bonne nouvelle pour A\u00efcha Kon\u00e9\u00a0! -","robots":{"index":"index","follow":"follow","max-snippet":"max-snippet:-1","max-image-preview":"max-image-preview:large","max-video-preview":"max-video-preview:-1"},"canonical":"https:\/\/7culture.ci\/index.php\/2022\/03\/15\/une-bonne-nouvelle-pour-aicha-kone\/","og_locale":"fr_FR","og_type":"article","og_title":"Une bonne nouvelle pour A\u00efcha Kon\u00e9\u00a0! -","og_description":"A\u00efcha Kon\u00e9 pr\u00e9pare ses 45 ans de carri\u00e8re. Ce sera le 7 ao\u00fbt prochain au Palais des Congr\u00e8s du Sofitel Abidjan H\u00f4tel Ivoire. Pour la r\u00e9ussite de la c\u00e9l\u00e9bration de plus de quatre d\u00e9cennies de musique, la Diva de la musique africaine a re\u00e7u un soutien de poids. La bonne nouvelle pour l\u2019imp\u00e9ratrice de la &hellip; Une bonne nouvelle pour A\u00efcha Kon\u00e9\u00a0! Lire la suite\u00a0\u00bb","og_url":"https:\/\/7culture.ci\/index.php\/2022\/03\/15\/une-bonne-nouvelle-pour-aicha-kone\/","og_site_name":"7culture","article_publisher":"https:\/\/www.facebook.com\/redchefclaude","article_published_time":"2022-03-15T18:15:09+00:00","article_modified_time":"2022-03-16T16:51:02+00:00","og_image":[{"width":822,"height":647,"url":"http:\/\/7culture.ci\/wp-content\/uploads\/2022\/03\/Aicha-Kone5.jpg","type":"image\/jpeg"}],"author":"7culture2020","twitter_card":"summary_large_image","twitter_creator":"@7culturec","twitter_site":"@7culturec","twitter_misc":{"\u00c9crit par":"7culture2020","Dur\u00e9e de lecture estim\u00e9e":"3 minutes"},"schema":{"@context":"https:\/\/schema.org","@graph":[{"@type":"Article","@id":"https:\/\/7culture.ci\/index.php\/2022\/03\/15\/une-bonne-nouvelle-pour-aicha-kone\/#article","isPartOf":{"@id":"https:\/\/7culture.ci\/index.php\/2022\/03\/15\/une-bonne-nouvelle-pour-aicha-kone\/"},"author":{"name":"7culture2020","@id":"https:\/\/7culture.ci\/#\/schema\/person\/16150d28d7ef66ba788c1f87f28c4426"},"headline":"Une bonne nouvelle pour A\u00efcha Kon\u00e9\u00a0!","datePublished":"2022-03-15T18:15:09+00:00","dateModified":"2022-03-16T16:51:02+00:00","mainEntityOfPage":{"@id":"https:\/\/7culture.ci\/index.php\/2022\/03\/15\/une-bonne-nouvelle-pour-aicha-kone\/"},"wordCount":277,"commentCount":0,"publisher":{"@id":"https:\/\/7culture.ci\/#organization"},"articleSection":["Actualit\u00e9"],"inLanguage":"fr-FR","potentialAction":[{"@type":"CommentAction","name":"Comment","target":["https:\/\/7culture.ci\/index.php\/2022\/03\/15\/une-bonne-nouvelle-pour-aicha-kone\/#respond"]}]},{"@type":"WebPage","@id":"https:\/\/7culture.ci\/index.php\/2022\/03\/15\/une-bonne-nouvelle-pour-aicha-kone\/","url":"https:\/\/7culture.ci\/index.php\/2022\/03\/15\/une-bonne-nouvelle-pour-aicha-kone\/","name":"Une bonne nouvelle pour A\u00efcha Kon\u00e9\u00a0! -","isPartOf":{"@id":"https:\/\/7culture.ci\/#website"},"datePublished":"2022-03-15T18:15:09+00:00","dateModified":"2022-03-16T16:51:02+00:00","breadcrumb":{"@id":"https:\/\/7culture.ci\/index.php\/2022\/03\/15\/une-bonne-nouvelle-pour-aicha-kone\/#breadcrumb"},"inLanguage":"fr-FR","potentialAction":[{"@type":"ReadAction","target":["https:\/\/7culture.ci\/index.php\/2022\/03\/15\/une-bonne-nouvelle-pour-aicha-kone\/"]}]},{"@type":"BreadcrumbList","@id":"https:\/\/7culture.ci\/index.php\/2022\/03\/15\/une-bonne-nouvelle-pour-aicha-kone\/#breadcrumb","itemListElement":[{"@type":"ListItem","position":1,"name":"Accueil","item":"https:\/\/7culture.ci\/"},{"@type":"ListItem","position":2,"name":"Une bonne nouvelle pour A\u00efcha Kon\u00e9\u00a0!"}]},{"@type":"WebSite","@id":"https:\/\/7culture.ci\/#website","url":"https:\/\/7culture.ci\/","name":"7culture","description":"Tout sur l&#039;actualit\u00e9","publisher":{"@id":"https:\/\/7culture.ci\/#organization"},"potentialAction":[{"@type":"SearchAction","target":{"@type":"EntryPoint","urlTemplate":"https:\/\/7culture.ci\/?s={search_term_string}"},"query-input":"required name=search_term_string"}],"inLanguage":"fr-FR"},{"@type":"Organization","@id":"https:\/\/7culture.ci\/#organization","name":"7culture","url":"https:\/\/7culture.ci\/","sameAs":["https:\/\/www.facebook.com\/redchefclaude","https:\/\/twitter.com\/7culturec"],"logo":{"@type":"ImageObject","inLanguage":"fr-FR","@id":"https:\/\/7culture.ci\/#\/schema\/logo\/image\/","url":"https:\/\/7culture.ci\/wp-content\/uploads\/2021\/12\/S1a-1.png","contentUrl":"https:\/\/7culture.ci\/wp-content\/uploads\/2021\/12\/S1a-1.png","width":588,"height":192,"caption":"7culture"},"image":{"@id":"https:\/\/7culture.ci\/#\/schema\/logo\/image\/"}},{"@type":"Person","@id":"https:\/\/7culture.ci\/#\/schema\/person\/16150d28d7ef66ba788c1f87f28c4426","name":"7culture2020","image":{"@type":"ImageObject","inLanguage":"fr-FR","@id":"https:\/\/7culture.ci\/#\/schema\/person\/image\/","url":"https:\/\/secure.gravatar.com\/avatar\/9a0784f951306c37bcd065f52844ef95?s=96&d=mm&r=g","contentUrl":"https:\/\/secure.gravatar.com\/avatar\/9a0784f951306c37bcd065f52844ef95?s=96&d=mm&r=g","caption":"7culture2020"},"sameAs":["http:\/\/7culture.ci","Claude.kipre"],"url":"https:\/\/7culture.ci\/index.php\/author\/7culture2020\/"}]}},"jetpack_featured_media_url":"https:\/\/7culture.ci\/wp-content\/uploads\/2022\/03\/Aicha-Kone5.jpg","jetpack_likes_enabled":true,"jetpack_sharing_enabled":true,"_links":{"self":[{"href":"https:\/\/7culture.ci\/index.php\/wp-json\/wp\/v2\/posts\/20181"}],"collection":[{"href":"https:\/\/7culture.ci\/index.php\/wp-json\/wp\/v2\/posts"}],"about":[{"href":"https:\/\/7culture.ci\/index.php\/wp-json\/wp\/v2\/types\/post"}],"author":[{"embeddable":true,"href":"https:\/\/7culture.ci\/index.php\/wp-json\/wp\/v2\/users\/1"}],"replies":[{"embeddable":true,"href":"https:\/\/7culture.ci\/index.php\/wp-json\/wp\/v2\/comments?post=20181"}],"version-history":[{"count":0,"href":"https:\/\/7culture.ci\/index.php\/wp-json\/wp\/v2\/posts\/20181\/revisions"}],"wp:featuredmedia":[{"embeddable":true,"href":"https:\/\/7culture.ci\/index.php\/wp-json\/wp\/v2\/media\/20182"}],"wp:attachment":[{"href":"https:\/\/7culture.ci\/index.php\/wp-json\/wp\/v2\/media?parent=20181"}],"wp:term":[{"taxonomy":"category","embeddable":true,"href":"https:\/\/7culture.ci\/index.php\/wp-json\/wp\/v2\/categories?post=20181"},{"taxonomy":"post_tag","embeddable":true,"href":"https:\/\/7culture.ci\/index.php\/wp-json\/wp\/v2\/tags?post=20181"}],"curies":[{"name":"wp","href":"https:\/\/api.w.org\/{rel}","templated":true}]}}