{"id":20165,"date":"2022-03-15T16:05:01","date_gmt":"2022-03-15T15:05:01","guid":{"rendered":"https:\/\/7culture.ci\/?p=20165"},"modified":"2022-03-15T18:00:45","modified_gmt":"2022-03-15T17:00:45","slug":"apres-le-masa-le-satisfecit-et-les-remerciements-de-la-ministre-de-la-culture","status":"publish","type":"post","link":"https:\/\/7culture.ci\/index.php\/2022\/03\/15\/apres-le-masa-le-satisfecit-et-les-remerciements-de-la-ministre-de-la-culture\/","title":{"rendered":"Apr\u00e8s le MASA, le satisfecit et les remerciements de la ministre de la Culture"},"content":{"rendered":"\n<p><strong><em>Les lampions se sont \u00e9teints sur le March\u00e9 des arts du spectacle d\u2019Abidjan (Masa) le samedi 12 mars dernier apr\u00e8s une semaine d\u2019intenses activit\u00e9s culturelles. Le plus grand march\u00e9 des arts d\u2019Afrique termin\u00e9, la ministre de la Culture et l\u2019Industrie des Arts du Spectacle a remerci\u00e9 les autorit\u00e9s ivoiriennes et les festivaliers. Voici in extenso l\u2019expression Mme Harlette Badou N\u2019Guessan Kouam\u00e9 sur sa page Facebook.<\/em><\/strong><\/p>\n\n\n\n<p>\u00ab&nbsp;Apr\u00e8s plusieurs jours de festivit\u00e9s, la 12<sup>\u00e8me<\/sup> &nbsp;\u00e9dition du March\u00e9 des Arts du Spectacle d&#8217;Abidjan (MASA 2022) a officiellement ferm\u00e9 ses portes ce samedi 12 mars au palais de la culture.<\/p>\n\n\n\n<p>C&#8217;est le lieu, pour moi, de traduire mes sinc\u00e8res remerciements au Pr\u00e9sident de la R\u00e9publique, Son Excellence Monsieur Alassane Ouattara pour la confiance et le soutien.<\/p>\n\n\n\n<p>Merci \u00e0 Monsieur le Premier Ministre, Patrick Achi et \u00e0 l&#8217;ensemble des membres du gouvernement pour leur disponibilit\u00e9.<\/p>\n\n\n\n<figure class=\"wp-block-gallery has-nested-images columns-default is-cropped wp-block-gallery-1 is-layout-flex wp-block-gallery-is-layout-flex\">\n<figure class=\"wp-block-image size-large\"><img loading=\"lazy\" decoding=\"async\" width=\"920\" height=\"614\" data-id=\"20167\" src=\"https:\/\/7culture.ci\/wp-content\/uploads\/2022\/03\/mas1-1.jpg\" alt=\"\" class=\"wp-image-20167\" srcset=\"https:\/\/7culture.ci\/wp-content\/uploads\/2022\/03\/mas1-1.jpg 920w, https:\/\/7culture.ci\/wp-content\/uploads\/2022\/03\/mas1-1-300x200.jpg 300w, https:\/\/7culture.ci\/wp-content\/uploads\/2022\/03\/mas1-1-768x513.jpg 768w\" sizes=\"(max-width: 920px) 100vw, 920px\" \/><\/figure>\n\n\n\n<figure class=\"wp-block-image size-large\"><img loading=\"lazy\" decoding=\"async\" width=\"920\" height=\"614\" data-id=\"20168\" src=\"https:\/\/7culture.ci\/wp-content\/uploads\/2022\/03\/mas2.jpg\" alt=\"\" class=\"wp-image-20168\" srcset=\"https:\/\/7culture.ci\/wp-content\/uploads\/2022\/03\/mas2.jpg 920w, https:\/\/7culture.ci\/wp-content\/uploads\/2022\/03\/mas2-300x200.jpg 300w, https:\/\/7culture.ci\/wp-content\/uploads\/2022\/03\/mas2-768x513.jpg 768w\" sizes=\"(max-width: 920px) 100vw, 920px\" \/><\/figure>\n<\/figure>\n\n\n\n<p>F\u00e9licitations au Directeur G\u00e9n\u00e9ral du MASA, \u00e0 l&#8217;ensemble des membres de son \u00e9quipe et \u00e0 l&#8217;ensemble des agents de mon d\u00e9partement minist\u00e9riel engag\u00e9s dans l&#8217;organisation.<\/p>\n\n\n\n<p>Je n&#8217;oublie pas tous ces artistes, qui ont rendu&nbsp; inoubliable, par leurs diff\u00e9rentes pr\u00e9sentations et prestations, cette \u00e9dition du MASA.<\/p>\n\n\n\n<p>Merci \u00e0 nos diff\u00e9rents partenaires et \u00e0 l&#8217;ensemble des entreprises qui ont accept\u00e9 de s&#8217;associer \u00e0 cette 12<sup>\u00e8me<\/sup> &nbsp;\u00e9dition du March\u00e9 des Arts du Spectacle d&#8217;Abidjan.&nbsp;\u00bb<\/p>\n\n\n\n<figure class=\"wp-block-gallery has-nested-images columns-default is-cropped wp-block-gallery-2 is-layout-flex wp-block-gallery-is-layout-flex\">\n<figure class=\"wp-block-image size-large\"><img loading=\"lazy\" decoding=\"async\" width=\"920\" height=\"614\" data-id=\"20169\" src=\"https:\/\/7culture.ci\/wp-content\/uploads\/2022\/03\/mas3.jpg\" alt=\"\" class=\"wp-image-20169\" srcset=\"https:\/\/7culture.ci\/wp-content\/uploads\/2022\/03\/mas3.jpg 920w, https:\/\/7culture.ci\/wp-content\/uploads\/2022\/03\/mas3-300x200.jpg 300w, https:\/\/7culture.ci\/wp-content\/uploads\/2022\/03\/mas3-768x513.jpg 768w\" sizes=\"(max-width: 920px) 100vw, 920px\" \/><\/figure>\n\n\n\n<figure class=\"wp-block-image size-large\"><img loading=\"lazy\" decoding=\"async\" width=\"1024\" height=\"683\" data-id=\"20170\" src=\"https:\/\/7culture.ci\/wp-content\/uploads\/2022\/03\/mas5-1024x683.jpg\" alt=\"\" class=\"wp-image-20170\" srcset=\"https:\/\/7culture.ci\/wp-content\/uploads\/2022\/03\/mas5-1024x683.jpg 1024w, https:\/\/7culture.ci\/wp-content\/uploads\/2022\/03\/mas5-300x200.jpg 300w, https:\/\/7culture.ci\/wp-content\/uploads\/2022\/03\/mas5-768x512.jpg 768w, https:\/\/7culture.ci\/wp-content\/uploads\/2022\/03\/mas5-1536x1024.jpg 1536w, https:\/\/7culture.ci\/wp-content\/uploads\/2022\/03\/mas5.jpg 2048w\" sizes=\"(max-width: 1024px) 100vw, 1024px\" \/><\/figure>\n<\/figure>\n\n\n\n<p>Par Omar AK<\/p>\n","protected":false},"excerpt":{"rendered":"<p>Les lampions se sont \u00e9teints sur le March\u00e9 des arts du spectacle d\u2019Abidjan (Masa) le samedi 12 mars dernier apr\u00e8s une semaine d\u2019intenses activit\u00e9s culturelles. Le plus grand march\u00e9 des arts d\u2019Afrique termin\u00e9, la ministre de la Culture et l\u2019Industrie des Arts du Spectacle a remerci\u00e9 les autorit\u00e9s ivoiriennes et les festivaliers. Voici in extenso &hellip;<\/p>\n<p class=\"read-more\"> <a class=\"\" href=\"https:\/\/7culture.ci\/index.php\/2022\/03\/15\/apres-le-masa-le-satisfecit-et-les-remerciements-de-la-ministre-de-la-culture\/\"> <span class=\"screen-reader-text\">Apr\u00e8s le MASA, le satisfecit et les remerciements de la ministre de la Culture<\/span> Lire la suite\u00a0\u00bb<\/a><\/p>\n","protected":false},"author":1,"featured_media":20166,"comment_status":"open","ping_status":"open","sticky":false,"template":"","format":"standard","meta":{"_mi_skip_tracking":false,"_monsterinsights_sitenote_active":false,"_monsterinsights_sitenote_note":"","_monsterinsights_sitenote_category":0,"site-sidebar-layout":"default","site-content-layout":"default","ast-global-header-display":"","ast-main-header-display":"","ast-hfb-above-header-display":"","ast-hfb-below-header-display":"","ast-hfb-mobile-header-display":"","site-post-title":"","ast-breadcrumbs-content":"","ast-featured-img":"","footer-sml-layout":"","theme-transparent-header-meta":"","adv-header-id-meta":"","stick-header-meta":"","header-above-stick-meta":"","header-main-stick-meta":"","header-below-stick-meta":"","footnotes":"","jetpack_publicize_message":"","jetpack_is_tweetstorm":false,"jetpack_publicize_feature_enabled":true},"categories":[22],"tags":[],"jetpack_publicize_connections":[],"acf":[],"aioseo_notices":[],"yoast_head":"<!-- This site is optimized with the Yoast SEO plugin v19.6.1 - https:\/\/yoast.com\/wordpress\/plugins\/seo\/ -->\n<title>Apr\u00e8s le MASA, le satisfecit et les remerciements de la ministre de la Culture -<\/title>\n<meta name=\"robots\" content=\"index, follow, max-snippet:-1, max-image-preview:large, max-video-preview:-1\" \/>\n<link rel=\"canonical\" href=\"https:\/\/7culture.ci\/index.php\/2022\/03\/15\/apres-le-masa-le-satisfecit-et-les-remerciements-de-la-ministre-de-la-culture\/\" \/>\n<meta property=\"og:locale\" content=\"fr_FR\" \/>\n<meta property=\"og:type\" content=\"article\" \/>\n<meta property=\"og:title\" content=\"Apr\u00e8s le MASA, le satisfecit et les remerciements de la ministre de la Culture -\" \/>\n<meta property=\"og:description\" content=\"Les lampions se sont \u00e9teints sur le March\u00e9 des arts du spectacle d\u2019Abidjan (Masa) le samedi 12 mars dernier apr\u00e8s une semaine d\u2019intenses activit\u00e9s culturelles. Le plus grand march\u00e9 des arts d\u2019Afrique termin\u00e9, la ministre de la Culture et l\u2019Industrie des Arts du Spectacle a remerci\u00e9 les autorit\u00e9s ivoiriennes et les festivaliers. Voici in extenso &hellip; Apr\u00e8s le MASA, le satisfecit et les remerciements de la ministre de la Culture Lire la suite\u00a0\u00bb\" \/>\n<meta property=\"og:url\" content=\"https:\/\/7culture.ci\/index.php\/2022\/03\/15\/apres-le-masa-le-satisfecit-et-les-remerciements-de-la-ministre-de-la-culture\/\" \/>\n<meta property=\"og:site_name\" content=\"7culture\" \/>\n<meta property=\"article:publisher\" content=\"https:\/\/www.facebook.com\/redchefclaude\" \/>\n<meta property=\"article:published_time\" content=\"2022-03-15T15:05:01+00:00\" \/>\n<meta property=\"article:modified_time\" content=\"2022-03-15T17:00:45+00:00\" \/>\n<meta property=\"og:image\" content=\"http:\/\/7culture.ci\/wp-content\/uploads\/2022\/03\/mas4.jpg\" \/>\n\t<meta property=\"og:image:width\" content=\"750\" \/>\n\t<meta property=\"og:image:height\" content=\"400\" \/>\n\t<meta property=\"og:image:type\" content=\"image\/jpeg\" \/>\n<meta name=\"author\" content=\"7culture2020\" \/>\n<meta name=\"twitter:card\" content=\"summary_large_image\" \/>\n<meta name=\"twitter:creator\" content=\"@7culturec\" \/>\n<meta name=\"twitter:site\" content=\"@7culturec\" \/>\n<meta name=\"twitter:label1\" content=\"\u00c9crit par\" \/>\n\t<meta name=\"twitter:data1\" content=\"7culture2020\" \/>\n\t<meta name=\"twitter:label2\" content=\"Dur\u00e9e de lecture estim\u00e9e\" \/>\n\t<meta name=\"twitter:data2\" content=\"2 minutes\" \/>\n<script type=\"application\/ld+json\" class=\"yoast-schema-graph\">{\"@context\":\"https:\/\/schema.org\",\"@graph\":[{\"@type\":\"Article\",\"@id\":\"https:\/\/7culture.ci\/index.php\/2022\/03\/15\/apres-le-masa-le-satisfecit-et-les-remerciements-de-la-ministre-de-la-culture\/#article\",\"isPartOf\":{\"@id\":\"https:\/\/7culture.ci\/index.php\/2022\/03\/15\/apres-le-masa-le-satisfecit-et-les-remerciements-de-la-ministre-de-la-culture\/\"},\"author\":{\"name\":\"7culture2020\",\"@id\":\"https:\/\/7culture.ci\/#\/schema\/person\/16150d28d7ef66ba788c1f87f28c4426\"},\"headline\":\"Apr\u00e8s le MASA, le satisfecit et les remerciements de la ministre de la Culture\",\"datePublished\":\"2022-03-15T15:05:01+00:00\",\"dateModified\":\"2022-03-15T17:00:45+00:00\",\"mainEntityOfPage\":{\"@id\":\"https:\/\/7culture.ci\/index.php\/2022\/03\/15\/apres-le-masa-le-satisfecit-et-les-remerciements-de-la-ministre-de-la-culture\/\"},\"wordCount\":247,\"commentCount\":0,\"publisher\":{\"@id\":\"https:\/\/7culture.ci\/#organization\"},\"articleSection\":[\"Actualit\u00e9\"],\"inLanguage\":\"fr-FR\",\"potentialAction\":[{\"@type\":\"CommentAction\",\"name\":\"Comment\",\"target\":[\"https:\/\/7culture.ci\/index.php\/2022\/03\/15\/apres-le-masa-le-satisfecit-et-les-remerciements-de-la-ministre-de-la-culture\/#respond\"]}]},{\"@type\":\"WebPage\",\"@id\":\"https:\/\/7culture.ci\/index.php\/2022\/03\/15\/apres-le-masa-le-satisfecit-et-les-remerciements-de-la-ministre-de-la-culture\/\",\"url\":\"https:\/\/7culture.ci\/index.php\/2022\/03\/15\/apres-le-masa-le-satisfecit-et-les-remerciements-de-la-ministre-de-la-culture\/\",\"name\":\"Apr\u00e8s le MASA, le satisfecit et les remerciements de la ministre de la Culture -\",\"isPartOf\":{\"@id\":\"https:\/\/7culture.ci\/#website\"},\"datePublished\":\"2022-03-15T15:05:01+00:00\",\"dateModified\":\"2022-03-15T17:00:45+00:00\",\"breadcrumb\":{\"@id\":\"https:\/\/7culture.ci\/index.php\/2022\/03\/15\/apres-le-masa-le-satisfecit-et-les-remerciements-de-la-ministre-de-la-culture\/#breadcrumb\"},\"inLanguage\":\"fr-FR\",\"potentialAction\":[{\"@type\":\"ReadAction\",\"target\":[\"https:\/\/7culture.ci\/index.php\/2022\/03\/15\/apres-le-masa-le-satisfecit-et-les-remerciements-de-la-ministre-de-la-culture\/\"]}]},{\"@type\":\"BreadcrumbList\",\"@id\":\"https:\/\/7culture.ci\/index.php\/2022\/03\/15\/apres-le-masa-le-satisfecit-et-les-remerciements-de-la-ministre-de-la-culture\/#breadcrumb\",\"itemListElement\":[{\"@type\":\"ListItem\",\"position\":1,\"name\":\"Accueil\",\"item\":\"https:\/\/7culture.ci\/\"},{\"@type\":\"ListItem\",\"position\":2,\"name\":\"Apr\u00e8s le MASA, le satisfecit et les remerciements de la ministre de la Culture\"}]},{\"@type\":\"WebSite\",\"@id\":\"https:\/\/7culture.ci\/#website\",\"url\":\"https:\/\/7culture.ci\/\",\"name\":\"7culture\",\"description\":\"Tout sur l&#039;actualit\u00e9\",\"publisher\":{\"@id\":\"https:\/\/7culture.ci\/#organization\"},\"potentialAction\":[{\"@type\":\"SearchAction\",\"target\":{\"@type\":\"EntryPoint\",\"urlTemplate\":\"https:\/\/7culture.ci\/?s={search_term_string}\"},\"query-input\":\"required name=search_term_string\"}],\"inLanguage\":\"fr-FR\"},{\"@type\":\"Organization\",\"@id\":\"https:\/\/7culture.ci\/#organization\",\"name\":\"7culture\",\"url\":\"https:\/\/7culture.ci\/\",\"sameAs\":[\"https:\/\/www.facebook.com\/redchefclaude\",\"https:\/\/twitter.com\/7culturec\"],\"logo\":{\"@type\":\"ImageObject\",\"inLanguage\":\"fr-FR\",\"@id\":\"https:\/\/7culture.ci\/#\/schema\/logo\/image\/\",\"url\":\"https:\/\/7culture.ci\/wp-content\/uploads\/2021\/12\/S1a-1.png\",\"contentUrl\":\"https:\/\/7culture.ci\/wp-content\/uploads\/2021\/12\/S1a-1.png\",\"width\":588,\"height\":192,\"caption\":\"7culture\"},\"image\":{\"@id\":\"https:\/\/7culture.ci\/#\/schema\/logo\/image\/\"}},{\"@type\":\"Person\",\"@id\":\"https:\/\/7culture.ci\/#\/schema\/person\/16150d28d7ef66ba788c1f87f28c4426\",\"name\":\"7culture2020\",\"image\":{\"@type\":\"ImageObject\",\"inLanguage\":\"fr-FR\",\"@id\":\"https:\/\/7culture.ci\/#\/schema\/person\/image\/\",\"url\":\"https:\/\/secure.gravatar.com\/avatar\/9a0784f951306c37bcd065f52844ef95?s=96&d=mm&r=g\",\"contentUrl\":\"https:\/\/secure.gravatar.com\/avatar\/9a0784f951306c37bcd065f52844ef95?s=96&d=mm&r=g\",\"caption\":\"7culture2020\"},\"sameAs\":[\"http:\/\/7culture.ci\",\"Claude.kipre\"],\"url\":\"https:\/\/7culture.ci\/index.php\/author\/7culture2020\/\"}]}<\/script>\n<!-- \/ Yoast SEO plugin. -->","yoast_head_json":{"title":"Apr\u00e8s le MASA, le satisfecit et les remerciements de la ministre de la Culture -","robots":{"index":"index","follow":"follow","max-snippet":"max-snippet:-1","max-image-preview":"max-image-preview:large","max-video-preview":"max-video-preview:-1"},"canonical":"https:\/\/7culture.ci\/index.php\/2022\/03\/15\/apres-le-masa-le-satisfecit-et-les-remerciements-de-la-ministre-de-la-culture\/","og_locale":"fr_FR","og_type":"article","og_title":"Apr\u00e8s le MASA, le satisfecit et les remerciements de la ministre de la Culture -","og_description":"Les lampions se sont \u00e9teints sur le March\u00e9 des arts du spectacle d\u2019Abidjan (Masa) le samedi 12 mars dernier apr\u00e8s une semaine d\u2019intenses activit\u00e9s culturelles. Le plus grand march\u00e9 des arts d\u2019Afrique termin\u00e9, la ministre de la Culture et l\u2019Industrie des Arts du Spectacle a remerci\u00e9 les autorit\u00e9s ivoiriennes et les festivaliers. Voici in extenso &hellip; Apr\u00e8s le MASA, le satisfecit et les remerciements de la ministre de la Culture Lire la suite\u00a0\u00bb","og_url":"https:\/\/7culture.ci\/index.php\/2022\/03\/15\/apres-le-masa-le-satisfecit-et-les-remerciements-de-la-ministre-de-la-culture\/","og_site_name":"7culture","article_publisher":"https:\/\/www.facebook.com\/redchefclaude","article_published_time":"2022-03-15T15:05:01+00:00","article_modified_time":"2022-03-15T17:00:45+00:00","og_image":[{"width":750,"height":400,"url":"http:\/\/7culture.ci\/wp-content\/uploads\/2022\/03\/mas4.jpg","type":"image\/jpeg"}],"author":"7culture2020","twitter_card":"summary_large_image","twitter_creator":"@7culturec","twitter_site":"@7culturec","twitter_misc":{"\u00c9crit par":"7culture2020","Dur\u00e9e de lecture estim\u00e9e":"2 minutes"},"schema":{"@context":"https:\/\/schema.org","@graph":[{"@type":"Article","@id":"https:\/\/7culture.ci\/index.php\/2022\/03\/15\/apres-le-masa-le-satisfecit-et-les-remerciements-de-la-ministre-de-la-culture\/#article","isPartOf":{"@id":"https:\/\/7culture.ci\/index.php\/2022\/03\/15\/apres-le-masa-le-satisfecit-et-les-remerciements-de-la-ministre-de-la-culture\/"},"author":{"name":"7culture2020","@id":"https:\/\/7culture.ci\/#\/schema\/person\/16150d28d7ef66ba788c1f87f28c4426"},"headline":"Apr\u00e8s le MASA, le satisfecit et les remerciements de la ministre de la Culture","datePublished":"2022-03-15T15:05:01+00:00","dateModified":"2022-03-15T17:00:45+00:00","mainEntityOfPage":{"@id":"https:\/\/7culture.ci\/index.php\/2022\/03\/15\/apres-le-masa-le-satisfecit-et-les-remerciements-de-la-ministre-de-la-culture\/"},"wordCount":247,"commentCount":0,"publisher":{"@id":"https:\/\/7culture.ci\/#organization"},"articleSection":["Actualit\u00e9"],"inLanguage":"fr-FR","potentialAction":[{"@type":"CommentAction","name":"Comment","target":["https:\/\/7culture.ci\/index.php\/2022\/03\/15\/apres-le-masa-le-satisfecit-et-les-remerciements-de-la-ministre-de-la-culture\/#respond"]}]},{"@type":"WebPage","@id":"https:\/\/7culture.ci\/index.php\/2022\/03\/15\/apres-le-masa-le-satisfecit-et-les-remerciements-de-la-ministre-de-la-culture\/","url":"https:\/\/7culture.ci\/index.php\/2022\/03\/15\/apres-le-masa-le-satisfecit-et-les-remerciements-de-la-ministre-de-la-culture\/","name":"Apr\u00e8s le MASA, le satisfecit et les remerciements de la ministre de la Culture -","isPartOf":{"@id":"https:\/\/7culture.ci\/#website"},"datePublished":"2022-03-15T15:05:01+00:00","dateModified":"2022-03-15T17:00:45+00:00","breadcrumb":{"@id":"https:\/\/7culture.ci\/index.php\/2022\/03\/15\/apres-le-masa-le-satisfecit-et-les-remerciements-de-la-ministre-de-la-culture\/#breadcrumb"},"inLanguage":"fr-FR","potentialAction":[{"@type":"ReadAction","target":["https:\/\/7culture.ci\/index.php\/2022\/03\/15\/apres-le-masa-le-satisfecit-et-les-remerciements-de-la-ministre-de-la-culture\/"]}]},{"@type":"BreadcrumbList","@id":"https:\/\/7culture.ci\/index.php\/2022\/03\/15\/apres-le-masa-le-satisfecit-et-les-remerciements-de-la-ministre-de-la-culture\/#breadcrumb","itemListElement":[{"@type":"ListItem","position":1,"name":"Accueil","item":"https:\/\/7culture.ci\/"},{"@type":"ListItem","position":2,"name":"Apr\u00e8s le MASA, le satisfecit et les remerciements de la ministre de la Culture"}]},{"@type":"WebSite","@id":"https:\/\/7culture.ci\/#website","url":"https:\/\/7culture.ci\/","name":"7culture","description":"Tout sur l&#039;actualit\u00e9","publisher":{"@id":"https:\/\/7culture.ci\/#organization"},"potentialAction":[{"@type":"SearchAction","target":{"@type":"EntryPoint","urlTemplate":"https:\/\/7culture.ci\/?s={search_term_string}"},"query-input":"required name=search_term_string"}],"inLanguage":"fr-FR"},{"@type":"Organization","@id":"https:\/\/7culture.ci\/#organization","name":"7culture","url":"https:\/\/7culture.ci\/","sameAs":["https:\/\/www.facebook.com\/redchefclaude","https:\/\/twitter.com\/7culturec"],"logo":{"@type":"ImageObject","inLanguage":"fr-FR","@id":"https:\/\/7culture.ci\/#\/schema\/logo\/image\/","url":"https:\/\/7culture.ci\/wp-content\/uploads\/2021\/12\/S1a-1.png","contentUrl":"https:\/\/7culture.ci\/wp-content\/uploads\/2021\/12\/S1a-1.png","width":588,"height":192,"caption":"7culture"},"image":{"@id":"https:\/\/7culture.ci\/#\/schema\/logo\/image\/"}},{"@type":"Person","@id":"https:\/\/7culture.ci\/#\/schema\/person\/16150d28d7ef66ba788c1f87f28c4426","name":"7culture2020","image":{"@type":"ImageObject","inLanguage":"fr-FR","@id":"https:\/\/7culture.ci\/#\/schema\/person\/image\/","url":"https:\/\/secure.gravatar.com\/avatar\/9a0784f951306c37bcd065f52844ef95?s=96&d=mm&r=g","contentUrl":"https:\/\/secure.gravatar.com\/avatar\/9a0784f951306c37bcd065f52844ef95?s=96&d=mm&r=g","caption":"7culture2020"},"sameAs":["http:\/\/7culture.ci","Claude.kipre"],"url":"https:\/\/7culture.ci\/index.php\/author\/7culture2020\/"}]}},"jetpack_featured_media_url":"https:\/\/7culture.ci\/wp-content\/uploads\/2022\/03\/mas4.jpg","jetpack_likes_enabled":true,"jetpack_sharing_enabled":true,"_links":{"self":[{"href":"https:\/\/7culture.ci\/index.php\/wp-json\/wp\/v2\/posts\/20165"}],"collection":[{"href":"https:\/\/7culture.ci\/index.php\/wp-json\/wp\/v2\/posts"}],"about":[{"href":"https:\/\/7culture.ci\/index.php\/wp-json\/wp\/v2\/types\/post"}],"author":[{"embeddable":true,"href":"https:\/\/7culture.ci\/index.php\/wp-json\/wp\/v2\/users\/1"}],"replies":[{"embeddable":true,"href":"https:\/\/7culture.ci\/index.php\/wp-json\/wp\/v2\/comments?post=20165"}],"version-history":[{"count":0,"href":"https:\/\/7culture.ci\/index.php\/wp-json\/wp\/v2\/posts\/20165\/revisions"}],"wp:featuredmedia":[{"embeddable":true,"href":"https:\/\/7culture.ci\/index.php\/wp-json\/wp\/v2\/media\/20166"}],"wp:attachment":[{"href":"https:\/\/7culture.ci\/index.php\/wp-json\/wp\/v2\/media?parent=20165"}],"wp:term":[{"taxonomy":"category","embeddable":true,"href":"https:\/\/7culture.ci\/index.php\/wp-json\/wp\/v2\/categories?post=20165"},{"taxonomy":"post_tag","embeddable":true,"href":"https:\/\/7culture.ci\/index.php\/wp-json\/wp\/v2\/tags?post=20165"}],"curies":[{"name":"wp","href":"https:\/\/api.w.org\/{rel}","templated":true}]}}