{"id":20161,"date":"2022-03-15T14:47:23","date_gmt":"2022-03-15T13:47:23","guid":{"rendered":"https:\/\/7culture.ci\/?p=20161"},"modified":"2022-03-15T14:47:27","modified_gmt":"2022-03-15T13:47:27","slug":"jif-2022-la-fondation-mere-seule-et-brave-invite-les-autorites-a-prendre-en-charge-les-femmes-vulnerables","status":"publish","type":"post","link":"https:\/\/7culture.ci\/index.php\/2022\/03\/15\/jif-2022-la-fondation-mere-seule-et-brave-invite-les-autorites-a-prendre-en-charge-les-femmes-vulnerables\/","title":{"rendered":"JIF 2022 : La Fondation \u2018\u2019M\u00e8re Seule et Brave\u2019\u2019 invite les autorit\u00e9s \u00e0 prendre en charge les femmes vuln\u00e9rables"},"content":{"rendered":"\n<p>\u00ab <strong><em>La Fondation M\u00e8re Seule Et Brave (MSEB) est un parcours de vie. C\u2019est mon exp\u00e9rience personnelle. Les m\u00e8res seules, selon notre entendement, ce sont ces femmes c\u00e9libataires avec des enfants \u00e0 charge, des veuves, des m\u00e8res s\u00e9par\u00e9es ou divorc\u00e9es qui ont la charge de leurs enfants, des femmes en couple avec des maris invalides, d\u00e9missionnaires ou perp\u00e9tuellement en d\u00e9placement, des m\u00e8res victimes de violences conjugales. Notre vision, c\u2019est d\u2019\u00eatre une organisation de r\u00e9f\u00e9rence nationale et internationale au service des M\u00e8res Seules afin de les rendre encore plus braves et les sortir de la pr\u00e9carit\u00e9, dans le respect et la pr\u00e9servation de leur dignit\u00e9<\/em><\/strong>\u00bb. Tels sont les objectifs pour lesquels Ange Christelle Okou Koffa a mont\u00e9 la Fondation M\u00e8re Seule Et Brave (MESEB).<\/p>\n\n\n\n<p>La pr\u00e9sentation de la fondation MSEB a \u00e9t\u00e9 l\u2019objet d\u2019une conf\u00e9rence presse organis\u00e9e le mercredi 9 mars \u00e0 Cocody. En profitant de la ferveur de la journ\u00e9e internationale de d\u00e9fense des droits de la femme, sa fondatrice s\u2019est prononc\u00e9e pour l\u2019autonomisation totale et enti\u00e8re des femmes. Cheffe&nbsp; d\u2019entreprise et passionn\u00e9e de mode, Mme Okou Koffa a fait un plaidoyer aux autorit\u00e9s ivoiriennes et aux organisations de d\u00e9fenses des droits de la femme afin de jeter un regard sur ces femmes livr\u00e9es \u00e0 elles-m\u00eames et devenues par cons\u00e9quent vuln\u00e9rables.<\/p>\n\n\n\n<div class=\"wp-block-image\"><figure class=\"aligncenter size-full is-resized\"><img loading=\"lazy\" decoding=\"async\" src=\"https:\/\/7culture.ci\/wp-content\/uploads\/2022\/03\/Fondation-Mere-Seule.jpeg\" alt=\"\" class=\"wp-image-20163\" width=\"517\" height=\"699\" srcset=\"https:\/\/7culture.ci\/wp-content\/uploads\/2022\/03\/Fondation-Mere-Seule.jpeg 758w, https:\/\/7culture.ci\/wp-content\/uploads\/2022\/03\/Fondation-Mere-Seule-222x300.jpeg 222w\" sizes=\"(max-width: 517px) 100vw, 517px\" \/><\/figure><\/div>\n\n\n\n<p>Apr\u00e8s une ann\u00e9e d\u2019existence, la Fondation MSEB a organis\u00e9 plusieurs activit\u00e9s dans le cadre du mois de la femme. Dans le module formation, les femmes ont \u00e9t\u00e9 instruites pendant des masters class sur le make up et la fabrication des cocktails et jus par des professionnelles. En plus de ces activit\u00e9s, la fondation s\u2019est pench\u00e9e sur l\u2019une de ses principales missions \u00e0 savoir faire des dons aux couches sociales vuln\u00e9rables. En partenariat avec une ONG, MESB a offerts des cadeaux aux m\u00e8res et enfants en d\u00e9tention \u00e0 la Maison d\u2019arr\u00eat et correction d\u2019Abidjan (MACA). <strong><em>\u00ab&nbsp;Il y a des femmes qui vivent dans l\u2019extr\u00eame pr\u00e9carit\u00e9<\/em><\/strong>&nbsp;\u00bb, a relev\u00e9 la patronne de MSEB. Dans la panoplie de ses activit\u00e9s, il y a le financement de micro-projets. \u00ab <strong><em>Nous demandons que l\u2019Etat se penche sur le cas de ces femmes qui sont souvent livr\u00e9es \u00e0 elles-m\u00eames et qui ne peuvent m\u00eame pas nourrir leurs enfants, encore moins les scolariser. Il est de notori\u00e9t\u00e9 publique qu\u2019une m\u00e8re \u00e9quilibr\u00e9e donne une \u00e9ducation \u00e9quilibr\u00e9e \u00e0 ses enfants<\/em><\/strong>\u00bb, a not\u00e9 Ange Christelle Okou Koffa.<\/p>\n\n\n\n<p>En dehors du bouillonnement d\u2019activit\u00e9s li\u00e9 \u00e0 la c\u00e9l\u00e9bration de la journ\u00e9e internationale de la femme, la Fondation MSEB organise chaque trimestre des assises d\u00e9nomm\u00e9es \u2018\u2019La Fada\u2019\u2019. Ce sont des moments de partage d\u2019exp\u00e9riences les unes des autres pour booster ses membres.<\/p>\n\n\n\n<p>La Fondation M\u00e8re Seule Et Brave (MSEB) a \u00e9t\u00e9 cr\u00e9\u00e9e, il y a un an. Elle soutient les m\u00e8res seules qui vivent en situation de grande vuln\u00e9rabilit\u00e9. Pour arriver \u00e0 bout de sa mission, MSEB s\u2019implique dans tous les sujets qui les touche au quotidien comme l\u2019assistance juridique en cas de conflits sur l\u2019\u00e9ducation des enfants \u00e0 charge, la gestion du budget familial, la recherche de logements d\u00e9cents\u2026 L\u2019organigramme de la Fondation comprend des p\u00f4les d\u2019expertises qui r\u00e9unissent diverses comp\u00e9tences. Les membres sont des volontaires qui travaillent pour la bonne cause. Leur satisfaction est de se mettre au service de l\u2019autre. Et dans le cas pr\u00e9sent, ils mettent leur qualit\u00e9 \u00e0 la disposition des m\u00e8res seules.<\/p>\n\n\n\n<p>Par Omar AK<\/p>\n","protected":false},"excerpt":{"rendered":"<p>\u00ab La Fondation M\u00e8re Seule Et Brave (MSEB) est un parcours de vie. C\u2019est mon exp\u00e9rience personnelle. Les m\u00e8res seules, selon notre entendement, ce sont ces femmes c\u00e9libataires avec des enfants \u00e0 charge, des veuves, des m\u00e8res s\u00e9par\u00e9es ou divorc\u00e9es qui ont la charge de leurs enfants, des femmes en couple avec des maris invalides, &hellip;<\/p>\n<p class=\"read-more\"> <a class=\"\" href=\"https:\/\/7culture.ci\/index.php\/2022\/03\/15\/jif-2022-la-fondation-mere-seule-et-brave-invite-les-autorites-a-prendre-en-charge-les-femmes-vulnerables\/\"> <span class=\"screen-reader-text\">JIF 2022 : La Fondation \u2018\u2019M\u00e8re Seule et Brave\u2019\u2019 invite les autorit\u00e9s \u00e0 prendre en charge les femmes vuln\u00e9rables<\/span> Lire la suite\u00a0\u00bb<\/a><\/p>\n","protected":false},"author":1,"featured_media":20162,"comment_status":"open","ping_status":"open","sticky":false,"template":"","format":"standard","meta":{"_mi_skip_tracking":false,"_monsterinsights_sitenote_active":false,"_monsterinsights_sitenote_note":"","_monsterinsights_sitenote_category":0,"site-sidebar-layout":"default","site-content-layout":"default","ast-global-header-display":"","ast-main-header-display":"","ast-hfb-above-header-display":"","ast-hfb-below-header-display":"","ast-hfb-mobile-header-display":"","site-post-title":"","ast-breadcrumbs-content":"","ast-featured-img":"","footer-sml-layout":"","theme-transparent-header-meta":"","adv-header-id-meta":"","stick-header-meta":"","header-above-stick-meta":"","header-main-stick-meta":"","header-below-stick-meta":"","footnotes":"","jetpack_publicize_message":"","jetpack_is_tweetstorm":false,"jetpack_publicize_feature_enabled":true},"categories":[22],"tags":[],"jetpack_publicize_connections":[],"acf":[],"aioseo_notices":[],"yoast_head":"<!-- This site is optimized with the Yoast SEO plugin v19.6.1 - https:\/\/yoast.com\/wordpress\/plugins\/seo\/ -->\n<title>JIF 2022 : La Fondation \u2018\u2019M\u00e8re Seule et Brave\u2019\u2019 invite les autorit\u00e9s \u00e0 prendre en charge les femmes vuln\u00e9rables -<\/title>\n<meta name=\"robots\" content=\"index, follow, max-snippet:-1, max-image-preview:large, max-video-preview:-1\" \/>\n<link rel=\"canonical\" href=\"https:\/\/7culture.ci\/index.php\/2022\/03\/15\/jif-2022-la-fondation-mere-seule-et-brave-invite-les-autorites-a-prendre-en-charge-les-femmes-vulnerables\/\" \/>\n<meta property=\"og:locale\" content=\"fr_FR\" \/>\n<meta property=\"og:type\" content=\"article\" \/>\n<meta property=\"og:title\" content=\"JIF 2022 : La Fondation \u2018\u2019M\u00e8re Seule et Brave\u2019\u2019 invite les autorit\u00e9s \u00e0 prendre en charge les femmes vuln\u00e9rables -\" \/>\n<meta property=\"og:description\" content=\"\u00ab La Fondation M\u00e8re Seule Et Brave (MSEB) est un parcours de vie. C\u2019est mon exp\u00e9rience personnelle. Les m\u00e8res seules, selon notre entendement, ce sont ces femmes c\u00e9libataires avec des enfants \u00e0 charge, des veuves, des m\u00e8res s\u00e9par\u00e9es ou divorc\u00e9es qui ont la charge de leurs enfants, des femmes en couple avec des maris invalides, &hellip; JIF 2022 : La Fondation \u2018\u2019M\u00e8re Seule et Brave\u2019\u2019 invite les autorit\u00e9s \u00e0 prendre en charge les femmes vuln\u00e9rables Lire la suite\u00a0\u00bb\" \/>\n<meta property=\"og:url\" content=\"https:\/\/7culture.ci\/index.php\/2022\/03\/15\/jif-2022-la-fondation-mere-seule-et-brave-invite-les-autorites-a-prendre-en-charge-les-femmes-vulnerables\/\" \/>\n<meta property=\"og:site_name\" content=\"7culture\" \/>\n<meta property=\"article:publisher\" content=\"https:\/\/www.facebook.com\/redchefclaude\" \/>\n<meta property=\"article:published_time\" content=\"2022-03-15T13:47:23+00:00\" \/>\n<meta property=\"article:modified_time\" content=\"2022-03-15T13:47:27+00:00\" \/>\n<meta property=\"og:image\" content=\"http:\/\/7culture.ci\/wp-content\/uploads\/2022\/03\/WhatsApp-Image-2022-03-15-at-13.25.18.jpeg\" \/>\n\t<meta property=\"og:image:width\" content=\"661\" \/>\n\t<meta property=\"og:image:height\" content=\"1021\" \/>\n\t<meta property=\"og:image:type\" content=\"image\/jpeg\" \/>\n<meta name=\"author\" content=\"7culture2020\" \/>\n<meta name=\"twitter:card\" content=\"summary_large_image\" \/>\n<meta name=\"twitter:creator\" content=\"@7culturec\" \/>\n<meta name=\"twitter:site\" content=\"@7culturec\" \/>\n<meta name=\"twitter:label1\" content=\"\u00c9crit par\" \/>\n\t<meta name=\"twitter:data1\" content=\"7culture2020\" \/>\n\t<meta name=\"twitter:label2\" content=\"Dur\u00e9e de lecture estim\u00e9e\" \/>\n\t<meta name=\"twitter:data2\" content=\"4 minutes\" \/>\n<script type=\"application\/ld+json\" class=\"yoast-schema-graph\">{\"@context\":\"https:\/\/schema.org\",\"@graph\":[{\"@type\":\"Article\",\"@id\":\"https:\/\/7culture.ci\/index.php\/2022\/03\/15\/jif-2022-la-fondation-mere-seule-et-brave-invite-les-autorites-a-prendre-en-charge-les-femmes-vulnerables\/#article\",\"isPartOf\":{\"@id\":\"https:\/\/7culture.ci\/index.php\/2022\/03\/15\/jif-2022-la-fondation-mere-seule-et-brave-invite-les-autorites-a-prendre-en-charge-les-femmes-vulnerables\/\"},\"author\":{\"name\":\"7culture2020\",\"@id\":\"https:\/\/7culture.ci\/#\/schema\/person\/16150d28d7ef66ba788c1f87f28c4426\"},\"headline\":\"JIF 2022 : La Fondation \u2018\u2019M\u00e8re Seule et Brave\u2019\u2019 invite les autorit\u00e9s \u00e0 prendre en charge les femmes vuln\u00e9rables\",\"datePublished\":\"2022-03-15T13:47:23+00:00\",\"dateModified\":\"2022-03-15T13:47:27+00:00\",\"mainEntityOfPage\":{\"@id\":\"https:\/\/7culture.ci\/index.php\/2022\/03\/15\/jif-2022-la-fondation-mere-seule-et-brave-invite-les-autorites-a-prendre-en-charge-les-femmes-vulnerables\/\"},\"wordCount\":648,\"commentCount\":0,\"publisher\":{\"@id\":\"https:\/\/7culture.ci\/#organization\"},\"articleSection\":[\"Actualit\u00e9\"],\"inLanguage\":\"fr-FR\",\"potentialAction\":[{\"@type\":\"CommentAction\",\"name\":\"Comment\",\"target\":[\"https:\/\/7culture.ci\/index.php\/2022\/03\/15\/jif-2022-la-fondation-mere-seule-et-brave-invite-les-autorites-a-prendre-en-charge-les-femmes-vulnerables\/#respond\"]}]},{\"@type\":\"WebPage\",\"@id\":\"https:\/\/7culture.ci\/index.php\/2022\/03\/15\/jif-2022-la-fondation-mere-seule-et-brave-invite-les-autorites-a-prendre-en-charge-les-femmes-vulnerables\/\",\"url\":\"https:\/\/7culture.ci\/index.php\/2022\/03\/15\/jif-2022-la-fondation-mere-seule-et-brave-invite-les-autorites-a-prendre-en-charge-les-femmes-vulnerables\/\",\"name\":\"JIF 2022 : La Fondation \u2018\u2019M\u00e8re Seule et Brave\u2019\u2019 invite les autorit\u00e9s \u00e0 prendre en charge les femmes vuln\u00e9rables -\",\"isPartOf\":{\"@id\":\"https:\/\/7culture.ci\/#website\"},\"datePublished\":\"2022-03-15T13:47:23+00:00\",\"dateModified\":\"2022-03-15T13:47:27+00:00\",\"breadcrumb\":{\"@id\":\"https:\/\/7culture.ci\/index.php\/2022\/03\/15\/jif-2022-la-fondation-mere-seule-et-brave-invite-les-autorites-a-prendre-en-charge-les-femmes-vulnerables\/#breadcrumb\"},\"inLanguage\":\"fr-FR\",\"potentialAction\":[{\"@type\":\"ReadAction\",\"target\":[\"https:\/\/7culture.ci\/index.php\/2022\/03\/15\/jif-2022-la-fondation-mere-seule-et-brave-invite-les-autorites-a-prendre-en-charge-les-femmes-vulnerables\/\"]}]},{\"@type\":\"BreadcrumbList\",\"@id\":\"https:\/\/7culture.ci\/index.php\/2022\/03\/15\/jif-2022-la-fondation-mere-seule-et-brave-invite-les-autorites-a-prendre-en-charge-les-femmes-vulnerables\/#breadcrumb\",\"itemListElement\":[{\"@type\":\"ListItem\",\"position\":1,\"name\":\"Accueil\",\"item\":\"https:\/\/7culture.ci\/\"},{\"@type\":\"ListItem\",\"position\":2,\"name\":\"JIF 2022 : La Fondation \u2018\u2019M\u00e8re Seule et Brave\u2019\u2019 invite les autorit\u00e9s \u00e0 prendre en charge les femmes vuln\u00e9rables\"}]},{\"@type\":\"WebSite\",\"@id\":\"https:\/\/7culture.ci\/#website\",\"url\":\"https:\/\/7culture.ci\/\",\"name\":\"7culture\",\"description\":\"Tout sur l&#039;actualit\u00e9\",\"publisher\":{\"@id\":\"https:\/\/7culture.ci\/#organization\"},\"potentialAction\":[{\"@type\":\"SearchAction\",\"target\":{\"@type\":\"EntryPoint\",\"urlTemplate\":\"https:\/\/7culture.ci\/?s={search_term_string}\"},\"query-input\":\"required name=search_term_string\"}],\"inLanguage\":\"fr-FR\"},{\"@type\":\"Organization\",\"@id\":\"https:\/\/7culture.ci\/#organization\",\"name\":\"7culture\",\"url\":\"https:\/\/7culture.ci\/\",\"sameAs\":[\"https:\/\/www.facebook.com\/redchefclaude\",\"https:\/\/twitter.com\/7culturec\"],\"logo\":{\"@type\":\"ImageObject\",\"inLanguage\":\"fr-FR\",\"@id\":\"https:\/\/7culture.ci\/#\/schema\/logo\/image\/\",\"url\":\"https:\/\/7culture.ci\/wp-content\/uploads\/2021\/12\/S1a-1.png\",\"contentUrl\":\"https:\/\/7culture.ci\/wp-content\/uploads\/2021\/12\/S1a-1.png\",\"width\":588,\"height\":192,\"caption\":\"7culture\"},\"image\":{\"@id\":\"https:\/\/7culture.ci\/#\/schema\/logo\/image\/\"}},{\"@type\":\"Person\",\"@id\":\"https:\/\/7culture.ci\/#\/schema\/person\/16150d28d7ef66ba788c1f87f28c4426\",\"name\":\"7culture2020\",\"image\":{\"@type\":\"ImageObject\",\"inLanguage\":\"fr-FR\",\"@id\":\"https:\/\/7culture.ci\/#\/schema\/person\/image\/\",\"url\":\"https:\/\/secure.gravatar.com\/avatar\/9a0784f951306c37bcd065f52844ef95?s=96&d=mm&r=g\",\"contentUrl\":\"https:\/\/secure.gravatar.com\/avatar\/9a0784f951306c37bcd065f52844ef95?s=96&d=mm&r=g\",\"caption\":\"7culture2020\"},\"sameAs\":[\"http:\/\/7culture.ci\",\"Claude.kipre\"],\"url\":\"https:\/\/7culture.ci\/index.php\/author\/7culture2020\/\"}]}<\/script>\n<!-- \/ Yoast SEO plugin. -->","yoast_head_json":{"title":"JIF 2022 : La Fondation \u2018\u2019M\u00e8re Seule et Brave\u2019\u2019 invite les autorit\u00e9s \u00e0 prendre en charge les femmes vuln\u00e9rables -","robots":{"index":"index","follow":"follow","max-snippet":"max-snippet:-1","max-image-preview":"max-image-preview:large","max-video-preview":"max-video-preview:-1"},"canonical":"https:\/\/7culture.ci\/index.php\/2022\/03\/15\/jif-2022-la-fondation-mere-seule-et-brave-invite-les-autorites-a-prendre-en-charge-les-femmes-vulnerables\/","og_locale":"fr_FR","og_type":"article","og_title":"JIF 2022 : La Fondation \u2018\u2019M\u00e8re Seule et Brave\u2019\u2019 invite les autorit\u00e9s \u00e0 prendre en charge les femmes vuln\u00e9rables -","og_description":"\u00ab La Fondation M\u00e8re Seule Et Brave (MSEB) est un parcours de vie. C\u2019est mon exp\u00e9rience personnelle. Les m\u00e8res seules, selon notre entendement, ce sont ces femmes c\u00e9libataires avec des enfants \u00e0 charge, des veuves, des m\u00e8res s\u00e9par\u00e9es ou divorc\u00e9es qui ont la charge de leurs enfants, des femmes en couple avec des maris invalides, &hellip; JIF 2022 : La Fondation \u2018\u2019M\u00e8re Seule et Brave\u2019\u2019 invite les autorit\u00e9s \u00e0 prendre en charge les femmes vuln\u00e9rables Lire la suite\u00a0\u00bb","og_url":"https:\/\/7culture.ci\/index.php\/2022\/03\/15\/jif-2022-la-fondation-mere-seule-et-brave-invite-les-autorites-a-prendre-en-charge-les-femmes-vulnerables\/","og_site_name":"7culture","article_publisher":"https:\/\/www.facebook.com\/redchefclaude","article_published_time":"2022-03-15T13:47:23+00:00","article_modified_time":"2022-03-15T13:47:27+00:00","og_image":[{"width":661,"height":1021,"url":"http:\/\/7culture.ci\/wp-content\/uploads\/2022\/03\/WhatsApp-Image-2022-03-15-at-13.25.18.jpeg","type":"image\/jpeg"}],"author":"7culture2020","twitter_card":"summary_large_image","twitter_creator":"@7culturec","twitter_site":"@7culturec","twitter_misc":{"\u00c9crit par":"7culture2020","Dur\u00e9e de lecture estim\u00e9e":"4 minutes"},"schema":{"@context":"https:\/\/schema.org","@graph":[{"@type":"Article","@id":"https:\/\/7culture.ci\/index.php\/2022\/03\/15\/jif-2022-la-fondation-mere-seule-et-brave-invite-les-autorites-a-prendre-en-charge-les-femmes-vulnerables\/#article","isPartOf":{"@id":"https:\/\/7culture.ci\/index.php\/2022\/03\/15\/jif-2022-la-fondation-mere-seule-et-brave-invite-les-autorites-a-prendre-en-charge-les-femmes-vulnerables\/"},"author":{"name":"7culture2020","@id":"https:\/\/7culture.ci\/#\/schema\/person\/16150d28d7ef66ba788c1f87f28c4426"},"headline":"JIF 2022 : La Fondation \u2018\u2019M\u00e8re Seule et Brave\u2019\u2019 invite les autorit\u00e9s \u00e0 prendre en charge les femmes vuln\u00e9rables","datePublished":"2022-03-15T13:47:23+00:00","dateModified":"2022-03-15T13:47:27+00:00","mainEntityOfPage":{"@id":"https:\/\/7culture.ci\/index.php\/2022\/03\/15\/jif-2022-la-fondation-mere-seule-et-brave-invite-les-autorites-a-prendre-en-charge-les-femmes-vulnerables\/"},"wordCount":648,"commentCount":0,"publisher":{"@id":"https:\/\/7culture.ci\/#organization"},"articleSection":["Actualit\u00e9"],"inLanguage":"fr-FR","potentialAction":[{"@type":"CommentAction","name":"Comment","target":["https:\/\/7culture.ci\/index.php\/2022\/03\/15\/jif-2022-la-fondation-mere-seule-et-brave-invite-les-autorites-a-prendre-en-charge-les-femmes-vulnerables\/#respond"]}]},{"@type":"WebPage","@id":"https:\/\/7culture.ci\/index.php\/2022\/03\/15\/jif-2022-la-fondation-mere-seule-et-brave-invite-les-autorites-a-prendre-en-charge-les-femmes-vulnerables\/","url":"https:\/\/7culture.ci\/index.php\/2022\/03\/15\/jif-2022-la-fondation-mere-seule-et-brave-invite-les-autorites-a-prendre-en-charge-les-femmes-vulnerables\/","name":"JIF 2022 : La Fondation \u2018\u2019M\u00e8re Seule et Brave\u2019\u2019 invite les autorit\u00e9s \u00e0 prendre en charge les femmes vuln\u00e9rables -","isPartOf":{"@id":"https:\/\/7culture.ci\/#website"},"datePublished":"2022-03-15T13:47:23+00:00","dateModified":"2022-03-15T13:47:27+00:00","breadcrumb":{"@id":"https:\/\/7culture.ci\/index.php\/2022\/03\/15\/jif-2022-la-fondation-mere-seule-et-brave-invite-les-autorites-a-prendre-en-charge-les-femmes-vulnerables\/#breadcrumb"},"inLanguage":"fr-FR","potentialAction":[{"@type":"ReadAction","target":["https:\/\/7culture.ci\/index.php\/2022\/03\/15\/jif-2022-la-fondation-mere-seule-et-brave-invite-les-autorites-a-prendre-en-charge-les-femmes-vulnerables\/"]}]},{"@type":"BreadcrumbList","@id":"https:\/\/7culture.ci\/index.php\/2022\/03\/15\/jif-2022-la-fondation-mere-seule-et-brave-invite-les-autorites-a-prendre-en-charge-les-femmes-vulnerables\/#breadcrumb","itemListElement":[{"@type":"ListItem","position":1,"name":"Accueil","item":"https:\/\/7culture.ci\/"},{"@type":"ListItem","position":2,"name":"JIF 2022 : La Fondation \u2018\u2019M\u00e8re Seule et Brave\u2019\u2019 invite les autorit\u00e9s \u00e0 prendre en charge les femmes vuln\u00e9rables"}]},{"@type":"WebSite","@id":"https:\/\/7culture.ci\/#website","url":"https:\/\/7culture.ci\/","name":"7culture","description":"Tout sur l&#039;actualit\u00e9","publisher":{"@id":"https:\/\/7culture.ci\/#organization"},"potentialAction":[{"@type":"SearchAction","target":{"@type":"EntryPoint","urlTemplate":"https:\/\/7culture.ci\/?s={search_term_string}"},"query-input":"required name=search_term_string"}],"inLanguage":"fr-FR"},{"@type":"Organization","@id":"https:\/\/7culture.ci\/#organization","name":"7culture","url":"https:\/\/7culture.ci\/","sameAs":["https:\/\/www.facebook.com\/redchefclaude","https:\/\/twitter.com\/7culturec"],"logo":{"@type":"ImageObject","inLanguage":"fr-FR","@id":"https:\/\/7culture.ci\/#\/schema\/logo\/image\/","url":"https:\/\/7culture.ci\/wp-content\/uploads\/2021\/12\/S1a-1.png","contentUrl":"https:\/\/7culture.ci\/wp-content\/uploads\/2021\/12\/S1a-1.png","width":588,"height":192,"caption":"7culture"},"image":{"@id":"https:\/\/7culture.ci\/#\/schema\/logo\/image\/"}},{"@type":"Person","@id":"https:\/\/7culture.ci\/#\/schema\/person\/16150d28d7ef66ba788c1f87f28c4426","name":"7culture2020","image":{"@type":"ImageObject","inLanguage":"fr-FR","@id":"https:\/\/7culture.ci\/#\/schema\/person\/image\/","url":"https:\/\/secure.gravatar.com\/avatar\/9a0784f951306c37bcd065f52844ef95?s=96&d=mm&r=g","contentUrl":"https:\/\/secure.gravatar.com\/avatar\/9a0784f951306c37bcd065f52844ef95?s=96&d=mm&r=g","caption":"7culture2020"},"sameAs":["http:\/\/7culture.ci","Claude.kipre"],"url":"https:\/\/7culture.ci\/index.php\/author\/7culture2020\/"}]}},"jetpack_featured_media_url":"https:\/\/7culture.ci\/wp-content\/uploads\/2022\/03\/WhatsApp-Image-2022-03-15-at-13.25.18.jpeg","jetpack_likes_enabled":true,"jetpack_sharing_enabled":true,"_links":{"self":[{"href":"https:\/\/7culture.ci\/index.php\/wp-json\/wp\/v2\/posts\/20161"}],"collection":[{"href":"https:\/\/7culture.ci\/index.php\/wp-json\/wp\/v2\/posts"}],"about":[{"href":"https:\/\/7culture.ci\/index.php\/wp-json\/wp\/v2\/types\/post"}],"author":[{"embeddable":true,"href":"https:\/\/7culture.ci\/index.php\/wp-json\/wp\/v2\/users\/1"}],"replies":[{"embeddable":true,"href":"https:\/\/7culture.ci\/index.php\/wp-json\/wp\/v2\/comments?post=20161"}],"version-history":[{"count":0,"href":"https:\/\/7culture.ci\/index.php\/wp-json\/wp\/v2\/posts\/20161\/revisions"}],"wp:featuredmedia":[{"embeddable":true,"href":"https:\/\/7culture.ci\/index.php\/wp-json\/wp\/v2\/media\/20162"}],"wp:attachment":[{"href":"https:\/\/7culture.ci\/index.php\/wp-json\/wp\/v2\/media?parent=20161"}],"wp:term":[{"taxonomy":"category","embeddable":true,"href":"https:\/\/7culture.ci\/index.php\/wp-json\/wp\/v2\/categories?post=20161"},{"taxonomy":"post_tag","embeddable":true,"href":"https:\/\/7culture.ci\/index.php\/wp-json\/wp\/v2\/tags?post=20161"}],"curies":[{"name":"wp","href":"https:\/\/api.w.org\/{rel}","templated":true}]}}