{"id":20140,"date":"2022-03-14T15:36:21","date_gmt":"2022-03-14T14:36:21","guid":{"rendered":"https:\/\/7culture.ci\/?p=20140"},"modified":"2022-03-15T13:25:58","modified_gmt":"2022-03-15T12:25:58","slug":"mousso-ya-pas-lhomme-il-ny-a-pas-lhomme-pour-aicha-kone","status":"publish","type":"post","link":"https:\/\/7culture.ci\/index.php\/2022\/03\/14\/mousso-ya-pas-lhomme-il-ny-a-pas-lhomme-pour-aicha-kone\/","title":{"rendered":"Mousso y\u2019a pas l\u2019homme\u00a0: il n\u2019y a pas l\u2019homme pour A\u00efcha Kon\u00e9"},"content":{"rendered":"\n<p>Depuis le 8 mars dernier, un nouveau troph\u00e9e est accroch\u00e9 dans la salle de r\u00e9compense d\u2019A\u00efcha Kon\u00e9&nbsp;! La Diva de la musique ivoirienne a \u00e9t\u00e9 honor\u00e9e par l\u2019association des Actrices Culturelles Ensemble section C\u00f4te d\u2019Ivoire (ACE-CI). Mais pour r\u00e9compenser cette grande dame qui a re\u00e7u des hommages un peu partout en C\u00f4te d\u2019Ivoire, en Afrique et m\u00eame dans le monde au cours sa tr\u00e8s longue et riche carri\u00e8re, on n\u2019h\u00e9site ou on r\u00e9fl\u00e9chit par quatre fois pour trouver les mots justes et la distinction qui va avec elle. Et l\u2019association des Actrices Culturelles Ensemble section C\u00f4te d\u2019Ivoire (ACE-CI) n\u2019a pas \u00e9chapp\u00e9. Elle qui a remis un beau portrait \u00e0 l\u2019imp\u00e9ratrice de la musique ivoirienne le 8 mars dernier \u00e0 la faveur de la c\u00e9l\u00e9bration de la journ\u00e9e internationale de d\u00e9fense des droits des femmes et surtout dans le cadre du festival \u2018\u2019Mousso y\u2019a pas l\u2019homme\u2019\u2019 \u00e0 la Fabrique culturelle aux II Plateaux \u00e0 Abidjan. \u00ab&nbsp;<strong><em>Sa carri\u00e8re est tellement immense et pleine de r\u00e9compenses qu\u2019il est difficile de trouver quelque chose pour honorer A\u00efcha Kon\u00e9. Personnellement, je n\u2019avais jamais r\u00eav\u00e9 pouvoir voir A\u00efcha Kon\u00e9 un jour \u00e0 La Fabrique culturelle. Au nom de l\u2019ACE-CI, on vous remercie pour la voie que vous avez trac\u00e9e pour les femmes. On vous remet juste ce tableau pour honorer l\u2019ensemble de votre carri\u00e8re&nbsp;<\/em><\/strong>\u00bb, a dit d\u00e9clar\u00e9 Chantal Dj\u00e9dj\u00e9, fondatrice de l\u2019espace La Fabrique culturelle et pr\u00e9sidente de l\u2019ACE-CI. \u00ab&nbsp;<strong><em>Merci pour nous avoir montr\u00e9 la voie de la musique. On veut juste de montrer qu\u2019on t\u2019aime<\/em><\/strong>&nbsp;\u00bb, a rench\u00e9ri Dan Log qui a r\u00e9v\u00e9l\u00e9 \u00eatre entr\u00e9e dans la musique en voulant devenir comme A\u00efcha Kon\u00e9.<\/p>\n\n\n\n<figure class=\"wp-block-gallery has-nested-images columns-default is-cropped wp-block-gallery-1 is-layout-flex wp-block-gallery-is-layout-flex\">\n<figure class=\"wp-block-image size-large\"><img loading=\"lazy\" decoding=\"async\" width=\"1024\" height=\"683\" data-id=\"20146\" src=\"https:\/\/7culture.ci\/wp-content\/uploads\/2022\/03\/2-1-1024x683.jpg\" alt=\"\" class=\"wp-image-20146\" srcset=\"https:\/\/7culture.ci\/wp-content\/uploads\/2022\/03\/2-1-1024x683.jpg 1024w, https:\/\/7culture.ci\/wp-content\/uploads\/2022\/03\/2-1-300x200.jpg 300w, https:\/\/7culture.ci\/wp-content\/uploads\/2022\/03\/2-1-768x512.jpg 768w, https:\/\/7culture.ci\/wp-content\/uploads\/2022\/03\/2-1.jpg 1080w\" sizes=\"(max-width: 1024px) 100vw, 1024px\" \/><\/figure>\n\n\n\n<figure class=\"wp-block-image size-large\"><img loading=\"lazy\" decoding=\"async\" width=\"1024\" height=\"683\" data-id=\"20147\" src=\"https:\/\/7culture.ci\/wp-content\/uploads\/2022\/03\/3-1-1024x683.jpg\" alt=\"\" class=\"wp-image-20147\" srcset=\"https:\/\/7culture.ci\/wp-content\/uploads\/2022\/03\/3-1-1024x683.jpg 1024w, https:\/\/7culture.ci\/wp-content\/uploads\/2022\/03\/3-1-300x200.jpg 300w, https:\/\/7culture.ci\/wp-content\/uploads\/2022\/03\/3-1-768x512.jpg 768w, https:\/\/7culture.ci\/wp-content\/uploads\/2022\/03\/3-1.jpg 1080w\" sizes=\"(max-width: 1024px) 100vw, 1024px\" \/><\/figure>\n\n\n\n<figure class=\"wp-block-image size-large\"><img loading=\"lazy\" decoding=\"async\" width=\"1024\" height=\"683\" data-id=\"20148\" src=\"https:\/\/7culture.ci\/wp-content\/uploads\/2022\/03\/5-1-1024x683.jpg\" alt=\"\" class=\"wp-image-20148\" srcset=\"https:\/\/7culture.ci\/wp-content\/uploads\/2022\/03\/5-1-1024x683.jpg 1024w, https:\/\/7culture.ci\/wp-content\/uploads\/2022\/03\/5-1-300x200.jpg 300w, https:\/\/7culture.ci\/wp-content\/uploads\/2022\/03\/5-1-768x512.jpg 768w, https:\/\/7culture.ci\/wp-content\/uploads\/2022\/03\/5-1.jpg 1080w\" sizes=\"(max-width: 1024px) 100vw, 1024px\" \/><\/figure>\n<\/figure>\n\n\n\n<p>Au son d\u2019\u2019\u2019Adouma\u2019\u2019, un de ses nombreux tubes, entonn\u00e9 en ch\u0153ur par l\u2019assistance, A\u00efcha Kon\u00e9 a fait son entr\u00e9e dans l\u2019enceinte bourr\u00e9e de femmes de la Fabrique culturelle. Certains visages lui sont familiers et elle chante \u00e0 son tour \u2018\u2019Bana l\u00e9 y\u00e9 djougou y\u00e9\u2019\u2019 (c\u2019est la maladie qui est notre ennemi). L\u2019espace exulte. Cette apparition de Mama Africa intervenait une semaine apr\u00e8s qu\u2019une fausse rumeur avait annonc\u00e9 son d\u00e9c\u00e8s. Non seulement, elle est vivante et mieux, elle se porte bien hors mis le poids de l\u2019\u00e2ge qui p\u00e8se sur elle. \u00ab&nbsp;<strong><em>Merci \u00e0 toute l\u2019assistance. Les mots me manquent. On dit souvent qu\u2019on n\u2019est pas proph\u00e8te chez soi. Moi, je ne peux pas le dire. Merci \u00e0 mes filles&nbsp;! Que Dieu fasse que je ne vous oublie pas. Que Dieu vous \u00e9l\u00e8ve&nbsp;comme Miriam Makeba, B\u00e9b\u00e9 Manga, Abeti Masikini\u2026<\/em><\/strong>\u00bb, a souhait\u00e9 A\u00efcha Kon\u00e9 \u00e0 ses h\u00f4tes. La suite n\u2019a \u00e9t\u00e9 que festif. Pour le bonheur des invit\u00e9s, elle a demand\u00e9 \u00e0 chacun de lui proposer le titre qu\u2019il voudrait qu\u2019elle chante. Quelques privil\u00e9gi\u00e9s ont eu droit \u00e0 cette d\u00e9dicace sp\u00e9ciale en direct suivie en bonus de l\u2019explication sur l\u2019origine et la signification de la chanson demand\u00e9e. On a ainsi d\u00e9couvert les petites histoires qui se cachent derri\u00e8re les titres \u00e0 succ\u00e8s d\u2019A\u00efcha Kon\u00e9 comme \u2018\u2019Wodjoro\u2019\u2019 (femme noir noire), \u2018\u2019Tchaga\u2019\u2019 (le soleil), \u2018\u2019Baya\u2019\u2019 (les perles) ou \u2018\u2019Aminata\u2019\u2019. Comme \u2018\u2019Mousso Y\u2019a pas l\u2019homme\u2019\u2019, le festival pluridisciplaire en faveur des droits des femmes produit par l\u2019Institut fran\u00e7ais de C\u00f4te d\u2019Ivoire et qui recevait la Diva nationale, on pourrait dire sans se tromper&nbsp;: \u2018\u2019A\u00efcha Kon\u00e9, y a pas l\u2019homme\u2019\u2019.<\/p>\n\n\n\n<figure class=\"wp-block-gallery has-nested-images columns-default is-cropped wp-block-gallery-2 is-layout-flex wp-block-gallery-is-layout-flex\">\n<figure class=\"wp-block-image size-large\"><img loading=\"lazy\" decoding=\"async\" width=\"683\" height=\"1024\" data-id=\"20150\" src=\"https:\/\/7culture.ci\/wp-content\/uploads\/2022\/03\/6-683x1024.jpg\" alt=\"\" class=\"wp-image-20150\" srcset=\"https:\/\/7culture.ci\/wp-content\/uploads\/2022\/03\/6-683x1024.jpg 683w, https:\/\/7culture.ci\/wp-content\/uploads\/2022\/03\/6-200x300.jpg 200w, https:\/\/7culture.ci\/wp-content\/uploads\/2022\/03\/6.jpg 720w\" sizes=\"(max-width: 683px) 100vw, 683px\" \/><\/figure>\n\n\n\n<figure class=\"wp-block-image size-large\"><img loading=\"lazy\" decoding=\"async\" width=\"1024\" height=\"683\" data-id=\"20151\" src=\"https:\/\/7culture.ci\/wp-content\/uploads\/2022\/03\/7-1024x683.jpg\" alt=\"\" class=\"wp-image-20151\" srcset=\"https:\/\/7culture.ci\/wp-content\/uploads\/2022\/03\/7-1024x683.jpg 1024w, https:\/\/7culture.ci\/wp-content\/uploads\/2022\/03\/7-300x200.jpg 300w, https:\/\/7culture.ci\/wp-content\/uploads\/2022\/03\/7-768x512.jpg 768w, https:\/\/7culture.ci\/wp-content\/uploads\/2022\/03\/7.jpg 1080w\" sizes=\"(max-width: 1024px) 100vw, 1024px\" \/><\/figure>\n\n\n\n<figure class=\"wp-block-image size-large\"><img loading=\"lazy\" decoding=\"async\" width=\"1024\" height=\"683\" data-id=\"20149\" src=\"https:\/\/7culture.ci\/wp-content\/uploads\/2022\/03\/8-1024x683.jpg\" alt=\"\" class=\"wp-image-20149\" srcset=\"https:\/\/7culture.ci\/wp-content\/uploads\/2022\/03\/8-1024x683.jpg 1024w, https:\/\/7culture.ci\/wp-content\/uploads\/2022\/03\/8-300x200.jpg 300w, https:\/\/7culture.ci\/wp-content\/uploads\/2022\/03\/8-768x512.jpg 768w, https:\/\/7culture.ci\/wp-content\/uploads\/2022\/03\/8.jpg 1080w\" sizes=\"(max-width: 1024px) 100vw, 1024px\" \/><\/figure>\n<\/figure>\n\n\n\n<p>Avant de rendre hommage \u00e0 l\u2019auteure de \u2018\u2019Kanawa\u2019\u2019, \u2018\u2019D\u00e9cid\u00e9\u2019\u2019 ou \u2018\u2019\u2019\u2019Narda\u2019\u2019, l\u2019association Actrices culturelles Ensemble a explor\u00e9 quelques points du festival qui \u00e9tait ponctu\u00e9 de causeries et d\u2019ateliers autour de th\u00e9matiques comme la beaut\u00e9, l\u2019\u00e9ducation sexuelle et la transmission des mod\u00e8les. Pour ce 8 mars, les invit\u00e9es de la Fabrique culturelle de ce \u2018\u2019Caf\u00e9 f\u00e9minin\u2019\u2019 ont d\u00e9battu sur le th\u00e8me : Quelle place pour les femmes dans les industries culturelles en Afrique&nbsp;? Les pan\u00e9listes Chantal Dj\u00e9dj\u00e9, Yolande Bogui (productrice cin\u00e9ma), Florence Caulier (Directrice Festival Bruxelles Babel &#8211; Tremplins asbl) et Val\u00e9rie Oka (Conseill\u00e8re \u00e0 la Primature ivoirienne) ont \u00e9clair\u00e9 les femmes sur les enjeux du th\u00e8me. \u00ab&nbsp;<strong><em>On n\u2019a pas envie qu\u2019on nous donne. On est partie prendre&nbsp;<\/em><\/strong>\u00bb, a martel\u00e9 Mme Oka qui a estim\u00e9 que la femme ne doit plus attendre mais doit foncer. M\u00eame tonalit\u00e9 chez l\u2019invit\u00e9e bruxelloise&nbsp;: \u00ab&nbsp;<strong>Je n\u2019ai pas envie d\u2019\u00eatre embauch\u00e9e parce que je suis une femme. Mais parce que je suis comp\u00e9tente&nbsp;<\/strong>\u00bb avant de trancher&nbsp;: \u00ab&nbsp;<strong>On doit pouvoir financer nos projet sans devenir la copine de\u2026<\/strong>\u00bb. Dans sa communication, Yolande Bogui qui a eu l\u2019id\u00e9e originale de la s\u00e9rie culte \u2018\u2019Cacao\u2019\u2019 sur Canal+, a ax\u00e9 son speech sur la recherche des fonds et comment faire vivre les actrices de leur m\u00e9tier. \u00ab&nbsp;<strong><em>On a la cr\u00e9ation mais est-ce que nous vivons de notre m\u00e9tier&nbsp;? O\u00f9 trouver l\u2019argent dans ce que nous faisons&nbsp;?<\/em><\/strong>\u00bb, s\u2019est-elle interrog\u00e9e. H\u00f4te de la rencontre et pr\u00e9sidente de l\u2019ACE-CI, Chantal Dj\u00e9dj\u00e9 a invit\u00e9 ses s\u0153urs \u00e0 se lever pour revendiquer leurs droits. \u00ab&nbsp;<strong><em>Il faut de la politique volontaire en faveur des femmes. Amazones ou femmes battantes, on doit se faire entendre. Car, chaque jour est un combat et un challenge qu\u2019on doit relever<\/em><\/strong>&nbsp;\u00bb, a soutenu la patronne de La Fabrique culturelle.<\/p>\n\n\n\n<figure class=\"wp-block-gallery has-nested-images columns-default is-cropped wp-block-gallery-3 is-layout-flex wp-block-gallery-is-layout-flex\">\n<figure class=\"wp-block-image size-large\"><img loading=\"lazy\" decoding=\"async\" width=\"683\" height=\"1024\" data-id=\"20152\" src=\"https:\/\/7culture.ci\/wp-content\/uploads\/2022\/03\/4-1-683x1024.jpg\" alt=\"\" class=\"wp-image-20152\" srcset=\"https:\/\/7culture.ci\/wp-content\/uploads\/2022\/03\/4-1-683x1024.jpg 683w, https:\/\/7culture.ci\/wp-content\/uploads\/2022\/03\/4-1-200x300.jpg 200w, https:\/\/7culture.ci\/wp-content\/uploads\/2022\/03\/4-1.jpg 720w\" sizes=\"(max-width: 683px) 100vw, 683px\" \/><\/figure>\n\n\n\n<figure class=\"wp-block-image size-large\"><img loading=\"lazy\" decoding=\"async\" width=\"1024\" height=\"683\" data-id=\"20153\" src=\"https:\/\/7culture.ci\/wp-content\/uploads\/2022\/03\/9-1024x683.jpg\" alt=\"\" class=\"wp-image-20153\" srcset=\"https:\/\/7culture.ci\/wp-content\/uploads\/2022\/03\/9-1024x683.jpg 1024w, https:\/\/7culture.ci\/wp-content\/uploads\/2022\/03\/9-300x200.jpg 300w, https:\/\/7culture.ci\/wp-content\/uploads\/2022\/03\/9-768x512.jpg 768w, https:\/\/7culture.ci\/wp-content\/uploads\/2022\/03\/9.jpg 1080w\" sizes=\"(max-width: 1024px) 100vw, 1024px\" \/><\/figure>\n\n\n\n<figure class=\"wp-block-image size-large\"><img loading=\"lazy\" decoding=\"async\" width=\"1024\" height=\"683\" data-id=\"20154\" src=\"https:\/\/7culture.ci\/wp-content\/uploads\/2022\/03\/10-1024x683.jpg\" alt=\"\" class=\"wp-image-20154\" srcset=\"https:\/\/7culture.ci\/wp-content\/uploads\/2022\/03\/10-1024x683.jpg 1024w, https:\/\/7culture.ci\/wp-content\/uploads\/2022\/03\/10-300x200.jpg 300w, https:\/\/7culture.ci\/wp-content\/uploads\/2022\/03\/10-768x512.jpg 768w, https:\/\/7culture.ci\/wp-content\/uploads\/2022\/03\/10.jpg 1080w\" sizes=\"(max-width: 1024px) 100vw, 1024px\" \/><\/figure>\n<\/figure>\n\n\n\n<p>L\u2019assistance \u00e9tait constitu\u00e9e de tout le gotha artistique f\u00e9minin qui compte et de nombreuses artistes invit\u00e9es du 12<sup>e<\/sup> March\u00e9 des arts et du spectacle africain (MASA) qui s\u2019est tenu du 5 au 12 mars. \u00ab&nbsp;<strong><em>Je suis surprise par la qualit\u00e9 des femmes qui sont l\u00e0<\/em><\/strong>&nbsp;\u00bb, s\u2019est relev\u00e9 la grande peintre et enseignante d\u2019arts plastiques Mathilde Moreau. Quant \u00e0 Nastou Traor\u00e9, elle soulign\u00e9 la difficult\u00e9 du m\u00e9tier d\u2019artiste quand on est une femme. \u00ab&nbsp;<strong><em>Ce m\u00e9tier d\u2019artiste est assez dur. Mais il est encore plus dur pour les femmes. Pour \u00eatre reconnue, une femme faire trois fois ce que fait l\u2019homme<\/em><\/strong>&nbsp;\u00bb, a regrett\u00e9 Miss Lolo. Cette soir\u00e9e de revendication a \u00e9galement \u00e9t\u00e9 un moment de proposition par certaines participantes comme Fat Tour\u00e9. \u00ab&nbsp; <strong><em>Pour r\u00e9ussir dans ce que nous faisons et avoir la place qui nous revient, il nous faut mettre nos id\u00e9es et nos comp\u00e9tences ensemble<\/em><\/strong>&nbsp;\u00bb, a sugg\u00e9r\u00e9 l\u2019actrice et mannequin.<\/p>\n\n\n\n<p>Par Omar AK<\/p>\n","protected":false},"excerpt":{"rendered":"<p>Depuis le 8 mars dernier, un nouveau troph\u00e9e est accroch\u00e9 dans la salle de r\u00e9compense d\u2019A\u00efcha Kon\u00e9&nbsp;! La Diva de la musique ivoirienne a \u00e9t\u00e9 honor\u00e9e par l\u2019association des Actrices Culturelles Ensemble section C\u00f4te d\u2019Ivoire (ACE-CI). Mais pour r\u00e9compenser cette grande dame qui a re\u00e7u des hommages un peu partout en C\u00f4te d\u2019Ivoire, en Afrique &hellip;<\/p>\n<p class=\"read-more\"> <a class=\"\" href=\"https:\/\/7culture.ci\/index.php\/2022\/03\/14\/mousso-ya-pas-lhomme-il-ny-a-pas-lhomme-pour-aicha-kone\/\"> <span class=\"screen-reader-text\">Mousso y\u2019a pas l\u2019homme\u00a0: il n\u2019y a pas l\u2019homme pour A\u00efcha Kon\u00e9<\/span> Lire la suite\u00a0\u00bb<\/a><\/p>\n","protected":false},"author":1,"featured_media":20141,"comment_status":"open","ping_status":"open","sticky":false,"template":"","format":"standard","meta":{"_mi_skip_tracking":false,"_monsterinsights_sitenote_active":false,"_monsterinsights_sitenote_note":"","_monsterinsights_sitenote_category":0,"site-sidebar-layout":"default","site-content-layout":"default","ast-global-header-display":"","ast-main-header-display":"","ast-hfb-above-header-display":"","ast-hfb-below-header-display":"","ast-hfb-mobile-header-display":"","site-post-title":"","ast-breadcrumbs-content":"","ast-featured-img":"","footer-sml-layout":"","theme-transparent-header-meta":"","adv-header-id-meta":"","stick-header-meta":"","header-above-stick-meta":"","header-main-stick-meta":"","header-below-stick-meta":"","footnotes":"","jetpack_publicize_message":"","jetpack_is_tweetstorm":false,"jetpack_publicize_feature_enabled":true},"categories":[22],"tags":[],"jetpack_publicize_connections":[],"acf":[],"aioseo_notices":[],"yoast_head":"<!-- This site is optimized with the Yoast SEO plugin v19.6.1 - https:\/\/yoast.com\/wordpress\/plugins\/seo\/ -->\n<title>Mousso y\u2019a pas l\u2019homme\u00a0: il n\u2019y a pas l\u2019homme pour A\u00efcha Kon\u00e9 -<\/title>\n<meta name=\"robots\" content=\"index, follow, max-snippet:-1, max-image-preview:large, max-video-preview:-1\" \/>\n<link rel=\"canonical\" href=\"https:\/\/7culture.ci\/index.php\/2022\/03\/14\/mousso-ya-pas-lhomme-il-ny-a-pas-lhomme-pour-aicha-kone\/\" \/>\n<meta property=\"og:locale\" content=\"fr_FR\" \/>\n<meta property=\"og:type\" content=\"article\" \/>\n<meta property=\"og:title\" content=\"Mousso y\u2019a pas l\u2019homme\u00a0: il n\u2019y a pas l\u2019homme pour A\u00efcha Kon\u00e9 -\" \/>\n<meta property=\"og:description\" content=\"Depuis le 8 mars dernier, un nouveau troph\u00e9e est accroch\u00e9 dans la salle de r\u00e9compense d\u2019A\u00efcha Kon\u00e9&nbsp;! La Diva de la musique ivoirienne a \u00e9t\u00e9 honor\u00e9e par l\u2019association des Actrices Culturelles Ensemble section C\u00f4te d\u2019Ivoire (ACE-CI). Mais pour r\u00e9compenser cette grande dame qui a re\u00e7u des hommages un peu partout en C\u00f4te d\u2019Ivoire, en Afrique &hellip; Mousso y\u2019a pas l\u2019homme\u00a0: il n\u2019y a pas l\u2019homme pour A\u00efcha Kon\u00e9 Lire la suite\u00a0\u00bb\" \/>\n<meta property=\"og:url\" content=\"https:\/\/7culture.ci\/index.php\/2022\/03\/14\/mousso-ya-pas-lhomme-il-ny-a-pas-lhomme-pour-aicha-kone\/\" \/>\n<meta property=\"og:site_name\" content=\"7culture\" \/>\n<meta property=\"article:publisher\" content=\"https:\/\/www.facebook.com\/redchefclaude\" \/>\n<meta property=\"article:published_time\" content=\"2022-03-14T14:36:21+00:00\" \/>\n<meta property=\"article:modified_time\" content=\"2022-03-15T12:25:58+00:00\" \/>\n<meta property=\"og:image\" content=\"http:\/\/7culture.ci\/wp-content\/uploads\/2022\/03\/1.jpg\" \/>\n\t<meta property=\"og:image:width\" content=\"1080\" \/>\n\t<meta property=\"og:image:height\" content=\"720\" \/>\n\t<meta property=\"og:image:type\" content=\"image\/jpeg\" \/>\n<meta name=\"author\" content=\"7culture2020\" \/>\n<meta name=\"twitter:card\" content=\"summary_large_image\" \/>\n<meta name=\"twitter:creator\" content=\"@7culturec\" \/>\n<meta name=\"twitter:site\" content=\"@7culturec\" \/>\n<meta name=\"twitter:label1\" content=\"\u00c9crit par\" \/>\n\t<meta name=\"twitter:data1\" content=\"7culture2020\" \/>\n\t<meta name=\"twitter:label2\" content=\"Dur\u00e9e de lecture estim\u00e9e\" \/>\n\t<meta name=\"twitter:data2\" content=\"7 minutes\" \/>\n<script type=\"application\/ld+json\" class=\"yoast-schema-graph\">{\"@context\":\"https:\/\/schema.org\",\"@graph\":[{\"@type\":\"Article\",\"@id\":\"https:\/\/7culture.ci\/index.php\/2022\/03\/14\/mousso-ya-pas-lhomme-il-ny-a-pas-lhomme-pour-aicha-kone\/#article\",\"isPartOf\":{\"@id\":\"https:\/\/7culture.ci\/index.php\/2022\/03\/14\/mousso-ya-pas-lhomme-il-ny-a-pas-lhomme-pour-aicha-kone\/\"},\"author\":{\"name\":\"7culture2020\",\"@id\":\"https:\/\/7culture.ci\/#\/schema\/person\/16150d28d7ef66ba788c1f87f28c4426\"},\"headline\":\"Mousso y\u2019a pas l\u2019homme\u00a0: il n\u2019y a pas l\u2019homme pour A\u00efcha Kon\u00e9\",\"datePublished\":\"2022-03-14T14:36:21+00:00\",\"dateModified\":\"2022-03-15T12:25:58+00:00\",\"mainEntityOfPage\":{\"@id\":\"https:\/\/7culture.ci\/index.php\/2022\/03\/14\/mousso-ya-pas-lhomme-il-ny-a-pas-lhomme-pour-aicha-kone\/\"},\"wordCount\":1155,\"commentCount\":0,\"publisher\":{\"@id\":\"https:\/\/7culture.ci\/#organization\"},\"articleSection\":[\"Actualit\u00e9\"],\"inLanguage\":\"fr-FR\",\"potentialAction\":[{\"@type\":\"CommentAction\",\"name\":\"Comment\",\"target\":[\"https:\/\/7culture.ci\/index.php\/2022\/03\/14\/mousso-ya-pas-lhomme-il-ny-a-pas-lhomme-pour-aicha-kone\/#respond\"]}]},{\"@type\":\"WebPage\",\"@id\":\"https:\/\/7culture.ci\/index.php\/2022\/03\/14\/mousso-ya-pas-lhomme-il-ny-a-pas-lhomme-pour-aicha-kone\/\",\"url\":\"https:\/\/7culture.ci\/index.php\/2022\/03\/14\/mousso-ya-pas-lhomme-il-ny-a-pas-lhomme-pour-aicha-kone\/\",\"name\":\"Mousso y\u2019a pas l\u2019homme\u00a0: il n\u2019y a pas l\u2019homme pour A\u00efcha Kon\u00e9 -\",\"isPartOf\":{\"@id\":\"https:\/\/7culture.ci\/#website\"},\"datePublished\":\"2022-03-14T14:36:21+00:00\",\"dateModified\":\"2022-03-15T12:25:58+00:00\",\"breadcrumb\":{\"@id\":\"https:\/\/7culture.ci\/index.php\/2022\/03\/14\/mousso-ya-pas-lhomme-il-ny-a-pas-lhomme-pour-aicha-kone\/#breadcrumb\"},\"inLanguage\":\"fr-FR\",\"potentialAction\":[{\"@type\":\"ReadAction\",\"target\":[\"https:\/\/7culture.ci\/index.php\/2022\/03\/14\/mousso-ya-pas-lhomme-il-ny-a-pas-lhomme-pour-aicha-kone\/\"]}]},{\"@type\":\"BreadcrumbList\",\"@id\":\"https:\/\/7culture.ci\/index.php\/2022\/03\/14\/mousso-ya-pas-lhomme-il-ny-a-pas-lhomme-pour-aicha-kone\/#breadcrumb\",\"itemListElement\":[{\"@type\":\"ListItem\",\"position\":1,\"name\":\"Accueil\",\"item\":\"https:\/\/7culture.ci\/\"},{\"@type\":\"ListItem\",\"position\":2,\"name\":\"Mousso y\u2019a pas l\u2019homme\u00a0: il n\u2019y a pas l\u2019homme pour A\u00efcha Kon\u00e9\"}]},{\"@type\":\"WebSite\",\"@id\":\"https:\/\/7culture.ci\/#website\",\"url\":\"https:\/\/7culture.ci\/\",\"name\":\"7culture\",\"description\":\"Tout sur l&#039;actualit\u00e9\",\"publisher\":{\"@id\":\"https:\/\/7culture.ci\/#organization\"},\"potentialAction\":[{\"@type\":\"SearchAction\",\"target\":{\"@type\":\"EntryPoint\",\"urlTemplate\":\"https:\/\/7culture.ci\/?s={search_term_string}\"},\"query-input\":\"required name=search_term_string\"}],\"inLanguage\":\"fr-FR\"},{\"@type\":\"Organization\",\"@id\":\"https:\/\/7culture.ci\/#organization\",\"name\":\"7culture\",\"url\":\"https:\/\/7culture.ci\/\",\"sameAs\":[\"https:\/\/www.facebook.com\/redchefclaude\",\"https:\/\/twitter.com\/7culturec\"],\"logo\":{\"@type\":\"ImageObject\",\"inLanguage\":\"fr-FR\",\"@id\":\"https:\/\/7culture.ci\/#\/schema\/logo\/image\/\",\"url\":\"https:\/\/7culture.ci\/wp-content\/uploads\/2021\/12\/S1a-1.png\",\"contentUrl\":\"https:\/\/7culture.ci\/wp-content\/uploads\/2021\/12\/S1a-1.png\",\"width\":588,\"height\":192,\"caption\":\"7culture\"},\"image\":{\"@id\":\"https:\/\/7culture.ci\/#\/schema\/logo\/image\/\"}},{\"@type\":\"Person\",\"@id\":\"https:\/\/7culture.ci\/#\/schema\/person\/16150d28d7ef66ba788c1f87f28c4426\",\"name\":\"7culture2020\",\"image\":{\"@type\":\"ImageObject\",\"inLanguage\":\"fr-FR\",\"@id\":\"https:\/\/7culture.ci\/#\/schema\/person\/image\/\",\"url\":\"https:\/\/secure.gravatar.com\/avatar\/9a0784f951306c37bcd065f52844ef95?s=96&d=mm&r=g\",\"contentUrl\":\"https:\/\/secure.gravatar.com\/avatar\/9a0784f951306c37bcd065f52844ef95?s=96&d=mm&r=g\",\"caption\":\"7culture2020\"},\"sameAs\":[\"http:\/\/7culture.ci\",\"Claude.kipre\"],\"url\":\"https:\/\/7culture.ci\/index.php\/author\/7culture2020\/\"}]}<\/script>\n<!-- \/ Yoast SEO plugin. -->","yoast_head_json":{"title":"Mousso y\u2019a pas l\u2019homme\u00a0: il n\u2019y a pas l\u2019homme pour A\u00efcha Kon\u00e9 -","robots":{"index":"index","follow":"follow","max-snippet":"max-snippet:-1","max-image-preview":"max-image-preview:large","max-video-preview":"max-video-preview:-1"},"canonical":"https:\/\/7culture.ci\/index.php\/2022\/03\/14\/mousso-ya-pas-lhomme-il-ny-a-pas-lhomme-pour-aicha-kone\/","og_locale":"fr_FR","og_type":"article","og_title":"Mousso y\u2019a pas l\u2019homme\u00a0: il n\u2019y a pas l\u2019homme pour A\u00efcha Kon\u00e9 -","og_description":"Depuis le 8 mars dernier, un nouveau troph\u00e9e est accroch\u00e9 dans la salle de r\u00e9compense d\u2019A\u00efcha Kon\u00e9&nbsp;! La Diva de la musique ivoirienne a \u00e9t\u00e9 honor\u00e9e par l\u2019association des Actrices Culturelles Ensemble section C\u00f4te d\u2019Ivoire (ACE-CI). Mais pour r\u00e9compenser cette grande dame qui a re\u00e7u des hommages un peu partout en C\u00f4te d\u2019Ivoire, en Afrique &hellip; Mousso y\u2019a pas l\u2019homme\u00a0: il n\u2019y a pas l\u2019homme pour A\u00efcha Kon\u00e9 Lire la suite\u00a0\u00bb","og_url":"https:\/\/7culture.ci\/index.php\/2022\/03\/14\/mousso-ya-pas-lhomme-il-ny-a-pas-lhomme-pour-aicha-kone\/","og_site_name":"7culture","article_publisher":"https:\/\/www.facebook.com\/redchefclaude","article_published_time":"2022-03-14T14:36:21+00:00","article_modified_time":"2022-03-15T12:25:58+00:00","og_image":[{"width":1080,"height":720,"url":"http:\/\/7culture.ci\/wp-content\/uploads\/2022\/03\/1.jpg","type":"image\/jpeg"}],"author":"7culture2020","twitter_card":"summary_large_image","twitter_creator":"@7culturec","twitter_site":"@7culturec","twitter_misc":{"\u00c9crit par":"7culture2020","Dur\u00e9e de lecture estim\u00e9e":"7 minutes"},"schema":{"@context":"https:\/\/schema.org","@graph":[{"@type":"Article","@id":"https:\/\/7culture.ci\/index.php\/2022\/03\/14\/mousso-ya-pas-lhomme-il-ny-a-pas-lhomme-pour-aicha-kone\/#article","isPartOf":{"@id":"https:\/\/7culture.ci\/index.php\/2022\/03\/14\/mousso-ya-pas-lhomme-il-ny-a-pas-lhomme-pour-aicha-kone\/"},"author":{"name":"7culture2020","@id":"https:\/\/7culture.ci\/#\/schema\/person\/16150d28d7ef66ba788c1f87f28c4426"},"headline":"Mousso y\u2019a pas l\u2019homme\u00a0: il n\u2019y a pas l\u2019homme pour A\u00efcha Kon\u00e9","datePublished":"2022-03-14T14:36:21+00:00","dateModified":"2022-03-15T12:25:58+00:00","mainEntityOfPage":{"@id":"https:\/\/7culture.ci\/index.php\/2022\/03\/14\/mousso-ya-pas-lhomme-il-ny-a-pas-lhomme-pour-aicha-kone\/"},"wordCount":1155,"commentCount":0,"publisher":{"@id":"https:\/\/7culture.ci\/#organization"},"articleSection":["Actualit\u00e9"],"inLanguage":"fr-FR","potentialAction":[{"@type":"CommentAction","name":"Comment","target":["https:\/\/7culture.ci\/index.php\/2022\/03\/14\/mousso-ya-pas-lhomme-il-ny-a-pas-lhomme-pour-aicha-kone\/#respond"]}]},{"@type":"WebPage","@id":"https:\/\/7culture.ci\/index.php\/2022\/03\/14\/mousso-ya-pas-lhomme-il-ny-a-pas-lhomme-pour-aicha-kone\/","url":"https:\/\/7culture.ci\/index.php\/2022\/03\/14\/mousso-ya-pas-lhomme-il-ny-a-pas-lhomme-pour-aicha-kone\/","name":"Mousso y\u2019a pas l\u2019homme\u00a0: il n\u2019y a pas l\u2019homme pour A\u00efcha Kon\u00e9 -","isPartOf":{"@id":"https:\/\/7culture.ci\/#website"},"datePublished":"2022-03-14T14:36:21+00:00","dateModified":"2022-03-15T12:25:58+00:00","breadcrumb":{"@id":"https:\/\/7culture.ci\/index.php\/2022\/03\/14\/mousso-ya-pas-lhomme-il-ny-a-pas-lhomme-pour-aicha-kone\/#breadcrumb"},"inLanguage":"fr-FR","potentialAction":[{"@type":"ReadAction","target":["https:\/\/7culture.ci\/index.php\/2022\/03\/14\/mousso-ya-pas-lhomme-il-ny-a-pas-lhomme-pour-aicha-kone\/"]}]},{"@type":"BreadcrumbList","@id":"https:\/\/7culture.ci\/index.php\/2022\/03\/14\/mousso-ya-pas-lhomme-il-ny-a-pas-lhomme-pour-aicha-kone\/#breadcrumb","itemListElement":[{"@type":"ListItem","position":1,"name":"Accueil","item":"https:\/\/7culture.ci\/"},{"@type":"ListItem","position":2,"name":"Mousso y\u2019a pas l\u2019homme\u00a0: il n\u2019y a pas l\u2019homme pour A\u00efcha Kon\u00e9"}]},{"@type":"WebSite","@id":"https:\/\/7culture.ci\/#website","url":"https:\/\/7culture.ci\/","name":"7culture","description":"Tout sur l&#039;actualit\u00e9","publisher":{"@id":"https:\/\/7culture.ci\/#organization"},"potentialAction":[{"@type":"SearchAction","target":{"@type":"EntryPoint","urlTemplate":"https:\/\/7culture.ci\/?s={search_term_string}"},"query-input":"required name=search_term_string"}],"inLanguage":"fr-FR"},{"@type":"Organization","@id":"https:\/\/7culture.ci\/#organization","name":"7culture","url":"https:\/\/7culture.ci\/","sameAs":["https:\/\/www.facebook.com\/redchefclaude","https:\/\/twitter.com\/7culturec"],"logo":{"@type":"ImageObject","inLanguage":"fr-FR","@id":"https:\/\/7culture.ci\/#\/schema\/logo\/image\/","url":"https:\/\/7culture.ci\/wp-content\/uploads\/2021\/12\/S1a-1.png","contentUrl":"https:\/\/7culture.ci\/wp-content\/uploads\/2021\/12\/S1a-1.png","width":588,"height":192,"caption":"7culture"},"image":{"@id":"https:\/\/7culture.ci\/#\/schema\/logo\/image\/"}},{"@type":"Person","@id":"https:\/\/7culture.ci\/#\/schema\/person\/16150d28d7ef66ba788c1f87f28c4426","name":"7culture2020","image":{"@type":"ImageObject","inLanguage":"fr-FR","@id":"https:\/\/7culture.ci\/#\/schema\/person\/image\/","url":"https:\/\/secure.gravatar.com\/avatar\/9a0784f951306c37bcd065f52844ef95?s=96&d=mm&r=g","contentUrl":"https:\/\/secure.gravatar.com\/avatar\/9a0784f951306c37bcd065f52844ef95?s=96&d=mm&r=g","caption":"7culture2020"},"sameAs":["http:\/\/7culture.ci","Claude.kipre"],"url":"https:\/\/7culture.ci\/index.php\/author\/7culture2020\/"}]}},"jetpack_featured_media_url":"https:\/\/7culture.ci\/wp-content\/uploads\/2022\/03\/1.jpg","jetpack_likes_enabled":true,"jetpack_sharing_enabled":true,"_links":{"self":[{"href":"https:\/\/7culture.ci\/index.php\/wp-json\/wp\/v2\/posts\/20140"}],"collection":[{"href":"https:\/\/7culture.ci\/index.php\/wp-json\/wp\/v2\/posts"}],"about":[{"href":"https:\/\/7culture.ci\/index.php\/wp-json\/wp\/v2\/types\/post"}],"author":[{"embeddable":true,"href":"https:\/\/7culture.ci\/index.php\/wp-json\/wp\/v2\/users\/1"}],"replies":[{"embeddable":true,"href":"https:\/\/7culture.ci\/index.php\/wp-json\/wp\/v2\/comments?post=20140"}],"version-history":[{"count":0,"href":"https:\/\/7culture.ci\/index.php\/wp-json\/wp\/v2\/posts\/20140\/revisions"}],"wp:featuredmedia":[{"embeddable":true,"href":"https:\/\/7culture.ci\/index.php\/wp-json\/wp\/v2\/media\/20141"}],"wp:attachment":[{"href":"https:\/\/7culture.ci\/index.php\/wp-json\/wp\/v2\/media?parent=20140"}],"wp:term":[{"taxonomy":"category","embeddable":true,"href":"https:\/\/7culture.ci\/index.php\/wp-json\/wp\/v2\/categories?post=20140"},{"taxonomy":"post_tag","embeddable":true,"href":"https:\/\/7culture.ci\/index.php\/wp-json\/wp\/v2\/tags?post=20140"}],"curies":[{"name":"wp","href":"https:\/\/api.w.org\/{rel}","templated":true}]}}