{"id":20131,"date":"2022-03-11T20:15:25","date_gmt":"2022-03-11T19:15:25","guid":{"rendered":"https:\/\/7culture.ci\/?p=20131"},"modified":"2022-03-13T15:01:54","modified_gmt":"2022-03-13T14:01:54","slug":"masa-2021-kerozen-et-ayidissa-pour-la-fin","status":"publish","type":"post","link":"https:\/\/7culture.ci\/index.php\/2022\/03\/11\/masa-2021-kerozen-et-ayidissa-pour-la-fin\/","title":{"rendered":"Masa 2021\u00a0: Kerozen et Ayidissa pour la fin\u00a0!"},"content":{"rendered":"\n<p>Ouvert le 5 mars dernier avec un concert \u00e9poustouflant du groupe populaire Magic System, le 12<sup>e<\/sup> March\u00e9 des Arts du Spectacle d&#8217;Abidjan (MASA) va refermer ses portes ce samedi 12 mars au palais de la culture. Le programme pr\u00e9voit une c\u00e9r\u00e9monie officielle de cl\u00f4ture \u00e0 la salle Lougah-Dj\u00e9dj\u00e9 du palais de la culture \u00e0 partir de 16h. Dans le menu, l\u2019\u00e9v\u00e8nement sera agr\u00e9ment\u00e9 par les prestations des artistes ou groupes comme Akan Culture, Ayidissa ou les Tambours du Burundi. Il y aura \u00e9galement des remises de dipl\u00f4mes de participation et des troph\u00e9es de distinction. Apr\u00e8s cette c\u00e9r\u00e9monie officielle de cl\u00f4ture, les lampions vont s\u2019\u00e9teindre d\u00e9finitivement sur la 12<sup>e<\/sup> \u00e9dition du March\u00e9 des Arts du Spectacles (MASA) par un concert de Kerozen DJ sur l\u2019esplanade du palais de la culture. \u2018\u2019L\u2019\u00e9lu\u2019\u2019 va prester au moins pendant 90 minutes.<\/p>\n\n\n\n<div class=\"wp-block-image\"><figure class=\"aligncenter size-full is-resized\"><img loading=\"lazy\" decoding=\"async\" src=\"https:\/\/7culture.ci\/wp-content\/uploads\/2022\/03\/Ayidissa.jpg\" alt=\"\" class=\"wp-image-20133\" width=\"709\" height=\"472\" srcset=\"https:\/\/7culture.ci\/wp-content\/uploads\/2022\/03\/Ayidissa.jpg 788w, https:\/\/7culture.ci\/wp-content\/uploads\/2022\/03\/Ayidissa-300x200.jpg 300w, https:\/\/7culture.ci\/wp-content\/uploads\/2022\/03\/Ayidissa-768x512.jpg 768w\" sizes=\"(max-width: 709px) 100vw, 709px\" \/><\/figure><\/div>\n\n\n\n<p>En attendant cette date, le MASA 2022 s\u2019est tenu autour du th\u00e8me g\u00e9n\u00e9ral : \u2018\u2019Les industries culturelles et cr\u00e9atives : le d\u00e9fi des contenus\u2019\u2019. Il y a eu de bons spectacles et le public \u00e9tait pr\u00e9sent \u00e0 chaque performance artistique. Dans la s\u00e9lection officielle, ce sont au total 78 artistes et formations artistiques qui ont jou\u00e9 au Palais de la Culture, \u00e0 l\u2019Institut fran\u00e7ais et l\u2019Institut Goethe. Cette r\u00e9partition a donn\u00e9 32 groupes artistiques en musique, 9 en th\u00e9\u00e2tre, 14 en danse (dont 4 en danse patrimoniale et 10 en danse contemporaine), 6 en slam et en lecture sc\u00e9nique, 6 en humour, 6 en arts du cirque et de la marionnette et 5 en conte. Ces formations de la s\u00e9lection officielle provenaient de 32 pays. La mode \u00e9tait \u00e9galement au programme du Masa 2022 avec au moins 60 cr\u00e9ateurs qui ont d\u00e9fil\u00e9 pour le compte du Masa Mode.<\/p>\n\n\n\n<div class=\"wp-block-image\"><figure class=\"aligncenter size-full is-resized\"><img loading=\"lazy\" decoding=\"async\" src=\"https:\/\/7culture.ci\/wp-content\/uploads\/2022\/03\/Les-tamours.jpg\" alt=\"\" class=\"wp-image-20134\" width=\"630\" height=\"420\" srcset=\"https:\/\/7culture.ci\/wp-content\/uploads\/2022\/03\/Les-tamours.jpg 960w, https:\/\/7culture.ci\/wp-content\/uploads\/2022\/03\/Les-tamours-300x200.jpg 300w, https:\/\/7culture.ci\/wp-content\/uploads\/2022\/03\/Les-tamours-768x512.jpg 768w\" sizes=\"(max-width: 630px) 100vw, 630px\" \/><\/figure><\/div>\n\n\n\n<p>Par Omar AK<\/p>\n","protected":false},"excerpt":{"rendered":"<p>Ouvert le 5 mars dernier avec un concert \u00e9poustouflant du groupe populaire Magic System, le 12e March\u00e9 des Arts du Spectacle d&#8217;Abidjan (MASA) va refermer ses portes ce samedi 12 mars au palais de la culture. Le programme pr\u00e9voit une c\u00e9r\u00e9monie officielle de cl\u00f4ture \u00e0 la salle Lougah-Dj\u00e9dj\u00e9 du palais de la culture \u00e0 partir &hellip;<\/p>\n<p class=\"read-more\"> <a class=\"\" href=\"https:\/\/7culture.ci\/index.php\/2022\/03\/11\/masa-2021-kerozen-et-ayidissa-pour-la-fin\/\"> <span class=\"screen-reader-text\">Masa 2021\u00a0: Kerozen et Ayidissa pour la fin\u00a0!<\/span> Lire la suite\u00a0\u00bb<\/a><\/p>\n","protected":false},"author":1,"featured_media":20132,"comment_status":"open","ping_status":"open","sticky":false,"template":"","format":"standard","meta":{"_mi_skip_tracking":false,"_monsterinsights_sitenote_active":false,"_monsterinsights_sitenote_note":"","_monsterinsights_sitenote_category":0,"site-sidebar-layout":"default","site-content-layout":"default","ast-global-header-display":"","ast-main-header-display":"","ast-hfb-above-header-display":"","ast-hfb-below-header-display":"","ast-hfb-mobile-header-display":"","site-post-title":"","ast-breadcrumbs-content":"","ast-featured-img":"","footer-sml-layout":"","theme-transparent-header-meta":"","adv-header-id-meta":"","stick-header-meta":"","header-above-stick-meta":"","header-main-stick-meta":"","header-below-stick-meta":"","footnotes":"","jetpack_publicize_message":"","jetpack_is_tweetstorm":false,"jetpack_publicize_feature_enabled":true},"categories":[16],"tags":[],"jetpack_publicize_connections":[],"acf":[],"aioseo_notices":[],"yoast_head":"<!-- This site is optimized with the Yoast SEO plugin v19.6.1 - https:\/\/yoast.com\/wordpress\/plugins\/seo\/ -->\n<title>Masa 2021\u00a0: Kerozen et Ayidissa pour la fin\u00a0! -<\/title>\n<meta name=\"robots\" content=\"index, follow, max-snippet:-1, max-image-preview:large, max-video-preview:-1\" \/>\n<link rel=\"canonical\" href=\"https:\/\/7culture.ci\/index.php\/2022\/03\/11\/masa-2021-kerozen-et-ayidissa-pour-la-fin\/\" \/>\n<meta property=\"og:locale\" content=\"fr_FR\" \/>\n<meta property=\"og:type\" content=\"article\" \/>\n<meta property=\"og:title\" content=\"Masa 2021\u00a0: Kerozen et Ayidissa pour la fin\u00a0! -\" \/>\n<meta property=\"og:description\" content=\"Ouvert le 5 mars dernier avec un concert \u00e9poustouflant du groupe populaire Magic System, le 12e March\u00e9 des Arts du Spectacle d&#8217;Abidjan (MASA) va refermer ses portes ce samedi 12 mars au palais de la culture. Le programme pr\u00e9voit une c\u00e9r\u00e9monie officielle de cl\u00f4ture \u00e0 la salle Lougah-Dj\u00e9dj\u00e9 du palais de la culture \u00e0 partir &hellip; Masa 2021\u00a0: Kerozen et Ayidissa pour la fin\u00a0! Lire la suite\u00a0\u00bb\" \/>\n<meta property=\"og:url\" content=\"https:\/\/7culture.ci\/index.php\/2022\/03\/11\/masa-2021-kerozen-et-ayidissa-pour-la-fin\/\" \/>\n<meta property=\"og:site_name\" content=\"7culture\" \/>\n<meta property=\"article:publisher\" content=\"https:\/\/www.facebook.com\/redchefclaude\" \/>\n<meta property=\"article:published_time\" content=\"2022-03-11T19:15:25+00:00\" \/>\n<meta property=\"article:modified_time\" content=\"2022-03-13T14:01:54+00:00\" \/>\n<meta property=\"og:image\" content=\"http:\/\/7culture.ci\/wp-content\/uploads\/2022\/03\/Kero2.jpg\" \/>\n\t<meta property=\"og:image:width\" content=\"1280\" \/>\n\t<meta property=\"og:image:height\" content=\"720\" \/>\n\t<meta property=\"og:image:type\" content=\"image\/jpeg\" \/>\n<meta name=\"author\" content=\"7culture2020\" \/>\n<meta name=\"twitter:card\" content=\"summary_large_image\" \/>\n<meta name=\"twitter:creator\" content=\"@7culturec\" \/>\n<meta name=\"twitter:site\" content=\"@7culturec\" \/>\n<meta name=\"twitter:label1\" content=\"\u00c9crit par\" \/>\n\t<meta name=\"twitter:data1\" content=\"7culture2020\" \/>\n\t<meta name=\"twitter:label2\" content=\"Dur\u00e9e de lecture estim\u00e9e\" \/>\n\t<meta name=\"twitter:data2\" content=\"2 minutes\" \/>\n<script type=\"application\/ld+json\" class=\"yoast-schema-graph\">{\"@context\":\"https:\/\/schema.org\",\"@graph\":[{\"@type\":\"Article\",\"@id\":\"https:\/\/7culture.ci\/index.php\/2022\/03\/11\/masa-2021-kerozen-et-ayidissa-pour-la-fin\/#article\",\"isPartOf\":{\"@id\":\"https:\/\/7culture.ci\/index.php\/2022\/03\/11\/masa-2021-kerozen-et-ayidissa-pour-la-fin\/\"},\"author\":{\"name\":\"7culture2020\",\"@id\":\"https:\/\/7culture.ci\/#\/schema\/person\/16150d28d7ef66ba788c1f87f28c4426\"},\"headline\":\"Masa 2021\u00a0: Kerozen et Ayidissa pour la fin\u00a0!\",\"datePublished\":\"2022-03-11T19:15:25+00:00\",\"dateModified\":\"2022-03-13T14:01:54+00:00\",\"mainEntityOfPage\":{\"@id\":\"https:\/\/7culture.ci\/index.php\/2022\/03\/11\/masa-2021-kerozen-et-ayidissa-pour-la-fin\/\"},\"wordCount\":307,\"commentCount\":0,\"publisher\":{\"@id\":\"https:\/\/7culture.ci\/#organization\"},\"articleSection\":[\"Musique\"],\"inLanguage\":\"fr-FR\",\"potentialAction\":[{\"@type\":\"CommentAction\",\"name\":\"Comment\",\"target\":[\"https:\/\/7culture.ci\/index.php\/2022\/03\/11\/masa-2021-kerozen-et-ayidissa-pour-la-fin\/#respond\"]}]},{\"@type\":\"WebPage\",\"@id\":\"https:\/\/7culture.ci\/index.php\/2022\/03\/11\/masa-2021-kerozen-et-ayidissa-pour-la-fin\/\",\"url\":\"https:\/\/7culture.ci\/index.php\/2022\/03\/11\/masa-2021-kerozen-et-ayidissa-pour-la-fin\/\",\"name\":\"Masa 2021\u00a0: Kerozen et Ayidissa pour la fin\u00a0! -\",\"isPartOf\":{\"@id\":\"https:\/\/7culture.ci\/#website\"},\"datePublished\":\"2022-03-11T19:15:25+00:00\",\"dateModified\":\"2022-03-13T14:01:54+00:00\",\"breadcrumb\":{\"@id\":\"https:\/\/7culture.ci\/index.php\/2022\/03\/11\/masa-2021-kerozen-et-ayidissa-pour-la-fin\/#breadcrumb\"},\"inLanguage\":\"fr-FR\",\"potentialAction\":[{\"@type\":\"ReadAction\",\"target\":[\"https:\/\/7culture.ci\/index.php\/2022\/03\/11\/masa-2021-kerozen-et-ayidissa-pour-la-fin\/\"]}]},{\"@type\":\"BreadcrumbList\",\"@id\":\"https:\/\/7culture.ci\/index.php\/2022\/03\/11\/masa-2021-kerozen-et-ayidissa-pour-la-fin\/#breadcrumb\",\"itemListElement\":[{\"@type\":\"ListItem\",\"position\":1,\"name\":\"Accueil\",\"item\":\"https:\/\/7culture.ci\/\"},{\"@type\":\"ListItem\",\"position\":2,\"name\":\"Masa 2021\u00a0: Kerozen et Ayidissa pour la fin\u00a0!\"}]},{\"@type\":\"WebSite\",\"@id\":\"https:\/\/7culture.ci\/#website\",\"url\":\"https:\/\/7culture.ci\/\",\"name\":\"7culture\",\"description\":\"Tout sur l&#039;actualit\u00e9\",\"publisher\":{\"@id\":\"https:\/\/7culture.ci\/#organization\"},\"potentialAction\":[{\"@type\":\"SearchAction\",\"target\":{\"@type\":\"EntryPoint\",\"urlTemplate\":\"https:\/\/7culture.ci\/?s={search_term_string}\"},\"query-input\":\"required name=search_term_string\"}],\"inLanguage\":\"fr-FR\"},{\"@type\":\"Organization\",\"@id\":\"https:\/\/7culture.ci\/#organization\",\"name\":\"7culture\",\"url\":\"https:\/\/7culture.ci\/\",\"sameAs\":[\"https:\/\/www.facebook.com\/redchefclaude\",\"https:\/\/twitter.com\/7culturec\"],\"logo\":{\"@type\":\"ImageObject\",\"inLanguage\":\"fr-FR\",\"@id\":\"https:\/\/7culture.ci\/#\/schema\/logo\/image\/\",\"url\":\"https:\/\/7culture.ci\/wp-content\/uploads\/2021\/12\/S1a-1.png\",\"contentUrl\":\"https:\/\/7culture.ci\/wp-content\/uploads\/2021\/12\/S1a-1.png\",\"width\":588,\"height\":192,\"caption\":\"7culture\"},\"image\":{\"@id\":\"https:\/\/7culture.ci\/#\/schema\/logo\/image\/\"}},{\"@type\":\"Person\",\"@id\":\"https:\/\/7culture.ci\/#\/schema\/person\/16150d28d7ef66ba788c1f87f28c4426\",\"name\":\"7culture2020\",\"image\":{\"@type\":\"ImageObject\",\"inLanguage\":\"fr-FR\",\"@id\":\"https:\/\/7culture.ci\/#\/schema\/person\/image\/\",\"url\":\"https:\/\/secure.gravatar.com\/avatar\/9a0784f951306c37bcd065f52844ef95?s=96&d=mm&r=g\",\"contentUrl\":\"https:\/\/secure.gravatar.com\/avatar\/9a0784f951306c37bcd065f52844ef95?s=96&d=mm&r=g\",\"caption\":\"7culture2020\"},\"sameAs\":[\"http:\/\/7culture.ci\",\"Claude.kipre\"],\"url\":\"https:\/\/7culture.ci\/index.php\/author\/7culture2020\/\"}]}<\/script>\n<!-- \/ Yoast SEO plugin. -->","yoast_head_json":{"title":"Masa 2021\u00a0: Kerozen et Ayidissa pour la fin\u00a0! -","robots":{"index":"index","follow":"follow","max-snippet":"max-snippet:-1","max-image-preview":"max-image-preview:large","max-video-preview":"max-video-preview:-1"},"canonical":"https:\/\/7culture.ci\/index.php\/2022\/03\/11\/masa-2021-kerozen-et-ayidissa-pour-la-fin\/","og_locale":"fr_FR","og_type":"article","og_title":"Masa 2021\u00a0: Kerozen et Ayidissa pour la fin\u00a0! -","og_description":"Ouvert le 5 mars dernier avec un concert \u00e9poustouflant du groupe populaire Magic System, le 12e March\u00e9 des Arts du Spectacle d&#8217;Abidjan (MASA) va refermer ses portes ce samedi 12 mars au palais de la culture. Le programme pr\u00e9voit une c\u00e9r\u00e9monie officielle de cl\u00f4ture \u00e0 la salle Lougah-Dj\u00e9dj\u00e9 du palais de la culture \u00e0 partir &hellip; Masa 2021\u00a0: Kerozen et Ayidissa pour la fin\u00a0! Lire la suite\u00a0\u00bb","og_url":"https:\/\/7culture.ci\/index.php\/2022\/03\/11\/masa-2021-kerozen-et-ayidissa-pour-la-fin\/","og_site_name":"7culture","article_publisher":"https:\/\/www.facebook.com\/redchefclaude","article_published_time":"2022-03-11T19:15:25+00:00","article_modified_time":"2022-03-13T14:01:54+00:00","og_image":[{"width":1280,"height":720,"url":"http:\/\/7culture.ci\/wp-content\/uploads\/2022\/03\/Kero2.jpg","type":"image\/jpeg"}],"author":"7culture2020","twitter_card":"summary_large_image","twitter_creator":"@7culturec","twitter_site":"@7culturec","twitter_misc":{"\u00c9crit par":"7culture2020","Dur\u00e9e de lecture estim\u00e9e":"2 minutes"},"schema":{"@context":"https:\/\/schema.org","@graph":[{"@type":"Article","@id":"https:\/\/7culture.ci\/index.php\/2022\/03\/11\/masa-2021-kerozen-et-ayidissa-pour-la-fin\/#article","isPartOf":{"@id":"https:\/\/7culture.ci\/index.php\/2022\/03\/11\/masa-2021-kerozen-et-ayidissa-pour-la-fin\/"},"author":{"name":"7culture2020","@id":"https:\/\/7culture.ci\/#\/schema\/person\/16150d28d7ef66ba788c1f87f28c4426"},"headline":"Masa 2021\u00a0: Kerozen et Ayidissa pour la fin\u00a0!","datePublished":"2022-03-11T19:15:25+00:00","dateModified":"2022-03-13T14:01:54+00:00","mainEntityOfPage":{"@id":"https:\/\/7culture.ci\/index.php\/2022\/03\/11\/masa-2021-kerozen-et-ayidissa-pour-la-fin\/"},"wordCount":307,"commentCount":0,"publisher":{"@id":"https:\/\/7culture.ci\/#organization"},"articleSection":["Musique"],"inLanguage":"fr-FR","potentialAction":[{"@type":"CommentAction","name":"Comment","target":["https:\/\/7culture.ci\/index.php\/2022\/03\/11\/masa-2021-kerozen-et-ayidissa-pour-la-fin\/#respond"]}]},{"@type":"WebPage","@id":"https:\/\/7culture.ci\/index.php\/2022\/03\/11\/masa-2021-kerozen-et-ayidissa-pour-la-fin\/","url":"https:\/\/7culture.ci\/index.php\/2022\/03\/11\/masa-2021-kerozen-et-ayidissa-pour-la-fin\/","name":"Masa 2021\u00a0: Kerozen et Ayidissa pour la fin\u00a0! -","isPartOf":{"@id":"https:\/\/7culture.ci\/#website"},"datePublished":"2022-03-11T19:15:25+00:00","dateModified":"2022-03-13T14:01:54+00:00","breadcrumb":{"@id":"https:\/\/7culture.ci\/index.php\/2022\/03\/11\/masa-2021-kerozen-et-ayidissa-pour-la-fin\/#breadcrumb"},"inLanguage":"fr-FR","potentialAction":[{"@type":"ReadAction","target":["https:\/\/7culture.ci\/index.php\/2022\/03\/11\/masa-2021-kerozen-et-ayidissa-pour-la-fin\/"]}]},{"@type":"BreadcrumbList","@id":"https:\/\/7culture.ci\/index.php\/2022\/03\/11\/masa-2021-kerozen-et-ayidissa-pour-la-fin\/#breadcrumb","itemListElement":[{"@type":"ListItem","position":1,"name":"Accueil","item":"https:\/\/7culture.ci\/"},{"@type":"ListItem","position":2,"name":"Masa 2021\u00a0: Kerozen et Ayidissa pour la fin\u00a0!"}]},{"@type":"WebSite","@id":"https:\/\/7culture.ci\/#website","url":"https:\/\/7culture.ci\/","name":"7culture","description":"Tout sur l&#039;actualit\u00e9","publisher":{"@id":"https:\/\/7culture.ci\/#organization"},"potentialAction":[{"@type":"SearchAction","target":{"@type":"EntryPoint","urlTemplate":"https:\/\/7culture.ci\/?s={search_term_string}"},"query-input":"required name=search_term_string"}],"inLanguage":"fr-FR"},{"@type":"Organization","@id":"https:\/\/7culture.ci\/#organization","name":"7culture","url":"https:\/\/7culture.ci\/","sameAs":["https:\/\/www.facebook.com\/redchefclaude","https:\/\/twitter.com\/7culturec"],"logo":{"@type":"ImageObject","inLanguage":"fr-FR","@id":"https:\/\/7culture.ci\/#\/schema\/logo\/image\/","url":"https:\/\/7culture.ci\/wp-content\/uploads\/2021\/12\/S1a-1.png","contentUrl":"https:\/\/7culture.ci\/wp-content\/uploads\/2021\/12\/S1a-1.png","width":588,"height":192,"caption":"7culture"},"image":{"@id":"https:\/\/7culture.ci\/#\/schema\/logo\/image\/"}},{"@type":"Person","@id":"https:\/\/7culture.ci\/#\/schema\/person\/16150d28d7ef66ba788c1f87f28c4426","name":"7culture2020","image":{"@type":"ImageObject","inLanguage":"fr-FR","@id":"https:\/\/7culture.ci\/#\/schema\/person\/image\/","url":"https:\/\/secure.gravatar.com\/avatar\/9a0784f951306c37bcd065f52844ef95?s=96&d=mm&r=g","contentUrl":"https:\/\/secure.gravatar.com\/avatar\/9a0784f951306c37bcd065f52844ef95?s=96&d=mm&r=g","caption":"7culture2020"},"sameAs":["http:\/\/7culture.ci","Claude.kipre"],"url":"https:\/\/7culture.ci\/index.php\/author\/7culture2020\/"}]}},"jetpack_featured_media_url":"https:\/\/7culture.ci\/wp-content\/uploads\/2022\/03\/Kero2.jpg","jetpack_likes_enabled":true,"jetpack_sharing_enabled":true,"_links":{"self":[{"href":"https:\/\/7culture.ci\/index.php\/wp-json\/wp\/v2\/posts\/20131"}],"collection":[{"href":"https:\/\/7culture.ci\/index.php\/wp-json\/wp\/v2\/posts"}],"about":[{"href":"https:\/\/7culture.ci\/index.php\/wp-json\/wp\/v2\/types\/post"}],"author":[{"embeddable":true,"href":"https:\/\/7culture.ci\/index.php\/wp-json\/wp\/v2\/users\/1"}],"replies":[{"embeddable":true,"href":"https:\/\/7culture.ci\/index.php\/wp-json\/wp\/v2\/comments?post=20131"}],"version-history":[{"count":0,"href":"https:\/\/7culture.ci\/index.php\/wp-json\/wp\/v2\/posts\/20131\/revisions"}],"wp:featuredmedia":[{"embeddable":true,"href":"https:\/\/7culture.ci\/index.php\/wp-json\/wp\/v2\/media\/20132"}],"wp:attachment":[{"href":"https:\/\/7culture.ci\/index.php\/wp-json\/wp\/v2\/media?parent=20131"}],"wp:term":[{"taxonomy":"category","embeddable":true,"href":"https:\/\/7culture.ci\/index.php\/wp-json\/wp\/v2\/categories?post=20131"},{"taxonomy":"post_tag","embeddable":true,"href":"https:\/\/7culture.ci\/index.php\/wp-json\/wp\/v2\/tags?post=20131"}],"curies":[{"name":"wp","href":"https:\/\/api.w.org\/{rel}","templated":true}]}}