{"id":20111,"date":"2022-03-08T15:24:55","date_gmt":"2022-03-08T14:24:55","guid":{"rendered":"https:\/\/7culture.ci\/?p=20111"},"modified":"2022-03-08T15:25:00","modified_gmt":"2022-03-08T14:25:00","slug":"distinction-la-marque-chocolat-de-daloa-primee-a-paris","status":"publish","type":"post","link":"https:\/\/7culture.ci\/index.php\/2022\/03\/08\/distinction-la-marque-chocolat-de-daloa-primee-a-paris\/","title":{"rendered":"Distinction : La marque Chocolat de Daloa prim\u00e9e \u00e0 Paris"},"content":{"rendered":"\n<p>La C\u00f4te d\u2019Ivoire a remport\u00e9 une importante victoire au Salon de l\u2019Agriculture de Paris-Porte de Versailles.&nbsp; En effet, <em>\u2018\u2019Le chocolat de Daloa\u2019\u2019<\/em> a triomph\u00e9 au Salon International de l&#8217;Agriculture, tenu du 26 f\u00e9vrier au 6 mars 2022. Le chocolat de la Cit\u00e9 des Antilopes a \u00e9t\u00e9 sp\u00e9cialement prim\u00e9 dans la \u2018\u2019S\u00e9lection des Agricultures du Monde\u2019\u2019 et d\u00e9sign\u00e9 par un jury d&#8217;experts et les consommateurs, comme <em>\u2018\u2018Le coup de c\u0153ur\u2019\u2019<\/em> pour la qualit\u00e9 parmi des centaines de produits venus monde entier.<\/p>\n\n\n\n<p>&nbsp;<strong><em>\u00ab C&#8217;est une grande victoire pour le chocolat ivoirien \u00bb<\/em><\/strong><\/p>\n\n\n\n<p>\u00c0 l&#8217;origine du projet, Son Excellence Aly Tour\u00e9, porte-parole des pays producteurs de cacao et Axel Emmanuel, Chocolatier ivoirien, ont form\u00e9 100 femmes productrices de cacao \u00e0 la transformation du cacao en mars 2021. Et cela en moins d\u2019un an. <em>\u00ab&nbsp;<\/em><strong>C&#8217;est une grande victoire pour le chocolat ivoirien et la transformation locale comme l\u2019a toujours souhait\u00e9 le pr\u00e9sident de la R\u00e9publique, Alassane Ouattara. Qui encourage les Ivoiriens \u00e0 transformer et consommer leur cacao. F\u00e9licitations aux braves femmes de la cit\u00e9 des antilopes qui ont fait un grand honneur \u00e0 leur commune<\/strong><em>&nbsp;\u00bb,<\/em> a salu\u00e9 l\u2019Ambassadeur Aly Tour\u00e9 avant de d\u00e9dier cette reconnaissance, en guise d\u2019hommage, aux d\u00e9funts Bra Kanon et Guy Alain Gauze (originaires de la commune de Daloa) qui ont fait la fiert\u00e9 de ce pays \u00e0 travers leur combat pour l\u2019am\u00e9lioration du revenu des producteurs.<\/p>\n\n\n\n<p><strong>&nbsp; Avec SerCom<\/strong><\/p>\n","protected":false},"excerpt":{"rendered":"<p>La C\u00f4te d\u2019Ivoire a remport\u00e9 une importante victoire au Salon de l\u2019Agriculture de Paris-Porte de Versailles.&nbsp; En effet, \u2018\u2019Le chocolat de Daloa\u2019\u2019 a triomph\u00e9 au Salon International de l&#8217;Agriculture, tenu du 26 f\u00e9vrier au 6 mars 2022. Le chocolat de la Cit\u00e9 des Antilopes a \u00e9t\u00e9 sp\u00e9cialement prim\u00e9 dans la \u2018\u2019S\u00e9lection des Agricultures du Monde\u2019\u2019 &hellip;<\/p>\n<p class=\"read-more\"> <a class=\"\" href=\"https:\/\/7culture.ci\/index.php\/2022\/03\/08\/distinction-la-marque-chocolat-de-daloa-primee-a-paris\/\"> <span class=\"screen-reader-text\">Distinction : La marque Chocolat de Daloa prim\u00e9e \u00e0 Paris<\/span> Lire la suite\u00a0\u00bb<\/a><\/p>\n","protected":false},"author":1,"featured_media":20112,"comment_status":"open","ping_status":"open","sticky":false,"template":"","format":"standard","meta":{"_mi_skip_tracking":false,"_monsterinsights_sitenote_active":false,"_monsterinsights_sitenote_note":"","_monsterinsights_sitenote_category":0,"site-sidebar-layout":"default","site-content-layout":"default","ast-global-header-display":"","ast-main-header-display":"","ast-hfb-above-header-display":"","ast-hfb-below-header-display":"","ast-hfb-mobile-header-display":"","site-post-title":"","ast-breadcrumbs-content":"","ast-featured-img":"","footer-sml-layout":"","theme-transparent-header-meta":"","adv-header-id-meta":"","stick-header-meta":"","header-above-stick-meta":"","header-main-stick-meta":"","header-below-stick-meta":"","footnotes":"","jetpack_publicize_message":"","jetpack_is_tweetstorm":false,"jetpack_publicize_feature_enabled":true},"categories":[22],"tags":[],"jetpack_publicize_connections":[],"acf":[],"aioseo_notices":[],"yoast_head":"<!-- This site is optimized with the Yoast SEO plugin v19.6.1 - https:\/\/yoast.com\/wordpress\/plugins\/seo\/ -->\n<title>Distinction : La marque Chocolat de Daloa prim\u00e9e \u00e0 Paris -<\/title>\n<meta name=\"robots\" content=\"index, follow, max-snippet:-1, max-image-preview:large, max-video-preview:-1\" \/>\n<link rel=\"canonical\" href=\"https:\/\/7culture.ci\/index.php\/2022\/03\/08\/distinction-la-marque-chocolat-de-daloa-primee-a-paris\/\" \/>\n<meta property=\"og:locale\" content=\"fr_FR\" \/>\n<meta property=\"og:type\" content=\"article\" \/>\n<meta property=\"og:title\" content=\"Distinction : La marque Chocolat de Daloa prim\u00e9e \u00e0 Paris -\" \/>\n<meta property=\"og:description\" content=\"La C\u00f4te d\u2019Ivoire a remport\u00e9 une importante victoire au Salon de l\u2019Agriculture de Paris-Porte de Versailles.&nbsp; En effet, \u2018\u2019Le chocolat de Daloa\u2019\u2019 a triomph\u00e9 au Salon International de l&#8217;Agriculture, tenu du 26 f\u00e9vrier au 6 mars 2022. Le chocolat de la Cit\u00e9 des Antilopes a \u00e9t\u00e9 sp\u00e9cialement prim\u00e9 dans la \u2018\u2019S\u00e9lection des Agricultures du Monde\u2019\u2019 &hellip; Distinction : La marque Chocolat de Daloa prim\u00e9e \u00e0 Paris Lire la suite\u00a0\u00bb\" \/>\n<meta property=\"og:url\" content=\"https:\/\/7culture.ci\/index.php\/2022\/03\/08\/distinction-la-marque-chocolat-de-daloa-primee-a-paris\/\" \/>\n<meta property=\"og:site_name\" content=\"7culture\" \/>\n<meta property=\"article:publisher\" content=\"https:\/\/www.facebook.com\/redchefclaude\" \/>\n<meta property=\"article:published_time\" content=\"2022-03-08T14:24:55+00:00\" \/>\n<meta property=\"article:modified_time\" content=\"2022-03-08T14:25:00+00:00\" \/>\n<meta property=\"og:image\" content=\"http:\/\/7culture.ci\/wp-content\/uploads\/2022\/03\/IMG-20220306-WA0020.jpg\" \/>\n\t<meta property=\"og:image:width\" content=\"1024\" \/>\n\t<meta property=\"og:image:height\" content=\"768\" \/>\n\t<meta property=\"og:image:type\" content=\"image\/jpeg\" \/>\n<meta name=\"author\" content=\"7culture2020\" \/>\n<meta name=\"twitter:card\" content=\"summary_large_image\" \/>\n<meta name=\"twitter:creator\" content=\"@7culturec\" \/>\n<meta name=\"twitter:site\" content=\"@7culturec\" \/>\n<meta name=\"twitter:label1\" content=\"\u00c9crit par\" \/>\n\t<meta name=\"twitter:data1\" content=\"7culture2020\" \/>\n\t<meta name=\"twitter:label2\" content=\"Dur\u00e9e de lecture estim\u00e9e\" \/>\n\t<meta name=\"twitter:data2\" content=\"2 minutes\" \/>\n<script type=\"application\/ld+json\" class=\"yoast-schema-graph\">{\"@context\":\"https:\/\/schema.org\",\"@graph\":[{\"@type\":\"Article\",\"@id\":\"https:\/\/7culture.ci\/index.php\/2022\/03\/08\/distinction-la-marque-chocolat-de-daloa-primee-a-paris\/#article\",\"isPartOf\":{\"@id\":\"https:\/\/7culture.ci\/index.php\/2022\/03\/08\/distinction-la-marque-chocolat-de-daloa-primee-a-paris\/\"},\"author\":{\"name\":\"7culture2020\",\"@id\":\"https:\/\/7culture.ci\/#\/schema\/person\/16150d28d7ef66ba788c1f87f28c4426\"},\"headline\":\"Distinction : La marque Chocolat de Daloa prim\u00e9e \u00e0 Paris\",\"datePublished\":\"2022-03-08T14:24:55+00:00\",\"dateModified\":\"2022-03-08T14:25:00+00:00\",\"mainEntityOfPage\":{\"@id\":\"https:\/\/7culture.ci\/index.php\/2022\/03\/08\/distinction-la-marque-chocolat-de-daloa-primee-a-paris\/\"},\"wordCount\":249,\"commentCount\":0,\"publisher\":{\"@id\":\"https:\/\/7culture.ci\/#organization\"},\"articleSection\":[\"Actualit\u00e9\"],\"inLanguage\":\"fr-FR\",\"potentialAction\":[{\"@type\":\"CommentAction\",\"name\":\"Comment\",\"target\":[\"https:\/\/7culture.ci\/index.php\/2022\/03\/08\/distinction-la-marque-chocolat-de-daloa-primee-a-paris\/#respond\"]}]},{\"@type\":\"WebPage\",\"@id\":\"https:\/\/7culture.ci\/index.php\/2022\/03\/08\/distinction-la-marque-chocolat-de-daloa-primee-a-paris\/\",\"url\":\"https:\/\/7culture.ci\/index.php\/2022\/03\/08\/distinction-la-marque-chocolat-de-daloa-primee-a-paris\/\",\"name\":\"Distinction : La marque Chocolat de Daloa prim\u00e9e \u00e0 Paris -\",\"isPartOf\":{\"@id\":\"https:\/\/7culture.ci\/#website\"},\"datePublished\":\"2022-03-08T14:24:55+00:00\",\"dateModified\":\"2022-03-08T14:25:00+00:00\",\"breadcrumb\":{\"@id\":\"https:\/\/7culture.ci\/index.php\/2022\/03\/08\/distinction-la-marque-chocolat-de-daloa-primee-a-paris\/#breadcrumb\"},\"inLanguage\":\"fr-FR\",\"potentialAction\":[{\"@type\":\"ReadAction\",\"target\":[\"https:\/\/7culture.ci\/index.php\/2022\/03\/08\/distinction-la-marque-chocolat-de-daloa-primee-a-paris\/\"]}]},{\"@type\":\"BreadcrumbList\",\"@id\":\"https:\/\/7culture.ci\/index.php\/2022\/03\/08\/distinction-la-marque-chocolat-de-daloa-primee-a-paris\/#breadcrumb\",\"itemListElement\":[{\"@type\":\"ListItem\",\"position\":1,\"name\":\"Accueil\",\"item\":\"https:\/\/7culture.ci\/\"},{\"@type\":\"ListItem\",\"position\":2,\"name\":\"Distinction : La marque Chocolat de Daloa prim\u00e9e \u00e0 Paris\"}]},{\"@type\":\"WebSite\",\"@id\":\"https:\/\/7culture.ci\/#website\",\"url\":\"https:\/\/7culture.ci\/\",\"name\":\"7culture\",\"description\":\"Tout sur l&#039;actualit\u00e9\",\"publisher\":{\"@id\":\"https:\/\/7culture.ci\/#organization\"},\"potentialAction\":[{\"@type\":\"SearchAction\",\"target\":{\"@type\":\"EntryPoint\",\"urlTemplate\":\"https:\/\/7culture.ci\/?s={search_term_string}\"},\"query-input\":\"required name=search_term_string\"}],\"inLanguage\":\"fr-FR\"},{\"@type\":\"Organization\",\"@id\":\"https:\/\/7culture.ci\/#organization\",\"name\":\"7culture\",\"url\":\"https:\/\/7culture.ci\/\",\"sameAs\":[\"https:\/\/www.facebook.com\/redchefclaude\",\"https:\/\/twitter.com\/7culturec\"],\"logo\":{\"@type\":\"ImageObject\",\"inLanguage\":\"fr-FR\",\"@id\":\"https:\/\/7culture.ci\/#\/schema\/logo\/image\/\",\"url\":\"https:\/\/7culture.ci\/wp-content\/uploads\/2021\/12\/S1a-1.png\",\"contentUrl\":\"https:\/\/7culture.ci\/wp-content\/uploads\/2021\/12\/S1a-1.png\",\"width\":588,\"height\":192,\"caption\":\"7culture\"},\"image\":{\"@id\":\"https:\/\/7culture.ci\/#\/schema\/logo\/image\/\"}},{\"@type\":\"Person\",\"@id\":\"https:\/\/7culture.ci\/#\/schema\/person\/16150d28d7ef66ba788c1f87f28c4426\",\"name\":\"7culture2020\",\"image\":{\"@type\":\"ImageObject\",\"inLanguage\":\"fr-FR\",\"@id\":\"https:\/\/7culture.ci\/#\/schema\/person\/image\/\",\"url\":\"https:\/\/secure.gravatar.com\/avatar\/9a0784f951306c37bcd065f52844ef95?s=96&d=mm&r=g\",\"contentUrl\":\"https:\/\/secure.gravatar.com\/avatar\/9a0784f951306c37bcd065f52844ef95?s=96&d=mm&r=g\",\"caption\":\"7culture2020\"},\"sameAs\":[\"http:\/\/7culture.ci\",\"Claude.kipre\"],\"url\":\"https:\/\/7culture.ci\/index.php\/author\/7culture2020\/\"}]}<\/script>\n<!-- \/ Yoast SEO plugin. -->","yoast_head_json":{"title":"Distinction : La marque Chocolat de Daloa prim\u00e9e \u00e0 Paris -","robots":{"index":"index","follow":"follow","max-snippet":"max-snippet:-1","max-image-preview":"max-image-preview:large","max-video-preview":"max-video-preview:-1"},"canonical":"https:\/\/7culture.ci\/index.php\/2022\/03\/08\/distinction-la-marque-chocolat-de-daloa-primee-a-paris\/","og_locale":"fr_FR","og_type":"article","og_title":"Distinction : La marque Chocolat de Daloa prim\u00e9e \u00e0 Paris -","og_description":"La C\u00f4te d\u2019Ivoire a remport\u00e9 une importante victoire au Salon de l\u2019Agriculture de Paris-Porte de Versailles.&nbsp; En effet, \u2018\u2019Le chocolat de Daloa\u2019\u2019 a triomph\u00e9 au Salon International de l&#8217;Agriculture, tenu du 26 f\u00e9vrier au 6 mars 2022. Le chocolat de la Cit\u00e9 des Antilopes a \u00e9t\u00e9 sp\u00e9cialement prim\u00e9 dans la \u2018\u2019S\u00e9lection des Agricultures du Monde\u2019\u2019 &hellip; Distinction : La marque Chocolat de Daloa prim\u00e9e \u00e0 Paris Lire la suite\u00a0\u00bb","og_url":"https:\/\/7culture.ci\/index.php\/2022\/03\/08\/distinction-la-marque-chocolat-de-daloa-primee-a-paris\/","og_site_name":"7culture","article_publisher":"https:\/\/www.facebook.com\/redchefclaude","article_published_time":"2022-03-08T14:24:55+00:00","article_modified_time":"2022-03-08T14:25:00+00:00","og_image":[{"width":1024,"height":768,"url":"http:\/\/7culture.ci\/wp-content\/uploads\/2022\/03\/IMG-20220306-WA0020.jpg","type":"image\/jpeg"}],"author":"7culture2020","twitter_card":"summary_large_image","twitter_creator":"@7culturec","twitter_site":"@7culturec","twitter_misc":{"\u00c9crit par":"7culture2020","Dur\u00e9e de lecture estim\u00e9e":"2 minutes"},"schema":{"@context":"https:\/\/schema.org","@graph":[{"@type":"Article","@id":"https:\/\/7culture.ci\/index.php\/2022\/03\/08\/distinction-la-marque-chocolat-de-daloa-primee-a-paris\/#article","isPartOf":{"@id":"https:\/\/7culture.ci\/index.php\/2022\/03\/08\/distinction-la-marque-chocolat-de-daloa-primee-a-paris\/"},"author":{"name":"7culture2020","@id":"https:\/\/7culture.ci\/#\/schema\/person\/16150d28d7ef66ba788c1f87f28c4426"},"headline":"Distinction : La marque Chocolat de Daloa prim\u00e9e \u00e0 Paris","datePublished":"2022-03-08T14:24:55+00:00","dateModified":"2022-03-08T14:25:00+00:00","mainEntityOfPage":{"@id":"https:\/\/7culture.ci\/index.php\/2022\/03\/08\/distinction-la-marque-chocolat-de-daloa-primee-a-paris\/"},"wordCount":249,"commentCount":0,"publisher":{"@id":"https:\/\/7culture.ci\/#organization"},"articleSection":["Actualit\u00e9"],"inLanguage":"fr-FR","potentialAction":[{"@type":"CommentAction","name":"Comment","target":["https:\/\/7culture.ci\/index.php\/2022\/03\/08\/distinction-la-marque-chocolat-de-daloa-primee-a-paris\/#respond"]}]},{"@type":"WebPage","@id":"https:\/\/7culture.ci\/index.php\/2022\/03\/08\/distinction-la-marque-chocolat-de-daloa-primee-a-paris\/","url":"https:\/\/7culture.ci\/index.php\/2022\/03\/08\/distinction-la-marque-chocolat-de-daloa-primee-a-paris\/","name":"Distinction : La marque Chocolat de Daloa prim\u00e9e \u00e0 Paris -","isPartOf":{"@id":"https:\/\/7culture.ci\/#website"},"datePublished":"2022-03-08T14:24:55+00:00","dateModified":"2022-03-08T14:25:00+00:00","breadcrumb":{"@id":"https:\/\/7culture.ci\/index.php\/2022\/03\/08\/distinction-la-marque-chocolat-de-daloa-primee-a-paris\/#breadcrumb"},"inLanguage":"fr-FR","potentialAction":[{"@type":"ReadAction","target":["https:\/\/7culture.ci\/index.php\/2022\/03\/08\/distinction-la-marque-chocolat-de-daloa-primee-a-paris\/"]}]},{"@type":"BreadcrumbList","@id":"https:\/\/7culture.ci\/index.php\/2022\/03\/08\/distinction-la-marque-chocolat-de-daloa-primee-a-paris\/#breadcrumb","itemListElement":[{"@type":"ListItem","position":1,"name":"Accueil","item":"https:\/\/7culture.ci\/"},{"@type":"ListItem","position":2,"name":"Distinction : La marque Chocolat de Daloa prim\u00e9e \u00e0 Paris"}]},{"@type":"WebSite","@id":"https:\/\/7culture.ci\/#website","url":"https:\/\/7culture.ci\/","name":"7culture","description":"Tout sur l&#039;actualit\u00e9","publisher":{"@id":"https:\/\/7culture.ci\/#organization"},"potentialAction":[{"@type":"SearchAction","target":{"@type":"EntryPoint","urlTemplate":"https:\/\/7culture.ci\/?s={search_term_string}"},"query-input":"required name=search_term_string"}],"inLanguage":"fr-FR"},{"@type":"Organization","@id":"https:\/\/7culture.ci\/#organization","name":"7culture","url":"https:\/\/7culture.ci\/","sameAs":["https:\/\/www.facebook.com\/redchefclaude","https:\/\/twitter.com\/7culturec"],"logo":{"@type":"ImageObject","inLanguage":"fr-FR","@id":"https:\/\/7culture.ci\/#\/schema\/logo\/image\/","url":"https:\/\/7culture.ci\/wp-content\/uploads\/2021\/12\/S1a-1.png","contentUrl":"https:\/\/7culture.ci\/wp-content\/uploads\/2021\/12\/S1a-1.png","width":588,"height":192,"caption":"7culture"},"image":{"@id":"https:\/\/7culture.ci\/#\/schema\/logo\/image\/"}},{"@type":"Person","@id":"https:\/\/7culture.ci\/#\/schema\/person\/16150d28d7ef66ba788c1f87f28c4426","name":"7culture2020","image":{"@type":"ImageObject","inLanguage":"fr-FR","@id":"https:\/\/7culture.ci\/#\/schema\/person\/image\/","url":"https:\/\/secure.gravatar.com\/avatar\/9a0784f951306c37bcd065f52844ef95?s=96&d=mm&r=g","contentUrl":"https:\/\/secure.gravatar.com\/avatar\/9a0784f951306c37bcd065f52844ef95?s=96&d=mm&r=g","caption":"7culture2020"},"sameAs":["http:\/\/7culture.ci","Claude.kipre"],"url":"https:\/\/7culture.ci\/index.php\/author\/7culture2020\/"}]}},"jetpack_featured_media_url":"https:\/\/7culture.ci\/wp-content\/uploads\/2022\/03\/IMG-20220306-WA0020.jpg","jetpack_likes_enabled":true,"jetpack_sharing_enabled":true,"_links":{"self":[{"href":"https:\/\/7culture.ci\/index.php\/wp-json\/wp\/v2\/posts\/20111"}],"collection":[{"href":"https:\/\/7culture.ci\/index.php\/wp-json\/wp\/v2\/posts"}],"about":[{"href":"https:\/\/7culture.ci\/index.php\/wp-json\/wp\/v2\/types\/post"}],"author":[{"embeddable":true,"href":"https:\/\/7culture.ci\/index.php\/wp-json\/wp\/v2\/users\/1"}],"replies":[{"embeddable":true,"href":"https:\/\/7culture.ci\/index.php\/wp-json\/wp\/v2\/comments?post=20111"}],"version-history":[{"count":0,"href":"https:\/\/7culture.ci\/index.php\/wp-json\/wp\/v2\/posts\/20111\/revisions"}],"wp:featuredmedia":[{"embeddable":true,"href":"https:\/\/7culture.ci\/index.php\/wp-json\/wp\/v2\/media\/20112"}],"wp:attachment":[{"href":"https:\/\/7culture.ci\/index.php\/wp-json\/wp\/v2\/media?parent=20111"}],"wp:term":[{"taxonomy":"category","embeddable":true,"href":"https:\/\/7culture.ci\/index.php\/wp-json\/wp\/v2\/categories?post=20111"},{"taxonomy":"post_tag","embeddable":true,"href":"https:\/\/7culture.ci\/index.php\/wp-json\/wp\/v2\/tags?post=20111"}],"curies":[{"name":"wp","href":"https:\/\/api.w.org\/{rel}","templated":true}]}}