{"id":20069,"date":"2022-03-03T20:12:42","date_gmt":"2022-03-03T19:12:42","guid":{"rendered":"https:\/\/7culture.ci\/?p=20069"},"modified":"2022-03-04T12:52:55","modified_gmt":"2022-03-04T11:52:55","slug":"kunde-voici-le-bilan-complet-20-ans-apres","status":"publish","type":"post","link":"https:\/\/7culture.ci\/index.php\/2022\/03\/03\/kunde-voici-le-bilan-complet-20-ans-apres\/","title":{"rendered":"Kund\u00e9 : Voici le bilan complet, 20 ans apr\u00e8s !"},"content":{"rendered":"\n<p>La c\u00e9r\u00e9monie des Kund\u00e9 2022 se tiendra le vendredi 25 novembre 2022. Les \u0153uvres en comp\u00e9tition \u00e0 cette 21<sup>e<\/sup> \u00e9dition devront \u00eatre sorties entre le 1<sup>er<\/sup> mars 2021 et le 30 septembre 2022. C\u2019est au cours d\u2019une conf\u00e9rence de presse exceptionnelle tenue le 28 f\u00e9vrier dernier \u00e0 l\u2019h\u00f4tel Lancaster Ouaga 2000 (ex La\u00efco Ouaga 200) que le commissariat a donn\u00e9 ses pr\u00e9cisions. A la diff\u00e9rence des rendez-vous classiques de l\u2019\u00e9quipe qui pilote la plus grande c\u00e9r\u00e9monie de distinction des chanteurs au Burkina Faso depuis une vingtaine d\u2019ann\u00e9es avec les journalistes, cette fois-ci, Jah Press, le Commissaire g\u00e9n\u00e9ral de l\u2019\u00e9v\u00e8nement et ses collaborateurs, ont fait un bilan exhaustif des Kund\u00e9, 20 ans apr\u00e8s.<\/p>\n\n\n\n<div class=\"wp-block-image\"><figure class=\"aligncenter size-large is-resized\"><img loading=\"lazy\" decoding=\"async\" src=\"https:\/\/7culture.ci\/wp-content\/uploads\/2022\/03\/IMG-20220303-WA0104-1024x683.jpg\" alt=\"\" class=\"wp-image-20071\" width=\"694\" height=\"463\" srcset=\"https:\/\/7culture.ci\/wp-content\/uploads\/2022\/03\/IMG-20220303-WA0104-1024x683.jpg 1024w, https:\/\/7culture.ci\/wp-content\/uploads\/2022\/03\/IMG-20220303-WA0104-300x200.jpg 300w, https:\/\/7culture.ci\/wp-content\/uploads\/2022\/03\/IMG-20220303-WA0104-768x512.jpg 768w, https:\/\/7culture.ci\/wp-content\/uploads\/2022\/03\/IMG-20220303-WA0104.jpg 1080w\" sizes=\"(max-width: 694px) 100vw, 694px\" \/><\/figure><\/div>\n\n\n\n<p>Entre 2001 et 2021, le comit\u00e9 de choix a re\u00e7u 5.156 \u0153uvres musicales, soit une moyenne annuelle de 245,52 \u0153uvres. Parmi celles-ci, ce sont au total 893 \u0153uvres d\u2019artistes f\u00e9minines, soit une moyenne de 42,52 \u0153uvres par an. Dans la m\u00eame p\u00e9riode, le jury a statu\u00e9 sur 178 albums et singles de musique traditionnelle, 1005 disques de musique religieuse et 2.404 clips.<\/p>\n\n\n\n<p>Le classement g\u00e9n\u00e9ral \u00e9tabli apr\u00e8s toutes ces compilations, r\u00e9v\u00e8le que le chanteur burkinab\u00e8 Floby est l&#8217;artiste qui a remport\u00e9 le plus grand nombre de troph\u00e9es avec 12 statuettes dor\u00e9es au compteur. Il est suivi de Bill Aka Kora, propri\u00e9taire de sept r\u00e9compenses. Le trio de t\u00eate est compl\u00e9t\u00e9 par Dicko Fils, laur\u00e9at cinq fois. Quintuple laur\u00e9ate, Habibou Sawadogo coiffe les chanteuses et se place devant la diva Amity M\u00e9ria et l\u2019\u00e9toile montante Hawa Boussim, ex\u00e6quo avec quatre troph\u00e9es. Dans la cat\u00e9gorie artiste traditionnelle, Zoug-nazagamda est le plus titr\u00e9 des Kund\u00e9 avec cinq nominations. Disloqu\u00e9 aujourd\u2019hui, Yeleen est rest\u00e9 quand m\u00eame le groupe musical ayant remport\u00e9 le plus grand nombre de troph\u00e9es avec 5 r\u00e9compenses. Cependant, la plus grande performance en une soir\u00e9e des Kund\u00e9 revient \u00e0 Hawa Boussim. L\u2019\u00e9toile montante de la musique burkinab\u00e8 avait d\u00e9croch\u00e9 4 reconnaissances aux Kund\u00e9 2018.<\/p>\n\n\n\n<figure class=\"wp-block-image size-full is-resized\"><img loading=\"lazy\" decoding=\"async\" src=\"https:\/\/7culture.ci\/wp-content\/uploads\/2022\/03\/flob2.jpg\" alt=\"\" class=\"wp-image-20072\" width=\"687\" height=\"417\" srcset=\"https:\/\/7culture.ci\/wp-content\/uploads\/2022\/03\/flob2.jpg 800w, https:\/\/7culture.ci\/wp-content\/uploads\/2022\/03\/flob2-300x182.jpg 300w, https:\/\/7culture.ci\/wp-content\/uploads\/2022\/03\/flob2-768x467.jpg 768w\" sizes=\"(max-width: 687px) 100vw, 687px\" \/><\/figure>\n\n\n\n<p>Dans le bilan complet de la c\u00e9r\u00e9monie des r\u00e9compenses de la musique au pays des Hommes int\u00e8gres, S\u0153ur Anne Marie Kabor\u00e9 et Simon Kologo partagent la premi\u00e8re place des musiques religieuse en r\u00e9coltant chacun, trois Kund\u00e9. Laur\u00e9at de 4 prix en 20 \u00e9ditions de cette comp\u00e9tition, B\u00e9renger Ou\u00e9draogo domine le podium des artistes burkinab\u00e8 de la diaspora dont le talent a \u00e9t\u00e9 salu\u00e9 \u00e0 l\u2019\u00e9v\u00e8nement bi-d\u00e9cennal. Quant aux artistes Rose Sabine et Barsa 1<sup>er<\/sup> le Dix, ils caracolent \u00e0 la t\u00eate des artistes vivant au Burkina Faso avec deux statuettes chacun.<\/p>\n\n\n\n<div class=\"wp-block-image\"><figure class=\"aligncenter size-full\"><img loading=\"lazy\" decoding=\"async\" width=\"700\" height=\"400\" src=\"https:\/\/7culture.ci\/wp-content\/uploads\/2022\/03\/magic-system1.jpg\" alt=\"\" class=\"wp-image-20073\" srcset=\"https:\/\/7culture.ci\/wp-content\/uploads\/2022\/03\/magic-system1.jpg 700w, https:\/\/7culture.ci\/wp-content\/uploads\/2022\/03\/magic-system1-300x171.jpg 300w\" sizes=\"(max-width: 700px) 100vw, 700px\" \/><\/figure><\/div>\n\n\n\n<p>Le bilan g\u00e9n\u00e9ral pendant les deux d\u00e9cennies des Kund\u00e9 indique que Magic System demeure le groupe \u00e9tranger qui a glan\u00e9 le plus grand nombre de troph\u00e9es. Les Gaou Boy\u2019z sont titulaires de 4 Kund\u00e9. Ce qui permet \u00e0 la bande \u00e0 A\u2019Salfo de dominer le classement sectoriel des artistes ivoiriens pendant les 20 ans de la c\u00e9r\u00e9monie. En dehors des prix d\u2019honneur et d\u2019hommage, 20 Kund\u00e9 ont \u00e9t\u00e9 rafl\u00e9s par des chanteurs du pays d\u2019Am\u00e9d\u00e9e Pierre. Apr\u00e8s Magic System, Meiway, le G\u00e9nie de Kpal\u00e8zo et l\u2019Avocate des femmes, Josey partagent la 2<sup>e<\/sup> place avec deux Kund\u00e9. Betika, Yod\u00e9 et Siro, Dj Arafat, S-Kelly et R\u00e9volution ont d\u00e9j\u00e0 remport\u00e9 un Kund\u00e9. A ces nominations, il faut ajouter les artistes ivoiriens vivant au Burkina Faso. Il s\u2019agit de Rose Sabine (2 Kund\u00e9), Barsa 1er (2 Kund\u00e9), Pata Pata Dj (1Kund\u00e9), Dj Jeff (1 Kund\u00e9) et Bibich S\u00e9r\u00e9nit\u00e9 (1Kund\u00e9).<\/p>\n\n\n\n<p>Par Omar AK<\/p>\n","protected":false},"excerpt":{"rendered":"<p>La c\u00e9r\u00e9monie des Kund\u00e9 2022 se tiendra le vendredi 25 novembre 2022. Les \u0153uvres en comp\u00e9tition \u00e0 cette 21e \u00e9dition devront \u00eatre sorties entre le 1er mars 2021 et le 30 septembre 2022. C\u2019est au cours d\u2019une conf\u00e9rence de presse exceptionnelle tenue le 28 f\u00e9vrier dernier \u00e0 l\u2019h\u00f4tel Lancaster Ouaga 2000 (ex La\u00efco Ouaga 200) &hellip;<\/p>\n<p class=\"read-more\"> <a class=\"\" href=\"https:\/\/7culture.ci\/index.php\/2022\/03\/03\/kunde-voici-le-bilan-complet-20-ans-apres\/\"> <span class=\"screen-reader-text\">Kund\u00e9 : Voici le bilan complet, 20 ans apr\u00e8s !<\/span> Lire la suite\u00a0\u00bb<\/a><\/p>\n","protected":false},"author":1,"featured_media":20070,"comment_status":"open","ping_status":"open","sticky":false,"template":"","format":"standard","meta":{"_mi_skip_tracking":false,"_monsterinsights_sitenote_active":false,"_monsterinsights_sitenote_note":"","_monsterinsights_sitenote_category":0,"site-sidebar-layout":"default","site-content-layout":"default","ast-global-header-display":"","ast-main-header-display":"","ast-hfb-above-header-display":"","ast-hfb-below-header-display":"","ast-hfb-mobile-header-display":"","site-post-title":"","ast-breadcrumbs-content":"","ast-featured-img":"","footer-sml-layout":"","theme-transparent-header-meta":"","adv-header-id-meta":"","stick-header-meta":"","header-above-stick-meta":"","header-main-stick-meta":"","header-below-stick-meta":"","footnotes":"","jetpack_publicize_message":"","jetpack_is_tweetstorm":false,"jetpack_publicize_feature_enabled":true},"categories":[16],"tags":[],"jetpack_publicize_connections":[],"acf":[],"aioseo_notices":[],"yoast_head":"<!-- This site is optimized with the Yoast SEO plugin v19.6.1 - https:\/\/yoast.com\/wordpress\/plugins\/seo\/ -->\n<title>Kund\u00e9 : Voici le bilan complet, 20 ans apr\u00e8s ! -<\/title>\n<meta name=\"robots\" content=\"index, follow, max-snippet:-1, max-image-preview:large, max-video-preview:-1\" \/>\n<link rel=\"canonical\" href=\"https:\/\/7culture.ci\/index.php\/2022\/03\/03\/kunde-voici-le-bilan-complet-20-ans-apres\/\" \/>\n<meta property=\"og:locale\" content=\"fr_FR\" \/>\n<meta property=\"og:type\" content=\"article\" \/>\n<meta property=\"og:title\" content=\"Kund\u00e9 : Voici le bilan complet, 20 ans apr\u00e8s ! -\" \/>\n<meta property=\"og:description\" content=\"La c\u00e9r\u00e9monie des Kund\u00e9 2022 se tiendra le vendredi 25 novembre 2022. Les \u0153uvres en comp\u00e9tition \u00e0 cette 21e \u00e9dition devront \u00eatre sorties entre le 1er mars 2021 et le 30 septembre 2022. C\u2019est au cours d\u2019une conf\u00e9rence de presse exceptionnelle tenue le 28 f\u00e9vrier dernier \u00e0 l\u2019h\u00f4tel Lancaster Ouaga 2000 (ex La\u00efco Ouaga 200) &hellip; Kund\u00e9 : Voici le bilan complet, 20 ans apr\u00e8s ! Lire la suite\u00a0\u00bb\" \/>\n<meta property=\"og:url\" content=\"https:\/\/7culture.ci\/index.php\/2022\/03\/03\/kunde-voici-le-bilan-complet-20-ans-apres\/\" \/>\n<meta property=\"og:site_name\" content=\"7culture\" \/>\n<meta property=\"article:publisher\" content=\"https:\/\/www.facebook.com\/redchefclaude\" \/>\n<meta property=\"article:published_time\" content=\"2022-03-03T19:12:42+00:00\" \/>\n<meta property=\"article:modified_time\" content=\"2022-03-04T11:52:55+00:00\" \/>\n<meta property=\"og:image\" content=\"http:\/\/7culture.ci\/wp-content\/uploads\/2022\/03\/IMG-20220303-WA0089.jpg\" \/>\n\t<meta property=\"og:image:width\" content=\"1080\" \/>\n\t<meta property=\"og:image:height\" content=\"720\" \/>\n\t<meta property=\"og:image:type\" content=\"image\/jpeg\" \/>\n<meta name=\"author\" content=\"7culture2020\" \/>\n<meta name=\"twitter:card\" content=\"summary_large_image\" \/>\n<meta name=\"twitter:creator\" content=\"@7culturec\" \/>\n<meta name=\"twitter:site\" content=\"@7culturec\" \/>\n<meta name=\"twitter:label1\" content=\"\u00c9crit par\" \/>\n\t<meta name=\"twitter:data1\" content=\"7culture2020\" \/>\n\t<meta name=\"twitter:label2\" content=\"Dur\u00e9e de lecture estim\u00e9e\" \/>\n\t<meta name=\"twitter:data2\" content=\"4 minutes\" \/>\n<script type=\"application\/ld+json\" class=\"yoast-schema-graph\">{\"@context\":\"https:\/\/schema.org\",\"@graph\":[{\"@type\":\"Article\",\"@id\":\"https:\/\/7culture.ci\/index.php\/2022\/03\/03\/kunde-voici-le-bilan-complet-20-ans-apres\/#article\",\"isPartOf\":{\"@id\":\"https:\/\/7culture.ci\/index.php\/2022\/03\/03\/kunde-voici-le-bilan-complet-20-ans-apres\/\"},\"author\":{\"name\":\"7culture2020\",\"@id\":\"https:\/\/7culture.ci\/#\/schema\/person\/16150d28d7ef66ba788c1f87f28c4426\"},\"headline\":\"Kund\u00e9 : Voici le bilan complet, 20 ans apr\u00e8s !\",\"datePublished\":\"2022-03-03T19:12:42+00:00\",\"dateModified\":\"2022-03-04T11:52:55+00:00\",\"mainEntityOfPage\":{\"@id\":\"https:\/\/7culture.ci\/index.php\/2022\/03\/03\/kunde-voici-le-bilan-complet-20-ans-apres\/\"},\"wordCount\":615,\"commentCount\":0,\"publisher\":{\"@id\":\"https:\/\/7culture.ci\/#organization\"},\"articleSection\":[\"Musique\"],\"inLanguage\":\"fr-FR\",\"potentialAction\":[{\"@type\":\"CommentAction\",\"name\":\"Comment\",\"target\":[\"https:\/\/7culture.ci\/index.php\/2022\/03\/03\/kunde-voici-le-bilan-complet-20-ans-apres\/#respond\"]}]},{\"@type\":\"WebPage\",\"@id\":\"https:\/\/7culture.ci\/index.php\/2022\/03\/03\/kunde-voici-le-bilan-complet-20-ans-apres\/\",\"url\":\"https:\/\/7culture.ci\/index.php\/2022\/03\/03\/kunde-voici-le-bilan-complet-20-ans-apres\/\",\"name\":\"Kund\u00e9 : Voici le bilan complet, 20 ans apr\u00e8s ! -\",\"isPartOf\":{\"@id\":\"https:\/\/7culture.ci\/#website\"},\"datePublished\":\"2022-03-03T19:12:42+00:00\",\"dateModified\":\"2022-03-04T11:52:55+00:00\",\"breadcrumb\":{\"@id\":\"https:\/\/7culture.ci\/index.php\/2022\/03\/03\/kunde-voici-le-bilan-complet-20-ans-apres\/#breadcrumb\"},\"inLanguage\":\"fr-FR\",\"potentialAction\":[{\"@type\":\"ReadAction\",\"target\":[\"https:\/\/7culture.ci\/index.php\/2022\/03\/03\/kunde-voici-le-bilan-complet-20-ans-apres\/\"]}]},{\"@type\":\"BreadcrumbList\",\"@id\":\"https:\/\/7culture.ci\/index.php\/2022\/03\/03\/kunde-voici-le-bilan-complet-20-ans-apres\/#breadcrumb\",\"itemListElement\":[{\"@type\":\"ListItem\",\"position\":1,\"name\":\"Accueil\",\"item\":\"https:\/\/7culture.ci\/\"},{\"@type\":\"ListItem\",\"position\":2,\"name\":\"Kund\u00e9 : Voici le bilan complet, 20 ans apr\u00e8s !\"}]},{\"@type\":\"WebSite\",\"@id\":\"https:\/\/7culture.ci\/#website\",\"url\":\"https:\/\/7culture.ci\/\",\"name\":\"7culture\",\"description\":\"Tout sur l&#039;actualit\u00e9\",\"publisher\":{\"@id\":\"https:\/\/7culture.ci\/#organization\"},\"potentialAction\":[{\"@type\":\"SearchAction\",\"target\":{\"@type\":\"EntryPoint\",\"urlTemplate\":\"https:\/\/7culture.ci\/?s={search_term_string}\"},\"query-input\":\"required name=search_term_string\"}],\"inLanguage\":\"fr-FR\"},{\"@type\":\"Organization\",\"@id\":\"https:\/\/7culture.ci\/#organization\",\"name\":\"7culture\",\"url\":\"https:\/\/7culture.ci\/\",\"sameAs\":[\"https:\/\/www.facebook.com\/redchefclaude\",\"https:\/\/twitter.com\/7culturec\"],\"logo\":{\"@type\":\"ImageObject\",\"inLanguage\":\"fr-FR\",\"@id\":\"https:\/\/7culture.ci\/#\/schema\/logo\/image\/\",\"url\":\"https:\/\/7culture.ci\/wp-content\/uploads\/2021\/12\/S1a-1.png\",\"contentUrl\":\"https:\/\/7culture.ci\/wp-content\/uploads\/2021\/12\/S1a-1.png\",\"width\":588,\"height\":192,\"caption\":\"7culture\"},\"image\":{\"@id\":\"https:\/\/7culture.ci\/#\/schema\/logo\/image\/\"}},{\"@type\":\"Person\",\"@id\":\"https:\/\/7culture.ci\/#\/schema\/person\/16150d28d7ef66ba788c1f87f28c4426\",\"name\":\"7culture2020\",\"image\":{\"@type\":\"ImageObject\",\"inLanguage\":\"fr-FR\",\"@id\":\"https:\/\/7culture.ci\/#\/schema\/person\/image\/\",\"url\":\"https:\/\/secure.gravatar.com\/avatar\/9a0784f951306c37bcd065f52844ef95?s=96&d=mm&r=g\",\"contentUrl\":\"https:\/\/secure.gravatar.com\/avatar\/9a0784f951306c37bcd065f52844ef95?s=96&d=mm&r=g\",\"caption\":\"7culture2020\"},\"sameAs\":[\"http:\/\/7culture.ci\",\"Claude.kipre\"],\"url\":\"https:\/\/7culture.ci\/index.php\/author\/7culture2020\/\"}]}<\/script>\n<!-- \/ Yoast SEO plugin. -->","yoast_head_json":{"title":"Kund\u00e9 : Voici le bilan complet, 20 ans apr\u00e8s ! -","robots":{"index":"index","follow":"follow","max-snippet":"max-snippet:-1","max-image-preview":"max-image-preview:large","max-video-preview":"max-video-preview:-1"},"canonical":"https:\/\/7culture.ci\/index.php\/2022\/03\/03\/kunde-voici-le-bilan-complet-20-ans-apres\/","og_locale":"fr_FR","og_type":"article","og_title":"Kund\u00e9 : Voici le bilan complet, 20 ans apr\u00e8s ! -","og_description":"La c\u00e9r\u00e9monie des Kund\u00e9 2022 se tiendra le vendredi 25 novembre 2022. Les \u0153uvres en comp\u00e9tition \u00e0 cette 21e \u00e9dition devront \u00eatre sorties entre le 1er mars 2021 et le 30 septembre 2022. C\u2019est au cours d\u2019une conf\u00e9rence de presse exceptionnelle tenue le 28 f\u00e9vrier dernier \u00e0 l\u2019h\u00f4tel Lancaster Ouaga 2000 (ex La\u00efco Ouaga 200) &hellip; Kund\u00e9 : Voici le bilan complet, 20 ans apr\u00e8s ! Lire la suite\u00a0\u00bb","og_url":"https:\/\/7culture.ci\/index.php\/2022\/03\/03\/kunde-voici-le-bilan-complet-20-ans-apres\/","og_site_name":"7culture","article_publisher":"https:\/\/www.facebook.com\/redchefclaude","article_published_time":"2022-03-03T19:12:42+00:00","article_modified_time":"2022-03-04T11:52:55+00:00","og_image":[{"width":1080,"height":720,"url":"http:\/\/7culture.ci\/wp-content\/uploads\/2022\/03\/IMG-20220303-WA0089.jpg","type":"image\/jpeg"}],"author":"7culture2020","twitter_card":"summary_large_image","twitter_creator":"@7culturec","twitter_site":"@7culturec","twitter_misc":{"\u00c9crit par":"7culture2020","Dur\u00e9e de lecture estim\u00e9e":"4 minutes"},"schema":{"@context":"https:\/\/schema.org","@graph":[{"@type":"Article","@id":"https:\/\/7culture.ci\/index.php\/2022\/03\/03\/kunde-voici-le-bilan-complet-20-ans-apres\/#article","isPartOf":{"@id":"https:\/\/7culture.ci\/index.php\/2022\/03\/03\/kunde-voici-le-bilan-complet-20-ans-apres\/"},"author":{"name":"7culture2020","@id":"https:\/\/7culture.ci\/#\/schema\/person\/16150d28d7ef66ba788c1f87f28c4426"},"headline":"Kund\u00e9 : Voici le bilan complet, 20 ans apr\u00e8s !","datePublished":"2022-03-03T19:12:42+00:00","dateModified":"2022-03-04T11:52:55+00:00","mainEntityOfPage":{"@id":"https:\/\/7culture.ci\/index.php\/2022\/03\/03\/kunde-voici-le-bilan-complet-20-ans-apres\/"},"wordCount":615,"commentCount":0,"publisher":{"@id":"https:\/\/7culture.ci\/#organization"},"articleSection":["Musique"],"inLanguage":"fr-FR","potentialAction":[{"@type":"CommentAction","name":"Comment","target":["https:\/\/7culture.ci\/index.php\/2022\/03\/03\/kunde-voici-le-bilan-complet-20-ans-apres\/#respond"]}]},{"@type":"WebPage","@id":"https:\/\/7culture.ci\/index.php\/2022\/03\/03\/kunde-voici-le-bilan-complet-20-ans-apres\/","url":"https:\/\/7culture.ci\/index.php\/2022\/03\/03\/kunde-voici-le-bilan-complet-20-ans-apres\/","name":"Kund\u00e9 : Voici le bilan complet, 20 ans apr\u00e8s ! -","isPartOf":{"@id":"https:\/\/7culture.ci\/#website"},"datePublished":"2022-03-03T19:12:42+00:00","dateModified":"2022-03-04T11:52:55+00:00","breadcrumb":{"@id":"https:\/\/7culture.ci\/index.php\/2022\/03\/03\/kunde-voici-le-bilan-complet-20-ans-apres\/#breadcrumb"},"inLanguage":"fr-FR","potentialAction":[{"@type":"ReadAction","target":["https:\/\/7culture.ci\/index.php\/2022\/03\/03\/kunde-voici-le-bilan-complet-20-ans-apres\/"]}]},{"@type":"BreadcrumbList","@id":"https:\/\/7culture.ci\/index.php\/2022\/03\/03\/kunde-voici-le-bilan-complet-20-ans-apres\/#breadcrumb","itemListElement":[{"@type":"ListItem","position":1,"name":"Accueil","item":"https:\/\/7culture.ci\/"},{"@type":"ListItem","position":2,"name":"Kund\u00e9 : Voici le bilan complet, 20 ans apr\u00e8s !"}]},{"@type":"WebSite","@id":"https:\/\/7culture.ci\/#website","url":"https:\/\/7culture.ci\/","name":"7culture","description":"Tout sur l&#039;actualit\u00e9","publisher":{"@id":"https:\/\/7culture.ci\/#organization"},"potentialAction":[{"@type":"SearchAction","target":{"@type":"EntryPoint","urlTemplate":"https:\/\/7culture.ci\/?s={search_term_string}"},"query-input":"required name=search_term_string"}],"inLanguage":"fr-FR"},{"@type":"Organization","@id":"https:\/\/7culture.ci\/#organization","name":"7culture","url":"https:\/\/7culture.ci\/","sameAs":["https:\/\/www.facebook.com\/redchefclaude","https:\/\/twitter.com\/7culturec"],"logo":{"@type":"ImageObject","inLanguage":"fr-FR","@id":"https:\/\/7culture.ci\/#\/schema\/logo\/image\/","url":"https:\/\/7culture.ci\/wp-content\/uploads\/2021\/12\/S1a-1.png","contentUrl":"https:\/\/7culture.ci\/wp-content\/uploads\/2021\/12\/S1a-1.png","width":588,"height":192,"caption":"7culture"},"image":{"@id":"https:\/\/7culture.ci\/#\/schema\/logo\/image\/"}},{"@type":"Person","@id":"https:\/\/7culture.ci\/#\/schema\/person\/16150d28d7ef66ba788c1f87f28c4426","name":"7culture2020","image":{"@type":"ImageObject","inLanguage":"fr-FR","@id":"https:\/\/7culture.ci\/#\/schema\/person\/image\/","url":"https:\/\/secure.gravatar.com\/avatar\/9a0784f951306c37bcd065f52844ef95?s=96&d=mm&r=g","contentUrl":"https:\/\/secure.gravatar.com\/avatar\/9a0784f951306c37bcd065f52844ef95?s=96&d=mm&r=g","caption":"7culture2020"},"sameAs":["http:\/\/7culture.ci","Claude.kipre"],"url":"https:\/\/7culture.ci\/index.php\/author\/7culture2020\/"}]}},"jetpack_featured_media_url":"https:\/\/7culture.ci\/wp-content\/uploads\/2022\/03\/IMG-20220303-WA0089.jpg","jetpack_likes_enabled":true,"jetpack_sharing_enabled":true,"_links":{"self":[{"href":"https:\/\/7culture.ci\/index.php\/wp-json\/wp\/v2\/posts\/20069"}],"collection":[{"href":"https:\/\/7culture.ci\/index.php\/wp-json\/wp\/v2\/posts"}],"about":[{"href":"https:\/\/7culture.ci\/index.php\/wp-json\/wp\/v2\/types\/post"}],"author":[{"embeddable":true,"href":"https:\/\/7culture.ci\/index.php\/wp-json\/wp\/v2\/users\/1"}],"replies":[{"embeddable":true,"href":"https:\/\/7culture.ci\/index.php\/wp-json\/wp\/v2\/comments?post=20069"}],"version-history":[{"count":0,"href":"https:\/\/7culture.ci\/index.php\/wp-json\/wp\/v2\/posts\/20069\/revisions"}],"wp:featuredmedia":[{"embeddable":true,"href":"https:\/\/7culture.ci\/index.php\/wp-json\/wp\/v2\/media\/20070"}],"wp:attachment":[{"href":"https:\/\/7culture.ci\/index.php\/wp-json\/wp\/v2\/media?parent=20069"}],"wp:term":[{"taxonomy":"category","embeddable":true,"href":"https:\/\/7culture.ci\/index.php\/wp-json\/wp\/v2\/categories?post=20069"},{"taxonomy":"post_tag","embeddable":true,"href":"https:\/\/7culture.ci\/index.php\/wp-json\/wp\/v2\/tags?post=20069"}],"curies":[{"name":"wp","href":"https:\/\/api.w.org\/{rel}","templated":true}]}}