{"id":20044,"date":"2022-03-02T18:48:15","date_gmt":"2022-03-02T17:48:15","guid":{"rendered":"https:\/\/7culture.ci\/?p=20044"},"modified":"2022-03-02T18:48:19","modified_gmt":"2022-03-02T17:48:19","slug":"tele-jean-pierre-pernaut-ex-star-du-13h-de-tf1-est-decede","status":"publish","type":"post","link":"https:\/\/7culture.ci\/index.php\/2022\/03\/02\/tele-jean-pierre-pernaut-ex-star-du-13h-de-tf1-est-decede\/","title":{"rendered":"T\u00c9L\u00c9 : Jean-Pierre Pernaut, ex-star du 13H de TF1, est d\u00e9c\u00e9d\u00e9 !"},"content":{"rendered":"\n<p><strong><em>L&#8217;ex-pr\u00e9sentateur du JT de TF1, 33 ans de 13 heures, est d\u00e9c\u00e9d\u00e9e mercredi apr\u00e8s-midi, a annonc\u00e9 sa famille \u00e0 l&#8217;AFP. Il allait f\u00eater ses 72 ans en avril.<\/em><\/strong><\/p>\n\n\n\n<p>Jean-Pierre Pernaut, ex-pr\u00e9sentateur star du 13H de TF1, est d\u00e9c\u00e9d\u00e9 \u00e0 l&#8217;\u00e2ge de 71 ans, a annonc\u00e9 mercredi \u00e0 l&#8217;AFP l&#8217;agent de son \u00e9pouse Nathalie Marquay-Pernaut.<\/p>\n\n\n\n<p>\u00ab&nbsp;<strong><em>Le p\u00e8re de Tom, Lou, Olivier et Julien est d\u00e9c\u00e9d\u00e9 des suites de son cancer du poumon<\/em><\/strong>&nbsp;<strong><em>mercredi apr\u00e8s-midi&nbsp;\u00bb<\/em><\/strong>, a-t-elle d\u00e9clar\u00e9, quelques minutes avant que TF1 ne confirme la disparition du journaliste.<\/p>\n\n\n\n<p><strong>&#8220;La t\u00e9l\u00e9vision perd un de ses plus grands journalistes, TF1 un membre de sa famille&#8221;<\/strong><\/p>\n\n\n\n<div class=\"wp-block-image\"><figure class=\"aligncenter size-full is-resized\"><img loading=\"lazy\" decoding=\"async\" src=\"https:\/\/7culture.ci\/wp-content\/uploads\/2022\/03\/JPP2.jpg\" alt=\"\" class=\"wp-image-20046\" width=\"664\" height=\"415\" srcset=\"https:\/\/7culture.ci\/wp-content\/uploads\/2022\/03\/JPP2.jpg 932w, https:\/\/7culture.ci\/wp-content\/uploads\/2022\/03\/JPP2-300x187.jpg 300w, https:\/\/7culture.ci\/wp-content\/uploads\/2022\/03\/JPP2-768x480.jpg 768w\" sizes=\"(max-width: 664px) 100vw, 664px\" \/><\/figure><\/div>\n\n\n\n<p>Pendant 33 ans, Jean-Pierre Pernaut s&#8217;\u00e9tait impos\u00e9 comme le roi de l&#8217;info de la mi-journ\u00e9e, avec une formule ax\u00e9e sur la proximit\u00e9, souvent critiqu\u00e9e mais toujours tr\u00e8s populaire. Il s&#8217;\u00e9tait retir\u00e9 du JT, le 18 d\u00e9cembre 2020, alors qu&#8217;il \u00e9tait au plus haut de ses audiences et de sa popularit\u00e9. \u00ab\u00a0<strong><em>C\u2019est avec une immense douleur que nous avons appris la disparition de Jean-Pierre Pernaut<\/em><\/strong>\u00a0\u00bb, \u00e9crit TF1 dans son communiqu\u00e9. Le PDG de la cha\u00eene, \u00ab\u00a0<strong><em>Gilles P\u00e9lisson, Thierry Thuillier (Directeur G\u00e9n\u00e9ral Adjoint Information, ndlr), les r\u00e9dactions de TF1, de LCI et toutes les \u00e9quipes du Groupe TF1 partagent la peine et le chagrin de sa famille et de ses proches<\/em><\/strong>\u00a0\u00bb, poursuit la cha\u00eene. Et d&#8217;ajouter: la suite<a href=\"https:\/\/www.parismatch.com\/Culture\/Medias\/Jean-Pierre-Pernaut-ex-star-du-13H-de-TF1-est-decede-1791776\"> <strong>ICI<\/strong><\/a><strong>.<\/strong><\/p>\n","protected":false},"excerpt":{"rendered":"<p>L&#8217;ex-pr\u00e9sentateur du JT de TF1, 33 ans de 13 heures, est d\u00e9c\u00e9d\u00e9e mercredi apr\u00e8s-midi, a annonc\u00e9 sa famille \u00e0 l&#8217;AFP. Il allait f\u00eater ses 72 ans en avril. Jean-Pierre Pernaut, ex-pr\u00e9sentateur star du 13H de TF1, est d\u00e9c\u00e9d\u00e9 \u00e0 l&#8217;\u00e2ge de 71 ans, a annonc\u00e9 mercredi \u00e0 l&#8217;AFP l&#8217;agent de son \u00e9pouse Nathalie Marquay-Pernaut. \u00ab&nbsp;Le &hellip;<\/p>\n<p class=\"read-more\"> <a class=\"\" href=\"https:\/\/7culture.ci\/index.php\/2022\/03\/02\/tele-jean-pierre-pernaut-ex-star-du-13h-de-tf1-est-decede\/\"> <span class=\"screen-reader-text\">T\u00c9L\u00c9 : Jean-Pierre Pernaut, ex-star du 13H de TF1, est d\u00e9c\u00e9d\u00e9 !<\/span> Lire la suite\u00a0\u00bb<\/a><\/p>\n","protected":false},"author":1,"featured_media":20045,"comment_status":"open","ping_status":"open","sticky":false,"template":"","format":"standard","meta":{"_mi_skip_tracking":false,"_monsterinsights_sitenote_active":false,"_monsterinsights_sitenote_note":"","_monsterinsights_sitenote_category":0,"site-sidebar-layout":"default","site-content-layout":"default","ast-global-header-display":"","ast-main-header-display":"","ast-hfb-above-header-display":"","ast-hfb-below-header-display":"","ast-hfb-mobile-header-display":"","site-post-title":"","ast-breadcrumbs-content":"","ast-featured-img":"","footer-sml-layout":"","theme-transparent-header-meta":"","adv-header-id-meta":"","stick-header-meta":"","header-above-stick-meta":"","header-main-stick-meta":"","header-below-stick-meta":"","footnotes":"","jetpack_publicize_message":"","jetpack_is_tweetstorm":false,"jetpack_publicize_feature_enabled":true},"categories":[22],"tags":[],"jetpack_publicize_connections":[],"acf":[],"aioseo_notices":[],"yoast_head":"<!-- This site is optimized with the Yoast SEO plugin v19.6.1 - https:\/\/yoast.com\/wordpress\/plugins\/seo\/ -->\n<title>T\u00c9L\u00c9 : Jean-Pierre Pernaut, ex-star du 13H de TF1, est d\u00e9c\u00e9d\u00e9 ! - 7culture<\/title>\n<meta name=\"robots\" content=\"index, follow, max-snippet:-1, max-image-preview:large, max-video-preview:-1\" \/>\n<link rel=\"canonical\" href=\"https:\/\/7culture.ci\/index.php\/2022\/03\/02\/tele-jean-pierre-pernaut-ex-star-du-13h-de-tf1-est-decede\/\" \/>\n<meta property=\"og:locale\" content=\"fr_FR\" \/>\n<meta property=\"og:type\" content=\"article\" \/>\n<meta property=\"og:title\" content=\"T\u00c9L\u00c9 : Jean-Pierre Pernaut, ex-star du 13H de TF1, est d\u00e9c\u00e9d\u00e9 ! - 7culture\" \/>\n<meta property=\"og:description\" content=\"L&#8217;ex-pr\u00e9sentateur du JT de TF1, 33 ans de 13 heures, est d\u00e9c\u00e9d\u00e9e mercredi apr\u00e8s-midi, a annonc\u00e9 sa famille \u00e0 l&#8217;AFP. Il allait f\u00eater ses 72 ans en avril. Jean-Pierre Pernaut, ex-pr\u00e9sentateur star du 13H de TF1, est d\u00e9c\u00e9d\u00e9 \u00e0 l&#8217;\u00e2ge de 71 ans, a annonc\u00e9 mercredi \u00e0 l&#8217;AFP l&#8217;agent de son \u00e9pouse Nathalie Marquay-Pernaut. \u00ab&nbsp;Le &hellip; T\u00c9L\u00c9 : Jean-Pierre Pernaut, ex-star du 13H de TF1, est d\u00e9c\u00e9d\u00e9 ! Lire la suite\u00a0\u00bb\" \/>\n<meta property=\"og:url\" content=\"https:\/\/7culture.ci\/index.php\/2022\/03\/02\/tele-jean-pierre-pernaut-ex-star-du-13h-de-tf1-est-decede\/\" \/>\n<meta property=\"og:site_name\" content=\"7culture\" \/>\n<meta property=\"article:publisher\" content=\"https:\/\/www.facebook.com\/redchefclaude\" \/>\n<meta property=\"article:published_time\" content=\"2022-03-02T17:48:15+00:00\" \/>\n<meta property=\"article:modified_time\" content=\"2022-03-02T17:48:19+00:00\" \/>\n<meta property=\"og:image\" content=\"http:\/\/7culture.ci\/wp-content\/uploads\/2022\/03\/JPP1.jpg\" \/>\n\t<meta property=\"og:image:width\" content=\"828\" \/>\n\t<meta property=\"og:image:height\" content=\"828\" \/>\n\t<meta property=\"og:image:type\" content=\"image\/jpeg\" \/>\n<meta name=\"author\" content=\"7culture2020\" \/>\n<meta name=\"twitter:card\" content=\"summary_large_image\" \/>\n<meta name=\"twitter:creator\" content=\"@7culturec\" \/>\n<meta name=\"twitter:site\" content=\"@7culturec\" \/>\n<meta name=\"twitter:label1\" content=\"\u00c9crit par\" \/>\n\t<meta name=\"twitter:data1\" content=\"7culture2020\" \/>\n\t<meta name=\"twitter:label2\" content=\"Dur\u00e9e de lecture estim\u00e9e\" \/>\n\t<meta name=\"twitter:data2\" content=\"2 minutes\" \/>\n<script type=\"application\/ld+json\" class=\"yoast-schema-graph\">{\"@context\":\"https:\/\/schema.org\",\"@graph\":[{\"@type\":\"Article\",\"@id\":\"https:\/\/7culture.ci\/index.php\/2022\/03\/02\/tele-jean-pierre-pernaut-ex-star-du-13h-de-tf1-est-decede\/#article\",\"isPartOf\":{\"@id\":\"https:\/\/7culture.ci\/index.php\/2022\/03\/02\/tele-jean-pierre-pernaut-ex-star-du-13h-de-tf1-est-decede\/\"},\"author\":{\"name\":\"7culture2020\",\"@id\":\"https:\/\/7culture.ci\/#\/schema\/person\/16150d28d7ef66ba788c1f87f28c4426\"},\"headline\":\"T\u00c9L\u00c9 : Jean-Pierre Pernaut, ex-star du 13H de TF1, est d\u00e9c\u00e9d\u00e9 !\",\"datePublished\":\"2022-03-02T17:48:15+00:00\",\"dateModified\":\"2022-03-02T17:48:19+00:00\",\"mainEntityOfPage\":{\"@id\":\"https:\/\/7culture.ci\/index.php\/2022\/03\/02\/tele-jean-pierre-pernaut-ex-star-du-13h-de-tf1-est-decede\/\"},\"wordCount\":255,\"commentCount\":0,\"publisher\":{\"@id\":\"https:\/\/7culture.ci\/#organization\"},\"articleSection\":[\"Actualit\u00e9\"],\"inLanguage\":\"fr-FR\",\"potentialAction\":[{\"@type\":\"CommentAction\",\"name\":\"Comment\",\"target\":[\"https:\/\/7culture.ci\/index.php\/2022\/03\/02\/tele-jean-pierre-pernaut-ex-star-du-13h-de-tf1-est-decede\/#respond\"]}]},{\"@type\":\"WebPage\",\"@id\":\"https:\/\/7culture.ci\/index.php\/2022\/03\/02\/tele-jean-pierre-pernaut-ex-star-du-13h-de-tf1-est-decede\/\",\"url\":\"https:\/\/7culture.ci\/index.php\/2022\/03\/02\/tele-jean-pierre-pernaut-ex-star-du-13h-de-tf1-est-decede\/\",\"name\":\"T\u00c9L\u00c9 : Jean-Pierre Pernaut, ex-star du 13H de TF1, est d\u00e9c\u00e9d\u00e9 ! - 7culture\",\"isPartOf\":{\"@id\":\"https:\/\/7culture.ci\/#website\"},\"datePublished\":\"2022-03-02T17:48:15+00:00\",\"dateModified\":\"2022-03-02T17:48:19+00:00\",\"breadcrumb\":{\"@id\":\"https:\/\/7culture.ci\/index.php\/2022\/03\/02\/tele-jean-pierre-pernaut-ex-star-du-13h-de-tf1-est-decede\/#breadcrumb\"},\"inLanguage\":\"fr-FR\",\"potentialAction\":[{\"@type\":\"ReadAction\",\"target\":[\"https:\/\/7culture.ci\/index.php\/2022\/03\/02\/tele-jean-pierre-pernaut-ex-star-du-13h-de-tf1-est-decede\/\"]}]},{\"@type\":\"BreadcrumbList\",\"@id\":\"https:\/\/7culture.ci\/index.php\/2022\/03\/02\/tele-jean-pierre-pernaut-ex-star-du-13h-de-tf1-est-decede\/#breadcrumb\",\"itemListElement\":[{\"@type\":\"ListItem\",\"position\":1,\"name\":\"Accueil\",\"item\":\"https:\/\/7culture.ci\/\"},{\"@type\":\"ListItem\",\"position\":2,\"name\":\"T\u00c9L\u00c9 : Jean-Pierre Pernaut, ex-star du 13H de TF1, est d\u00e9c\u00e9d\u00e9 !\"}]},{\"@type\":\"WebSite\",\"@id\":\"https:\/\/7culture.ci\/#website\",\"url\":\"https:\/\/7culture.ci\/\",\"name\":\"7culture\",\"description\":\"Tout sur l&#039;actualit\u00e9\",\"publisher\":{\"@id\":\"https:\/\/7culture.ci\/#organization\"},\"potentialAction\":[{\"@type\":\"SearchAction\",\"target\":{\"@type\":\"EntryPoint\",\"urlTemplate\":\"https:\/\/7culture.ci\/?s={search_term_string}\"},\"query-input\":\"required name=search_term_string\"}],\"inLanguage\":\"fr-FR\"},{\"@type\":\"Organization\",\"@id\":\"https:\/\/7culture.ci\/#organization\",\"name\":\"7culture\",\"url\":\"https:\/\/7culture.ci\/\",\"sameAs\":[\"https:\/\/www.facebook.com\/redchefclaude\",\"https:\/\/twitter.com\/7culturec\"],\"logo\":{\"@type\":\"ImageObject\",\"inLanguage\":\"fr-FR\",\"@id\":\"https:\/\/7culture.ci\/#\/schema\/logo\/image\/\",\"url\":\"https:\/\/7culture.ci\/wp-content\/uploads\/2021\/12\/S1a-1.png\",\"contentUrl\":\"https:\/\/7culture.ci\/wp-content\/uploads\/2021\/12\/S1a-1.png\",\"width\":588,\"height\":192,\"caption\":\"7culture\"},\"image\":{\"@id\":\"https:\/\/7culture.ci\/#\/schema\/logo\/image\/\"}},{\"@type\":\"Person\",\"@id\":\"https:\/\/7culture.ci\/#\/schema\/person\/16150d28d7ef66ba788c1f87f28c4426\",\"name\":\"7culture2020\",\"image\":{\"@type\":\"ImageObject\",\"inLanguage\":\"fr-FR\",\"@id\":\"https:\/\/7culture.ci\/#\/schema\/person\/image\/\",\"url\":\"https:\/\/secure.gravatar.com\/avatar\/9a0784f951306c37bcd065f52844ef95?s=96&d=mm&r=g\",\"contentUrl\":\"https:\/\/secure.gravatar.com\/avatar\/9a0784f951306c37bcd065f52844ef95?s=96&d=mm&r=g\",\"caption\":\"7culture2020\"},\"sameAs\":[\"http:\/\/7culture.ci\",\"Claude.kipre\"],\"url\":\"https:\/\/7culture.ci\/index.php\/author\/7culture2020\/\"}]}<\/script>\n<!-- \/ Yoast SEO plugin. -->","yoast_head_json":{"title":"T\u00c9L\u00c9 : Jean-Pierre Pernaut, ex-star du 13H de TF1, est d\u00e9c\u00e9d\u00e9 ! - 7culture","robots":{"index":"index","follow":"follow","max-snippet":"max-snippet:-1","max-image-preview":"max-image-preview:large","max-video-preview":"max-video-preview:-1"},"canonical":"https:\/\/7culture.ci\/index.php\/2022\/03\/02\/tele-jean-pierre-pernaut-ex-star-du-13h-de-tf1-est-decede\/","og_locale":"fr_FR","og_type":"article","og_title":"T\u00c9L\u00c9 : Jean-Pierre Pernaut, ex-star du 13H de TF1, est d\u00e9c\u00e9d\u00e9 ! - 7culture","og_description":"L&#8217;ex-pr\u00e9sentateur du JT de TF1, 33 ans de 13 heures, est d\u00e9c\u00e9d\u00e9e mercredi apr\u00e8s-midi, a annonc\u00e9 sa famille \u00e0 l&#8217;AFP. Il allait f\u00eater ses 72 ans en avril. Jean-Pierre Pernaut, ex-pr\u00e9sentateur star du 13H de TF1, est d\u00e9c\u00e9d\u00e9 \u00e0 l&#8217;\u00e2ge de 71 ans, a annonc\u00e9 mercredi \u00e0 l&#8217;AFP l&#8217;agent de son \u00e9pouse Nathalie Marquay-Pernaut. \u00ab&nbsp;Le &hellip; T\u00c9L\u00c9 : Jean-Pierre Pernaut, ex-star du 13H de TF1, est d\u00e9c\u00e9d\u00e9 ! Lire la suite\u00a0\u00bb","og_url":"https:\/\/7culture.ci\/index.php\/2022\/03\/02\/tele-jean-pierre-pernaut-ex-star-du-13h-de-tf1-est-decede\/","og_site_name":"7culture","article_publisher":"https:\/\/www.facebook.com\/redchefclaude","article_published_time":"2022-03-02T17:48:15+00:00","article_modified_time":"2022-03-02T17:48:19+00:00","og_image":[{"width":828,"height":828,"url":"http:\/\/7culture.ci\/wp-content\/uploads\/2022\/03\/JPP1.jpg","type":"image\/jpeg"}],"author":"7culture2020","twitter_card":"summary_large_image","twitter_creator":"@7culturec","twitter_site":"@7culturec","twitter_misc":{"\u00c9crit par":"7culture2020","Dur\u00e9e de lecture estim\u00e9e":"2 minutes"},"schema":{"@context":"https:\/\/schema.org","@graph":[{"@type":"Article","@id":"https:\/\/7culture.ci\/index.php\/2022\/03\/02\/tele-jean-pierre-pernaut-ex-star-du-13h-de-tf1-est-decede\/#article","isPartOf":{"@id":"https:\/\/7culture.ci\/index.php\/2022\/03\/02\/tele-jean-pierre-pernaut-ex-star-du-13h-de-tf1-est-decede\/"},"author":{"name":"7culture2020","@id":"https:\/\/7culture.ci\/#\/schema\/person\/16150d28d7ef66ba788c1f87f28c4426"},"headline":"T\u00c9L\u00c9 : Jean-Pierre Pernaut, ex-star du 13H de TF1, est d\u00e9c\u00e9d\u00e9 !","datePublished":"2022-03-02T17:48:15+00:00","dateModified":"2022-03-02T17:48:19+00:00","mainEntityOfPage":{"@id":"https:\/\/7culture.ci\/index.php\/2022\/03\/02\/tele-jean-pierre-pernaut-ex-star-du-13h-de-tf1-est-decede\/"},"wordCount":255,"commentCount":0,"publisher":{"@id":"https:\/\/7culture.ci\/#organization"},"articleSection":["Actualit\u00e9"],"inLanguage":"fr-FR","potentialAction":[{"@type":"CommentAction","name":"Comment","target":["https:\/\/7culture.ci\/index.php\/2022\/03\/02\/tele-jean-pierre-pernaut-ex-star-du-13h-de-tf1-est-decede\/#respond"]}]},{"@type":"WebPage","@id":"https:\/\/7culture.ci\/index.php\/2022\/03\/02\/tele-jean-pierre-pernaut-ex-star-du-13h-de-tf1-est-decede\/","url":"https:\/\/7culture.ci\/index.php\/2022\/03\/02\/tele-jean-pierre-pernaut-ex-star-du-13h-de-tf1-est-decede\/","name":"T\u00c9L\u00c9 : Jean-Pierre Pernaut, ex-star du 13H de TF1, est d\u00e9c\u00e9d\u00e9 ! - 7culture","isPartOf":{"@id":"https:\/\/7culture.ci\/#website"},"datePublished":"2022-03-02T17:48:15+00:00","dateModified":"2022-03-02T17:48:19+00:00","breadcrumb":{"@id":"https:\/\/7culture.ci\/index.php\/2022\/03\/02\/tele-jean-pierre-pernaut-ex-star-du-13h-de-tf1-est-decede\/#breadcrumb"},"inLanguage":"fr-FR","potentialAction":[{"@type":"ReadAction","target":["https:\/\/7culture.ci\/index.php\/2022\/03\/02\/tele-jean-pierre-pernaut-ex-star-du-13h-de-tf1-est-decede\/"]}]},{"@type":"BreadcrumbList","@id":"https:\/\/7culture.ci\/index.php\/2022\/03\/02\/tele-jean-pierre-pernaut-ex-star-du-13h-de-tf1-est-decede\/#breadcrumb","itemListElement":[{"@type":"ListItem","position":1,"name":"Accueil","item":"https:\/\/7culture.ci\/"},{"@type":"ListItem","position":2,"name":"T\u00c9L\u00c9 : Jean-Pierre Pernaut, ex-star du 13H de TF1, est d\u00e9c\u00e9d\u00e9 !"}]},{"@type":"WebSite","@id":"https:\/\/7culture.ci\/#website","url":"https:\/\/7culture.ci\/","name":"7culture","description":"Tout sur l&#039;actualit\u00e9","publisher":{"@id":"https:\/\/7culture.ci\/#organization"},"potentialAction":[{"@type":"SearchAction","target":{"@type":"EntryPoint","urlTemplate":"https:\/\/7culture.ci\/?s={search_term_string}"},"query-input":"required name=search_term_string"}],"inLanguage":"fr-FR"},{"@type":"Organization","@id":"https:\/\/7culture.ci\/#organization","name":"7culture","url":"https:\/\/7culture.ci\/","sameAs":["https:\/\/www.facebook.com\/redchefclaude","https:\/\/twitter.com\/7culturec"],"logo":{"@type":"ImageObject","inLanguage":"fr-FR","@id":"https:\/\/7culture.ci\/#\/schema\/logo\/image\/","url":"https:\/\/7culture.ci\/wp-content\/uploads\/2021\/12\/S1a-1.png","contentUrl":"https:\/\/7culture.ci\/wp-content\/uploads\/2021\/12\/S1a-1.png","width":588,"height":192,"caption":"7culture"},"image":{"@id":"https:\/\/7culture.ci\/#\/schema\/logo\/image\/"}},{"@type":"Person","@id":"https:\/\/7culture.ci\/#\/schema\/person\/16150d28d7ef66ba788c1f87f28c4426","name":"7culture2020","image":{"@type":"ImageObject","inLanguage":"fr-FR","@id":"https:\/\/7culture.ci\/#\/schema\/person\/image\/","url":"https:\/\/secure.gravatar.com\/avatar\/9a0784f951306c37bcd065f52844ef95?s=96&d=mm&r=g","contentUrl":"https:\/\/secure.gravatar.com\/avatar\/9a0784f951306c37bcd065f52844ef95?s=96&d=mm&r=g","caption":"7culture2020"},"sameAs":["http:\/\/7culture.ci","Claude.kipre"],"url":"https:\/\/7culture.ci\/index.php\/author\/7culture2020\/"}]}},"jetpack_featured_media_url":"https:\/\/7culture.ci\/wp-content\/uploads\/2022\/03\/JPP1.jpg","jetpack_likes_enabled":true,"jetpack_sharing_enabled":true,"_links":{"self":[{"href":"https:\/\/7culture.ci\/index.php\/wp-json\/wp\/v2\/posts\/20044"}],"collection":[{"href":"https:\/\/7culture.ci\/index.php\/wp-json\/wp\/v2\/posts"}],"about":[{"href":"https:\/\/7culture.ci\/index.php\/wp-json\/wp\/v2\/types\/post"}],"author":[{"embeddable":true,"href":"https:\/\/7culture.ci\/index.php\/wp-json\/wp\/v2\/users\/1"}],"replies":[{"embeddable":true,"href":"https:\/\/7culture.ci\/index.php\/wp-json\/wp\/v2\/comments?post=20044"}],"version-history":[{"count":0,"href":"https:\/\/7culture.ci\/index.php\/wp-json\/wp\/v2\/posts\/20044\/revisions"}],"wp:featuredmedia":[{"embeddable":true,"href":"https:\/\/7culture.ci\/index.php\/wp-json\/wp\/v2\/media\/20045"}],"wp:attachment":[{"href":"https:\/\/7culture.ci\/index.php\/wp-json\/wp\/v2\/media?parent=20044"}],"wp:term":[{"taxonomy":"category","embeddable":true,"href":"https:\/\/7culture.ci\/index.php\/wp-json\/wp\/v2\/categories?post=20044"},{"taxonomy":"post_tag","embeddable":true,"href":"https:\/\/7culture.ci\/index.php\/wp-json\/wp\/v2\/tags?post=20044"}],"curies":[{"name":"wp","href":"https:\/\/api.w.org\/{rel}","templated":true}]}}