{"id":20009,"date":"2022-02-28T12:56:54","date_gmt":"2022-02-28T11:56:54","guid":{"rendered":"https:\/\/7culture.ci\/?p=20009"},"modified":"2022-03-02T11:23:40","modified_gmt":"2022-03-02T10:23:40","slug":"le-mix-du-premier-cest-le-19-mars-au-palais-de-la-culture","status":"publish","type":"post","link":"https:\/\/7culture.ci\/index.php\/2022\/02\/28\/le-mix-du-premier-cest-le-19-mars-au-palais-de-la-culture\/","title":{"rendered":"Le mix du premier, c\u2019est le 19 mars au palais de la culture"},"content":{"rendered":"\n<p>Mix Premier fait partie des artistes ivoiriens, notamment adeptes du couper-d\u00e9caler, dont la musique a pignon sur rue \u00e0 Abidjan et dans plusieurs capitales africaines. L\u2019occasion lui sera encore donn\u00e9e le 19 mars prochain de mesurer sa popularit\u00e9 aupr\u00e8s de ses fans mais surtout son professionnalisme face aux amoureux de beaucoup spectacles. Ce sera dans la salle Anoumabo du Palais de la culture d\u2019Abidjan-Treichville.<\/p>\n\n\n\n<p>Toutes les grandes articulations du spectacle ont \u00e9t\u00e9 donn\u00e9es par l\u2019artiste, son staff et ses partenaires le vendredi 26 f\u00e9vrier dernier au cin\u00e9ma Majestic Soccoc\u00e9 aux 2 Plateaux \u00e0 Cocody. L\u2019organisation pr\u00e9voit deux heures de show non-stop du chanteur sans compter la premi\u00e8re partie qui sera assur\u00e9e par une belle brochette d\u2019invit\u00e9s. \u00ab&nbsp;<strong><em>Je chanterai au moins une vingtaine de titres m\u00eame si je voulais aller au-del\u00e0. Pour mes fans, je voudrais vraiment en faire plus mais le staff n\u2019a pas adh\u00e9r\u00e9&nbsp;<\/em><\/strong>\u00bb, a regrett\u00e9 Mix Premier au lancement de son concert. La communication faite autour de l\u2019\u00e9v\u00e8nement, annonce \u2018\u2019un concert de la maturit\u00e9\u2019\u2019. Apr\u00e8s plus de 15 ans de m\u00e9tier, l\u2019artiste se sent pr\u00eat pour offrir un show des plus potables aux spectateurs. \u00ab&nbsp;<strong><em>Ce sera du jamais vu en C\u00f4te d&#8217;Ivoire!<\/em><\/strong>&nbsp;\u00bb, a d\u00e9clar\u00e9 sans r\u00e9serve Nina Kramoko, la pr\u00e9sidente du comit\u00e9 d\u2019organisation du show. Le concert sera en live avec des musiciens chevronn\u00e9s qui bossent d\u00e9j\u00e0 avec le chanteur. Des effets sp\u00e9ciaux que le staff a refus\u00e9s de d\u00e9voiler, apporteront une extase certaine au public.<\/p>\n\n\n\n<div class=\"wp-block-image\"><figure class=\"aligncenter size-full is-resized\"><img loading=\"lazy\" decoding=\"async\" src=\"https:\/\/7culture.ci\/wp-content\/uploads\/2022\/02\/Mix-Premier2.jpg\" alt=\"\" class=\"wp-image-20011\" width=\"732\" height=\"487\" srcset=\"https:\/\/7culture.ci\/wp-content\/uploads\/2022\/02\/Mix-Premier2.jpg 1024w, https:\/\/7culture.ci\/wp-content\/uploads\/2022\/02\/Mix-Premier2-300x200.jpg 300w, https:\/\/7culture.ci\/wp-content\/uploads\/2022\/02\/Mix-Premier2-768x512.jpg 768w\" sizes=\"(max-width: 732px) 100vw, 732px\" \/><\/figure><\/div>\n\n\n\n<p>Chanteur \u00e0 la voix hors norme, DJ Mix 1<sup>er<\/sup> devenu Mix Premier s\u2019est impos\u00e9 dans le couper-d\u00e9caler avec des chansons \u00e0 succ\u00e8s comme \u2018\u2019Bobaraba\u2019\u2019 rafra\u00eechie \u2018\u2019Boboraba2.0\u2019\u2019, \u2018\u2019L\u2019Oracle\u2019\u2019, \u2018\u2019Touche Ici\u2019\u2019, \u2018\u2019Amour compliqu\u00e9\u2019\u2019, \u2018\u2019Epouse-moi\u2019\u2019, \u2018\u2019Monument vivant\u2019\u2019\u2026 Il est auteur d\u2019une centaine de titres et plusieurs collaborations. Sa carri\u00e8re est aussi salu\u00e9e par de nombreuses r\u00e9compenses comme le Kund\u00e9 d&#8217;Or du meilleur artiste d\u2019Afrique de l&#8217;Ouest au Burkina Faso, le Primud d&#8217;Or en C\u00f4te d\u2019Ivoire. Mix Premier a \u00e9galement \u00e9t\u00e9 plusieurs fois meilleure voix aux Primud&#8230;<\/p>\n\n\n\n<p>Par Omar AK<\/p>\n","protected":false},"excerpt":{"rendered":"<p>Mix Premier fait partie des artistes ivoiriens, notamment adeptes du couper-d\u00e9caler, dont la musique a pignon sur rue \u00e0 Abidjan et dans plusieurs capitales africaines. L\u2019occasion lui sera encore donn\u00e9e le 19 mars prochain de mesurer sa popularit\u00e9 aupr\u00e8s de ses fans mais surtout son professionnalisme face aux amoureux de beaucoup spectacles. Ce sera dans &hellip;<\/p>\n<p class=\"read-more\"> <a class=\"\" href=\"https:\/\/7culture.ci\/index.php\/2022\/02\/28\/le-mix-du-premier-cest-le-19-mars-au-palais-de-la-culture\/\"> <span class=\"screen-reader-text\">Le mix du premier, c\u2019est le 19 mars au palais de la culture<\/span> Lire la suite\u00a0\u00bb<\/a><\/p>\n","protected":false},"author":1,"featured_media":20010,"comment_status":"open","ping_status":"open","sticky":false,"template":"","format":"standard","meta":{"_mi_skip_tracking":false,"_monsterinsights_sitenote_active":false,"_monsterinsights_sitenote_note":"","_monsterinsights_sitenote_category":0,"site-sidebar-layout":"default","site-content-layout":"default","ast-global-header-display":"","ast-main-header-display":"","ast-hfb-above-header-display":"","ast-hfb-below-header-display":"","ast-hfb-mobile-header-display":"","site-post-title":"","ast-breadcrumbs-content":"","ast-featured-img":"","footer-sml-layout":"","theme-transparent-header-meta":"","adv-header-id-meta":"","stick-header-meta":"","header-above-stick-meta":"","header-main-stick-meta":"","header-below-stick-meta":"","footnotes":"","jetpack_publicize_message":"","jetpack_is_tweetstorm":false,"jetpack_publicize_feature_enabled":true},"categories":[16],"tags":[],"jetpack_publicize_connections":[],"acf":[],"aioseo_notices":[],"yoast_head":"<!-- This site is optimized with the Yoast SEO plugin v19.6.1 - https:\/\/yoast.com\/wordpress\/plugins\/seo\/ -->\n<title>Le mix du premier, c\u2019est le 19 mars au palais de la culture - 7culture<\/title>\n<meta name=\"robots\" content=\"index, follow, max-snippet:-1, max-image-preview:large, max-video-preview:-1\" \/>\n<link rel=\"canonical\" href=\"https:\/\/7culture.ci\/index.php\/2022\/02\/28\/le-mix-du-premier-cest-le-19-mars-au-palais-de-la-culture\/\" \/>\n<meta property=\"og:locale\" content=\"fr_FR\" \/>\n<meta property=\"og:type\" content=\"article\" \/>\n<meta property=\"og:title\" content=\"Le mix du premier, c\u2019est le 19 mars au palais de la culture - 7culture\" \/>\n<meta property=\"og:description\" content=\"Mix Premier fait partie des artistes ivoiriens, notamment adeptes du couper-d\u00e9caler, dont la musique a pignon sur rue \u00e0 Abidjan et dans plusieurs capitales africaines. L\u2019occasion lui sera encore donn\u00e9e le 19 mars prochain de mesurer sa popularit\u00e9 aupr\u00e8s de ses fans mais surtout son professionnalisme face aux amoureux de beaucoup spectacles. Ce sera dans &hellip; Le mix du premier, c\u2019est le 19 mars au palais de la culture Lire la suite\u00a0\u00bb\" \/>\n<meta property=\"og:url\" content=\"https:\/\/7culture.ci\/index.php\/2022\/02\/28\/le-mix-du-premier-cest-le-19-mars-au-palais-de-la-culture\/\" \/>\n<meta property=\"og:site_name\" content=\"7culture\" \/>\n<meta property=\"article:publisher\" content=\"https:\/\/www.facebook.com\/redchefclaude\" \/>\n<meta property=\"article:published_time\" content=\"2022-02-28T11:56:54+00:00\" \/>\n<meta property=\"article:modified_time\" content=\"2022-03-02T10:23:40+00:00\" \/>\n<meta property=\"og:image\" content=\"http:\/\/7culture.ci\/wp-content\/uploads\/2022\/02\/Mix-Premier1.jpg\" \/>\n\t<meta property=\"og:image:width\" content=\"750\" \/>\n\t<meta property=\"og:image:height\" content=\"400\" \/>\n\t<meta property=\"og:image:type\" content=\"image\/jpeg\" \/>\n<meta name=\"author\" content=\"7culture2020\" \/>\n<meta name=\"twitter:card\" content=\"summary_large_image\" \/>\n<meta name=\"twitter:creator\" content=\"@7culturec\" \/>\n<meta name=\"twitter:site\" content=\"@7culturec\" \/>\n<meta name=\"twitter:label1\" content=\"\u00c9crit par\" \/>\n\t<meta name=\"twitter:data1\" content=\"7culture2020\" \/>\n\t<meta name=\"twitter:label2\" content=\"Dur\u00e9e de lecture estim\u00e9e\" \/>\n\t<meta name=\"twitter:data2\" content=\"2 minutes\" \/>\n<script type=\"application\/ld+json\" class=\"yoast-schema-graph\">{\"@context\":\"https:\/\/schema.org\",\"@graph\":[{\"@type\":\"Article\",\"@id\":\"https:\/\/7culture.ci\/index.php\/2022\/02\/28\/le-mix-du-premier-cest-le-19-mars-au-palais-de-la-culture\/#article\",\"isPartOf\":{\"@id\":\"https:\/\/7culture.ci\/index.php\/2022\/02\/28\/le-mix-du-premier-cest-le-19-mars-au-palais-de-la-culture\/\"},\"author\":{\"name\":\"7culture2020\",\"@id\":\"https:\/\/7culture.ci\/#\/schema\/person\/16150d28d7ef66ba788c1f87f28c4426\"},\"headline\":\"Le mix du premier, c\u2019est le 19 mars au palais de la culture\",\"datePublished\":\"2022-02-28T11:56:54+00:00\",\"dateModified\":\"2022-03-02T10:23:40+00:00\",\"mainEntityOfPage\":{\"@id\":\"https:\/\/7culture.ci\/index.php\/2022\/02\/28\/le-mix-du-premier-cest-le-19-mars-au-palais-de-la-culture\/\"},\"wordCount\":379,\"commentCount\":0,\"publisher\":{\"@id\":\"https:\/\/7culture.ci\/#organization\"},\"articleSection\":[\"Musique\"],\"inLanguage\":\"fr-FR\",\"potentialAction\":[{\"@type\":\"CommentAction\",\"name\":\"Comment\",\"target\":[\"https:\/\/7culture.ci\/index.php\/2022\/02\/28\/le-mix-du-premier-cest-le-19-mars-au-palais-de-la-culture\/#respond\"]}]},{\"@type\":\"WebPage\",\"@id\":\"https:\/\/7culture.ci\/index.php\/2022\/02\/28\/le-mix-du-premier-cest-le-19-mars-au-palais-de-la-culture\/\",\"url\":\"https:\/\/7culture.ci\/index.php\/2022\/02\/28\/le-mix-du-premier-cest-le-19-mars-au-palais-de-la-culture\/\",\"name\":\"Le mix du premier, c\u2019est le 19 mars au palais de la culture - 7culture\",\"isPartOf\":{\"@id\":\"https:\/\/7culture.ci\/#website\"},\"datePublished\":\"2022-02-28T11:56:54+00:00\",\"dateModified\":\"2022-03-02T10:23:40+00:00\",\"breadcrumb\":{\"@id\":\"https:\/\/7culture.ci\/index.php\/2022\/02\/28\/le-mix-du-premier-cest-le-19-mars-au-palais-de-la-culture\/#breadcrumb\"},\"inLanguage\":\"fr-FR\",\"potentialAction\":[{\"@type\":\"ReadAction\",\"target\":[\"https:\/\/7culture.ci\/index.php\/2022\/02\/28\/le-mix-du-premier-cest-le-19-mars-au-palais-de-la-culture\/\"]}]},{\"@type\":\"BreadcrumbList\",\"@id\":\"https:\/\/7culture.ci\/index.php\/2022\/02\/28\/le-mix-du-premier-cest-le-19-mars-au-palais-de-la-culture\/#breadcrumb\",\"itemListElement\":[{\"@type\":\"ListItem\",\"position\":1,\"name\":\"Accueil\",\"item\":\"https:\/\/7culture.ci\/\"},{\"@type\":\"ListItem\",\"position\":2,\"name\":\"Le mix du premier, c\u2019est le 19 mars au palais de la culture\"}]},{\"@type\":\"WebSite\",\"@id\":\"https:\/\/7culture.ci\/#website\",\"url\":\"https:\/\/7culture.ci\/\",\"name\":\"7culture\",\"description\":\"Tout sur l&#039;actualit\u00e9\",\"publisher\":{\"@id\":\"https:\/\/7culture.ci\/#organization\"},\"potentialAction\":[{\"@type\":\"SearchAction\",\"target\":{\"@type\":\"EntryPoint\",\"urlTemplate\":\"https:\/\/7culture.ci\/?s={search_term_string}\"},\"query-input\":\"required name=search_term_string\"}],\"inLanguage\":\"fr-FR\"},{\"@type\":\"Organization\",\"@id\":\"https:\/\/7culture.ci\/#organization\",\"name\":\"7culture\",\"url\":\"https:\/\/7culture.ci\/\",\"sameAs\":[\"https:\/\/www.facebook.com\/redchefclaude\",\"https:\/\/twitter.com\/7culturec\"],\"logo\":{\"@type\":\"ImageObject\",\"inLanguage\":\"fr-FR\",\"@id\":\"https:\/\/7culture.ci\/#\/schema\/logo\/image\/\",\"url\":\"https:\/\/7culture.ci\/wp-content\/uploads\/2021\/12\/S1a-1.png\",\"contentUrl\":\"https:\/\/7culture.ci\/wp-content\/uploads\/2021\/12\/S1a-1.png\",\"width\":588,\"height\":192,\"caption\":\"7culture\"},\"image\":{\"@id\":\"https:\/\/7culture.ci\/#\/schema\/logo\/image\/\"}},{\"@type\":\"Person\",\"@id\":\"https:\/\/7culture.ci\/#\/schema\/person\/16150d28d7ef66ba788c1f87f28c4426\",\"name\":\"7culture2020\",\"image\":{\"@type\":\"ImageObject\",\"inLanguage\":\"fr-FR\",\"@id\":\"https:\/\/7culture.ci\/#\/schema\/person\/image\/\",\"url\":\"https:\/\/secure.gravatar.com\/avatar\/9a0784f951306c37bcd065f52844ef95?s=96&d=mm&r=g\",\"contentUrl\":\"https:\/\/secure.gravatar.com\/avatar\/9a0784f951306c37bcd065f52844ef95?s=96&d=mm&r=g\",\"caption\":\"7culture2020\"},\"sameAs\":[\"http:\/\/7culture.ci\",\"Claude.kipre\"],\"url\":\"https:\/\/7culture.ci\/index.php\/author\/7culture2020\/\"}]}<\/script>\n<!-- \/ Yoast SEO plugin. -->","yoast_head_json":{"title":"Le mix du premier, c\u2019est le 19 mars au palais de la culture - 7culture","robots":{"index":"index","follow":"follow","max-snippet":"max-snippet:-1","max-image-preview":"max-image-preview:large","max-video-preview":"max-video-preview:-1"},"canonical":"https:\/\/7culture.ci\/index.php\/2022\/02\/28\/le-mix-du-premier-cest-le-19-mars-au-palais-de-la-culture\/","og_locale":"fr_FR","og_type":"article","og_title":"Le mix du premier, c\u2019est le 19 mars au palais de la culture - 7culture","og_description":"Mix Premier fait partie des artistes ivoiriens, notamment adeptes du couper-d\u00e9caler, dont la musique a pignon sur rue \u00e0 Abidjan et dans plusieurs capitales africaines. L\u2019occasion lui sera encore donn\u00e9e le 19 mars prochain de mesurer sa popularit\u00e9 aupr\u00e8s de ses fans mais surtout son professionnalisme face aux amoureux de beaucoup spectacles. Ce sera dans &hellip; Le mix du premier, c\u2019est le 19 mars au palais de la culture Lire la suite\u00a0\u00bb","og_url":"https:\/\/7culture.ci\/index.php\/2022\/02\/28\/le-mix-du-premier-cest-le-19-mars-au-palais-de-la-culture\/","og_site_name":"7culture","article_publisher":"https:\/\/www.facebook.com\/redchefclaude","article_published_time":"2022-02-28T11:56:54+00:00","article_modified_time":"2022-03-02T10:23:40+00:00","og_image":[{"width":750,"height":400,"url":"http:\/\/7culture.ci\/wp-content\/uploads\/2022\/02\/Mix-Premier1.jpg","type":"image\/jpeg"}],"author":"7culture2020","twitter_card":"summary_large_image","twitter_creator":"@7culturec","twitter_site":"@7culturec","twitter_misc":{"\u00c9crit par":"7culture2020","Dur\u00e9e de lecture estim\u00e9e":"2 minutes"},"schema":{"@context":"https:\/\/schema.org","@graph":[{"@type":"Article","@id":"https:\/\/7culture.ci\/index.php\/2022\/02\/28\/le-mix-du-premier-cest-le-19-mars-au-palais-de-la-culture\/#article","isPartOf":{"@id":"https:\/\/7culture.ci\/index.php\/2022\/02\/28\/le-mix-du-premier-cest-le-19-mars-au-palais-de-la-culture\/"},"author":{"name":"7culture2020","@id":"https:\/\/7culture.ci\/#\/schema\/person\/16150d28d7ef66ba788c1f87f28c4426"},"headline":"Le mix du premier, c\u2019est le 19 mars au palais de la culture","datePublished":"2022-02-28T11:56:54+00:00","dateModified":"2022-03-02T10:23:40+00:00","mainEntityOfPage":{"@id":"https:\/\/7culture.ci\/index.php\/2022\/02\/28\/le-mix-du-premier-cest-le-19-mars-au-palais-de-la-culture\/"},"wordCount":379,"commentCount":0,"publisher":{"@id":"https:\/\/7culture.ci\/#organization"},"articleSection":["Musique"],"inLanguage":"fr-FR","potentialAction":[{"@type":"CommentAction","name":"Comment","target":["https:\/\/7culture.ci\/index.php\/2022\/02\/28\/le-mix-du-premier-cest-le-19-mars-au-palais-de-la-culture\/#respond"]}]},{"@type":"WebPage","@id":"https:\/\/7culture.ci\/index.php\/2022\/02\/28\/le-mix-du-premier-cest-le-19-mars-au-palais-de-la-culture\/","url":"https:\/\/7culture.ci\/index.php\/2022\/02\/28\/le-mix-du-premier-cest-le-19-mars-au-palais-de-la-culture\/","name":"Le mix du premier, c\u2019est le 19 mars au palais de la culture - 7culture","isPartOf":{"@id":"https:\/\/7culture.ci\/#website"},"datePublished":"2022-02-28T11:56:54+00:00","dateModified":"2022-03-02T10:23:40+00:00","breadcrumb":{"@id":"https:\/\/7culture.ci\/index.php\/2022\/02\/28\/le-mix-du-premier-cest-le-19-mars-au-palais-de-la-culture\/#breadcrumb"},"inLanguage":"fr-FR","potentialAction":[{"@type":"ReadAction","target":["https:\/\/7culture.ci\/index.php\/2022\/02\/28\/le-mix-du-premier-cest-le-19-mars-au-palais-de-la-culture\/"]}]},{"@type":"BreadcrumbList","@id":"https:\/\/7culture.ci\/index.php\/2022\/02\/28\/le-mix-du-premier-cest-le-19-mars-au-palais-de-la-culture\/#breadcrumb","itemListElement":[{"@type":"ListItem","position":1,"name":"Accueil","item":"https:\/\/7culture.ci\/"},{"@type":"ListItem","position":2,"name":"Le mix du premier, c\u2019est le 19 mars au palais de la culture"}]},{"@type":"WebSite","@id":"https:\/\/7culture.ci\/#website","url":"https:\/\/7culture.ci\/","name":"7culture","description":"Tout sur l&#039;actualit\u00e9","publisher":{"@id":"https:\/\/7culture.ci\/#organization"},"potentialAction":[{"@type":"SearchAction","target":{"@type":"EntryPoint","urlTemplate":"https:\/\/7culture.ci\/?s={search_term_string}"},"query-input":"required name=search_term_string"}],"inLanguage":"fr-FR"},{"@type":"Organization","@id":"https:\/\/7culture.ci\/#organization","name":"7culture","url":"https:\/\/7culture.ci\/","sameAs":["https:\/\/www.facebook.com\/redchefclaude","https:\/\/twitter.com\/7culturec"],"logo":{"@type":"ImageObject","inLanguage":"fr-FR","@id":"https:\/\/7culture.ci\/#\/schema\/logo\/image\/","url":"https:\/\/7culture.ci\/wp-content\/uploads\/2021\/12\/S1a-1.png","contentUrl":"https:\/\/7culture.ci\/wp-content\/uploads\/2021\/12\/S1a-1.png","width":588,"height":192,"caption":"7culture"},"image":{"@id":"https:\/\/7culture.ci\/#\/schema\/logo\/image\/"}},{"@type":"Person","@id":"https:\/\/7culture.ci\/#\/schema\/person\/16150d28d7ef66ba788c1f87f28c4426","name":"7culture2020","image":{"@type":"ImageObject","inLanguage":"fr-FR","@id":"https:\/\/7culture.ci\/#\/schema\/person\/image\/","url":"https:\/\/secure.gravatar.com\/avatar\/9a0784f951306c37bcd065f52844ef95?s=96&d=mm&r=g","contentUrl":"https:\/\/secure.gravatar.com\/avatar\/9a0784f951306c37bcd065f52844ef95?s=96&d=mm&r=g","caption":"7culture2020"},"sameAs":["http:\/\/7culture.ci","Claude.kipre"],"url":"https:\/\/7culture.ci\/index.php\/author\/7culture2020\/"}]}},"jetpack_featured_media_url":"https:\/\/7culture.ci\/wp-content\/uploads\/2022\/02\/Mix-Premier1.jpg","jetpack_likes_enabled":true,"jetpack_sharing_enabled":true,"_links":{"self":[{"href":"https:\/\/7culture.ci\/index.php\/wp-json\/wp\/v2\/posts\/20009"}],"collection":[{"href":"https:\/\/7culture.ci\/index.php\/wp-json\/wp\/v2\/posts"}],"about":[{"href":"https:\/\/7culture.ci\/index.php\/wp-json\/wp\/v2\/types\/post"}],"author":[{"embeddable":true,"href":"https:\/\/7culture.ci\/index.php\/wp-json\/wp\/v2\/users\/1"}],"replies":[{"embeddable":true,"href":"https:\/\/7culture.ci\/index.php\/wp-json\/wp\/v2\/comments?post=20009"}],"version-history":[{"count":0,"href":"https:\/\/7culture.ci\/index.php\/wp-json\/wp\/v2\/posts\/20009\/revisions"}],"wp:featuredmedia":[{"embeddable":true,"href":"https:\/\/7culture.ci\/index.php\/wp-json\/wp\/v2\/media\/20010"}],"wp:attachment":[{"href":"https:\/\/7culture.ci\/index.php\/wp-json\/wp\/v2\/media?parent=20009"}],"wp:term":[{"taxonomy":"category","embeddable":true,"href":"https:\/\/7culture.ci\/index.php\/wp-json\/wp\/v2\/categories?post=20009"},{"taxonomy":"post_tag","embeddable":true,"href":"https:\/\/7culture.ci\/index.php\/wp-json\/wp\/v2\/tags?post=20009"}],"curies":[{"name":"wp","href":"https:\/\/api.w.org\/{rel}","templated":true}]}}