{"id":19843,"date":"2022-02-23T15:45:23","date_gmt":"2022-02-23T14:45:23","guid":{"rendered":"https:\/\/7culture.ci\/?p=19843"},"modified":"2022-03-02T14:12:24","modified_gmt":"2022-03-02T13:12:24","slug":"apres-son-show-de-londres-la-mere-darafat-dj-pleure-a-abidjan-sa-fille-est-decedee","status":"publish","type":"post","link":"https:\/\/7culture.ci\/index.php\/2022\/02\/23\/apres-son-show-de-londres-la-mere-darafat-dj-pleure-a-abidjan-sa-fille-est-decedee\/","title":{"rendered":"Apr\u00e8s son show de Londres, la m\u00e8re d&#8217;Arafat DJ pleure \u00e0 Abidjan : sa fille est d\u00e9c\u00e9d\u00e9e !"},"content":{"rendered":"\n<p><strong><em>La sulfureuse Tina Glamour, m\u00e8re d\u2019Arafat, d\u00e9c\u00e9d\u00e9 il y a quelques ann\u00e9es, est inconsolable depuis hier \u00e0 son arriv\u00e9e \u00e0 Abidjan. Et cela juste apr\u00e8s un show \u00e9poustouflant \u00e0 Londres, qui alimentait la pol\u00e9mique sur le net.<\/em><\/strong><\/p>\n\n\n\n<p>En effet \u00e0 peine a-t-elle d\u00e9pos\u00e9 ses bagages, qu&#8217;elle apprend le d\u00e9c\u00e8s de sa fille Carla K\u00e9k\u00e9 dite B\u00e9b\u00e9 Carla. Sonn\u00e9e par la triste nouvelle, la chanteuse n&#8217;a pu confirmer le d\u00e9c\u00e8s de sa fille que ce matin en ces termes sur sa page Facebook&nbsp;: \u00ab&nbsp;<strong><em>Mon enfant, mon b\u00e9b\u00e9 Carla, repose en paix&nbsp;! Tu t&#8217;es battue jusqu&#8217;\u00e0 la fin. Ta maman Valentine t&#8217;aime tr\u00e8s fort !<\/em><\/strong>&nbsp;\u00bb. Au fait, la benjamine de la chanteuse est d\u00e9c\u00e9d\u00e9e dans la nuit du lundi 21 au mardi 22 f\u00e9vrier. \u00ab&nbsp;<strong><em>La fille est d\u00e9c\u00e9d\u00e9e avant-hier (lundi 21 f\u00e9vrier ndlr) nuit. Il fallait donc attendre l\u2019arriv\u00e9e de Tina. Mais bon, les gens ont commenc\u00e9 \u00e0 faire des postes en parabole. Finalement, les gens ont d\u00e9voil\u00e9 l\u2019information avant l\u2019arriv\u00e9e de Tina<\/em><\/strong>&nbsp;\u00bb, confirme un journaliste bien introduit dans le milieu.<\/p>\n\n\n\n<figure class=\"wp-block-image size-full is-resized\"><img loading=\"lazy\" decoding=\"async\" src=\"https:\/\/7culture.ci\/wp-content\/uploads\/2022\/02\/Carla2-1.jpg\" alt=\"\" class=\"wp-image-19846\" width=\"397\" height=\"578\" srcset=\"https:\/\/7culture.ci\/wp-content\/uploads\/2022\/02\/Carla2-1.jpg 660w, https:\/\/7culture.ci\/wp-content\/uploads\/2022\/02\/Carla2-1-206x300.jpg 206w\" sizes=\"(max-width: 397px) 100vw, 397px\" \/><\/figure>\n\n\n\n<p>Longtemps malade, la demi-s\u0153ur du regrett\u00e9 c\u00e9l\u00e8bre Arafat DJ souffrait d&#8217;une plaie au pied et de complications respiratoires. Elle \u00e9tait intern\u00e9e dans un h\u00f4pital depuis des mois. D\u00e9j\u00e0 l&#8217;ann\u00e9e derni\u00e8re, une folle rumeur sur les r\u00e9seaux sociaux, annon\u00e7ait le d\u00e9c\u00e8s de la jeune fille au moment o\u00f9 elle avait le plus besoin du soutien de tous ! Cette fois-ci, ce qui apparaissait comme m\u00eame rumeur s\u2019est av\u00e9r\u00e9 vrai. Malheureusement&nbsp;!<\/p>\n\n\n\n<div class=\"wp-block-image\"><figure class=\"aligncenter size-full is-resized\"><img loading=\"lazy\" decoding=\"async\" src=\"https:\/\/7culture.ci\/wp-content\/uploads\/2022\/02\/Bb-carla2.jpeg\" alt=\"\" class=\"wp-image-19847\" width=\"442\" height=\"589\" srcset=\"https:\/\/7culture.ci\/wp-content\/uploads\/2022\/02\/Bb-carla2.jpeg 540w, https:\/\/7culture.ci\/wp-content\/uploads\/2022\/02\/Bb-carla2-225x300.jpeg 225w\" sizes=\"(max-width: 442px) 100vw, 442px\" \/><\/figure><\/div>\n\n\n\n<p>Courageuse et r\u00e9siliente, elle fredonnait des chansons sur son lit d&#8217;h\u00f4pital avec son masque \u00e0 gaz, affichant une humeur des plus heureuses. C&#8217;\u00e9tait une petite fille qui aimait la vie et qui aimait sa famille, malgr\u00e9 les brouilles et disputes que celle-ci n&#8217;h\u00e9sitait pas \u00e0 \u00e9taler constamment au grand jour.<\/p>\n\n\n\n<p>Carla K\u00e9k\u00e9 \u00e9tait la fille de deux &#8220;monstres sacr\u00e9s\u2019\u2019 du show business ivoirien : K\u00e9k\u00e9 Kassiry et Tina Spencer Glamour. Sa disparition est un choc pour de nombreux internautes qui s&#8217;\u00e9taient \u00e9mus lors d\u2019appel au secours pour sauver son pied malade au d\u00e9but de la maladie.<\/p>\n\n\n\n<figure class=\"wp-block-image size-full is-resized\"><img loading=\"lazy\" decoding=\"async\" src=\"https:\/\/7culture.ci\/wp-content\/uploads\/2022\/02\/Bb-carla1.jpg\" alt=\"\" class=\"wp-image-19848\" width=\"497\" height=\"685\" srcset=\"https:\/\/7culture.ci\/wp-content\/uploads\/2022\/02\/Bb-carla1.jpg 614w, https:\/\/7culture.ci\/wp-content\/uploads\/2022\/02\/Bb-carla1-218x300.jpg 218w\" sizes=\"(max-width: 497px) 100vw, 497px\" \/><\/figure>\n\n\n\n<p>Adieu B\u00e9b\u00e9 Carla ! La r\u00e9daction de 7culture.ci pr\u00e9sente ses sinc\u00e8res condol\u00e9ances au couple d&#8217;artistes explor\u00e9 !<\/p>\n\n\n\n<p>Abou Ben DOUMBIA<\/p>\n\n\n\n<p><\/p>\n","protected":false},"excerpt":{"rendered":"<p>La sulfureuse Tina Glamour, m\u00e8re d\u2019Arafat, d\u00e9c\u00e9d\u00e9 il y a quelques ann\u00e9es, est inconsolable depuis hier \u00e0 son arriv\u00e9e \u00e0 Abidjan. Et cela juste apr\u00e8s un show \u00e9poustouflant \u00e0 Londres, qui alimentait la pol\u00e9mique sur le net. En effet \u00e0 peine a-t-elle d\u00e9pos\u00e9 ses bagages, qu&#8217;elle apprend le d\u00e9c\u00e8s de sa fille Carla K\u00e9k\u00e9 dite &hellip;<\/p>\n<p class=\"read-more\"> <a class=\"\" href=\"https:\/\/7culture.ci\/index.php\/2022\/02\/23\/apres-son-show-de-londres-la-mere-darafat-dj-pleure-a-abidjan-sa-fille-est-decedee\/\"> <span class=\"screen-reader-text\">Apr\u00e8s son show de Londres, la m\u00e8re d&#8217;Arafat DJ pleure \u00e0 Abidjan : sa fille est d\u00e9c\u00e9d\u00e9e !<\/span> Lire la suite\u00a0\u00bb<\/a><\/p>\n","protected":false},"author":1,"featured_media":19845,"comment_status":"open","ping_status":"open","sticky":false,"template":"","format":"standard","meta":{"_mi_skip_tracking":false,"_monsterinsights_sitenote_active":false,"_monsterinsights_sitenote_note":"","_monsterinsights_sitenote_category":0,"site-sidebar-layout":"default","site-content-layout":"default","ast-global-header-display":"","ast-main-header-display":"","ast-hfb-above-header-display":"","ast-hfb-below-header-display":"","ast-hfb-mobile-header-display":"","site-post-title":"","ast-breadcrumbs-content":"","ast-featured-img":"","footer-sml-layout":"","theme-transparent-header-meta":"","adv-header-id-meta":"","stick-header-meta":"","header-above-stick-meta":"","header-main-stick-meta":"","header-below-stick-meta":"","footnotes":"","jetpack_publicize_message":"","jetpack_is_tweetstorm":false,"jetpack_publicize_feature_enabled":true},"categories":[22],"tags":[],"jetpack_publicize_connections":[],"acf":[],"aioseo_notices":[],"yoast_head":"<!-- This site is optimized with the Yoast SEO plugin v19.6.1 - https:\/\/yoast.com\/wordpress\/plugins\/seo\/ -->\n<title>Apr\u00e8s son show de Londres, la m\u00e8re d&#039;Arafat DJ pleure \u00e0 Abidjan : sa fille est d\u00e9c\u00e9d\u00e9e ! -<\/title>\n<meta name=\"robots\" content=\"index, follow, max-snippet:-1, max-image-preview:large, max-video-preview:-1\" \/>\n<link rel=\"canonical\" href=\"https:\/\/7culture.ci\/index.php\/2022\/02\/23\/apres-son-show-de-londres-la-mere-darafat-dj-pleure-a-abidjan-sa-fille-est-decedee\/\" \/>\n<meta property=\"og:locale\" content=\"fr_FR\" \/>\n<meta property=\"og:type\" content=\"article\" \/>\n<meta property=\"og:title\" content=\"Apr\u00e8s son show de Londres, la m\u00e8re d&#039;Arafat DJ pleure \u00e0 Abidjan : sa fille est d\u00e9c\u00e9d\u00e9e ! -\" \/>\n<meta property=\"og:description\" content=\"La sulfureuse Tina Glamour, m\u00e8re d\u2019Arafat, d\u00e9c\u00e9d\u00e9 il y a quelques ann\u00e9es, est inconsolable depuis hier \u00e0 son arriv\u00e9e \u00e0 Abidjan. Et cela juste apr\u00e8s un show \u00e9poustouflant \u00e0 Londres, qui alimentait la pol\u00e9mique sur le net. En effet \u00e0 peine a-t-elle d\u00e9pos\u00e9 ses bagages, qu&#8217;elle apprend le d\u00e9c\u00e8s de sa fille Carla K\u00e9k\u00e9 dite &hellip; Apr\u00e8s son show de Londres, la m\u00e8re d&#8217;Arafat DJ pleure \u00e0 Abidjan : sa fille est d\u00e9c\u00e9d\u00e9e ! Lire la suite\u00a0\u00bb\" \/>\n<meta property=\"og:url\" content=\"https:\/\/7culture.ci\/index.php\/2022\/02\/23\/apres-son-show-de-londres-la-mere-darafat-dj-pleure-a-abidjan-sa-fille-est-decedee\/\" \/>\n<meta property=\"og:site_name\" content=\"7culture\" \/>\n<meta property=\"article:publisher\" content=\"https:\/\/www.facebook.com\/redchefclaude\" \/>\n<meta property=\"article:published_time\" content=\"2022-02-23T14:45:23+00:00\" \/>\n<meta property=\"article:modified_time\" content=\"2022-03-02T13:12:24+00:00\" \/>\n<meta property=\"og:image\" content=\"http:\/\/7culture.ci\/wp-content\/uploads\/2022\/02\/Carla.jpg\" \/>\n\t<meta property=\"og:image:width\" content=\"1075\" \/>\n\t<meta property=\"og:image:height\" content=\"1075\" \/>\n\t<meta property=\"og:image:type\" content=\"image\/jpeg\" \/>\n<meta name=\"author\" content=\"7culture2020\" \/>\n<meta name=\"twitter:card\" content=\"summary_large_image\" \/>\n<meta name=\"twitter:creator\" content=\"@7culturec\" \/>\n<meta name=\"twitter:site\" content=\"@7culturec\" \/>\n<meta name=\"twitter:label1\" content=\"\u00c9crit par\" \/>\n\t<meta name=\"twitter:data1\" content=\"7culture2020\" \/>\n\t<meta name=\"twitter:label2\" content=\"Dur\u00e9e de lecture estim\u00e9e\" \/>\n\t<meta name=\"twitter:data2\" content=\"3 minutes\" \/>\n<script type=\"application\/ld+json\" class=\"yoast-schema-graph\">{\"@context\":\"https:\/\/schema.org\",\"@graph\":[{\"@type\":\"Article\",\"@id\":\"https:\/\/7culture.ci\/index.php\/2022\/02\/23\/apres-son-show-de-londres-la-mere-darafat-dj-pleure-a-abidjan-sa-fille-est-decedee\/#article\",\"isPartOf\":{\"@id\":\"https:\/\/7culture.ci\/index.php\/2022\/02\/23\/apres-son-show-de-londres-la-mere-darafat-dj-pleure-a-abidjan-sa-fille-est-decedee\/\"},\"author\":{\"name\":\"7culture2020\",\"@id\":\"https:\/\/7culture.ci\/#\/schema\/person\/16150d28d7ef66ba788c1f87f28c4426\"},\"headline\":\"Apr\u00e8s son show de Londres, la m\u00e8re d&#8217;Arafat DJ pleure \u00e0 Abidjan : sa fille est d\u00e9c\u00e9d\u00e9e !\",\"datePublished\":\"2022-02-23T14:45:23+00:00\",\"dateModified\":\"2022-03-02T13:12:24+00:00\",\"mainEntityOfPage\":{\"@id\":\"https:\/\/7culture.ci\/index.php\/2022\/02\/23\/apres-son-show-de-londres-la-mere-darafat-dj-pleure-a-abidjan-sa-fille-est-decedee\/\"},\"wordCount\":429,\"commentCount\":0,\"publisher\":{\"@id\":\"https:\/\/7culture.ci\/#organization\"},\"articleSection\":[\"Actualit\u00e9\"],\"inLanguage\":\"fr-FR\",\"potentialAction\":[{\"@type\":\"CommentAction\",\"name\":\"Comment\",\"target\":[\"https:\/\/7culture.ci\/index.php\/2022\/02\/23\/apres-son-show-de-londres-la-mere-darafat-dj-pleure-a-abidjan-sa-fille-est-decedee\/#respond\"]}]},{\"@type\":\"WebPage\",\"@id\":\"https:\/\/7culture.ci\/index.php\/2022\/02\/23\/apres-son-show-de-londres-la-mere-darafat-dj-pleure-a-abidjan-sa-fille-est-decedee\/\",\"url\":\"https:\/\/7culture.ci\/index.php\/2022\/02\/23\/apres-son-show-de-londres-la-mere-darafat-dj-pleure-a-abidjan-sa-fille-est-decedee\/\",\"name\":\"Apr\u00e8s son show de Londres, la m\u00e8re d'Arafat DJ pleure \u00e0 Abidjan : sa fille est d\u00e9c\u00e9d\u00e9e ! -\",\"isPartOf\":{\"@id\":\"https:\/\/7culture.ci\/#website\"},\"datePublished\":\"2022-02-23T14:45:23+00:00\",\"dateModified\":\"2022-03-02T13:12:24+00:00\",\"breadcrumb\":{\"@id\":\"https:\/\/7culture.ci\/index.php\/2022\/02\/23\/apres-son-show-de-londres-la-mere-darafat-dj-pleure-a-abidjan-sa-fille-est-decedee\/#breadcrumb\"},\"inLanguage\":\"fr-FR\",\"potentialAction\":[{\"@type\":\"ReadAction\",\"target\":[\"https:\/\/7culture.ci\/index.php\/2022\/02\/23\/apres-son-show-de-londres-la-mere-darafat-dj-pleure-a-abidjan-sa-fille-est-decedee\/\"]}]},{\"@type\":\"BreadcrumbList\",\"@id\":\"https:\/\/7culture.ci\/index.php\/2022\/02\/23\/apres-son-show-de-londres-la-mere-darafat-dj-pleure-a-abidjan-sa-fille-est-decedee\/#breadcrumb\",\"itemListElement\":[{\"@type\":\"ListItem\",\"position\":1,\"name\":\"Accueil\",\"item\":\"https:\/\/7culture.ci\/\"},{\"@type\":\"ListItem\",\"position\":2,\"name\":\"Apr\u00e8s son show de Londres, la m\u00e8re d&rsquo;Arafat DJ pleure \u00e0 Abidjan : sa fille est d\u00e9c\u00e9d\u00e9e !\"}]},{\"@type\":\"WebSite\",\"@id\":\"https:\/\/7culture.ci\/#website\",\"url\":\"https:\/\/7culture.ci\/\",\"name\":\"7culture\",\"description\":\"Tout sur l&#039;actualit\u00e9\",\"publisher\":{\"@id\":\"https:\/\/7culture.ci\/#organization\"},\"potentialAction\":[{\"@type\":\"SearchAction\",\"target\":{\"@type\":\"EntryPoint\",\"urlTemplate\":\"https:\/\/7culture.ci\/?s={search_term_string}\"},\"query-input\":\"required name=search_term_string\"}],\"inLanguage\":\"fr-FR\"},{\"@type\":\"Organization\",\"@id\":\"https:\/\/7culture.ci\/#organization\",\"name\":\"7culture\",\"url\":\"https:\/\/7culture.ci\/\",\"sameAs\":[\"https:\/\/www.facebook.com\/redchefclaude\",\"https:\/\/twitter.com\/7culturec\"],\"logo\":{\"@type\":\"ImageObject\",\"inLanguage\":\"fr-FR\",\"@id\":\"https:\/\/7culture.ci\/#\/schema\/logo\/image\/\",\"url\":\"https:\/\/7culture.ci\/wp-content\/uploads\/2021\/12\/S1a-1.png\",\"contentUrl\":\"https:\/\/7culture.ci\/wp-content\/uploads\/2021\/12\/S1a-1.png\",\"width\":588,\"height\":192,\"caption\":\"7culture\"},\"image\":{\"@id\":\"https:\/\/7culture.ci\/#\/schema\/logo\/image\/\"}},{\"@type\":\"Person\",\"@id\":\"https:\/\/7culture.ci\/#\/schema\/person\/16150d28d7ef66ba788c1f87f28c4426\",\"name\":\"7culture2020\",\"image\":{\"@type\":\"ImageObject\",\"inLanguage\":\"fr-FR\",\"@id\":\"https:\/\/7culture.ci\/#\/schema\/person\/image\/\",\"url\":\"https:\/\/secure.gravatar.com\/avatar\/9a0784f951306c37bcd065f52844ef95?s=96&d=mm&r=g\",\"contentUrl\":\"https:\/\/secure.gravatar.com\/avatar\/9a0784f951306c37bcd065f52844ef95?s=96&d=mm&r=g\",\"caption\":\"7culture2020\"},\"sameAs\":[\"http:\/\/7culture.ci\",\"Claude.kipre\"],\"url\":\"https:\/\/7culture.ci\/index.php\/author\/7culture2020\/\"}]}<\/script>\n<!-- \/ Yoast SEO plugin. -->","yoast_head_json":{"title":"Apr\u00e8s son show de Londres, la m\u00e8re d'Arafat DJ pleure \u00e0 Abidjan : sa fille est d\u00e9c\u00e9d\u00e9e ! -","robots":{"index":"index","follow":"follow","max-snippet":"max-snippet:-1","max-image-preview":"max-image-preview:large","max-video-preview":"max-video-preview:-1"},"canonical":"https:\/\/7culture.ci\/index.php\/2022\/02\/23\/apres-son-show-de-londres-la-mere-darafat-dj-pleure-a-abidjan-sa-fille-est-decedee\/","og_locale":"fr_FR","og_type":"article","og_title":"Apr\u00e8s son show de Londres, la m\u00e8re d'Arafat DJ pleure \u00e0 Abidjan : sa fille est d\u00e9c\u00e9d\u00e9e ! -","og_description":"La sulfureuse Tina Glamour, m\u00e8re d\u2019Arafat, d\u00e9c\u00e9d\u00e9 il y a quelques ann\u00e9es, est inconsolable depuis hier \u00e0 son arriv\u00e9e \u00e0 Abidjan. Et cela juste apr\u00e8s un show \u00e9poustouflant \u00e0 Londres, qui alimentait la pol\u00e9mique sur le net. En effet \u00e0 peine a-t-elle d\u00e9pos\u00e9 ses bagages, qu&#8217;elle apprend le d\u00e9c\u00e8s de sa fille Carla K\u00e9k\u00e9 dite &hellip; Apr\u00e8s son show de Londres, la m\u00e8re d&#8217;Arafat DJ pleure \u00e0 Abidjan : sa fille est d\u00e9c\u00e9d\u00e9e ! Lire la suite\u00a0\u00bb","og_url":"https:\/\/7culture.ci\/index.php\/2022\/02\/23\/apres-son-show-de-londres-la-mere-darafat-dj-pleure-a-abidjan-sa-fille-est-decedee\/","og_site_name":"7culture","article_publisher":"https:\/\/www.facebook.com\/redchefclaude","article_published_time":"2022-02-23T14:45:23+00:00","article_modified_time":"2022-03-02T13:12:24+00:00","og_image":[{"width":1075,"height":1075,"url":"http:\/\/7culture.ci\/wp-content\/uploads\/2022\/02\/Carla.jpg","type":"image\/jpeg"}],"author":"7culture2020","twitter_card":"summary_large_image","twitter_creator":"@7culturec","twitter_site":"@7culturec","twitter_misc":{"\u00c9crit par":"7culture2020","Dur\u00e9e de lecture estim\u00e9e":"3 minutes"},"schema":{"@context":"https:\/\/schema.org","@graph":[{"@type":"Article","@id":"https:\/\/7culture.ci\/index.php\/2022\/02\/23\/apres-son-show-de-londres-la-mere-darafat-dj-pleure-a-abidjan-sa-fille-est-decedee\/#article","isPartOf":{"@id":"https:\/\/7culture.ci\/index.php\/2022\/02\/23\/apres-son-show-de-londres-la-mere-darafat-dj-pleure-a-abidjan-sa-fille-est-decedee\/"},"author":{"name":"7culture2020","@id":"https:\/\/7culture.ci\/#\/schema\/person\/16150d28d7ef66ba788c1f87f28c4426"},"headline":"Apr\u00e8s son show de Londres, la m\u00e8re d&#8217;Arafat DJ pleure \u00e0 Abidjan : sa fille est d\u00e9c\u00e9d\u00e9e !","datePublished":"2022-02-23T14:45:23+00:00","dateModified":"2022-03-02T13:12:24+00:00","mainEntityOfPage":{"@id":"https:\/\/7culture.ci\/index.php\/2022\/02\/23\/apres-son-show-de-londres-la-mere-darafat-dj-pleure-a-abidjan-sa-fille-est-decedee\/"},"wordCount":429,"commentCount":0,"publisher":{"@id":"https:\/\/7culture.ci\/#organization"},"articleSection":["Actualit\u00e9"],"inLanguage":"fr-FR","potentialAction":[{"@type":"CommentAction","name":"Comment","target":["https:\/\/7culture.ci\/index.php\/2022\/02\/23\/apres-son-show-de-londres-la-mere-darafat-dj-pleure-a-abidjan-sa-fille-est-decedee\/#respond"]}]},{"@type":"WebPage","@id":"https:\/\/7culture.ci\/index.php\/2022\/02\/23\/apres-son-show-de-londres-la-mere-darafat-dj-pleure-a-abidjan-sa-fille-est-decedee\/","url":"https:\/\/7culture.ci\/index.php\/2022\/02\/23\/apres-son-show-de-londres-la-mere-darafat-dj-pleure-a-abidjan-sa-fille-est-decedee\/","name":"Apr\u00e8s son show de Londres, la m\u00e8re d'Arafat DJ pleure \u00e0 Abidjan : sa fille est d\u00e9c\u00e9d\u00e9e ! -","isPartOf":{"@id":"https:\/\/7culture.ci\/#website"},"datePublished":"2022-02-23T14:45:23+00:00","dateModified":"2022-03-02T13:12:24+00:00","breadcrumb":{"@id":"https:\/\/7culture.ci\/index.php\/2022\/02\/23\/apres-son-show-de-londres-la-mere-darafat-dj-pleure-a-abidjan-sa-fille-est-decedee\/#breadcrumb"},"inLanguage":"fr-FR","potentialAction":[{"@type":"ReadAction","target":["https:\/\/7culture.ci\/index.php\/2022\/02\/23\/apres-son-show-de-londres-la-mere-darafat-dj-pleure-a-abidjan-sa-fille-est-decedee\/"]}]},{"@type":"BreadcrumbList","@id":"https:\/\/7culture.ci\/index.php\/2022\/02\/23\/apres-son-show-de-londres-la-mere-darafat-dj-pleure-a-abidjan-sa-fille-est-decedee\/#breadcrumb","itemListElement":[{"@type":"ListItem","position":1,"name":"Accueil","item":"https:\/\/7culture.ci\/"},{"@type":"ListItem","position":2,"name":"Apr\u00e8s son show de Londres, la m\u00e8re d&rsquo;Arafat DJ pleure \u00e0 Abidjan : sa fille est d\u00e9c\u00e9d\u00e9e !"}]},{"@type":"WebSite","@id":"https:\/\/7culture.ci\/#website","url":"https:\/\/7culture.ci\/","name":"7culture","description":"Tout sur l&#039;actualit\u00e9","publisher":{"@id":"https:\/\/7culture.ci\/#organization"},"potentialAction":[{"@type":"SearchAction","target":{"@type":"EntryPoint","urlTemplate":"https:\/\/7culture.ci\/?s={search_term_string}"},"query-input":"required name=search_term_string"}],"inLanguage":"fr-FR"},{"@type":"Organization","@id":"https:\/\/7culture.ci\/#organization","name":"7culture","url":"https:\/\/7culture.ci\/","sameAs":["https:\/\/www.facebook.com\/redchefclaude","https:\/\/twitter.com\/7culturec"],"logo":{"@type":"ImageObject","inLanguage":"fr-FR","@id":"https:\/\/7culture.ci\/#\/schema\/logo\/image\/","url":"https:\/\/7culture.ci\/wp-content\/uploads\/2021\/12\/S1a-1.png","contentUrl":"https:\/\/7culture.ci\/wp-content\/uploads\/2021\/12\/S1a-1.png","width":588,"height":192,"caption":"7culture"},"image":{"@id":"https:\/\/7culture.ci\/#\/schema\/logo\/image\/"}},{"@type":"Person","@id":"https:\/\/7culture.ci\/#\/schema\/person\/16150d28d7ef66ba788c1f87f28c4426","name":"7culture2020","image":{"@type":"ImageObject","inLanguage":"fr-FR","@id":"https:\/\/7culture.ci\/#\/schema\/person\/image\/","url":"https:\/\/secure.gravatar.com\/avatar\/9a0784f951306c37bcd065f52844ef95?s=96&d=mm&r=g","contentUrl":"https:\/\/secure.gravatar.com\/avatar\/9a0784f951306c37bcd065f52844ef95?s=96&d=mm&r=g","caption":"7culture2020"},"sameAs":["http:\/\/7culture.ci","Claude.kipre"],"url":"https:\/\/7culture.ci\/index.php\/author\/7culture2020\/"}]}},"jetpack_featured_media_url":"https:\/\/7culture.ci\/wp-content\/uploads\/2022\/02\/Carla.jpg","jetpack_likes_enabled":true,"jetpack_sharing_enabled":true,"_links":{"self":[{"href":"https:\/\/7culture.ci\/index.php\/wp-json\/wp\/v2\/posts\/19843"}],"collection":[{"href":"https:\/\/7culture.ci\/index.php\/wp-json\/wp\/v2\/posts"}],"about":[{"href":"https:\/\/7culture.ci\/index.php\/wp-json\/wp\/v2\/types\/post"}],"author":[{"embeddable":true,"href":"https:\/\/7culture.ci\/index.php\/wp-json\/wp\/v2\/users\/1"}],"replies":[{"embeddable":true,"href":"https:\/\/7culture.ci\/index.php\/wp-json\/wp\/v2\/comments?post=19843"}],"version-history":[{"count":0,"href":"https:\/\/7culture.ci\/index.php\/wp-json\/wp\/v2\/posts\/19843\/revisions"}],"wp:featuredmedia":[{"embeddable":true,"href":"https:\/\/7culture.ci\/index.php\/wp-json\/wp\/v2\/media\/19845"}],"wp:attachment":[{"href":"https:\/\/7culture.ci\/index.php\/wp-json\/wp\/v2\/media?parent=19843"}],"wp:term":[{"taxonomy":"category","embeddable":true,"href":"https:\/\/7culture.ci\/index.php\/wp-json\/wp\/v2\/categories?post=19843"},{"taxonomy":"post_tag","embeddable":true,"href":"https:\/\/7culture.ci\/index.php\/wp-json\/wp\/v2\/tags?post=19843"}],"curies":[{"name":"wp","href":"https:\/\/api.w.org\/{rel}","templated":true}]}}