{"id":19776,"date":"2022-02-18T13:55:55","date_gmt":"2022-02-18T12:55:55","guid":{"rendered":"https:\/\/7culture.ci\/?p=19776"},"modified":"2022-02-24T14:20:44","modified_gmt":"2022-02-24T13:20:44","slug":"rentree-culturelle-2022-decouvrez-les-artistes-decores","status":"publish","type":"post","link":"https:\/\/7culture.ci\/index.php\/2022\/02\/18\/rentree-culturelle-2022-decouvrez-les-artistes-decores\/","title":{"rendered":"Rentr\u00e9e Culturelle 2022: D\u00e9couvrez les artistes d\u00e9cor\u00e9s!"},"content":{"rendered":"\n<p>87 acteurs culturels \u00e9lev\u00e9s respectivement aux grades de commandeurs (10), officiers (21) et chevaliers (56) dans l\u2019ordre du m\u00e9rite culturel ivoirien&nbsp;! C\u2019\u00e9tait l\u2019une des articulations majeures qui a marqu\u00e9 la rentr\u00e9e culturelle du minist\u00e8re de la Culture, de l\u2019Industrie des Arts et du Spectacle le jeudi 17 f\u00e9vrier \u00e0 la Salle Lougah-Dj\u00e9dj\u00e9 du Palais de la Culture de Treichville. Comme chaque ann\u00e9e, le minist\u00e8re de la Culture, de l\u2019Industrie des Arts et du Spectacle pr\u00e9sentes les grandes orientations de la politique culturelle annuelle pendant cet \u00e9v\u00e8nement. Au cours de cette c\u00e9r\u00e9monie plac\u00e9e sous le th\u00e8me &#8220;Les Industries Culturelles et Cr\u00e9atives au service du d\u00e9veloppement humain durable&#8221;, la salle a affich\u00e9 complet. <\/p>\n\n\n\n<figure class=\"wp-block-gallery columns-2 is-cropped wp-block-gallery-1 is-layout-flex wp-block-gallery-is-layout-flex\"><ul class=\"blocks-gallery-grid\"><li class=\"blocks-gallery-item\"><figure><img loading=\"lazy\" decoding=\"async\" width=\"960\" height=\"719\" src=\"https:\/\/7culture.ci\/wp-content\/uploads\/2022\/02\/Decoration2.jpg\" alt=\"\" data-id=\"19778\" data-full-url=\"https:\/\/7culture.ci\/wp-content\/uploads\/2022\/02\/Decoration2.jpg\" data-link=\"https:\/\/7culture.ci\/?attachment_id=19778\" class=\"wp-image-19778\" srcset=\"https:\/\/7culture.ci\/wp-content\/uploads\/2022\/02\/Decoration2.jpg 960w, https:\/\/7culture.ci\/wp-content\/uploads\/2022\/02\/Decoration2-300x225.jpg 300w, https:\/\/7culture.ci\/wp-content\/uploads\/2022\/02\/Decoration2-768x575.jpg 768w\" sizes=\"(max-width: 960px) 100vw, 960px\" \/><\/figure><\/li><li class=\"blocks-gallery-item\"><figure><img loading=\"lazy\" decoding=\"async\" width=\"796\" height=\"399\" src=\"https:\/\/7culture.ci\/wp-content\/uploads\/2022\/02\/Decoration5.jpg\" alt=\"\" data-id=\"19779\" data-full-url=\"https:\/\/7culture.ci\/wp-content\/uploads\/2022\/02\/Decoration5.jpg\" data-link=\"https:\/\/7culture.ci\/?attachment_id=19779\" class=\"wp-image-19779\" srcset=\"https:\/\/7culture.ci\/wp-content\/uploads\/2022\/02\/Decoration5.jpg 796w, https:\/\/7culture.ci\/wp-content\/uploads\/2022\/02\/Decoration5-300x150.jpg 300w, https:\/\/7culture.ci\/wp-content\/uploads\/2022\/02\/Decoration5-768x385.jpg 768w\" sizes=\"(max-width: 796px) 100vw, 796px\" \/><\/figure><\/li><\/ul><\/figure>\n\n\n\n<p>De nombreux acteurs des arts, des membres du gouvernement et des diplomates ont honor\u00e9 de leur pr\u00e9sence l\u2019invitation de la ministre Harlette Badou N\u2019Guessan Kouam\u00e9. \u00ab&nbsp;<strong><em>B\u00e2tir et consolider une \u00e9conomie culturelle durable est possible, gr\u00e2ce notamment \u00e0 la synergie d\u2019action de tous les acteurs, y compris tous ceux qui, remarquablement, ont trac\u00e9 depuis bien des ann\u00e9es, les sillons de notre industrie culturelle et cr\u00e9ative. J\u2019invite les uns et les autres \u00e0 s&#8217;engager \u00e0 la r\u00e9alisation des objectifs assign\u00e9s \u00e0 notre d\u00e9partement minist\u00e9riel, avec d\u00e9termination et abn\u00e9gation, pour que vivent les arts et la culture dans l&#8217;optique d&#8217;un d\u00e9veloppement humain durable et d\u2019une C\u00f4te d\u2019Ivoire solidaire<\/em><\/strong>&nbsp;\u00bb, a-t-elle exhort\u00e9 aux acteurs de son d\u00e9partement.<\/p>\n\n\n\n<figure class=\"wp-block-gallery columns-2 is-cropped wp-block-gallery-2 is-layout-flex wp-block-gallery-is-layout-flex\"><ul class=\"blocks-gallery-grid\"><li class=\"blocks-gallery-item\"><figure><img loading=\"lazy\" decoding=\"async\" width=\"719\" height=\"960\" src=\"https:\/\/7culture.ci\/wp-content\/uploads\/2022\/02\/Decoration1.jpg\" alt=\"\" data-id=\"19780\" data-full-url=\"https:\/\/7culture.ci\/wp-content\/uploads\/2022\/02\/Decoration1.jpg\" data-link=\"https:\/\/7culture.ci\/?attachment_id=19780\" class=\"wp-image-19780\" srcset=\"https:\/\/7culture.ci\/wp-content\/uploads\/2022\/02\/Decoration1.jpg 719w, https:\/\/7culture.ci\/wp-content\/uploads\/2022\/02\/Decoration1-225x300.jpg 225w\" sizes=\"(max-width: 719px) 100vw, 719px\" \/><\/figure><\/li><li class=\"blocks-gallery-item\"><figure><img loading=\"lazy\" decoding=\"async\" width=\"960\" height=\"719\" src=\"https:\/\/7culture.ci\/wp-content\/uploads\/2022\/02\/Decoration3.jpg\" alt=\"\" data-id=\"19781\" data-full-url=\"https:\/\/7culture.ci\/wp-content\/uploads\/2022\/02\/Decoration3.jpg\" data-link=\"https:\/\/7culture.ci\/?attachment_id=19781\" class=\"wp-image-19781\" srcset=\"https:\/\/7culture.ci\/wp-content\/uploads\/2022\/02\/Decoration3.jpg 960w, https:\/\/7culture.ci\/wp-content\/uploads\/2022\/02\/Decoration3-300x225.jpg 300w, https:\/\/7culture.ci\/wp-content\/uploads\/2022\/02\/Decoration3-768x575.jpg 768w\" sizes=\"(max-width: 960px) 100vw, 960px\" \/><\/figure><\/li><\/ul><\/figure>\n\n\n\n<p>Par Omar AK<\/p>\n\n\n\n<p>La liste compl\u00e8te des artistes d\u00e9cor\u00e9s<\/p>\n\n\n\n<p><strong>COMMANDEURS<\/strong><\/p>\n\n\n\n<p>Antoinette KONAN (Musique)<\/p>\n\n\n\n<p>Sidonie la Tigresse (Musique)<\/p>\n\n\n\n<p>TIMITE Bassori (Cin\u00e9ma)<\/p>\n\n\n\n<p>Mathieu ATTAWA (Th\u00e9\u00e2tre-cin\u00e9ma)<\/p>\n\n\n\n<p>Bienvenu NEBA (Th\u00e9\u00e2tre-cin\u00e9ma)<\/p>\n\n\n\n<p>ADJE Daniel (Th\u00e9\u00e2tre-cin\u00e9ma)<\/p>\n\n\n\n<p>W\u00ear\u00ea W\u00ear\u00ea Liking (Danse-Th\u00e9\u00e2tre)<\/p>\n\n\n\n<p>Samir Stenka (Peintre)<\/p>\n\n\n\n<p><strong>OFFICIERS<\/strong><\/p>\n\n\n\n<p>Aicha KONE (Musique)<\/p>\n\n\n\n<p>BAMBA Bakary (Cin\u00e9ma)<\/p>\n\n\n\n<p>Akissi Delta (Cin\u00e9ma)<\/p>\n\n\n\n<p>Th\u00e9r\u00e8se TABA (Th\u00e9\u00e2tre-cin\u00e9ma)<\/p>\n\n\n\n<p>Djabo Steck (Musique)<\/p>\n\n\n\n<p>Fatou SYLLA (Galeriste)<\/p>\n\n\n\n<p>Ebah Aka J\u00e9r\u00f4me (Musique)<\/p>\n\n\n\n<p>Djir\u00e9 Mah\u00e9 (Peintre)<\/p>\n\n\n\n<p>Asalfo (Musique)<\/p>\n\n\n\n<p>Manadja (Musique)<\/p>\n\n\n\n<p>Tino (Musique)<\/p>\n\n\n\n<p>Goud\u00e9 (Musique)<\/p>\n\n\n\n<p>Wedji Ped (Musique)<\/p>\n\n\n\n<p>S\u00e9ry Simplice (Musique)<\/p>\n\n\n\n<p>Koffi Donkor (Sculpteur)<\/p>\n\n\n\n<p>Monn\u00e9 Bou (Peintre)<\/p>\n\n\n\n<p>Anne KAKOU (Cin\u00e9ma-Th\u00e9\u00e2tre)<\/p>\n\n\n\n<p>APPIAH Moro (Musique)<\/p>\n\n\n\n<p>Tonton Etiennot (Musique)<\/p>\n\n\n\n<p>Germain Bi Gokon (Musique)<\/p>\n\n\n\n<p>OBIN Manf\u00e9i (Conte-Th\u00e9\u00e2tre)<\/p>\n\n\n\n<p><strong><u>CHEVALIERS<\/u><\/strong><\/p>\n\n\n\n<p>Coulibaly Salif (Danse)<\/p>\n\n\n\n<p>Tamsir DIA (Peintre)<\/p>\n\n\n\n<p>L\u00e9a Dubois (Cin\u00e9ma-Th\u00e9\u00e2tre)<\/p>\n\n\n\n<p>Matiangu\u00e9 KAMARA (Musique)<\/p>\n\n\n\n<p>Anass\u00e9 Kouassi (Musique)<\/p>\n\n\n\n<p>SINA L\u00e9on (Musique)<\/p>\n\n\n\n<p>Drissaba (Musique)<\/p>\n\n\n\n<p>Amoin (Cin\u00e9ma-Th\u00e9\u00e2tre)<\/p>\n\n\n\n<p>Cl\u00e9cl\u00e9 (Cin\u00e9ma-Th\u00e9\u00e2tre)<\/p>\n\n\n\n<p>KASSI Perp\u00e9tue (Musique)<\/p>\n\n\n\n<p>Gbaz\u00e9 Th\u00e9r\u00e8se (Cin\u00e9ma-Th\u00e9\u00e2tre)<\/p>\n\n\n\n<p>Daouda le Sentimental (Musique)<\/p>\n\n\n\n<p>Paul Wassaba (Musique)<\/p>\n\n\n\n<p>K\u00e9k\u00e9 Kassiry (Musique)<\/p>\n\n\n\n<p>Ano SOTHECA (Danse-Cin\u00e9ma)<\/p>\n\n\n\n<p>Gbi de Fer (Cin\u00e9ma-Th\u00e9\u00e2tre)<\/p>\n\n\n\n<p>Christophe DADIE (C\u00e9ramique)<\/p>\n\n\n\n<p>Djuedjuessi (Cin\u00e9ma-Th\u00e9\u00e2tre)<\/p>\n\n\n\n<p>Katy LOBA (Musique)<\/p>\n\n\n\n<p>Dent de Man (Cin\u00e9ma-Th\u00e9\u00e2tre)<\/p>\n\n\n\n<p>YAO Tanoh Edouard (Musique)<\/p>\n\n\n\n<p>Teisson (Cin\u00e9ma-Th\u00e9\u00e2tre)<\/p>\n\n\n\n<p>Rams\u00e8s de Kimon (Musique)<\/p>\n\n\n\n<p>Tchambo (Musique)<\/p>\n\n\n\n<p>Amani Djoni (Musique)<\/p>\n\n\n\n<p>GG L\u00e9opoldine (Musique)<\/p>\n\n\n\n<p>Mariam Sy DIAWARA (Editeur)<\/p>\n\n\n\n<p>Jos\u00e9 TOURE (Promoteur)<\/p>\n\n\n\n<p>Omega David (Cin\u00e9ma-Th\u00e9\u00e2tre)<\/p>\n\n\n\n<p>Aristide DIKO (Musique)<\/p>\n\n\n\n<p>N\u2019guess Bon Sens (Musique)<\/p>\n\n\n\n<p>GUEHI Veh (Cin\u00e9ma-Th\u00e9\u00e2tre)<\/p>\n\n\n\n<p>Akow\u00e9 (Cin\u00e9ma-Th\u00e9\u00e2tre)<\/p>\n","protected":false},"excerpt":{"rendered":"<p>87 acteurs culturels \u00e9lev\u00e9s respectivement aux grades de commandeurs (10), officiers (21) et chevaliers (56) dans l\u2019ordre du m\u00e9rite culturel ivoirien&nbsp;! C\u2019\u00e9tait l\u2019une des articulations majeures qui a marqu\u00e9 la rentr\u00e9e culturelle du minist\u00e8re de la Culture, de l\u2019Industrie des Arts et du Spectacle le jeudi 17 f\u00e9vrier \u00e0 la Salle Lougah-Dj\u00e9dj\u00e9 du Palais de &hellip;<\/p>\n<p class=\"read-more\"> <a class=\"\" href=\"https:\/\/7culture.ci\/index.php\/2022\/02\/18\/rentree-culturelle-2022-decouvrez-les-artistes-decores\/\"> <span class=\"screen-reader-text\">Rentr\u00e9e Culturelle 2022: D\u00e9couvrez les artistes d\u00e9cor\u00e9s!<\/span> Lire la suite\u00a0\u00bb<\/a><\/p>\n","protected":false},"author":1,"featured_media":19777,"comment_status":"open","ping_status":"open","sticky":false,"template":"","format":"standard","meta":{"_mi_skip_tracking":false,"_monsterinsights_sitenote_active":false,"_monsterinsights_sitenote_note":"","_monsterinsights_sitenote_category":0,"site-sidebar-layout":"default","site-content-layout":"default","ast-global-header-display":"","ast-main-header-display":"","ast-hfb-above-header-display":"","ast-hfb-below-header-display":"","ast-hfb-mobile-header-display":"","site-post-title":"","ast-breadcrumbs-content":"","ast-featured-img":"","footer-sml-layout":"","theme-transparent-header-meta":"","adv-header-id-meta":"","stick-header-meta":"","header-above-stick-meta":"","header-main-stick-meta":"","header-below-stick-meta":"","footnotes":"","jetpack_publicize_message":"","jetpack_is_tweetstorm":false,"jetpack_publicize_feature_enabled":true},"categories":[22],"tags":[],"jetpack_publicize_connections":[],"acf":[],"aioseo_notices":[],"yoast_head":"<!-- This site is optimized with the Yoast SEO plugin v19.6.1 - https:\/\/yoast.com\/wordpress\/plugins\/seo\/ -->\n<title>Rentr\u00e9e Culturelle 2022: D\u00e9couvrez les artistes d\u00e9cor\u00e9s! - 7culture<\/title>\n<meta name=\"robots\" content=\"index, follow, max-snippet:-1, max-image-preview:large, max-video-preview:-1\" \/>\n<link rel=\"canonical\" href=\"https:\/\/7culture.ci\/index.php\/2022\/02\/18\/rentree-culturelle-2022-decouvrez-les-artistes-decores\/\" \/>\n<meta property=\"og:locale\" content=\"fr_FR\" \/>\n<meta property=\"og:type\" content=\"article\" \/>\n<meta property=\"og:title\" content=\"Rentr\u00e9e Culturelle 2022: D\u00e9couvrez les artistes d\u00e9cor\u00e9s! - 7culture\" \/>\n<meta property=\"og:description\" content=\"87 acteurs culturels \u00e9lev\u00e9s respectivement aux grades de commandeurs (10), officiers (21) et chevaliers (56) dans l\u2019ordre du m\u00e9rite culturel ivoirien&nbsp;! C\u2019\u00e9tait l\u2019une des articulations majeures qui a marqu\u00e9 la rentr\u00e9e culturelle du minist\u00e8re de la Culture, de l\u2019Industrie des Arts et du Spectacle le jeudi 17 f\u00e9vrier \u00e0 la Salle Lougah-Dj\u00e9dj\u00e9 du Palais de &hellip; Rentr\u00e9e Culturelle 2022: D\u00e9couvrez les artistes d\u00e9cor\u00e9s! Lire la suite\u00a0\u00bb\" \/>\n<meta property=\"og:url\" content=\"https:\/\/7culture.ci\/index.php\/2022\/02\/18\/rentree-culturelle-2022-decouvrez-les-artistes-decores\/\" \/>\n<meta property=\"og:site_name\" content=\"7culture\" \/>\n<meta property=\"article:publisher\" content=\"https:\/\/www.facebook.com\/redchefclaude\" \/>\n<meta property=\"article:published_time\" content=\"2022-02-18T12:55:55+00:00\" \/>\n<meta property=\"article:modified_time\" content=\"2022-02-24T13:20:44+00:00\" \/>\n<meta property=\"og:image\" content=\"http:\/\/7culture.ci\/wp-content\/uploads\/2022\/02\/Decoration4.jpg\" \/>\n\t<meta property=\"og:image:width\" content=\"2048\" \/>\n\t<meta property=\"og:image:height\" content=\"1536\" \/>\n\t<meta property=\"og:image:type\" content=\"image\/jpeg\" \/>\n<meta name=\"author\" content=\"7culture2020\" \/>\n<meta name=\"twitter:card\" content=\"summary_large_image\" \/>\n<meta name=\"twitter:creator\" content=\"@7culturec\" \/>\n<meta name=\"twitter:site\" content=\"@7culturec\" \/>\n<meta name=\"twitter:label1\" content=\"\u00c9crit par\" \/>\n\t<meta name=\"twitter:data1\" content=\"7culture2020\" \/>\n\t<meta name=\"twitter:label2\" content=\"Dur\u00e9e de lecture estim\u00e9e\" \/>\n\t<meta name=\"twitter:data2\" content=\"3 minutes\" \/>\n<script type=\"application\/ld+json\" class=\"yoast-schema-graph\">{\"@context\":\"https:\/\/schema.org\",\"@graph\":[{\"@type\":\"Article\",\"@id\":\"https:\/\/7culture.ci\/index.php\/2022\/02\/18\/rentree-culturelle-2022-decouvrez-les-artistes-decores\/#article\",\"isPartOf\":{\"@id\":\"https:\/\/7culture.ci\/index.php\/2022\/02\/18\/rentree-culturelle-2022-decouvrez-les-artistes-decores\/\"},\"author\":{\"name\":\"7culture2020\",\"@id\":\"https:\/\/7culture.ci\/#\/schema\/person\/16150d28d7ef66ba788c1f87f28c4426\"},\"headline\":\"Rentr\u00e9e Culturelle 2022: D\u00e9couvrez les artistes d\u00e9cor\u00e9s!\",\"datePublished\":\"2022-02-18T12:55:55+00:00\",\"dateModified\":\"2022-02-24T13:20:44+00:00\",\"mainEntityOfPage\":{\"@id\":\"https:\/\/7culture.ci\/index.php\/2022\/02\/18\/rentree-culturelle-2022-decouvrez-les-artistes-decores\/\"},\"wordCount\":525,\"commentCount\":0,\"publisher\":{\"@id\":\"https:\/\/7culture.ci\/#organization\"},\"articleSection\":[\"Actualit\u00e9\"],\"inLanguage\":\"fr-FR\",\"potentialAction\":[{\"@type\":\"CommentAction\",\"name\":\"Comment\",\"target\":[\"https:\/\/7culture.ci\/index.php\/2022\/02\/18\/rentree-culturelle-2022-decouvrez-les-artistes-decores\/#respond\"]}]},{\"@type\":\"WebPage\",\"@id\":\"https:\/\/7culture.ci\/index.php\/2022\/02\/18\/rentree-culturelle-2022-decouvrez-les-artistes-decores\/\",\"url\":\"https:\/\/7culture.ci\/index.php\/2022\/02\/18\/rentree-culturelle-2022-decouvrez-les-artistes-decores\/\",\"name\":\"Rentr\u00e9e Culturelle 2022: D\u00e9couvrez les artistes d\u00e9cor\u00e9s! - 7culture\",\"isPartOf\":{\"@id\":\"https:\/\/7culture.ci\/#website\"},\"datePublished\":\"2022-02-18T12:55:55+00:00\",\"dateModified\":\"2022-02-24T13:20:44+00:00\",\"breadcrumb\":{\"@id\":\"https:\/\/7culture.ci\/index.php\/2022\/02\/18\/rentree-culturelle-2022-decouvrez-les-artistes-decores\/#breadcrumb\"},\"inLanguage\":\"fr-FR\",\"potentialAction\":[{\"@type\":\"ReadAction\",\"target\":[\"https:\/\/7culture.ci\/index.php\/2022\/02\/18\/rentree-culturelle-2022-decouvrez-les-artistes-decores\/\"]}]},{\"@type\":\"BreadcrumbList\",\"@id\":\"https:\/\/7culture.ci\/index.php\/2022\/02\/18\/rentree-culturelle-2022-decouvrez-les-artistes-decores\/#breadcrumb\",\"itemListElement\":[{\"@type\":\"ListItem\",\"position\":1,\"name\":\"Accueil\",\"item\":\"https:\/\/7culture.ci\/\"},{\"@type\":\"ListItem\",\"position\":2,\"name\":\"Rentr\u00e9e Culturelle 2022: D\u00e9couvrez les artistes d\u00e9cor\u00e9s!\"}]},{\"@type\":\"WebSite\",\"@id\":\"https:\/\/7culture.ci\/#website\",\"url\":\"https:\/\/7culture.ci\/\",\"name\":\"7culture\",\"description\":\"Tout sur l&#039;actualit\u00e9\",\"publisher\":{\"@id\":\"https:\/\/7culture.ci\/#organization\"},\"potentialAction\":[{\"@type\":\"SearchAction\",\"target\":{\"@type\":\"EntryPoint\",\"urlTemplate\":\"https:\/\/7culture.ci\/?s={search_term_string}\"},\"query-input\":\"required name=search_term_string\"}],\"inLanguage\":\"fr-FR\"},{\"@type\":\"Organization\",\"@id\":\"https:\/\/7culture.ci\/#organization\",\"name\":\"7culture\",\"url\":\"https:\/\/7culture.ci\/\",\"sameAs\":[\"https:\/\/www.facebook.com\/redchefclaude\",\"https:\/\/twitter.com\/7culturec\"],\"logo\":{\"@type\":\"ImageObject\",\"inLanguage\":\"fr-FR\",\"@id\":\"https:\/\/7culture.ci\/#\/schema\/logo\/image\/\",\"url\":\"https:\/\/7culture.ci\/wp-content\/uploads\/2021\/12\/S1a-1.png\",\"contentUrl\":\"https:\/\/7culture.ci\/wp-content\/uploads\/2021\/12\/S1a-1.png\",\"width\":588,\"height\":192,\"caption\":\"7culture\"},\"image\":{\"@id\":\"https:\/\/7culture.ci\/#\/schema\/logo\/image\/\"}},{\"@type\":\"Person\",\"@id\":\"https:\/\/7culture.ci\/#\/schema\/person\/16150d28d7ef66ba788c1f87f28c4426\",\"name\":\"7culture2020\",\"image\":{\"@type\":\"ImageObject\",\"inLanguage\":\"fr-FR\",\"@id\":\"https:\/\/7culture.ci\/#\/schema\/person\/image\/\",\"url\":\"https:\/\/secure.gravatar.com\/avatar\/9a0784f951306c37bcd065f52844ef95?s=96&d=mm&r=g\",\"contentUrl\":\"https:\/\/secure.gravatar.com\/avatar\/9a0784f951306c37bcd065f52844ef95?s=96&d=mm&r=g\",\"caption\":\"7culture2020\"},\"sameAs\":[\"http:\/\/7culture.ci\",\"Claude.kipre\"],\"url\":\"https:\/\/7culture.ci\/index.php\/author\/7culture2020\/\"}]}<\/script>\n<!-- \/ Yoast SEO plugin. -->","yoast_head_json":{"title":"Rentr\u00e9e Culturelle 2022: D\u00e9couvrez les artistes d\u00e9cor\u00e9s! - 7culture","robots":{"index":"index","follow":"follow","max-snippet":"max-snippet:-1","max-image-preview":"max-image-preview:large","max-video-preview":"max-video-preview:-1"},"canonical":"https:\/\/7culture.ci\/index.php\/2022\/02\/18\/rentree-culturelle-2022-decouvrez-les-artistes-decores\/","og_locale":"fr_FR","og_type":"article","og_title":"Rentr\u00e9e Culturelle 2022: D\u00e9couvrez les artistes d\u00e9cor\u00e9s! - 7culture","og_description":"87 acteurs culturels \u00e9lev\u00e9s respectivement aux grades de commandeurs (10), officiers (21) et chevaliers (56) dans l\u2019ordre du m\u00e9rite culturel ivoirien&nbsp;! C\u2019\u00e9tait l\u2019une des articulations majeures qui a marqu\u00e9 la rentr\u00e9e culturelle du minist\u00e8re de la Culture, de l\u2019Industrie des Arts et du Spectacle le jeudi 17 f\u00e9vrier \u00e0 la Salle Lougah-Dj\u00e9dj\u00e9 du Palais de &hellip; Rentr\u00e9e Culturelle 2022: D\u00e9couvrez les artistes d\u00e9cor\u00e9s! Lire la suite\u00a0\u00bb","og_url":"https:\/\/7culture.ci\/index.php\/2022\/02\/18\/rentree-culturelle-2022-decouvrez-les-artistes-decores\/","og_site_name":"7culture","article_publisher":"https:\/\/www.facebook.com\/redchefclaude","article_published_time":"2022-02-18T12:55:55+00:00","article_modified_time":"2022-02-24T13:20:44+00:00","og_image":[{"width":2048,"height":1536,"url":"http:\/\/7culture.ci\/wp-content\/uploads\/2022\/02\/Decoration4.jpg","type":"image\/jpeg"}],"author":"7culture2020","twitter_card":"summary_large_image","twitter_creator":"@7culturec","twitter_site":"@7culturec","twitter_misc":{"\u00c9crit par":"7culture2020","Dur\u00e9e de lecture estim\u00e9e":"3 minutes"},"schema":{"@context":"https:\/\/schema.org","@graph":[{"@type":"Article","@id":"https:\/\/7culture.ci\/index.php\/2022\/02\/18\/rentree-culturelle-2022-decouvrez-les-artistes-decores\/#article","isPartOf":{"@id":"https:\/\/7culture.ci\/index.php\/2022\/02\/18\/rentree-culturelle-2022-decouvrez-les-artistes-decores\/"},"author":{"name":"7culture2020","@id":"https:\/\/7culture.ci\/#\/schema\/person\/16150d28d7ef66ba788c1f87f28c4426"},"headline":"Rentr\u00e9e Culturelle 2022: D\u00e9couvrez les artistes d\u00e9cor\u00e9s!","datePublished":"2022-02-18T12:55:55+00:00","dateModified":"2022-02-24T13:20:44+00:00","mainEntityOfPage":{"@id":"https:\/\/7culture.ci\/index.php\/2022\/02\/18\/rentree-culturelle-2022-decouvrez-les-artistes-decores\/"},"wordCount":525,"commentCount":0,"publisher":{"@id":"https:\/\/7culture.ci\/#organization"},"articleSection":["Actualit\u00e9"],"inLanguage":"fr-FR","potentialAction":[{"@type":"CommentAction","name":"Comment","target":["https:\/\/7culture.ci\/index.php\/2022\/02\/18\/rentree-culturelle-2022-decouvrez-les-artistes-decores\/#respond"]}]},{"@type":"WebPage","@id":"https:\/\/7culture.ci\/index.php\/2022\/02\/18\/rentree-culturelle-2022-decouvrez-les-artistes-decores\/","url":"https:\/\/7culture.ci\/index.php\/2022\/02\/18\/rentree-culturelle-2022-decouvrez-les-artistes-decores\/","name":"Rentr\u00e9e Culturelle 2022: D\u00e9couvrez les artistes d\u00e9cor\u00e9s! - 7culture","isPartOf":{"@id":"https:\/\/7culture.ci\/#website"},"datePublished":"2022-02-18T12:55:55+00:00","dateModified":"2022-02-24T13:20:44+00:00","breadcrumb":{"@id":"https:\/\/7culture.ci\/index.php\/2022\/02\/18\/rentree-culturelle-2022-decouvrez-les-artistes-decores\/#breadcrumb"},"inLanguage":"fr-FR","potentialAction":[{"@type":"ReadAction","target":["https:\/\/7culture.ci\/index.php\/2022\/02\/18\/rentree-culturelle-2022-decouvrez-les-artistes-decores\/"]}]},{"@type":"BreadcrumbList","@id":"https:\/\/7culture.ci\/index.php\/2022\/02\/18\/rentree-culturelle-2022-decouvrez-les-artistes-decores\/#breadcrumb","itemListElement":[{"@type":"ListItem","position":1,"name":"Accueil","item":"https:\/\/7culture.ci\/"},{"@type":"ListItem","position":2,"name":"Rentr\u00e9e Culturelle 2022: D\u00e9couvrez les artistes d\u00e9cor\u00e9s!"}]},{"@type":"WebSite","@id":"https:\/\/7culture.ci\/#website","url":"https:\/\/7culture.ci\/","name":"7culture","description":"Tout sur l&#039;actualit\u00e9","publisher":{"@id":"https:\/\/7culture.ci\/#organization"},"potentialAction":[{"@type":"SearchAction","target":{"@type":"EntryPoint","urlTemplate":"https:\/\/7culture.ci\/?s={search_term_string}"},"query-input":"required name=search_term_string"}],"inLanguage":"fr-FR"},{"@type":"Organization","@id":"https:\/\/7culture.ci\/#organization","name":"7culture","url":"https:\/\/7culture.ci\/","sameAs":["https:\/\/www.facebook.com\/redchefclaude","https:\/\/twitter.com\/7culturec"],"logo":{"@type":"ImageObject","inLanguage":"fr-FR","@id":"https:\/\/7culture.ci\/#\/schema\/logo\/image\/","url":"https:\/\/7culture.ci\/wp-content\/uploads\/2021\/12\/S1a-1.png","contentUrl":"https:\/\/7culture.ci\/wp-content\/uploads\/2021\/12\/S1a-1.png","width":588,"height":192,"caption":"7culture"},"image":{"@id":"https:\/\/7culture.ci\/#\/schema\/logo\/image\/"}},{"@type":"Person","@id":"https:\/\/7culture.ci\/#\/schema\/person\/16150d28d7ef66ba788c1f87f28c4426","name":"7culture2020","image":{"@type":"ImageObject","inLanguage":"fr-FR","@id":"https:\/\/7culture.ci\/#\/schema\/person\/image\/","url":"https:\/\/secure.gravatar.com\/avatar\/9a0784f951306c37bcd065f52844ef95?s=96&d=mm&r=g","contentUrl":"https:\/\/secure.gravatar.com\/avatar\/9a0784f951306c37bcd065f52844ef95?s=96&d=mm&r=g","caption":"7culture2020"},"sameAs":["http:\/\/7culture.ci","Claude.kipre"],"url":"https:\/\/7culture.ci\/index.php\/author\/7culture2020\/"}]}},"jetpack_featured_media_url":"https:\/\/7culture.ci\/wp-content\/uploads\/2022\/02\/Decoration4.jpg","jetpack_likes_enabled":true,"jetpack_sharing_enabled":true,"_links":{"self":[{"href":"https:\/\/7culture.ci\/index.php\/wp-json\/wp\/v2\/posts\/19776"}],"collection":[{"href":"https:\/\/7culture.ci\/index.php\/wp-json\/wp\/v2\/posts"}],"about":[{"href":"https:\/\/7culture.ci\/index.php\/wp-json\/wp\/v2\/types\/post"}],"author":[{"embeddable":true,"href":"https:\/\/7culture.ci\/index.php\/wp-json\/wp\/v2\/users\/1"}],"replies":[{"embeddable":true,"href":"https:\/\/7culture.ci\/index.php\/wp-json\/wp\/v2\/comments?post=19776"}],"version-history":[{"count":0,"href":"https:\/\/7culture.ci\/index.php\/wp-json\/wp\/v2\/posts\/19776\/revisions"}],"wp:featuredmedia":[{"embeddable":true,"href":"https:\/\/7culture.ci\/index.php\/wp-json\/wp\/v2\/media\/19777"}],"wp:attachment":[{"href":"https:\/\/7culture.ci\/index.php\/wp-json\/wp\/v2\/media?parent=19776"}],"wp:term":[{"taxonomy":"category","embeddable":true,"href":"https:\/\/7culture.ci\/index.php\/wp-json\/wp\/v2\/categories?post=19776"},{"taxonomy":"post_tag","embeddable":true,"href":"https:\/\/7culture.ci\/index.php\/wp-json\/wp\/v2\/tags?post=19776"}],"curies":[{"name":"wp","href":"https:\/\/api.w.org\/{rel}","templated":true}]}}