{"id":19759,"date":"2022-02-17T15:44:13","date_gmt":"2022-02-17T14:44:13","guid":{"rendered":"https:\/\/7culture.ci\/?p=19759"},"modified":"2022-02-17T15:44:18","modified_gmt":"2022-02-17T14:44:18","slug":"defiguree-par-un-soin-esthetique-linda-evangelista-se-montre-enfin","status":"publish","type":"post","link":"https:\/\/7culture.ci\/index.php\/2022\/02\/17\/defiguree-par-un-soin-esthetique-linda-evangelista-se-montre-enfin\/","title":{"rendered":"D\u00e9figur\u00e9e par un soin esth\u00e9tique, Linda Evangelista se montre enfin"},"content":{"rendered":"\n<p><strong><em>L&#8217;ancien mannequin Linda Evangelista a accept\u00e9 de poser pour \u00abPeople\u00bb, se montrant enfin apr\u00e8s avoir \u00e9t\u00e9 \u00abd\u00e9figur\u00e9e\u00bb par un soin esth\u00e9tique.<\/em><\/strong><\/p>\n\n\n\n<p>Elle a \u00e9t\u00e9 l\u2019une des femmes les plus photographi\u00e9es au monde mais vivait dans l\u2019obscurit\u00e9 depuis cinq ans. Linda Evangelista, \u00abd\u00e9figur\u00e9e\u00bb par un traitement esth\u00e9tique, est enfin pr\u00eate \u00e0 revenir sous le feu des projecteurs. Le top-mod\u00e8le, ayant d\u00e9fil\u00e9 pour les plus grands cr\u00e9ateurs, a accept\u00e9 de poser pour \u00abPeople \u00bb et s&#8217;est confi\u00e9e sur ces ann\u00e9es pass\u00e9es \u00e0 se cacher apr\u00e8s avoir \u00e9t\u00e9 \u00abd\u00e9form\u00e9e\u00bb et \u00abbrutalement d\u00e9figur\u00e9e\u00bb, selon ses dires.<\/p>\n\n\n\n<p>Le mannequin de 56 ans a intent\u00e9 une action en justice en septembre dernier, r\u00e9clamant 50 millions de dollars \u00e0 la soci\u00e9t\u00e9 \u00e0 l\u2019origine de tous ses maux. \u00ab<strong><em>J&#8217;adorais \u00eatre sur le podium. Maintenant, j&#8217;ai peur de croiser quelqu&#8217;un que je connais<\/em><\/strong>\u00bb, a-t-elle dit au magazine am\u00e9ricain, dont elle fait la Une cette semaine. \u00ab<strong><em>Je ne peux plus vivre comme \u00e7a, dans la clandestinit\u00e9 et la honte. Je ne peux plus vivre dans cette douleur. Je veux enfin parler<\/em><\/strong>\u00bb, a-t-elle d\u00e9clar\u00e9.<\/p>\n\n\n\n<figure class=\"wp-block-image size-full\"><img loading=\"lazy\" decoding=\"async\" width=\"400\" height=\"253\" src=\"https:\/\/7culture.ci\/wp-content\/uploads\/2022\/02\/linda2.jpg\" alt=\"\" class=\"wp-image-19761\" srcset=\"https:\/\/7culture.ci\/wp-content\/uploads\/2022\/02\/linda2.jpg 400w, https:\/\/7culture.ci\/wp-content\/uploads\/2022\/02\/linda2-300x190.jpg 300w\" sizes=\"(max-width: 400px) 100vw, 400px\" \/><\/figure>\n\n\n\n<p><strong>&#8220;Je ne me reconnais plus&#8221;<\/strong><\/p>\n\n\n\n<p>Dans les mois qui ont suivi les traitements, Linda Evangelista a commenc\u00e9 \u00e0 remarquer des gonflements au niveau du menton, des cuisses et de la poitrine. Ces zones, qu\u2019elle souhaitait initialement affiner, ont gonfl\u00e9 et se sont durcies soudainement. \u00ab<strong><em>J&#8217;ai essay\u00e9 d\u2019arranger les choses moi-m\u00eame, pensant que j\u2019avais fait quelque chose de mal<\/em><\/strong>\u00bb, a confi\u00e9 la Canadienne, pr\u00e9cisant qu\u2019elle a commenc\u00e9 \u00e0 suivre un r\u00e9gime et \u00e0 faire du sport. \u00ab<strong><em>Je suis arriv\u00e9 au stade o\u00f9 je ne mangeais pas du tout. Je pensais que je perdais la t\u00eate<\/em><\/strong>\u00bb, peut-on lire.<\/p>\n\n\n\n<div class=\"wp-block-image\"><figure class=\"aligncenter size-large is-resized\"><img loading=\"lazy\" decoding=\"async\" src=\"https:\/\/7culture.ci\/wp-content\/uploads\/2022\/02\/linda1-811x1024.jpg\" alt=\"\" class=\"wp-image-19762\" width=\"506\" height=\"639\" srcset=\"https:\/\/7culture.ci\/wp-content\/uploads\/2022\/02\/linda1-811x1024.jpg 811w, https:\/\/7culture.ci\/wp-content\/uploads\/2022\/02\/linda1-238x300.jpg 238w, https:\/\/7culture.ci\/wp-content\/uploads\/2022\/02\/linda1-768x970.jpg 768w, https:\/\/7culture.ci\/wp-content\/uploads\/2022\/02\/linda1.jpg 950w\" sizes=\"(max-width: 506px) 100vw, 506px\" \/><\/figure><\/div>\n\n\n\n<p>Elle a ensuite racont\u00e9 qu\u2019en juin 2016, les m\u00e9decins lui disent qu\u2019aucun r\u00e9gime et qu\u2019aucun sport ne pourraient r\u00e9gler son probl\u00e8me, et qu\u2019elle souffrait d\u2019une hyperplasie adipeuse paradoxale, un effet secondaire qui touche moins de 1% des patients ayant touch\u00e9 \u00e0 ce traitement esth\u00e9tique.<\/p>\n\n\n\n<p>\u00ab<strong><em>Je ne me regarde pas dans le miroir. \u00c7a ne me ressemble pas\u00bb, a ajout\u00e9 celle qui a fait la Une de plus de 700 magazines au cours de sa carri\u00e8re. \u00abAucun mannequin n&#8217;\u00e9tait aussi super que Linda<\/em><\/strong>\u00bb, avait m\u00eame d\u00e9clar\u00e9 la papesse de la mode, Anna Wintour. Cette derni\u00e8re l\u2019avait choisie \u00e0 onze reprises pour \u00eatre en couverture de \u00abVogue\u00bb. \u00ab<strong><em>Pourquoi ressentons-nous le besoin de faire ces choses [\u00e0 notre corps] ? J&#8217;ai toujours su que je vieillirais. Et je sais qu&#8217;il y a des choses qu&#8217;un corps traverse. Mais je ne pensais pas que je ressemblerais \u00e0 \u00e7a. Je ne me reconnais pas physiquement, mais je ne me reconnais plus non plus en tant que personne. Elle [le mannequin de l\u2019\u00e9poque, ndlr] est en quelque sorte partie<\/em><\/strong>\u00bb, a-t-l\u00e2ch\u00e9. La suite <strong><a href=\"https:\/\/www.parismatch.com\/People\/Defiguree-par-un-soin-esthetique-Linda-Evangelista-se-montre-enfin-1788546?xtor=EPR-2-[Newsletter_Avant_Premiere]&amp;utm_source=email&amp;utm_medium=newsletter&amp;utm_campaign=quotidienne&amp;cid=23580&amp;mid=189020626\">ICI.<\/a><\/strong><\/p>\n\n\n\n<figure class=\"wp-block-image size-full is-resized\"><img loading=\"lazy\" decoding=\"async\" src=\"https:\/\/7culture.ci\/wp-content\/uploads\/2022\/02\/linda4.jpg\" alt=\"\" class=\"wp-image-19763\" width=\"433\" height=\"672\" srcset=\"https:\/\/7culture.ci\/wp-content\/uploads\/2022\/02\/linda4.jpg 620w, https:\/\/7culture.ci\/wp-content\/uploads\/2022\/02\/linda4-194x300.jpg 194w\" sizes=\"(max-width: 433px) 100vw, 433px\" \/><\/figure>\n","protected":false},"excerpt":{"rendered":"<p>L&#8217;ancien mannequin Linda Evangelista a accept\u00e9 de poser pour \u00abPeople\u00bb, se montrant enfin apr\u00e8s avoir \u00e9t\u00e9 \u00abd\u00e9figur\u00e9e\u00bb par un soin esth\u00e9tique. Elle a \u00e9t\u00e9 l\u2019une des femmes les plus photographi\u00e9es au monde mais vivait dans l\u2019obscurit\u00e9 depuis cinq ans. Linda Evangelista, \u00abd\u00e9figur\u00e9e\u00bb par un traitement esth\u00e9tique, est enfin pr\u00eate \u00e0 revenir sous le feu des &hellip;<\/p>\n<p class=\"read-more\"> <a class=\"\" href=\"https:\/\/7culture.ci\/index.php\/2022\/02\/17\/defiguree-par-un-soin-esthetique-linda-evangelista-se-montre-enfin\/\"> <span class=\"screen-reader-text\">D\u00e9figur\u00e9e par un soin esth\u00e9tique, Linda Evangelista se montre enfin<\/span> Lire la suite\u00a0\u00bb<\/a><\/p>\n","protected":false},"author":1,"featured_media":19760,"comment_status":"open","ping_status":"open","sticky":false,"template":"","format":"standard","meta":{"_mi_skip_tracking":false,"_monsterinsights_sitenote_active":false,"_monsterinsights_sitenote_note":"","_monsterinsights_sitenote_category":0,"site-sidebar-layout":"default","site-content-layout":"default","ast-global-header-display":"","ast-main-header-display":"","ast-hfb-above-header-display":"","ast-hfb-below-header-display":"","ast-hfb-mobile-header-display":"","site-post-title":"","ast-breadcrumbs-content":"","ast-featured-img":"","footer-sml-layout":"","theme-transparent-header-meta":"","adv-header-id-meta":"","stick-header-meta":"","header-above-stick-meta":"","header-main-stick-meta":"","header-below-stick-meta":"","footnotes":"","jetpack_publicize_message":"","jetpack_is_tweetstorm":false,"jetpack_publicize_feature_enabled":true},"categories":[45],"tags":[],"jetpack_publicize_connections":[],"acf":[],"aioseo_notices":[],"yoast_head":"<!-- This site is optimized with the Yoast SEO plugin v19.6.1 - https:\/\/yoast.com\/wordpress\/plugins\/seo\/ -->\n<title>D\u00e9figur\u00e9e par un soin esth\u00e9tique, Linda Evangelista se montre enfin -<\/title>\n<meta name=\"robots\" content=\"index, follow, max-snippet:-1, max-image-preview:large, max-video-preview:-1\" \/>\n<link rel=\"canonical\" href=\"https:\/\/7culture.ci\/index.php\/2022\/02\/17\/defiguree-par-un-soin-esthetique-linda-evangelista-se-montre-enfin\/\" \/>\n<meta property=\"og:locale\" content=\"fr_FR\" \/>\n<meta property=\"og:type\" content=\"article\" \/>\n<meta property=\"og:title\" content=\"D\u00e9figur\u00e9e par un soin esth\u00e9tique, Linda Evangelista se montre enfin -\" \/>\n<meta property=\"og:description\" content=\"L&#8217;ancien mannequin Linda Evangelista a accept\u00e9 de poser pour \u00abPeople\u00bb, se montrant enfin apr\u00e8s avoir \u00e9t\u00e9 \u00abd\u00e9figur\u00e9e\u00bb par un soin esth\u00e9tique. Elle a \u00e9t\u00e9 l\u2019une des femmes les plus photographi\u00e9es au monde mais vivait dans l\u2019obscurit\u00e9 depuis cinq ans. Linda Evangelista, \u00abd\u00e9figur\u00e9e\u00bb par un traitement esth\u00e9tique, est enfin pr\u00eate \u00e0 revenir sous le feu des &hellip; D\u00e9figur\u00e9e par un soin esth\u00e9tique, Linda Evangelista se montre enfin Lire la suite\u00a0\u00bb\" \/>\n<meta property=\"og:url\" content=\"https:\/\/7culture.ci\/index.php\/2022\/02\/17\/defiguree-par-un-soin-esthetique-linda-evangelista-se-montre-enfin\/\" \/>\n<meta property=\"og:site_name\" content=\"7culture\" \/>\n<meta property=\"article:publisher\" content=\"https:\/\/www.facebook.com\/redchefclaude\" \/>\n<meta property=\"article:published_time\" content=\"2022-02-17T14:44:13+00:00\" \/>\n<meta property=\"article:modified_time\" content=\"2022-02-17T14:44:18+00:00\" \/>\n<meta property=\"og:image\" content=\"http:\/\/7culture.ci\/wp-content\/uploads\/2022\/02\/linda3.jpg\" \/>\n\t<meta property=\"og:image:width\" content=\"750\" \/>\n\t<meta property=\"og:image:height\" content=\"400\" \/>\n\t<meta property=\"og:image:type\" content=\"image\/jpeg\" \/>\n<meta name=\"author\" content=\"7culture2020\" \/>\n<meta name=\"twitter:card\" content=\"summary_large_image\" \/>\n<meta name=\"twitter:creator\" content=\"@7culturec\" \/>\n<meta name=\"twitter:site\" content=\"@7culturec\" \/>\n<meta name=\"twitter:label1\" content=\"\u00c9crit par\" \/>\n\t<meta name=\"twitter:data1\" content=\"7culture2020\" \/>\n\t<meta name=\"twitter:label2\" content=\"Dur\u00e9e de lecture estim\u00e9e\" \/>\n\t<meta name=\"twitter:data2\" content=\"3 minutes\" \/>\n<script type=\"application\/ld+json\" class=\"yoast-schema-graph\">{\"@context\":\"https:\/\/schema.org\",\"@graph\":[{\"@type\":\"Article\",\"@id\":\"https:\/\/7culture.ci\/index.php\/2022\/02\/17\/defiguree-par-un-soin-esthetique-linda-evangelista-se-montre-enfin\/#article\",\"isPartOf\":{\"@id\":\"https:\/\/7culture.ci\/index.php\/2022\/02\/17\/defiguree-par-un-soin-esthetique-linda-evangelista-se-montre-enfin\/\"},\"author\":{\"name\":\"7culture2020\",\"@id\":\"https:\/\/7culture.ci\/#\/schema\/person\/16150d28d7ef66ba788c1f87f28c4426\"},\"headline\":\"D\u00e9figur\u00e9e par un soin esth\u00e9tique, Linda Evangelista se montre enfin\",\"datePublished\":\"2022-02-17T14:44:13+00:00\",\"dateModified\":\"2022-02-17T14:44:18+00:00\",\"mainEntityOfPage\":{\"@id\":\"https:\/\/7culture.ci\/index.php\/2022\/02\/17\/defiguree-par-un-soin-esthetique-linda-evangelista-se-montre-enfin\/\"},\"wordCount\":494,\"commentCount\":0,\"publisher\":{\"@id\":\"https:\/\/7culture.ci\/#organization\"},\"articleSection\":[\"A la une\"],\"inLanguage\":\"fr-FR\",\"potentialAction\":[{\"@type\":\"CommentAction\",\"name\":\"Comment\",\"target\":[\"https:\/\/7culture.ci\/index.php\/2022\/02\/17\/defiguree-par-un-soin-esthetique-linda-evangelista-se-montre-enfin\/#respond\"]}]},{\"@type\":\"WebPage\",\"@id\":\"https:\/\/7culture.ci\/index.php\/2022\/02\/17\/defiguree-par-un-soin-esthetique-linda-evangelista-se-montre-enfin\/\",\"url\":\"https:\/\/7culture.ci\/index.php\/2022\/02\/17\/defiguree-par-un-soin-esthetique-linda-evangelista-se-montre-enfin\/\",\"name\":\"D\u00e9figur\u00e9e par un soin esth\u00e9tique, Linda Evangelista se montre enfin -\",\"isPartOf\":{\"@id\":\"https:\/\/7culture.ci\/#website\"},\"datePublished\":\"2022-02-17T14:44:13+00:00\",\"dateModified\":\"2022-02-17T14:44:18+00:00\",\"breadcrumb\":{\"@id\":\"https:\/\/7culture.ci\/index.php\/2022\/02\/17\/defiguree-par-un-soin-esthetique-linda-evangelista-se-montre-enfin\/#breadcrumb\"},\"inLanguage\":\"fr-FR\",\"potentialAction\":[{\"@type\":\"ReadAction\",\"target\":[\"https:\/\/7culture.ci\/index.php\/2022\/02\/17\/defiguree-par-un-soin-esthetique-linda-evangelista-se-montre-enfin\/\"]}]},{\"@type\":\"BreadcrumbList\",\"@id\":\"https:\/\/7culture.ci\/index.php\/2022\/02\/17\/defiguree-par-un-soin-esthetique-linda-evangelista-se-montre-enfin\/#breadcrumb\",\"itemListElement\":[{\"@type\":\"ListItem\",\"position\":1,\"name\":\"Accueil\",\"item\":\"https:\/\/7culture.ci\/\"},{\"@type\":\"ListItem\",\"position\":2,\"name\":\"D\u00e9figur\u00e9e par un soin esth\u00e9tique, Linda Evangelista se montre enfin\"}]},{\"@type\":\"WebSite\",\"@id\":\"https:\/\/7culture.ci\/#website\",\"url\":\"https:\/\/7culture.ci\/\",\"name\":\"7culture\",\"description\":\"Tout sur l&#039;actualit\u00e9\",\"publisher\":{\"@id\":\"https:\/\/7culture.ci\/#organization\"},\"potentialAction\":[{\"@type\":\"SearchAction\",\"target\":{\"@type\":\"EntryPoint\",\"urlTemplate\":\"https:\/\/7culture.ci\/?s={search_term_string}\"},\"query-input\":\"required name=search_term_string\"}],\"inLanguage\":\"fr-FR\"},{\"@type\":\"Organization\",\"@id\":\"https:\/\/7culture.ci\/#organization\",\"name\":\"7culture\",\"url\":\"https:\/\/7culture.ci\/\",\"sameAs\":[\"https:\/\/www.facebook.com\/redchefclaude\",\"https:\/\/twitter.com\/7culturec\"],\"logo\":{\"@type\":\"ImageObject\",\"inLanguage\":\"fr-FR\",\"@id\":\"https:\/\/7culture.ci\/#\/schema\/logo\/image\/\",\"url\":\"https:\/\/7culture.ci\/wp-content\/uploads\/2021\/12\/S1a-1.png\",\"contentUrl\":\"https:\/\/7culture.ci\/wp-content\/uploads\/2021\/12\/S1a-1.png\",\"width\":588,\"height\":192,\"caption\":\"7culture\"},\"image\":{\"@id\":\"https:\/\/7culture.ci\/#\/schema\/logo\/image\/\"}},{\"@type\":\"Person\",\"@id\":\"https:\/\/7culture.ci\/#\/schema\/person\/16150d28d7ef66ba788c1f87f28c4426\",\"name\":\"7culture2020\",\"image\":{\"@type\":\"ImageObject\",\"inLanguage\":\"fr-FR\",\"@id\":\"https:\/\/7culture.ci\/#\/schema\/person\/image\/\",\"url\":\"https:\/\/secure.gravatar.com\/avatar\/9a0784f951306c37bcd065f52844ef95?s=96&d=mm&r=g\",\"contentUrl\":\"https:\/\/secure.gravatar.com\/avatar\/9a0784f951306c37bcd065f52844ef95?s=96&d=mm&r=g\",\"caption\":\"7culture2020\"},\"sameAs\":[\"http:\/\/7culture.ci\",\"Claude.kipre\"],\"url\":\"https:\/\/7culture.ci\/index.php\/author\/7culture2020\/\"}]}<\/script>\n<!-- \/ Yoast SEO plugin. -->","yoast_head_json":{"title":"D\u00e9figur\u00e9e par un soin esth\u00e9tique, Linda Evangelista se montre enfin -","robots":{"index":"index","follow":"follow","max-snippet":"max-snippet:-1","max-image-preview":"max-image-preview:large","max-video-preview":"max-video-preview:-1"},"canonical":"https:\/\/7culture.ci\/index.php\/2022\/02\/17\/defiguree-par-un-soin-esthetique-linda-evangelista-se-montre-enfin\/","og_locale":"fr_FR","og_type":"article","og_title":"D\u00e9figur\u00e9e par un soin esth\u00e9tique, Linda Evangelista se montre enfin -","og_description":"L&#8217;ancien mannequin Linda Evangelista a accept\u00e9 de poser pour \u00abPeople\u00bb, se montrant enfin apr\u00e8s avoir \u00e9t\u00e9 \u00abd\u00e9figur\u00e9e\u00bb par un soin esth\u00e9tique. Elle a \u00e9t\u00e9 l\u2019une des femmes les plus photographi\u00e9es au monde mais vivait dans l\u2019obscurit\u00e9 depuis cinq ans. Linda Evangelista, \u00abd\u00e9figur\u00e9e\u00bb par un traitement esth\u00e9tique, est enfin pr\u00eate \u00e0 revenir sous le feu des &hellip; D\u00e9figur\u00e9e par un soin esth\u00e9tique, Linda Evangelista se montre enfin Lire la suite\u00a0\u00bb","og_url":"https:\/\/7culture.ci\/index.php\/2022\/02\/17\/defiguree-par-un-soin-esthetique-linda-evangelista-se-montre-enfin\/","og_site_name":"7culture","article_publisher":"https:\/\/www.facebook.com\/redchefclaude","article_published_time":"2022-02-17T14:44:13+00:00","article_modified_time":"2022-02-17T14:44:18+00:00","og_image":[{"width":750,"height":400,"url":"http:\/\/7culture.ci\/wp-content\/uploads\/2022\/02\/linda3.jpg","type":"image\/jpeg"}],"author":"7culture2020","twitter_card":"summary_large_image","twitter_creator":"@7culturec","twitter_site":"@7culturec","twitter_misc":{"\u00c9crit par":"7culture2020","Dur\u00e9e de lecture estim\u00e9e":"3 minutes"},"schema":{"@context":"https:\/\/schema.org","@graph":[{"@type":"Article","@id":"https:\/\/7culture.ci\/index.php\/2022\/02\/17\/defiguree-par-un-soin-esthetique-linda-evangelista-se-montre-enfin\/#article","isPartOf":{"@id":"https:\/\/7culture.ci\/index.php\/2022\/02\/17\/defiguree-par-un-soin-esthetique-linda-evangelista-se-montre-enfin\/"},"author":{"name":"7culture2020","@id":"https:\/\/7culture.ci\/#\/schema\/person\/16150d28d7ef66ba788c1f87f28c4426"},"headline":"D\u00e9figur\u00e9e par un soin esth\u00e9tique, Linda Evangelista se montre enfin","datePublished":"2022-02-17T14:44:13+00:00","dateModified":"2022-02-17T14:44:18+00:00","mainEntityOfPage":{"@id":"https:\/\/7culture.ci\/index.php\/2022\/02\/17\/defiguree-par-un-soin-esthetique-linda-evangelista-se-montre-enfin\/"},"wordCount":494,"commentCount":0,"publisher":{"@id":"https:\/\/7culture.ci\/#organization"},"articleSection":["A la une"],"inLanguage":"fr-FR","potentialAction":[{"@type":"CommentAction","name":"Comment","target":["https:\/\/7culture.ci\/index.php\/2022\/02\/17\/defiguree-par-un-soin-esthetique-linda-evangelista-se-montre-enfin\/#respond"]}]},{"@type":"WebPage","@id":"https:\/\/7culture.ci\/index.php\/2022\/02\/17\/defiguree-par-un-soin-esthetique-linda-evangelista-se-montre-enfin\/","url":"https:\/\/7culture.ci\/index.php\/2022\/02\/17\/defiguree-par-un-soin-esthetique-linda-evangelista-se-montre-enfin\/","name":"D\u00e9figur\u00e9e par un soin esth\u00e9tique, Linda Evangelista se montre enfin -","isPartOf":{"@id":"https:\/\/7culture.ci\/#website"},"datePublished":"2022-02-17T14:44:13+00:00","dateModified":"2022-02-17T14:44:18+00:00","breadcrumb":{"@id":"https:\/\/7culture.ci\/index.php\/2022\/02\/17\/defiguree-par-un-soin-esthetique-linda-evangelista-se-montre-enfin\/#breadcrumb"},"inLanguage":"fr-FR","potentialAction":[{"@type":"ReadAction","target":["https:\/\/7culture.ci\/index.php\/2022\/02\/17\/defiguree-par-un-soin-esthetique-linda-evangelista-se-montre-enfin\/"]}]},{"@type":"BreadcrumbList","@id":"https:\/\/7culture.ci\/index.php\/2022\/02\/17\/defiguree-par-un-soin-esthetique-linda-evangelista-se-montre-enfin\/#breadcrumb","itemListElement":[{"@type":"ListItem","position":1,"name":"Accueil","item":"https:\/\/7culture.ci\/"},{"@type":"ListItem","position":2,"name":"D\u00e9figur\u00e9e par un soin esth\u00e9tique, Linda Evangelista se montre enfin"}]},{"@type":"WebSite","@id":"https:\/\/7culture.ci\/#website","url":"https:\/\/7culture.ci\/","name":"7culture","description":"Tout sur l&#039;actualit\u00e9","publisher":{"@id":"https:\/\/7culture.ci\/#organization"},"potentialAction":[{"@type":"SearchAction","target":{"@type":"EntryPoint","urlTemplate":"https:\/\/7culture.ci\/?s={search_term_string}"},"query-input":"required name=search_term_string"}],"inLanguage":"fr-FR"},{"@type":"Organization","@id":"https:\/\/7culture.ci\/#organization","name":"7culture","url":"https:\/\/7culture.ci\/","sameAs":["https:\/\/www.facebook.com\/redchefclaude","https:\/\/twitter.com\/7culturec"],"logo":{"@type":"ImageObject","inLanguage":"fr-FR","@id":"https:\/\/7culture.ci\/#\/schema\/logo\/image\/","url":"https:\/\/7culture.ci\/wp-content\/uploads\/2021\/12\/S1a-1.png","contentUrl":"https:\/\/7culture.ci\/wp-content\/uploads\/2021\/12\/S1a-1.png","width":588,"height":192,"caption":"7culture"},"image":{"@id":"https:\/\/7culture.ci\/#\/schema\/logo\/image\/"}},{"@type":"Person","@id":"https:\/\/7culture.ci\/#\/schema\/person\/16150d28d7ef66ba788c1f87f28c4426","name":"7culture2020","image":{"@type":"ImageObject","inLanguage":"fr-FR","@id":"https:\/\/7culture.ci\/#\/schema\/person\/image\/","url":"https:\/\/secure.gravatar.com\/avatar\/9a0784f951306c37bcd065f52844ef95?s=96&d=mm&r=g","contentUrl":"https:\/\/secure.gravatar.com\/avatar\/9a0784f951306c37bcd065f52844ef95?s=96&d=mm&r=g","caption":"7culture2020"},"sameAs":["http:\/\/7culture.ci","Claude.kipre"],"url":"https:\/\/7culture.ci\/index.php\/author\/7culture2020\/"}]}},"jetpack_featured_media_url":"https:\/\/7culture.ci\/wp-content\/uploads\/2022\/02\/linda3.jpg","jetpack_likes_enabled":true,"jetpack_sharing_enabled":true,"_links":{"self":[{"href":"https:\/\/7culture.ci\/index.php\/wp-json\/wp\/v2\/posts\/19759"}],"collection":[{"href":"https:\/\/7culture.ci\/index.php\/wp-json\/wp\/v2\/posts"}],"about":[{"href":"https:\/\/7culture.ci\/index.php\/wp-json\/wp\/v2\/types\/post"}],"author":[{"embeddable":true,"href":"https:\/\/7culture.ci\/index.php\/wp-json\/wp\/v2\/users\/1"}],"replies":[{"embeddable":true,"href":"https:\/\/7culture.ci\/index.php\/wp-json\/wp\/v2\/comments?post=19759"}],"version-history":[{"count":0,"href":"https:\/\/7culture.ci\/index.php\/wp-json\/wp\/v2\/posts\/19759\/revisions"}],"wp:featuredmedia":[{"embeddable":true,"href":"https:\/\/7culture.ci\/index.php\/wp-json\/wp\/v2\/media\/19760"}],"wp:attachment":[{"href":"https:\/\/7culture.ci\/index.php\/wp-json\/wp\/v2\/media?parent=19759"}],"wp:term":[{"taxonomy":"category","embeddable":true,"href":"https:\/\/7culture.ci\/index.php\/wp-json\/wp\/v2\/categories?post=19759"},{"taxonomy":"post_tag","embeddable":true,"href":"https:\/\/7culture.ci\/index.php\/wp-json\/wp\/v2\/tags?post=19759"}],"curies":[{"name":"wp","href":"https:\/\/api.w.org\/{rel}","templated":true}]}}