{"id":19753,"date":"2022-02-17T14:17:31","date_gmt":"2022-02-17T13:17:31","guid":{"rendered":"https:\/\/7culture.ci\/?p=19753"},"modified":"2022-02-22T19:30:19","modified_gmt":"2022-02-22T18:30:19","slug":"mondoukou-accueille-les-grands-ateliers-de-la-danse","status":"publish","type":"post","link":"https:\/\/7culture.ci\/index.php\/2022\/02\/17\/mondoukou-accueille-les-grands-ateliers-de-la-danse\/","title":{"rendered":"Mondoukou accueille les Grands Ateliers de la Danse"},"content":{"rendered":"\n<p>Retrouvez l\u2019essence et le sens de la danse \u00e0 la 2<sup>e<\/sup> \u00e9dition des Grands ateliers de la danse (Gada) du 25 au 27 f\u00e9vrier \u00e0 la Cocoteraie des arts, situ\u00e9e \u00e0 Mondoukou dans le d\u00e9partement Grand-Bassam). C\u2019est le danseur et chor\u00e9graphe professionnel, Jean-Paul M\u00e9hansio, commissaire g\u00e9n\u00e9ral de l&#8217;\u00e9v\u00e9nement qui en a donn\u00e9 les grandes articulations le 8 f\u00e9vrier dernier \u00e0 l\u2019Institut fran\u00e7ais de C\u00f4te d\u2019Ivoire (IFCI), ex Centre culturel fran\u00e7ais (CCF) au Plateau \u00e0 Abidjan. \u00ab&nbsp;<strong><em>Les GADA sont une opportunit\u00e9 unique \u00e0 la fois pour les compagnies locales mais aussi \u00e9trang\u00e8res de partager une exp\u00e9rience commune, de disposer d\u2019un espace de cr\u00e9ation et de diffusion artistique en Afrique afin d\u2019aider les compagnies locales \u00e0 acqu\u00e9rir des outils de professionnalisation et d\u00e9velopper leur r\u00e9seau<\/em><\/strong>&nbsp;\u00bb, rel\u00e8ve une note de la production de la c\u00e9r\u00e9monie. L\u2019autre c\u00f4t\u00e9 int\u00e9ressant de l\u2019 l&#8217;\u00e9v\u00e9nement, c\u2019est qu\u2019il permet de rapprocher le public ivoirien de ses artistes danseurs et de l\u2019ouvrir aux multiples facettes de l\u2019art de la Danse. \u00ab&nbsp;<strong><em>On invite l\u2019autre \u00e0 \u00eatre comme nous<\/em><\/strong>&nbsp;\u00bb, a soutenu le Pr Moussa Sidib\u00e9.<\/p>\n\n\n\n<div class=\"wp-block-image\"><figure class=\"aligncenter size-full\"><img loading=\"lazy\" decoding=\"async\" width=\"750\" height=\"400\" src=\"https:\/\/7culture.ci\/wp-content\/uploads\/2022\/02\/GADA1.png\" alt=\"\" class=\"wp-image-19755\" srcset=\"https:\/\/7culture.ci\/wp-content\/uploads\/2022\/02\/GADA1.png 750w, https:\/\/7culture.ci\/wp-content\/uploads\/2022\/02\/GADA1-300x160.png 300w\" sizes=\"(max-width: 750px) 100vw, 750px\" \/><\/figure><\/div>\n\n\n\n<p>Apr\u00e8s une \u00e9dition de d\u00e9part r\u00e9ussie en 2019, les Gada s\u2019installeront sur le sable chaud et sous les cocotiers de Mondoukou. Le riche programme artistique comprend six spectacles qui se d\u00e9clinent sous les diff\u00e9rentes formes de l\u2019art comme la chor\u00e9graphie, la danse, le conte et le slam. \u00ab<strong><em>Les GADA ont pour objectif de mettre en valeur la richesse et la diversit\u00e9 des danses ivoiriennes, des danses patrimoniales, urbaines et danses contemporaines \u00e0 travers des ateliers de formation, des s\u00e9minaires de r\u00e9flexion, des performances et spectacles<\/em><\/strong>\u00a0\u00bb, explique un membre de l\u2019organisation.\u00a0L\u2019animation pratique des spectacles sera assur\u00e9e par les compagnies Dumanl\u00e9 (danses patrimoniales), Debass (Danses patrimoniales), Bak\u2019In Gado (Conte), C\u2019Katcha (Slam), Karismatik Group (Danse urbaine) et Kassou-Tri (Danses Patrimoniale).<\/p>\n\n\n\n<figure class=\"wp-block-image size-full is-resized\"><img loading=\"lazy\" decoding=\"async\" src=\"https:\/\/7culture.ci\/wp-content\/uploads\/2022\/02\/GADA2.png\" alt=\"\" class=\"wp-image-19756\" width=\"686\" height=\"366\" srcset=\"https:\/\/7culture.ci\/wp-content\/uploads\/2022\/02\/GADA2.png 750w, https:\/\/7culture.ci\/wp-content\/uploads\/2022\/02\/GADA2-300x160.png 300w\" sizes=\"(max-width: 686px) 100vw, 686px\" \/><\/figure>\n\n\n\n<p>En plus des performances sc\u00e9niques, les Grands ateliers de la danse (GADA) accueilleront deux expositions. Ce sont l\u2019exposition D\u00e9cors du photographe Manuel Braun \u00e0 la Cocoteraie des Arts de Mondoukou (Grand-Bassam) et celle de l\u2019artiste peintre burkinab\u00e8 Olga Yameogo \u00e0 l\u2019atelier\/showroom de l\u2019artiste designer Jean-Servais Somian \u00e0 Grand-Bassam. Il est aussi pr\u00e9vu un volet acad\u00e9mique qui se d\u00e9roulera sous-forme d\u2019ateliers. Ces conf\u00e9rences-d\u00e9bats seront prononc\u00e9es par des professeurs exp\u00e9riment\u00e9s et d\u00e9voileront un aper\u00e7u du large \u00e9ventail des danses africaines. Ce sont les Danses Urbaines (coup\u00e9-d\u00e9cal\u00e9) avec Rhodes Karismatik, les Danses Patrimoniales avec Moussa Sidib\u00e9, le Body Acceptance avec Paule-Marie Assandre, la Danse Contemporaine avec Ibrahima Sidib\u00e9, l\u2019Afro Jazz avec Jacques Laurent et la Danse-Sport-Afropeps avec Jean Paul M\u00e9hansio.<\/p>\n\n\n\n<div class=\"wp-block-image\"><figure class=\"aligncenter size-large is-resized\"><img loading=\"lazy\" decoding=\"async\" src=\"https:\/\/7culture.ci\/wp-content\/uploads\/2022\/02\/WhatsApp-Image-2022-02-17-at-13.09.14-1-1024x688.jpeg\" alt=\"\" class=\"wp-image-19757\" width=\"637\" height=\"428\" srcset=\"https:\/\/7culture.ci\/wp-content\/uploads\/2022\/02\/WhatsApp-Image-2022-02-17-at-13.09.14-1-1024x688.jpeg 1024w, https:\/\/7culture.ci\/wp-content\/uploads\/2022\/02\/WhatsApp-Image-2022-02-17-at-13.09.14-1-300x202.jpeg 300w, https:\/\/7culture.ci\/wp-content\/uploads\/2022\/02\/WhatsApp-Image-2022-02-17-at-13.09.14-1-768x516.jpeg 768w, https:\/\/7culture.ci\/wp-content\/uploads\/2022\/02\/WhatsApp-Image-2022-02-17-at-13.09.14-1.jpeg 1080w\" sizes=\"(max-width: 637px) 100vw, 637px\" \/><\/figure><\/div>\n\n\n\n<p>Tout d\u00e9marre effectivement par un show d\u2019ouverture des Gada 2022 le 25 f\u00e9vrier au Bushman Caf\u00e9 d\u2019Abidjan-Cocody-M\u2019pouto. Il va \u00e9grainer en petit bout des diff\u00e9rents spectacles qui animeront la Cocoteraie des Arts de Mondoukou. <\/p>\n\n\n\n<p>Par Omar AK<\/p>\n","protected":false},"excerpt":{"rendered":"<p>Retrouvez l\u2019essence et le sens de la danse \u00e0 la 2e \u00e9dition des Grands ateliers de la danse (Gada) du 25 au 27 f\u00e9vrier \u00e0 la Cocoteraie des arts, situ\u00e9e \u00e0 Mondoukou dans le d\u00e9partement Grand-Bassam). C\u2019est le danseur et chor\u00e9graphe professionnel, Jean-Paul M\u00e9hansio, commissaire g\u00e9n\u00e9ral de l&#8217;\u00e9v\u00e9nement qui en a donn\u00e9 les grandes articulations &hellip;<\/p>\n<p class=\"read-more\"> <a class=\"\" href=\"https:\/\/7culture.ci\/index.php\/2022\/02\/17\/mondoukou-accueille-les-grands-ateliers-de-la-danse\/\"> <span class=\"screen-reader-text\">Mondoukou accueille les Grands Ateliers de la Danse<\/span> Lire la suite\u00a0\u00bb<\/a><\/p>\n","protected":false},"author":1,"featured_media":19754,"comment_status":"open","ping_status":"open","sticky":false,"template":"","format":"standard","meta":{"_mi_skip_tracking":false,"_monsterinsights_sitenote_active":false,"_monsterinsights_sitenote_note":"","_monsterinsights_sitenote_category":0,"site-sidebar-layout":"default","site-content-layout":"default","ast-global-header-display":"","ast-main-header-display":"","ast-hfb-above-header-display":"","ast-hfb-below-header-display":"","ast-hfb-mobile-header-display":"","site-post-title":"","ast-breadcrumbs-content":"","ast-featured-img":"","footer-sml-layout":"","theme-transparent-header-meta":"","adv-header-id-meta":"","stick-header-meta":"","header-above-stick-meta":"","header-main-stick-meta":"","header-below-stick-meta":"","footnotes":"","jetpack_publicize_message":"","jetpack_is_tweetstorm":false,"jetpack_publicize_feature_enabled":true},"categories":[22],"tags":[],"jetpack_publicize_connections":[],"acf":[],"aioseo_notices":[],"yoast_head":"<!-- This site is optimized with the Yoast SEO plugin v19.6.1 - https:\/\/yoast.com\/wordpress\/plugins\/seo\/ -->\n<title>Mondoukou accueille les Grands Ateliers de la Danse -<\/title>\n<meta name=\"robots\" content=\"index, follow, max-snippet:-1, max-image-preview:large, max-video-preview:-1\" \/>\n<link rel=\"canonical\" href=\"https:\/\/7culture.ci\/index.php\/2022\/02\/17\/mondoukou-accueille-les-grands-ateliers-de-la-danse\/\" \/>\n<meta property=\"og:locale\" content=\"fr_FR\" \/>\n<meta property=\"og:type\" content=\"article\" \/>\n<meta property=\"og:title\" content=\"Mondoukou accueille les Grands Ateliers de la Danse -\" \/>\n<meta property=\"og:description\" content=\"Retrouvez l\u2019essence et le sens de la danse \u00e0 la 2e \u00e9dition des Grands ateliers de la danse (Gada) du 25 au 27 f\u00e9vrier \u00e0 la Cocoteraie des arts, situ\u00e9e \u00e0 Mondoukou dans le d\u00e9partement Grand-Bassam). C\u2019est le danseur et chor\u00e9graphe professionnel, Jean-Paul M\u00e9hansio, commissaire g\u00e9n\u00e9ral de l&#8217;\u00e9v\u00e9nement qui en a donn\u00e9 les grandes articulations &hellip; Mondoukou accueille les Grands Ateliers de la Danse Lire la suite\u00a0\u00bb\" \/>\n<meta property=\"og:url\" content=\"https:\/\/7culture.ci\/index.php\/2022\/02\/17\/mondoukou-accueille-les-grands-ateliers-de-la-danse\/\" \/>\n<meta property=\"og:site_name\" content=\"7culture\" \/>\n<meta property=\"article:publisher\" content=\"https:\/\/www.facebook.com\/redchefclaude\" \/>\n<meta property=\"article:published_time\" content=\"2022-02-17T13:17:31+00:00\" \/>\n<meta property=\"article:modified_time\" content=\"2022-02-22T18:30:19+00:00\" \/>\n<meta property=\"og:image\" content=\"http:\/\/7culture.ci\/wp-content\/uploads\/2022\/02\/98168.jpg\" \/>\n\t<meta property=\"og:image:width\" content=\"800\" \/>\n\t<meta property=\"og:image:height\" content=\"600\" \/>\n\t<meta property=\"og:image:type\" content=\"image\/jpeg\" \/>\n<meta name=\"author\" content=\"7culture2020\" \/>\n<meta name=\"twitter:card\" content=\"summary_large_image\" \/>\n<meta name=\"twitter:creator\" content=\"@7culturec\" \/>\n<meta name=\"twitter:site\" content=\"@7culturec\" \/>\n<meta name=\"twitter:label1\" content=\"\u00c9crit par\" \/>\n\t<meta name=\"twitter:data1\" content=\"7culture2020\" \/>\n\t<meta name=\"twitter:label2\" content=\"Dur\u00e9e de lecture estim\u00e9e\" \/>\n\t<meta name=\"twitter:data2\" content=\"3 minutes\" \/>\n<script type=\"application\/ld+json\" class=\"yoast-schema-graph\">{\"@context\":\"https:\/\/schema.org\",\"@graph\":[{\"@type\":\"Article\",\"@id\":\"https:\/\/7culture.ci\/index.php\/2022\/02\/17\/mondoukou-accueille-les-grands-ateliers-de-la-danse\/#article\",\"isPartOf\":{\"@id\":\"https:\/\/7culture.ci\/index.php\/2022\/02\/17\/mondoukou-accueille-les-grands-ateliers-de-la-danse\/\"},\"author\":{\"name\":\"7culture2020\",\"@id\":\"https:\/\/7culture.ci\/#\/schema\/person\/16150d28d7ef66ba788c1f87f28c4426\"},\"headline\":\"Mondoukou accueille les Grands Ateliers de la Danse\",\"datePublished\":\"2022-02-17T13:17:31+00:00\",\"dateModified\":\"2022-02-22T18:30:19+00:00\",\"mainEntityOfPage\":{\"@id\":\"https:\/\/7culture.ci\/index.php\/2022\/02\/17\/mondoukou-accueille-les-grands-ateliers-de-la-danse\/\"},\"wordCount\":521,\"commentCount\":0,\"publisher\":{\"@id\":\"https:\/\/7culture.ci\/#organization\"},\"articleSection\":[\"Actualit\u00e9\"],\"inLanguage\":\"fr-FR\",\"potentialAction\":[{\"@type\":\"CommentAction\",\"name\":\"Comment\",\"target\":[\"https:\/\/7culture.ci\/index.php\/2022\/02\/17\/mondoukou-accueille-les-grands-ateliers-de-la-danse\/#respond\"]}]},{\"@type\":\"WebPage\",\"@id\":\"https:\/\/7culture.ci\/index.php\/2022\/02\/17\/mondoukou-accueille-les-grands-ateliers-de-la-danse\/\",\"url\":\"https:\/\/7culture.ci\/index.php\/2022\/02\/17\/mondoukou-accueille-les-grands-ateliers-de-la-danse\/\",\"name\":\"Mondoukou accueille les Grands Ateliers de la Danse -\",\"isPartOf\":{\"@id\":\"https:\/\/7culture.ci\/#website\"},\"datePublished\":\"2022-02-17T13:17:31+00:00\",\"dateModified\":\"2022-02-22T18:30:19+00:00\",\"breadcrumb\":{\"@id\":\"https:\/\/7culture.ci\/index.php\/2022\/02\/17\/mondoukou-accueille-les-grands-ateliers-de-la-danse\/#breadcrumb\"},\"inLanguage\":\"fr-FR\",\"potentialAction\":[{\"@type\":\"ReadAction\",\"target\":[\"https:\/\/7culture.ci\/index.php\/2022\/02\/17\/mondoukou-accueille-les-grands-ateliers-de-la-danse\/\"]}]},{\"@type\":\"BreadcrumbList\",\"@id\":\"https:\/\/7culture.ci\/index.php\/2022\/02\/17\/mondoukou-accueille-les-grands-ateliers-de-la-danse\/#breadcrumb\",\"itemListElement\":[{\"@type\":\"ListItem\",\"position\":1,\"name\":\"Accueil\",\"item\":\"https:\/\/7culture.ci\/\"},{\"@type\":\"ListItem\",\"position\":2,\"name\":\"Mondoukou accueille les Grands Ateliers de la Danse\"}]},{\"@type\":\"WebSite\",\"@id\":\"https:\/\/7culture.ci\/#website\",\"url\":\"https:\/\/7culture.ci\/\",\"name\":\"7culture\",\"description\":\"Tout sur l&#039;actualit\u00e9\",\"publisher\":{\"@id\":\"https:\/\/7culture.ci\/#organization\"},\"potentialAction\":[{\"@type\":\"SearchAction\",\"target\":{\"@type\":\"EntryPoint\",\"urlTemplate\":\"https:\/\/7culture.ci\/?s={search_term_string}\"},\"query-input\":\"required name=search_term_string\"}],\"inLanguage\":\"fr-FR\"},{\"@type\":\"Organization\",\"@id\":\"https:\/\/7culture.ci\/#organization\",\"name\":\"7culture\",\"url\":\"https:\/\/7culture.ci\/\",\"sameAs\":[\"https:\/\/www.facebook.com\/redchefclaude\",\"https:\/\/twitter.com\/7culturec\"],\"logo\":{\"@type\":\"ImageObject\",\"inLanguage\":\"fr-FR\",\"@id\":\"https:\/\/7culture.ci\/#\/schema\/logo\/image\/\",\"url\":\"https:\/\/7culture.ci\/wp-content\/uploads\/2021\/12\/S1a-1.png\",\"contentUrl\":\"https:\/\/7culture.ci\/wp-content\/uploads\/2021\/12\/S1a-1.png\",\"width\":588,\"height\":192,\"caption\":\"7culture\"},\"image\":{\"@id\":\"https:\/\/7culture.ci\/#\/schema\/logo\/image\/\"}},{\"@type\":\"Person\",\"@id\":\"https:\/\/7culture.ci\/#\/schema\/person\/16150d28d7ef66ba788c1f87f28c4426\",\"name\":\"7culture2020\",\"image\":{\"@type\":\"ImageObject\",\"inLanguage\":\"fr-FR\",\"@id\":\"https:\/\/7culture.ci\/#\/schema\/person\/image\/\",\"url\":\"https:\/\/secure.gravatar.com\/avatar\/9a0784f951306c37bcd065f52844ef95?s=96&d=mm&r=g\",\"contentUrl\":\"https:\/\/secure.gravatar.com\/avatar\/9a0784f951306c37bcd065f52844ef95?s=96&d=mm&r=g\",\"caption\":\"7culture2020\"},\"sameAs\":[\"http:\/\/7culture.ci\",\"Claude.kipre\"],\"url\":\"https:\/\/7culture.ci\/index.php\/author\/7culture2020\/\"}]}<\/script>\n<!-- \/ Yoast SEO plugin. -->","yoast_head_json":{"title":"Mondoukou accueille les Grands Ateliers de la Danse -","robots":{"index":"index","follow":"follow","max-snippet":"max-snippet:-1","max-image-preview":"max-image-preview:large","max-video-preview":"max-video-preview:-1"},"canonical":"https:\/\/7culture.ci\/index.php\/2022\/02\/17\/mondoukou-accueille-les-grands-ateliers-de-la-danse\/","og_locale":"fr_FR","og_type":"article","og_title":"Mondoukou accueille les Grands Ateliers de la Danse -","og_description":"Retrouvez l\u2019essence et le sens de la danse \u00e0 la 2e \u00e9dition des Grands ateliers de la danse (Gada) du 25 au 27 f\u00e9vrier \u00e0 la Cocoteraie des arts, situ\u00e9e \u00e0 Mondoukou dans le d\u00e9partement Grand-Bassam). C\u2019est le danseur et chor\u00e9graphe professionnel, Jean-Paul M\u00e9hansio, commissaire g\u00e9n\u00e9ral de l&#8217;\u00e9v\u00e9nement qui en a donn\u00e9 les grandes articulations &hellip; Mondoukou accueille les Grands Ateliers de la Danse Lire la suite\u00a0\u00bb","og_url":"https:\/\/7culture.ci\/index.php\/2022\/02\/17\/mondoukou-accueille-les-grands-ateliers-de-la-danse\/","og_site_name":"7culture","article_publisher":"https:\/\/www.facebook.com\/redchefclaude","article_published_time":"2022-02-17T13:17:31+00:00","article_modified_time":"2022-02-22T18:30:19+00:00","og_image":[{"width":800,"height":600,"url":"http:\/\/7culture.ci\/wp-content\/uploads\/2022\/02\/98168.jpg","type":"image\/jpeg"}],"author":"7culture2020","twitter_card":"summary_large_image","twitter_creator":"@7culturec","twitter_site":"@7culturec","twitter_misc":{"\u00c9crit par":"7culture2020","Dur\u00e9e de lecture estim\u00e9e":"3 minutes"},"schema":{"@context":"https:\/\/schema.org","@graph":[{"@type":"Article","@id":"https:\/\/7culture.ci\/index.php\/2022\/02\/17\/mondoukou-accueille-les-grands-ateliers-de-la-danse\/#article","isPartOf":{"@id":"https:\/\/7culture.ci\/index.php\/2022\/02\/17\/mondoukou-accueille-les-grands-ateliers-de-la-danse\/"},"author":{"name":"7culture2020","@id":"https:\/\/7culture.ci\/#\/schema\/person\/16150d28d7ef66ba788c1f87f28c4426"},"headline":"Mondoukou accueille les Grands Ateliers de la Danse","datePublished":"2022-02-17T13:17:31+00:00","dateModified":"2022-02-22T18:30:19+00:00","mainEntityOfPage":{"@id":"https:\/\/7culture.ci\/index.php\/2022\/02\/17\/mondoukou-accueille-les-grands-ateliers-de-la-danse\/"},"wordCount":521,"commentCount":0,"publisher":{"@id":"https:\/\/7culture.ci\/#organization"},"articleSection":["Actualit\u00e9"],"inLanguage":"fr-FR","potentialAction":[{"@type":"CommentAction","name":"Comment","target":["https:\/\/7culture.ci\/index.php\/2022\/02\/17\/mondoukou-accueille-les-grands-ateliers-de-la-danse\/#respond"]}]},{"@type":"WebPage","@id":"https:\/\/7culture.ci\/index.php\/2022\/02\/17\/mondoukou-accueille-les-grands-ateliers-de-la-danse\/","url":"https:\/\/7culture.ci\/index.php\/2022\/02\/17\/mondoukou-accueille-les-grands-ateliers-de-la-danse\/","name":"Mondoukou accueille les Grands Ateliers de la Danse -","isPartOf":{"@id":"https:\/\/7culture.ci\/#website"},"datePublished":"2022-02-17T13:17:31+00:00","dateModified":"2022-02-22T18:30:19+00:00","breadcrumb":{"@id":"https:\/\/7culture.ci\/index.php\/2022\/02\/17\/mondoukou-accueille-les-grands-ateliers-de-la-danse\/#breadcrumb"},"inLanguage":"fr-FR","potentialAction":[{"@type":"ReadAction","target":["https:\/\/7culture.ci\/index.php\/2022\/02\/17\/mondoukou-accueille-les-grands-ateliers-de-la-danse\/"]}]},{"@type":"BreadcrumbList","@id":"https:\/\/7culture.ci\/index.php\/2022\/02\/17\/mondoukou-accueille-les-grands-ateliers-de-la-danse\/#breadcrumb","itemListElement":[{"@type":"ListItem","position":1,"name":"Accueil","item":"https:\/\/7culture.ci\/"},{"@type":"ListItem","position":2,"name":"Mondoukou accueille les Grands Ateliers de la Danse"}]},{"@type":"WebSite","@id":"https:\/\/7culture.ci\/#website","url":"https:\/\/7culture.ci\/","name":"7culture","description":"Tout sur l&#039;actualit\u00e9","publisher":{"@id":"https:\/\/7culture.ci\/#organization"},"potentialAction":[{"@type":"SearchAction","target":{"@type":"EntryPoint","urlTemplate":"https:\/\/7culture.ci\/?s={search_term_string}"},"query-input":"required name=search_term_string"}],"inLanguage":"fr-FR"},{"@type":"Organization","@id":"https:\/\/7culture.ci\/#organization","name":"7culture","url":"https:\/\/7culture.ci\/","sameAs":["https:\/\/www.facebook.com\/redchefclaude","https:\/\/twitter.com\/7culturec"],"logo":{"@type":"ImageObject","inLanguage":"fr-FR","@id":"https:\/\/7culture.ci\/#\/schema\/logo\/image\/","url":"https:\/\/7culture.ci\/wp-content\/uploads\/2021\/12\/S1a-1.png","contentUrl":"https:\/\/7culture.ci\/wp-content\/uploads\/2021\/12\/S1a-1.png","width":588,"height":192,"caption":"7culture"},"image":{"@id":"https:\/\/7culture.ci\/#\/schema\/logo\/image\/"}},{"@type":"Person","@id":"https:\/\/7culture.ci\/#\/schema\/person\/16150d28d7ef66ba788c1f87f28c4426","name":"7culture2020","image":{"@type":"ImageObject","inLanguage":"fr-FR","@id":"https:\/\/7culture.ci\/#\/schema\/person\/image\/","url":"https:\/\/secure.gravatar.com\/avatar\/9a0784f951306c37bcd065f52844ef95?s=96&d=mm&r=g","contentUrl":"https:\/\/secure.gravatar.com\/avatar\/9a0784f951306c37bcd065f52844ef95?s=96&d=mm&r=g","caption":"7culture2020"},"sameAs":["http:\/\/7culture.ci","Claude.kipre"],"url":"https:\/\/7culture.ci\/index.php\/author\/7culture2020\/"}]}},"jetpack_featured_media_url":"https:\/\/7culture.ci\/wp-content\/uploads\/2022\/02\/98168.jpg","jetpack_likes_enabled":true,"jetpack_sharing_enabled":true,"_links":{"self":[{"href":"https:\/\/7culture.ci\/index.php\/wp-json\/wp\/v2\/posts\/19753"}],"collection":[{"href":"https:\/\/7culture.ci\/index.php\/wp-json\/wp\/v2\/posts"}],"about":[{"href":"https:\/\/7culture.ci\/index.php\/wp-json\/wp\/v2\/types\/post"}],"author":[{"embeddable":true,"href":"https:\/\/7culture.ci\/index.php\/wp-json\/wp\/v2\/users\/1"}],"replies":[{"embeddable":true,"href":"https:\/\/7culture.ci\/index.php\/wp-json\/wp\/v2\/comments?post=19753"}],"version-history":[{"count":0,"href":"https:\/\/7culture.ci\/index.php\/wp-json\/wp\/v2\/posts\/19753\/revisions"}],"wp:featuredmedia":[{"embeddable":true,"href":"https:\/\/7culture.ci\/index.php\/wp-json\/wp\/v2\/media\/19754"}],"wp:attachment":[{"href":"https:\/\/7culture.ci\/index.php\/wp-json\/wp\/v2\/media?parent=19753"}],"wp:term":[{"taxonomy":"category","embeddable":true,"href":"https:\/\/7culture.ci\/index.php\/wp-json\/wp\/v2\/categories?post=19753"},{"taxonomy":"post_tag","embeddable":true,"href":"https:\/\/7culture.ci\/index.php\/wp-json\/wp\/v2\/tags?post=19753"}],"curies":[{"name":"wp","href":"https:\/\/api.w.org\/{rel}","templated":true}]}}