{"id":19736,"date":"2022-02-16T10:46:51","date_gmt":"2022-02-16T09:46:51","guid":{"rendered":"https:\/\/7culture.ci\/?p=19736"},"modified":"2022-02-16T15:03:36","modified_gmt":"2022-02-16T14:03:36","slug":"erickson-le-zoulou-deja-2-ans-quil-manque-a-ses-fans","status":"publish","type":"post","link":"https:\/\/7culture.ci\/index.php\/2022\/02\/16\/erickson-le-zoulou-deja-2-ans-quil-manque-a-ses-fans\/","title":{"rendered":"Erickson le Zoulou : d\u00e9j\u00e0 2 ans qu\u2019il manque \u00e0 ses fans !"},"content":{"rendered":"\n<p>16 f\u00e9vrier 2020-16 f\u00e9vrier 2022&nbsp;! Voil\u00e0 d\u00e9j\u00e0 deux ans qu\u2019Erickson le Zoulou a quitt\u00e9 le monde des vivants \u00e0 Cr\u00e9teil en France. Le chanteur de couper-d\u00e9caler et de vari\u00e9t\u00e9 est d\u00e9c\u00e9d\u00e9 des suites d\u2019une cirrhose de foie et d\u2019un cancer de la vessie. A l\u2019occasion de ce triste 2<sup>e<\/sup> anniversaire de son rappel \u00e0 Dieu, ses amis et ses fans lui font des t\u00e9moignages posthumes et hommages sur la toile. Comme Youl Sayal, son ancien manager, qui a post\u00e9 sur Facebook, une photo de l\u2019illustre disparu avec pour toute l\u00e9gende&nbsp;: \u2018\u2019Erickson Le Zoulou For Ever\u2019\u2019. S\u2019en sont suivis de nombreux commentaires de reconnaissance et des photos souvenir de l\u2019artiste. \u00ab&nbsp;<strong><em>Je pleure toujours ton d\u00e9part mon artiste. Tu as berc\u00e9 mon enfance&nbsp;<\/em><\/strong>\u00bb, regrette un internaute. \u00ab&nbsp;<strong><em>Union de pri\u00e8res en la m\u00e9moire de celui qui aura marqu\u00e9 la musique ivoirienne de par son talent&#8230; 16 f\u00e9vrier 2020 \/ 16 f\u00e9vrier 2022&nbsp;: voil\u00e0 2 ans qu\u2019une \u00e9toile s&#8217;en est all\u00e9e&nbsp;! Repose en paix&#8230; \u00e0 jamais dans nos c\u0153urs!<\/em><\/strong>\u00bb, soupire un autre qui a fait une bonne composition d\u2019images du Zoulou.<\/p>\n\n\n\n<figure class=\"wp-block-gallery columns-2 is-cropped wp-block-gallery-1 is-layout-flex wp-block-gallery-is-layout-flex\"><ul class=\"blocks-gallery-grid\"><li class=\"blocks-gallery-item\"><figure><img loading=\"lazy\" decoding=\"async\" width=\"720\" height=\"548\" src=\"https:\/\/7culture.ci\/wp-content\/uploads\/2022\/02\/erickson1.jpg\" alt=\"\" data-id=\"19739\" data-full-url=\"https:\/\/7culture.ci\/wp-content\/uploads\/2022\/02\/erickson1.jpg\" data-link=\"https:\/\/7culture.ci\/?attachment_id=19739\" class=\"wp-image-19739\" srcset=\"https:\/\/7culture.ci\/wp-content\/uploads\/2022\/02\/erickson1.jpg 720w, https:\/\/7culture.ci\/wp-content\/uploads\/2022\/02\/erickson1-300x228.jpg 300w\" sizes=\"(max-width: 720px) 100vw, 720px\" \/><\/figure><\/li><li class=\"blocks-gallery-item\"><figure><img loading=\"lazy\" decoding=\"async\" width=\"720\" height=\"715\" src=\"https:\/\/7culture.ci\/wp-content\/uploads\/2022\/02\/erickson2-1.jpg\" alt=\"\" data-id=\"19740\" data-full-url=\"https:\/\/7culture.ci\/wp-content\/uploads\/2022\/02\/erickson2-1.jpg\" data-link=\"https:\/\/7culture.ci\/?attachment_id=19740\" class=\"wp-image-19740\" srcset=\"https:\/\/7culture.ci\/wp-content\/uploads\/2022\/02\/erickson2-1.jpg 720w, https:\/\/7culture.ci\/wp-content\/uploads\/2022\/02\/erickson2-1-300x298.jpg 300w, https:\/\/7culture.ci\/wp-content\/uploads\/2022\/02\/erickson2-1-150x150.jpg 150w\" sizes=\"(max-width: 720px) 100vw, 720px\" \/><\/figure><\/li><\/ul><\/figure>\n\n\n\n<p>Eric Bosiki dit Erickson le Zoulou \u00e9tait mari\u00e9 et p\u00e8re de trois enfants.<\/p>\n\n\n\n<p>Par Omar AK<\/p>\n","protected":false},"excerpt":{"rendered":"<p>16 f\u00e9vrier 2020-16 f\u00e9vrier 2022&nbsp;! Voil\u00e0 d\u00e9j\u00e0 deux ans qu\u2019Erickson le Zoulou a quitt\u00e9 le monde des vivants \u00e0 Cr\u00e9teil en France. Le chanteur de couper-d\u00e9caler et de vari\u00e9t\u00e9 est d\u00e9c\u00e9d\u00e9 des suites d\u2019une cirrhose de foie et d\u2019un cancer de la vessie. A l\u2019occasion de ce triste 2e anniversaire de son rappel \u00e0 Dieu, &hellip;<\/p>\n<p class=\"read-more\"> <a class=\"\" href=\"https:\/\/7culture.ci\/index.php\/2022\/02\/16\/erickson-le-zoulou-deja-2-ans-quil-manque-a-ses-fans\/\"> <span class=\"screen-reader-text\">Erickson le Zoulou : d\u00e9j\u00e0 2 ans qu\u2019il manque \u00e0 ses fans !<\/span> Lire la suite\u00a0\u00bb<\/a><\/p>\n","protected":false},"author":1,"featured_media":19737,"comment_status":"open","ping_status":"open","sticky":false,"template":"","format":"standard","meta":{"_mi_skip_tracking":false,"_monsterinsights_sitenote_active":false,"_monsterinsights_sitenote_note":"","_monsterinsights_sitenote_category":0,"site-sidebar-layout":"default","site-content-layout":"default","ast-global-header-display":"","ast-main-header-display":"","ast-hfb-above-header-display":"","ast-hfb-below-header-display":"","ast-hfb-mobile-header-display":"","site-post-title":"","ast-breadcrumbs-content":"","ast-featured-img":"","footer-sml-layout":"","theme-transparent-header-meta":"","adv-header-id-meta":"","stick-header-meta":"","header-above-stick-meta":"","header-main-stick-meta":"","header-below-stick-meta":"","footnotes":"","jetpack_publicize_message":"","jetpack_is_tweetstorm":false,"jetpack_publicize_feature_enabled":true},"categories":[22],"tags":[],"jetpack_publicize_connections":[],"acf":[],"aioseo_notices":[],"yoast_head":"<!-- This site is optimized with the Yoast SEO plugin v19.6.1 - https:\/\/yoast.com\/wordpress\/plugins\/seo\/ -->\n<title>Erickson le Zoulou : d\u00e9j\u00e0 2 ans qu\u2019il manque \u00e0 ses fans ! -<\/title>\n<meta name=\"robots\" content=\"index, follow, max-snippet:-1, max-image-preview:large, max-video-preview:-1\" \/>\n<link rel=\"canonical\" href=\"https:\/\/7culture.ci\/index.php\/2022\/02\/16\/erickson-le-zoulou-deja-2-ans-quil-manque-a-ses-fans\/\" \/>\n<meta property=\"og:locale\" content=\"fr_FR\" \/>\n<meta property=\"og:type\" content=\"article\" \/>\n<meta property=\"og:title\" content=\"Erickson le Zoulou : d\u00e9j\u00e0 2 ans qu\u2019il manque \u00e0 ses fans ! -\" \/>\n<meta property=\"og:description\" content=\"16 f\u00e9vrier 2020-16 f\u00e9vrier 2022&nbsp;! Voil\u00e0 d\u00e9j\u00e0 deux ans qu\u2019Erickson le Zoulou a quitt\u00e9 le monde des vivants \u00e0 Cr\u00e9teil en France. Le chanteur de couper-d\u00e9caler et de vari\u00e9t\u00e9 est d\u00e9c\u00e9d\u00e9 des suites d\u2019une cirrhose de foie et d\u2019un cancer de la vessie. A l\u2019occasion de ce triste 2e anniversaire de son rappel \u00e0 Dieu, &hellip; Erickson le Zoulou : d\u00e9j\u00e0 2 ans qu\u2019il manque \u00e0 ses fans ! Lire la suite\u00a0\u00bb\" \/>\n<meta property=\"og:url\" content=\"https:\/\/7culture.ci\/index.php\/2022\/02\/16\/erickson-le-zoulou-deja-2-ans-quil-manque-a-ses-fans\/\" \/>\n<meta property=\"og:site_name\" content=\"7culture\" \/>\n<meta property=\"article:publisher\" content=\"https:\/\/www.facebook.com\/redchefclaude\" \/>\n<meta property=\"article:published_time\" content=\"2022-02-16T09:46:51+00:00\" \/>\n<meta property=\"article:modified_time\" content=\"2022-02-16T14:03:36+00:00\" \/>\n<meta property=\"og:image\" content=\"http:\/\/7culture.ci\/wp-content\/uploads\/2022\/02\/erickson3.jpg\" \/>\n\t<meta property=\"og:image:width\" content=\"575\" \/>\n\t<meta property=\"og:image:height\" content=\"579\" \/>\n\t<meta property=\"og:image:type\" content=\"image\/jpeg\" \/>\n<meta name=\"author\" content=\"7culture2020\" \/>\n<meta name=\"twitter:card\" content=\"summary_large_image\" \/>\n<meta name=\"twitter:creator\" content=\"@7culturec\" \/>\n<meta name=\"twitter:site\" content=\"@7culturec\" \/>\n<meta name=\"twitter:label1\" content=\"\u00c9crit par\" \/>\n\t<meta name=\"twitter:data1\" content=\"7culture2020\" \/>\n\t<meta name=\"twitter:label2\" content=\"Dur\u00e9e de lecture estim\u00e9e\" \/>\n\t<meta name=\"twitter:data2\" content=\"2 minutes\" \/>\n<script type=\"application\/ld+json\" class=\"yoast-schema-graph\">{\"@context\":\"https:\/\/schema.org\",\"@graph\":[{\"@type\":\"Article\",\"@id\":\"https:\/\/7culture.ci\/index.php\/2022\/02\/16\/erickson-le-zoulou-deja-2-ans-quil-manque-a-ses-fans\/#article\",\"isPartOf\":{\"@id\":\"https:\/\/7culture.ci\/index.php\/2022\/02\/16\/erickson-le-zoulou-deja-2-ans-quil-manque-a-ses-fans\/\"},\"author\":{\"name\":\"7culture2020\",\"@id\":\"https:\/\/7culture.ci\/#\/schema\/person\/16150d28d7ef66ba788c1f87f28c4426\"},\"headline\":\"Erickson le Zoulou : d\u00e9j\u00e0 2 ans qu\u2019il manque \u00e0 ses fans !\",\"datePublished\":\"2022-02-16T09:46:51+00:00\",\"dateModified\":\"2022-02-16T14:03:36+00:00\",\"mainEntityOfPage\":{\"@id\":\"https:\/\/7culture.ci\/index.php\/2022\/02\/16\/erickson-le-zoulou-deja-2-ans-quil-manque-a-ses-fans\/\"},\"wordCount\":227,\"commentCount\":0,\"publisher\":{\"@id\":\"https:\/\/7culture.ci\/#organization\"},\"articleSection\":[\"Actualit\u00e9\"],\"inLanguage\":\"fr-FR\",\"potentialAction\":[{\"@type\":\"CommentAction\",\"name\":\"Comment\",\"target\":[\"https:\/\/7culture.ci\/index.php\/2022\/02\/16\/erickson-le-zoulou-deja-2-ans-quil-manque-a-ses-fans\/#respond\"]}]},{\"@type\":\"WebPage\",\"@id\":\"https:\/\/7culture.ci\/index.php\/2022\/02\/16\/erickson-le-zoulou-deja-2-ans-quil-manque-a-ses-fans\/\",\"url\":\"https:\/\/7culture.ci\/index.php\/2022\/02\/16\/erickson-le-zoulou-deja-2-ans-quil-manque-a-ses-fans\/\",\"name\":\"Erickson le Zoulou : d\u00e9j\u00e0 2 ans qu\u2019il manque \u00e0 ses fans ! -\",\"isPartOf\":{\"@id\":\"https:\/\/7culture.ci\/#website\"},\"datePublished\":\"2022-02-16T09:46:51+00:00\",\"dateModified\":\"2022-02-16T14:03:36+00:00\",\"breadcrumb\":{\"@id\":\"https:\/\/7culture.ci\/index.php\/2022\/02\/16\/erickson-le-zoulou-deja-2-ans-quil-manque-a-ses-fans\/#breadcrumb\"},\"inLanguage\":\"fr-FR\",\"potentialAction\":[{\"@type\":\"ReadAction\",\"target\":[\"https:\/\/7culture.ci\/index.php\/2022\/02\/16\/erickson-le-zoulou-deja-2-ans-quil-manque-a-ses-fans\/\"]}]},{\"@type\":\"BreadcrumbList\",\"@id\":\"https:\/\/7culture.ci\/index.php\/2022\/02\/16\/erickson-le-zoulou-deja-2-ans-quil-manque-a-ses-fans\/#breadcrumb\",\"itemListElement\":[{\"@type\":\"ListItem\",\"position\":1,\"name\":\"Accueil\",\"item\":\"https:\/\/7culture.ci\/\"},{\"@type\":\"ListItem\",\"position\":2,\"name\":\"Erickson le Zoulou : d\u00e9j\u00e0 2 ans qu\u2019il manque \u00e0 ses fans !\"}]},{\"@type\":\"WebSite\",\"@id\":\"https:\/\/7culture.ci\/#website\",\"url\":\"https:\/\/7culture.ci\/\",\"name\":\"7culture\",\"description\":\"Tout sur l&#039;actualit\u00e9\",\"publisher\":{\"@id\":\"https:\/\/7culture.ci\/#organization\"},\"potentialAction\":[{\"@type\":\"SearchAction\",\"target\":{\"@type\":\"EntryPoint\",\"urlTemplate\":\"https:\/\/7culture.ci\/?s={search_term_string}\"},\"query-input\":\"required name=search_term_string\"}],\"inLanguage\":\"fr-FR\"},{\"@type\":\"Organization\",\"@id\":\"https:\/\/7culture.ci\/#organization\",\"name\":\"7culture\",\"url\":\"https:\/\/7culture.ci\/\",\"sameAs\":[\"https:\/\/www.facebook.com\/redchefclaude\",\"https:\/\/twitter.com\/7culturec\"],\"logo\":{\"@type\":\"ImageObject\",\"inLanguage\":\"fr-FR\",\"@id\":\"https:\/\/7culture.ci\/#\/schema\/logo\/image\/\",\"url\":\"https:\/\/7culture.ci\/wp-content\/uploads\/2021\/12\/S1a-1.png\",\"contentUrl\":\"https:\/\/7culture.ci\/wp-content\/uploads\/2021\/12\/S1a-1.png\",\"width\":588,\"height\":192,\"caption\":\"7culture\"},\"image\":{\"@id\":\"https:\/\/7culture.ci\/#\/schema\/logo\/image\/\"}},{\"@type\":\"Person\",\"@id\":\"https:\/\/7culture.ci\/#\/schema\/person\/16150d28d7ef66ba788c1f87f28c4426\",\"name\":\"7culture2020\",\"image\":{\"@type\":\"ImageObject\",\"inLanguage\":\"fr-FR\",\"@id\":\"https:\/\/7culture.ci\/#\/schema\/person\/image\/\",\"url\":\"https:\/\/secure.gravatar.com\/avatar\/9a0784f951306c37bcd065f52844ef95?s=96&d=mm&r=g\",\"contentUrl\":\"https:\/\/secure.gravatar.com\/avatar\/9a0784f951306c37bcd065f52844ef95?s=96&d=mm&r=g\",\"caption\":\"7culture2020\"},\"sameAs\":[\"http:\/\/7culture.ci\",\"Claude.kipre\"],\"url\":\"https:\/\/7culture.ci\/index.php\/author\/7culture2020\/\"}]}<\/script>\n<!-- \/ Yoast SEO plugin. -->","yoast_head_json":{"title":"Erickson le Zoulou : d\u00e9j\u00e0 2 ans qu\u2019il manque \u00e0 ses fans ! -","robots":{"index":"index","follow":"follow","max-snippet":"max-snippet:-1","max-image-preview":"max-image-preview:large","max-video-preview":"max-video-preview:-1"},"canonical":"https:\/\/7culture.ci\/index.php\/2022\/02\/16\/erickson-le-zoulou-deja-2-ans-quil-manque-a-ses-fans\/","og_locale":"fr_FR","og_type":"article","og_title":"Erickson le Zoulou : d\u00e9j\u00e0 2 ans qu\u2019il manque \u00e0 ses fans ! -","og_description":"16 f\u00e9vrier 2020-16 f\u00e9vrier 2022&nbsp;! Voil\u00e0 d\u00e9j\u00e0 deux ans qu\u2019Erickson le Zoulou a quitt\u00e9 le monde des vivants \u00e0 Cr\u00e9teil en France. Le chanteur de couper-d\u00e9caler et de vari\u00e9t\u00e9 est d\u00e9c\u00e9d\u00e9 des suites d\u2019une cirrhose de foie et d\u2019un cancer de la vessie. A l\u2019occasion de ce triste 2e anniversaire de son rappel \u00e0 Dieu, &hellip; Erickson le Zoulou : d\u00e9j\u00e0 2 ans qu\u2019il manque \u00e0 ses fans ! Lire la suite\u00a0\u00bb","og_url":"https:\/\/7culture.ci\/index.php\/2022\/02\/16\/erickson-le-zoulou-deja-2-ans-quil-manque-a-ses-fans\/","og_site_name":"7culture","article_publisher":"https:\/\/www.facebook.com\/redchefclaude","article_published_time":"2022-02-16T09:46:51+00:00","article_modified_time":"2022-02-16T14:03:36+00:00","og_image":[{"width":575,"height":579,"url":"http:\/\/7culture.ci\/wp-content\/uploads\/2022\/02\/erickson3.jpg","type":"image\/jpeg"}],"author":"7culture2020","twitter_card":"summary_large_image","twitter_creator":"@7culturec","twitter_site":"@7culturec","twitter_misc":{"\u00c9crit par":"7culture2020","Dur\u00e9e de lecture estim\u00e9e":"2 minutes"},"schema":{"@context":"https:\/\/schema.org","@graph":[{"@type":"Article","@id":"https:\/\/7culture.ci\/index.php\/2022\/02\/16\/erickson-le-zoulou-deja-2-ans-quil-manque-a-ses-fans\/#article","isPartOf":{"@id":"https:\/\/7culture.ci\/index.php\/2022\/02\/16\/erickson-le-zoulou-deja-2-ans-quil-manque-a-ses-fans\/"},"author":{"name":"7culture2020","@id":"https:\/\/7culture.ci\/#\/schema\/person\/16150d28d7ef66ba788c1f87f28c4426"},"headline":"Erickson le Zoulou : d\u00e9j\u00e0 2 ans qu\u2019il manque \u00e0 ses fans !","datePublished":"2022-02-16T09:46:51+00:00","dateModified":"2022-02-16T14:03:36+00:00","mainEntityOfPage":{"@id":"https:\/\/7culture.ci\/index.php\/2022\/02\/16\/erickson-le-zoulou-deja-2-ans-quil-manque-a-ses-fans\/"},"wordCount":227,"commentCount":0,"publisher":{"@id":"https:\/\/7culture.ci\/#organization"},"articleSection":["Actualit\u00e9"],"inLanguage":"fr-FR","potentialAction":[{"@type":"CommentAction","name":"Comment","target":["https:\/\/7culture.ci\/index.php\/2022\/02\/16\/erickson-le-zoulou-deja-2-ans-quil-manque-a-ses-fans\/#respond"]}]},{"@type":"WebPage","@id":"https:\/\/7culture.ci\/index.php\/2022\/02\/16\/erickson-le-zoulou-deja-2-ans-quil-manque-a-ses-fans\/","url":"https:\/\/7culture.ci\/index.php\/2022\/02\/16\/erickson-le-zoulou-deja-2-ans-quil-manque-a-ses-fans\/","name":"Erickson le Zoulou : d\u00e9j\u00e0 2 ans qu\u2019il manque \u00e0 ses fans ! -","isPartOf":{"@id":"https:\/\/7culture.ci\/#website"},"datePublished":"2022-02-16T09:46:51+00:00","dateModified":"2022-02-16T14:03:36+00:00","breadcrumb":{"@id":"https:\/\/7culture.ci\/index.php\/2022\/02\/16\/erickson-le-zoulou-deja-2-ans-quil-manque-a-ses-fans\/#breadcrumb"},"inLanguage":"fr-FR","potentialAction":[{"@type":"ReadAction","target":["https:\/\/7culture.ci\/index.php\/2022\/02\/16\/erickson-le-zoulou-deja-2-ans-quil-manque-a-ses-fans\/"]}]},{"@type":"BreadcrumbList","@id":"https:\/\/7culture.ci\/index.php\/2022\/02\/16\/erickson-le-zoulou-deja-2-ans-quil-manque-a-ses-fans\/#breadcrumb","itemListElement":[{"@type":"ListItem","position":1,"name":"Accueil","item":"https:\/\/7culture.ci\/"},{"@type":"ListItem","position":2,"name":"Erickson le Zoulou : d\u00e9j\u00e0 2 ans qu\u2019il manque \u00e0 ses fans !"}]},{"@type":"WebSite","@id":"https:\/\/7culture.ci\/#website","url":"https:\/\/7culture.ci\/","name":"7culture","description":"Tout sur l&#039;actualit\u00e9","publisher":{"@id":"https:\/\/7culture.ci\/#organization"},"potentialAction":[{"@type":"SearchAction","target":{"@type":"EntryPoint","urlTemplate":"https:\/\/7culture.ci\/?s={search_term_string}"},"query-input":"required name=search_term_string"}],"inLanguage":"fr-FR"},{"@type":"Organization","@id":"https:\/\/7culture.ci\/#organization","name":"7culture","url":"https:\/\/7culture.ci\/","sameAs":["https:\/\/www.facebook.com\/redchefclaude","https:\/\/twitter.com\/7culturec"],"logo":{"@type":"ImageObject","inLanguage":"fr-FR","@id":"https:\/\/7culture.ci\/#\/schema\/logo\/image\/","url":"https:\/\/7culture.ci\/wp-content\/uploads\/2021\/12\/S1a-1.png","contentUrl":"https:\/\/7culture.ci\/wp-content\/uploads\/2021\/12\/S1a-1.png","width":588,"height":192,"caption":"7culture"},"image":{"@id":"https:\/\/7culture.ci\/#\/schema\/logo\/image\/"}},{"@type":"Person","@id":"https:\/\/7culture.ci\/#\/schema\/person\/16150d28d7ef66ba788c1f87f28c4426","name":"7culture2020","image":{"@type":"ImageObject","inLanguage":"fr-FR","@id":"https:\/\/7culture.ci\/#\/schema\/person\/image\/","url":"https:\/\/secure.gravatar.com\/avatar\/9a0784f951306c37bcd065f52844ef95?s=96&d=mm&r=g","contentUrl":"https:\/\/secure.gravatar.com\/avatar\/9a0784f951306c37bcd065f52844ef95?s=96&d=mm&r=g","caption":"7culture2020"},"sameAs":["http:\/\/7culture.ci","Claude.kipre"],"url":"https:\/\/7culture.ci\/index.php\/author\/7culture2020\/"}]}},"jetpack_featured_media_url":"https:\/\/7culture.ci\/wp-content\/uploads\/2022\/02\/erickson3.jpg","jetpack_likes_enabled":true,"jetpack_sharing_enabled":true,"_links":{"self":[{"href":"https:\/\/7culture.ci\/index.php\/wp-json\/wp\/v2\/posts\/19736"}],"collection":[{"href":"https:\/\/7culture.ci\/index.php\/wp-json\/wp\/v2\/posts"}],"about":[{"href":"https:\/\/7culture.ci\/index.php\/wp-json\/wp\/v2\/types\/post"}],"author":[{"embeddable":true,"href":"https:\/\/7culture.ci\/index.php\/wp-json\/wp\/v2\/users\/1"}],"replies":[{"embeddable":true,"href":"https:\/\/7culture.ci\/index.php\/wp-json\/wp\/v2\/comments?post=19736"}],"version-history":[{"count":0,"href":"https:\/\/7culture.ci\/index.php\/wp-json\/wp\/v2\/posts\/19736\/revisions"}],"wp:featuredmedia":[{"embeddable":true,"href":"https:\/\/7culture.ci\/index.php\/wp-json\/wp\/v2\/media\/19737"}],"wp:attachment":[{"href":"https:\/\/7culture.ci\/index.php\/wp-json\/wp\/v2\/media?parent=19736"}],"wp:term":[{"taxonomy":"category","embeddable":true,"href":"https:\/\/7culture.ci\/index.php\/wp-json\/wp\/v2\/categories?post=19736"},{"taxonomy":"post_tag","embeddable":true,"href":"https:\/\/7culture.ci\/index.php\/wp-json\/wp\/v2\/tags?post=19736"}],"curies":[{"name":"wp","href":"https:\/\/api.w.org\/{rel}","templated":true}]}}