{"id":19721,"date":"2022-02-14T17:10:21","date_gmt":"2022-02-14T16:10:21","guid":{"rendered":"https:\/\/7culture.ci\/?p=19721"},"modified":"2022-02-15T15:01:47","modified_gmt":"2022-02-15T14:01:47","slug":"oumou-sangare-annonce-son-retour-avec-timbuktu","status":"publish","type":"post","link":"https:\/\/7culture.ci\/index.php\/2022\/02\/14\/oumou-sangare-annonce-son-retour-avec-timbuktu\/","title":{"rendered":"Oumou Sangar\u00e9 annonce son retour avec \u2019\u2019Timbuktu\u2019\u2019"},"content":{"rendered":"\n<p>\u00ab&nbsp;<strong><em>Je suis tr\u00e8s heureuse d\u2019annoncer que mon nouvel album, &#8216;Timbuktu&#8217;, sortira le 29 avril ! Vous pouvez d\u00e9couvrir &#8216;Sarama&#8217; d\u00e8s maintenant. Vous pouvez l\u2019\u00e9couter et pr\u00e9commander maintenant sur le lien. J\u2019esp\u00e8re que vous l\u2019appr\u00e9cierez!<\/em><\/strong>&nbsp;\u00bb. C\u2019est la diva malienne elle-m\u00eame qui a annonc\u00e9 la date de sortie de son prochain sur son profil Facebook. Cela prouve qu\u2019Oumou Sangar\u00e9 se sent vraiment pr\u00eate \u00e0 livrer sa nouvelle production musicale aux m\u00e9lomanes. Mais l\u2019accouchement cet album aura \u00e9t\u00e9 difficile.<\/p>\n\n\n\n<p>Arriv\u00e9e aux \u00c9tats-Unis peu avant la fermeture des fronti\u00e8res alors qu\u2019elle devait se produire au mythique Apollo Theatre de Harlem, elle a d\u00fb se r\u00e9soudre \u00e0 un exil temporaire forc\u00e9. Pour \u00e9voquer les trois mois qu\u2019elle a pass\u00e9s au pays de l\u2019oncle Sam en plein Covid-19 et pr\u00e9cis\u00e9ment \u00e0 New York o\u00f9 la pand\u00e9mie a fait de nombreuses victimes, Oumou Sangar\u00e9 reconna\u00eet volontiers que &#8220;c\u2019\u00e9tait chaud&#8221; sur rfi.fr.<\/p>\n\n\n\n<figure class=\"wp-block-image size-large is-resized\"><img loading=\"lazy\" decoding=\"async\" src=\"https:\/\/7culture.ci\/wp-content\/uploads\/2022\/02\/Oumou-sangare2-1024x1024.jpg\" alt=\"\" class=\"wp-image-19723\" width=\"548\" height=\"548\" srcset=\"https:\/\/7culture.ci\/wp-content\/uploads\/2022\/02\/Oumou-sangare2.jpg 1024w, https:\/\/7culture.ci\/wp-content\/uploads\/2022\/02\/Oumou-sangare2-300x300.jpg 300w, https:\/\/7culture.ci\/wp-content\/uploads\/2022\/02\/Oumou-sangare2-150x150.jpg 150w, https:\/\/7culture.ci\/wp-content\/uploads\/2022\/02\/Oumou-sangare2-768x768.jpg 768w\" sizes=\"(max-width: 548px) 100vw, 548px\" \/><\/figure>\n\n\n\n<p>La chanteuse a n\u00e9anmoins profit\u00e9 de cet asile forc\u00e9, pour mettre les bases de son album \u00e0 venir. Et d\u00e8s qu\u2019il y eu une accalmie, Oumou Sangar\u00e9 est revenue dans son Mali natal. C\u2019est finalement entre les Etats-Unis, le France et le Mali qu\u2019elle a r\u00e9alis\u00e9 \u2018\u2019Timbuktu\u2019\u2019 qui sortira le 29 avril 2022.<\/p>\n\n\n\n<p>C\u2019est un album qui marque le retour aux sources de l\u2019interpr\u00e8te de \u2018\u2019Moussoulou\u2019\u2019. Elle a notamment travaill\u00e9 avec des instruments traditionnels africains. Cependant, le disque comprend un message actuel. De la situation d\u2019ins\u00e9curit\u00e9 au Sahel en passant par l\u2019amour et la condition de la femme, tout y est \u00e9voqu\u00e9.<\/p>\n\n\n\n<div class=\"wp-block-image\"><figure class=\"aligncenter size-large is-resized\"><img loading=\"lazy\" decoding=\"async\" src=\"https:\/\/7culture.ci\/wp-content\/uploads\/2022\/02\/Oumou-sangare3-1024x538.jpg\" alt=\"\" class=\"wp-image-19724\" width=\"717\" height=\"377\" srcset=\"https:\/\/7culture.ci\/wp-content\/uploads\/2022\/02\/Oumou-sangare3-1024x538.jpg 1024w, https:\/\/7culture.ci\/wp-content\/uploads\/2022\/02\/Oumou-sangare3-300x158.jpg 300w, https:\/\/7culture.ci\/wp-content\/uploads\/2022\/02\/Oumou-sangare3-768x403.jpg 768w, https:\/\/7culture.ci\/wp-content\/uploads\/2022\/02\/Oumou-sangare3.jpg 1200w\" sizes=\"(max-width: 717px) 100vw, 717px\" \/><\/figure><\/div>\n\n\n\n<p>Par Omar AK<\/p>\n","protected":false},"excerpt":{"rendered":"<p>\u00ab&nbsp;Je suis tr\u00e8s heureuse d\u2019annoncer que mon nouvel album, &#8216;Timbuktu&#8217;, sortira le 29 avril ! Vous pouvez d\u00e9couvrir &#8216;Sarama&#8217; d\u00e8s maintenant. Vous pouvez l\u2019\u00e9couter et pr\u00e9commander maintenant sur le lien. J\u2019esp\u00e8re que vous l\u2019appr\u00e9cierez!&nbsp;\u00bb. C\u2019est la diva malienne elle-m\u00eame qui a annonc\u00e9 la date de sortie de son prochain sur son profil Facebook. Cela prouve &hellip;<\/p>\n<p class=\"read-more\"> <a class=\"\" href=\"https:\/\/7culture.ci\/index.php\/2022\/02\/14\/oumou-sangare-annonce-son-retour-avec-timbuktu\/\"> <span class=\"screen-reader-text\">Oumou Sangar\u00e9 annonce son retour avec \u2019\u2019Timbuktu\u2019\u2019<\/span> Lire la suite\u00a0\u00bb<\/a><\/p>\n","protected":false},"author":1,"featured_media":19722,"comment_status":"open","ping_status":"open","sticky":false,"template":"","format":"standard","meta":{"_mi_skip_tracking":false,"_monsterinsights_sitenote_active":false,"_monsterinsights_sitenote_note":"","_monsterinsights_sitenote_category":0,"site-sidebar-layout":"default","site-content-layout":"default","ast-global-header-display":"","ast-main-header-display":"","ast-hfb-above-header-display":"","ast-hfb-below-header-display":"","ast-hfb-mobile-header-display":"","site-post-title":"","ast-breadcrumbs-content":"","ast-featured-img":"","footer-sml-layout":"","theme-transparent-header-meta":"","adv-header-id-meta":"","stick-header-meta":"","header-above-stick-meta":"","header-main-stick-meta":"","header-below-stick-meta":"","footnotes":"","jetpack_publicize_message":"","jetpack_is_tweetstorm":false,"jetpack_publicize_feature_enabled":true},"categories":[16],"tags":[],"jetpack_publicize_connections":[],"acf":[],"aioseo_notices":[],"yoast_head":"<!-- This site is optimized with the Yoast SEO plugin v19.6.1 - https:\/\/yoast.com\/wordpress\/plugins\/seo\/ -->\n<title>Oumou Sangar\u00e9 annonce son retour avec \u2019\u2019Timbuktu\u2019\u2019 -<\/title>\n<meta name=\"robots\" content=\"index, follow, max-snippet:-1, max-image-preview:large, max-video-preview:-1\" \/>\n<link rel=\"canonical\" href=\"https:\/\/7culture.ci\/index.php\/2022\/02\/14\/oumou-sangare-annonce-son-retour-avec-timbuktu\/\" \/>\n<meta property=\"og:locale\" content=\"fr_FR\" \/>\n<meta property=\"og:type\" content=\"article\" \/>\n<meta property=\"og:title\" content=\"Oumou Sangar\u00e9 annonce son retour avec \u2019\u2019Timbuktu\u2019\u2019 -\" \/>\n<meta property=\"og:description\" content=\"\u00ab&nbsp;Je suis tr\u00e8s heureuse d\u2019annoncer que mon nouvel album, &#8216;Timbuktu&#8217;, sortira le 29 avril ! Vous pouvez d\u00e9couvrir &#8216;Sarama&#8217; d\u00e8s maintenant. Vous pouvez l\u2019\u00e9couter et pr\u00e9commander maintenant sur le lien. J\u2019esp\u00e8re que vous l\u2019appr\u00e9cierez!&nbsp;\u00bb. C\u2019est la diva malienne elle-m\u00eame qui a annonc\u00e9 la date de sortie de son prochain sur son profil Facebook. Cela prouve &hellip; Oumou Sangar\u00e9 annonce son retour avec \u2019\u2019Timbuktu\u2019\u2019 Lire la suite\u00a0\u00bb\" \/>\n<meta property=\"og:url\" content=\"https:\/\/7culture.ci\/index.php\/2022\/02\/14\/oumou-sangare-annonce-son-retour-avec-timbuktu\/\" \/>\n<meta property=\"og:site_name\" content=\"7culture\" \/>\n<meta property=\"article:publisher\" content=\"https:\/\/www.facebook.com\/redchefclaude\" \/>\n<meta property=\"article:published_time\" content=\"2022-02-14T16:10:21+00:00\" \/>\n<meta property=\"article:modified_time\" content=\"2022-02-15T14:01:47+00:00\" \/>\n<meta property=\"og:image\" content=\"http:\/\/7culture.ci\/wp-content\/uploads\/2022\/02\/Oumou-sangare1-1024x1024.jpg\" \/>\n\t<meta property=\"og:image:width\" content=\"1024\" \/>\n\t<meta property=\"og:image:height\" content=\"1024\" \/>\n\t<meta property=\"og:image:type\" content=\"image\/jpeg\" \/>\n<meta name=\"author\" content=\"7culture2020\" \/>\n<meta name=\"twitter:card\" content=\"summary_large_image\" \/>\n<meta name=\"twitter:creator\" content=\"@7culturec\" \/>\n<meta name=\"twitter:site\" content=\"@7culturec\" \/>\n<meta name=\"twitter:label1\" content=\"\u00c9crit par\" \/>\n\t<meta name=\"twitter:data1\" content=\"7culture2020\" \/>\n\t<meta name=\"twitter:label2\" content=\"Dur\u00e9e de lecture estim\u00e9e\" \/>\n\t<meta name=\"twitter:data2\" content=\"2 minutes\" \/>\n<script type=\"application\/ld+json\" class=\"yoast-schema-graph\">{\"@context\":\"https:\/\/schema.org\",\"@graph\":[{\"@type\":\"Article\",\"@id\":\"https:\/\/7culture.ci\/index.php\/2022\/02\/14\/oumou-sangare-annonce-son-retour-avec-timbuktu\/#article\",\"isPartOf\":{\"@id\":\"https:\/\/7culture.ci\/index.php\/2022\/02\/14\/oumou-sangare-annonce-son-retour-avec-timbuktu\/\"},\"author\":{\"name\":\"7culture2020\",\"@id\":\"https:\/\/7culture.ci\/#\/schema\/person\/16150d28d7ef66ba788c1f87f28c4426\"},\"headline\":\"Oumou Sangar\u00e9 annonce son retour avec \u2019\u2019Timbuktu\u2019\u2019\",\"datePublished\":\"2022-02-14T16:10:21+00:00\",\"dateModified\":\"2022-02-15T14:01:47+00:00\",\"mainEntityOfPage\":{\"@id\":\"https:\/\/7culture.ci\/index.php\/2022\/02\/14\/oumou-sangare-annonce-son-retour-avec-timbuktu\/\"},\"wordCount\":291,\"commentCount\":0,\"publisher\":{\"@id\":\"https:\/\/7culture.ci\/#organization\"},\"articleSection\":[\"Musique\"],\"inLanguage\":\"fr-FR\",\"potentialAction\":[{\"@type\":\"CommentAction\",\"name\":\"Comment\",\"target\":[\"https:\/\/7culture.ci\/index.php\/2022\/02\/14\/oumou-sangare-annonce-son-retour-avec-timbuktu\/#respond\"]}]},{\"@type\":\"WebPage\",\"@id\":\"https:\/\/7culture.ci\/index.php\/2022\/02\/14\/oumou-sangare-annonce-son-retour-avec-timbuktu\/\",\"url\":\"https:\/\/7culture.ci\/index.php\/2022\/02\/14\/oumou-sangare-annonce-son-retour-avec-timbuktu\/\",\"name\":\"Oumou Sangar\u00e9 annonce son retour avec \u2019\u2019Timbuktu\u2019\u2019 -\",\"isPartOf\":{\"@id\":\"https:\/\/7culture.ci\/#website\"},\"datePublished\":\"2022-02-14T16:10:21+00:00\",\"dateModified\":\"2022-02-15T14:01:47+00:00\",\"breadcrumb\":{\"@id\":\"https:\/\/7culture.ci\/index.php\/2022\/02\/14\/oumou-sangare-annonce-son-retour-avec-timbuktu\/#breadcrumb\"},\"inLanguage\":\"fr-FR\",\"potentialAction\":[{\"@type\":\"ReadAction\",\"target\":[\"https:\/\/7culture.ci\/index.php\/2022\/02\/14\/oumou-sangare-annonce-son-retour-avec-timbuktu\/\"]}]},{\"@type\":\"BreadcrumbList\",\"@id\":\"https:\/\/7culture.ci\/index.php\/2022\/02\/14\/oumou-sangare-annonce-son-retour-avec-timbuktu\/#breadcrumb\",\"itemListElement\":[{\"@type\":\"ListItem\",\"position\":1,\"name\":\"Accueil\",\"item\":\"https:\/\/7culture.ci\/\"},{\"@type\":\"ListItem\",\"position\":2,\"name\":\"Oumou Sangar\u00e9 annonce son retour avec \u2019\u2019Timbuktu\u2019\u2019\"}]},{\"@type\":\"WebSite\",\"@id\":\"https:\/\/7culture.ci\/#website\",\"url\":\"https:\/\/7culture.ci\/\",\"name\":\"7culture\",\"description\":\"Tout sur l&#039;actualit\u00e9\",\"publisher\":{\"@id\":\"https:\/\/7culture.ci\/#organization\"},\"potentialAction\":[{\"@type\":\"SearchAction\",\"target\":{\"@type\":\"EntryPoint\",\"urlTemplate\":\"https:\/\/7culture.ci\/?s={search_term_string}\"},\"query-input\":\"required name=search_term_string\"}],\"inLanguage\":\"fr-FR\"},{\"@type\":\"Organization\",\"@id\":\"https:\/\/7culture.ci\/#organization\",\"name\":\"7culture\",\"url\":\"https:\/\/7culture.ci\/\",\"sameAs\":[\"https:\/\/www.facebook.com\/redchefclaude\",\"https:\/\/twitter.com\/7culturec\"],\"logo\":{\"@type\":\"ImageObject\",\"inLanguage\":\"fr-FR\",\"@id\":\"https:\/\/7culture.ci\/#\/schema\/logo\/image\/\",\"url\":\"https:\/\/7culture.ci\/wp-content\/uploads\/2021\/12\/S1a-1.png\",\"contentUrl\":\"https:\/\/7culture.ci\/wp-content\/uploads\/2021\/12\/S1a-1.png\",\"width\":588,\"height\":192,\"caption\":\"7culture\"},\"image\":{\"@id\":\"https:\/\/7culture.ci\/#\/schema\/logo\/image\/\"}},{\"@type\":\"Person\",\"@id\":\"https:\/\/7culture.ci\/#\/schema\/person\/16150d28d7ef66ba788c1f87f28c4426\",\"name\":\"7culture2020\",\"image\":{\"@type\":\"ImageObject\",\"inLanguage\":\"fr-FR\",\"@id\":\"https:\/\/7culture.ci\/#\/schema\/person\/image\/\",\"url\":\"https:\/\/secure.gravatar.com\/avatar\/9a0784f951306c37bcd065f52844ef95?s=96&d=mm&r=g\",\"contentUrl\":\"https:\/\/secure.gravatar.com\/avatar\/9a0784f951306c37bcd065f52844ef95?s=96&d=mm&r=g\",\"caption\":\"7culture2020\"},\"sameAs\":[\"http:\/\/7culture.ci\",\"Claude.kipre\"],\"url\":\"https:\/\/7culture.ci\/index.php\/author\/7culture2020\/\"}]}<\/script>\n<!-- \/ Yoast SEO plugin. -->","yoast_head_json":{"title":"Oumou Sangar\u00e9 annonce son retour avec \u2019\u2019Timbuktu\u2019\u2019 -","robots":{"index":"index","follow":"follow","max-snippet":"max-snippet:-1","max-image-preview":"max-image-preview:large","max-video-preview":"max-video-preview:-1"},"canonical":"https:\/\/7culture.ci\/index.php\/2022\/02\/14\/oumou-sangare-annonce-son-retour-avec-timbuktu\/","og_locale":"fr_FR","og_type":"article","og_title":"Oumou Sangar\u00e9 annonce son retour avec \u2019\u2019Timbuktu\u2019\u2019 -","og_description":"\u00ab&nbsp;Je suis tr\u00e8s heureuse d\u2019annoncer que mon nouvel album, &#8216;Timbuktu&#8217;, sortira le 29 avril ! Vous pouvez d\u00e9couvrir &#8216;Sarama&#8217; d\u00e8s maintenant. Vous pouvez l\u2019\u00e9couter et pr\u00e9commander maintenant sur le lien. J\u2019esp\u00e8re que vous l\u2019appr\u00e9cierez!&nbsp;\u00bb. C\u2019est la diva malienne elle-m\u00eame qui a annonc\u00e9 la date de sortie de son prochain sur son profil Facebook. Cela prouve &hellip; Oumou Sangar\u00e9 annonce son retour avec \u2019\u2019Timbuktu\u2019\u2019 Lire la suite\u00a0\u00bb","og_url":"https:\/\/7culture.ci\/index.php\/2022\/02\/14\/oumou-sangare-annonce-son-retour-avec-timbuktu\/","og_site_name":"7culture","article_publisher":"https:\/\/www.facebook.com\/redchefclaude","article_published_time":"2022-02-14T16:10:21+00:00","article_modified_time":"2022-02-15T14:01:47+00:00","og_image":[{"width":1024,"height":1024,"url":"http:\/\/7culture.ci\/wp-content\/uploads\/2022\/02\/Oumou-sangare1-1024x1024.jpg","type":"image\/jpeg"}],"author":"7culture2020","twitter_card":"summary_large_image","twitter_creator":"@7culturec","twitter_site":"@7culturec","twitter_misc":{"\u00c9crit par":"7culture2020","Dur\u00e9e de lecture estim\u00e9e":"2 minutes"},"schema":{"@context":"https:\/\/schema.org","@graph":[{"@type":"Article","@id":"https:\/\/7culture.ci\/index.php\/2022\/02\/14\/oumou-sangare-annonce-son-retour-avec-timbuktu\/#article","isPartOf":{"@id":"https:\/\/7culture.ci\/index.php\/2022\/02\/14\/oumou-sangare-annonce-son-retour-avec-timbuktu\/"},"author":{"name":"7culture2020","@id":"https:\/\/7culture.ci\/#\/schema\/person\/16150d28d7ef66ba788c1f87f28c4426"},"headline":"Oumou Sangar\u00e9 annonce son retour avec \u2019\u2019Timbuktu\u2019\u2019","datePublished":"2022-02-14T16:10:21+00:00","dateModified":"2022-02-15T14:01:47+00:00","mainEntityOfPage":{"@id":"https:\/\/7culture.ci\/index.php\/2022\/02\/14\/oumou-sangare-annonce-son-retour-avec-timbuktu\/"},"wordCount":291,"commentCount":0,"publisher":{"@id":"https:\/\/7culture.ci\/#organization"},"articleSection":["Musique"],"inLanguage":"fr-FR","potentialAction":[{"@type":"CommentAction","name":"Comment","target":["https:\/\/7culture.ci\/index.php\/2022\/02\/14\/oumou-sangare-annonce-son-retour-avec-timbuktu\/#respond"]}]},{"@type":"WebPage","@id":"https:\/\/7culture.ci\/index.php\/2022\/02\/14\/oumou-sangare-annonce-son-retour-avec-timbuktu\/","url":"https:\/\/7culture.ci\/index.php\/2022\/02\/14\/oumou-sangare-annonce-son-retour-avec-timbuktu\/","name":"Oumou Sangar\u00e9 annonce son retour avec \u2019\u2019Timbuktu\u2019\u2019 -","isPartOf":{"@id":"https:\/\/7culture.ci\/#website"},"datePublished":"2022-02-14T16:10:21+00:00","dateModified":"2022-02-15T14:01:47+00:00","breadcrumb":{"@id":"https:\/\/7culture.ci\/index.php\/2022\/02\/14\/oumou-sangare-annonce-son-retour-avec-timbuktu\/#breadcrumb"},"inLanguage":"fr-FR","potentialAction":[{"@type":"ReadAction","target":["https:\/\/7culture.ci\/index.php\/2022\/02\/14\/oumou-sangare-annonce-son-retour-avec-timbuktu\/"]}]},{"@type":"BreadcrumbList","@id":"https:\/\/7culture.ci\/index.php\/2022\/02\/14\/oumou-sangare-annonce-son-retour-avec-timbuktu\/#breadcrumb","itemListElement":[{"@type":"ListItem","position":1,"name":"Accueil","item":"https:\/\/7culture.ci\/"},{"@type":"ListItem","position":2,"name":"Oumou Sangar\u00e9 annonce son retour avec \u2019\u2019Timbuktu\u2019\u2019"}]},{"@type":"WebSite","@id":"https:\/\/7culture.ci\/#website","url":"https:\/\/7culture.ci\/","name":"7culture","description":"Tout sur l&#039;actualit\u00e9","publisher":{"@id":"https:\/\/7culture.ci\/#organization"},"potentialAction":[{"@type":"SearchAction","target":{"@type":"EntryPoint","urlTemplate":"https:\/\/7culture.ci\/?s={search_term_string}"},"query-input":"required name=search_term_string"}],"inLanguage":"fr-FR"},{"@type":"Organization","@id":"https:\/\/7culture.ci\/#organization","name":"7culture","url":"https:\/\/7culture.ci\/","sameAs":["https:\/\/www.facebook.com\/redchefclaude","https:\/\/twitter.com\/7culturec"],"logo":{"@type":"ImageObject","inLanguage":"fr-FR","@id":"https:\/\/7culture.ci\/#\/schema\/logo\/image\/","url":"https:\/\/7culture.ci\/wp-content\/uploads\/2021\/12\/S1a-1.png","contentUrl":"https:\/\/7culture.ci\/wp-content\/uploads\/2021\/12\/S1a-1.png","width":588,"height":192,"caption":"7culture"},"image":{"@id":"https:\/\/7culture.ci\/#\/schema\/logo\/image\/"}},{"@type":"Person","@id":"https:\/\/7culture.ci\/#\/schema\/person\/16150d28d7ef66ba788c1f87f28c4426","name":"7culture2020","image":{"@type":"ImageObject","inLanguage":"fr-FR","@id":"https:\/\/7culture.ci\/#\/schema\/person\/image\/","url":"https:\/\/secure.gravatar.com\/avatar\/9a0784f951306c37bcd065f52844ef95?s=96&d=mm&r=g","contentUrl":"https:\/\/secure.gravatar.com\/avatar\/9a0784f951306c37bcd065f52844ef95?s=96&d=mm&r=g","caption":"7culture2020"},"sameAs":["http:\/\/7culture.ci","Claude.kipre"],"url":"https:\/\/7culture.ci\/index.php\/author\/7culture2020\/"}]}},"jetpack_featured_media_url":"https:\/\/7culture.ci\/wp-content\/uploads\/2022\/02\/Oumou-sangare1.jpg","jetpack_likes_enabled":true,"jetpack_sharing_enabled":true,"_links":{"self":[{"href":"https:\/\/7culture.ci\/index.php\/wp-json\/wp\/v2\/posts\/19721"}],"collection":[{"href":"https:\/\/7culture.ci\/index.php\/wp-json\/wp\/v2\/posts"}],"about":[{"href":"https:\/\/7culture.ci\/index.php\/wp-json\/wp\/v2\/types\/post"}],"author":[{"embeddable":true,"href":"https:\/\/7culture.ci\/index.php\/wp-json\/wp\/v2\/users\/1"}],"replies":[{"embeddable":true,"href":"https:\/\/7culture.ci\/index.php\/wp-json\/wp\/v2\/comments?post=19721"}],"version-history":[{"count":0,"href":"https:\/\/7culture.ci\/index.php\/wp-json\/wp\/v2\/posts\/19721\/revisions"}],"wp:featuredmedia":[{"embeddable":true,"href":"https:\/\/7culture.ci\/index.php\/wp-json\/wp\/v2\/media\/19722"}],"wp:attachment":[{"href":"https:\/\/7culture.ci\/index.php\/wp-json\/wp\/v2\/media?parent=19721"}],"wp:term":[{"taxonomy":"category","embeddable":true,"href":"https:\/\/7culture.ci\/index.php\/wp-json\/wp\/v2\/categories?post=19721"},{"taxonomy":"post_tag","embeddable":true,"href":"https:\/\/7culture.ci\/index.php\/wp-json\/wp\/v2\/tags?post=19721"}],"curies":[{"name":"wp","href":"https:\/\/api.w.org\/{rel}","templated":true}]}}