{"id":19709,"date":"2022-02-14T14:26:16","date_gmt":"2022-02-14T13:26:16","guid":{"rendered":"https:\/\/7culture.ci\/?p=19709"},"modified":"2022-02-14T15:54:35","modified_gmt":"2022-02-14T14:54:35","slug":"wara-tour-abou-nidal-sengage-pour-une-ecole-de-qualite-et-de-merite","status":"publish","type":"post","link":"https:\/\/7culture.ci\/index.php\/2022\/02\/14\/wara-tour-abou-nidal-sengage-pour-une-ecole-de-qualite-et-de-merite\/","title":{"rendered":"WARA TOUR : Abou Nidal s\u2019engage pour une \u00e9cole de qualit\u00e9 et de m\u00e9rite"},"content":{"rendered":"\n<p>Selon l\u2019Organisation des Nations unies pour l&#8217;\u00e9ducation, la science et la culture (UNESCO), 38 millions d\u2019enfants sont hors du syst\u00e8me \u00e9ducatif en Afrique. C\u2019est pour apporter sa contribution \u00e0 la r\u00e9duction de ce triste nombre effarant que le chanteur Abou Nidal a initi\u00e9 le Wara Tour. Qui est une caravane qui sillonne les villes de C\u00f4te d\u2019Ivoire pour inviter les parents \u00e0 envoyer leurs enfants \u00e0 l\u2019\u00e9cole et inciter ces derniers \u00e0 aimer les bancs. Le 11 f\u00e9vrier dernier \u00e0 la salle de mariage de la mairie d\u2019Adjam\u00e9 \u00e0 Abidjan, Abou Nidal et ses partenaires ont proc\u00e9d\u00e9 au lancement de la 6<sup>e<\/sup> \u00e9dition du Wara Tour. \u00ab <strong><em>L&#8217;objectif du Wara Tour est de mettre en comp\u00e9tition les Directions r\u00e9gionales de l\u2019\u00e9ducation nationale (DREN) \u00e0 travers les meilleurs \u00e9l\u00e8ves qu&#8217;ils nous envoient \u00e0 Abidjan, promouvoir l&#8217;excellence et permettre des \u00e9changes B2B avec des partenaires<\/em><\/strong>\u00bb, a d\u00e9clar\u00e9 Abou Nidal. Cette ann\u00e9e, son \u00e9v\u00e8nement se d\u00e9roulera autour du th\u00e8me&nbsp;: \u2018<em>\u2019Tous engag\u00e9s pour une \u00e9cole de m\u00e9rite et de qualit\u00e9 \u00bb, dans la dynamique de l\u2019excellence en milieu scolaire\u2019\u2019<\/em>.<\/p>\n\n\n\n<figure class=\"wp-block-image size-full is-resized\"><img loading=\"lazy\" decoding=\"async\" src=\"https:\/\/7culture.ci\/wp-content\/uploads\/2022\/02\/IMG-20220211-WA0049.jpg\" alt=\"\" class=\"wp-image-19712\" width=\"661\" height=\"440\" srcset=\"https:\/\/7culture.ci\/wp-content\/uploads\/2022\/02\/IMG-20220211-WA0049.jpg 1000w, https:\/\/7culture.ci\/wp-content\/uploads\/2022\/02\/IMG-20220211-WA0049-300x200.jpg 300w, https:\/\/7culture.ci\/wp-content\/uploads\/2022\/02\/IMG-20220211-WA0049-768x511.jpg 768w\" sizes=\"(max-width: 661px) 100vw, 661px\" \/><\/figure>\n\n\n\n<p>Le programme du Wara Tour 2022 pr\u00e9voit une comp\u00e9tition entre les meilleurs \u00e9l\u00e8ves des diff\u00e9rentes DREN pour en d\u00e9tecter les meilleurs. La campagne de sensibilisation va concerner 10 villes. Les meilleurs \u00e9l\u00e8ves recevront des ordinateurs portables, des tablettes, des kits scolaires\u2026 \u00ab <strong><em>Tous les enfants de la C\u00f4te d\u2019Ivoire m\u00e9ritent d\u2019aller \u00e0 l\u2019\u00e9cole, leurs places ne sont nulle part ailleurs<\/em><\/strong> \u00bb, a insist\u00e9 Abou Nidal. Dans son noble projet, la star du couper-d\u00e9caler a le soutien de nombreuse institutions \u00e0 commencer par le minist\u00e8re de l\u2019Education nationale et de l\u2019Alphab\u00e9tisation. \u00ab&nbsp;<strong><em>Je voudrais saluer ici l\u2019audace et la pers\u00e9v\u00e9rance d\u2019un homme qui veut faire bouger les lignes et f\u00e9d\u00e9rer autour de son projet, tout le monde&nbsp;\u00bb<\/em><\/strong>, a dit Eloi No\u00ebl Kouassi, conseiller technique et repr\u00e9sentant le ministre de l\u2019Education nationale. \u00ab&nbsp;<strong><em>L\u2019\u00e9ducation transforme des vies<\/em><\/strong>&nbsp;\u00bb, a soulign\u00e9 pour sa part, Ydo Yao, Directeur du Bureau International d&#8217;\u00c9ducation de l&#8217;UNESCO \u00e0 Gen\u00e8ve en Suisse. Et a ajout\u00e9&nbsp;: \u00ab&nbsp;<strong><em>Abou Nidal est quelqu\u2019un qui tend la main \u00e0 ceux qui en ont besoin. Le programme Wara Tour est une belle initiative. Il faudrait penser \u00e0 instaurer des comp\u00e9tences num\u00e9riques et digitales dans le syst\u00e8me \u00e9ducatif car nous allons vers un monde exclusivement num\u00e9rique<\/em><\/strong>&nbsp;\u00bb.<\/p>\n\n\n\n<div class=\"wp-block-image\"><figure class=\"aligncenter size-full is-resized\"><img loading=\"lazy\" decoding=\"async\" src=\"https:\/\/7culture.ci\/wp-content\/uploads\/2022\/02\/IMG-20220211-WA0051.jpg\" alt=\"\" class=\"wp-image-19713\" width=\"766\" height=\"510\" srcset=\"https:\/\/7culture.ci\/wp-content\/uploads\/2022\/02\/IMG-20220211-WA0051.jpg 1000w, https:\/\/7culture.ci\/wp-content\/uploads\/2022\/02\/IMG-20220211-WA0051-300x200.jpg 300w, https:\/\/7culture.ci\/wp-content\/uploads\/2022\/02\/IMG-20220211-WA0051-768x511.jpg 768w\" sizes=\"(max-width: 766px) 100vw, 766px\" \/><\/figure><\/div>\n\n\n\n<p>L\u2019\u00e9cole pour tous, l\u2019adduction en eau potable dans les \u00e9tablissements, la propret\u00e9 de l\u2019environnement, la sensibilisation des populations \u00e0 se faire vacciner contre le Covid-19 sont quelques objectifs que s\u2019est fix\u00e9 le Wara Tour 2022. \u00ab&nbsp;<strong><em>Nos enfants sont les leaders de demain<\/em><\/strong>&nbsp;\u00bb, a soulign\u00e9 le journaliste t\u00e9l\u00e9 David Modio.<\/p>\n\n\n\n<p>Le lancement de la 6<sup>e<\/sup> \u00e9dition s\u2019est d\u00e9roul\u00e9 devant un parterre d\u2019invit\u00e9s dont des chanteurs, des footballeurs et des personnalit\u00e9s de la soci\u00e9t\u00e9 civile. Pendant cette c\u00e9r\u00e9monie de mise sur rails le Wara Tour 2022, des r\u00e9compenses ont \u00e9t\u00e9 faites aux \u00e9l\u00e8ves m\u00e9ritants. Les pensionnaires de La Pouponni\u00e8re de Dabou ont aussi des kits scolaires.<\/p>\n\n\n\n<div class=\"wp-block-image\"><figure class=\"aligncenter size-full is-resized\"><img loading=\"lazy\" decoding=\"async\" src=\"https:\/\/7culture.ci\/wp-content\/uploads\/2022\/02\/IMG-20220211-WA0056.jpg\" alt=\"\" class=\"wp-image-19714\" width=\"739\" height=\"492\" srcset=\"https:\/\/7culture.ci\/wp-content\/uploads\/2022\/02\/IMG-20220211-WA0056.jpg 1000w, https:\/\/7culture.ci\/wp-content\/uploads\/2022\/02\/IMG-20220211-WA0056-300x200.jpg 300w, https:\/\/7culture.ci\/wp-content\/uploads\/2022\/02\/IMG-20220211-WA0056-768x511.jpg 768w\" sizes=\"(max-width: 739px) 100vw, 739px\" \/><\/figure><\/div>\n\n\n\n<p>Par Omar AK<\/p>\n","protected":false},"excerpt":{"rendered":"<p>Selon l\u2019Organisation des Nations unies pour l&#8217;\u00e9ducation, la science et la culture (UNESCO), 38 millions d\u2019enfants sont hors du syst\u00e8me \u00e9ducatif en Afrique. C\u2019est pour apporter sa contribution \u00e0 la r\u00e9duction de ce triste nombre effarant que le chanteur Abou Nidal a initi\u00e9 le Wara Tour. Qui est une caravane qui sillonne les villes de &hellip;<\/p>\n<p class=\"read-more\"> <a class=\"\" href=\"https:\/\/7culture.ci\/index.php\/2022\/02\/14\/wara-tour-abou-nidal-sengage-pour-une-ecole-de-qualite-et-de-merite\/\"> <span class=\"screen-reader-text\">WARA TOUR : Abou Nidal s\u2019engage pour une \u00e9cole de qualit\u00e9 et de m\u00e9rite<\/span> Lire la suite\u00a0\u00bb<\/a><\/p>\n","protected":false},"author":1,"featured_media":19711,"comment_status":"open","ping_status":"open","sticky":false,"template":"","format":"standard","meta":{"_mi_skip_tracking":false,"_monsterinsights_sitenote_active":false,"_monsterinsights_sitenote_note":"","_monsterinsights_sitenote_category":0,"site-sidebar-layout":"default","site-content-layout":"default","ast-global-header-display":"","ast-main-header-display":"","ast-hfb-above-header-display":"","ast-hfb-below-header-display":"","ast-hfb-mobile-header-display":"","site-post-title":"","ast-breadcrumbs-content":"","ast-featured-img":"","footer-sml-layout":"","theme-transparent-header-meta":"","adv-header-id-meta":"","stick-header-meta":"","header-above-stick-meta":"","header-main-stick-meta":"","header-below-stick-meta":"","footnotes":"","jetpack_publicize_message":"","jetpack_is_tweetstorm":false,"jetpack_publicize_feature_enabled":true},"categories":[22],"tags":[],"jetpack_publicize_connections":[],"acf":[],"aioseo_notices":[],"yoast_head":"<!-- This site is optimized with the Yoast SEO plugin v19.6.1 - https:\/\/yoast.com\/wordpress\/plugins\/seo\/ -->\n<title>WARA TOUR : Abou Nidal s\u2019engage pour une \u00e9cole de qualit\u00e9 et de m\u00e9rite -<\/title>\n<meta name=\"robots\" content=\"index, follow, max-snippet:-1, max-image-preview:large, max-video-preview:-1\" \/>\n<link rel=\"canonical\" href=\"https:\/\/7culture.ci\/index.php\/2022\/02\/14\/wara-tour-abou-nidal-sengage-pour-une-ecole-de-qualite-et-de-merite\/\" \/>\n<meta property=\"og:locale\" content=\"fr_FR\" \/>\n<meta property=\"og:type\" content=\"article\" \/>\n<meta property=\"og:title\" content=\"WARA TOUR : Abou Nidal s\u2019engage pour une \u00e9cole de qualit\u00e9 et de m\u00e9rite -\" \/>\n<meta property=\"og:description\" content=\"Selon l\u2019Organisation des Nations unies pour l&#8217;\u00e9ducation, la science et la culture (UNESCO), 38 millions d\u2019enfants sont hors du syst\u00e8me \u00e9ducatif en Afrique. C\u2019est pour apporter sa contribution \u00e0 la r\u00e9duction de ce triste nombre effarant que le chanteur Abou Nidal a initi\u00e9 le Wara Tour. Qui est une caravane qui sillonne les villes de &hellip; WARA TOUR : Abou Nidal s\u2019engage pour une \u00e9cole de qualit\u00e9 et de m\u00e9rite Lire la suite\u00a0\u00bb\" \/>\n<meta property=\"og:url\" content=\"https:\/\/7culture.ci\/index.php\/2022\/02\/14\/wara-tour-abou-nidal-sengage-pour-une-ecole-de-qualite-et-de-merite\/\" \/>\n<meta property=\"og:site_name\" content=\"7culture\" \/>\n<meta property=\"article:publisher\" content=\"https:\/\/www.facebook.com\/redchefclaude\" \/>\n<meta property=\"article:published_time\" content=\"2022-02-14T13:26:16+00:00\" \/>\n<meta property=\"article:modified_time\" content=\"2022-02-14T14:54:35+00:00\" \/>\n<meta property=\"og:image\" content=\"http:\/\/7culture.ci\/wp-content\/uploads\/2022\/02\/IMG-20220211-WA0046.jpg\" \/>\n\t<meta property=\"og:image:width\" content=\"1000\" \/>\n\t<meta property=\"og:image:height\" content=\"666\" \/>\n\t<meta property=\"og:image:type\" content=\"image\/jpeg\" \/>\n<meta name=\"author\" content=\"7culture2020\" \/>\n<meta name=\"twitter:card\" content=\"summary_large_image\" \/>\n<meta name=\"twitter:creator\" content=\"@7culturec\" \/>\n<meta name=\"twitter:site\" content=\"@7culturec\" \/>\n<meta name=\"twitter:label1\" content=\"\u00c9crit par\" \/>\n\t<meta name=\"twitter:data1\" content=\"7culture2020\" \/>\n\t<meta name=\"twitter:label2\" content=\"Dur\u00e9e de lecture estim\u00e9e\" \/>\n\t<meta name=\"twitter:data2\" content=\"4 minutes\" \/>\n<script type=\"application\/ld+json\" class=\"yoast-schema-graph\">{\"@context\":\"https:\/\/schema.org\",\"@graph\":[{\"@type\":\"Article\",\"@id\":\"https:\/\/7culture.ci\/index.php\/2022\/02\/14\/wara-tour-abou-nidal-sengage-pour-une-ecole-de-qualite-et-de-merite\/#article\",\"isPartOf\":{\"@id\":\"https:\/\/7culture.ci\/index.php\/2022\/02\/14\/wara-tour-abou-nidal-sengage-pour-une-ecole-de-qualite-et-de-merite\/\"},\"author\":{\"name\":\"7culture2020\",\"@id\":\"https:\/\/7culture.ci\/#\/schema\/person\/16150d28d7ef66ba788c1f87f28c4426\"},\"headline\":\"WARA TOUR : Abou Nidal s\u2019engage pour une \u00e9cole de qualit\u00e9 et de m\u00e9rite\",\"datePublished\":\"2022-02-14T13:26:16+00:00\",\"dateModified\":\"2022-02-14T14:54:35+00:00\",\"mainEntityOfPage\":{\"@id\":\"https:\/\/7culture.ci\/index.php\/2022\/02\/14\/wara-tour-abou-nidal-sengage-pour-une-ecole-de-qualite-et-de-merite\/\"},\"wordCount\":556,\"commentCount\":0,\"publisher\":{\"@id\":\"https:\/\/7culture.ci\/#organization\"},\"articleSection\":[\"Actualit\u00e9\"],\"inLanguage\":\"fr-FR\",\"potentialAction\":[{\"@type\":\"CommentAction\",\"name\":\"Comment\",\"target\":[\"https:\/\/7culture.ci\/index.php\/2022\/02\/14\/wara-tour-abou-nidal-sengage-pour-une-ecole-de-qualite-et-de-merite\/#respond\"]}]},{\"@type\":\"WebPage\",\"@id\":\"https:\/\/7culture.ci\/index.php\/2022\/02\/14\/wara-tour-abou-nidal-sengage-pour-une-ecole-de-qualite-et-de-merite\/\",\"url\":\"https:\/\/7culture.ci\/index.php\/2022\/02\/14\/wara-tour-abou-nidal-sengage-pour-une-ecole-de-qualite-et-de-merite\/\",\"name\":\"WARA TOUR : Abou Nidal s\u2019engage pour une \u00e9cole de qualit\u00e9 et de m\u00e9rite -\",\"isPartOf\":{\"@id\":\"https:\/\/7culture.ci\/#website\"},\"datePublished\":\"2022-02-14T13:26:16+00:00\",\"dateModified\":\"2022-02-14T14:54:35+00:00\",\"breadcrumb\":{\"@id\":\"https:\/\/7culture.ci\/index.php\/2022\/02\/14\/wara-tour-abou-nidal-sengage-pour-une-ecole-de-qualite-et-de-merite\/#breadcrumb\"},\"inLanguage\":\"fr-FR\",\"potentialAction\":[{\"@type\":\"ReadAction\",\"target\":[\"https:\/\/7culture.ci\/index.php\/2022\/02\/14\/wara-tour-abou-nidal-sengage-pour-une-ecole-de-qualite-et-de-merite\/\"]}]},{\"@type\":\"BreadcrumbList\",\"@id\":\"https:\/\/7culture.ci\/index.php\/2022\/02\/14\/wara-tour-abou-nidal-sengage-pour-une-ecole-de-qualite-et-de-merite\/#breadcrumb\",\"itemListElement\":[{\"@type\":\"ListItem\",\"position\":1,\"name\":\"Accueil\",\"item\":\"https:\/\/7culture.ci\/\"},{\"@type\":\"ListItem\",\"position\":2,\"name\":\"WARA TOUR : Abou Nidal s\u2019engage pour une \u00e9cole de qualit\u00e9 et de m\u00e9rite\"}]},{\"@type\":\"WebSite\",\"@id\":\"https:\/\/7culture.ci\/#website\",\"url\":\"https:\/\/7culture.ci\/\",\"name\":\"7culture\",\"description\":\"Tout sur l&#039;actualit\u00e9\",\"publisher\":{\"@id\":\"https:\/\/7culture.ci\/#organization\"},\"potentialAction\":[{\"@type\":\"SearchAction\",\"target\":{\"@type\":\"EntryPoint\",\"urlTemplate\":\"https:\/\/7culture.ci\/?s={search_term_string}\"},\"query-input\":\"required name=search_term_string\"}],\"inLanguage\":\"fr-FR\"},{\"@type\":\"Organization\",\"@id\":\"https:\/\/7culture.ci\/#organization\",\"name\":\"7culture\",\"url\":\"https:\/\/7culture.ci\/\",\"sameAs\":[\"https:\/\/www.facebook.com\/redchefclaude\",\"https:\/\/twitter.com\/7culturec\"],\"logo\":{\"@type\":\"ImageObject\",\"inLanguage\":\"fr-FR\",\"@id\":\"https:\/\/7culture.ci\/#\/schema\/logo\/image\/\",\"url\":\"https:\/\/7culture.ci\/wp-content\/uploads\/2021\/12\/S1a-1.png\",\"contentUrl\":\"https:\/\/7culture.ci\/wp-content\/uploads\/2021\/12\/S1a-1.png\",\"width\":588,\"height\":192,\"caption\":\"7culture\"},\"image\":{\"@id\":\"https:\/\/7culture.ci\/#\/schema\/logo\/image\/\"}},{\"@type\":\"Person\",\"@id\":\"https:\/\/7culture.ci\/#\/schema\/person\/16150d28d7ef66ba788c1f87f28c4426\",\"name\":\"7culture2020\",\"image\":{\"@type\":\"ImageObject\",\"inLanguage\":\"fr-FR\",\"@id\":\"https:\/\/7culture.ci\/#\/schema\/person\/image\/\",\"url\":\"https:\/\/secure.gravatar.com\/avatar\/9a0784f951306c37bcd065f52844ef95?s=96&d=mm&r=g\",\"contentUrl\":\"https:\/\/secure.gravatar.com\/avatar\/9a0784f951306c37bcd065f52844ef95?s=96&d=mm&r=g\",\"caption\":\"7culture2020\"},\"sameAs\":[\"http:\/\/7culture.ci\",\"Claude.kipre\"],\"url\":\"https:\/\/7culture.ci\/index.php\/author\/7culture2020\/\"}]}<\/script>\n<!-- \/ Yoast SEO plugin. -->","yoast_head_json":{"title":"WARA TOUR : Abou Nidal s\u2019engage pour une \u00e9cole de qualit\u00e9 et de m\u00e9rite -","robots":{"index":"index","follow":"follow","max-snippet":"max-snippet:-1","max-image-preview":"max-image-preview:large","max-video-preview":"max-video-preview:-1"},"canonical":"https:\/\/7culture.ci\/index.php\/2022\/02\/14\/wara-tour-abou-nidal-sengage-pour-une-ecole-de-qualite-et-de-merite\/","og_locale":"fr_FR","og_type":"article","og_title":"WARA TOUR : Abou Nidal s\u2019engage pour une \u00e9cole de qualit\u00e9 et de m\u00e9rite -","og_description":"Selon l\u2019Organisation des Nations unies pour l&#8217;\u00e9ducation, la science et la culture (UNESCO), 38 millions d\u2019enfants sont hors du syst\u00e8me \u00e9ducatif en Afrique. C\u2019est pour apporter sa contribution \u00e0 la r\u00e9duction de ce triste nombre effarant que le chanteur Abou Nidal a initi\u00e9 le Wara Tour. Qui est une caravane qui sillonne les villes de &hellip; WARA TOUR : Abou Nidal s\u2019engage pour une \u00e9cole de qualit\u00e9 et de m\u00e9rite Lire la suite\u00a0\u00bb","og_url":"https:\/\/7culture.ci\/index.php\/2022\/02\/14\/wara-tour-abou-nidal-sengage-pour-une-ecole-de-qualite-et-de-merite\/","og_site_name":"7culture","article_publisher":"https:\/\/www.facebook.com\/redchefclaude","article_published_time":"2022-02-14T13:26:16+00:00","article_modified_time":"2022-02-14T14:54:35+00:00","og_image":[{"width":1000,"height":666,"url":"http:\/\/7culture.ci\/wp-content\/uploads\/2022\/02\/IMG-20220211-WA0046.jpg","type":"image\/jpeg"}],"author":"7culture2020","twitter_card":"summary_large_image","twitter_creator":"@7culturec","twitter_site":"@7culturec","twitter_misc":{"\u00c9crit par":"7culture2020","Dur\u00e9e de lecture estim\u00e9e":"4 minutes"},"schema":{"@context":"https:\/\/schema.org","@graph":[{"@type":"Article","@id":"https:\/\/7culture.ci\/index.php\/2022\/02\/14\/wara-tour-abou-nidal-sengage-pour-une-ecole-de-qualite-et-de-merite\/#article","isPartOf":{"@id":"https:\/\/7culture.ci\/index.php\/2022\/02\/14\/wara-tour-abou-nidal-sengage-pour-une-ecole-de-qualite-et-de-merite\/"},"author":{"name":"7culture2020","@id":"https:\/\/7culture.ci\/#\/schema\/person\/16150d28d7ef66ba788c1f87f28c4426"},"headline":"WARA TOUR : Abou Nidal s\u2019engage pour une \u00e9cole de qualit\u00e9 et de m\u00e9rite","datePublished":"2022-02-14T13:26:16+00:00","dateModified":"2022-02-14T14:54:35+00:00","mainEntityOfPage":{"@id":"https:\/\/7culture.ci\/index.php\/2022\/02\/14\/wara-tour-abou-nidal-sengage-pour-une-ecole-de-qualite-et-de-merite\/"},"wordCount":556,"commentCount":0,"publisher":{"@id":"https:\/\/7culture.ci\/#organization"},"articleSection":["Actualit\u00e9"],"inLanguage":"fr-FR","potentialAction":[{"@type":"CommentAction","name":"Comment","target":["https:\/\/7culture.ci\/index.php\/2022\/02\/14\/wara-tour-abou-nidal-sengage-pour-une-ecole-de-qualite-et-de-merite\/#respond"]}]},{"@type":"WebPage","@id":"https:\/\/7culture.ci\/index.php\/2022\/02\/14\/wara-tour-abou-nidal-sengage-pour-une-ecole-de-qualite-et-de-merite\/","url":"https:\/\/7culture.ci\/index.php\/2022\/02\/14\/wara-tour-abou-nidal-sengage-pour-une-ecole-de-qualite-et-de-merite\/","name":"WARA TOUR : Abou Nidal s\u2019engage pour une \u00e9cole de qualit\u00e9 et de m\u00e9rite -","isPartOf":{"@id":"https:\/\/7culture.ci\/#website"},"datePublished":"2022-02-14T13:26:16+00:00","dateModified":"2022-02-14T14:54:35+00:00","breadcrumb":{"@id":"https:\/\/7culture.ci\/index.php\/2022\/02\/14\/wara-tour-abou-nidal-sengage-pour-une-ecole-de-qualite-et-de-merite\/#breadcrumb"},"inLanguage":"fr-FR","potentialAction":[{"@type":"ReadAction","target":["https:\/\/7culture.ci\/index.php\/2022\/02\/14\/wara-tour-abou-nidal-sengage-pour-une-ecole-de-qualite-et-de-merite\/"]}]},{"@type":"BreadcrumbList","@id":"https:\/\/7culture.ci\/index.php\/2022\/02\/14\/wara-tour-abou-nidal-sengage-pour-une-ecole-de-qualite-et-de-merite\/#breadcrumb","itemListElement":[{"@type":"ListItem","position":1,"name":"Accueil","item":"https:\/\/7culture.ci\/"},{"@type":"ListItem","position":2,"name":"WARA TOUR : Abou Nidal s\u2019engage pour une \u00e9cole de qualit\u00e9 et de m\u00e9rite"}]},{"@type":"WebSite","@id":"https:\/\/7culture.ci\/#website","url":"https:\/\/7culture.ci\/","name":"7culture","description":"Tout sur l&#039;actualit\u00e9","publisher":{"@id":"https:\/\/7culture.ci\/#organization"},"potentialAction":[{"@type":"SearchAction","target":{"@type":"EntryPoint","urlTemplate":"https:\/\/7culture.ci\/?s={search_term_string}"},"query-input":"required name=search_term_string"}],"inLanguage":"fr-FR"},{"@type":"Organization","@id":"https:\/\/7culture.ci\/#organization","name":"7culture","url":"https:\/\/7culture.ci\/","sameAs":["https:\/\/www.facebook.com\/redchefclaude","https:\/\/twitter.com\/7culturec"],"logo":{"@type":"ImageObject","inLanguage":"fr-FR","@id":"https:\/\/7culture.ci\/#\/schema\/logo\/image\/","url":"https:\/\/7culture.ci\/wp-content\/uploads\/2021\/12\/S1a-1.png","contentUrl":"https:\/\/7culture.ci\/wp-content\/uploads\/2021\/12\/S1a-1.png","width":588,"height":192,"caption":"7culture"},"image":{"@id":"https:\/\/7culture.ci\/#\/schema\/logo\/image\/"}},{"@type":"Person","@id":"https:\/\/7culture.ci\/#\/schema\/person\/16150d28d7ef66ba788c1f87f28c4426","name":"7culture2020","image":{"@type":"ImageObject","inLanguage":"fr-FR","@id":"https:\/\/7culture.ci\/#\/schema\/person\/image\/","url":"https:\/\/secure.gravatar.com\/avatar\/9a0784f951306c37bcd065f52844ef95?s=96&d=mm&r=g","contentUrl":"https:\/\/secure.gravatar.com\/avatar\/9a0784f951306c37bcd065f52844ef95?s=96&d=mm&r=g","caption":"7culture2020"},"sameAs":["http:\/\/7culture.ci","Claude.kipre"],"url":"https:\/\/7culture.ci\/index.php\/author\/7culture2020\/"}]}},"jetpack_featured_media_url":"https:\/\/7culture.ci\/wp-content\/uploads\/2022\/02\/IMG-20220211-WA0046.jpg","jetpack_likes_enabled":true,"jetpack_sharing_enabled":true,"_links":{"self":[{"href":"https:\/\/7culture.ci\/index.php\/wp-json\/wp\/v2\/posts\/19709"}],"collection":[{"href":"https:\/\/7culture.ci\/index.php\/wp-json\/wp\/v2\/posts"}],"about":[{"href":"https:\/\/7culture.ci\/index.php\/wp-json\/wp\/v2\/types\/post"}],"author":[{"embeddable":true,"href":"https:\/\/7culture.ci\/index.php\/wp-json\/wp\/v2\/users\/1"}],"replies":[{"embeddable":true,"href":"https:\/\/7culture.ci\/index.php\/wp-json\/wp\/v2\/comments?post=19709"}],"version-history":[{"count":0,"href":"https:\/\/7culture.ci\/index.php\/wp-json\/wp\/v2\/posts\/19709\/revisions"}],"wp:featuredmedia":[{"embeddable":true,"href":"https:\/\/7culture.ci\/index.php\/wp-json\/wp\/v2\/media\/19711"}],"wp:attachment":[{"href":"https:\/\/7culture.ci\/index.php\/wp-json\/wp\/v2\/media?parent=19709"}],"wp:term":[{"taxonomy":"category","embeddable":true,"href":"https:\/\/7culture.ci\/index.php\/wp-json\/wp\/v2\/categories?post=19709"},{"taxonomy":"post_tag","embeddable":true,"href":"https:\/\/7culture.ci\/index.php\/wp-json\/wp\/v2\/tags?post=19709"}],"curies":[{"name":"wp","href":"https:\/\/api.w.org\/{rel}","templated":true}]}}