{"id":19680,"date":"2022-02-10T16:39:23","date_gmt":"2022-02-10T15:39:23","guid":{"rendered":"https:\/\/7culture.ci\/?p=19680"},"modified":"2022-02-11T15:44:51","modified_gmt":"2022-02-11T14:44:51","slug":"la-grande-tribune-de-lujocci-decryptage-du-sila-2022-avec-ange-ntakpri","status":"publish","type":"post","link":"https:\/\/7culture.ci\/index.php\/2022\/02\/10\/la-grande-tribune-de-lujocci-decryptage-du-sila-2022-avec-ange-ntakpri\/","title":{"rendered":"LA GRANDE TRIBUNE DE L\u2019UJOCCI : D\u00e9cryptage du SILA 2022 avec Ange N\u2019Takpri"},"content":{"rendered":"\n<p>Invit\u00e9 de La Grande Tribune de l\u2019Union des journalistes culturels de C\u00f4te d\u2019Ivoire (UJOCCI) qui s\u2019est tenue le mercredi 9 f\u00e9vrier \u00e0 salle de conf\u00e9rences de la librairie Carrefour Silo\u00eb d\u2019Abidjan-Cocody, Anges F\u00e9lix N\u2019Dakpri, Commissaire g\u00e9n\u00e9ral du Salon international du livre d\u2019Abidjan (SILA), a parl\u00e9 de la sant\u00e9 du livre en C\u00f4te d\u2019Ivoire et d\u00e9voil\u00e9 les grands axes du Sila 2022. Report\u00e9 \u00e0 deux reprises en 202O et 2021 \u00e0 cause de la crise sanitaire de la covid-19, le 12<sup>e<\/sup> Salon international du livre d\u2019Abidjan se tiendra du 18 au 22 mai 2022 au palais de la culture d\u2019Abidjan-Treichville. \u00ab&nbsp;<strong><em>Le livre se porte bien en C\u00f4te d\u2019Ivoire et fait preuve de r\u00e9silience<\/em><\/strong>&nbsp;\u00bb, a dit d\u2019entr\u00e9e Anges F\u00e9lix N\u2019Dakpri, ancien pr\u00e9sident de l\u2019Association des \u00e9diteurs ivoiriens (ASSEDI) avant de nuancer&nbsp;: \u00ab&nbsp;\u2026 <strong><em>mais nous devons mutualiser nos efforts pour booster la lecture en C\u00f4te d\u2019Ivoire<\/em><\/strong>&nbsp;\u00bb. C\u2019est dans ce cadre d\u2019apporter sa contribution et son soutien \u00e0 la promotion du livre et de la lecture que l\u2019Union des journalistes culturels de C\u00f4te d\u2019Ivoire (UJOCCI), pr\u00e9sid\u00e9e par le dynamique Philip Kla, a re\u00e7u M. N\u2019Dakpri, un habitu\u00e9 du livre et grand amoureux des lettres et de l\u2019\u00e9dition.<\/p>\n\n\n\n<figure class=\"wp-block-gallery columns-3 is-cropped wp-block-gallery-1 is-layout-flex wp-block-gallery-is-layout-flex\"><ul class=\"blocks-gallery-grid\"><li class=\"blocks-gallery-item\"><figure><img loading=\"lazy\" decoding=\"async\" width=\"1024\" height=\"683\" src=\"https:\/\/7culture.ci\/wp-content\/uploads\/2022\/02\/WhatsApp-Image-2022-02-09-at-15.30.25-1024x683.jpeg\" alt=\"\" data-id=\"19682\" data-full-url=\"https:\/\/7culture.ci\/wp-content\/uploads\/2022\/02\/WhatsApp-Image-2022-02-09-at-15.30.25.jpeg\" data-link=\"https:\/\/7culture.ci\/?attachment_id=19682\" class=\"wp-image-19682\" srcset=\"https:\/\/7culture.ci\/wp-content\/uploads\/2022\/02\/WhatsApp-Image-2022-02-09-at-15.30.25-1024x683.jpeg 1024w, https:\/\/7culture.ci\/wp-content\/uploads\/2022\/02\/WhatsApp-Image-2022-02-09-at-15.30.25-300x200.jpeg 300w, https:\/\/7culture.ci\/wp-content\/uploads\/2022\/02\/WhatsApp-Image-2022-02-09-at-15.30.25-768x512.jpeg 768w, https:\/\/7culture.ci\/wp-content\/uploads\/2022\/02\/WhatsApp-Image-2022-02-09-at-15.30.25.jpeg 1080w\" sizes=\"(max-width: 1024px) 100vw, 1024px\" \/><\/figure><\/li><li class=\"blocks-gallery-item\"><figure><img loading=\"lazy\" decoding=\"async\" width=\"683\" height=\"1024\" src=\"https:\/\/7culture.ci\/wp-content\/uploads\/2022\/02\/WhatsApp-Image-2022-02-09-at-15.30.27-1-683x1024.jpeg\" alt=\"\" data-id=\"19683\" data-full-url=\"https:\/\/7culture.ci\/wp-content\/uploads\/2022\/02\/WhatsApp-Image-2022-02-09-at-15.30.27-1.jpeg\" data-link=\"https:\/\/7culture.ci\/?attachment_id=19683\" class=\"wp-image-19683\" srcset=\"https:\/\/7culture.ci\/wp-content\/uploads\/2022\/02\/WhatsApp-Image-2022-02-09-at-15.30.27-1-683x1024.jpeg 683w, https:\/\/7culture.ci\/wp-content\/uploads\/2022\/02\/WhatsApp-Image-2022-02-09-at-15.30.27-1-200x300.jpeg 200w, https:\/\/7culture.ci\/wp-content\/uploads\/2022\/02\/WhatsApp-Image-2022-02-09-at-15.30.27-1.jpeg 720w\" sizes=\"(max-width: 683px) 100vw, 683px\" \/><\/figure><\/li><li class=\"blocks-gallery-item\"><figure><img loading=\"lazy\" decoding=\"async\" width=\"1024\" height=\"683\" src=\"https:\/\/7culture.ci\/wp-content\/uploads\/2022\/02\/WhatsApp-Image-2022-02-09-at-15.30.27-1024x683.jpeg\" alt=\"\" data-id=\"19684\" data-full-url=\"https:\/\/7culture.ci\/wp-content\/uploads\/2022\/02\/WhatsApp-Image-2022-02-09-at-15.30.27.jpeg\" data-link=\"https:\/\/7culture.ci\/?attachment_id=19684\" class=\"wp-image-19684\" srcset=\"https:\/\/7culture.ci\/wp-content\/uploads\/2022\/02\/WhatsApp-Image-2022-02-09-at-15.30.27-1024x683.jpeg 1024w, https:\/\/7culture.ci\/wp-content\/uploads\/2022\/02\/WhatsApp-Image-2022-02-09-at-15.30.27-300x200.jpeg 300w, https:\/\/7culture.ci\/wp-content\/uploads\/2022\/02\/WhatsApp-Image-2022-02-09-at-15.30.27-768x512.jpeg 768w, https:\/\/7culture.ci\/wp-content\/uploads\/2022\/02\/WhatsApp-Image-2022-02-09-at-15.30.27.jpeg 1080w\" sizes=\"(max-width: 1024px) 100vw, 1024px\" \/><\/figure><\/li><\/ul><\/figure>\n\n\n\n<p>Apr\u00e8s avoir relev\u00e9 un satisfecit des \u00e9ditions pass\u00e9es du Sila, l\u2019h\u00f4te de l\u2019UJOCCI s\u2019est rapidement projet\u00e9 dans l\u2019avenir pour r\u00e9ussir le prochain chapitre en mai 2022. Cette page du Sila s\u2019\u00e9crira autour du th\u00e8me central&nbsp;: \u2018<em>\u2019Engagement pour un lectorat africain actif et durable<\/em>\u2019\u2019. L\u2019\u00e9crivain invit\u00e9 d\u2019honneur est l\u2019Ivoirien Camara Nangala. Quant au pays \u00e0 l\u2019honneur, le choix est all\u00e9 \u00e0 la terre de L\u00e9opold S\u00e9dar Senghor, le S\u00e9n\u00e9gal. Selon le conf\u00e9rencier, le 12<sup>e<\/sup> Sila se tiendra dans les conditions high-tech. Stands spacieux dress\u00e9s avec du mat\u00e9riel sophistiqu\u00e9, salle climatis\u00e9e, ateliers, restaurants\u2026 sont quelques commodit\u00e9s r\u00e9serv\u00e9es aux festivaliers et aux amoureux du livre. Le programme pr\u00e9voit ouvrir le salon international du livre d\u2019Abidjan \u00e0 toutes les couches socio-professionnelles de la C\u00f4te d\u2019Ivoire. Les \u00e9l\u00e8ves, les fonctionnaires, l\u2019administration centrale et les professionnels du livre auront leur temps de visite sp\u00e9cifique bien que le salon soit ouvert \u00e0 tout le monde. \u00ab&nbsp;<strong><em>L\u2019int\u00e9ressant ou la plus-value serait que nos ministres, d\u00e9put\u00e9s et maires fassent un tour au Sila<\/em><\/strong>&nbsp;\u00bb, a souhait\u00e9 le commissaire g\u00e9n\u00e9ral du salon.<\/p>\n\n\n\n<div class=\"wp-block-image\"><figure class=\"aligncenter size-large is-resized\"><img loading=\"lazy\" decoding=\"async\" src=\"https:\/\/7culture.ci\/wp-content\/uploads\/2022\/02\/WhatsApp-Image-2022-02-09-at-15.30.30-1024x683.jpeg\" alt=\"\" class=\"wp-image-19685\" width=\"618\" height=\"412\" srcset=\"https:\/\/7culture.ci\/wp-content\/uploads\/2022\/02\/WhatsApp-Image-2022-02-09-at-15.30.30-1024x683.jpeg 1024w, https:\/\/7culture.ci\/wp-content\/uploads\/2022\/02\/WhatsApp-Image-2022-02-09-at-15.30.30-300x200.jpeg 300w, https:\/\/7culture.ci\/wp-content\/uploads\/2022\/02\/WhatsApp-Image-2022-02-09-at-15.30.30-768x512.jpeg 768w, https:\/\/7culture.ci\/wp-content\/uploads\/2022\/02\/WhatsApp-Image-2022-02-09-at-15.30.30.jpeg 1080w\" sizes=\"(max-width: 618px) 100vw, 618px\" \/><\/figure><\/div>\n\n\n\n<p>La 4<sup>e<\/sup> Grande Tribune de l\u2019UJOCCI s\u2019est achev\u00e9e apr\u00e8s une heure et demie de d\u2019\u00e9changes. \u00ab&nbsp;<strong><em>Le tableau n\u2019est pas noir. Il est positif<\/em><\/strong>&nbsp;\u00bb, a conclu, optimiste Anges F\u00e9lix N\u2019Dakpri avant de prendre cong\u00e9s des journalistes. Il a prononc\u00e9 sa communication accompagn\u00e9 d\u2019une forte d\u00e9l\u00e9gation des professionnels du livre et de l\u2019\u00e9dition comme M. Charles Pemont, pr\u00e9sident de l\u2019ASSEDI qui a souhait\u00e9 continuer et renforcer la collaboration entre son institution et la faiti\u00e8re des journalistes culturels. C\u2019est d\u2019ailleurs le premier responsable cette derni\u00e8re, Philip Kla, qui avait donn\u00e9 le top d\u00e9part de la c\u00e9r\u00e9monie.<\/p>\n\n\n\n<p>Par Omar AK<\/p>\n","protected":false},"excerpt":{"rendered":"<p>Invit\u00e9 de La Grande Tribune de l\u2019Union des journalistes culturels de C\u00f4te d\u2019Ivoire (UJOCCI) qui s\u2019est tenue le mercredi 9 f\u00e9vrier \u00e0 salle de conf\u00e9rences de la librairie Carrefour Silo\u00eb d\u2019Abidjan-Cocody, Anges F\u00e9lix N\u2019Dakpri, Commissaire g\u00e9n\u00e9ral du Salon international du livre d\u2019Abidjan (SILA), a parl\u00e9 de la sant\u00e9 du livre en C\u00f4te d\u2019Ivoire et d\u00e9voil\u00e9 &hellip;<\/p>\n<p class=\"read-more\"> <a class=\"\" href=\"https:\/\/7culture.ci\/index.php\/2022\/02\/10\/la-grande-tribune-de-lujocci-decryptage-du-sila-2022-avec-ange-ntakpri\/\"> <span class=\"screen-reader-text\">LA GRANDE TRIBUNE DE L\u2019UJOCCI : D\u00e9cryptage du SILA 2022 avec Ange N\u2019Takpri<\/span> Lire la suite\u00a0\u00bb<\/a><\/p>\n","protected":false},"author":1,"featured_media":19681,"comment_status":"open","ping_status":"open","sticky":false,"template":"","format":"standard","meta":{"_mi_skip_tracking":false,"_monsterinsights_sitenote_active":false,"_monsterinsights_sitenote_note":"","_monsterinsights_sitenote_category":0,"site-sidebar-layout":"default","site-content-layout":"default","ast-global-header-display":"","ast-main-header-display":"","ast-hfb-above-header-display":"","ast-hfb-below-header-display":"","ast-hfb-mobile-header-display":"","site-post-title":"","ast-breadcrumbs-content":"","ast-featured-img":"","footer-sml-layout":"","theme-transparent-header-meta":"","adv-header-id-meta":"","stick-header-meta":"","header-above-stick-meta":"","header-main-stick-meta":"","header-below-stick-meta":"","footnotes":"","jetpack_publicize_message":"","jetpack_is_tweetstorm":false,"jetpack_publicize_feature_enabled":true},"categories":[33],"tags":[],"jetpack_publicize_connections":[],"acf":[],"aioseo_notices":[],"yoast_head":"<!-- This site is optimized with the Yoast SEO plugin v19.6.1 - https:\/\/yoast.com\/wordpress\/plugins\/seo\/ -->\n<title>LA GRANDE TRIBUNE DE L\u2019UJOCCI : D\u00e9cryptage du SILA 2022 avec Ange N\u2019Takpri - 7culture<\/title>\n<meta name=\"robots\" content=\"index, follow, max-snippet:-1, max-image-preview:large, max-video-preview:-1\" \/>\n<link rel=\"canonical\" href=\"https:\/\/7culture.ci\/index.php\/2022\/02\/10\/la-grande-tribune-de-lujocci-decryptage-du-sila-2022-avec-ange-ntakpri\/\" \/>\n<meta property=\"og:locale\" content=\"fr_FR\" \/>\n<meta property=\"og:type\" content=\"article\" \/>\n<meta property=\"og:title\" content=\"LA GRANDE TRIBUNE DE L\u2019UJOCCI : D\u00e9cryptage du SILA 2022 avec Ange N\u2019Takpri - 7culture\" \/>\n<meta property=\"og:description\" content=\"Invit\u00e9 de La Grande Tribune de l\u2019Union des journalistes culturels de C\u00f4te d\u2019Ivoire (UJOCCI) qui s\u2019est tenue le mercredi 9 f\u00e9vrier \u00e0 salle de conf\u00e9rences de la librairie Carrefour Silo\u00eb d\u2019Abidjan-Cocody, Anges F\u00e9lix N\u2019Dakpri, Commissaire g\u00e9n\u00e9ral du Salon international du livre d\u2019Abidjan (SILA), a parl\u00e9 de la sant\u00e9 du livre en C\u00f4te d\u2019Ivoire et d\u00e9voil\u00e9 &hellip; LA GRANDE TRIBUNE DE L\u2019UJOCCI : D\u00e9cryptage du SILA 2022 avec Ange N\u2019Takpri Lire la suite\u00a0\u00bb\" \/>\n<meta property=\"og:url\" content=\"https:\/\/7culture.ci\/index.php\/2022\/02\/10\/la-grande-tribune-de-lujocci-decryptage-du-sila-2022-avec-ange-ntakpri\/\" \/>\n<meta property=\"og:site_name\" content=\"7culture\" \/>\n<meta property=\"article:publisher\" content=\"https:\/\/www.facebook.com\/redchefclaude\" \/>\n<meta property=\"article:published_time\" content=\"2022-02-10T15:39:23+00:00\" \/>\n<meta property=\"article:modified_time\" content=\"2022-02-11T14:44:51+00:00\" \/>\n<meta property=\"og:image\" content=\"http:\/\/7culture.ci\/wp-content\/uploads\/2022\/02\/WhatsApp-Image-2022-02-09-at-15.30.29.jpeg\" \/>\n\t<meta property=\"og:image:width\" content=\"1080\" \/>\n\t<meta property=\"og:image:height\" content=\"720\" \/>\n\t<meta property=\"og:image:type\" content=\"image\/jpeg\" \/>\n<meta name=\"author\" content=\"7culture2020\" \/>\n<meta name=\"twitter:card\" content=\"summary_large_image\" \/>\n<meta name=\"twitter:creator\" content=\"@7culturec\" \/>\n<meta name=\"twitter:site\" content=\"@7culturec\" \/>\n<meta name=\"twitter:label1\" content=\"\u00c9crit par\" \/>\n\t<meta name=\"twitter:data1\" content=\"7culture2020\" \/>\n\t<meta name=\"twitter:label2\" content=\"Dur\u00e9e de lecture estim\u00e9e\" \/>\n\t<meta name=\"twitter:data2\" content=\"4 minutes\" \/>\n<script type=\"application\/ld+json\" class=\"yoast-schema-graph\">{\"@context\":\"https:\/\/schema.org\",\"@graph\":[{\"@type\":\"Article\",\"@id\":\"https:\/\/7culture.ci\/index.php\/2022\/02\/10\/la-grande-tribune-de-lujocci-decryptage-du-sila-2022-avec-ange-ntakpri\/#article\",\"isPartOf\":{\"@id\":\"https:\/\/7culture.ci\/index.php\/2022\/02\/10\/la-grande-tribune-de-lujocci-decryptage-du-sila-2022-avec-ange-ntakpri\/\"},\"author\":{\"name\":\"7culture2020\",\"@id\":\"https:\/\/7culture.ci\/#\/schema\/person\/16150d28d7ef66ba788c1f87f28c4426\"},\"headline\":\"LA GRANDE TRIBUNE DE L\u2019UJOCCI : D\u00e9cryptage du SILA 2022 avec Ange N\u2019Takpri\",\"datePublished\":\"2022-02-10T15:39:23+00:00\",\"dateModified\":\"2022-02-11T14:44:51+00:00\",\"mainEntityOfPage\":{\"@id\":\"https:\/\/7culture.ci\/index.php\/2022\/02\/10\/la-grande-tribune-de-lujocci-decryptage-du-sila-2022-avec-ange-ntakpri\/\"},\"wordCount\":566,\"commentCount\":0,\"publisher\":{\"@id\":\"https:\/\/7culture.ci\/#organization\"},\"articleSection\":[\"M\u00e9dia\"],\"inLanguage\":\"fr-FR\",\"potentialAction\":[{\"@type\":\"CommentAction\",\"name\":\"Comment\",\"target\":[\"https:\/\/7culture.ci\/index.php\/2022\/02\/10\/la-grande-tribune-de-lujocci-decryptage-du-sila-2022-avec-ange-ntakpri\/#respond\"]}]},{\"@type\":\"WebPage\",\"@id\":\"https:\/\/7culture.ci\/index.php\/2022\/02\/10\/la-grande-tribune-de-lujocci-decryptage-du-sila-2022-avec-ange-ntakpri\/\",\"url\":\"https:\/\/7culture.ci\/index.php\/2022\/02\/10\/la-grande-tribune-de-lujocci-decryptage-du-sila-2022-avec-ange-ntakpri\/\",\"name\":\"LA GRANDE TRIBUNE DE L\u2019UJOCCI : D\u00e9cryptage du SILA 2022 avec Ange N\u2019Takpri - 7culture\",\"isPartOf\":{\"@id\":\"https:\/\/7culture.ci\/#website\"},\"datePublished\":\"2022-02-10T15:39:23+00:00\",\"dateModified\":\"2022-02-11T14:44:51+00:00\",\"breadcrumb\":{\"@id\":\"https:\/\/7culture.ci\/index.php\/2022\/02\/10\/la-grande-tribune-de-lujocci-decryptage-du-sila-2022-avec-ange-ntakpri\/#breadcrumb\"},\"inLanguage\":\"fr-FR\",\"potentialAction\":[{\"@type\":\"ReadAction\",\"target\":[\"https:\/\/7culture.ci\/index.php\/2022\/02\/10\/la-grande-tribune-de-lujocci-decryptage-du-sila-2022-avec-ange-ntakpri\/\"]}]},{\"@type\":\"BreadcrumbList\",\"@id\":\"https:\/\/7culture.ci\/index.php\/2022\/02\/10\/la-grande-tribune-de-lujocci-decryptage-du-sila-2022-avec-ange-ntakpri\/#breadcrumb\",\"itemListElement\":[{\"@type\":\"ListItem\",\"position\":1,\"name\":\"Accueil\",\"item\":\"https:\/\/7culture.ci\/\"},{\"@type\":\"ListItem\",\"position\":2,\"name\":\"LA GRANDE TRIBUNE DE L\u2019UJOCCI : D\u00e9cryptage du SILA 2022 avec Ange N\u2019Takpri\"}]},{\"@type\":\"WebSite\",\"@id\":\"https:\/\/7culture.ci\/#website\",\"url\":\"https:\/\/7culture.ci\/\",\"name\":\"7culture\",\"description\":\"Tout sur l&#039;actualit\u00e9\",\"publisher\":{\"@id\":\"https:\/\/7culture.ci\/#organization\"},\"potentialAction\":[{\"@type\":\"SearchAction\",\"target\":{\"@type\":\"EntryPoint\",\"urlTemplate\":\"https:\/\/7culture.ci\/?s={search_term_string}\"},\"query-input\":\"required name=search_term_string\"}],\"inLanguage\":\"fr-FR\"},{\"@type\":\"Organization\",\"@id\":\"https:\/\/7culture.ci\/#organization\",\"name\":\"7culture\",\"url\":\"https:\/\/7culture.ci\/\",\"sameAs\":[\"https:\/\/www.facebook.com\/redchefclaude\",\"https:\/\/twitter.com\/7culturec\"],\"logo\":{\"@type\":\"ImageObject\",\"inLanguage\":\"fr-FR\",\"@id\":\"https:\/\/7culture.ci\/#\/schema\/logo\/image\/\",\"url\":\"https:\/\/7culture.ci\/wp-content\/uploads\/2021\/12\/S1a-1.png\",\"contentUrl\":\"https:\/\/7culture.ci\/wp-content\/uploads\/2021\/12\/S1a-1.png\",\"width\":588,\"height\":192,\"caption\":\"7culture\"},\"image\":{\"@id\":\"https:\/\/7culture.ci\/#\/schema\/logo\/image\/\"}},{\"@type\":\"Person\",\"@id\":\"https:\/\/7culture.ci\/#\/schema\/person\/16150d28d7ef66ba788c1f87f28c4426\",\"name\":\"7culture2020\",\"image\":{\"@type\":\"ImageObject\",\"inLanguage\":\"fr-FR\",\"@id\":\"https:\/\/7culture.ci\/#\/schema\/person\/image\/\",\"url\":\"https:\/\/secure.gravatar.com\/avatar\/9a0784f951306c37bcd065f52844ef95?s=96&d=mm&r=g\",\"contentUrl\":\"https:\/\/secure.gravatar.com\/avatar\/9a0784f951306c37bcd065f52844ef95?s=96&d=mm&r=g\",\"caption\":\"7culture2020\"},\"sameAs\":[\"http:\/\/7culture.ci\",\"Claude.kipre\"],\"url\":\"https:\/\/7culture.ci\/index.php\/author\/7culture2020\/\"}]}<\/script>\n<!-- \/ Yoast SEO plugin. -->","yoast_head_json":{"title":"LA GRANDE TRIBUNE DE L\u2019UJOCCI : D\u00e9cryptage du SILA 2022 avec Ange N\u2019Takpri - 7culture","robots":{"index":"index","follow":"follow","max-snippet":"max-snippet:-1","max-image-preview":"max-image-preview:large","max-video-preview":"max-video-preview:-1"},"canonical":"https:\/\/7culture.ci\/index.php\/2022\/02\/10\/la-grande-tribune-de-lujocci-decryptage-du-sila-2022-avec-ange-ntakpri\/","og_locale":"fr_FR","og_type":"article","og_title":"LA GRANDE TRIBUNE DE L\u2019UJOCCI : D\u00e9cryptage du SILA 2022 avec Ange N\u2019Takpri - 7culture","og_description":"Invit\u00e9 de La Grande Tribune de l\u2019Union des journalistes culturels de C\u00f4te d\u2019Ivoire (UJOCCI) qui s\u2019est tenue le mercredi 9 f\u00e9vrier \u00e0 salle de conf\u00e9rences de la librairie Carrefour Silo\u00eb d\u2019Abidjan-Cocody, Anges F\u00e9lix N\u2019Dakpri, Commissaire g\u00e9n\u00e9ral du Salon international du livre d\u2019Abidjan (SILA), a parl\u00e9 de la sant\u00e9 du livre en C\u00f4te d\u2019Ivoire et d\u00e9voil\u00e9 &hellip; LA GRANDE TRIBUNE DE L\u2019UJOCCI : D\u00e9cryptage du SILA 2022 avec Ange N\u2019Takpri Lire la suite\u00a0\u00bb","og_url":"https:\/\/7culture.ci\/index.php\/2022\/02\/10\/la-grande-tribune-de-lujocci-decryptage-du-sila-2022-avec-ange-ntakpri\/","og_site_name":"7culture","article_publisher":"https:\/\/www.facebook.com\/redchefclaude","article_published_time":"2022-02-10T15:39:23+00:00","article_modified_time":"2022-02-11T14:44:51+00:00","og_image":[{"width":1080,"height":720,"url":"http:\/\/7culture.ci\/wp-content\/uploads\/2022\/02\/WhatsApp-Image-2022-02-09-at-15.30.29.jpeg","type":"image\/jpeg"}],"author":"7culture2020","twitter_card":"summary_large_image","twitter_creator":"@7culturec","twitter_site":"@7culturec","twitter_misc":{"\u00c9crit par":"7culture2020","Dur\u00e9e de lecture estim\u00e9e":"4 minutes"},"schema":{"@context":"https:\/\/schema.org","@graph":[{"@type":"Article","@id":"https:\/\/7culture.ci\/index.php\/2022\/02\/10\/la-grande-tribune-de-lujocci-decryptage-du-sila-2022-avec-ange-ntakpri\/#article","isPartOf":{"@id":"https:\/\/7culture.ci\/index.php\/2022\/02\/10\/la-grande-tribune-de-lujocci-decryptage-du-sila-2022-avec-ange-ntakpri\/"},"author":{"name":"7culture2020","@id":"https:\/\/7culture.ci\/#\/schema\/person\/16150d28d7ef66ba788c1f87f28c4426"},"headline":"LA GRANDE TRIBUNE DE L\u2019UJOCCI : D\u00e9cryptage du SILA 2022 avec Ange N\u2019Takpri","datePublished":"2022-02-10T15:39:23+00:00","dateModified":"2022-02-11T14:44:51+00:00","mainEntityOfPage":{"@id":"https:\/\/7culture.ci\/index.php\/2022\/02\/10\/la-grande-tribune-de-lujocci-decryptage-du-sila-2022-avec-ange-ntakpri\/"},"wordCount":566,"commentCount":0,"publisher":{"@id":"https:\/\/7culture.ci\/#organization"},"articleSection":["M\u00e9dia"],"inLanguage":"fr-FR","potentialAction":[{"@type":"CommentAction","name":"Comment","target":["https:\/\/7culture.ci\/index.php\/2022\/02\/10\/la-grande-tribune-de-lujocci-decryptage-du-sila-2022-avec-ange-ntakpri\/#respond"]}]},{"@type":"WebPage","@id":"https:\/\/7culture.ci\/index.php\/2022\/02\/10\/la-grande-tribune-de-lujocci-decryptage-du-sila-2022-avec-ange-ntakpri\/","url":"https:\/\/7culture.ci\/index.php\/2022\/02\/10\/la-grande-tribune-de-lujocci-decryptage-du-sila-2022-avec-ange-ntakpri\/","name":"LA GRANDE TRIBUNE DE L\u2019UJOCCI : D\u00e9cryptage du SILA 2022 avec Ange N\u2019Takpri - 7culture","isPartOf":{"@id":"https:\/\/7culture.ci\/#website"},"datePublished":"2022-02-10T15:39:23+00:00","dateModified":"2022-02-11T14:44:51+00:00","breadcrumb":{"@id":"https:\/\/7culture.ci\/index.php\/2022\/02\/10\/la-grande-tribune-de-lujocci-decryptage-du-sila-2022-avec-ange-ntakpri\/#breadcrumb"},"inLanguage":"fr-FR","potentialAction":[{"@type":"ReadAction","target":["https:\/\/7culture.ci\/index.php\/2022\/02\/10\/la-grande-tribune-de-lujocci-decryptage-du-sila-2022-avec-ange-ntakpri\/"]}]},{"@type":"BreadcrumbList","@id":"https:\/\/7culture.ci\/index.php\/2022\/02\/10\/la-grande-tribune-de-lujocci-decryptage-du-sila-2022-avec-ange-ntakpri\/#breadcrumb","itemListElement":[{"@type":"ListItem","position":1,"name":"Accueil","item":"https:\/\/7culture.ci\/"},{"@type":"ListItem","position":2,"name":"LA GRANDE TRIBUNE DE L\u2019UJOCCI : D\u00e9cryptage du SILA 2022 avec Ange N\u2019Takpri"}]},{"@type":"WebSite","@id":"https:\/\/7culture.ci\/#website","url":"https:\/\/7culture.ci\/","name":"7culture","description":"Tout sur l&#039;actualit\u00e9","publisher":{"@id":"https:\/\/7culture.ci\/#organization"},"potentialAction":[{"@type":"SearchAction","target":{"@type":"EntryPoint","urlTemplate":"https:\/\/7culture.ci\/?s={search_term_string}"},"query-input":"required name=search_term_string"}],"inLanguage":"fr-FR"},{"@type":"Organization","@id":"https:\/\/7culture.ci\/#organization","name":"7culture","url":"https:\/\/7culture.ci\/","sameAs":["https:\/\/www.facebook.com\/redchefclaude","https:\/\/twitter.com\/7culturec"],"logo":{"@type":"ImageObject","inLanguage":"fr-FR","@id":"https:\/\/7culture.ci\/#\/schema\/logo\/image\/","url":"https:\/\/7culture.ci\/wp-content\/uploads\/2021\/12\/S1a-1.png","contentUrl":"https:\/\/7culture.ci\/wp-content\/uploads\/2021\/12\/S1a-1.png","width":588,"height":192,"caption":"7culture"},"image":{"@id":"https:\/\/7culture.ci\/#\/schema\/logo\/image\/"}},{"@type":"Person","@id":"https:\/\/7culture.ci\/#\/schema\/person\/16150d28d7ef66ba788c1f87f28c4426","name":"7culture2020","image":{"@type":"ImageObject","inLanguage":"fr-FR","@id":"https:\/\/7culture.ci\/#\/schema\/person\/image\/","url":"https:\/\/secure.gravatar.com\/avatar\/9a0784f951306c37bcd065f52844ef95?s=96&d=mm&r=g","contentUrl":"https:\/\/secure.gravatar.com\/avatar\/9a0784f951306c37bcd065f52844ef95?s=96&d=mm&r=g","caption":"7culture2020"},"sameAs":["http:\/\/7culture.ci","Claude.kipre"],"url":"https:\/\/7culture.ci\/index.php\/author\/7culture2020\/"}]}},"jetpack_featured_media_url":"https:\/\/7culture.ci\/wp-content\/uploads\/2022\/02\/WhatsApp-Image-2022-02-09-at-15.30.29.jpeg","jetpack_likes_enabled":true,"jetpack_sharing_enabled":true,"_links":{"self":[{"href":"https:\/\/7culture.ci\/index.php\/wp-json\/wp\/v2\/posts\/19680"}],"collection":[{"href":"https:\/\/7culture.ci\/index.php\/wp-json\/wp\/v2\/posts"}],"about":[{"href":"https:\/\/7culture.ci\/index.php\/wp-json\/wp\/v2\/types\/post"}],"author":[{"embeddable":true,"href":"https:\/\/7culture.ci\/index.php\/wp-json\/wp\/v2\/users\/1"}],"replies":[{"embeddable":true,"href":"https:\/\/7culture.ci\/index.php\/wp-json\/wp\/v2\/comments?post=19680"}],"version-history":[{"count":0,"href":"https:\/\/7culture.ci\/index.php\/wp-json\/wp\/v2\/posts\/19680\/revisions"}],"wp:featuredmedia":[{"embeddable":true,"href":"https:\/\/7culture.ci\/index.php\/wp-json\/wp\/v2\/media\/19681"}],"wp:attachment":[{"href":"https:\/\/7culture.ci\/index.php\/wp-json\/wp\/v2\/media?parent=19680"}],"wp:term":[{"taxonomy":"category","embeddable":true,"href":"https:\/\/7culture.ci\/index.php\/wp-json\/wp\/v2\/categories?post=19680"},{"taxonomy":"post_tag","embeddable":true,"href":"https:\/\/7culture.ci\/index.php\/wp-json\/wp\/v2\/tags?post=19680"}],"curies":[{"name":"wp","href":"https:\/\/api.w.org\/{rel}","templated":true}]}}