{"id":19623,"date":"2022-02-07T17:33:31","date_gmt":"2022-02-07T16:33:31","guid":{"rendered":"https:\/\/7culture.ci\/?p=19623"},"modified":"2022-02-09T16:37:02","modified_gmt":"2022-02-09T15:37:02","slug":"nouvel-album-dede-djasco-patrouille-desormais-en-solo","status":"publish","type":"post","link":"https:\/\/7culture.ci\/index.php\/2022\/02\/07\/nouvel-album-dede-djasco-patrouille-desormais-en-solo\/","title":{"rendered":"NOUVEL ALBUM : D\u00e9d\u00e9 Djasco patrouille d\u00e9sormais en solo"},"content":{"rendered":"\n<p>Dans quelques jours, les m\u00e9lomanes vont devoir s\u2019accommoder avec le nom D\u00e9d\u00e9 Djasco. Apr\u00e8s plusieurs collaborations avec de nombreux artistes et groupes musicaux, le transfuge du groupe \u2018\u2019Patrouille des Stars\u2019\u2019 s\u2019appr\u00eate \u00e0 mettre sur le march\u00e9 du disque son premier album solo intitul\u00e9 \u2018\u2019 <strong><em>Savoir vivre<\/em><\/strong>\u2019\u2019. La musique de D\u00e9d\u00e9 Djasco prend racine dans la Rumba congolaise en particulier et des sonorit\u00e9s africaines en g\u00e9n\u00e9ral. L\u2019ancien membre de \u2018\u2019Patrouille des Stars\u2019\u2019 a termin\u00e9 l\u2019enregistrement de son tout premier opus solo dans de bonnes conditions techniques. L\u2019album est un produit phare de la maison de production Kitamusic. Ce label en assure \u00e9galement la distribution sous la forme physique et en digital sur Itunes Music. \u2018\u2019<strong><em>Savoir Vivre<\/em><\/strong>\u2019\u2019 comprend huit titres chant\u00e9s en fran\u00e7ais et en lingala. En plus de la chanson \u00e9ponyme, il y en a d\u2019autres comme \u2018\u2019Le mal paie le mal\u2019\u2019, \u2018\u2019Mensonge\u2019\u2019, \u2018\u2019Dernier mot\u2019\u2019 ou \u2018\u2019Pri\u00e8re\u2019\u2019 qui int\u00e9resseront le public. Mais le nec plus ultra du premier disque personnel de D\u00e9d\u00e9 Djasco, c\u2019est la reprise magistrale du l\u00e9gendaire tube \u2018\u2019Kaful Mayay\u2019\u2019 du monument de la musique africaine Tabu Ley Rochereau. Dans son \u0153uvre, l\u2019artiste force le respect par la beaut\u00e9 de sa voix qui porte all\u00e8grement les diff\u00e9rentes chansons.<\/p>\n\n\n\n<p>D\u00e9d\u00e9 Djasco est un artiste multidisciplinaire car il est auteur, compositeur, interpr\u00e8te et danseur. Il est le parfait fruit de nombreuses exp\u00e9riences musicales. En plus de \u2018\u2019Patrouille des Stars\u2019\u2019, son groupe de base, D\u00e9d\u00e9 a souvent pr\u00eat\u00e9 sa voix \u00e0 des artistes reconnus comme Awilo Longomba et Fally Ipupa. Toutes ces rencontres lui ont permis de participer \u00e0 une tourn\u00e9e africaine et europ\u00e9enne.<\/p>\n\n\n\n<figure class=\"wp-block-gallery aligncenter columns-1 is-cropped wp-block-gallery-1 is-layout-flex wp-block-gallery-is-layout-flex\"><ul class=\"blocks-gallery-grid\"><li class=\"blocks-gallery-item\"><figure><img loading=\"lazy\" decoding=\"async\" width=\"1024\" height=\"511\" src=\"https:\/\/7culture.ci\/wp-content\/uploads\/2022\/02\/WhatsApp-Image-2022-02-05-at-12.56.42-1024x511.jpeg\" alt=\"\" data-id=\"19625\" data-full-url=\"https:\/\/7culture.ci\/wp-content\/uploads\/2022\/02\/WhatsApp-Image-2022-02-05-at-12.56.42.jpeg\" data-link=\"https:\/\/7culture.ci\/?attachment_id=19625\" class=\"wp-image-19625\" srcset=\"https:\/\/7culture.ci\/wp-content\/uploads\/2022\/02\/WhatsApp-Image-2022-02-05-at-12.56.42-1024x511.jpeg 1024w, https:\/\/7culture.ci\/wp-content\/uploads\/2022\/02\/WhatsApp-Image-2022-02-05-at-12.56.42-300x150.jpeg 300w, https:\/\/7culture.ci\/wp-content\/uploads\/2022\/02\/WhatsApp-Image-2022-02-05-at-12.56.42-768x383.jpeg 768w, https:\/\/7culture.ci\/wp-content\/uploads\/2022\/02\/WhatsApp-Image-2022-02-05-at-12.56.42.jpeg 1080w\" sizes=\"(max-width: 1024px) 100vw, 1024px\" \/><\/figure><\/li><\/ul><\/figure>\n\n\n\n<p>C\u2019est \u00e0 Kinshasa o\u00f9 D\u00e9d\u00e9 Djasco a vu le jour qu\u2019il s\u2019int\u00e9resse \u00e0 la musique \u00e0 son \u00e2ge. Il a 12 ans quand il rejoint la chorale de Bima. Sa formation musicale est autodidacte. En 1993, il monte un groupe musical avec des amis de quartier. Trois ans apr\u00e8s, il rejoint d\u2019autres orchestres comme \u2018\u2019Ablagote Batabata\u2019\u2019 et \u2018\u2019Rue des Sons\u2019\u2019 dont il fut cofondateur. Mais tout s\u2019acc\u00e9l\u00e8re lorsqu\u2019en 1997 D\u00e9d\u00e9 Djasco atterrit \u00e0 l\u2019autre rive du fleuve Congo. Avec des amis de Brazzaville tels Merco, Delco Boukary, Rockito, Julien Antonio, Zidane, Ferriol R5, Saoudien\u2026, il forme le groupe \u2018\u2019Patrouille des Stars\u2019\u2019. En 1998, le groupe sort son premier album intitul\u00e9 \u2018\u2019Obus Kanga Bissaka\u2019\u2019 qui va lui permette de faire le tour de l\u2019Afrique. \u2018\u2019Patrouille des Stars\u2019\u2019 est m\u00eame nomin\u00e9 aux Kora Music Awards &nbsp;2000 avec son 2<sup>e<\/sup> opus dans la cat\u00e9gorie, Meilleur groupe africain.<\/p>\n\n\n\n<p>Par Omar AK<\/p>\n","protected":false},"excerpt":{"rendered":"<p>Dans quelques jours, les m\u00e9lomanes vont devoir s\u2019accommoder avec le nom D\u00e9d\u00e9 Djasco. Apr\u00e8s plusieurs collaborations avec de nombreux artistes et groupes musicaux, le transfuge du groupe \u2018\u2019Patrouille des Stars\u2019\u2019 s\u2019appr\u00eate \u00e0 mettre sur le march\u00e9 du disque son premier album solo intitul\u00e9 \u2018\u2019 Savoir vivre\u2019\u2019. La musique de D\u00e9d\u00e9 Djasco prend racine dans la &hellip;<\/p>\n<p class=\"read-more\"> <a class=\"\" href=\"https:\/\/7culture.ci\/index.php\/2022\/02\/07\/nouvel-album-dede-djasco-patrouille-desormais-en-solo\/\"> <span class=\"screen-reader-text\">NOUVEL ALBUM : D\u00e9d\u00e9 Djasco patrouille d\u00e9sormais en solo<\/span> Lire la suite\u00a0\u00bb<\/a><\/p>\n","protected":false},"author":1,"featured_media":19627,"comment_status":"open","ping_status":"open","sticky":false,"template":"","format":"standard","meta":{"_mi_skip_tracking":false,"_monsterinsights_sitenote_active":false,"_monsterinsights_sitenote_note":"","_monsterinsights_sitenote_category":0,"site-sidebar-layout":"default","site-content-layout":"default","ast-global-header-display":"","ast-main-header-display":"","ast-hfb-above-header-display":"","ast-hfb-below-header-display":"","ast-hfb-mobile-header-display":"","site-post-title":"","ast-breadcrumbs-content":"","ast-featured-img":"","footer-sml-layout":"","theme-transparent-header-meta":"","adv-header-id-meta":"","stick-header-meta":"","header-above-stick-meta":"","header-main-stick-meta":"","header-below-stick-meta":"","footnotes":"","jetpack_publicize_message":"","jetpack_is_tweetstorm":false,"jetpack_publicize_feature_enabled":true},"categories":[16],"tags":[],"jetpack_publicize_connections":[],"acf":[],"aioseo_notices":[],"yoast_head":"<!-- This site is optimized with the Yoast SEO plugin v19.6.1 - https:\/\/yoast.com\/wordpress\/plugins\/seo\/ -->\n<title>NOUVEL ALBUM : D\u00e9d\u00e9 Djasco patrouille d\u00e9sormais en solo -<\/title>\n<meta name=\"robots\" content=\"index, follow, max-snippet:-1, max-image-preview:large, max-video-preview:-1\" \/>\n<link rel=\"canonical\" href=\"https:\/\/7culture.ci\/index.php\/2022\/02\/07\/nouvel-album-dede-djasco-patrouille-desormais-en-solo\/\" \/>\n<meta property=\"og:locale\" content=\"fr_FR\" \/>\n<meta property=\"og:type\" content=\"article\" \/>\n<meta property=\"og:title\" content=\"NOUVEL ALBUM : D\u00e9d\u00e9 Djasco patrouille d\u00e9sormais en solo -\" \/>\n<meta property=\"og:description\" content=\"Dans quelques jours, les m\u00e9lomanes vont devoir s\u2019accommoder avec le nom D\u00e9d\u00e9 Djasco. Apr\u00e8s plusieurs collaborations avec de nombreux artistes et groupes musicaux, le transfuge du groupe \u2018\u2019Patrouille des Stars\u2019\u2019 s\u2019appr\u00eate \u00e0 mettre sur le march\u00e9 du disque son premier album solo intitul\u00e9 \u2018\u2019 Savoir vivre\u2019\u2019. La musique de D\u00e9d\u00e9 Djasco prend racine dans la &hellip; NOUVEL ALBUM : D\u00e9d\u00e9 Djasco patrouille d\u00e9sormais en solo Lire la suite\u00a0\u00bb\" \/>\n<meta property=\"og:url\" content=\"https:\/\/7culture.ci\/index.php\/2022\/02\/07\/nouvel-album-dede-djasco-patrouille-desormais-en-solo\/\" \/>\n<meta property=\"og:site_name\" content=\"7culture\" \/>\n<meta property=\"article:publisher\" content=\"https:\/\/www.facebook.com\/redchefclaude\" \/>\n<meta property=\"article:published_time\" content=\"2022-02-07T16:33:31+00:00\" \/>\n<meta property=\"article:modified_time\" content=\"2022-02-09T15:37:02+00:00\" \/>\n<meta property=\"og:image\" content=\"http:\/\/7culture.ci\/wp-content\/uploads\/2022\/02\/WhatsApp-Image-2022-02-05-at-12.56.43.jpeg\" \/>\n\t<meta property=\"og:image:width\" content=\"419\" \/>\n\t<meta property=\"og:image:height\" content=\"478\" \/>\n\t<meta property=\"og:image:type\" content=\"image\/jpeg\" \/>\n<meta name=\"author\" content=\"7culture2020\" \/>\n<meta name=\"twitter:card\" content=\"summary_large_image\" \/>\n<meta name=\"twitter:creator\" content=\"@7culturec\" \/>\n<meta name=\"twitter:site\" content=\"@7culturec\" \/>\n<meta name=\"twitter:label1\" content=\"\u00c9crit par\" \/>\n\t<meta name=\"twitter:data1\" content=\"7culture2020\" \/>\n\t<meta name=\"twitter:label2\" content=\"Dur\u00e9e de lecture estim\u00e9e\" \/>\n\t<meta name=\"twitter:data2\" content=\"3 minutes\" \/>\n<script type=\"application\/ld+json\" class=\"yoast-schema-graph\">{\"@context\":\"https:\/\/schema.org\",\"@graph\":[{\"@type\":\"Article\",\"@id\":\"https:\/\/7culture.ci\/index.php\/2022\/02\/07\/nouvel-album-dede-djasco-patrouille-desormais-en-solo\/#article\",\"isPartOf\":{\"@id\":\"https:\/\/7culture.ci\/index.php\/2022\/02\/07\/nouvel-album-dede-djasco-patrouille-desormais-en-solo\/\"},\"author\":{\"name\":\"7culture2020\",\"@id\":\"https:\/\/7culture.ci\/#\/schema\/person\/16150d28d7ef66ba788c1f87f28c4426\"},\"headline\":\"NOUVEL ALBUM : D\u00e9d\u00e9 Djasco patrouille d\u00e9sormais en solo\",\"datePublished\":\"2022-02-07T16:33:31+00:00\",\"dateModified\":\"2022-02-09T15:37:02+00:00\",\"mainEntityOfPage\":{\"@id\":\"https:\/\/7culture.ci\/index.php\/2022\/02\/07\/nouvel-album-dede-djasco-patrouille-desormais-en-solo\/\"},\"wordCount\":454,\"commentCount\":0,\"publisher\":{\"@id\":\"https:\/\/7culture.ci\/#organization\"},\"articleSection\":[\"Musique\"],\"inLanguage\":\"fr-FR\",\"potentialAction\":[{\"@type\":\"CommentAction\",\"name\":\"Comment\",\"target\":[\"https:\/\/7culture.ci\/index.php\/2022\/02\/07\/nouvel-album-dede-djasco-patrouille-desormais-en-solo\/#respond\"]}]},{\"@type\":\"WebPage\",\"@id\":\"https:\/\/7culture.ci\/index.php\/2022\/02\/07\/nouvel-album-dede-djasco-patrouille-desormais-en-solo\/\",\"url\":\"https:\/\/7culture.ci\/index.php\/2022\/02\/07\/nouvel-album-dede-djasco-patrouille-desormais-en-solo\/\",\"name\":\"NOUVEL ALBUM : D\u00e9d\u00e9 Djasco patrouille d\u00e9sormais en solo -\",\"isPartOf\":{\"@id\":\"https:\/\/7culture.ci\/#website\"},\"datePublished\":\"2022-02-07T16:33:31+00:00\",\"dateModified\":\"2022-02-09T15:37:02+00:00\",\"breadcrumb\":{\"@id\":\"https:\/\/7culture.ci\/index.php\/2022\/02\/07\/nouvel-album-dede-djasco-patrouille-desormais-en-solo\/#breadcrumb\"},\"inLanguage\":\"fr-FR\",\"potentialAction\":[{\"@type\":\"ReadAction\",\"target\":[\"https:\/\/7culture.ci\/index.php\/2022\/02\/07\/nouvel-album-dede-djasco-patrouille-desormais-en-solo\/\"]}]},{\"@type\":\"BreadcrumbList\",\"@id\":\"https:\/\/7culture.ci\/index.php\/2022\/02\/07\/nouvel-album-dede-djasco-patrouille-desormais-en-solo\/#breadcrumb\",\"itemListElement\":[{\"@type\":\"ListItem\",\"position\":1,\"name\":\"Accueil\",\"item\":\"https:\/\/7culture.ci\/\"},{\"@type\":\"ListItem\",\"position\":2,\"name\":\"NOUVEL ALBUM : D\u00e9d\u00e9 Djasco patrouille d\u00e9sormais en solo\"}]},{\"@type\":\"WebSite\",\"@id\":\"https:\/\/7culture.ci\/#website\",\"url\":\"https:\/\/7culture.ci\/\",\"name\":\"7culture\",\"description\":\"Tout sur l&#039;actualit\u00e9\",\"publisher\":{\"@id\":\"https:\/\/7culture.ci\/#organization\"},\"potentialAction\":[{\"@type\":\"SearchAction\",\"target\":{\"@type\":\"EntryPoint\",\"urlTemplate\":\"https:\/\/7culture.ci\/?s={search_term_string}\"},\"query-input\":\"required name=search_term_string\"}],\"inLanguage\":\"fr-FR\"},{\"@type\":\"Organization\",\"@id\":\"https:\/\/7culture.ci\/#organization\",\"name\":\"7culture\",\"url\":\"https:\/\/7culture.ci\/\",\"sameAs\":[\"https:\/\/www.facebook.com\/redchefclaude\",\"https:\/\/twitter.com\/7culturec\"],\"logo\":{\"@type\":\"ImageObject\",\"inLanguage\":\"fr-FR\",\"@id\":\"https:\/\/7culture.ci\/#\/schema\/logo\/image\/\",\"url\":\"https:\/\/7culture.ci\/wp-content\/uploads\/2021\/12\/S1a-1.png\",\"contentUrl\":\"https:\/\/7culture.ci\/wp-content\/uploads\/2021\/12\/S1a-1.png\",\"width\":588,\"height\":192,\"caption\":\"7culture\"},\"image\":{\"@id\":\"https:\/\/7culture.ci\/#\/schema\/logo\/image\/\"}},{\"@type\":\"Person\",\"@id\":\"https:\/\/7culture.ci\/#\/schema\/person\/16150d28d7ef66ba788c1f87f28c4426\",\"name\":\"7culture2020\",\"image\":{\"@type\":\"ImageObject\",\"inLanguage\":\"fr-FR\",\"@id\":\"https:\/\/7culture.ci\/#\/schema\/person\/image\/\",\"url\":\"https:\/\/secure.gravatar.com\/avatar\/9a0784f951306c37bcd065f52844ef95?s=96&d=mm&r=g\",\"contentUrl\":\"https:\/\/secure.gravatar.com\/avatar\/9a0784f951306c37bcd065f52844ef95?s=96&d=mm&r=g\",\"caption\":\"7culture2020\"},\"sameAs\":[\"http:\/\/7culture.ci\",\"Claude.kipre\"],\"url\":\"https:\/\/7culture.ci\/index.php\/author\/7culture2020\/\"}]}<\/script>\n<!-- \/ Yoast SEO plugin. -->","yoast_head_json":{"title":"NOUVEL ALBUM : D\u00e9d\u00e9 Djasco patrouille d\u00e9sormais en solo -","robots":{"index":"index","follow":"follow","max-snippet":"max-snippet:-1","max-image-preview":"max-image-preview:large","max-video-preview":"max-video-preview:-1"},"canonical":"https:\/\/7culture.ci\/index.php\/2022\/02\/07\/nouvel-album-dede-djasco-patrouille-desormais-en-solo\/","og_locale":"fr_FR","og_type":"article","og_title":"NOUVEL ALBUM : D\u00e9d\u00e9 Djasco patrouille d\u00e9sormais en solo -","og_description":"Dans quelques jours, les m\u00e9lomanes vont devoir s\u2019accommoder avec le nom D\u00e9d\u00e9 Djasco. Apr\u00e8s plusieurs collaborations avec de nombreux artistes et groupes musicaux, le transfuge du groupe \u2018\u2019Patrouille des Stars\u2019\u2019 s\u2019appr\u00eate \u00e0 mettre sur le march\u00e9 du disque son premier album solo intitul\u00e9 \u2018\u2019 Savoir vivre\u2019\u2019. La musique de D\u00e9d\u00e9 Djasco prend racine dans la &hellip; NOUVEL ALBUM : D\u00e9d\u00e9 Djasco patrouille d\u00e9sormais en solo Lire la suite\u00a0\u00bb","og_url":"https:\/\/7culture.ci\/index.php\/2022\/02\/07\/nouvel-album-dede-djasco-patrouille-desormais-en-solo\/","og_site_name":"7culture","article_publisher":"https:\/\/www.facebook.com\/redchefclaude","article_published_time":"2022-02-07T16:33:31+00:00","article_modified_time":"2022-02-09T15:37:02+00:00","og_image":[{"width":419,"height":478,"url":"http:\/\/7culture.ci\/wp-content\/uploads\/2022\/02\/WhatsApp-Image-2022-02-05-at-12.56.43.jpeg","type":"image\/jpeg"}],"author":"7culture2020","twitter_card":"summary_large_image","twitter_creator":"@7culturec","twitter_site":"@7culturec","twitter_misc":{"\u00c9crit par":"7culture2020","Dur\u00e9e de lecture estim\u00e9e":"3 minutes"},"schema":{"@context":"https:\/\/schema.org","@graph":[{"@type":"Article","@id":"https:\/\/7culture.ci\/index.php\/2022\/02\/07\/nouvel-album-dede-djasco-patrouille-desormais-en-solo\/#article","isPartOf":{"@id":"https:\/\/7culture.ci\/index.php\/2022\/02\/07\/nouvel-album-dede-djasco-patrouille-desormais-en-solo\/"},"author":{"name":"7culture2020","@id":"https:\/\/7culture.ci\/#\/schema\/person\/16150d28d7ef66ba788c1f87f28c4426"},"headline":"NOUVEL ALBUM : D\u00e9d\u00e9 Djasco patrouille d\u00e9sormais en solo","datePublished":"2022-02-07T16:33:31+00:00","dateModified":"2022-02-09T15:37:02+00:00","mainEntityOfPage":{"@id":"https:\/\/7culture.ci\/index.php\/2022\/02\/07\/nouvel-album-dede-djasco-patrouille-desormais-en-solo\/"},"wordCount":454,"commentCount":0,"publisher":{"@id":"https:\/\/7culture.ci\/#organization"},"articleSection":["Musique"],"inLanguage":"fr-FR","potentialAction":[{"@type":"CommentAction","name":"Comment","target":["https:\/\/7culture.ci\/index.php\/2022\/02\/07\/nouvel-album-dede-djasco-patrouille-desormais-en-solo\/#respond"]}]},{"@type":"WebPage","@id":"https:\/\/7culture.ci\/index.php\/2022\/02\/07\/nouvel-album-dede-djasco-patrouille-desormais-en-solo\/","url":"https:\/\/7culture.ci\/index.php\/2022\/02\/07\/nouvel-album-dede-djasco-patrouille-desormais-en-solo\/","name":"NOUVEL ALBUM : D\u00e9d\u00e9 Djasco patrouille d\u00e9sormais en solo -","isPartOf":{"@id":"https:\/\/7culture.ci\/#website"},"datePublished":"2022-02-07T16:33:31+00:00","dateModified":"2022-02-09T15:37:02+00:00","breadcrumb":{"@id":"https:\/\/7culture.ci\/index.php\/2022\/02\/07\/nouvel-album-dede-djasco-patrouille-desormais-en-solo\/#breadcrumb"},"inLanguage":"fr-FR","potentialAction":[{"@type":"ReadAction","target":["https:\/\/7culture.ci\/index.php\/2022\/02\/07\/nouvel-album-dede-djasco-patrouille-desormais-en-solo\/"]}]},{"@type":"BreadcrumbList","@id":"https:\/\/7culture.ci\/index.php\/2022\/02\/07\/nouvel-album-dede-djasco-patrouille-desormais-en-solo\/#breadcrumb","itemListElement":[{"@type":"ListItem","position":1,"name":"Accueil","item":"https:\/\/7culture.ci\/"},{"@type":"ListItem","position":2,"name":"NOUVEL ALBUM : D\u00e9d\u00e9 Djasco patrouille d\u00e9sormais en solo"}]},{"@type":"WebSite","@id":"https:\/\/7culture.ci\/#website","url":"https:\/\/7culture.ci\/","name":"7culture","description":"Tout sur l&#039;actualit\u00e9","publisher":{"@id":"https:\/\/7culture.ci\/#organization"},"potentialAction":[{"@type":"SearchAction","target":{"@type":"EntryPoint","urlTemplate":"https:\/\/7culture.ci\/?s={search_term_string}"},"query-input":"required name=search_term_string"}],"inLanguage":"fr-FR"},{"@type":"Organization","@id":"https:\/\/7culture.ci\/#organization","name":"7culture","url":"https:\/\/7culture.ci\/","sameAs":["https:\/\/www.facebook.com\/redchefclaude","https:\/\/twitter.com\/7culturec"],"logo":{"@type":"ImageObject","inLanguage":"fr-FR","@id":"https:\/\/7culture.ci\/#\/schema\/logo\/image\/","url":"https:\/\/7culture.ci\/wp-content\/uploads\/2021\/12\/S1a-1.png","contentUrl":"https:\/\/7culture.ci\/wp-content\/uploads\/2021\/12\/S1a-1.png","width":588,"height":192,"caption":"7culture"},"image":{"@id":"https:\/\/7culture.ci\/#\/schema\/logo\/image\/"}},{"@type":"Person","@id":"https:\/\/7culture.ci\/#\/schema\/person\/16150d28d7ef66ba788c1f87f28c4426","name":"7culture2020","image":{"@type":"ImageObject","inLanguage":"fr-FR","@id":"https:\/\/7culture.ci\/#\/schema\/person\/image\/","url":"https:\/\/secure.gravatar.com\/avatar\/9a0784f951306c37bcd065f52844ef95?s=96&d=mm&r=g","contentUrl":"https:\/\/secure.gravatar.com\/avatar\/9a0784f951306c37bcd065f52844ef95?s=96&d=mm&r=g","caption":"7culture2020"},"sameAs":["http:\/\/7culture.ci","Claude.kipre"],"url":"https:\/\/7culture.ci\/index.php\/author\/7culture2020\/"}]}},"jetpack_featured_media_url":"https:\/\/7culture.ci\/wp-content\/uploads\/2022\/02\/WhatsApp-Image-2022-02-05-at-12.56.43.jpeg","jetpack_likes_enabled":true,"jetpack_sharing_enabled":true,"_links":{"self":[{"href":"https:\/\/7culture.ci\/index.php\/wp-json\/wp\/v2\/posts\/19623"}],"collection":[{"href":"https:\/\/7culture.ci\/index.php\/wp-json\/wp\/v2\/posts"}],"about":[{"href":"https:\/\/7culture.ci\/index.php\/wp-json\/wp\/v2\/types\/post"}],"author":[{"embeddable":true,"href":"https:\/\/7culture.ci\/index.php\/wp-json\/wp\/v2\/users\/1"}],"replies":[{"embeddable":true,"href":"https:\/\/7culture.ci\/index.php\/wp-json\/wp\/v2\/comments?post=19623"}],"version-history":[{"count":0,"href":"https:\/\/7culture.ci\/index.php\/wp-json\/wp\/v2\/posts\/19623\/revisions"}],"wp:featuredmedia":[{"embeddable":true,"href":"https:\/\/7culture.ci\/index.php\/wp-json\/wp\/v2\/media\/19627"}],"wp:attachment":[{"href":"https:\/\/7culture.ci\/index.php\/wp-json\/wp\/v2\/media?parent=19623"}],"wp:term":[{"taxonomy":"category","embeddable":true,"href":"https:\/\/7culture.ci\/index.php\/wp-json\/wp\/v2\/categories?post=19623"},{"taxonomy":"post_tag","embeddable":true,"href":"https:\/\/7culture.ci\/index.php\/wp-json\/wp\/v2\/tags?post=19623"}],"curies":[{"name":"wp","href":"https:\/\/api.w.org\/{rel}","templated":true}]}}