{"id":19614,"date":"2022-02-07T13:12:04","date_gmt":"2022-02-07T12:12:04","guid":{"rendered":"https:\/\/7culture.ci\/?p=19614"},"modified":"2022-02-07T13:12:05","modified_gmt":"2022-02-07T12:12:05","slug":"popo-carnaval-2022-ca-promet","status":"publish","type":"post","link":"https:\/\/7culture.ci\/index.php\/2022\/02\/07\/popo-carnaval-2022-ca-promet\/","title":{"rendered":"Popo Carnaval 2022 : \u00e7a promet"},"content":{"rendered":"\n<p>L\u2019un des carnavals les plus populaires de C\u00f4te d\u2019Ivoire s\u2019annonce encore plus grandiose que les ann\u00e9es pr\u00e9c\u00e9dentes. Les diff\u00e9rents commissaires g\u00e9n\u00e9raux qui se succ\u00e8dent, mettent toujours les bouch\u00e9es doubles pour satisfaire et faire plaisir aux nombreux festivaliers qui prennent part \u00e0 ce prestigieux carnaval. Il s\u2019agit du Popo Carnaval de Bonoua qui, apr\u00e8s la 40<sup>e<\/sup> \u00e9dition organis\u00e9e avec faste en 2021, reprend du service cette ann\u00e9e avec la 41<sup>e<\/sup> \u00e9dition.<\/p>\n\n\n\n<p>Pour cette \u00e9dition 2022, le riche patrimoine culturel, traditionnel, culinaire et touristique du peuple Abour\u00e9 Ehivet de Bonoua sera un fois de plus valoris\u00e9. Le commissariat g\u00e9n\u00e9ral, pilot\u00e9 par le M\u00e9decin-Colonel \u00e0 la retraite, Joseph Ampoh Yao, est en train de mettre les petits plats dans les grands pour la r\u00e9ussite totale de ce carnaval qui draine du monde durant deux semaines \u00e0 Bonoua et surtout au Village du Popo.<\/p>\n\n\n\n<figure class=\"wp-block-gallery columns-2 is-cropped wp-block-gallery-1 is-layout-flex wp-block-gallery-is-layout-flex\"><ul class=\"blocks-gallery-grid\"><li class=\"blocks-gallery-item\"><figure><img loading=\"lazy\" decoding=\"async\" width=\"1024\" height=\"681\" src=\"https:\/\/7culture.ci\/wp-content\/uploads\/2022\/02\/IMG-20220206-WA0006-1024x681.jpg\" alt=\"\" data-id=\"19616\" data-full-url=\"https:\/\/7culture.ci\/wp-content\/uploads\/2022\/02\/IMG-20220206-WA0006.jpg\" data-link=\"https:\/\/7culture.ci\/?attachment_id=19616\" class=\"wp-image-19616\" srcset=\"https:\/\/7culture.ci\/wp-content\/uploads\/2022\/02\/IMG-20220206-WA0006-1024x681.jpg 1024w, https:\/\/7culture.ci\/wp-content\/uploads\/2022\/02\/IMG-20220206-WA0006-300x199.jpg 300w, https:\/\/7culture.ci\/wp-content\/uploads\/2022\/02\/IMG-20220206-WA0006-768x511.jpg 768w, https:\/\/7culture.ci\/wp-content\/uploads\/2022\/02\/IMG-20220206-WA0006.jpg 1080w\" sizes=\"(max-width: 1024px) 100vw, 1024px\" \/><\/figure><\/li><li class=\"blocks-gallery-item\"><figure><img loading=\"lazy\" decoding=\"async\" width=\"1024\" height=\"681\" src=\"https:\/\/7culture.ci\/wp-content\/uploads\/2022\/02\/IMG-20220206-WA0007-1024x681.jpg\" alt=\"\" data-id=\"19617\" data-full-url=\"https:\/\/7culture.ci\/wp-content\/uploads\/2022\/02\/IMG-20220206-WA0007.jpg\" data-link=\"https:\/\/7culture.ci\/?attachment_id=19617\" class=\"wp-image-19617\" srcset=\"https:\/\/7culture.ci\/wp-content\/uploads\/2022\/02\/IMG-20220206-WA0007-1024x681.jpg 1024w, https:\/\/7culture.ci\/wp-content\/uploads\/2022\/02\/IMG-20220206-WA0007-300x199.jpg 300w, https:\/\/7culture.ci\/wp-content\/uploads\/2022\/02\/IMG-20220206-WA0007-768x511.jpg 768w, https:\/\/7culture.ci\/wp-content\/uploads\/2022\/02\/IMG-20220206-WA0007.jpg 1080w\" sizes=\"(max-width: 1024px) 100vw, 1024px\" \/><\/figure><\/li><\/ul><\/figure>\n\n\n\n<p>Avant le d\u00eener du lancement officiel du Popo Carnaval cuv\u00e9e 2022 \u00e0 l\u2019h\u00f4tel Tiama le jeudi 10 f\u00e9vrier, prochain \u00e0 partir de 18h au Plateau, une conf\u00e9rence de presse a ouvert le bal \u00e0 Bonoua avec la presse nationale et internationale une semaine avant \u00e0 savoir le jeudi 3 f\u00e9vrier dernier. Au cours de ces \u00e9changes avec les journalistes, le commissaire g\u00e9n\u00e9ral a surtout remerci\u00e9 les m\u00e9dias pour l\u2019appui inconditionnel \u00e0 chaque ann\u00e9e de l\u2019\u00e9v\u00e9nement culturel. \u00ab&nbsp;<strong><em>Cette rencontre de ce jour marque le d\u00e9but des activit\u00e9s, le d\u00e9marrage de la mise en \u0153uvre du plan strat\u00e9gique d\u2019ex\u00e9cution de la 41\u00e8me \u00e9dition de ce qui repr\u00e9sente aujourd\u2019hui le plus grand carnaval de notre sous-r\u00e9gion. L\u2019objectif de cette rencontre est de vous informer de toutes les actions entreprises afin de garantir le succ\u00e8s de cette \u00e9dition exceptionnelle. Il s\u2019agit aussi de vous donner tous les d\u00e9tails concernant l\u2019organisation exceptionnelle mise en \u0153uvre, la qualit\u00e9 et le nombre important de nos invit\u00e9s&nbsp;<\/em><\/strong>\u00bb, justifie-t-il.<\/p>\n\n\n\n<figure class=\"wp-block-gallery columns-3 is-cropped wp-block-gallery-2 is-layout-flex wp-block-gallery-is-layout-flex\"><ul class=\"blocks-gallery-grid\"><li class=\"blocks-gallery-item\"><figure><img loading=\"lazy\" decoding=\"async\" width=\"1024\" height=\"681\" src=\"https:\/\/7culture.ci\/wp-content\/uploads\/2022\/02\/IMG-20220206-WA0008-1024x681.jpg\" alt=\"\" data-id=\"19618\" data-full-url=\"https:\/\/7culture.ci\/wp-content\/uploads\/2022\/02\/IMG-20220206-WA0008.jpg\" data-link=\"https:\/\/7culture.ci\/?attachment_id=19618\" class=\"wp-image-19618\" srcset=\"https:\/\/7culture.ci\/wp-content\/uploads\/2022\/02\/IMG-20220206-WA0008-1024x681.jpg 1024w, https:\/\/7culture.ci\/wp-content\/uploads\/2022\/02\/IMG-20220206-WA0008-300x199.jpg 300w, https:\/\/7culture.ci\/wp-content\/uploads\/2022\/02\/IMG-20220206-WA0008-768x511.jpg 768w, https:\/\/7culture.ci\/wp-content\/uploads\/2022\/02\/IMG-20220206-WA0008.jpg 1080w\" sizes=\"(max-width: 1024px) 100vw, 1024px\" \/><\/figure><\/li><li class=\"blocks-gallery-item\"><figure><img loading=\"lazy\" decoding=\"async\" width=\"1024\" height=\"681\" src=\"https:\/\/7culture.ci\/wp-content\/uploads\/2022\/02\/IMG-20220206-WA0009-1024x681.jpg\" alt=\"\" data-id=\"19619\" data-full-url=\"https:\/\/7culture.ci\/wp-content\/uploads\/2022\/02\/IMG-20220206-WA0009.jpg\" data-link=\"https:\/\/7culture.ci\/?attachment_id=19619\" class=\"wp-image-19619\" srcset=\"https:\/\/7culture.ci\/wp-content\/uploads\/2022\/02\/IMG-20220206-WA0009-1024x681.jpg 1024w, https:\/\/7culture.ci\/wp-content\/uploads\/2022\/02\/IMG-20220206-WA0009-300x199.jpg 300w, https:\/\/7culture.ci\/wp-content\/uploads\/2022\/02\/IMG-20220206-WA0009-768x511.jpg 768w, https:\/\/7culture.ci\/wp-content\/uploads\/2022\/02\/IMG-20220206-WA0009.jpg 1080w\" sizes=\"(max-width: 1024px) 100vw, 1024px\" \/><\/figure><\/li><li class=\"blocks-gallery-item\"><figure><img loading=\"lazy\" decoding=\"async\" width=\"1024\" height=\"681\" src=\"https:\/\/7culture.ci\/wp-content\/uploads\/2022\/02\/IMG-20220206-WA0010-1024x681.jpg\" alt=\"\" data-id=\"19620\" data-full-url=\"https:\/\/7culture.ci\/wp-content\/uploads\/2022\/02\/IMG-20220206-WA0010.jpg\" data-link=\"https:\/\/7culture.ci\/?attachment_id=19620\" class=\"wp-image-19620\" srcset=\"https:\/\/7culture.ci\/wp-content\/uploads\/2022\/02\/IMG-20220206-WA0010-1024x681.jpg 1024w, https:\/\/7culture.ci\/wp-content\/uploads\/2022\/02\/IMG-20220206-WA0010-300x199.jpg 300w, https:\/\/7culture.ci\/wp-content\/uploads\/2022\/02\/IMG-20220206-WA0010-768x511.jpg 768w, https:\/\/7culture.ci\/wp-content\/uploads\/2022\/02\/IMG-20220206-WA0010.jpg 1080w\" sizes=\"(max-width: 1024px) 100vw, 1024px\" \/><\/figure><\/li><\/ul><\/figure>\n\n\n\n<p>Par ailleurs, \u2018<strong><em>\u2019l\u2019\u00e9dition 2022 du Popo Carnaval<\/em><\/strong>, a fait savoir le commissariat g\u00e9n\u00e9ral aux hommes de m\u00e9dias, <strong><em>est sous le parrainage de la ministre de la Culture et de l\u2019Industrie des Arts et du Spectacle, Harlette Badou Kouam\u00e9-N\u2019Guessan\u2019\u2019<\/em><\/strong>. Et du 18 avril au 1<sup>er<\/sup> mai prochain, une folle ambiance sera de mise \u00e0 Bonoua sous le signe du professionnalisme avec plusieurs innovations.<\/p>\n\n\n\n<p>Cependant, le Med\u00e9cin-Colonel \u00e0 la retraite, Joseph Ampoh Yao a exhort\u00e9 encore l\u2019Etat de C\u00f4te d\u2019Ivoire \u00e0 s\u2019impliquer davantage \u00e0 cette f\u00eate de r\u00e9jouissance et de valorisation du patrimoine du peuple Abour\u00e9 Ehivet. \u00ab&nbsp;<strong><em>Pour cette 41<sup>e<\/sup> \u00e9dition, nous souhaitons un soutien plus important de l\u2019\u00c9tat<\/em><\/strong>&nbsp;\u00bb, plaide-t-il. Avant d\u2019appeler les soci\u00e9t\u00e9s \u00e0 associer leurs images \u00e0 cette grande f\u00eate&nbsp;: \u00ab&nbsp;<strong><em>Nous invitons toutes les entreprises \u00e0 prendre part \u00e0 ce rendez-vous culturel, touristique et \u00e9conomique<\/em><\/strong>\u00bb. Pour cette ann\u00e9e et pour 3 ans durant, la SOLIBRA en tant que sponsor officiel, est \u00e0 la commande du Popo Carnaval 2022 de Bonoua.<\/p>\n\n\n\n<figure class=\"wp-block-image size-full is-resized\"><img loading=\"lazy\" decoding=\"async\" src=\"https:\/\/7culture.ci\/wp-content\/uploads\/2022\/02\/IMG-20220206-WA0004.jpg\" alt=\"\" class=\"wp-image-19621\" width=\"377\" height=\"583\" srcset=\"https:\/\/7culture.ci\/wp-content\/uploads\/2022\/02\/IMG-20220206-WA0004.jpg 532w, https:\/\/7culture.ci\/wp-content\/uploads\/2022\/02\/IMG-20220206-WA0004-194x300.jpg 194w\" sizes=\"(max-width: 377px) 100vw, 377px\" \/><\/figure>\n\n\n\n<p>Par Omar AK avec Sercom<\/p>\n","protected":false},"excerpt":{"rendered":"<p>L\u2019un des carnavals les plus populaires de C\u00f4te d\u2019Ivoire s\u2019annonce encore plus grandiose que les ann\u00e9es pr\u00e9c\u00e9dentes. Les diff\u00e9rents commissaires g\u00e9n\u00e9raux qui se succ\u00e8dent, mettent toujours les bouch\u00e9es doubles pour satisfaire et faire plaisir aux nombreux festivaliers qui prennent part \u00e0 ce prestigieux carnaval. Il s\u2019agit du Popo Carnaval de Bonoua qui, apr\u00e8s la 40e &hellip;<\/p>\n<p class=\"read-more\"> <a class=\"\" href=\"https:\/\/7culture.ci\/index.php\/2022\/02\/07\/popo-carnaval-2022-ca-promet\/\"> <span class=\"screen-reader-text\">Popo Carnaval 2022 : \u00e7a promet<\/span> Lire la suite\u00a0\u00bb<\/a><\/p>\n","protected":false},"author":1,"featured_media":19615,"comment_status":"open","ping_status":"open","sticky":false,"template":"","format":"standard","meta":{"_mi_skip_tracking":false,"_monsterinsights_sitenote_active":false,"_monsterinsights_sitenote_note":"","_monsterinsights_sitenote_category":0,"site-sidebar-layout":"default","site-content-layout":"default","ast-global-header-display":"","ast-main-header-display":"","ast-hfb-above-header-display":"","ast-hfb-below-header-display":"","ast-hfb-mobile-header-display":"","site-post-title":"","ast-breadcrumbs-content":"","ast-featured-img":"","footer-sml-layout":"","theme-transparent-header-meta":"","adv-header-id-meta":"","stick-header-meta":"","header-above-stick-meta":"","header-main-stick-meta":"","header-below-stick-meta":"","footnotes":"","jetpack_publicize_message":"","jetpack_is_tweetstorm":false,"jetpack_publicize_feature_enabled":true},"categories":[22],"tags":[],"jetpack_publicize_connections":[],"acf":[],"aioseo_notices":[],"yoast_head":"<!-- This site is optimized with the Yoast SEO plugin v19.6.1 - https:\/\/yoast.com\/wordpress\/plugins\/seo\/ -->\n<title>Popo Carnaval 2022 : \u00e7a promet - 7culture<\/title>\n<meta name=\"robots\" content=\"index, follow, max-snippet:-1, max-image-preview:large, max-video-preview:-1\" \/>\n<link rel=\"canonical\" href=\"https:\/\/7culture.ci\/index.php\/2022\/02\/07\/popo-carnaval-2022-ca-promet\/\" \/>\n<meta property=\"og:locale\" content=\"fr_FR\" \/>\n<meta property=\"og:type\" content=\"article\" \/>\n<meta property=\"og:title\" content=\"Popo Carnaval 2022 : \u00e7a promet - 7culture\" \/>\n<meta property=\"og:description\" content=\"L\u2019un des carnavals les plus populaires de C\u00f4te d\u2019Ivoire s\u2019annonce encore plus grandiose que les ann\u00e9es pr\u00e9c\u00e9dentes. Les diff\u00e9rents commissaires g\u00e9n\u00e9raux qui se succ\u00e8dent, mettent toujours les bouch\u00e9es doubles pour satisfaire et faire plaisir aux nombreux festivaliers qui prennent part \u00e0 ce prestigieux carnaval. Il s\u2019agit du Popo Carnaval de Bonoua qui, apr\u00e8s la 40e &hellip; Popo Carnaval 2022 : \u00e7a promet Lire la suite\u00a0\u00bb\" \/>\n<meta property=\"og:url\" content=\"https:\/\/7culture.ci\/index.php\/2022\/02\/07\/popo-carnaval-2022-ca-promet\/\" \/>\n<meta property=\"og:site_name\" content=\"7culture\" \/>\n<meta property=\"article:publisher\" content=\"https:\/\/www.facebook.com\/redchefclaude\" \/>\n<meta property=\"article:published_time\" content=\"2022-02-07T12:12:04+00:00\" \/>\n<meta property=\"article:modified_time\" content=\"2022-02-07T12:12:05+00:00\" \/>\n<meta property=\"og:image\" content=\"http:\/\/7culture.ci\/wp-content\/uploads\/2022\/02\/IMG-20220206-WA0005.jpg\" \/>\n\t<meta property=\"og:image:width\" content=\"1080\" \/>\n\t<meta property=\"og:image:height\" content=\"718\" \/>\n\t<meta property=\"og:image:type\" content=\"image\/jpeg\" \/>\n<meta name=\"author\" content=\"7culture2020\" \/>\n<meta name=\"twitter:card\" content=\"summary_large_image\" \/>\n<meta name=\"twitter:creator\" content=\"@7culturec\" \/>\n<meta name=\"twitter:site\" content=\"@7culturec\" \/>\n<meta name=\"twitter:label1\" content=\"\u00c9crit par\" \/>\n\t<meta name=\"twitter:data1\" content=\"7culture2020\" \/>\n\t<meta name=\"twitter:label2\" content=\"Dur\u00e9e de lecture estim\u00e9e\" \/>\n\t<meta name=\"twitter:data2\" content=\"4 minutes\" \/>\n<script type=\"application\/ld+json\" class=\"yoast-schema-graph\">{\"@context\":\"https:\/\/schema.org\",\"@graph\":[{\"@type\":\"Article\",\"@id\":\"https:\/\/7culture.ci\/index.php\/2022\/02\/07\/popo-carnaval-2022-ca-promet\/#article\",\"isPartOf\":{\"@id\":\"https:\/\/7culture.ci\/index.php\/2022\/02\/07\/popo-carnaval-2022-ca-promet\/\"},\"author\":{\"name\":\"7culture2020\",\"@id\":\"https:\/\/7culture.ci\/#\/schema\/person\/16150d28d7ef66ba788c1f87f28c4426\"},\"headline\":\"Popo Carnaval 2022 : \u00e7a promet\",\"datePublished\":\"2022-02-07T12:12:04+00:00\",\"dateModified\":\"2022-02-07T12:12:05+00:00\",\"mainEntityOfPage\":{\"@id\":\"https:\/\/7culture.ci\/index.php\/2022\/02\/07\/popo-carnaval-2022-ca-promet\/\"},\"wordCount\":518,\"commentCount\":0,\"publisher\":{\"@id\":\"https:\/\/7culture.ci\/#organization\"},\"articleSection\":[\"Actualit\u00e9\"],\"inLanguage\":\"fr-FR\",\"potentialAction\":[{\"@type\":\"CommentAction\",\"name\":\"Comment\",\"target\":[\"https:\/\/7culture.ci\/index.php\/2022\/02\/07\/popo-carnaval-2022-ca-promet\/#respond\"]}]},{\"@type\":\"WebPage\",\"@id\":\"https:\/\/7culture.ci\/index.php\/2022\/02\/07\/popo-carnaval-2022-ca-promet\/\",\"url\":\"https:\/\/7culture.ci\/index.php\/2022\/02\/07\/popo-carnaval-2022-ca-promet\/\",\"name\":\"Popo Carnaval 2022 : \u00e7a promet - 7culture\",\"isPartOf\":{\"@id\":\"https:\/\/7culture.ci\/#website\"},\"datePublished\":\"2022-02-07T12:12:04+00:00\",\"dateModified\":\"2022-02-07T12:12:05+00:00\",\"breadcrumb\":{\"@id\":\"https:\/\/7culture.ci\/index.php\/2022\/02\/07\/popo-carnaval-2022-ca-promet\/#breadcrumb\"},\"inLanguage\":\"fr-FR\",\"potentialAction\":[{\"@type\":\"ReadAction\",\"target\":[\"https:\/\/7culture.ci\/index.php\/2022\/02\/07\/popo-carnaval-2022-ca-promet\/\"]}]},{\"@type\":\"BreadcrumbList\",\"@id\":\"https:\/\/7culture.ci\/index.php\/2022\/02\/07\/popo-carnaval-2022-ca-promet\/#breadcrumb\",\"itemListElement\":[{\"@type\":\"ListItem\",\"position\":1,\"name\":\"Accueil\",\"item\":\"https:\/\/7culture.ci\/\"},{\"@type\":\"ListItem\",\"position\":2,\"name\":\"Popo Carnaval 2022 : \u00e7a promet\"}]},{\"@type\":\"WebSite\",\"@id\":\"https:\/\/7culture.ci\/#website\",\"url\":\"https:\/\/7culture.ci\/\",\"name\":\"7culture\",\"description\":\"Tout sur l&#039;actualit\u00e9\",\"publisher\":{\"@id\":\"https:\/\/7culture.ci\/#organization\"},\"potentialAction\":[{\"@type\":\"SearchAction\",\"target\":{\"@type\":\"EntryPoint\",\"urlTemplate\":\"https:\/\/7culture.ci\/?s={search_term_string}\"},\"query-input\":\"required name=search_term_string\"}],\"inLanguage\":\"fr-FR\"},{\"@type\":\"Organization\",\"@id\":\"https:\/\/7culture.ci\/#organization\",\"name\":\"7culture\",\"url\":\"https:\/\/7culture.ci\/\",\"sameAs\":[\"https:\/\/www.facebook.com\/redchefclaude\",\"https:\/\/twitter.com\/7culturec\"],\"logo\":{\"@type\":\"ImageObject\",\"inLanguage\":\"fr-FR\",\"@id\":\"https:\/\/7culture.ci\/#\/schema\/logo\/image\/\",\"url\":\"https:\/\/7culture.ci\/wp-content\/uploads\/2021\/12\/S1a-1.png\",\"contentUrl\":\"https:\/\/7culture.ci\/wp-content\/uploads\/2021\/12\/S1a-1.png\",\"width\":588,\"height\":192,\"caption\":\"7culture\"},\"image\":{\"@id\":\"https:\/\/7culture.ci\/#\/schema\/logo\/image\/\"}},{\"@type\":\"Person\",\"@id\":\"https:\/\/7culture.ci\/#\/schema\/person\/16150d28d7ef66ba788c1f87f28c4426\",\"name\":\"7culture2020\",\"image\":{\"@type\":\"ImageObject\",\"inLanguage\":\"fr-FR\",\"@id\":\"https:\/\/7culture.ci\/#\/schema\/person\/image\/\",\"url\":\"https:\/\/secure.gravatar.com\/avatar\/9a0784f951306c37bcd065f52844ef95?s=96&d=mm&r=g\",\"contentUrl\":\"https:\/\/secure.gravatar.com\/avatar\/9a0784f951306c37bcd065f52844ef95?s=96&d=mm&r=g\",\"caption\":\"7culture2020\"},\"sameAs\":[\"http:\/\/7culture.ci\",\"Claude.kipre\"],\"url\":\"https:\/\/7culture.ci\/index.php\/author\/7culture2020\/\"}]}<\/script>\n<!-- \/ Yoast SEO plugin. -->","yoast_head_json":{"title":"Popo Carnaval 2022 : \u00e7a promet - 7culture","robots":{"index":"index","follow":"follow","max-snippet":"max-snippet:-1","max-image-preview":"max-image-preview:large","max-video-preview":"max-video-preview:-1"},"canonical":"https:\/\/7culture.ci\/index.php\/2022\/02\/07\/popo-carnaval-2022-ca-promet\/","og_locale":"fr_FR","og_type":"article","og_title":"Popo Carnaval 2022 : \u00e7a promet - 7culture","og_description":"L\u2019un des carnavals les plus populaires de C\u00f4te d\u2019Ivoire s\u2019annonce encore plus grandiose que les ann\u00e9es pr\u00e9c\u00e9dentes. Les diff\u00e9rents commissaires g\u00e9n\u00e9raux qui se succ\u00e8dent, mettent toujours les bouch\u00e9es doubles pour satisfaire et faire plaisir aux nombreux festivaliers qui prennent part \u00e0 ce prestigieux carnaval. Il s\u2019agit du Popo Carnaval de Bonoua qui, apr\u00e8s la 40e &hellip; Popo Carnaval 2022 : \u00e7a promet Lire la suite\u00a0\u00bb","og_url":"https:\/\/7culture.ci\/index.php\/2022\/02\/07\/popo-carnaval-2022-ca-promet\/","og_site_name":"7culture","article_publisher":"https:\/\/www.facebook.com\/redchefclaude","article_published_time":"2022-02-07T12:12:04+00:00","article_modified_time":"2022-02-07T12:12:05+00:00","og_image":[{"width":1080,"height":718,"url":"http:\/\/7culture.ci\/wp-content\/uploads\/2022\/02\/IMG-20220206-WA0005.jpg","type":"image\/jpeg"}],"author":"7culture2020","twitter_card":"summary_large_image","twitter_creator":"@7culturec","twitter_site":"@7culturec","twitter_misc":{"\u00c9crit par":"7culture2020","Dur\u00e9e de lecture estim\u00e9e":"4 minutes"},"schema":{"@context":"https:\/\/schema.org","@graph":[{"@type":"Article","@id":"https:\/\/7culture.ci\/index.php\/2022\/02\/07\/popo-carnaval-2022-ca-promet\/#article","isPartOf":{"@id":"https:\/\/7culture.ci\/index.php\/2022\/02\/07\/popo-carnaval-2022-ca-promet\/"},"author":{"name":"7culture2020","@id":"https:\/\/7culture.ci\/#\/schema\/person\/16150d28d7ef66ba788c1f87f28c4426"},"headline":"Popo Carnaval 2022 : \u00e7a promet","datePublished":"2022-02-07T12:12:04+00:00","dateModified":"2022-02-07T12:12:05+00:00","mainEntityOfPage":{"@id":"https:\/\/7culture.ci\/index.php\/2022\/02\/07\/popo-carnaval-2022-ca-promet\/"},"wordCount":518,"commentCount":0,"publisher":{"@id":"https:\/\/7culture.ci\/#organization"},"articleSection":["Actualit\u00e9"],"inLanguage":"fr-FR","potentialAction":[{"@type":"CommentAction","name":"Comment","target":["https:\/\/7culture.ci\/index.php\/2022\/02\/07\/popo-carnaval-2022-ca-promet\/#respond"]}]},{"@type":"WebPage","@id":"https:\/\/7culture.ci\/index.php\/2022\/02\/07\/popo-carnaval-2022-ca-promet\/","url":"https:\/\/7culture.ci\/index.php\/2022\/02\/07\/popo-carnaval-2022-ca-promet\/","name":"Popo Carnaval 2022 : \u00e7a promet - 7culture","isPartOf":{"@id":"https:\/\/7culture.ci\/#website"},"datePublished":"2022-02-07T12:12:04+00:00","dateModified":"2022-02-07T12:12:05+00:00","breadcrumb":{"@id":"https:\/\/7culture.ci\/index.php\/2022\/02\/07\/popo-carnaval-2022-ca-promet\/#breadcrumb"},"inLanguage":"fr-FR","potentialAction":[{"@type":"ReadAction","target":["https:\/\/7culture.ci\/index.php\/2022\/02\/07\/popo-carnaval-2022-ca-promet\/"]}]},{"@type":"BreadcrumbList","@id":"https:\/\/7culture.ci\/index.php\/2022\/02\/07\/popo-carnaval-2022-ca-promet\/#breadcrumb","itemListElement":[{"@type":"ListItem","position":1,"name":"Accueil","item":"https:\/\/7culture.ci\/"},{"@type":"ListItem","position":2,"name":"Popo Carnaval 2022 : \u00e7a promet"}]},{"@type":"WebSite","@id":"https:\/\/7culture.ci\/#website","url":"https:\/\/7culture.ci\/","name":"7culture","description":"Tout sur l&#039;actualit\u00e9","publisher":{"@id":"https:\/\/7culture.ci\/#organization"},"potentialAction":[{"@type":"SearchAction","target":{"@type":"EntryPoint","urlTemplate":"https:\/\/7culture.ci\/?s={search_term_string}"},"query-input":"required name=search_term_string"}],"inLanguage":"fr-FR"},{"@type":"Organization","@id":"https:\/\/7culture.ci\/#organization","name":"7culture","url":"https:\/\/7culture.ci\/","sameAs":["https:\/\/www.facebook.com\/redchefclaude","https:\/\/twitter.com\/7culturec"],"logo":{"@type":"ImageObject","inLanguage":"fr-FR","@id":"https:\/\/7culture.ci\/#\/schema\/logo\/image\/","url":"https:\/\/7culture.ci\/wp-content\/uploads\/2021\/12\/S1a-1.png","contentUrl":"https:\/\/7culture.ci\/wp-content\/uploads\/2021\/12\/S1a-1.png","width":588,"height":192,"caption":"7culture"},"image":{"@id":"https:\/\/7culture.ci\/#\/schema\/logo\/image\/"}},{"@type":"Person","@id":"https:\/\/7culture.ci\/#\/schema\/person\/16150d28d7ef66ba788c1f87f28c4426","name":"7culture2020","image":{"@type":"ImageObject","inLanguage":"fr-FR","@id":"https:\/\/7culture.ci\/#\/schema\/person\/image\/","url":"https:\/\/secure.gravatar.com\/avatar\/9a0784f951306c37bcd065f52844ef95?s=96&d=mm&r=g","contentUrl":"https:\/\/secure.gravatar.com\/avatar\/9a0784f951306c37bcd065f52844ef95?s=96&d=mm&r=g","caption":"7culture2020"},"sameAs":["http:\/\/7culture.ci","Claude.kipre"],"url":"https:\/\/7culture.ci\/index.php\/author\/7culture2020\/"}]}},"jetpack_featured_media_url":"https:\/\/7culture.ci\/wp-content\/uploads\/2022\/02\/IMG-20220206-WA0005.jpg","jetpack_likes_enabled":true,"jetpack_sharing_enabled":true,"_links":{"self":[{"href":"https:\/\/7culture.ci\/index.php\/wp-json\/wp\/v2\/posts\/19614"}],"collection":[{"href":"https:\/\/7culture.ci\/index.php\/wp-json\/wp\/v2\/posts"}],"about":[{"href":"https:\/\/7culture.ci\/index.php\/wp-json\/wp\/v2\/types\/post"}],"author":[{"embeddable":true,"href":"https:\/\/7culture.ci\/index.php\/wp-json\/wp\/v2\/users\/1"}],"replies":[{"embeddable":true,"href":"https:\/\/7culture.ci\/index.php\/wp-json\/wp\/v2\/comments?post=19614"}],"version-history":[{"count":0,"href":"https:\/\/7culture.ci\/index.php\/wp-json\/wp\/v2\/posts\/19614\/revisions"}],"wp:featuredmedia":[{"embeddable":true,"href":"https:\/\/7culture.ci\/index.php\/wp-json\/wp\/v2\/media\/19615"}],"wp:attachment":[{"href":"https:\/\/7culture.ci\/index.php\/wp-json\/wp\/v2\/media?parent=19614"}],"wp:term":[{"taxonomy":"category","embeddable":true,"href":"https:\/\/7culture.ci\/index.php\/wp-json\/wp\/v2\/categories?post=19614"},{"taxonomy":"post_tag","embeddable":true,"href":"https:\/\/7culture.ci\/index.php\/wp-json\/wp\/v2\/tags?post=19614"}],"curies":[{"name":"wp","href":"https:\/\/api.w.org\/{rel}","templated":true}]}}