{"id":19607,"date":"2022-02-07T12:29:15","date_gmt":"2022-02-07T11:29:15","guid":{"rendered":"https:\/\/7culture.ci\/?p=19607"},"modified":"2022-02-07T17:35:47","modified_gmt":"2022-02-07T16:35:47","slug":"can-2021-les-lions-de-la-teranga-rois-dafrique","status":"publish","type":"post","link":"https:\/\/7culture.ci\/index.php\/2022\/02\/07\/can-2021-les-lions-de-la-teranga-rois-dafrique\/","title":{"rendered":"CAN 2021 : Les Lions de la Teranga, rois d\u2019Afrique"},"content":{"rendered":"\n<p><strong><em>Le football est magique. Voir des journalistes s\u00e9n\u00e9galais prier ou crier \u00e0 tue-t\u00eate, chanter et danser, les plus \u00e9motifs, dans les pommes ou couler des larmes\u2026 Le S\u00e9n\u00e9gal attendait ce moment depuis son ind\u00e9pendance, depuis son affiliation \u00e0 la Conf\u00e9d\u00e9ration Africaine de Football. Il est arriv\u00e9 \u00e0 Yaound\u00e9, au Cameroun, terre-symbole de foot, en finale de la 33<sup>e<\/sup> \u00e9dition de la Coupe d\u2019Afrique des Nations (CAN), devant l\u2019\u00e9quipe la plus titr\u00e9e d\u2019Afrique, l\u2019Egypte. De quoi danser le M\u2019balax toute la nuit, \u00e0 Dakar et dans les rues de Yaound\u00e9\u2026<\/em><\/strong><\/p>\n\n\n\n<p>Aliou Ciss\u00e9, l\u2019entra\u00eeneur du S\u00e9n\u00e9gal est un ancien international du&nbsp; S\u00e9n\u00e9gal. Il a \u00e9chou\u00e9, en tant que capitaine de l\u2019\u00e9quipe,&nbsp; en finale de la CAN 2002 \u00e0 Bamako au Mali. Devant le Cameroun. Aux tirs au but. Il avait rat\u00e9 son tir, pendant l\u2019\u00e9preuve fatidique. Aliou Ciss\u00e9 n\u2019a donc pas gagn\u00e9 la coupe d\u2019Afrique en tant que joueur. Mais, il a choisi de se mettre \u00e0 la disposition de son pays, de l\u2019\u00e9quipe nationale. Depuis sept (7) ans, il coiffe l\u2019encadrement technique des Lions. Il est l\u2019homme le plus critiqu\u00e9 par la presse s\u00e9n\u00e9galaise. Mais, il n\u2019a jamais rompu. \u00ab <strong><em>Il faut \u00e9couter les critiques et en tirer le meilleur<\/em><\/strong>\u00bb, r\u00e9pond-il toujours.<\/p>\n\n\n\n<p>Avec Aliou Ciss\u00e9, le S\u00e9n\u00e9gal a connu des performances remarquables. Un quart de finale de coupe d\u2019Afrique (2017), une phase finale de coupe du monde (2018), une finale de la CAN (2018). L\u2019\u00e9quipe progressait mais les r\u00e9sultats ne suivaient pas. Et la presse, impatiente, n\u2019arr\u00eatait pas de r\u00e9clamer sa t\u00eate. Et lui continuait d\u2019y croire. \u00ab <strong><em>Ceux qui me connaissent, savent que je suis t\u00eatu<\/em><\/strong> \u00bb, dit-il. Son ent\u00eatement a pay\u00e9. Ses d\u00e9tracteurs d\u2019hier, chantent, dansent aujourd\u2019hui. \u00ab <strong><em>On l\u2019a fait<\/em><\/strong>\u00bb, disent les uns. \u00ab <strong><em>Nous aussi, nous avons une \u00e9toile sur notre maillot <\/em><\/strong>\u00bb, clament les autres.<\/p>\n\n\n\n<figure class=\"wp-block-image size-full\"><img loading=\"lazy\" decoding=\"async\" width=\"660\" height=\"287\" src=\"https:\/\/7culture.ci\/wp-content\/uploads\/2022\/02\/Senegal2.jpg\" alt=\"\" class=\"wp-image-19609\" srcset=\"https:\/\/7culture.ci\/wp-content\/uploads\/2022\/02\/Senegal2.jpg 660w, https:\/\/7culture.ci\/wp-content\/uploads\/2022\/02\/Senegal2-300x130.jpg 300w\" sizes=\"(max-width: 660px) 100vw, 660px\" \/><\/figure>\n\n\n\n<p>Le technicien s\u00e9n\u00e9galais lui-m\u00eame a du mal \u00e0 r\u00e9aliser. En conf\u00e9rence de presse, apr\u00e8s le match, il n\u2019avait que des mots de remerciement \u00e0 la bouche: \u00ab <strong><em>Je suis champion d\u2019Afrique&nbsp;! Ce fut long. Ce fut difficile. Par moments compliqu\u00e9s mais nous n\u2019avons jamais abandonn\u00e9. Je d\u00e9die cette victoire au peuple s\u00e9n\u00e9galais. Depuis des ann\u00e9es, nous courons apr\u00e8s cette coupe. Aujourd\u2019hui, nous allons mettre une \u00e9toile sur notre maillot. Je voudrais f\u00e9liciter mon&nbsp; staff. Pendant pr\u00e8s de sept ans, nous avons travaill\u00e9. Bravo les gars&nbsp;!<\/em><\/strong>\u00bb<\/p>\n\n\n\n<p>Une conf\u00e9rence qui n\u2019est pas all\u00e9e au bout. Sadio Man\u00e9 et ses co\u00e9quipiers sont venus rejoindre leur coach, l\u2019asperger d\u2019eau et finir par interrompre l\u2019exercice avec les journalistes. Cette fois, personne ne s\u2019est plaint. C\u2019est jour de f\u00eate, jour d\u2019\u00e9motion, jour de tous les exc\u00e8s contr\u00f4l\u00e9s.<\/p>\n\n\n\n<div class=\"wp-block-image\"><figure class=\"aligncenter size-large is-resized\"><img loading=\"lazy\" decoding=\"async\" src=\"https:\/\/7culture.ci\/wp-content\/uploads\/2022\/02\/Senegal1-1024x576.jpg\" alt=\"\" class=\"wp-image-19610\" width=\"694\" height=\"390\" srcset=\"https:\/\/7culture.ci\/wp-content\/uploads\/2022\/02\/Senegal1-1024x576.jpg 1024w, https:\/\/7culture.ci\/wp-content\/uploads\/2022\/02\/Senegal1-300x169.jpg 300w, https:\/\/7culture.ci\/wp-content\/uploads\/2022\/02\/Senegal1-768x432.jpg 768w, https:\/\/7culture.ci\/wp-content\/uploads\/2022\/02\/Senegal1.jpg 1200w\" sizes=\"(max-width: 694px) 100vw, 694px\" \/><\/figure><\/div>\n\n\n\n<p>Sur le terrain, la victoire a mis longtemps \u00e0 se dessiner. Le S\u00e9n\u00e9gal a l\u2019occasion d\u2019ouvrir la marque d\u00e8s la 8<sup>e<\/sup> minute de jeu sur penalty. Il est complex\u00e9 par la Montagne \u00e9gyptienne dans les buts des Pharaons. Le S\u00e9n\u00e9gal d\u00e9roule, collectivement, touche beaucoup de ballons, utilise toute la largeur du terrain, essaie de donner du rythme au jeu, mais les actions manquent de mordant. L\u2019Egypte comme \u00e0 son habitude, joue bloc-bas, proc\u00e8de par contres rapides en possession du ballon, en cherchant le c\u00f4t\u00e9 de Mohamed Salah. Mais remarquable d\u00e9fense d\u2019Abdou Diallo et de Salifou Ciss qui font tr\u00e8s souvent, une prise \u00e0 deux sur le capitaine des Pharaons. Mais il demeure redoutable et joue dans les petits espaces avec des dribbles courts et une protection de balle remarquable. Il secoue la d\u00e9fense des Lions et donne des frayeurs aux nombreux supporters du S\u00e9n\u00e9gal dans les tribunes.<\/p>\n\n\n\n<p>La seconde partie est identique \u00e0 la premi\u00e8re. Chaque \u00e9quipe a son temps fort. Et passe chaque fois, pr\u00e8s du but. Le but du chaos. Le S\u00e9n\u00e9gal a les reins mais pas la lucidit\u00e9 dans la surface de r\u00e9paration. Ou le gardien \u00e9gyptien, Mohamed Abou Gabal Ali est du genre \u00e0 intimider les attaquants. Il est pr\u00e9sent sur les balles chaudes des Lions. \u00c9douard Mendy n\u2019est pas moins sollicit\u00e9. Il doit faire preuve de concentration pour \u00e9viter le but fatal.<\/p>\n\n\n\n<p>Pas d\u2019autres choix. Les prolongations s\u2019imposent. Les deux \u00e9quipes ne se d\u00e9partagent pas. S\u00e9n\u00e9galais et \u00c9gyptiens vont jouent la troisi\u00e8me mi-temps. Les tirs au but. Les Pharaons sont ma\u00eetres de l\u2019\u00e9preuve de nerfs. La C\u00f4te d\u2019Ivoire en sait quelque chose: en 1998, en quarts de finale \u00e0 Ouagadougou, en 2006, en finale, au Caire. Et en 2022, au stade Japoma, \u00e0 Douala. Le Cameroun aussi en sait quelque chose: en 1986 au Caire, en finale et en 2022 \u00e0 Olemb\u00e9. Mais cette fois, les dieux du Nil ont l\u00e2ch\u00e9 les Pharaons. Ils ont perdu la bataille. Et le S\u00e9n\u00e9gal est aux anges. La f\u00eate dans les tribunes, sur la pelouse, dans les couloirs du stade Olemb\u00e9, dans la salle de conf\u00e9rence\u2026 Et \u00e9videment, dans tout le S\u00e9n\u00e9gal.<\/p>\n\n\n\n<figure class=\"wp-block-image size-full\"><img loading=\"lazy\" decoding=\"async\" width=\"640\" height=\"360\" src=\"https:\/\/7culture.ci\/wp-content\/uploads\/2022\/02\/Senegal5.jpg\" alt=\"\" class=\"wp-image-19611\" srcset=\"https:\/\/7culture.ci\/wp-content\/uploads\/2022\/02\/Senegal5.jpg 640w, https:\/\/7culture.ci\/wp-content\/uploads\/2022\/02\/Senegal5-300x169.jpg 300w\" sizes=\"(max-width: 640px) 100vw, 640px\" \/><\/figure>\n\n\n\n<p>Les lampions se sont donc \u00e9teints \u00e0 Yaound\u00e9 avec le sacre continental des Lions du S\u00e9n\u00e9gal. Belle f\u00eate de cl\u00f4ture. Color\u00e9e, chatoyante, rythm\u00e9e, \u00e9tincelante. Du grand art. Avec des feux d\u2019artifices ma\u00eetris\u00e9s. En pr\u00e9sence du pr\u00e9sident de la R\u00e9publique, Paul Biya. Il \u00e9tait \u00e0 l\u2019ouverture. Il est venu \u00e0 la cl\u00f4ture. Il a remis le troph\u00e9e de la 33<sup>e<\/sup> \u00e9dition de la coupe d\u2019Afrique des nations, au capitaine des Lions, Kalidou Koulibaly.<\/p>\n\n\n\n<p>Sous les yeux du pr\u00e9sident camerounais, la CAF a remis le drapeau de l\u2019institution au ministre ivoirien des Sports, Paulin Danho. La C\u00f4te d\u2019Ivoire abrite la prochaine \u00e9dition de la CAN. Ce drapeau porte en lui, toute&nbsp; la responsabilit\u00e9 qui incombe aux autorit\u00e9s ivoiriennes. Une d\u00e9l\u00e9gation de la CAF est attendue \u00e0 Abidjan, du 7 au 9 f\u00e9vrier 2022.<\/p>\n\n\n\n<div class=\"wp-block-image\"><figure class=\"aligncenter size-full\"><img loading=\"lazy\" decoding=\"async\" width=\"720\" height=\"438\" src=\"https:\/\/7culture.ci\/wp-content\/uploads\/2022\/02\/Senegal4.jpg\" alt=\"\" class=\"wp-image-19612\" srcset=\"https:\/\/7culture.ci\/wp-content\/uploads\/2022\/02\/Senegal4.jpg 720w, https:\/\/7culture.ci\/wp-content\/uploads\/2022\/02\/Senegal4-300x183.jpg 300w\" sizes=\"(max-width: 720px) 100vw, 720px\" \/><\/figure><\/div>\n\n\n\n<p>Par Fernand D\u00e9deh via Facebook<\/p>\n","protected":false},"excerpt":{"rendered":"<p>Le football est magique. Voir des journalistes s\u00e9n\u00e9galais prier ou crier \u00e0 tue-t\u00eate, chanter et danser, les plus \u00e9motifs, dans les pommes ou couler des larmes\u2026 Le S\u00e9n\u00e9gal attendait ce moment depuis son ind\u00e9pendance, depuis son affiliation \u00e0 la Conf\u00e9d\u00e9ration Africaine de Football. Il est arriv\u00e9 \u00e0 Yaound\u00e9, au Cameroun, terre-symbole de foot, en finale &hellip;<\/p>\n<p class=\"read-more\"> <a class=\"\" href=\"https:\/\/7culture.ci\/index.php\/2022\/02\/07\/can-2021-les-lions-de-la-teranga-rois-dafrique\/\"> <span class=\"screen-reader-text\">CAN 2021 : Les Lions de la Teranga, rois d\u2019Afrique<\/span> Lire la suite\u00a0\u00bb<\/a><\/p>\n","protected":false},"author":1,"featured_media":19608,"comment_status":"open","ping_status":"open","sticky":false,"template":"","format":"standard","meta":{"_mi_skip_tracking":false,"_monsterinsights_sitenote_active":false,"_monsterinsights_sitenote_note":"","_monsterinsights_sitenote_category":0,"site-sidebar-layout":"default","site-content-layout":"default","ast-global-header-display":"","ast-main-header-display":"","ast-hfb-above-header-display":"","ast-hfb-below-header-display":"","ast-hfb-mobile-header-display":"","site-post-title":"","ast-breadcrumbs-content":"","ast-featured-img":"","footer-sml-layout":"","theme-transparent-header-meta":"","adv-header-id-meta":"","stick-header-meta":"","header-above-stick-meta":"","header-main-stick-meta":"","header-below-stick-meta":"","footnotes":"","jetpack_publicize_message":"","jetpack_is_tweetstorm":false,"jetpack_publicize_feature_enabled":true},"categories":[22],"tags":[],"jetpack_publicize_connections":[],"acf":[],"aioseo_notices":[],"yoast_head":"<!-- This site is optimized with the Yoast SEO plugin v19.6.1 - https:\/\/yoast.com\/wordpress\/plugins\/seo\/ -->\n<title>CAN 2021 : Les Lions de la Teranga, rois d\u2019Afrique -<\/title>\n<meta name=\"robots\" content=\"index, follow, max-snippet:-1, max-image-preview:large, max-video-preview:-1\" \/>\n<link rel=\"canonical\" href=\"https:\/\/7culture.ci\/index.php\/2022\/02\/07\/can-2021-les-lions-de-la-teranga-rois-dafrique\/\" \/>\n<meta property=\"og:locale\" content=\"fr_FR\" \/>\n<meta property=\"og:type\" content=\"article\" \/>\n<meta property=\"og:title\" content=\"CAN 2021 : Les Lions de la Teranga, rois d\u2019Afrique -\" \/>\n<meta property=\"og:description\" content=\"Le football est magique. Voir des journalistes s\u00e9n\u00e9galais prier ou crier \u00e0 tue-t\u00eate, chanter et danser, les plus \u00e9motifs, dans les pommes ou couler des larmes\u2026 Le S\u00e9n\u00e9gal attendait ce moment depuis son ind\u00e9pendance, depuis son affiliation \u00e0 la Conf\u00e9d\u00e9ration Africaine de Football. Il est arriv\u00e9 \u00e0 Yaound\u00e9, au Cameroun, terre-symbole de foot, en finale &hellip; CAN 2021 : Les Lions de la Teranga, rois d\u2019Afrique Lire la suite\u00a0\u00bb\" \/>\n<meta property=\"og:url\" content=\"https:\/\/7culture.ci\/index.php\/2022\/02\/07\/can-2021-les-lions-de-la-teranga-rois-dafrique\/\" \/>\n<meta property=\"og:site_name\" content=\"7culture\" \/>\n<meta property=\"article:publisher\" content=\"https:\/\/www.facebook.com\/redchefclaude\" \/>\n<meta property=\"article:published_time\" content=\"2022-02-07T11:29:15+00:00\" \/>\n<meta property=\"article:modified_time\" content=\"2022-02-07T16:35:47+00:00\" \/>\n<meta property=\"og:image\" content=\"http:\/\/7culture.ci\/wp-content\/uploads\/2022\/02\/Senegal3.jpg\" \/>\n\t<meta property=\"og:image:width\" content=\"1024\" \/>\n\t<meta property=\"og:image:height\" content=\"576\" \/>\n\t<meta property=\"og:image:type\" content=\"image\/jpeg\" \/>\n<meta name=\"author\" content=\"7culture2020\" \/>\n<meta name=\"twitter:card\" content=\"summary_large_image\" \/>\n<meta name=\"twitter:creator\" content=\"@7culturec\" \/>\n<meta name=\"twitter:site\" content=\"@7culturec\" \/>\n<meta name=\"twitter:label1\" content=\"\u00c9crit par\" \/>\n\t<meta name=\"twitter:data1\" content=\"7culture2020\" \/>\n\t<meta name=\"twitter:label2\" content=\"Dur\u00e9e de lecture estim\u00e9e\" \/>\n\t<meta name=\"twitter:data2\" content=\"6 minutes\" \/>\n<script type=\"application\/ld+json\" class=\"yoast-schema-graph\">{\"@context\":\"https:\/\/schema.org\",\"@graph\":[{\"@type\":\"Article\",\"@id\":\"https:\/\/7culture.ci\/index.php\/2022\/02\/07\/can-2021-les-lions-de-la-teranga-rois-dafrique\/#article\",\"isPartOf\":{\"@id\":\"https:\/\/7culture.ci\/index.php\/2022\/02\/07\/can-2021-les-lions-de-la-teranga-rois-dafrique\/\"},\"author\":{\"name\":\"7culture2020\",\"@id\":\"https:\/\/7culture.ci\/#\/schema\/person\/16150d28d7ef66ba788c1f87f28c4426\"},\"headline\":\"CAN 2021 : Les Lions de la Teranga, rois d\u2019Afrique\",\"datePublished\":\"2022-02-07T11:29:15+00:00\",\"dateModified\":\"2022-02-07T16:35:47+00:00\",\"mainEntityOfPage\":{\"@id\":\"https:\/\/7culture.ci\/index.php\/2022\/02\/07\/can-2021-les-lions-de-la-teranga-rois-dafrique\/\"},\"wordCount\":1040,\"commentCount\":0,\"publisher\":{\"@id\":\"https:\/\/7culture.ci\/#organization\"},\"articleSection\":[\"Actualit\u00e9\"],\"inLanguage\":\"fr-FR\",\"potentialAction\":[{\"@type\":\"CommentAction\",\"name\":\"Comment\",\"target\":[\"https:\/\/7culture.ci\/index.php\/2022\/02\/07\/can-2021-les-lions-de-la-teranga-rois-dafrique\/#respond\"]}]},{\"@type\":\"WebPage\",\"@id\":\"https:\/\/7culture.ci\/index.php\/2022\/02\/07\/can-2021-les-lions-de-la-teranga-rois-dafrique\/\",\"url\":\"https:\/\/7culture.ci\/index.php\/2022\/02\/07\/can-2021-les-lions-de-la-teranga-rois-dafrique\/\",\"name\":\"CAN 2021 : Les Lions de la Teranga, rois d\u2019Afrique -\",\"isPartOf\":{\"@id\":\"https:\/\/7culture.ci\/#website\"},\"datePublished\":\"2022-02-07T11:29:15+00:00\",\"dateModified\":\"2022-02-07T16:35:47+00:00\",\"breadcrumb\":{\"@id\":\"https:\/\/7culture.ci\/index.php\/2022\/02\/07\/can-2021-les-lions-de-la-teranga-rois-dafrique\/#breadcrumb\"},\"inLanguage\":\"fr-FR\",\"potentialAction\":[{\"@type\":\"ReadAction\",\"target\":[\"https:\/\/7culture.ci\/index.php\/2022\/02\/07\/can-2021-les-lions-de-la-teranga-rois-dafrique\/\"]}]},{\"@type\":\"BreadcrumbList\",\"@id\":\"https:\/\/7culture.ci\/index.php\/2022\/02\/07\/can-2021-les-lions-de-la-teranga-rois-dafrique\/#breadcrumb\",\"itemListElement\":[{\"@type\":\"ListItem\",\"position\":1,\"name\":\"Accueil\",\"item\":\"https:\/\/7culture.ci\/\"},{\"@type\":\"ListItem\",\"position\":2,\"name\":\"CAN 2021 : Les Lions de la Teranga, rois d\u2019Afrique\"}]},{\"@type\":\"WebSite\",\"@id\":\"https:\/\/7culture.ci\/#website\",\"url\":\"https:\/\/7culture.ci\/\",\"name\":\"7culture\",\"description\":\"Tout sur l&#039;actualit\u00e9\",\"publisher\":{\"@id\":\"https:\/\/7culture.ci\/#organization\"},\"potentialAction\":[{\"@type\":\"SearchAction\",\"target\":{\"@type\":\"EntryPoint\",\"urlTemplate\":\"https:\/\/7culture.ci\/?s={search_term_string}\"},\"query-input\":\"required name=search_term_string\"}],\"inLanguage\":\"fr-FR\"},{\"@type\":\"Organization\",\"@id\":\"https:\/\/7culture.ci\/#organization\",\"name\":\"7culture\",\"url\":\"https:\/\/7culture.ci\/\",\"sameAs\":[\"https:\/\/www.facebook.com\/redchefclaude\",\"https:\/\/twitter.com\/7culturec\"],\"logo\":{\"@type\":\"ImageObject\",\"inLanguage\":\"fr-FR\",\"@id\":\"https:\/\/7culture.ci\/#\/schema\/logo\/image\/\",\"url\":\"https:\/\/7culture.ci\/wp-content\/uploads\/2021\/12\/S1a-1.png\",\"contentUrl\":\"https:\/\/7culture.ci\/wp-content\/uploads\/2021\/12\/S1a-1.png\",\"width\":588,\"height\":192,\"caption\":\"7culture\"},\"image\":{\"@id\":\"https:\/\/7culture.ci\/#\/schema\/logo\/image\/\"}},{\"@type\":\"Person\",\"@id\":\"https:\/\/7culture.ci\/#\/schema\/person\/16150d28d7ef66ba788c1f87f28c4426\",\"name\":\"7culture2020\",\"image\":{\"@type\":\"ImageObject\",\"inLanguage\":\"fr-FR\",\"@id\":\"https:\/\/7culture.ci\/#\/schema\/person\/image\/\",\"url\":\"https:\/\/secure.gravatar.com\/avatar\/9a0784f951306c37bcd065f52844ef95?s=96&d=mm&r=g\",\"contentUrl\":\"https:\/\/secure.gravatar.com\/avatar\/9a0784f951306c37bcd065f52844ef95?s=96&d=mm&r=g\",\"caption\":\"7culture2020\"},\"sameAs\":[\"http:\/\/7culture.ci\",\"Claude.kipre\"],\"url\":\"https:\/\/7culture.ci\/index.php\/author\/7culture2020\/\"}]}<\/script>\n<!-- \/ Yoast SEO plugin. -->","yoast_head_json":{"title":"CAN 2021 : Les Lions de la Teranga, rois d\u2019Afrique -","robots":{"index":"index","follow":"follow","max-snippet":"max-snippet:-1","max-image-preview":"max-image-preview:large","max-video-preview":"max-video-preview:-1"},"canonical":"https:\/\/7culture.ci\/index.php\/2022\/02\/07\/can-2021-les-lions-de-la-teranga-rois-dafrique\/","og_locale":"fr_FR","og_type":"article","og_title":"CAN 2021 : Les Lions de la Teranga, rois d\u2019Afrique -","og_description":"Le football est magique. Voir des journalistes s\u00e9n\u00e9galais prier ou crier \u00e0 tue-t\u00eate, chanter et danser, les plus \u00e9motifs, dans les pommes ou couler des larmes\u2026 Le S\u00e9n\u00e9gal attendait ce moment depuis son ind\u00e9pendance, depuis son affiliation \u00e0 la Conf\u00e9d\u00e9ration Africaine de Football. Il est arriv\u00e9 \u00e0 Yaound\u00e9, au Cameroun, terre-symbole de foot, en finale &hellip; CAN 2021 : Les Lions de la Teranga, rois d\u2019Afrique Lire la suite\u00a0\u00bb","og_url":"https:\/\/7culture.ci\/index.php\/2022\/02\/07\/can-2021-les-lions-de-la-teranga-rois-dafrique\/","og_site_name":"7culture","article_publisher":"https:\/\/www.facebook.com\/redchefclaude","article_published_time":"2022-02-07T11:29:15+00:00","article_modified_time":"2022-02-07T16:35:47+00:00","og_image":[{"width":1024,"height":576,"url":"http:\/\/7culture.ci\/wp-content\/uploads\/2022\/02\/Senegal3.jpg","type":"image\/jpeg"}],"author":"7culture2020","twitter_card":"summary_large_image","twitter_creator":"@7culturec","twitter_site":"@7culturec","twitter_misc":{"\u00c9crit par":"7culture2020","Dur\u00e9e de lecture estim\u00e9e":"6 minutes"},"schema":{"@context":"https:\/\/schema.org","@graph":[{"@type":"Article","@id":"https:\/\/7culture.ci\/index.php\/2022\/02\/07\/can-2021-les-lions-de-la-teranga-rois-dafrique\/#article","isPartOf":{"@id":"https:\/\/7culture.ci\/index.php\/2022\/02\/07\/can-2021-les-lions-de-la-teranga-rois-dafrique\/"},"author":{"name":"7culture2020","@id":"https:\/\/7culture.ci\/#\/schema\/person\/16150d28d7ef66ba788c1f87f28c4426"},"headline":"CAN 2021 : Les Lions de la Teranga, rois d\u2019Afrique","datePublished":"2022-02-07T11:29:15+00:00","dateModified":"2022-02-07T16:35:47+00:00","mainEntityOfPage":{"@id":"https:\/\/7culture.ci\/index.php\/2022\/02\/07\/can-2021-les-lions-de-la-teranga-rois-dafrique\/"},"wordCount":1040,"commentCount":0,"publisher":{"@id":"https:\/\/7culture.ci\/#organization"},"articleSection":["Actualit\u00e9"],"inLanguage":"fr-FR","potentialAction":[{"@type":"CommentAction","name":"Comment","target":["https:\/\/7culture.ci\/index.php\/2022\/02\/07\/can-2021-les-lions-de-la-teranga-rois-dafrique\/#respond"]}]},{"@type":"WebPage","@id":"https:\/\/7culture.ci\/index.php\/2022\/02\/07\/can-2021-les-lions-de-la-teranga-rois-dafrique\/","url":"https:\/\/7culture.ci\/index.php\/2022\/02\/07\/can-2021-les-lions-de-la-teranga-rois-dafrique\/","name":"CAN 2021 : Les Lions de la Teranga, rois d\u2019Afrique -","isPartOf":{"@id":"https:\/\/7culture.ci\/#website"},"datePublished":"2022-02-07T11:29:15+00:00","dateModified":"2022-02-07T16:35:47+00:00","breadcrumb":{"@id":"https:\/\/7culture.ci\/index.php\/2022\/02\/07\/can-2021-les-lions-de-la-teranga-rois-dafrique\/#breadcrumb"},"inLanguage":"fr-FR","potentialAction":[{"@type":"ReadAction","target":["https:\/\/7culture.ci\/index.php\/2022\/02\/07\/can-2021-les-lions-de-la-teranga-rois-dafrique\/"]}]},{"@type":"BreadcrumbList","@id":"https:\/\/7culture.ci\/index.php\/2022\/02\/07\/can-2021-les-lions-de-la-teranga-rois-dafrique\/#breadcrumb","itemListElement":[{"@type":"ListItem","position":1,"name":"Accueil","item":"https:\/\/7culture.ci\/"},{"@type":"ListItem","position":2,"name":"CAN 2021 : Les Lions de la Teranga, rois d\u2019Afrique"}]},{"@type":"WebSite","@id":"https:\/\/7culture.ci\/#website","url":"https:\/\/7culture.ci\/","name":"7culture","description":"Tout sur l&#039;actualit\u00e9","publisher":{"@id":"https:\/\/7culture.ci\/#organization"},"potentialAction":[{"@type":"SearchAction","target":{"@type":"EntryPoint","urlTemplate":"https:\/\/7culture.ci\/?s={search_term_string}"},"query-input":"required name=search_term_string"}],"inLanguage":"fr-FR"},{"@type":"Organization","@id":"https:\/\/7culture.ci\/#organization","name":"7culture","url":"https:\/\/7culture.ci\/","sameAs":["https:\/\/www.facebook.com\/redchefclaude","https:\/\/twitter.com\/7culturec"],"logo":{"@type":"ImageObject","inLanguage":"fr-FR","@id":"https:\/\/7culture.ci\/#\/schema\/logo\/image\/","url":"https:\/\/7culture.ci\/wp-content\/uploads\/2021\/12\/S1a-1.png","contentUrl":"https:\/\/7culture.ci\/wp-content\/uploads\/2021\/12\/S1a-1.png","width":588,"height":192,"caption":"7culture"},"image":{"@id":"https:\/\/7culture.ci\/#\/schema\/logo\/image\/"}},{"@type":"Person","@id":"https:\/\/7culture.ci\/#\/schema\/person\/16150d28d7ef66ba788c1f87f28c4426","name":"7culture2020","image":{"@type":"ImageObject","inLanguage":"fr-FR","@id":"https:\/\/7culture.ci\/#\/schema\/person\/image\/","url":"https:\/\/secure.gravatar.com\/avatar\/9a0784f951306c37bcd065f52844ef95?s=96&d=mm&r=g","contentUrl":"https:\/\/secure.gravatar.com\/avatar\/9a0784f951306c37bcd065f52844ef95?s=96&d=mm&r=g","caption":"7culture2020"},"sameAs":["http:\/\/7culture.ci","Claude.kipre"],"url":"https:\/\/7culture.ci\/index.php\/author\/7culture2020\/"}]}},"jetpack_featured_media_url":"https:\/\/7culture.ci\/wp-content\/uploads\/2022\/02\/Senegal3.jpg","jetpack_likes_enabled":true,"jetpack_sharing_enabled":true,"_links":{"self":[{"href":"https:\/\/7culture.ci\/index.php\/wp-json\/wp\/v2\/posts\/19607"}],"collection":[{"href":"https:\/\/7culture.ci\/index.php\/wp-json\/wp\/v2\/posts"}],"about":[{"href":"https:\/\/7culture.ci\/index.php\/wp-json\/wp\/v2\/types\/post"}],"author":[{"embeddable":true,"href":"https:\/\/7culture.ci\/index.php\/wp-json\/wp\/v2\/users\/1"}],"replies":[{"embeddable":true,"href":"https:\/\/7culture.ci\/index.php\/wp-json\/wp\/v2\/comments?post=19607"}],"version-history":[{"count":0,"href":"https:\/\/7culture.ci\/index.php\/wp-json\/wp\/v2\/posts\/19607\/revisions"}],"wp:featuredmedia":[{"embeddable":true,"href":"https:\/\/7culture.ci\/index.php\/wp-json\/wp\/v2\/media\/19608"}],"wp:attachment":[{"href":"https:\/\/7culture.ci\/index.php\/wp-json\/wp\/v2\/media?parent=19607"}],"wp:term":[{"taxonomy":"category","embeddable":true,"href":"https:\/\/7culture.ci\/index.php\/wp-json\/wp\/v2\/categories?post=19607"},{"taxonomy":"post_tag","embeddable":true,"href":"https:\/\/7culture.ci\/index.php\/wp-json\/wp\/v2\/tags?post=19607"}],"curies":[{"name":"wp","href":"https:\/\/api.w.org\/{rel}","templated":true}]}}