{"id":19514,"date":"2022-01-31T12:52:06","date_gmt":"2022-01-31T11:52:06","guid":{"rendered":"https:\/\/7culture.ci\/?p=19514"},"modified":"2022-01-31T17:06:35","modified_gmt":"2022-01-31T16:06:35","slug":"cote-divoire-tourisme-la-dg-mourad-conde-mise-sur-lhospitalite-ivoirienne","status":"publish","type":"post","link":"https:\/\/7culture.ci\/index.php\/2022\/01\/31\/cote-divoire-tourisme-la-dg-mourad-conde-mise-sur-lhospitalite-ivoirienne\/","title":{"rendered":"C\u00f4te d\u2019Ivoire Tourisme : la DG Mourad-Cond\u00e9 mise sur l\u2019hospitalit\u00e9 ivoirienne"},"content":{"rendered":"\n<p>\u00ab&nbsp;<strong><em>Nous vous donnons notre accord cependant, nous devons terminer le travail sur les actes du Forum qui a r\u00e9uni r\u00e9cemment l\u2019ensemble des faiti\u00e8res et autres acteurs en fin d&#8217;ann\u00e9e 2021 \u00e0 Yamoussoukro. Il faut avoir une base de donn\u00e9es solide. Une fois qu\u2019on aura mis cela en place, les journalistes auront une documentation \u00e0 partir de laquelle ils pourront travailler et faire leurs productions comme il se doit. Nous voulons reconstruire la destination C\u00f4te d\u2018Ivoire \u00e0 partir de l\u2019hospitalit\u00e9, inscrite dans notre hymne national<\/em><\/strong> \u00bb. C\u2019est la nouvelle approche de Mme Mal\u00e9kah Mourad-Cond\u00e9, pour relancer le secteur du tourisme en C\u00f4te d\u2019Ivoire. La Directrice g\u00e9n\u00e9rale de C\u00f4te d\u2019Ivoire Tourisme a fait cette annonce en recevant le R\u00e9seau de la presse touristique et h\u00f4teli\u00e8re de C\u00f4te d\u2019Ivoire (REPTHOCI) le jeudi 27 janvier 2022 de 11h \u00e0 12h20mn \u00e0 la maison de l&#8217;office du tourisme.<\/p>\n\n\n\n<figure class=\"wp-block-image size-full is-resized\"><img loading=\"lazy\" decoding=\"async\" src=\"https:\/\/7culture.ci\/wp-content\/uploads\/2022\/01\/Malekah1.jpg\" alt=\"\" class=\"wp-image-19516\" width=\"518\" height=\"716\" srcset=\"https:\/\/7culture.ci\/wp-content\/uploads\/2022\/01\/Malekah1.jpg 695w, https:\/\/7culture.ci\/wp-content\/uploads\/2022\/01\/Malekah1-217x300.jpg 217w\" sizes=\"(max-width: 518px) 100vw, 518px\" \/><\/figure>\n\n\n\n<p>Comme on le constate, le REPTHOCI continue de tisser sa toile. Le rendez-vous de C\u00f4te d\u2019Ivoire Tourisme est intervenu apr\u00e8s les rencontres qu\u2019il a eues avec le CNT, l\u2019UNJCI, la SPDC et l\u2019ANP. C\u2019est une d\u00e9l\u00e9gation de son bureau national, conduite par son pr\u00e9sident national Serge Amany, journaliste professionnel \u00e0 <em>Le Nouveau r\u00e9veil<\/em>, du vice-pr\u00e9sident Parfait Amani Kra, directeur de <em>Golba com<\/em> et du secr\u00e9taire g\u00e9n\u00e9ral Renaud Djatchi de <em>Les Sentinelles d\u2019Abidjan<\/em>, qui a \u00e9t\u00e9 re\u00e7ue par la patronne de C\u00f4te d\u2019Ivoire Tourisme. L\u2019objectif de la visite \u00e9tait de pr\u00e9senter le R\u00e9seau de la presse touristique et h\u00f4teli\u00e8re de C\u00f4te d\u2019Ivoire (REPTHOCI) en vue de jeter les bases d\u2019un partenariat entre ladite institution et l\u2019ensemble des m\u00e9dias r\u00e9unis au sein du REPTHOCI. Dans les \u00e9changes, plusieurs points ont \u00e9t\u00e9 abord\u00e9s \u00e0 savoir le projet de s\u00e9minaire de renforcement de capacit\u00e9s des journalistes sur la th\u00e9matique du tourisme, le projet de si\u00e8ge du REPTHOCI, la n\u00e9cessit\u00e9 de la reconstruction des leviers de promotion de la destination C\u00f4te d\u2019Ivoire, l\u2019identification de nouvelles niches et produits d\u2019appel, la n\u00e9cessit\u00e9 pour l\u2019administration et les acteurs du secteur d\u2019harmoniser leurs points de vue et regarder dans la m\u00eame direction pour plus d\u2019efficacit\u00e9. A l\u2019issue de cette importante rencontre, Mme Mal\u00e9kah Mourad-Cond\u00e9 a vivement salu\u00e9 la d\u00e9marche du REPTHOCI et f\u00e9licit\u00e9 le bureau pour cette prise de conscience de la n\u00e9cessit\u00e9 de repenser et r\u00e9orienter la promotion de la destination C\u00f4te d\u2019Ivoire par une approche scientifique et l\u2019identification de strat\u00e9gie en fonction des diff\u00e9rentes cibles dont les enfants, les jeunes, les jeunes couples, les jeunes adultes et les adultes.<\/p>\n\n\n\n<div class=\"wp-block-image\"><figure class=\"aligncenter size-large is-resized\"><img loading=\"lazy\" decoding=\"async\" src=\"https:\/\/7culture.ci\/wp-content\/uploads\/2022\/01\/Malekah2-1024x678.jpg\" alt=\"\" class=\"wp-image-19517\" width=\"745\" height=\"493\" srcset=\"https:\/\/7culture.ci\/wp-content\/uploads\/2022\/01\/Malekah2-1024x678.jpg 1024w, https:\/\/7culture.ci\/wp-content\/uploads\/2022\/01\/Malekah2-300x199.jpg 300w, https:\/\/7culture.ci\/wp-content\/uploads\/2022\/01\/Malekah2-768x509.jpg 768w, https:\/\/7culture.ci\/wp-content\/uploads\/2022\/01\/Malekah2-1536x1017.jpg 1536w, https:\/\/7culture.ci\/wp-content\/uploads\/2022\/01\/Malekah2.jpg 1848w\" sizes=\"(max-width: 745px) 100vw, 745px\" \/><\/figure><\/div>\n\n\n\n<p>Le REPTHOCI a profit\u00e9 de cette visite pour solliciter le soutien de la directrice g\u00e9n\u00e9rale de C\u00f4te d\u2019Ivoire Tourisme pour le s\u00e9minaire de renforcement de capacit\u00e9 qu\u2019il organise bient\u00f4t. Celle-ci a donn\u00e9 son accord de principe. Selon la responsable de C\u00f4te d\u2019Ivoire tourisme, son d\u00e9partement est en train de r\u00e9aliser une documentation historique, fouill\u00e9e et structur\u00e9e sur les sites touristiques conform\u00e9ment aux recommandations de Yamoussoukro.<\/p>\n\n\n\n<p>Par Omar AK<\/p>\n","protected":false},"excerpt":{"rendered":"<p>\u00ab&nbsp;Nous vous donnons notre accord cependant, nous devons terminer le travail sur les actes du Forum qui a r\u00e9uni r\u00e9cemment l\u2019ensemble des faiti\u00e8res et autres acteurs en fin d&#8217;ann\u00e9e 2021 \u00e0 Yamoussoukro. Il faut avoir une base de donn\u00e9es solide. Une fois qu\u2019on aura mis cela en place, les journalistes auront une documentation \u00e0 partir &hellip;<\/p>\n<p class=\"read-more\"> <a class=\"\" href=\"https:\/\/7culture.ci\/index.php\/2022\/01\/31\/cote-divoire-tourisme-la-dg-mourad-conde-mise-sur-lhospitalite-ivoirienne\/\"> <span class=\"screen-reader-text\">C\u00f4te d\u2019Ivoire Tourisme : la DG Mourad-Cond\u00e9 mise sur l\u2019hospitalit\u00e9 ivoirienne<\/span> Lire la suite\u00a0\u00bb<\/a><\/p>\n","protected":false},"author":1,"featured_media":19515,"comment_status":"open","ping_status":"open","sticky":false,"template":"","format":"standard","meta":{"_mi_skip_tracking":false,"_monsterinsights_sitenote_active":false,"_monsterinsights_sitenote_note":"","_monsterinsights_sitenote_category":0,"site-sidebar-layout":"default","site-content-layout":"default","ast-global-header-display":"","ast-main-header-display":"","ast-hfb-above-header-display":"","ast-hfb-below-header-display":"","ast-hfb-mobile-header-display":"","site-post-title":"","ast-breadcrumbs-content":"","ast-featured-img":"","footer-sml-layout":"","theme-transparent-header-meta":"","adv-header-id-meta":"","stick-header-meta":"","header-above-stick-meta":"","header-main-stick-meta":"","header-below-stick-meta":"","footnotes":"","jetpack_publicize_message":"","jetpack_is_tweetstorm":false,"jetpack_publicize_feature_enabled":true},"categories":[33],"tags":[],"jetpack_publicize_connections":[],"acf":[],"aioseo_notices":[],"yoast_head":"<!-- This site is optimized with the Yoast SEO plugin v19.6.1 - https:\/\/yoast.com\/wordpress\/plugins\/seo\/ -->\n<title>C\u00f4te d\u2019Ivoire Tourisme : la DG Mourad-Cond\u00e9 mise sur l\u2019hospitalit\u00e9 ivoirienne - 7culture<\/title>\n<meta name=\"robots\" content=\"index, follow, max-snippet:-1, max-image-preview:large, max-video-preview:-1\" \/>\n<link rel=\"canonical\" href=\"https:\/\/7culture.ci\/index.php\/2022\/01\/31\/cote-divoire-tourisme-la-dg-mourad-conde-mise-sur-lhospitalite-ivoirienne\/\" \/>\n<meta property=\"og:locale\" content=\"fr_FR\" \/>\n<meta property=\"og:type\" content=\"article\" \/>\n<meta property=\"og:title\" content=\"C\u00f4te d\u2019Ivoire Tourisme : la DG Mourad-Cond\u00e9 mise sur l\u2019hospitalit\u00e9 ivoirienne - 7culture\" \/>\n<meta property=\"og:description\" content=\"\u00ab&nbsp;Nous vous donnons notre accord cependant, nous devons terminer le travail sur les actes du Forum qui a r\u00e9uni r\u00e9cemment l\u2019ensemble des faiti\u00e8res et autres acteurs en fin d&#8217;ann\u00e9e 2021 \u00e0 Yamoussoukro. Il faut avoir une base de donn\u00e9es solide. Une fois qu\u2019on aura mis cela en place, les journalistes auront une documentation \u00e0 partir &hellip; C\u00f4te d\u2019Ivoire Tourisme : la DG Mourad-Cond\u00e9 mise sur l\u2019hospitalit\u00e9 ivoirienne Lire la suite\u00a0\u00bb\" \/>\n<meta property=\"og:url\" content=\"https:\/\/7culture.ci\/index.php\/2022\/01\/31\/cote-divoire-tourisme-la-dg-mourad-conde-mise-sur-lhospitalite-ivoirienne\/\" \/>\n<meta property=\"og:site_name\" content=\"7culture\" \/>\n<meta property=\"article:publisher\" content=\"https:\/\/www.facebook.com\/redchefclaude\" \/>\n<meta property=\"article:published_time\" content=\"2022-01-31T11:52:06+00:00\" \/>\n<meta property=\"article:modified_time\" content=\"2022-01-31T16:06:35+00:00\" \/>\n<meta property=\"og:image\" content=\"http:\/\/7culture.ci\/wp-content\/uploads\/2022\/01\/Photo-Malekah-et-Repthoci.jpg\" \/>\n\t<meta property=\"og:image:width\" content=\"1080\" \/>\n\t<meta property=\"og:image:height\" content=\"608\" \/>\n\t<meta property=\"og:image:type\" content=\"image\/jpeg\" \/>\n<meta name=\"author\" content=\"7culture2020\" \/>\n<meta name=\"twitter:card\" content=\"summary_large_image\" \/>\n<meta name=\"twitter:creator\" content=\"@7culturec\" \/>\n<meta name=\"twitter:site\" content=\"@7culturec\" \/>\n<meta name=\"twitter:label1\" content=\"\u00c9crit par\" \/>\n\t<meta name=\"twitter:data1\" content=\"7culture2020\" \/>\n\t<meta name=\"twitter:label2\" content=\"Dur\u00e9e de lecture estim\u00e9e\" \/>\n\t<meta name=\"twitter:data2\" content=\"3 minutes\" \/>\n<script type=\"application\/ld+json\" class=\"yoast-schema-graph\">{\"@context\":\"https:\/\/schema.org\",\"@graph\":[{\"@type\":\"Article\",\"@id\":\"https:\/\/7culture.ci\/index.php\/2022\/01\/31\/cote-divoire-tourisme-la-dg-mourad-conde-mise-sur-lhospitalite-ivoirienne\/#article\",\"isPartOf\":{\"@id\":\"https:\/\/7culture.ci\/index.php\/2022\/01\/31\/cote-divoire-tourisme-la-dg-mourad-conde-mise-sur-lhospitalite-ivoirienne\/\"},\"author\":{\"name\":\"7culture2020\",\"@id\":\"https:\/\/7culture.ci\/#\/schema\/person\/16150d28d7ef66ba788c1f87f28c4426\"},\"headline\":\"C\u00f4te d\u2019Ivoire Tourisme : la DG Mourad-Cond\u00e9 mise sur l\u2019hospitalit\u00e9 ivoirienne\",\"datePublished\":\"2022-01-31T11:52:06+00:00\",\"dateModified\":\"2022-01-31T16:06:35+00:00\",\"mainEntityOfPage\":{\"@id\":\"https:\/\/7culture.ci\/index.php\/2022\/01\/31\/cote-divoire-tourisme-la-dg-mourad-conde-mise-sur-lhospitalite-ivoirienne\/\"},\"wordCount\":571,\"commentCount\":0,\"publisher\":{\"@id\":\"https:\/\/7culture.ci\/#organization\"},\"articleSection\":[\"M\u00e9dia\"],\"inLanguage\":\"fr-FR\",\"potentialAction\":[{\"@type\":\"CommentAction\",\"name\":\"Comment\",\"target\":[\"https:\/\/7culture.ci\/index.php\/2022\/01\/31\/cote-divoire-tourisme-la-dg-mourad-conde-mise-sur-lhospitalite-ivoirienne\/#respond\"]}]},{\"@type\":\"WebPage\",\"@id\":\"https:\/\/7culture.ci\/index.php\/2022\/01\/31\/cote-divoire-tourisme-la-dg-mourad-conde-mise-sur-lhospitalite-ivoirienne\/\",\"url\":\"https:\/\/7culture.ci\/index.php\/2022\/01\/31\/cote-divoire-tourisme-la-dg-mourad-conde-mise-sur-lhospitalite-ivoirienne\/\",\"name\":\"C\u00f4te d\u2019Ivoire Tourisme : la DG Mourad-Cond\u00e9 mise sur l\u2019hospitalit\u00e9 ivoirienne - 7culture\",\"isPartOf\":{\"@id\":\"https:\/\/7culture.ci\/#website\"},\"datePublished\":\"2022-01-31T11:52:06+00:00\",\"dateModified\":\"2022-01-31T16:06:35+00:00\",\"breadcrumb\":{\"@id\":\"https:\/\/7culture.ci\/index.php\/2022\/01\/31\/cote-divoire-tourisme-la-dg-mourad-conde-mise-sur-lhospitalite-ivoirienne\/#breadcrumb\"},\"inLanguage\":\"fr-FR\",\"potentialAction\":[{\"@type\":\"ReadAction\",\"target\":[\"https:\/\/7culture.ci\/index.php\/2022\/01\/31\/cote-divoire-tourisme-la-dg-mourad-conde-mise-sur-lhospitalite-ivoirienne\/\"]}]},{\"@type\":\"BreadcrumbList\",\"@id\":\"https:\/\/7culture.ci\/index.php\/2022\/01\/31\/cote-divoire-tourisme-la-dg-mourad-conde-mise-sur-lhospitalite-ivoirienne\/#breadcrumb\",\"itemListElement\":[{\"@type\":\"ListItem\",\"position\":1,\"name\":\"Accueil\",\"item\":\"https:\/\/7culture.ci\/\"},{\"@type\":\"ListItem\",\"position\":2,\"name\":\"C\u00f4te d\u2019Ivoire Tourisme : la DG Mourad-Cond\u00e9 mise sur l\u2019hospitalit\u00e9 ivoirienne\"}]},{\"@type\":\"WebSite\",\"@id\":\"https:\/\/7culture.ci\/#website\",\"url\":\"https:\/\/7culture.ci\/\",\"name\":\"7culture\",\"description\":\"Tout sur l&#039;actualit\u00e9\",\"publisher\":{\"@id\":\"https:\/\/7culture.ci\/#organization\"},\"potentialAction\":[{\"@type\":\"SearchAction\",\"target\":{\"@type\":\"EntryPoint\",\"urlTemplate\":\"https:\/\/7culture.ci\/?s={search_term_string}\"},\"query-input\":\"required name=search_term_string\"}],\"inLanguage\":\"fr-FR\"},{\"@type\":\"Organization\",\"@id\":\"https:\/\/7culture.ci\/#organization\",\"name\":\"7culture\",\"url\":\"https:\/\/7culture.ci\/\",\"sameAs\":[\"https:\/\/www.facebook.com\/redchefclaude\",\"https:\/\/twitter.com\/7culturec\"],\"logo\":{\"@type\":\"ImageObject\",\"inLanguage\":\"fr-FR\",\"@id\":\"https:\/\/7culture.ci\/#\/schema\/logo\/image\/\",\"url\":\"https:\/\/7culture.ci\/wp-content\/uploads\/2021\/12\/S1a-1.png\",\"contentUrl\":\"https:\/\/7culture.ci\/wp-content\/uploads\/2021\/12\/S1a-1.png\",\"width\":588,\"height\":192,\"caption\":\"7culture\"},\"image\":{\"@id\":\"https:\/\/7culture.ci\/#\/schema\/logo\/image\/\"}},{\"@type\":\"Person\",\"@id\":\"https:\/\/7culture.ci\/#\/schema\/person\/16150d28d7ef66ba788c1f87f28c4426\",\"name\":\"7culture2020\",\"image\":{\"@type\":\"ImageObject\",\"inLanguage\":\"fr-FR\",\"@id\":\"https:\/\/7culture.ci\/#\/schema\/person\/image\/\",\"url\":\"https:\/\/secure.gravatar.com\/avatar\/9a0784f951306c37bcd065f52844ef95?s=96&d=mm&r=g\",\"contentUrl\":\"https:\/\/secure.gravatar.com\/avatar\/9a0784f951306c37bcd065f52844ef95?s=96&d=mm&r=g\",\"caption\":\"7culture2020\"},\"sameAs\":[\"http:\/\/7culture.ci\",\"Claude.kipre\"],\"url\":\"https:\/\/7culture.ci\/index.php\/author\/7culture2020\/\"}]}<\/script>\n<!-- \/ Yoast SEO plugin. -->","yoast_head_json":{"title":"C\u00f4te d\u2019Ivoire Tourisme : la DG Mourad-Cond\u00e9 mise sur l\u2019hospitalit\u00e9 ivoirienne - 7culture","robots":{"index":"index","follow":"follow","max-snippet":"max-snippet:-1","max-image-preview":"max-image-preview:large","max-video-preview":"max-video-preview:-1"},"canonical":"https:\/\/7culture.ci\/index.php\/2022\/01\/31\/cote-divoire-tourisme-la-dg-mourad-conde-mise-sur-lhospitalite-ivoirienne\/","og_locale":"fr_FR","og_type":"article","og_title":"C\u00f4te d\u2019Ivoire Tourisme : la DG Mourad-Cond\u00e9 mise sur l\u2019hospitalit\u00e9 ivoirienne - 7culture","og_description":"\u00ab&nbsp;Nous vous donnons notre accord cependant, nous devons terminer le travail sur les actes du Forum qui a r\u00e9uni r\u00e9cemment l\u2019ensemble des faiti\u00e8res et autres acteurs en fin d&#8217;ann\u00e9e 2021 \u00e0 Yamoussoukro. Il faut avoir une base de donn\u00e9es solide. Une fois qu\u2019on aura mis cela en place, les journalistes auront une documentation \u00e0 partir &hellip; C\u00f4te d\u2019Ivoire Tourisme : la DG Mourad-Cond\u00e9 mise sur l\u2019hospitalit\u00e9 ivoirienne Lire la suite\u00a0\u00bb","og_url":"https:\/\/7culture.ci\/index.php\/2022\/01\/31\/cote-divoire-tourisme-la-dg-mourad-conde-mise-sur-lhospitalite-ivoirienne\/","og_site_name":"7culture","article_publisher":"https:\/\/www.facebook.com\/redchefclaude","article_published_time":"2022-01-31T11:52:06+00:00","article_modified_time":"2022-01-31T16:06:35+00:00","og_image":[{"width":1080,"height":608,"url":"http:\/\/7culture.ci\/wp-content\/uploads\/2022\/01\/Photo-Malekah-et-Repthoci.jpg","type":"image\/jpeg"}],"author":"7culture2020","twitter_card":"summary_large_image","twitter_creator":"@7culturec","twitter_site":"@7culturec","twitter_misc":{"\u00c9crit par":"7culture2020","Dur\u00e9e de lecture estim\u00e9e":"3 minutes"},"schema":{"@context":"https:\/\/schema.org","@graph":[{"@type":"Article","@id":"https:\/\/7culture.ci\/index.php\/2022\/01\/31\/cote-divoire-tourisme-la-dg-mourad-conde-mise-sur-lhospitalite-ivoirienne\/#article","isPartOf":{"@id":"https:\/\/7culture.ci\/index.php\/2022\/01\/31\/cote-divoire-tourisme-la-dg-mourad-conde-mise-sur-lhospitalite-ivoirienne\/"},"author":{"name":"7culture2020","@id":"https:\/\/7culture.ci\/#\/schema\/person\/16150d28d7ef66ba788c1f87f28c4426"},"headline":"C\u00f4te d\u2019Ivoire Tourisme : la DG Mourad-Cond\u00e9 mise sur l\u2019hospitalit\u00e9 ivoirienne","datePublished":"2022-01-31T11:52:06+00:00","dateModified":"2022-01-31T16:06:35+00:00","mainEntityOfPage":{"@id":"https:\/\/7culture.ci\/index.php\/2022\/01\/31\/cote-divoire-tourisme-la-dg-mourad-conde-mise-sur-lhospitalite-ivoirienne\/"},"wordCount":571,"commentCount":0,"publisher":{"@id":"https:\/\/7culture.ci\/#organization"},"articleSection":["M\u00e9dia"],"inLanguage":"fr-FR","potentialAction":[{"@type":"CommentAction","name":"Comment","target":["https:\/\/7culture.ci\/index.php\/2022\/01\/31\/cote-divoire-tourisme-la-dg-mourad-conde-mise-sur-lhospitalite-ivoirienne\/#respond"]}]},{"@type":"WebPage","@id":"https:\/\/7culture.ci\/index.php\/2022\/01\/31\/cote-divoire-tourisme-la-dg-mourad-conde-mise-sur-lhospitalite-ivoirienne\/","url":"https:\/\/7culture.ci\/index.php\/2022\/01\/31\/cote-divoire-tourisme-la-dg-mourad-conde-mise-sur-lhospitalite-ivoirienne\/","name":"C\u00f4te d\u2019Ivoire Tourisme : la DG Mourad-Cond\u00e9 mise sur l\u2019hospitalit\u00e9 ivoirienne - 7culture","isPartOf":{"@id":"https:\/\/7culture.ci\/#website"},"datePublished":"2022-01-31T11:52:06+00:00","dateModified":"2022-01-31T16:06:35+00:00","breadcrumb":{"@id":"https:\/\/7culture.ci\/index.php\/2022\/01\/31\/cote-divoire-tourisme-la-dg-mourad-conde-mise-sur-lhospitalite-ivoirienne\/#breadcrumb"},"inLanguage":"fr-FR","potentialAction":[{"@type":"ReadAction","target":["https:\/\/7culture.ci\/index.php\/2022\/01\/31\/cote-divoire-tourisme-la-dg-mourad-conde-mise-sur-lhospitalite-ivoirienne\/"]}]},{"@type":"BreadcrumbList","@id":"https:\/\/7culture.ci\/index.php\/2022\/01\/31\/cote-divoire-tourisme-la-dg-mourad-conde-mise-sur-lhospitalite-ivoirienne\/#breadcrumb","itemListElement":[{"@type":"ListItem","position":1,"name":"Accueil","item":"https:\/\/7culture.ci\/"},{"@type":"ListItem","position":2,"name":"C\u00f4te d\u2019Ivoire Tourisme : la DG Mourad-Cond\u00e9 mise sur l\u2019hospitalit\u00e9 ivoirienne"}]},{"@type":"WebSite","@id":"https:\/\/7culture.ci\/#website","url":"https:\/\/7culture.ci\/","name":"7culture","description":"Tout sur l&#039;actualit\u00e9","publisher":{"@id":"https:\/\/7culture.ci\/#organization"},"potentialAction":[{"@type":"SearchAction","target":{"@type":"EntryPoint","urlTemplate":"https:\/\/7culture.ci\/?s={search_term_string}"},"query-input":"required name=search_term_string"}],"inLanguage":"fr-FR"},{"@type":"Organization","@id":"https:\/\/7culture.ci\/#organization","name":"7culture","url":"https:\/\/7culture.ci\/","sameAs":["https:\/\/www.facebook.com\/redchefclaude","https:\/\/twitter.com\/7culturec"],"logo":{"@type":"ImageObject","inLanguage":"fr-FR","@id":"https:\/\/7culture.ci\/#\/schema\/logo\/image\/","url":"https:\/\/7culture.ci\/wp-content\/uploads\/2021\/12\/S1a-1.png","contentUrl":"https:\/\/7culture.ci\/wp-content\/uploads\/2021\/12\/S1a-1.png","width":588,"height":192,"caption":"7culture"},"image":{"@id":"https:\/\/7culture.ci\/#\/schema\/logo\/image\/"}},{"@type":"Person","@id":"https:\/\/7culture.ci\/#\/schema\/person\/16150d28d7ef66ba788c1f87f28c4426","name":"7culture2020","image":{"@type":"ImageObject","inLanguage":"fr-FR","@id":"https:\/\/7culture.ci\/#\/schema\/person\/image\/","url":"https:\/\/secure.gravatar.com\/avatar\/9a0784f951306c37bcd065f52844ef95?s=96&d=mm&r=g","contentUrl":"https:\/\/secure.gravatar.com\/avatar\/9a0784f951306c37bcd065f52844ef95?s=96&d=mm&r=g","caption":"7culture2020"},"sameAs":["http:\/\/7culture.ci","Claude.kipre"],"url":"https:\/\/7culture.ci\/index.php\/author\/7culture2020\/"}]}},"jetpack_featured_media_url":"https:\/\/7culture.ci\/wp-content\/uploads\/2022\/01\/Photo-Malekah-et-Repthoci.jpg","jetpack_likes_enabled":true,"jetpack_sharing_enabled":true,"_links":{"self":[{"href":"https:\/\/7culture.ci\/index.php\/wp-json\/wp\/v2\/posts\/19514"}],"collection":[{"href":"https:\/\/7culture.ci\/index.php\/wp-json\/wp\/v2\/posts"}],"about":[{"href":"https:\/\/7culture.ci\/index.php\/wp-json\/wp\/v2\/types\/post"}],"author":[{"embeddable":true,"href":"https:\/\/7culture.ci\/index.php\/wp-json\/wp\/v2\/users\/1"}],"replies":[{"embeddable":true,"href":"https:\/\/7culture.ci\/index.php\/wp-json\/wp\/v2\/comments?post=19514"}],"version-history":[{"count":0,"href":"https:\/\/7culture.ci\/index.php\/wp-json\/wp\/v2\/posts\/19514\/revisions"}],"wp:featuredmedia":[{"embeddable":true,"href":"https:\/\/7culture.ci\/index.php\/wp-json\/wp\/v2\/media\/19515"}],"wp:attachment":[{"href":"https:\/\/7culture.ci\/index.php\/wp-json\/wp\/v2\/media?parent=19514"}],"wp:term":[{"taxonomy":"category","embeddable":true,"href":"https:\/\/7culture.ci\/index.php\/wp-json\/wp\/v2\/categories?post=19514"},{"taxonomy":"post_tag","embeddable":true,"href":"https:\/\/7culture.ci\/index.php\/wp-json\/wp\/v2\/tags?post=19514"}],"curies":[{"name":"wp","href":"https:\/\/api.w.org\/{rel}","templated":true}]}}