{"id":19500,"date":"2022-01-29T16:32:33","date_gmt":"2022-01-29T15:32:33","guid":{"rendered":"https:\/\/7culture.ci\/?p=19500"},"modified":"2022-01-29T16:32:35","modified_gmt":"2022-01-29T15:32:35","slug":"celine-dion-une-depression-serait-a-lorigine-de-ses-problemes-de-sante","status":"publish","type":"post","link":"https:\/\/7culture.ci\/index.php\/2022\/01\/29\/celine-dion-une-depression-serait-a-lorigine-de-ses-problemes-de-sante\/","title":{"rendered":"C\u00e9line Dion : une d\u00e9pression serait \u00e0 l\u2019origine de ses probl\u00e8mes de sant\u00e9"},"content":{"rendered":"\n<p><strong><em>Alors que la chanteuse C\u00e9line Dion est toujours en convalescence, sa biographe s\u2019exprime sur le mal dont elle souffre.<\/em><\/strong><\/p>\n\n\n\n<p>En octobre dernier, C\u00e9line Dion annon\u00e7ait l\u2019annulation de plusieurs dates de sa tourn\u00e9e pr\u00e9vues en novembre. La star canadienne \u00e9tait dans l\u2019incapacit\u00e9 d\u2019assurer ses shows. En effet, l\u2019interpr\u00e8te de \u2018<em>\u2019My Heart Will Go On<\/em>\u2019\u2019 souffre de \u00ab <strong><em>spasmes musculaires persistants<\/em><\/strong> \u00bb comme l\u2019explique sa s\u0153ur Claudette Dion qui prendra plusieurs fois la parole pour tenter de rassurer le public. Malgr\u00e9 ses mots, les fans s\u2019inqui\u00e8tent et l\u2019entourage de la diva aussi. Un de ses proches affirme en novembre dernier, au magazine <em>Voici<\/em>, que la douleur de la chanteuse \u00ab <strong><em>la paralyse<\/em><\/strong> \u00bb et que cette derni\u00e8re \u00ab <strong><em>ne peut plus se lever de son lit<\/em><\/strong> \u00bb.<\/p>\n\n\n\n<div class=\"wp-block-image\"><figure class=\"aligncenter size-large is-resized\"><img loading=\"lazy\" decoding=\"async\" src=\"https:\/\/7culture.ci\/wp-content\/uploads\/2022\/01\/Celine-Dion2-1024x716.jpg\" alt=\"\" class=\"wp-image-19502\" width=\"572\" height=\"400\" srcset=\"https:\/\/7culture.ci\/wp-content\/uploads\/2022\/01\/Celine-Dion2-1024x716.jpg 1024w, https:\/\/7culture.ci\/wp-content\/uploads\/2022\/01\/Celine-Dion2-300x210.jpg 300w, https:\/\/7culture.ci\/wp-content\/uploads\/2022\/01\/Celine-Dion2-768x537.jpg 768w, https:\/\/7culture.ci\/wp-content\/uploads\/2022\/01\/Celine-Dion2.jpg 1287w\" sizes=\"(max-width: 572px) 100vw, 572px\" \/><\/figure><\/div>\n\n\n\n<p><strong>\u00ab CE QUI LUI ARRIVE EST TOTALEMENT PSYCHOSOMATIQUE<\/strong> \u00bb Alors que C\u00e9line Dion a pris la parole le 15 janvier dernier pour annoncer l\u2019annulation des derni\u00e8res dates de sa tourn\u00e9e nord-am\u00e9ricaine, sa biographe Elisabeth Reynaud s\u2019est confi\u00e9e au m\u00e9dia belge <em>Cin\u00e9 T\u00e9l\u00e9 Revue<\/em>. Elle explique que les probl\u00e8mes de sant\u00e9 de la star sont, selon elle, les cons\u00e9quences de plusieurs chocs \u00e9motionnels. \u00ab <strong><em>Elle a eu une tr\u00e8s grosse d\u00e9pression \u00e0 la mort de Ren\u00e9, en 2016, et ensuite, en 2020, \u00e0 la mort de sa m\u00e8re. La disparition de Ren\u00e9, m\u00eame si elle \u00e9tait pr\u00e9visible, a \u00e9t\u00e9 un choc, c\u2019\u00e9tait l\u2019homme de sa vie, qu\u2019elle connaissait depuis ses 13 ans, et l\u00e0-dessus est arriv\u00e9e une deuxi\u00e8me couche avec le d\u00e9c\u00e8s de sa maman. C\u2019\u00e9taient les deux piliers de sa vie<\/em><\/strong> \u00bb, raconte-t-elle. Selon Elisabeth Reynaud, cette d\u00e9pression serait la source de ses troubles physiques. Elle ajoute : \u00ab <strong><em>J\u2019ai l\u2019habitude de dire que C\u00e9line est une superstar, mais pas une superwoman. Ce qui lui arrive est totalement psychosomatique apr\u00e8s ces deux deuils, auxquels s\u2019est ajout\u00e9 le stress caus\u00e9 par la pand\u00e9mie. C\u00e9line a toujours \u00e9t\u00e9 obs\u00e9d\u00e9e par la conservation de sa voix. Elle a toujours craint le moindre courant d\u2019air, le moindre rhume.<\/em><\/strong> \u00bb Lorsque le journaliste lui demande si elle craint pour l\u2019avenir de l\u2019artiste, sa biographe r\u00e9pond : \u00ab la suite <strong><a href=\"https:\/\/www.elle.fr\/People\/La-vie-des-people\/News\/Celine-Dion-une-depression-serait-a-l-origine-de-ses-problemes-de-sante-3985181\">ICI.<\/a><\/strong><\/p>\n","protected":false},"excerpt":{"rendered":"<p>Alors que la chanteuse C\u00e9line Dion est toujours en convalescence, sa biographe s\u2019exprime sur le mal dont elle souffre. En octobre dernier, C\u00e9line Dion annon\u00e7ait l\u2019annulation de plusieurs dates de sa tourn\u00e9e pr\u00e9vues en novembre. La star canadienne \u00e9tait dans l\u2019incapacit\u00e9 d\u2019assurer ses shows. En effet, l\u2019interpr\u00e8te de \u2018\u2019My Heart Will Go On\u2019\u2019 souffre de &hellip;<\/p>\n<p class=\"read-more\"> <a class=\"\" href=\"https:\/\/7culture.ci\/index.php\/2022\/01\/29\/celine-dion-une-depression-serait-a-lorigine-de-ses-problemes-de-sante\/\"> <span class=\"screen-reader-text\">C\u00e9line Dion : une d\u00e9pression serait \u00e0 l\u2019origine de ses probl\u00e8mes de sant\u00e9<\/span> Lire la suite\u00a0\u00bb<\/a><\/p>\n","protected":false},"author":1,"featured_media":19501,"comment_status":"open","ping_status":"open","sticky":false,"template":"","format":"standard","meta":{"_mi_skip_tracking":false,"_monsterinsights_sitenote_active":false,"_monsterinsights_sitenote_note":"","_monsterinsights_sitenote_category":0,"site-sidebar-layout":"default","site-content-layout":"default","ast-global-header-display":"","ast-main-header-display":"","ast-hfb-above-header-display":"","ast-hfb-below-header-display":"","ast-hfb-mobile-header-display":"","site-post-title":"","ast-breadcrumbs-content":"","ast-featured-img":"","footer-sml-layout":"","theme-transparent-header-meta":"","adv-header-id-meta":"","stick-header-meta":"","header-above-stick-meta":"","header-main-stick-meta":"","header-below-stick-meta":"","footnotes":"","jetpack_publicize_message":"","jetpack_is_tweetstorm":false,"jetpack_publicize_feature_enabled":true},"categories":[22],"tags":[],"jetpack_publicize_connections":[],"acf":[],"aioseo_notices":[],"yoast_head":"<!-- This site is optimized with the Yoast SEO plugin v19.6.1 - https:\/\/yoast.com\/wordpress\/plugins\/seo\/ -->\n<title>C\u00e9line Dion : une d\u00e9pression serait \u00e0 l\u2019origine de ses probl\u00e8mes de sant\u00e9 - 7culture<\/title>\n<meta name=\"robots\" content=\"index, follow, max-snippet:-1, max-image-preview:large, max-video-preview:-1\" \/>\n<link rel=\"canonical\" href=\"https:\/\/7culture.ci\/index.php\/2022\/01\/29\/celine-dion-une-depression-serait-a-lorigine-de-ses-problemes-de-sante\/\" \/>\n<meta property=\"og:locale\" content=\"fr_FR\" \/>\n<meta property=\"og:type\" content=\"article\" \/>\n<meta property=\"og:title\" content=\"C\u00e9line Dion : une d\u00e9pression serait \u00e0 l\u2019origine de ses probl\u00e8mes de sant\u00e9 - 7culture\" \/>\n<meta property=\"og:description\" content=\"Alors que la chanteuse C\u00e9line Dion est toujours en convalescence, sa biographe s\u2019exprime sur le mal dont elle souffre. En octobre dernier, C\u00e9line Dion annon\u00e7ait l\u2019annulation de plusieurs dates de sa tourn\u00e9e pr\u00e9vues en novembre. La star canadienne \u00e9tait dans l\u2019incapacit\u00e9 d\u2019assurer ses shows. En effet, l\u2019interpr\u00e8te de \u2018\u2019My Heart Will Go On\u2019\u2019 souffre de &hellip; C\u00e9line Dion : une d\u00e9pression serait \u00e0 l\u2019origine de ses probl\u00e8mes de sant\u00e9 Lire la suite\u00a0\u00bb\" \/>\n<meta property=\"og:url\" content=\"https:\/\/7culture.ci\/index.php\/2022\/01\/29\/celine-dion-une-depression-serait-a-lorigine-de-ses-problemes-de-sante\/\" \/>\n<meta property=\"og:site_name\" content=\"7culture\" \/>\n<meta property=\"article:publisher\" content=\"https:\/\/www.facebook.com\/redchefclaude\" \/>\n<meta property=\"article:published_time\" content=\"2022-01-29T15:32:33+00:00\" \/>\n<meta property=\"article:modified_time\" content=\"2022-01-29T15:32:35+00:00\" \/>\n<meta property=\"og:image\" content=\"http:\/\/7culture.ci\/wp-content\/uploads\/2022\/01\/Celine-Dion1.jpg\" \/>\n\t<meta property=\"og:image:width\" content=\"625\" \/>\n\t<meta property=\"og:image:height\" content=\"625\" \/>\n\t<meta property=\"og:image:type\" content=\"image\/jpeg\" \/>\n<meta name=\"author\" content=\"7culture2020\" \/>\n<meta name=\"twitter:card\" content=\"summary_large_image\" \/>\n<meta name=\"twitter:creator\" content=\"@7culturec\" \/>\n<meta name=\"twitter:site\" content=\"@7culturec\" \/>\n<meta name=\"twitter:label1\" content=\"\u00c9crit par\" \/>\n\t<meta name=\"twitter:data1\" content=\"7culture2020\" \/>\n\t<meta name=\"twitter:label2\" content=\"Dur\u00e9e de lecture estim\u00e9e\" \/>\n\t<meta name=\"twitter:data2\" content=\"2 minutes\" \/>\n<script type=\"application\/ld+json\" class=\"yoast-schema-graph\">{\"@context\":\"https:\/\/schema.org\",\"@graph\":[{\"@type\":\"Article\",\"@id\":\"https:\/\/7culture.ci\/index.php\/2022\/01\/29\/celine-dion-une-depression-serait-a-lorigine-de-ses-problemes-de-sante\/#article\",\"isPartOf\":{\"@id\":\"https:\/\/7culture.ci\/index.php\/2022\/01\/29\/celine-dion-une-depression-serait-a-lorigine-de-ses-problemes-de-sante\/\"},\"author\":{\"name\":\"7culture2020\",\"@id\":\"https:\/\/7culture.ci\/#\/schema\/person\/16150d28d7ef66ba788c1f87f28c4426\"},\"headline\":\"C\u00e9line Dion : une d\u00e9pression serait \u00e0 l\u2019origine de ses probl\u00e8mes de sant\u00e9\",\"datePublished\":\"2022-01-29T15:32:33+00:00\",\"dateModified\":\"2022-01-29T15:32:35+00:00\",\"mainEntityOfPage\":{\"@id\":\"https:\/\/7culture.ci\/index.php\/2022\/01\/29\/celine-dion-une-depression-serait-a-lorigine-de-ses-problemes-de-sante\/\"},\"wordCount\":400,\"commentCount\":0,\"publisher\":{\"@id\":\"https:\/\/7culture.ci\/#organization\"},\"articleSection\":[\"Actualit\u00e9\"],\"inLanguage\":\"fr-FR\",\"potentialAction\":[{\"@type\":\"CommentAction\",\"name\":\"Comment\",\"target\":[\"https:\/\/7culture.ci\/index.php\/2022\/01\/29\/celine-dion-une-depression-serait-a-lorigine-de-ses-problemes-de-sante\/#respond\"]}]},{\"@type\":\"WebPage\",\"@id\":\"https:\/\/7culture.ci\/index.php\/2022\/01\/29\/celine-dion-une-depression-serait-a-lorigine-de-ses-problemes-de-sante\/\",\"url\":\"https:\/\/7culture.ci\/index.php\/2022\/01\/29\/celine-dion-une-depression-serait-a-lorigine-de-ses-problemes-de-sante\/\",\"name\":\"C\u00e9line Dion : une d\u00e9pression serait \u00e0 l\u2019origine de ses probl\u00e8mes de sant\u00e9 - 7culture\",\"isPartOf\":{\"@id\":\"https:\/\/7culture.ci\/#website\"},\"datePublished\":\"2022-01-29T15:32:33+00:00\",\"dateModified\":\"2022-01-29T15:32:35+00:00\",\"breadcrumb\":{\"@id\":\"https:\/\/7culture.ci\/index.php\/2022\/01\/29\/celine-dion-une-depression-serait-a-lorigine-de-ses-problemes-de-sante\/#breadcrumb\"},\"inLanguage\":\"fr-FR\",\"potentialAction\":[{\"@type\":\"ReadAction\",\"target\":[\"https:\/\/7culture.ci\/index.php\/2022\/01\/29\/celine-dion-une-depression-serait-a-lorigine-de-ses-problemes-de-sante\/\"]}]},{\"@type\":\"BreadcrumbList\",\"@id\":\"https:\/\/7culture.ci\/index.php\/2022\/01\/29\/celine-dion-une-depression-serait-a-lorigine-de-ses-problemes-de-sante\/#breadcrumb\",\"itemListElement\":[{\"@type\":\"ListItem\",\"position\":1,\"name\":\"Accueil\",\"item\":\"https:\/\/7culture.ci\/\"},{\"@type\":\"ListItem\",\"position\":2,\"name\":\"C\u00e9line Dion : une d\u00e9pression serait \u00e0 l\u2019origine de ses probl\u00e8mes de sant\u00e9\"}]},{\"@type\":\"WebSite\",\"@id\":\"https:\/\/7culture.ci\/#website\",\"url\":\"https:\/\/7culture.ci\/\",\"name\":\"7culture\",\"description\":\"Tout sur l&#039;actualit\u00e9\",\"publisher\":{\"@id\":\"https:\/\/7culture.ci\/#organization\"},\"potentialAction\":[{\"@type\":\"SearchAction\",\"target\":{\"@type\":\"EntryPoint\",\"urlTemplate\":\"https:\/\/7culture.ci\/?s={search_term_string}\"},\"query-input\":\"required name=search_term_string\"}],\"inLanguage\":\"fr-FR\"},{\"@type\":\"Organization\",\"@id\":\"https:\/\/7culture.ci\/#organization\",\"name\":\"7culture\",\"url\":\"https:\/\/7culture.ci\/\",\"sameAs\":[\"https:\/\/www.facebook.com\/redchefclaude\",\"https:\/\/twitter.com\/7culturec\"],\"logo\":{\"@type\":\"ImageObject\",\"inLanguage\":\"fr-FR\",\"@id\":\"https:\/\/7culture.ci\/#\/schema\/logo\/image\/\",\"url\":\"https:\/\/7culture.ci\/wp-content\/uploads\/2021\/12\/S1a-1.png\",\"contentUrl\":\"https:\/\/7culture.ci\/wp-content\/uploads\/2021\/12\/S1a-1.png\",\"width\":588,\"height\":192,\"caption\":\"7culture\"},\"image\":{\"@id\":\"https:\/\/7culture.ci\/#\/schema\/logo\/image\/\"}},{\"@type\":\"Person\",\"@id\":\"https:\/\/7culture.ci\/#\/schema\/person\/16150d28d7ef66ba788c1f87f28c4426\",\"name\":\"7culture2020\",\"image\":{\"@type\":\"ImageObject\",\"inLanguage\":\"fr-FR\",\"@id\":\"https:\/\/7culture.ci\/#\/schema\/person\/image\/\",\"url\":\"https:\/\/secure.gravatar.com\/avatar\/9a0784f951306c37bcd065f52844ef95?s=96&d=mm&r=g\",\"contentUrl\":\"https:\/\/secure.gravatar.com\/avatar\/9a0784f951306c37bcd065f52844ef95?s=96&d=mm&r=g\",\"caption\":\"7culture2020\"},\"sameAs\":[\"http:\/\/7culture.ci\",\"Claude.kipre\"],\"url\":\"https:\/\/7culture.ci\/index.php\/author\/7culture2020\/\"}]}<\/script>\n<!-- \/ Yoast SEO plugin. -->","yoast_head_json":{"title":"C\u00e9line Dion : une d\u00e9pression serait \u00e0 l\u2019origine de ses probl\u00e8mes de sant\u00e9 - 7culture","robots":{"index":"index","follow":"follow","max-snippet":"max-snippet:-1","max-image-preview":"max-image-preview:large","max-video-preview":"max-video-preview:-1"},"canonical":"https:\/\/7culture.ci\/index.php\/2022\/01\/29\/celine-dion-une-depression-serait-a-lorigine-de-ses-problemes-de-sante\/","og_locale":"fr_FR","og_type":"article","og_title":"C\u00e9line Dion : une d\u00e9pression serait \u00e0 l\u2019origine de ses probl\u00e8mes de sant\u00e9 - 7culture","og_description":"Alors que la chanteuse C\u00e9line Dion est toujours en convalescence, sa biographe s\u2019exprime sur le mal dont elle souffre. En octobre dernier, C\u00e9line Dion annon\u00e7ait l\u2019annulation de plusieurs dates de sa tourn\u00e9e pr\u00e9vues en novembre. La star canadienne \u00e9tait dans l\u2019incapacit\u00e9 d\u2019assurer ses shows. En effet, l\u2019interpr\u00e8te de \u2018\u2019My Heart Will Go On\u2019\u2019 souffre de &hellip; C\u00e9line Dion : une d\u00e9pression serait \u00e0 l\u2019origine de ses probl\u00e8mes de sant\u00e9 Lire la suite\u00a0\u00bb","og_url":"https:\/\/7culture.ci\/index.php\/2022\/01\/29\/celine-dion-une-depression-serait-a-lorigine-de-ses-problemes-de-sante\/","og_site_name":"7culture","article_publisher":"https:\/\/www.facebook.com\/redchefclaude","article_published_time":"2022-01-29T15:32:33+00:00","article_modified_time":"2022-01-29T15:32:35+00:00","og_image":[{"width":625,"height":625,"url":"http:\/\/7culture.ci\/wp-content\/uploads\/2022\/01\/Celine-Dion1.jpg","type":"image\/jpeg"}],"author":"7culture2020","twitter_card":"summary_large_image","twitter_creator":"@7culturec","twitter_site":"@7culturec","twitter_misc":{"\u00c9crit par":"7culture2020","Dur\u00e9e de lecture estim\u00e9e":"2 minutes"},"schema":{"@context":"https:\/\/schema.org","@graph":[{"@type":"Article","@id":"https:\/\/7culture.ci\/index.php\/2022\/01\/29\/celine-dion-une-depression-serait-a-lorigine-de-ses-problemes-de-sante\/#article","isPartOf":{"@id":"https:\/\/7culture.ci\/index.php\/2022\/01\/29\/celine-dion-une-depression-serait-a-lorigine-de-ses-problemes-de-sante\/"},"author":{"name":"7culture2020","@id":"https:\/\/7culture.ci\/#\/schema\/person\/16150d28d7ef66ba788c1f87f28c4426"},"headline":"C\u00e9line Dion : une d\u00e9pression serait \u00e0 l\u2019origine de ses probl\u00e8mes de sant\u00e9","datePublished":"2022-01-29T15:32:33+00:00","dateModified":"2022-01-29T15:32:35+00:00","mainEntityOfPage":{"@id":"https:\/\/7culture.ci\/index.php\/2022\/01\/29\/celine-dion-une-depression-serait-a-lorigine-de-ses-problemes-de-sante\/"},"wordCount":400,"commentCount":0,"publisher":{"@id":"https:\/\/7culture.ci\/#organization"},"articleSection":["Actualit\u00e9"],"inLanguage":"fr-FR","potentialAction":[{"@type":"CommentAction","name":"Comment","target":["https:\/\/7culture.ci\/index.php\/2022\/01\/29\/celine-dion-une-depression-serait-a-lorigine-de-ses-problemes-de-sante\/#respond"]}]},{"@type":"WebPage","@id":"https:\/\/7culture.ci\/index.php\/2022\/01\/29\/celine-dion-une-depression-serait-a-lorigine-de-ses-problemes-de-sante\/","url":"https:\/\/7culture.ci\/index.php\/2022\/01\/29\/celine-dion-une-depression-serait-a-lorigine-de-ses-problemes-de-sante\/","name":"C\u00e9line Dion : une d\u00e9pression serait \u00e0 l\u2019origine de ses probl\u00e8mes de sant\u00e9 - 7culture","isPartOf":{"@id":"https:\/\/7culture.ci\/#website"},"datePublished":"2022-01-29T15:32:33+00:00","dateModified":"2022-01-29T15:32:35+00:00","breadcrumb":{"@id":"https:\/\/7culture.ci\/index.php\/2022\/01\/29\/celine-dion-une-depression-serait-a-lorigine-de-ses-problemes-de-sante\/#breadcrumb"},"inLanguage":"fr-FR","potentialAction":[{"@type":"ReadAction","target":["https:\/\/7culture.ci\/index.php\/2022\/01\/29\/celine-dion-une-depression-serait-a-lorigine-de-ses-problemes-de-sante\/"]}]},{"@type":"BreadcrumbList","@id":"https:\/\/7culture.ci\/index.php\/2022\/01\/29\/celine-dion-une-depression-serait-a-lorigine-de-ses-problemes-de-sante\/#breadcrumb","itemListElement":[{"@type":"ListItem","position":1,"name":"Accueil","item":"https:\/\/7culture.ci\/"},{"@type":"ListItem","position":2,"name":"C\u00e9line Dion : une d\u00e9pression serait \u00e0 l\u2019origine de ses probl\u00e8mes de sant\u00e9"}]},{"@type":"WebSite","@id":"https:\/\/7culture.ci\/#website","url":"https:\/\/7culture.ci\/","name":"7culture","description":"Tout sur l&#039;actualit\u00e9","publisher":{"@id":"https:\/\/7culture.ci\/#organization"},"potentialAction":[{"@type":"SearchAction","target":{"@type":"EntryPoint","urlTemplate":"https:\/\/7culture.ci\/?s={search_term_string}"},"query-input":"required name=search_term_string"}],"inLanguage":"fr-FR"},{"@type":"Organization","@id":"https:\/\/7culture.ci\/#organization","name":"7culture","url":"https:\/\/7culture.ci\/","sameAs":["https:\/\/www.facebook.com\/redchefclaude","https:\/\/twitter.com\/7culturec"],"logo":{"@type":"ImageObject","inLanguage":"fr-FR","@id":"https:\/\/7culture.ci\/#\/schema\/logo\/image\/","url":"https:\/\/7culture.ci\/wp-content\/uploads\/2021\/12\/S1a-1.png","contentUrl":"https:\/\/7culture.ci\/wp-content\/uploads\/2021\/12\/S1a-1.png","width":588,"height":192,"caption":"7culture"},"image":{"@id":"https:\/\/7culture.ci\/#\/schema\/logo\/image\/"}},{"@type":"Person","@id":"https:\/\/7culture.ci\/#\/schema\/person\/16150d28d7ef66ba788c1f87f28c4426","name":"7culture2020","image":{"@type":"ImageObject","inLanguage":"fr-FR","@id":"https:\/\/7culture.ci\/#\/schema\/person\/image\/","url":"https:\/\/secure.gravatar.com\/avatar\/9a0784f951306c37bcd065f52844ef95?s=96&d=mm&r=g","contentUrl":"https:\/\/secure.gravatar.com\/avatar\/9a0784f951306c37bcd065f52844ef95?s=96&d=mm&r=g","caption":"7culture2020"},"sameAs":["http:\/\/7culture.ci","Claude.kipre"],"url":"https:\/\/7culture.ci\/index.php\/author\/7culture2020\/"}]}},"jetpack_featured_media_url":"https:\/\/7culture.ci\/wp-content\/uploads\/2022\/01\/Celine-Dion1.jpg","jetpack_likes_enabled":true,"jetpack_sharing_enabled":true,"_links":{"self":[{"href":"https:\/\/7culture.ci\/index.php\/wp-json\/wp\/v2\/posts\/19500"}],"collection":[{"href":"https:\/\/7culture.ci\/index.php\/wp-json\/wp\/v2\/posts"}],"about":[{"href":"https:\/\/7culture.ci\/index.php\/wp-json\/wp\/v2\/types\/post"}],"author":[{"embeddable":true,"href":"https:\/\/7culture.ci\/index.php\/wp-json\/wp\/v2\/users\/1"}],"replies":[{"embeddable":true,"href":"https:\/\/7culture.ci\/index.php\/wp-json\/wp\/v2\/comments?post=19500"}],"version-history":[{"count":0,"href":"https:\/\/7culture.ci\/index.php\/wp-json\/wp\/v2\/posts\/19500\/revisions"}],"wp:featuredmedia":[{"embeddable":true,"href":"https:\/\/7culture.ci\/index.php\/wp-json\/wp\/v2\/media\/19501"}],"wp:attachment":[{"href":"https:\/\/7culture.ci\/index.php\/wp-json\/wp\/v2\/media?parent=19500"}],"wp:term":[{"taxonomy":"category","embeddable":true,"href":"https:\/\/7culture.ci\/index.php\/wp-json\/wp\/v2\/categories?post=19500"},{"taxonomy":"post_tag","embeddable":true,"href":"https:\/\/7culture.ci\/index.php\/wp-json\/wp\/v2\/tags?post=19500"}],"curies":[{"name":"wp","href":"https:\/\/api.w.org\/{rel}","templated":true}]}}