{"id":19479,"date":"2022-01-28T17:09:23","date_gmt":"2022-01-28T16:09:23","guid":{"rendered":"https:\/\/7culture.ci\/?p=19479"},"modified":"2022-01-29T15:35:15","modified_gmt":"2022-01-29T14:35:15","slug":"le-marathon-du-rire-sempare-des-salles-dabidjan","status":"publish","type":"post","link":"https:\/\/7culture.ci\/index.php\/2022\/01\/28\/le-marathon-du-rire-sempare-des-salles-dabidjan\/","title":{"rendered":"Le marathon du rire s\u2019empare des salles d\u2019Abidjan"},"content":{"rendered":"\n<p>Ce samedi 29 janvier, les cin\u00e9philes et particuli\u00e8rement les amoureux des salles obscures sont g\u00e2t\u00e9s. La cha\u00eene de cin\u00e9ma Majestic leur concocte un bon menu de films dans le cadre de son \u00e9v\u00e8nement d\u00e9nomm\u00e9 \u2018\u2019Marathon du rire\u2019\u2019. C\u2019est au total six longs m\u00e9trages qui seront projet\u00e9s \u00e0 partir de 10h jusqu\u2019\u00e0 23h. Ce sont notamment \u2018\u2019Le bonnet de Modibo\u2019\u2019, \u2018\u2019Le mariage\u2019\u2019, \u2018\u2019Sankara et moi\u2019, \u2018\u2019Le gendarme de Abobo\u2019\u2019, \u2018\u2019Le ticket \u00e0 tout prix\u2019\u2019 et \u2018\u2019Les trois lascars\u2019\u2019. La cerise sur le g\u00e2teau, c\u2019est qu\u2019il y a un forfait \u00e0 chaque s\u00e9ance. Ce mini festival de cin\u00e9ma se tiendra dans les salles Majestic Ivoire \u00e0 Cocody, Prima \u00e0 Marcory, Sococ\u00e9 aux II Plateaux et Ficgayo \u00e0 Yopougon.<\/p>\n\n\n\n<div class=\"wp-block-image\"><figure class=\"aligncenter size-large is-resized\"><img loading=\"lazy\" decoding=\"async\" src=\"https:\/\/7culture.ci\/wp-content\/uploads\/2022\/01\/1-5-768x1024.jpg\" alt=\"\" class=\"wp-image-19489\" width=\"488\" height=\"650\" srcset=\"https:\/\/7culture.ci\/wp-content\/uploads\/2022\/01\/1-5-768x1024.jpg 768w, https:\/\/7culture.ci\/wp-content\/uploads\/2022\/01\/1-5-225x300.jpg 225w, https:\/\/7culture.ci\/wp-content\/uploads\/2022\/01\/1-5-1152x1536.jpg 1152w, https:\/\/7culture.ci\/wp-content\/uploads\/2022\/01\/1-5.jpg 1466w\" sizes=\"(max-width: 488px) 100vw, 488px\" \/><\/figure><\/div>\n\n\n\n<p>Parmi les films \u00e0 l\u2019affiche dans le \u2018\u2019Marathon du rire\u2019\u2019, il y a la com\u00e9die dramatique \u2018\u2019Le mariage\u2019\u2019 r\u00e9alis\u00e9e par Pierre Yao sur un sc\u00e9nario original de Jonas Zadito avec Bassand\u00e9 Ynoussa Olaoy\u00e9 et Jeanne d\u2019Arc Atako. Ce beau film raconte \u2018\u2019l\u2019histoire d\u2019un jeune cadre qui veut abandonner sa concubine de vingt ans pour \u00e9pouser sa ma\u00eetresse. Mais les choses ne vont pas se passer comme il aurait souhait\u00e9.\u2019\u2019<\/p>\n\n\n\n<figure class=\"wp-block-gallery columns-3 is-cropped wp-block-gallery-1 is-layout-flex wp-block-gallery-is-layout-flex\"><ul class=\"blocks-gallery-grid\"><li class=\"blocks-gallery-item\"><figure><img loading=\"lazy\" decoding=\"async\" width=\"680\" height=\"1024\" src=\"https:\/\/7culture.ci\/wp-content\/uploads\/2022\/01\/3-5-680x1024.jpg\" alt=\"\" data-id=\"19485\" data-full-url=\"https:\/\/7culture.ci\/wp-content\/uploads\/2022\/01\/3-5.jpg\" data-link=\"https:\/\/7culture.ci\/?attachment_id=19485\" class=\"wp-image-19485\" srcset=\"https:\/\/7culture.ci\/wp-content\/uploads\/2022\/01\/3-5-680x1024.jpg 680w, https:\/\/7culture.ci\/wp-content\/uploads\/2022\/01\/3-5-199x300.jpg 199w, https:\/\/7culture.ci\/wp-content\/uploads\/2022\/01\/3-5-768x1156.jpg 768w, https:\/\/7culture.ci\/wp-content\/uploads\/2022\/01\/3-5-1020x1536.jpg 1020w, https:\/\/7culture.ci\/wp-content\/uploads\/2022\/01\/3-5.jpg 1044w\" sizes=\"(max-width: 680px) 100vw, 680px\" \/><\/figure><\/li><li class=\"blocks-gallery-item\"><figure><img loading=\"lazy\" decoding=\"async\" width=\"680\" height=\"1024\" src=\"https:\/\/7culture.ci\/wp-content\/uploads\/2022\/01\/4-3-680x1024.jpg\" alt=\"\" data-id=\"19486\" data-full-url=\"https:\/\/7culture.ci\/wp-content\/uploads\/2022\/01\/4-3.jpg\" data-link=\"https:\/\/7culture.ci\/?attachment_id=19486\" class=\"wp-image-19486\" srcset=\"https:\/\/7culture.ci\/wp-content\/uploads\/2022\/01\/4-3-680x1024.jpg 680w, https:\/\/7culture.ci\/wp-content\/uploads\/2022\/01\/4-3-199x300.jpg 199w, https:\/\/7culture.ci\/wp-content\/uploads\/2022\/01\/4-3-768x1156.jpg 768w, https:\/\/7culture.ci\/wp-content\/uploads\/2022\/01\/4-3-1020x1536.jpg 1020w, https:\/\/7culture.ci\/wp-content\/uploads\/2022\/01\/4-3.jpg 1044w\" sizes=\"(max-width: 680px) 100vw, 680px\" \/><\/figure><\/li><li class=\"blocks-gallery-item\"><figure><img loading=\"lazy\" decoding=\"async\" width=\"1024\" height=\"680\" src=\"https:\/\/7culture.ci\/wp-content\/uploads\/2022\/01\/5-3-1024x680.jpg\" alt=\"\" data-id=\"19487\" data-full-url=\"https:\/\/7culture.ci\/wp-content\/uploads\/2022\/01\/5-3.jpg\" data-link=\"https:\/\/7culture.ci\/?attachment_id=19487\" class=\"wp-image-19487\" srcset=\"https:\/\/7culture.ci\/wp-content\/uploads\/2022\/01\/5-3-1024x680.jpg 1024w, https:\/\/7culture.ci\/wp-content\/uploads\/2022\/01\/5-3-300x199.jpg 300w, https:\/\/7culture.ci\/wp-content\/uploads\/2022\/01\/5-3-768x510.jpg 768w, https:\/\/7culture.ci\/wp-content\/uploads\/2022\/01\/5-3.jpg 1387w\" sizes=\"(max-width: 1024px) 100vw, 1024px\" \/><\/figure><\/li><\/ul><\/figure>\n\n\n\n<p>Par Omar AK<\/p>\n","protected":false},"excerpt":{"rendered":"<p>Ce samedi 29 janvier, les cin\u00e9philes et particuli\u00e8rement les amoureux des salles obscures sont g\u00e2t\u00e9s. La cha\u00eene de cin\u00e9ma Majestic leur concocte un bon menu de films dans le cadre de son \u00e9v\u00e8nement d\u00e9nomm\u00e9 \u2018\u2019Marathon du rire\u2019\u2019. C\u2019est au total six longs m\u00e9trages qui seront projet\u00e9s \u00e0 partir de 10h jusqu\u2019\u00e0 23h. Ce sont notamment &hellip;<\/p>\n<p class=\"read-more\"> <a class=\"\" href=\"https:\/\/7culture.ci\/index.php\/2022\/01\/28\/le-marathon-du-rire-sempare-des-salles-dabidjan\/\"> <span class=\"screen-reader-text\">Le marathon du rire s\u2019empare des salles d\u2019Abidjan<\/span> Lire la suite\u00a0\u00bb<\/a><\/p>\n","protected":false},"author":1,"featured_media":19480,"comment_status":"open","ping_status":"open","sticky":false,"template":"","format":"standard","meta":{"_mi_skip_tracking":false,"_monsterinsights_sitenote_active":false,"_monsterinsights_sitenote_note":"","_monsterinsights_sitenote_category":0,"site-sidebar-layout":"default","site-content-layout":"default","ast-global-header-display":"","ast-main-header-display":"","ast-hfb-above-header-display":"","ast-hfb-below-header-display":"","ast-hfb-mobile-header-display":"","site-post-title":"","ast-breadcrumbs-content":"","ast-featured-img":"","footer-sml-layout":"","theme-transparent-header-meta":"","adv-header-id-meta":"","stick-header-meta":"","header-above-stick-meta":"","header-main-stick-meta":"","header-below-stick-meta":"","footnotes":"","jetpack_publicize_message":"","jetpack_is_tweetstorm":false,"jetpack_publicize_feature_enabled":true},"categories":[36],"tags":[],"jetpack_publicize_connections":[],"acf":[],"aioseo_notices":[],"yoast_head":"<!-- This site is optimized with the Yoast SEO plugin v19.6.1 - https:\/\/yoast.com\/wordpress\/plugins\/seo\/ -->\n<title>Le marathon du rire s\u2019empare des salles d\u2019Abidjan - 7culture<\/title>\n<meta name=\"robots\" content=\"index, follow, max-snippet:-1, max-image-preview:large, max-video-preview:-1\" \/>\n<link rel=\"canonical\" href=\"https:\/\/7culture.ci\/index.php\/2022\/01\/28\/le-marathon-du-rire-sempare-des-salles-dabidjan\/\" \/>\n<meta property=\"og:locale\" content=\"fr_FR\" \/>\n<meta property=\"og:type\" content=\"article\" \/>\n<meta property=\"og:title\" content=\"Le marathon du rire s\u2019empare des salles d\u2019Abidjan - 7culture\" \/>\n<meta property=\"og:description\" content=\"Ce samedi 29 janvier, les cin\u00e9philes et particuli\u00e8rement les amoureux des salles obscures sont g\u00e2t\u00e9s. La cha\u00eene de cin\u00e9ma Majestic leur concocte un bon menu de films dans le cadre de son \u00e9v\u00e8nement d\u00e9nomm\u00e9 \u2018\u2019Marathon du rire\u2019\u2019. C\u2019est au total six longs m\u00e9trages qui seront projet\u00e9s \u00e0 partir de 10h jusqu\u2019\u00e0 23h. Ce sont notamment &hellip; Le marathon du rire s\u2019empare des salles d\u2019Abidjan Lire la suite\u00a0\u00bb\" \/>\n<meta property=\"og:url\" content=\"https:\/\/7culture.ci\/index.php\/2022\/01\/28\/le-marathon-du-rire-sempare-des-salles-dabidjan\/\" \/>\n<meta property=\"og:site_name\" content=\"7culture\" \/>\n<meta property=\"article:publisher\" content=\"https:\/\/www.facebook.com\/redchefclaude\" \/>\n<meta property=\"article:published_time\" content=\"2022-01-28T16:09:23+00:00\" \/>\n<meta property=\"article:modified_time\" content=\"2022-01-29T14:35:15+00:00\" \/>\n<meta property=\"og:image\" content=\"http:\/\/7culture.ci\/wp-content\/uploads\/2022\/01\/WhatsApp-Image-2022-01-27-at-11.15.59.jpeg\" \/>\n\t<meta property=\"og:image:width\" content=\"1080\" \/>\n\t<meta property=\"og:image:height\" content=\"1080\" \/>\n\t<meta property=\"og:image:type\" content=\"image\/jpeg\" \/>\n<meta name=\"author\" content=\"7culture2020\" \/>\n<meta name=\"twitter:card\" content=\"summary_large_image\" \/>\n<meta name=\"twitter:creator\" content=\"@7culturec\" \/>\n<meta name=\"twitter:site\" content=\"@7culturec\" \/>\n<meta name=\"twitter:label1\" content=\"\u00c9crit par\" \/>\n\t<meta name=\"twitter:data1\" content=\"7culture2020\" \/>\n\t<meta name=\"twitter:label2\" content=\"Dur\u00e9e de lecture estim\u00e9e\" \/>\n\t<meta name=\"twitter:data2\" content=\"2 minutes\" \/>\n<script type=\"application\/ld+json\" class=\"yoast-schema-graph\">{\"@context\":\"https:\/\/schema.org\",\"@graph\":[{\"@type\":\"Article\",\"@id\":\"https:\/\/7culture.ci\/index.php\/2022\/01\/28\/le-marathon-du-rire-sempare-des-salles-dabidjan\/#article\",\"isPartOf\":{\"@id\":\"https:\/\/7culture.ci\/index.php\/2022\/01\/28\/le-marathon-du-rire-sempare-des-salles-dabidjan\/\"},\"author\":{\"name\":\"7culture2020\",\"@id\":\"https:\/\/7culture.ci\/#\/schema\/person\/16150d28d7ef66ba788c1f87f28c4426\"},\"headline\":\"Le marathon du rire s\u2019empare des salles d\u2019Abidjan\",\"datePublished\":\"2022-01-28T16:09:23+00:00\",\"dateModified\":\"2022-01-29T14:35:15+00:00\",\"mainEntityOfPage\":{\"@id\":\"https:\/\/7culture.ci\/index.php\/2022\/01\/28\/le-marathon-du-rire-sempare-des-salles-dabidjan\/\"},\"wordCount\":215,\"commentCount\":0,\"publisher\":{\"@id\":\"https:\/\/7culture.ci\/#organization\"},\"articleSection\":[\"Cin\u00e9ma\"],\"inLanguage\":\"fr-FR\",\"potentialAction\":[{\"@type\":\"CommentAction\",\"name\":\"Comment\",\"target\":[\"https:\/\/7culture.ci\/index.php\/2022\/01\/28\/le-marathon-du-rire-sempare-des-salles-dabidjan\/#respond\"]}]},{\"@type\":\"WebPage\",\"@id\":\"https:\/\/7culture.ci\/index.php\/2022\/01\/28\/le-marathon-du-rire-sempare-des-salles-dabidjan\/\",\"url\":\"https:\/\/7culture.ci\/index.php\/2022\/01\/28\/le-marathon-du-rire-sempare-des-salles-dabidjan\/\",\"name\":\"Le marathon du rire s\u2019empare des salles d\u2019Abidjan - 7culture\",\"isPartOf\":{\"@id\":\"https:\/\/7culture.ci\/#website\"},\"datePublished\":\"2022-01-28T16:09:23+00:00\",\"dateModified\":\"2022-01-29T14:35:15+00:00\",\"breadcrumb\":{\"@id\":\"https:\/\/7culture.ci\/index.php\/2022\/01\/28\/le-marathon-du-rire-sempare-des-salles-dabidjan\/#breadcrumb\"},\"inLanguage\":\"fr-FR\",\"potentialAction\":[{\"@type\":\"ReadAction\",\"target\":[\"https:\/\/7culture.ci\/index.php\/2022\/01\/28\/le-marathon-du-rire-sempare-des-salles-dabidjan\/\"]}]},{\"@type\":\"BreadcrumbList\",\"@id\":\"https:\/\/7culture.ci\/index.php\/2022\/01\/28\/le-marathon-du-rire-sempare-des-salles-dabidjan\/#breadcrumb\",\"itemListElement\":[{\"@type\":\"ListItem\",\"position\":1,\"name\":\"Accueil\",\"item\":\"https:\/\/7culture.ci\/\"},{\"@type\":\"ListItem\",\"position\":2,\"name\":\"Le marathon du rire s\u2019empare des salles d\u2019Abidjan\"}]},{\"@type\":\"WebSite\",\"@id\":\"https:\/\/7culture.ci\/#website\",\"url\":\"https:\/\/7culture.ci\/\",\"name\":\"7culture\",\"description\":\"Tout sur l&#039;actualit\u00e9\",\"publisher\":{\"@id\":\"https:\/\/7culture.ci\/#organization\"},\"potentialAction\":[{\"@type\":\"SearchAction\",\"target\":{\"@type\":\"EntryPoint\",\"urlTemplate\":\"https:\/\/7culture.ci\/?s={search_term_string}\"},\"query-input\":\"required name=search_term_string\"}],\"inLanguage\":\"fr-FR\"},{\"@type\":\"Organization\",\"@id\":\"https:\/\/7culture.ci\/#organization\",\"name\":\"7culture\",\"url\":\"https:\/\/7culture.ci\/\",\"sameAs\":[\"https:\/\/www.facebook.com\/redchefclaude\",\"https:\/\/twitter.com\/7culturec\"],\"logo\":{\"@type\":\"ImageObject\",\"inLanguage\":\"fr-FR\",\"@id\":\"https:\/\/7culture.ci\/#\/schema\/logo\/image\/\",\"url\":\"https:\/\/7culture.ci\/wp-content\/uploads\/2021\/12\/S1a-1.png\",\"contentUrl\":\"https:\/\/7culture.ci\/wp-content\/uploads\/2021\/12\/S1a-1.png\",\"width\":588,\"height\":192,\"caption\":\"7culture\"},\"image\":{\"@id\":\"https:\/\/7culture.ci\/#\/schema\/logo\/image\/\"}},{\"@type\":\"Person\",\"@id\":\"https:\/\/7culture.ci\/#\/schema\/person\/16150d28d7ef66ba788c1f87f28c4426\",\"name\":\"7culture2020\",\"image\":{\"@type\":\"ImageObject\",\"inLanguage\":\"fr-FR\",\"@id\":\"https:\/\/7culture.ci\/#\/schema\/person\/image\/\",\"url\":\"https:\/\/secure.gravatar.com\/avatar\/9a0784f951306c37bcd065f52844ef95?s=96&d=mm&r=g\",\"contentUrl\":\"https:\/\/secure.gravatar.com\/avatar\/9a0784f951306c37bcd065f52844ef95?s=96&d=mm&r=g\",\"caption\":\"7culture2020\"},\"sameAs\":[\"http:\/\/7culture.ci\",\"Claude.kipre\"],\"url\":\"https:\/\/7culture.ci\/index.php\/author\/7culture2020\/\"}]}<\/script>\n<!-- \/ Yoast SEO plugin. -->","yoast_head_json":{"title":"Le marathon du rire s\u2019empare des salles d\u2019Abidjan - 7culture","robots":{"index":"index","follow":"follow","max-snippet":"max-snippet:-1","max-image-preview":"max-image-preview:large","max-video-preview":"max-video-preview:-1"},"canonical":"https:\/\/7culture.ci\/index.php\/2022\/01\/28\/le-marathon-du-rire-sempare-des-salles-dabidjan\/","og_locale":"fr_FR","og_type":"article","og_title":"Le marathon du rire s\u2019empare des salles d\u2019Abidjan - 7culture","og_description":"Ce samedi 29 janvier, les cin\u00e9philes et particuli\u00e8rement les amoureux des salles obscures sont g\u00e2t\u00e9s. La cha\u00eene de cin\u00e9ma Majestic leur concocte un bon menu de films dans le cadre de son \u00e9v\u00e8nement d\u00e9nomm\u00e9 \u2018\u2019Marathon du rire\u2019\u2019. C\u2019est au total six longs m\u00e9trages qui seront projet\u00e9s \u00e0 partir de 10h jusqu\u2019\u00e0 23h. Ce sont notamment &hellip; Le marathon du rire s\u2019empare des salles d\u2019Abidjan Lire la suite\u00a0\u00bb","og_url":"https:\/\/7culture.ci\/index.php\/2022\/01\/28\/le-marathon-du-rire-sempare-des-salles-dabidjan\/","og_site_name":"7culture","article_publisher":"https:\/\/www.facebook.com\/redchefclaude","article_published_time":"2022-01-28T16:09:23+00:00","article_modified_time":"2022-01-29T14:35:15+00:00","og_image":[{"width":1080,"height":1080,"url":"http:\/\/7culture.ci\/wp-content\/uploads\/2022\/01\/WhatsApp-Image-2022-01-27-at-11.15.59.jpeg","type":"image\/jpeg"}],"author":"7culture2020","twitter_card":"summary_large_image","twitter_creator":"@7culturec","twitter_site":"@7culturec","twitter_misc":{"\u00c9crit par":"7culture2020","Dur\u00e9e de lecture estim\u00e9e":"2 minutes"},"schema":{"@context":"https:\/\/schema.org","@graph":[{"@type":"Article","@id":"https:\/\/7culture.ci\/index.php\/2022\/01\/28\/le-marathon-du-rire-sempare-des-salles-dabidjan\/#article","isPartOf":{"@id":"https:\/\/7culture.ci\/index.php\/2022\/01\/28\/le-marathon-du-rire-sempare-des-salles-dabidjan\/"},"author":{"name":"7culture2020","@id":"https:\/\/7culture.ci\/#\/schema\/person\/16150d28d7ef66ba788c1f87f28c4426"},"headline":"Le marathon du rire s\u2019empare des salles d\u2019Abidjan","datePublished":"2022-01-28T16:09:23+00:00","dateModified":"2022-01-29T14:35:15+00:00","mainEntityOfPage":{"@id":"https:\/\/7culture.ci\/index.php\/2022\/01\/28\/le-marathon-du-rire-sempare-des-salles-dabidjan\/"},"wordCount":215,"commentCount":0,"publisher":{"@id":"https:\/\/7culture.ci\/#organization"},"articleSection":["Cin\u00e9ma"],"inLanguage":"fr-FR","potentialAction":[{"@type":"CommentAction","name":"Comment","target":["https:\/\/7culture.ci\/index.php\/2022\/01\/28\/le-marathon-du-rire-sempare-des-salles-dabidjan\/#respond"]}]},{"@type":"WebPage","@id":"https:\/\/7culture.ci\/index.php\/2022\/01\/28\/le-marathon-du-rire-sempare-des-salles-dabidjan\/","url":"https:\/\/7culture.ci\/index.php\/2022\/01\/28\/le-marathon-du-rire-sempare-des-salles-dabidjan\/","name":"Le marathon du rire s\u2019empare des salles d\u2019Abidjan - 7culture","isPartOf":{"@id":"https:\/\/7culture.ci\/#website"},"datePublished":"2022-01-28T16:09:23+00:00","dateModified":"2022-01-29T14:35:15+00:00","breadcrumb":{"@id":"https:\/\/7culture.ci\/index.php\/2022\/01\/28\/le-marathon-du-rire-sempare-des-salles-dabidjan\/#breadcrumb"},"inLanguage":"fr-FR","potentialAction":[{"@type":"ReadAction","target":["https:\/\/7culture.ci\/index.php\/2022\/01\/28\/le-marathon-du-rire-sempare-des-salles-dabidjan\/"]}]},{"@type":"BreadcrumbList","@id":"https:\/\/7culture.ci\/index.php\/2022\/01\/28\/le-marathon-du-rire-sempare-des-salles-dabidjan\/#breadcrumb","itemListElement":[{"@type":"ListItem","position":1,"name":"Accueil","item":"https:\/\/7culture.ci\/"},{"@type":"ListItem","position":2,"name":"Le marathon du rire s\u2019empare des salles d\u2019Abidjan"}]},{"@type":"WebSite","@id":"https:\/\/7culture.ci\/#website","url":"https:\/\/7culture.ci\/","name":"7culture","description":"Tout sur l&#039;actualit\u00e9","publisher":{"@id":"https:\/\/7culture.ci\/#organization"},"potentialAction":[{"@type":"SearchAction","target":{"@type":"EntryPoint","urlTemplate":"https:\/\/7culture.ci\/?s={search_term_string}"},"query-input":"required name=search_term_string"}],"inLanguage":"fr-FR"},{"@type":"Organization","@id":"https:\/\/7culture.ci\/#organization","name":"7culture","url":"https:\/\/7culture.ci\/","sameAs":["https:\/\/www.facebook.com\/redchefclaude","https:\/\/twitter.com\/7culturec"],"logo":{"@type":"ImageObject","inLanguage":"fr-FR","@id":"https:\/\/7culture.ci\/#\/schema\/logo\/image\/","url":"https:\/\/7culture.ci\/wp-content\/uploads\/2021\/12\/S1a-1.png","contentUrl":"https:\/\/7culture.ci\/wp-content\/uploads\/2021\/12\/S1a-1.png","width":588,"height":192,"caption":"7culture"},"image":{"@id":"https:\/\/7culture.ci\/#\/schema\/logo\/image\/"}},{"@type":"Person","@id":"https:\/\/7culture.ci\/#\/schema\/person\/16150d28d7ef66ba788c1f87f28c4426","name":"7culture2020","image":{"@type":"ImageObject","inLanguage":"fr-FR","@id":"https:\/\/7culture.ci\/#\/schema\/person\/image\/","url":"https:\/\/secure.gravatar.com\/avatar\/9a0784f951306c37bcd065f52844ef95?s=96&d=mm&r=g","contentUrl":"https:\/\/secure.gravatar.com\/avatar\/9a0784f951306c37bcd065f52844ef95?s=96&d=mm&r=g","caption":"7culture2020"},"sameAs":["http:\/\/7culture.ci","Claude.kipre"],"url":"https:\/\/7culture.ci\/index.php\/author\/7culture2020\/"}]}},"jetpack_featured_media_url":"https:\/\/7culture.ci\/wp-content\/uploads\/2022\/01\/WhatsApp-Image-2022-01-27-at-11.15.59.jpeg","jetpack_likes_enabled":true,"jetpack_sharing_enabled":true,"_links":{"self":[{"href":"https:\/\/7culture.ci\/index.php\/wp-json\/wp\/v2\/posts\/19479"}],"collection":[{"href":"https:\/\/7culture.ci\/index.php\/wp-json\/wp\/v2\/posts"}],"about":[{"href":"https:\/\/7culture.ci\/index.php\/wp-json\/wp\/v2\/types\/post"}],"author":[{"embeddable":true,"href":"https:\/\/7culture.ci\/index.php\/wp-json\/wp\/v2\/users\/1"}],"replies":[{"embeddable":true,"href":"https:\/\/7culture.ci\/index.php\/wp-json\/wp\/v2\/comments?post=19479"}],"version-history":[{"count":0,"href":"https:\/\/7culture.ci\/index.php\/wp-json\/wp\/v2\/posts\/19479\/revisions"}],"wp:featuredmedia":[{"embeddable":true,"href":"https:\/\/7culture.ci\/index.php\/wp-json\/wp\/v2\/media\/19480"}],"wp:attachment":[{"href":"https:\/\/7culture.ci\/index.php\/wp-json\/wp\/v2\/media?parent=19479"}],"wp:term":[{"taxonomy":"category","embeddable":true,"href":"https:\/\/7culture.ci\/index.php\/wp-json\/wp\/v2\/categories?post=19479"},{"taxonomy":"post_tag","embeddable":true,"href":"https:\/\/7culture.ci\/index.php\/wp-json\/wp\/v2\/tags?post=19479"}],"curies":[{"name":"wp","href":"https:\/\/api.w.org\/{rel}","templated":true}]}}