{"id":19452,"date":"2022-01-28T12:02:30","date_gmt":"2022-01-28T11:02:30","guid":{"rendered":"https:\/\/7culture.ci\/?p=19452"},"modified":"2022-02-02T15:15:43","modified_gmt":"2022-02-02T14:15:43","slug":"la-statue-de-kobe-bryant-et-sa-fille-retiree-du-lieu-de-laccident","status":"publish","type":"post","link":"https:\/\/7culture.ci\/index.php\/2022\/01\/28\/la-statue-de-kobe-bryant-et-sa-fille-retiree-du-lieu-de-laccident\/","title":{"rendered":"La statue de Kobe Bryant et sa fille retir\u00e9e du lieu de l\u2019accident"},"content":{"rendered":"\n<p>26 janvier 2020-26 janvier 2022. Voil\u00e0 d\u00e9j\u00e0 deux ans que Kobe Bryant, l\u2019un des plus grands basketteurs au monde, a trouv\u00e9 la mort dans un crash d\u2019avion. Pour honorer sa m\u00e9moire et tous ceux qui l\u2019accompagnaient dans cet ultime voyage, une statue en bronze repr\u00e9sentant KB24 et sa fille Gianna, tous deux d\u00e9c\u00e9d\u00e9s il y a deux ans dans un accident d\u2019h\u00e9licopt\u00e8re, a \u00e9t\u00e9 dress\u00e9e dans la vall\u00e9e de Calabasas, le lieu o\u00f9 s\u2019est produit le drame. Un bel hommage.<\/p>\n\n\n\n<p>Deux ans apr\u00e8s le tragique accident d\u2019h\u00e9licopt\u00e8re qui a co\u00fbt\u00e9 la vie \u00e0 la l\u00e9gende du basket Kobe Bryant, une statue du joueur et de sa fille Gianna, d\u00e9c\u00e9d\u00e9e \u00e0 ses c\u00f4t\u00e9s, a \u00e9t\u00e9 \u00e9rig\u00e9e symboliquement \u00e0 Calabasas, en Californie, sur le lieu du crash. L\u2019\u0153uvre vient de l\u2019artiste Dan Medina qui a donc tenu \u00e0 rendre hommage \u00e0 Black Mamba et toutes les victimes de ce jour-l\u00e0.<\/p>\n\n\n\n<figure class=\"wp-block-gallery columns-2 is-cropped wp-block-gallery-1 is-layout-flex wp-block-gallery-is-layout-flex\"><ul class=\"blocks-gallery-grid\"><li class=\"blocks-gallery-item\"><figure><img loading=\"lazy\" decoding=\"async\" width=\"821\" height=\"1024\" src=\"https:\/\/7culture.ci\/wp-content\/uploads\/2022\/01\/272705814_4873486836006344_8056951628833453079_n-821x1024.jpg\" alt=\"\" data-id=\"19454\" data-full-url=\"https:\/\/7culture.ci\/wp-content\/uploads\/2022\/01\/272705814_4873486836006344_8056951628833453079_n.jpg\" data-link=\"https:\/\/7culture.ci\/?attachment_id=19454\" class=\"wp-image-19454\" srcset=\"https:\/\/7culture.ci\/wp-content\/uploads\/2022\/01\/272705814_4873486836006344_8056951628833453079_n-821x1024.jpg 821w, https:\/\/7culture.ci\/wp-content\/uploads\/2022\/01\/272705814_4873486836006344_8056951628833453079_n-241x300.jpg 241w, https:\/\/7culture.ci\/wp-content\/uploads\/2022\/01\/272705814_4873486836006344_8056951628833453079_n-768x958.jpg 768w, https:\/\/7culture.ci\/wp-content\/uploads\/2022\/01\/272705814_4873486836006344_8056951628833453079_n.jpg 960w\" sizes=\"(max-width: 821px) 100vw, 821px\" \/><\/figure><\/li><li class=\"blocks-gallery-item\"><figure><img loading=\"lazy\" decoding=\"async\" width=\"521\" height=\"651\" src=\"https:\/\/7culture.ci\/wp-content\/uploads\/2022\/01\/kobe1.png\" alt=\"\" data-id=\"19455\" data-full-url=\"https:\/\/7culture.ci\/wp-content\/uploads\/2022\/01\/kobe1.png\" data-link=\"https:\/\/7culture.ci\/?attachment_id=19455\" class=\"wp-image-19455\" srcset=\"https:\/\/7culture.ci\/wp-content\/uploads\/2022\/01\/kobe1.png 521w, https:\/\/7culture.ci\/wp-content\/uploads\/2022\/01\/kobe1-240x300.png 240w\" sizes=\"(max-width: 521px) 100vw, 521px\" \/><\/figure><\/li><\/ul><\/figure>\n\n\n\n<p>\u00ab <strong><em>Si vous venez ici, vous ressentez de l\u2019\u00e9motion, les fleurs, les maillots\u2026 mais je pense qu\u2019il fallait quelque de permanent<\/em><\/strong> \u00bb, a comment\u00e9 le sculpteur. La statue repr\u00e9sente Kobe, v\u00eatu du maillot des Lakers, la main sur l\u2019\u00e9paule de sa fille qui tient, elle, un ballon de basket dans sa main gauche. On y retrouve l\u2019inscription : \u00ab <strong><em>Les h\u00e9ros vont et viennent, mais les l\u00e9gendes sont \u00e9ternelles.<\/em><\/strong> \u00bb<\/p>\n\n\n\n<div class=\"wp-block-image\"><figure class=\"aligncenter size-full is-resized\"><img loading=\"lazy\" decoding=\"async\" src=\"https:\/\/7culture.ci\/wp-content\/uploads\/2022\/01\/272720765_4873491762672518_6356933696659078473_n.jpg\" alt=\"\" class=\"wp-image-19456\" width=\"469\" height=\"517\" srcset=\"https:\/\/7culture.ci\/wp-content\/uploads\/2022\/01\/272720765_4873491762672518_6356933696659078473_n.jpg 872w, https:\/\/7culture.ci\/wp-content\/uploads\/2022\/01\/272720765_4873491762672518_6356933696659078473_n-273x300.jpg 273w, https:\/\/7culture.ci\/wp-content\/uploads\/2022\/01\/272720765_4873491762672518_6356933696659078473_n-768x846.jpg 768w\" sizes=\"(max-width: 469px) 100vw, 469px\" \/><\/figure><\/div>\n\n\n\n<p>L\u2019\u0153uvre d\u00e9j\u00e0 retir\u00e9e L\u2019\u0153uvre en bronze p\u00e8se 73 kilos et n\u2019a \u00e9t\u00e9 expos\u00e9e que temporairement, Medina l\u2019ayant retir\u00e9 mercredi soir au coucher de soleil. Il esp\u00e8re n\u00e9anmoins qu\u2019une version plus grade puisse par la suite \u00eatre expos\u00e9e sur le site ou bien dans le centre-ville\u2026 La suite <strong><a href=\"https:\/\/www.ouest-france.fr\/sport\/basket\/nba\/kobe-bryant\/nba-une-statue-de-kobe-bryant-et-sa-fille-erigee-en-leurs-memoires-sur-le-lieu-de-l-accident-333e14c2-7f7c-11ec-96e3-ea5d06e35318\">ICI.<\/a><\/strong><\/p>\n","protected":false},"excerpt":{"rendered":"<p>26 janvier 2020-26 janvier 2022. Voil\u00e0 d\u00e9j\u00e0 deux ans que Kobe Bryant, l\u2019un des plus grands basketteurs au monde, a trouv\u00e9 la mort dans un crash d\u2019avion. Pour honorer sa m\u00e9moire et tous ceux qui l\u2019accompagnaient dans cet ultime voyage, une statue en bronze repr\u00e9sentant KB24 et sa fille Gianna, tous deux d\u00e9c\u00e9d\u00e9s il y &hellip;<\/p>\n<p class=\"read-more\"> <a class=\"\" href=\"https:\/\/7culture.ci\/index.php\/2022\/01\/28\/la-statue-de-kobe-bryant-et-sa-fille-retiree-du-lieu-de-laccident\/\"> <span class=\"screen-reader-text\">La statue de Kobe Bryant et sa fille retir\u00e9e du lieu de l\u2019accident<\/span> Lire la suite\u00a0\u00bb<\/a><\/p>\n","protected":false},"author":1,"featured_media":19453,"comment_status":"open","ping_status":"open","sticky":false,"template":"","format":"standard","meta":{"_mi_skip_tracking":false,"_monsterinsights_sitenote_active":false,"_monsterinsights_sitenote_note":"","_monsterinsights_sitenote_category":0,"site-sidebar-layout":"default","site-content-layout":"default","ast-global-header-display":"","ast-main-header-display":"","ast-hfb-above-header-display":"","ast-hfb-below-header-display":"","ast-hfb-mobile-header-display":"","site-post-title":"","ast-breadcrumbs-content":"","ast-featured-img":"","footer-sml-layout":"","theme-transparent-header-meta":"","adv-header-id-meta":"","stick-header-meta":"","header-above-stick-meta":"","header-main-stick-meta":"","header-below-stick-meta":"","footnotes":"","jetpack_publicize_message":"","jetpack_is_tweetstorm":false,"jetpack_publicize_feature_enabled":true},"categories":[22],"tags":[],"jetpack_publicize_connections":[],"acf":[],"aioseo_notices":[],"yoast_head":"<!-- This site is optimized with the Yoast SEO plugin v19.6.1 - https:\/\/yoast.com\/wordpress\/plugins\/seo\/ -->\n<title>La statue de Kobe Bryant et sa fille retir\u00e9e du lieu de l\u2019accident - 7culture<\/title>\n<meta name=\"robots\" content=\"index, follow, max-snippet:-1, max-image-preview:large, max-video-preview:-1\" \/>\n<link rel=\"canonical\" href=\"https:\/\/7culture.ci\/index.php\/2022\/01\/28\/la-statue-de-kobe-bryant-et-sa-fille-retiree-du-lieu-de-laccident\/\" \/>\n<meta property=\"og:locale\" content=\"fr_FR\" \/>\n<meta property=\"og:type\" content=\"article\" \/>\n<meta property=\"og:title\" content=\"La statue de Kobe Bryant et sa fille retir\u00e9e du lieu de l\u2019accident - 7culture\" \/>\n<meta property=\"og:description\" content=\"26 janvier 2020-26 janvier 2022. Voil\u00e0 d\u00e9j\u00e0 deux ans que Kobe Bryant, l\u2019un des plus grands basketteurs au monde, a trouv\u00e9 la mort dans un crash d\u2019avion. Pour honorer sa m\u00e9moire et tous ceux qui l\u2019accompagnaient dans cet ultime voyage, une statue en bronze repr\u00e9sentant KB24 et sa fille Gianna, tous deux d\u00e9c\u00e9d\u00e9s il y &hellip; La statue de Kobe Bryant et sa fille retir\u00e9e du lieu de l\u2019accident Lire la suite\u00a0\u00bb\" \/>\n<meta property=\"og:url\" content=\"https:\/\/7culture.ci\/index.php\/2022\/01\/28\/la-statue-de-kobe-bryant-et-sa-fille-retiree-du-lieu-de-laccident\/\" \/>\n<meta property=\"og:site_name\" content=\"7culture\" \/>\n<meta property=\"article:publisher\" content=\"https:\/\/www.facebook.com\/redchefclaude\" \/>\n<meta property=\"article:published_time\" content=\"2022-01-28T11:02:30+00:00\" \/>\n<meta property=\"article:modified_time\" content=\"2022-02-02T14:15:43+00:00\" \/>\n<meta property=\"og:image\" content=\"http:\/\/7culture.ci\/wp-content\/uploads\/2022\/01\/kobe2.jpg\" \/>\n\t<meta property=\"og:image:width\" content=\"728\" \/>\n\t<meta property=\"og:image:height\" content=\"470\" \/>\n\t<meta property=\"og:image:type\" content=\"image\/jpeg\" \/>\n<meta name=\"author\" content=\"7culture2020\" \/>\n<meta name=\"twitter:card\" content=\"summary_large_image\" \/>\n<meta name=\"twitter:creator\" content=\"@7culturec\" \/>\n<meta name=\"twitter:site\" content=\"@7culturec\" \/>\n<meta name=\"twitter:label1\" content=\"\u00c9crit par\" \/>\n\t<meta name=\"twitter:data1\" content=\"7culture2020\" \/>\n\t<meta name=\"twitter:label2\" content=\"Dur\u00e9e de lecture estim\u00e9e\" \/>\n\t<meta name=\"twitter:data2\" content=\"2 minutes\" \/>\n<script type=\"application\/ld+json\" class=\"yoast-schema-graph\">{\"@context\":\"https:\/\/schema.org\",\"@graph\":[{\"@type\":\"Article\",\"@id\":\"https:\/\/7culture.ci\/index.php\/2022\/01\/28\/la-statue-de-kobe-bryant-et-sa-fille-retiree-du-lieu-de-laccident\/#article\",\"isPartOf\":{\"@id\":\"https:\/\/7culture.ci\/index.php\/2022\/01\/28\/la-statue-de-kobe-bryant-et-sa-fille-retiree-du-lieu-de-laccident\/\"},\"author\":{\"name\":\"7culture2020\",\"@id\":\"https:\/\/7culture.ci\/#\/schema\/person\/16150d28d7ef66ba788c1f87f28c4426\"},\"headline\":\"La statue de Kobe Bryant et sa fille retir\u00e9e du lieu de l\u2019accident\",\"datePublished\":\"2022-01-28T11:02:30+00:00\",\"dateModified\":\"2022-02-02T14:15:43+00:00\",\"mainEntityOfPage\":{\"@id\":\"https:\/\/7culture.ci\/index.php\/2022\/01\/28\/la-statue-de-kobe-bryant-et-sa-fille-retiree-du-lieu-de-laccident\/\"},\"wordCount\":317,\"commentCount\":0,\"publisher\":{\"@id\":\"https:\/\/7culture.ci\/#organization\"},\"articleSection\":[\"Actualit\u00e9\"],\"inLanguage\":\"fr-FR\",\"potentialAction\":[{\"@type\":\"CommentAction\",\"name\":\"Comment\",\"target\":[\"https:\/\/7culture.ci\/index.php\/2022\/01\/28\/la-statue-de-kobe-bryant-et-sa-fille-retiree-du-lieu-de-laccident\/#respond\"]}]},{\"@type\":\"WebPage\",\"@id\":\"https:\/\/7culture.ci\/index.php\/2022\/01\/28\/la-statue-de-kobe-bryant-et-sa-fille-retiree-du-lieu-de-laccident\/\",\"url\":\"https:\/\/7culture.ci\/index.php\/2022\/01\/28\/la-statue-de-kobe-bryant-et-sa-fille-retiree-du-lieu-de-laccident\/\",\"name\":\"La statue de Kobe Bryant et sa fille retir\u00e9e du lieu de l\u2019accident - 7culture\",\"isPartOf\":{\"@id\":\"https:\/\/7culture.ci\/#website\"},\"datePublished\":\"2022-01-28T11:02:30+00:00\",\"dateModified\":\"2022-02-02T14:15:43+00:00\",\"breadcrumb\":{\"@id\":\"https:\/\/7culture.ci\/index.php\/2022\/01\/28\/la-statue-de-kobe-bryant-et-sa-fille-retiree-du-lieu-de-laccident\/#breadcrumb\"},\"inLanguage\":\"fr-FR\",\"potentialAction\":[{\"@type\":\"ReadAction\",\"target\":[\"https:\/\/7culture.ci\/index.php\/2022\/01\/28\/la-statue-de-kobe-bryant-et-sa-fille-retiree-du-lieu-de-laccident\/\"]}]},{\"@type\":\"BreadcrumbList\",\"@id\":\"https:\/\/7culture.ci\/index.php\/2022\/01\/28\/la-statue-de-kobe-bryant-et-sa-fille-retiree-du-lieu-de-laccident\/#breadcrumb\",\"itemListElement\":[{\"@type\":\"ListItem\",\"position\":1,\"name\":\"Accueil\",\"item\":\"https:\/\/7culture.ci\/\"},{\"@type\":\"ListItem\",\"position\":2,\"name\":\"La statue de Kobe Bryant et sa fille retir\u00e9e du lieu de l\u2019accident\"}]},{\"@type\":\"WebSite\",\"@id\":\"https:\/\/7culture.ci\/#website\",\"url\":\"https:\/\/7culture.ci\/\",\"name\":\"7culture\",\"description\":\"Tout sur l&#039;actualit\u00e9\",\"publisher\":{\"@id\":\"https:\/\/7culture.ci\/#organization\"},\"potentialAction\":[{\"@type\":\"SearchAction\",\"target\":{\"@type\":\"EntryPoint\",\"urlTemplate\":\"https:\/\/7culture.ci\/?s={search_term_string}\"},\"query-input\":\"required name=search_term_string\"}],\"inLanguage\":\"fr-FR\"},{\"@type\":\"Organization\",\"@id\":\"https:\/\/7culture.ci\/#organization\",\"name\":\"7culture\",\"url\":\"https:\/\/7culture.ci\/\",\"sameAs\":[\"https:\/\/www.facebook.com\/redchefclaude\",\"https:\/\/twitter.com\/7culturec\"],\"logo\":{\"@type\":\"ImageObject\",\"inLanguage\":\"fr-FR\",\"@id\":\"https:\/\/7culture.ci\/#\/schema\/logo\/image\/\",\"url\":\"https:\/\/7culture.ci\/wp-content\/uploads\/2021\/12\/S1a-1.png\",\"contentUrl\":\"https:\/\/7culture.ci\/wp-content\/uploads\/2021\/12\/S1a-1.png\",\"width\":588,\"height\":192,\"caption\":\"7culture\"},\"image\":{\"@id\":\"https:\/\/7culture.ci\/#\/schema\/logo\/image\/\"}},{\"@type\":\"Person\",\"@id\":\"https:\/\/7culture.ci\/#\/schema\/person\/16150d28d7ef66ba788c1f87f28c4426\",\"name\":\"7culture2020\",\"image\":{\"@type\":\"ImageObject\",\"inLanguage\":\"fr-FR\",\"@id\":\"https:\/\/7culture.ci\/#\/schema\/person\/image\/\",\"url\":\"https:\/\/secure.gravatar.com\/avatar\/9a0784f951306c37bcd065f52844ef95?s=96&d=mm&r=g\",\"contentUrl\":\"https:\/\/secure.gravatar.com\/avatar\/9a0784f951306c37bcd065f52844ef95?s=96&d=mm&r=g\",\"caption\":\"7culture2020\"},\"sameAs\":[\"http:\/\/7culture.ci\",\"Claude.kipre\"],\"url\":\"https:\/\/7culture.ci\/index.php\/author\/7culture2020\/\"}]}<\/script>\n<!-- \/ Yoast SEO plugin. -->","yoast_head_json":{"title":"La statue de Kobe Bryant et sa fille retir\u00e9e du lieu de l\u2019accident - 7culture","robots":{"index":"index","follow":"follow","max-snippet":"max-snippet:-1","max-image-preview":"max-image-preview:large","max-video-preview":"max-video-preview:-1"},"canonical":"https:\/\/7culture.ci\/index.php\/2022\/01\/28\/la-statue-de-kobe-bryant-et-sa-fille-retiree-du-lieu-de-laccident\/","og_locale":"fr_FR","og_type":"article","og_title":"La statue de Kobe Bryant et sa fille retir\u00e9e du lieu de l\u2019accident - 7culture","og_description":"26 janvier 2020-26 janvier 2022. Voil\u00e0 d\u00e9j\u00e0 deux ans que Kobe Bryant, l\u2019un des plus grands basketteurs au monde, a trouv\u00e9 la mort dans un crash d\u2019avion. Pour honorer sa m\u00e9moire et tous ceux qui l\u2019accompagnaient dans cet ultime voyage, une statue en bronze repr\u00e9sentant KB24 et sa fille Gianna, tous deux d\u00e9c\u00e9d\u00e9s il y &hellip; La statue de Kobe Bryant et sa fille retir\u00e9e du lieu de l\u2019accident Lire la suite\u00a0\u00bb","og_url":"https:\/\/7culture.ci\/index.php\/2022\/01\/28\/la-statue-de-kobe-bryant-et-sa-fille-retiree-du-lieu-de-laccident\/","og_site_name":"7culture","article_publisher":"https:\/\/www.facebook.com\/redchefclaude","article_published_time":"2022-01-28T11:02:30+00:00","article_modified_time":"2022-02-02T14:15:43+00:00","og_image":[{"width":728,"height":470,"url":"http:\/\/7culture.ci\/wp-content\/uploads\/2022\/01\/kobe2.jpg","type":"image\/jpeg"}],"author":"7culture2020","twitter_card":"summary_large_image","twitter_creator":"@7culturec","twitter_site":"@7culturec","twitter_misc":{"\u00c9crit par":"7culture2020","Dur\u00e9e de lecture estim\u00e9e":"2 minutes"},"schema":{"@context":"https:\/\/schema.org","@graph":[{"@type":"Article","@id":"https:\/\/7culture.ci\/index.php\/2022\/01\/28\/la-statue-de-kobe-bryant-et-sa-fille-retiree-du-lieu-de-laccident\/#article","isPartOf":{"@id":"https:\/\/7culture.ci\/index.php\/2022\/01\/28\/la-statue-de-kobe-bryant-et-sa-fille-retiree-du-lieu-de-laccident\/"},"author":{"name":"7culture2020","@id":"https:\/\/7culture.ci\/#\/schema\/person\/16150d28d7ef66ba788c1f87f28c4426"},"headline":"La statue de Kobe Bryant et sa fille retir\u00e9e du lieu de l\u2019accident","datePublished":"2022-01-28T11:02:30+00:00","dateModified":"2022-02-02T14:15:43+00:00","mainEntityOfPage":{"@id":"https:\/\/7culture.ci\/index.php\/2022\/01\/28\/la-statue-de-kobe-bryant-et-sa-fille-retiree-du-lieu-de-laccident\/"},"wordCount":317,"commentCount":0,"publisher":{"@id":"https:\/\/7culture.ci\/#organization"},"articleSection":["Actualit\u00e9"],"inLanguage":"fr-FR","potentialAction":[{"@type":"CommentAction","name":"Comment","target":["https:\/\/7culture.ci\/index.php\/2022\/01\/28\/la-statue-de-kobe-bryant-et-sa-fille-retiree-du-lieu-de-laccident\/#respond"]}]},{"@type":"WebPage","@id":"https:\/\/7culture.ci\/index.php\/2022\/01\/28\/la-statue-de-kobe-bryant-et-sa-fille-retiree-du-lieu-de-laccident\/","url":"https:\/\/7culture.ci\/index.php\/2022\/01\/28\/la-statue-de-kobe-bryant-et-sa-fille-retiree-du-lieu-de-laccident\/","name":"La statue de Kobe Bryant et sa fille retir\u00e9e du lieu de l\u2019accident - 7culture","isPartOf":{"@id":"https:\/\/7culture.ci\/#website"},"datePublished":"2022-01-28T11:02:30+00:00","dateModified":"2022-02-02T14:15:43+00:00","breadcrumb":{"@id":"https:\/\/7culture.ci\/index.php\/2022\/01\/28\/la-statue-de-kobe-bryant-et-sa-fille-retiree-du-lieu-de-laccident\/#breadcrumb"},"inLanguage":"fr-FR","potentialAction":[{"@type":"ReadAction","target":["https:\/\/7culture.ci\/index.php\/2022\/01\/28\/la-statue-de-kobe-bryant-et-sa-fille-retiree-du-lieu-de-laccident\/"]}]},{"@type":"BreadcrumbList","@id":"https:\/\/7culture.ci\/index.php\/2022\/01\/28\/la-statue-de-kobe-bryant-et-sa-fille-retiree-du-lieu-de-laccident\/#breadcrumb","itemListElement":[{"@type":"ListItem","position":1,"name":"Accueil","item":"https:\/\/7culture.ci\/"},{"@type":"ListItem","position":2,"name":"La statue de Kobe Bryant et sa fille retir\u00e9e du lieu de l\u2019accident"}]},{"@type":"WebSite","@id":"https:\/\/7culture.ci\/#website","url":"https:\/\/7culture.ci\/","name":"7culture","description":"Tout sur l&#039;actualit\u00e9","publisher":{"@id":"https:\/\/7culture.ci\/#organization"},"potentialAction":[{"@type":"SearchAction","target":{"@type":"EntryPoint","urlTemplate":"https:\/\/7culture.ci\/?s={search_term_string}"},"query-input":"required name=search_term_string"}],"inLanguage":"fr-FR"},{"@type":"Organization","@id":"https:\/\/7culture.ci\/#organization","name":"7culture","url":"https:\/\/7culture.ci\/","sameAs":["https:\/\/www.facebook.com\/redchefclaude","https:\/\/twitter.com\/7culturec"],"logo":{"@type":"ImageObject","inLanguage":"fr-FR","@id":"https:\/\/7culture.ci\/#\/schema\/logo\/image\/","url":"https:\/\/7culture.ci\/wp-content\/uploads\/2021\/12\/S1a-1.png","contentUrl":"https:\/\/7culture.ci\/wp-content\/uploads\/2021\/12\/S1a-1.png","width":588,"height":192,"caption":"7culture"},"image":{"@id":"https:\/\/7culture.ci\/#\/schema\/logo\/image\/"}},{"@type":"Person","@id":"https:\/\/7culture.ci\/#\/schema\/person\/16150d28d7ef66ba788c1f87f28c4426","name":"7culture2020","image":{"@type":"ImageObject","inLanguage":"fr-FR","@id":"https:\/\/7culture.ci\/#\/schema\/person\/image\/","url":"https:\/\/secure.gravatar.com\/avatar\/9a0784f951306c37bcd065f52844ef95?s=96&d=mm&r=g","contentUrl":"https:\/\/secure.gravatar.com\/avatar\/9a0784f951306c37bcd065f52844ef95?s=96&d=mm&r=g","caption":"7culture2020"},"sameAs":["http:\/\/7culture.ci","Claude.kipre"],"url":"https:\/\/7culture.ci\/index.php\/author\/7culture2020\/"}]}},"jetpack_featured_media_url":"https:\/\/7culture.ci\/wp-content\/uploads\/2022\/01\/kobe2.jpg","jetpack_likes_enabled":true,"jetpack_sharing_enabled":true,"_links":{"self":[{"href":"https:\/\/7culture.ci\/index.php\/wp-json\/wp\/v2\/posts\/19452"}],"collection":[{"href":"https:\/\/7culture.ci\/index.php\/wp-json\/wp\/v2\/posts"}],"about":[{"href":"https:\/\/7culture.ci\/index.php\/wp-json\/wp\/v2\/types\/post"}],"author":[{"embeddable":true,"href":"https:\/\/7culture.ci\/index.php\/wp-json\/wp\/v2\/users\/1"}],"replies":[{"embeddable":true,"href":"https:\/\/7culture.ci\/index.php\/wp-json\/wp\/v2\/comments?post=19452"}],"version-history":[{"count":0,"href":"https:\/\/7culture.ci\/index.php\/wp-json\/wp\/v2\/posts\/19452\/revisions"}],"wp:featuredmedia":[{"embeddable":true,"href":"https:\/\/7culture.ci\/index.php\/wp-json\/wp\/v2\/media\/19453"}],"wp:attachment":[{"href":"https:\/\/7culture.ci\/index.php\/wp-json\/wp\/v2\/media?parent=19452"}],"wp:term":[{"taxonomy":"category","embeddable":true,"href":"https:\/\/7culture.ci\/index.php\/wp-json\/wp\/v2\/categories?post=19452"},{"taxonomy":"post_tag","embeddable":true,"href":"https:\/\/7culture.ci\/index.php\/wp-json\/wp\/v2\/tags?post=19452"}],"curies":[{"name":"wp","href":"https:\/\/api.w.org\/{rel}","templated":true}]}}