{"id":19401,"date":"2022-01-27T16:25:23","date_gmt":"2022-01-27T15:25:23","guid":{"rendered":"https:\/\/7culture.ci\/?p=19401"},"modified":"2022-01-27T16:25:30","modified_gmt":"2022-01-27T15:25:30","slug":"jean-louis-koula-dessaisi-du-projet-du-film-les-frasques-debinto","status":"publish","type":"post","link":"https:\/\/7culture.ci\/index.php\/2022\/01\/27\/jean-louis-koula-dessaisi-du-projet-du-film-les-frasques-debinto\/","title":{"rendered":"Jean-Louis Koula, dessaisi du projet du film Les frasques d\u2019Ebinto"},"content":{"rendered":"\n<p><strong><em>Install\u00e9 aux Etats-Unis depuis de nombreuses ann\u00e9es, Jean-Louis Koula est un r\u00e9alisateur ivoirien bien connu du monde du cin\u00e9ma. Il s\u2019\u00e9tait engag\u00e9 \u00e0 adapter au cin\u00e9ma \u2018\u2019Les frasques d\u2019Ebinto\u2019\u2019, le c\u00e9l\u00e8bre romain de son compatriote Amadou Kon\u00e9. Mais le projet n\u2019a pas abouti. Tentative d\u2019explications dans l\u2019entretien qui suit.<\/em><\/strong><\/p>\n\n\n\n<p><strong>. Voil\u00e0 plus de trois ans que vous avez lanc\u00e9 le premier clap de votre projet de film \u2018\u2019Les frasques d\u2019Ebinto \u00e0 Jacqueville. Puis plus de nouvelle.<\/strong><\/p>\n\n\n\n<ul><li>Merci de me donner l\u2019opportunit\u00e9 de parler de ce projet qui m\u2019\u00e9tait tr\u00e8s cher. Voyez-vous, c\u2019est vraiment avec beaucoup d\u2019amertumes et de regrets que j\u2019aborde chaque fois ce sujet.<\/li><\/ul>\n\n\n\n<p><strong>. A ce point&nbsp;! Que s\u2019est-il donc pass\u00e9 ?<\/strong><\/p>\n\n\n\n<ul><li>Pour mieux exprimer mes sentiments, je vais vous donner une image. En effet, ce projet est pour moi comme une femme enceinte qui apr\u00e8s avoir port\u00e9 une grossesse pendant neuf mois avec beaucoup de difficult\u00e9s, accouche au finish d\u2019un mort-n\u00e9. J\u2019ai port\u00e9 ce projet durant deux d\u00e9cennies pour au finish me le voir retirer.<\/li><\/ul>\n\n\n\n<p><strong>. Pouvez-vous \u00eatre plus clair&nbsp;?<\/strong><\/p>\n\n\n\n<ul><li>En clair, depuis 2019, je me suis retir\u00e9 de ce projet. J\u2019ai rendu les droits du roman \u00e0 l\u2019auteur (Amadou Kon\u00e9, ndlr) qui me l\u2019avait r\u00e9clam\u00e9<\/li><\/ul>\n\n\n\n<p><strong>. Et quels en sont les raisons?<\/strong><\/p>\n\n\n\n<ul><li>Pour la simple raison que le projet a mis trop de temps pour se r\u00e9aliser et l\u2019auteur \u00e9tait l\u2019objet de plusieurs sollicitations de producteurs qui voulaient r\u00e9aliser ce projet.<\/li><\/ul>\n\n\n\n<p><strong>. Mais qu\u2019est-ce qui a bloqu\u00e9 concr\u00e8tement la r\u00e9alisation \u00e0 votre niveau pourtant tout \u00e9tait bien parti avec le lancement en grandes pompes&nbsp;?<\/strong><\/p>\n\n\n\n<ul><li>Il y a eu effectivement un probl\u00e8me de financement. Quand on lit le roman, l\u2019histoire est tr\u00e8s passionnante. Mais en dehors de l\u2019histoire, moi, j\u2019ai une autre vision. Je voulais en faire un film d\u2019\u00e9poque c\u2019est-\u00e0-dire restituer le film dans la p\u00e9riode des ann\u00e9es 1970. Cela fait appel \u00e0 des d\u00e9cors, des accessoires, de la coiffure et du mode vestimentaire de cette \u00e9poque. Or, vous convenez avec moi que les lieux d\u00e9crits dans le roman&nbsp; ont subi beaucoup de changement, le coll\u00e8ge moderne de Grand-Bassam n\u2019est plus le m\u00eame avec des splits\u2026 La ville a chang\u00e9. On ne peut pas poser la camera sans d\u00e9couvrir des antennes paraboliques etc.<\/li><\/ul>\n\n\n\n<p><strong>. Mais vous pourriez contourner ces difficult\u00e9s en faisant ce film au pr\u00e9sent en l\u2019adaptant \u00e0 la r\u00e9alit\u00e9 de nos jours\u2026<\/strong><\/p>\n\n\n\n<ul><li>Oui on m\u2019a propos\u00e9 cela mais vous savez que je suis un grand nostalgique car l\u2019histoire d\u2019Ebinto est aussi mon histoire. C\u2019\u00e9tait mes ann\u00e9es coll\u00e8ges. En racontant cette histoire au pr\u00e9sent, j\u2019avais peur de me trouver dans des situations anachroniques.<\/li><\/ul>\n\n\n\n<p><strong>. Je ne comprends pas\u2026<\/strong><\/p>\n\n\n\n<ul><li>Voyez l\u2019histoire d\u2019Ebinto apr\u00e8s le brevet. Il a \u00e9t\u00e9 oblig\u00e9 de travailler pour s\u2019occuper de la grossesse de Monique. Cela voudrait dire qu\u2019il n\u2019\u00e9tait plus mineur. Cela s\u2019explique par le fait qu\u2019\u00e0 cette \u00e9poque, on allait trop \u00e2g\u00e9 \u00e0 l\u2019\u00e9cole. Si cela avait \u00e9t\u00e9 au temps pr\u00e9sent, Ebinto aurait au plus 16 ans avec le BEPC car de nos jours, les enfants vont \u00e0 l\u2019\u00e9cole trop jeunes.<\/li><\/ul>\n\n\n\n<figure class=\"wp-block-gallery columns-2 is-cropped wp-block-gallery-1 is-layout-flex wp-block-gallery-is-layout-flex\"><ul class=\"blocks-gallery-grid\"><li class=\"blocks-gallery-item\"><figure><img loading=\"lazy\" decoding=\"async\" width=\"606\" height=\"808\" src=\"https:\/\/7culture.ci\/wp-content\/uploads\/2022\/01\/Jean-Louis-Koula1.jpg\" alt=\"\" data-id=\"19403\" data-full-url=\"https:\/\/7culture.ci\/wp-content\/uploads\/2022\/01\/Jean-Louis-Koula1.jpg\" data-link=\"https:\/\/7culture.ci\/?attachment_id=19403\" class=\"wp-image-19403\" srcset=\"https:\/\/7culture.ci\/wp-content\/uploads\/2022\/01\/Jean-Louis-Koula1.jpg 606w, https:\/\/7culture.ci\/wp-content\/uploads\/2022\/01\/Jean-Louis-Koula1-225x300.jpg 225w\" sizes=\"(max-width: 606px) 100vw, 606px\" \/><\/figure><\/li><li class=\"blocks-gallery-item\"><figure><img loading=\"lazy\" decoding=\"async\" width=\"540\" height=\"960\" src=\"https:\/\/7culture.ci\/wp-content\/uploads\/2022\/01\/Jean-Louis-Koula4.jpg\" alt=\"\" data-id=\"19404\" data-full-url=\"https:\/\/7culture.ci\/wp-content\/uploads\/2022\/01\/Jean-Louis-Koula4.jpg\" data-link=\"https:\/\/7culture.ci\/?attachment_id=19404\" class=\"wp-image-19404\" srcset=\"https:\/\/7culture.ci\/wp-content\/uploads\/2022\/01\/Jean-Louis-Koula4.jpg 540w, https:\/\/7culture.ci\/wp-content\/uploads\/2022\/01\/Jean-Louis-Koula4-169x300.jpg 169w\" sizes=\"(max-width: 540px) 100vw, 540px\" \/><\/figure><\/li><\/ul><\/figure>\n\n\n\n<p><strong>. Mais vous saviez tout cela avant de choisir ce sujet. N\u2019est-ce pas&nbsp;?<\/strong><\/p>\n\n\n\n<ul><li>Oui en effet&nbsp;! Mais le cin\u00e9ma d\u2019aujourd\u2019hui fait intervenir l\u2019informatique. Ne pouvant pas reconstruire les d\u00e9cors des ann\u00e9es 1970, on peut faire intervenir l\u2019informatique et cela co\u00fbte beaucoup d\u2019argent. J\u2019ai contact\u00e9 un studio au Japon qui, \u00e0 partir d\u2019anciennes photos, pouvait r\u00e9aliser cela. Mais il fallait trouver les moyens. C\u2019est la raison qui a retard\u00e9 la r\u00e9alisation de ce projet.<\/li><\/ul>\n\n\n\n<p><strong>. Et pourtant vous avez eu un apport financier du minist\u00e8re de la culture et ce n\u2019est pas un secret\u2026<\/strong><\/p>\n\n\n\n<ul><li>Effectivement, la participation du minist\u00e8re repr\u00e9sentait 10% du budget mais je devais compter sur une production am\u00e9ricaine qui devait prendre en compte 65%&nbsp; du projet.<\/li><\/ul>\n\n\n\n<p><strong>. Mais, quel est alors le probl\u00e8me?<\/strong><\/p>\n\n\n\n<ul><li>Le probl\u00e8me, c\u2019est que ce producteur s\u2019est retir\u00e9 \u00e0 cause des nombreux reports \u00e0 mon niveau.<\/li><\/ul>\n\n\n\n<p><strong>. Et qu\u2019est-ce qui expliquait ces reports?<\/strong><\/p>\n\n\n\n<figure class=\"wp-block-gallery columns-2 is-cropped wp-block-gallery-2 is-layout-flex wp-block-gallery-is-layout-flex\"><ul class=\"blocks-gallery-grid\"><li class=\"blocks-gallery-item\"><figure><img loading=\"lazy\" decoding=\"async\" width=\"303\" height=\"404\" src=\"https:\/\/7culture.ci\/wp-content\/uploads\/2022\/01\/Jean-Louis-Koula5.jpg\" alt=\"\" data-id=\"19405\" data-full-url=\"https:\/\/7culture.ci\/wp-content\/uploads\/2022\/01\/Jean-Louis-Koula5.jpg\" data-link=\"https:\/\/7culture.ci\/?attachment_id=19405\" class=\"wp-image-19405\" srcset=\"https:\/\/7culture.ci\/wp-content\/uploads\/2022\/01\/Jean-Louis-Koula5.jpg 303w, https:\/\/7culture.ci\/wp-content\/uploads\/2022\/01\/Jean-Louis-Koula5-225x300.jpg 225w\" sizes=\"(max-width: 303px) 100vw, 303px\" \/><\/figure><\/li><li class=\"blocks-gallery-item\"><figure><img loading=\"lazy\" decoding=\"async\" width=\"432\" height=\"768\" src=\"https:\/\/7culture.ci\/wp-content\/uploads\/2022\/01\/Jean-Louis-Koula6.jpg\" alt=\"\" data-id=\"19406\" data-full-url=\"https:\/\/7culture.ci\/wp-content\/uploads\/2022\/01\/Jean-Louis-Koula6.jpg\" data-link=\"https:\/\/7culture.ci\/?attachment_id=19406\" class=\"wp-image-19406\" srcset=\"https:\/\/7culture.ci\/wp-content\/uploads\/2022\/01\/Jean-Louis-Koula6.jpg 432w, https:\/\/7culture.ci\/wp-content\/uploads\/2022\/01\/Jean-Louis-Koula6-169x300.jpg 169w\" sizes=\"(max-width: 432px) 100vw, 432px\" \/><\/figure><\/li><\/ul><\/figure>\n\n\n\n<ul><li>Cela \u00e9tait d\u00fb \u00e0 de graves incompr\u00e9hensions au niveau du d\u00e9caissement des fonds au minist\u00e8re de la culture. Nous avons pass\u00e9 la majeure partie du temps \u00e0 r\u00e9gler des probl\u00e8mes de proc\u00e9dure. Alors que le temps passait. Par exemple, on nous demandait de visionner les premi\u00e8res images avant d\u00e9caissement de la 2<sup>e<\/sup> tranche qui devait nous permettre de financer le tournage. La premi\u00e8re tranche d\u00e9caiss\u00e9e ayant servi \u00e0 la pr\u00e9paration, cela \u00e9tait impossible pour la simple raison qu\u2019on n\u2019avait pas tourn\u00e9.<\/li><\/ul>\n\n\n\n<p><strong>. Mais cela n\u2019a pas fait l\u2019objet d\u2019un accord avant le d\u00e9but de la production?<\/strong><\/p>\n\n\n\n<ul><li>Vous avez, pour faire un film, il faut un dossier technique dans lequel on consigne le plan de financement qui mentionne tous les coproducteurs avec leur apport. Dans ce plan de financement, il est clairement inscrit l\u2019apport du minist\u00e8re et les chapitres \u00e0 financer. Il est inscrit financement de la r\u00e9gie c\u2019est-\u00e0-dire les salaires des techniciens ivoiriens, des com\u00e9diens, de la nourriture, l\u2019h\u00e9bergement, le transport, les d\u00e9cors\u2026 A partir de ce moment o\u00f9 le tournage commence, on ne peut pas l\u2019arr\u00eater pour attendre un d\u00e9caissement qui prend parfois plusieurs mois. Bref, tout cela a eu pour cons\u00e9quence, le retrait de mon partenaire et l\u2019arr\u00eat du projet.<\/li><\/ul>\n\n\n\n<p><strong>. Aujourd\u2019hui, quels sont vos projets imm\u00e9diats&nbsp;?<\/strong><\/p>\n\n\n\n<ul><li>Dans l\u2019imm\u00e9diat, je vais faire le point de la production et restituer le reste des fonds non utilis\u00e9s pour la r\u00e9alisation du film \u2018\u2019Les frasques d\u2019Ebinto\u2019\u2019. Ensuite, je vais reprendre mon projet de long m\u00e9trage \u2018\u2019La fille au diamant\u2019\u2019.<\/li><\/ul>\n\n\n\n<p>Par Omar AK<\/p>\n","protected":false},"excerpt":{"rendered":"<p>Install\u00e9 aux Etats-Unis depuis de nombreuses ann\u00e9es, Jean-Louis Koula est un r\u00e9alisateur ivoirien bien connu du monde du cin\u00e9ma. Il s\u2019\u00e9tait engag\u00e9 \u00e0 adapter au cin\u00e9ma \u2018\u2019Les frasques d\u2019Ebinto\u2019\u2019, le c\u00e9l\u00e8bre romain de son compatriote Amadou Kon\u00e9. Mais le projet n\u2019a pas abouti. Tentative d\u2019explications dans l\u2019entretien qui suit. . Voil\u00e0 plus de trois ans &hellip;<\/p>\n<p class=\"read-more\"> <a class=\"\" href=\"https:\/\/7culture.ci\/index.php\/2022\/01\/27\/jean-louis-koula-dessaisi-du-projet-du-film-les-frasques-debinto\/\"> <span class=\"screen-reader-text\">Jean-Louis Koula, dessaisi du projet du film Les frasques d\u2019Ebinto<\/span> Lire la suite\u00a0\u00bb<\/a><\/p>\n","protected":false},"author":1,"featured_media":19402,"comment_status":"open","ping_status":"open","sticky":false,"template":"","format":"standard","meta":{"_mi_skip_tracking":false,"_monsterinsights_sitenote_active":false,"_monsterinsights_sitenote_note":"","_monsterinsights_sitenote_category":0,"site-sidebar-layout":"default","site-content-layout":"default","ast-global-header-display":"","ast-main-header-display":"","ast-hfb-above-header-display":"","ast-hfb-below-header-display":"","ast-hfb-mobile-header-display":"","site-post-title":"","ast-breadcrumbs-content":"","ast-featured-img":"","footer-sml-layout":"","theme-transparent-header-meta":"","adv-header-id-meta":"","stick-header-meta":"","header-above-stick-meta":"","header-main-stick-meta":"","header-below-stick-meta":"","footnotes":"","jetpack_publicize_message":"","jetpack_is_tweetstorm":false,"jetpack_publicize_feature_enabled":true},"categories":[40],"tags":[],"jetpack_publicize_connections":[],"acf":[],"aioseo_notices":[],"yoast_head":"<!-- This site is optimized with the Yoast SEO plugin v19.6.1 - https:\/\/yoast.com\/wordpress\/plugins\/seo\/ -->\n<title>Jean-Louis Koula, dessaisi du projet du film Les frasques d\u2019Ebinto -<\/title>\n<meta name=\"robots\" content=\"index, follow, max-snippet:-1, max-image-preview:large, max-video-preview:-1\" \/>\n<link rel=\"canonical\" href=\"https:\/\/7culture.ci\/index.php\/2022\/01\/27\/jean-louis-koula-dessaisi-du-projet-du-film-les-frasques-debinto\/\" \/>\n<meta property=\"og:locale\" content=\"fr_FR\" \/>\n<meta property=\"og:type\" content=\"article\" \/>\n<meta property=\"og:title\" content=\"Jean-Louis Koula, dessaisi du projet du film Les frasques d\u2019Ebinto -\" \/>\n<meta property=\"og:description\" content=\"Install\u00e9 aux Etats-Unis depuis de nombreuses ann\u00e9es, Jean-Louis Koula est un r\u00e9alisateur ivoirien bien connu du monde du cin\u00e9ma. Il s\u2019\u00e9tait engag\u00e9 \u00e0 adapter au cin\u00e9ma \u2018\u2019Les frasques d\u2019Ebinto\u2019\u2019, le c\u00e9l\u00e8bre romain de son compatriote Amadou Kon\u00e9. Mais le projet n\u2019a pas abouti. Tentative d\u2019explications dans l\u2019entretien qui suit. . Voil\u00e0 plus de trois ans &hellip; Jean-Louis Koula, dessaisi du projet du film Les frasques d\u2019Ebinto Lire la suite\u00a0\u00bb\" \/>\n<meta property=\"og:url\" content=\"https:\/\/7culture.ci\/index.php\/2022\/01\/27\/jean-louis-koula-dessaisi-du-projet-du-film-les-frasques-debinto\/\" \/>\n<meta property=\"og:site_name\" content=\"7culture\" \/>\n<meta property=\"article:publisher\" content=\"https:\/\/www.facebook.com\/redchefclaude\" \/>\n<meta property=\"article:published_time\" content=\"2022-01-27T15:25:23+00:00\" \/>\n<meta property=\"article:modified_time\" content=\"2022-01-27T15:25:30+00:00\" \/>\n<meta property=\"og:image\" content=\"http:\/\/7culture.ci\/wp-content\/uploads\/2022\/01\/Jean-Louis-Koula2.jpg\" \/>\n\t<meta property=\"og:image:width\" content=\"600\" \/>\n\t<meta property=\"og:image:height\" content=\"800\" \/>\n\t<meta property=\"og:image:type\" content=\"image\/jpeg\" \/>\n<meta name=\"author\" content=\"7culture2020\" \/>\n<meta name=\"twitter:card\" content=\"summary_large_image\" \/>\n<meta name=\"twitter:creator\" content=\"@7culturec\" \/>\n<meta name=\"twitter:site\" content=\"@7culturec\" \/>\n<meta name=\"twitter:label1\" content=\"\u00c9crit par\" \/>\n\t<meta name=\"twitter:data1\" content=\"7culture2020\" \/>\n\t<meta name=\"twitter:label2\" content=\"Dur\u00e9e de lecture estim\u00e9e\" \/>\n\t<meta name=\"twitter:data2\" content=\"6 minutes\" \/>\n<script type=\"application\/ld+json\" class=\"yoast-schema-graph\">{\"@context\":\"https:\/\/schema.org\",\"@graph\":[{\"@type\":\"Article\",\"@id\":\"https:\/\/7culture.ci\/index.php\/2022\/01\/27\/jean-louis-koula-dessaisi-du-projet-du-film-les-frasques-debinto\/#article\",\"isPartOf\":{\"@id\":\"https:\/\/7culture.ci\/index.php\/2022\/01\/27\/jean-louis-koula-dessaisi-du-projet-du-film-les-frasques-debinto\/\"},\"author\":{\"name\":\"7culture2020\",\"@id\":\"https:\/\/7culture.ci\/#\/schema\/person\/16150d28d7ef66ba788c1f87f28c4426\"},\"headline\":\"Jean-Louis Koula, dessaisi du projet du film Les frasques d\u2019Ebinto\",\"datePublished\":\"2022-01-27T15:25:23+00:00\",\"dateModified\":\"2022-01-27T15:25:30+00:00\",\"mainEntityOfPage\":{\"@id\":\"https:\/\/7culture.ci\/index.php\/2022\/01\/27\/jean-louis-koula-dessaisi-du-projet-du-film-les-frasques-debinto\/\"},\"wordCount\":1022,\"commentCount\":0,\"publisher\":{\"@id\":\"https:\/\/7culture.ci\/#organization\"},\"articleSection\":[\"Interview\"],\"inLanguage\":\"fr-FR\",\"potentialAction\":[{\"@type\":\"CommentAction\",\"name\":\"Comment\",\"target\":[\"https:\/\/7culture.ci\/index.php\/2022\/01\/27\/jean-louis-koula-dessaisi-du-projet-du-film-les-frasques-debinto\/#respond\"]}]},{\"@type\":\"WebPage\",\"@id\":\"https:\/\/7culture.ci\/index.php\/2022\/01\/27\/jean-louis-koula-dessaisi-du-projet-du-film-les-frasques-debinto\/\",\"url\":\"https:\/\/7culture.ci\/index.php\/2022\/01\/27\/jean-louis-koula-dessaisi-du-projet-du-film-les-frasques-debinto\/\",\"name\":\"Jean-Louis Koula, dessaisi du projet du film Les frasques d\u2019Ebinto -\",\"isPartOf\":{\"@id\":\"https:\/\/7culture.ci\/#website\"},\"datePublished\":\"2022-01-27T15:25:23+00:00\",\"dateModified\":\"2022-01-27T15:25:30+00:00\",\"breadcrumb\":{\"@id\":\"https:\/\/7culture.ci\/index.php\/2022\/01\/27\/jean-louis-koula-dessaisi-du-projet-du-film-les-frasques-debinto\/#breadcrumb\"},\"inLanguage\":\"fr-FR\",\"potentialAction\":[{\"@type\":\"ReadAction\",\"target\":[\"https:\/\/7culture.ci\/index.php\/2022\/01\/27\/jean-louis-koula-dessaisi-du-projet-du-film-les-frasques-debinto\/\"]}]},{\"@type\":\"BreadcrumbList\",\"@id\":\"https:\/\/7culture.ci\/index.php\/2022\/01\/27\/jean-louis-koula-dessaisi-du-projet-du-film-les-frasques-debinto\/#breadcrumb\",\"itemListElement\":[{\"@type\":\"ListItem\",\"position\":1,\"name\":\"Accueil\",\"item\":\"https:\/\/7culture.ci\/\"},{\"@type\":\"ListItem\",\"position\":2,\"name\":\"Jean-Louis Koula, dessaisi du projet du film Les frasques d\u2019Ebinto\"}]},{\"@type\":\"WebSite\",\"@id\":\"https:\/\/7culture.ci\/#website\",\"url\":\"https:\/\/7culture.ci\/\",\"name\":\"7culture\",\"description\":\"Tout sur l&#039;actualit\u00e9\",\"publisher\":{\"@id\":\"https:\/\/7culture.ci\/#organization\"},\"potentialAction\":[{\"@type\":\"SearchAction\",\"target\":{\"@type\":\"EntryPoint\",\"urlTemplate\":\"https:\/\/7culture.ci\/?s={search_term_string}\"},\"query-input\":\"required name=search_term_string\"}],\"inLanguage\":\"fr-FR\"},{\"@type\":\"Organization\",\"@id\":\"https:\/\/7culture.ci\/#organization\",\"name\":\"7culture\",\"url\":\"https:\/\/7culture.ci\/\",\"sameAs\":[\"https:\/\/www.facebook.com\/redchefclaude\",\"https:\/\/twitter.com\/7culturec\"],\"logo\":{\"@type\":\"ImageObject\",\"inLanguage\":\"fr-FR\",\"@id\":\"https:\/\/7culture.ci\/#\/schema\/logo\/image\/\",\"url\":\"https:\/\/7culture.ci\/wp-content\/uploads\/2021\/12\/S1a-1.png\",\"contentUrl\":\"https:\/\/7culture.ci\/wp-content\/uploads\/2021\/12\/S1a-1.png\",\"width\":588,\"height\":192,\"caption\":\"7culture\"},\"image\":{\"@id\":\"https:\/\/7culture.ci\/#\/schema\/logo\/image\/\"}},{\"@type\":\"Person\",\"@id\":\"https:\/\/7culture.ci\/#\/schema\/person\/16150d28d7ef66ba788c1f87f28c4426\",\"name\":\"7culture2020\",\"image\":{\"@type\":\"ImageObject\",\"inLanguage\":\"fr-FR\",\"@id\":\"https:\/\/7culture.ci\/#\/schema\/person\/image\/\",\"url\":\"https:\/\/secure.gravatar.com\/avatar\/9a0784f951306c37bcd065f52844ef95?s=96&d=mm&r=g\",\"contentUrl\":\"https:\/\/secure.gravatar.com\/avatar\/9a0784f951306c37bcd065f52844ef95?s=96&d=mm&r=g\",\"caption\":\"7culture2020\"},\"sameAs\":[\"http:\/\/7culture.ci\",\"Claude.kipre\"],\"url\":\"https:\/\/7culture.ci\/index.php\/author\/7culture2020\/\"}]}<\/script>\n<!-- \/ Yoast SEO plugin. -->","yoast_head_json":{"title":"Jean-Louis Koula, dessaisi du projet du film Les frasques d\u2019Ebinto -","robots":{"index":"index","follow":"follow","max-snippet":"max-snippet:-1","max-image-preview":"max-image-preview:large","max-video-preview":"max-video-preview:-1"},"canonical":"https:\/\/7culture.ci\/index.php\/2022\/01\/27\/jean-louis-koula-dessaisi-du-projet-du-film-les-frasques-debinto\/","og_locale":"fr_FR","og_type":"article","og_title":"Jean-Louis Koula, dessaisi du projet du film Les frasques d\u2019Ebinto -","og_description":"Install\u00e9 aux Etats-Unis depuis de nombreuses ann\u00e9es, Jean-Louis Koula est un r\u00e9alisateur ivoirien bien connu du monde du cin\u00e9ma. Il s\u2019\u00e9tait engag\u00e9 \u00e0 adapter au cin\u00e9ma \u2018\u2019Les frasques d\u2019Ebinto\u2019\u2019, le c\u00e9l\u00e8bre romain de son compatriote Amadou Kon\u00e9. Mais le projet n\u2019a pas abouti. Tentative d\u2019explications dans l\u2019entretien qui suit. . Voil\u00e0 plus de trois ans &hellip; Jean-Louis Koula, dessaisi du projet du film Les frasques d\u2019Ebinto Lire la suite\u00a0\u00bb","og_url":"https:\/\/7culture.ci\/index.php\/2022\/01\/27\/jean-louis-koula-dessaisi-du-projet-du-film-les-frasques-debinto\/","og_site_name":"7culture","article_publisher":"https:\/\/www.facebook.com\/redchefclaude","article_published_time":"2022-01-27T15:25:23+00:00","article_modified_time":"2022-01-27T15:25:30+00:00","og_image":[{"width":600,"height":800,"url":"http:\/\/7culture.ci\/wp-content\/uploads\/2022\/01\/Jean-Louis-Koula2.jpg","type":"image\/jpeg"}],"author":"7culture2020","twitter_card":"summary_large_image","twitter_creator":"@7culturec","twitter_site":"@7culturec","twitter_misc":{"\u00c9crit par":"7culture2020","Dur\u00e9e de lecture estim\u00e9e":"6 minutes"},"schema":{"@context":"https:\/\/schema.org","@graph":[{"@type":"Article","@id":"https:\/\/7culture.ci\/index.php\/2022\/01\/27\/jean-louis-koula-dessaisi-du-projet-du-film-les-frasques-debinto\/#article","isPartOf":{"@id":"https:\/\/7culture.ci\/index.php\/2022\/01\/27\/jean-louis-koula-dessaisi-du-projet-du-film-les-frasques-debinto\/"},"author":{"name":"7culture2020","@id":"https:\/\/7culture.ci\/#\/schema\/person\/16150d28d7ef66ba788c1f87f28c4426"},"headline":"Jean-Louis Koula, dessaisi du projet du film Les frasques d\u2019Ebinto","datePublished":"2022-01-27T15:25:23+00:00","dateModified":"2022-01-27T15:25:30+00:00","mainEntityOfPage":{"@id":"https:\/\/7culture.ci\/index.php\/2022\/01\/27\/jean-louis-koula-dessaisi-du-projet-du-film-les-frasques-debinto\/"},"wordCount":1022,"commentCount":0,"publisher":{"@id":"https:\/\/7culture.ci\/#organization"},"articleSection":["Interview"],"inLanguage":"fr-FR","potentialAction":[{"@type":"CommentAction","name":"Comment","target":["https:\/\/7culture.ci\/index.php\/2022\/01\/27\/jean-louis-koula-dessaisi-du-projet-du-film-les-frasques-debinto\/#respond"]}]},{"@type":"WebPage","@id":"https:\/\/7culture.ci\/index.php\/2022\/01\/27\/jean-louis-koula-dessaisi-du-projet-du-film-les-frasques-debinto\/","url":"https:\/\/7culture.ci\/index.php\/2022\/01\/27\/jean-louis-koula-dessaisi-du-projet-du-film-les-frasques-debinto\/","name":"Jean-Louis Koula, dessaisi du projet du film Les frasques d\u2019Ebinto -","isPartOf":{"@id":"https:\/\/7culture.ci\/#website"},"datePublished":"2022-01-27T15:25:23+00:00","dateModified":"2022-01-27T15:25:30+00:00","breadcrumb":{"@id":"https:\/\/7culture.ci\/index.php\/2022\/01\/27\/jean-louis-koula-dessaisi-du-projet-du-film-les-frasques-debinto\/#breadcrumb"},"inLanguage":"fr-FR","potentialAction":[{"@type":"ReadAction","target":["https:\/\/7culture.ci\/index.php\/2022\/01\/27\/jean-louis-koula-dessaisi-du-projet-du-film-les-frasques-debinto\/"]}]},{"@type":"BreadcrumbList","@id":"https:\/\/7culture.ci\/index.php\/2022\/01\/27\/jean-louis-koula-dessaisi-du-projet-du-film-les-frasques-debinto\/#breadcrumb","itemListElement":[{"@type":"ListItem","position":1,"name":"Accueil","item":"https:\/\/7culture.ci\/"},{"@type":"ListItem","position":2,"name":"Jean-Louis Koula, dessaisi du projet du film Les frasques d\u2019Ebinto"}]},{"@type":"WebSite","@id":"https:\/\/7culture.ci\/#website","url":"https:\/\/7culture.ci\/","name":"7culture","description":"Tout sur l&#039;actualit\u00e9","publisher":{"@id":"https:\/\/7culture.ci\/#organization"},"potentialAction":[{"@type":"SearchAction","target":{"@type":"EntryPoint","urlTemplate":"https:\/\/7culture.ci\/?s={search_term_string}"},"query-input":"required name=search_term_string"}],"inLanguage":"fr-FR"},{"@type":"Organization","@id":"https:\/\/7culture.ci\/#organization","name":"7culture","url":"https:\/\/7culture.ci\/","sameAs":["https:\/\/www.facebook.com\/redchefclaude","https:\/\/twitter.com\/7culturec"],"logo":{"@type":"ImageObject","inLanguage":"fr-FR","@id":"https:\/\/7culture.ci\/#\/schema\/logo\/image\/","url":"https:\/\/7culture.ci\/wp-content\/uploads\/2021\/12\/S1a-1.png","contentUrl":"https:\/\/7culture.ci\/wp-content\/uploads\/2021\/12\/S1a-1.png","width":588,"height":192,"caption":"7culture"},"image":{"@id":"https:\/\/7culture.ci\/#\/schema\/logo\/image\/"}},{"@type":"Person","@id":"https:\/\/7culture.ci\/#\/schema\/person\/16150d28d7ef66ba788c1f87f28c4426","name":"7culture2020","image":{"@type":"ImageObject","inLanguage":"fr-FR","@id":"https:\/\/7culture.ci\/#\/schema\/person\/image\/","url":"https:\/\/secure.gravatar.com\/avatar\/9a0784f951306c37bcd065f52844ef95?s=96&d=mm&r=g","contentUrl":"https:\/\/secure.gravatar.com\/avatar\/9a0784f951306c37bcd065f52844ef95?s=96&d=mm&r=g","caption":"7culture2020"},"sameAs":["http:\/\/7culture.ci","Claude.kipre"],"url":"https:\/\/7culture.ci\/index.php\/author\/7culture2020\/"}]}},"jetpack_featured_media_url":"https:\/\/7culture.ci\/wp-content\/uploads\/2022\/01\/Jean-Louis-Koula2.jpg","jetpack_likes_enabled":true,"jetpack_sharing_enabled":true,"_links":{"self":[{"href":"https:\/\/7culture.ci\/index.php\/wp-json\/wp\/v2\/posts\/19401"}],"collection":[{"href":"https:\/\/7culture.ci\/index.php\/wp-json\/wp\/v2\/posts"}],"about":[{"href":"https:\/\/7culture.ci\/index.php\/wp-json\/wp\/v2\/types\/post"}],"author":[{"embeddable":true,"href":"https:\/\/7culture.ci\/index.php\/wp-json\/wp\/v2\/users\/1"}],"replies":[{"embeddable":true,"href":"https:\/\/7culture.ci\/index.php\/wp-json\/wp\/v2\/comments?post=19401"}],"version-history":[{"count":0,"href":"https:\/\/7culture.ci\/index.php\/wp-json\/wp\/v2\/posts\/19401\/revisions"}],"wp:featuredmedia":[{"embeddable":true,"href":"https:\/\/7culture.ci\/index.php\/wp-json\/wp\/v2\/media\/19402"}],"wp:attachment":[{"href":"https:\/\/7culture.ci\/index.php\/wp-json\/wp\/v2\/media?parent=19401"}],"wp:term":[{"taxonomy":"category","embeddable":true,"href":"https:\/\/7culture.ci\/index.php\/wp-json\/wp\/v2\/categories?post=19401"},{"taxonomy":"post_tag","embeddable":true,"href":"https:\/\/7culture.ci\/index.php\/wp-json\/wp\/v2\/tags?post=19401"}],"curies":[{"name":"wp","href":"https:\/\/api.w.org\/{rel}","templated":true}]}}