{"id":18958,"date":"2022-01-19T19:49:32","date_gmt":"2022-01-19T18:49:32","guid":{"rendered":"https:\/\/7culture.ci\/?p=18958"},"modified":"2022-01-19T19:49:33","modified_gmt":"2022-01-19T18:49:33","slug":"mode-lemblematique-journaliste-andre-leon-talley-est-mort","status":"publish","type":"post","link":"https:\/\/7culture.ci\/index.php\/2022\/01\/19\/mode-lemblematique-journaliste-andre-leon-talley-est-mort\/","title":{"rendered":"Mode : l\u2019embl\u00e9matique journaliste Andr\u00e9 Leon Talley est mort"},"content":{"rendered":"\n<p>L\u2019\u00e9ternel bras droit d\u2019Anna Wintour et figure incontournable dans le domaine de la mode, Andr\u00e9 Leon Talley est mort mardi 18 janvier, \u00e0 New York, apr\u00e8s avoir \u00e9t\u00e9 victime d\u2019une crise cardiaque. C\u2019est Graydon Carter, fondateur de <em>Air Mail,<\/em> qui a \u00e9t\u00e9 le premier \u00e0 annoncer la nouvelle. La disparition de la figure charismatique du monde de la mode a \u00e9t\u00e9 confirm\u00e9e par ses proches dans un post Instagram. Connu pour avoir travaill\u00e9 avec les grands de l&#8217;art et de la mode, Andr\u00e9 Leon Talley (ALT) a marqu\u00e9 les esprits par son franc parler et sa pr\u00e9sence flamboyante nourrie par des caftans, des chapeaux ou encore des robes qu&#8217;il aimait porter.<\/p>\n\n\n\n<div class=\"wp-block-image\"><figure class=\"aligncenter size-large is-resized\"><img loading=\"lazy\" decoding=\"async\" src=\"https:\/\/7culture.ci\/wp-content\/uploads\/2022\/01\/Andre2-1024x512.jpg\" alt=\"\" class=\"wp-image-18960\" width=\"782\" height=\"391\" srcset=\"https:\/\/7culture.ci\/wp-content\/uploads\/2022\/01\/Andre2-1024x512.jpg 1024w, https:\/\/7culture.ci\/wp-content\/uploads\/2022\/01\/Andre2-300x150.jpg 300w, https:\/\/7culture.ci\/wp-content\/uploads\/2022\/01\/Andre2-768x384.jpg 768w, https:\/\/7culture.ci\/wp-content\/uploads\/2022\/01\/Andre2.jpg 1440w\" sizes=\"(max-width: 782px) 100vw, 782px\" \/><\/figure><\/div>\n\n\n\n<p>Andr\u00e9 Leon Talley \u00e9tait l&#8217;un des premiers r\u00e9dacteurs noirs dans le monde de la mode. Devenant rapidement une figure incontournable, il a souvent \u00e9t\u00e9 victime de racisme et s&#8217;\u00e9tait confi\u00e9 en 2018 dans son documentaire \u2018<em>\u2019The Gospel According to Andr\u00e9<\/em>\u2019\u2019 : \u00ab<strong><em>Une femme de Saint Laurent&#8230; avait l&#8217;habitude de m&#8217;appeler Queen Kong&#8230; Je ne l&#8217;ai jamais confront\u00e9e parce que ces choses, je les int\u00e9riorisais et les gardais enferm\u00e9es<\/em><\/strong>\u00bb.<\/p>\n\n\n\n<div class=\"wp-block-image\"><figure class=\"alignright size-full is-resized\"><img loading=\"lazy\" decoding=\"async\" src=\"https:\/\/7culture.ci\/wp-content\/uploads\/2022\/01\/andre3.jpg\" alt=\"\" class=\"wp-image-18961\" width=\"662\" height=\"430\" srcset=\"https:\/\/7culture.ci\/wp-content\/uploads\/2022\/01\/andre3.jpg 1000w, https:\/\/7culture.ci\/wp-content\/uploads\/2022\/01\/andre3-300x195.jpg 300w, https:\/\/7culture.ci\/wp-content\/uploads\/2022\/01\/andre3-768x499.jpg 768w\" sizes=\"(max-width: 662px) 100vw, 662px\" \/><\/figure><\/div>\n\n\n\n<p>N\u00e9 le 16 octobre 1949 \u00e0 Washington, Andr\u00e9 Leon Talley a \u00e9t\u00e9 \u00e9lev\u00e9 par sa grand-m\u00e8re domestique. Il passe son enfance \u00e0 Durham, en Caroline du Nord. \u00c0 neuf ans, il d\u00e9couvre le magazine <em>Vogue<\/em> comme une r\u00e9v\u00e9lation, puis le suppl\u00e9ment \u2018\u2019mode\u2019\u2019 du <em>New York Times<\/em> avec les illustrations d&#8217;Antonio Lopez. Il quitte Durham et obtient un dipl\u00f4me de fran\u00e7ais \u00e0 l&#8217;universit\u00e9 Brown. Il arrive \u00e0 Manhattan \u00e0 la fin de ses \u00e9tudes et rencontre le peintre Andy Warhol, dessinateur pour <em>Vogue<\/em>.<\/p>\n\n\n\n<figure class=\"wp-block-image size-large is-resized\"><img loading=\"lazy\" decoding=\"async\" src=\"https:\/\/7culture.ci\/wp-content\/uploads\/2022\/01\/Andre4-1024x682.jpg\" alt=\"\" class=\"wp-image-18962\" width=\"637\" height=\"424\" srcset=\"https:\/\/7culture.ci\/wp-content\/uploads\/2022\/01\/Andre4-1024x682.jpg 1024w, https:\/\/7culture.ci\/wp-content\/uploads\/2022\/01\/Andre4-300x200.jpg 300w, https:\/\/7culture.ci\/wp-content\/uploads\/2022\/01\/Andre4-768x512.jpg 768w, https:\/\/7culture.ci\/wp-content\/uploads\/2022\/01\/Andre4-1536x1024.jpg 1536w, https:\/\/7culture.ci\/wp-content\/uploads\/2022\/01\/Andre4.jpg 2000w\" sizes=\"(max-width: 637px) 100vw, 637px\" \/><\/figure>\n\n\n\n<p>Par Omar AK<\/p>\n","protected":false},"excerpt":{"rendered":"<p>L\u2019\u00e9ternel bras droit d\u2019Anna Wintour et figure incontournable dans le domaine de la mode, Andr\u00e9 Leon Talley est mort mardi 18 janvier, \u00e0 New York, apr\u00e8s avoir \u00e9t\u00e9 victime d\u2019une crise cardiaque. C\u2019est Graydon Carter, fondateur de Air Mail, qui a \u00e9t\u00e9 le premier \u00e0 annoncer la nouvelle. La disparition de la figure charismatique du &hellip;<\/p>\n<p class=\"read-more\"> <a class=\"\" href=\"https:\/\/7culture.ci\/index.php\/2022\/01\/19\/mode-lemblematique-journaliste-andre-leon-talley-est-mort\/\"> <span class=\"screen-reader-text\">Mode : l\u2019embl\u00e9matique journaliste Andr\u00e9 Leon Talley est mort<\/span> Lire la suite\u00a0\u00bb<\/a><\/p>\n","protected":false},"author":1,"featured_media":18959,"comment_status":"open","ping_status":"open","sticky":false,"template":"","format":"standard","meta":{"_mi_skip_tracking":false,"_monsterinsights_sitenote_active":false,"_monsterinsights_sitenote_note":"","_monsterinsights_sitenote_category":0,"site-sidebar-layout":"default","site-content-layout":"default","ast-global-header-display":"","ast-main-header-display":"","ast-hfb-above-header-display":"","ast-hfb-below-header-display":"","ast-hfb-mobile-header-display":"","site-post-title":"","ast-breadcrumbs-content":"","ast-featured-img":"","footer-sml-layout":"","theme-transparent-header-meta":"","adv-header-id-meta":"","stick-header-meta":"","header-above-stick-meta":"","header-main-stick-meta":"","header-below-stick-meta":"","footnotes":"","jetpack_publicize_message":"","jetpack_is_tweetstorm":false,"jetpack_publicize_feature_enabled":true},"categories":[39],"tags":[],"jetpack_publicize_connections":[],"acf":[],"aioseo_notices":[],"yoast_head":"<!-- This site is optimized with the Yoast SEO plugin v19.6.1 - https:\/\/yoast.com\/wordpress\/plugins\/seo\/ -->\n<title>Mode : l\u2019embl\u00e9matique journaliste Andr\u00e9 Leon Talley est mort - 7culture<\/title>\n<meta name=\"robots\" content=\"index, follow, max-snippet:-1, max-image-preview:large, max-video-preview:-1\" \/>\n<link rel=\"canonical\" href=\"https:\/\/7culture.ci\/index.php\/2022\/01\/19\/mode-lemblematique-journaliste-andre-leon-talley-est-mort\/\" \/>\n<meta property=\"og:locale\" content=\"fr_FR\" \/>\n<meta property=\"og:type\" content=\"article\" \/>\n<meta property=\"og:title\" content=\"Mode : l\u2019embl\u00e9matique journaliste Andr\u00e9 Leon Talley est mort - 7culture\" \/>\n<meta property=\"og:description\" content=\"L\u2019\u00e9ternel bras droit d\u2019Anna Wintour et figure incontournable dans le domaine de la mode, Andr\u00e9 Leon Talley est mort mardi 18 janvier, \u00e0 New York, apr\u00e8s avoir \u00e9t\u00e9 victime d\u2019une crise cardiaque. C\u2019est Graydon Carter, fondateur de Air Mail, qui a \u00e9t\u00e9 le premier \u00e0 annoncer la nouvelle. La disparition de la figure charismatique du &hellip; Mode : l\u2019embl\u00e9matique journaliste Andr\u00e9 Leon Talley est mort Lire la suite\u00a0\u00bb\" \/>\n<meta property=\"og:url\" content=\"https:\/\/7culture.ci\/index.php\/2022\/01\/19\/mode-lemblematique-journaliste-andre-leon-talley-est-mort\/\" \/>\n<meta property=\"og:site_name\" content=\"7culture\" \/>\n<meta property=\"article:publisher\" content=\"https:\/\/www.facebook.com\/redchefclaude\" \/>\n<meta property=\"article:published_time\" content=\"2022-01-19T18:49:32+00:00\" \/>\n<meta property=\"article:modified_time\" content=\"2022-01-19T18:49:33+00:00\" \/>\n<meta property=\"og:image\" content=\"http:\/\/7culture.ci\/wp-content\/uploads\/2022\/01\/Andre1.jpg\" \/>\n\t<meta property=\"og:image:width\" content=\"800\" \/>\n\t<meta property=\"og:image:height\" content=\"600\" \/>\n\t<meta property=\"og:image:type\" content=\"image\/jpeg\" \/>\n<meta name=\"author\" content=\"7culture2020\" \/>\n<meta name=\"twitter:card\" content=\"summary_large_image\" \/>\n<meta name=\"twitter:creator\" content=\"@7culturec\" \/>\n<meta name=\"twitter:site\" content=\"@7culturec\" \/>\n<meta name=\"twitter:label1\" content=\"\u00c9crit par\" \/>\n\t<meta name=\"twitter:data1\" content=\"7culture2020\" \/>\n\t<meta name=\"twitter:label2\" content=\"Dur\u00e9e de lecture estim\u00e9e\" \/>\n\t<meta name=\"twitter:data2\" content=\"1 minute\" \/>\n<script type=\"application\/ld+json\" class=\"yoast-schema-graph\">{\"@context\":\"https:\/\/schema.org\",\"@graph\":[{\"@type\":\"Article\",\"@id\":\"https:\/\/7culture.ci\/index.php\/2022\/01\/19\/mode-lemblematique-journaliste-andre-leon-talley-est-mort\/#article\",\"isPartOf\":{\"@id\":\"https:\/\/7culture.ci\/index.php\/2022\/01\/19\/mode-lemblematique-journaliste-andre-leon-talley-est-mort\/\"},\"author\":{\"name\":\"7culture2020\",\"@id\":\"https:\/\/7culture.ci\/#\/schema\/person\/16150d28d7ef66ba788c1f87f28c4426\"},\"headline\":\"Mode : l\u2019embl\u00e9matique journaliste Andr\u00e9 Leon Talley est mort\",\"datePublished\":\"2022-01-19T18:49:32+00:00\",\"dateModified\":\"2022-01-19T18:49:33+00:00\",\"mainEntityOfPage\":{\"@id\":\"https:\/\/7culture.ci\/index.php\/2022\/01\/19\/mode-lemblematique-journaliste-andre-leon-talley-est-mort\/\"},\"wordCount\":280,\"commentCount\":0,\"publisher\":{\"@id\":\"https:\/\/7culture.ci\/#organization\"},\"articleSection\":[\"Mode\"],\"inLanguage\":\"fr-FR\",\"potentialAction\":[{\"@type\":\"CommentAction\",\"name\":\"Comment\",\"target\":[\"https:\/\/7culture.ci\/index.php\/2022\/01\/19\/mode-lemblematique-journaliste-andre-leon-talley-est-mort\/#respond\"]}]},{\"@type\":\"WebPage\",\"@id\":\"https:\/\/7culture.ci\/index.php\/2022\/01\/19\/mode-lemblematique-journaliste-andre-leon-talley-est-mort\/\",\"url\":\"https:\/\/7culture.ci\/index.php\/2022\/01\/19\/mode-lemblematique-journaliste-andre-leon-talley-est-mort\/\",\"name\":\"Mode : l\u2019embl\u00e9matique journaliste Andr\u00e9 Leon Talley est mort - 7culture\",\"isPartOf\":{\"@id\":\"https:\/\/7culture.ci\/#website\"},\"datePublished\":\"2022-01-19T18:49:32+00:00\",\"dateModified\":\"2022-01-19T18:49:33+00:00\",\"breadcrumb\":{\"@id\":\"https:\/\/7culture.ci\/index.php\/2022\/01\/19\/mode-lemblematique-journaliste-andre-leon-talley-est-mort\/#breadcrumb\"},\"inLanguage\":\"fr-FR\",\"potentialAction\":[{\"@type\":\"ReadAction\",\"target\":[\"https:\/\/7culture.ci\/index.php\/2022\/01\/19\/mode-lemblematique-journaliste-andre-leon-talley-est-mort\/\"]}]},{\"@type\":\"BreadcrumbList\",\"@id\":\"https:\/\/7culture.ci\/index.php\/2022\/01\/19\/mode-lemblematique-journaliste-andre-leon-talley-est-mort\/#breadcrumb\",\"itemListElement\":[{\"@type\":\"ListItem\",\"position\":1,\"name\":\"Accueil\",\"item\":\"https:\/\/7culture.ci\/\"},{\"@type\":\"ListItem\",\"position\":2,\"name\":\"Mode : l\u2019embl\u00e9matique journaliste Andr\u00e9 Leon Talley est mort\"}]},{\"@type\":\"WebSite\",\"@id\":\"https:\/\/7culture.ci\/#website\",\"url\":\"https:\/\/7culture.ci\/\",\"name\":\"7culture\",\"description\":\"Tout sur l&#039;actualit\u00e9\",\"publisher\":{\"@id\":\"https:\/\/7culture.ci\/#organization\"},\"potentialAction\":[{\"@type\":\"SearchAction\",\"target\":{\"@type\":\"EntryPoint\",\"urlTemplate\":\"https:\/\/7culture.ci\/?s={search_term_string}\"},\"query-input\":\"required name=search_term_string\"}],\"inLanguage\":\"fr-FR\"},{\"@type\":\"Organization\",\"@id\":\"https:\/\/7culture.ci\/#organization\",\"name\":\"7culture\",\"url\":\"https:\/\/7culture.ci\/\",\"sameAs\":[\"https:\/\/www.facebook.com\/redchefclaude\",\"https:\/\/twitter.com\/7culturec\"],\"logo\":{\"@type\":\"ImageObject\",\"inLanguage\":\"fr-FR\",\"@id\":\"https:\/\/7culture.ci\/#\/schema\/logo\/image\/\",\"url\":\"https:\/\/7culture.ci\/wp-content\/uploads\/2021\/12\/S1a-1.png\",\"contentUrl\":\"https:\/\/7culture.ci\/wp-content\/uploads\/2021\/12\/S1a-1.png\",\"width\":588,\"height\":192,\"caption\":\"7culture\"},\"image\":{\"@id\":\"https:\/\/7culture.ci\/#\/schema\/logo\/image\/\"}},{\"@type\":\"Person\",\"@id\":\"https:\/\/7culture.ci\/#\/schema\/person\/16150d28d7ef66ba788c1f87f28c4426\",\"name\":\"7culture2020\",\"image\":{\"@type\":\"ImageObject\",\"inLanguage\":\"fr-FR\",\"@id\":\"https:\/\/7culture.ci\/#\/schema\/person\/image\/\",\"url\":\"https:\/\/secure.gravatar.com\/avatar\/9a0784f951306c37bcd065f52844ef95?s=96&d=mm&r=g\",\"contentUrl\":\"https:\/\/secure.gravatar.com\/avatar\/9a0784f951306c37bcd065f52844ef95?s=96&d=mm&r=g\",\"caption\":\"7culture2020\"},\"sameAs\":[\"http:\/\/7culture.ci\",\"Claude.kipre\"],\"url\":\"https:\/\/7culture.ci\/index.php\/author\/7culture2020\/\"}]}<\/script>\n<!-- \/ Yoast SEO plugin. -->","yoast_head_json":{"title":"Mode : l\u2019embl\u00e9matique journaliste Andr\u00e9 Leon Talley est mort - 7culture","robots":{"index":"index","follow":"follow","max-snippet":"max-snippet:-1","max-image-preview":"max-image-preview:large","max-video-preview":"max-video-preview:-1"},"canonical":"https:\/\/7culture.ci\/index.php\/2022\/01\/19\/mode-lemblematique-journaliste-andre-leon-talley-est-mort\/","og_locale":"fr_FR","og_type":"article","og_title":"Mode : l\u2019embl\u00e9matique journaliste Andr\u00e9 Leon Talley est mort - 7culture","og_description":"L\u2019\u00e9ternel bras droit d\u2019Anna Wintour et figure incontournable dans le domaine de la mode, Andr\u00e9 Leon Talley est mort mardi 18 janvier, \u00e0 New York, apr\u00e8s avoir \u00e9t\u00e9 victime d\u2019une crise cardiaque. C\u2019est Graydon Carter, fondateur de Air Mail, qui a \u00e9t\u00e9 le premier \u00e0 annoncer la nouvelle. La disparition de la figure charismatique du &hellip; Mode : l\u2019embl\u00e9matique journaliste Andr\u00e9 Leon Talley est mort Lire la suite\u00a0\u00bb","og_url":"https:\/\/7culture.ci\/index.php\/2022\/01\/19\/mode-lemblematique-journaliste-andre-leon-talley-est-mort\/","og_site_name":"7culture","article_publisher":"https:\/\/www.facebook.com\/redchefclaude","article_published_time":"2022-01-19T18:49:32+00:00","article_modified_time":"2022-01-19T18:49:33+00:00","og_image":[{"width":800,"height":600,"url":"http:\/\/7culture.ci\/wp-content\/uploads\/2022\/01\/Andre1.jpg","type":"image\/jpeg"}],"author":"7culture2020","twitter_card":"summary_large_image","twitter_creator":"@7culturec","twitter_site":"@7culturec","twitter_misc":{"\u00c9crit par":"7culture2020","Dur\u00e9e de lecture estim\u00e9e":"1 minute"},"schema":{"@context":"https:\/\/schema.org","@graph":[{"@type":"Article","@id":"https:\/\/7culture.ci\/index.php\/2022\/01\/19\/mode-lemblematique-journaliste-andre-leon-talley-est-mort\/#article","isPartOf":{"@id":"https:\/\/7culture.ci\/index.php\/2022\/01\/19\/mode-lemblematique-journaliste-andre-leon-talley-est-mort\/"},"author":{"name":"7culture2020","@id":"https:\/\/7culture.ci\/#\/schema\/person\/16150d28d7ef66ba788c1f87f28c4426"},"headline":"Mode : l\u2019embl\u00e9matique journaliste Andr\u00e9 Leon Talley est mort","datePublished":"2022-01-19T18:49:32+00:00","dateModified":"2022-01-19T18:49:33+00:00","mainEntityOfPage":{"@id":"https:\/\/7culture.ci\/index.php\/2022\/01\/19\/mode-lemblematique-journaliste-andre-leon-talley-est-mort\/"},"wordCount":280,"commentCount":0,"publisher":{"@id":"https:\/\/7culture.ci\/#organization"},"articleSection":["Mode"],"inLanguage":"fr-FR","potentialAction":[{"@type":"CommentAction","name":"Comment","target":["https:\/\/7culture.ci\/index.php\/2022\/01\/19\/mode-lemblematique-journaliste-andre-leon-talley-est-mort\/#respond"]}]},{"@type":"WebPage","@id":"https:\/\/7culture.ci\/index.php\/2022\/01\/19\/mode-lemblematique-journaliste-andre-leon-talley-est-mort\/","url":"https:\/\/7culture.ci\/index.php\/2022\/01\/19\/mode-lemblematique-journaliste-andre-leon-talley-est-mort\/","name":"Mode : l\u2019embl\u00e9matique journaliste Andr\u00e9 Leon Talley est mort - 7culture","isPartOf":{"@id":"https:\/\/7culture.ci\/#website"},"datePublished":"2022-01-19T18:49:32+00:00","dateModified":"2022-01-19T18:49:33+00:00","breadcrumb":{"@id":"https:\/\/7culture.ci\/index.php\/2022\/01\/19\/mode-lemblematique-journaliste-andre-leon-talley-est-mort\/#breadcrumb"},"inLanguage":"fr-FR","potentialAction":[{"@type":"ReadAction","target":["https:\/\/7culture.ci\/index.php\/2022\/01\/19\/mode-lemblematique-journaliste-andre-leon-talley-est-mort\/"]}]},{"@type":"BreadcrumbList","@id":"https:\/\/7culture.ci\/index.php\/2022\/01\/19\/mode-lemblematique-journaliste-andre-leon-talley-est-mort\/#breadcrumb","itemListElement":[{"@type":"ListItem","position":1,"name":"Accueil","item":"https:\/\/7culture.ci\/"},{"@type":"ListItem","position":2,"name":"Mode : l\u2019embl\u00e9matique journaliste Andr\u00e9 Leon Talley est mort"}]},{"@type":"WebSite","@id":"https:\/\/7culture.ci\/#website","url":"https:\/\/7culture.ci\/","name":"7culture","description":"Tout sur l&#039;actualit\u00e9","publisher":{"@id":"https:\/\/7culture.ci\/#organization"},"potentialAction":[{"@type":"SearchAction","target":{"@type":"EntryPoint","urlTemplate":"https:\/\/7culture.ci\/?s={search_term_string}"},"query-input":"required name=search_term_string"}],"inLanguage":"fr-FR"},{"@type":"Organization","@id":"https:\/\/7culture.ci\/#organization","name":"7culture","url":"https:\/\/7culture.ci\/","sameAs":["https:\/\/www.facebook.com\/redchefclaude","https:\/\/twitter.com\/7culturec"],"logo":{"@type":"ImageObject","inLanguage":"fr-FR","@id":"https:\/\/7culture.ci\/#\/schema\/logo\/image\/","url":"https:\/\/7culture.ci\/wp-content\/uploads\/2021\/12\/S1a-1.png","contentUrl":"https:\/\/7culture.ci\/wp-content\/uploads\/2021\/12\/S1a-1.png","width":588,"height":192,"caption":"7culture"},"image":{"@id":"https:\/\/7culture.ci\/#\/schema\/logo\/image\/"}},{"@type":"Person","@id":"https:\/\/7culture.ci\/#\/schema\/person\/16150d28d7ef66ba788c1f87f28c4426","name":"7culture2020","image":{"@type":"ImageObject","inLanguage":"fr-FR","@id":"https:\/\/7culture.ci\/#\/schema\/person\/image\/","url":"https:\/\/secure.gravatar.com\/avatar\/9a0784f951306c37bcd065f52844ef95?s=96&d=mm&r=g","contentUrl":"https:\/\/secure.gravatar.com\/avatar\/9a0784f951306c37bcd065f52844ef95?s=96&d=mm&r=g","caption":"7culture2020"},"sameAs":["http:\/\/7culture.ci","Claude.kipre"],"url":"https:\/\/7culture.ci\/index.php\/author\/7culture2020\/"}]}},"jetpack_featured_media_url":"https:\/\/7culture.ci\/wp-content\/uploads\/2022\/01\/Andre1.jpg","jetpack_likes_enabled":true,"jetpack_sharing_enabled":true,"_links":{"self":[{"href":"https:\/\/7culture.ci\/index.php\/wp-json\/wp\/v2\/posts\/18958"}],"collection":[{"href":"https:\/\/7culture.ci\/index.php\/wp-json\/wp\/v2\/posts"}],"about":[{"href":"https:\/\/7culture.ci\/index.php\/wp-json\/wp\/v2\/types\/post"}],"author":[{"embeddable":true,"href":"https:\/\/7culture.ci\/index.php\/wp-json\/wp\/v2\/users\/1"}],"replies":[{"embeddable":true,"href":"https:\/\/7culture.ci\/index.php\/wp-json\/wp\/v2\/comments?post=18958"}],"version-history":[{"count":0,"href":"https:\/\/7culture.ci\/index.php\/wp-json\/wp\/v2\/posts\/18958\/revisions"}],"wp:featuredmedia":[{"embeddable":true,"href":"https:\/\/7culture.ci\/index.php\/wp-json\/wp\/v2\/media\/18959"}],"wp:attachment":[{"href":"https:\/\/7culture.ci\/index.php\/wp-json\/wp\/v2\/media?parent=18958"}],"wp:term":[{"taxonomy":"category","embeddable":true,"href":"https:\/\/7culture.ci\/index.php\/wp-json\/wp\/v2\/categories?post=18958"},{"taxonomy":"post_tag","embeddable":true,"href":"https:\/\/7culture.ci\/index.php\/wp-json\/wp\/v2\/tags?post=18958"}],"curies":[{"name":"wp","href":"https:\/\/api.w.org\/{rel}","templated":true}]}}