{"id":12412,"date":"2021-06-29T16:24:42","date_gmt":"2021-06-29T16:24:42","guid":{"rendered":"https:\/\/7culture.ci\/index.php\/2021\/06\/29\/deces-de-venance-kacou-et-thiam-abdul-karim-le-livre-et-le-theatre-ivoiriens-perdent-leurs-inspirateurs\/"},"modified":"2022-01-26T14:48:50","modified_gmt":"2022-01-26T13:48:50","slug":"deces-de-venance-kacou-et-thiam-abdul-karim-le-livre-et-le-theatre-ivoiriens-perdent-leurs-inspirateurs","status":"publish","type":"post","link":"https:\/\/7culture.ci\/index.php\/2021\/06\/29\/deces-de-venance-kacou-et-thiam-abdul-karim-le-livre-et-le-theatre-ivoiriens-perdent-leurs-inspirateurs\/","title":{"rendered":"D\u00c9C\u00c8S DE VENANCE KACOU ET THIAM ABDUL KARIM. LE LIVRE ET LE TH\u00c9ATRE IVOIRIENS P\u00c8RDENT LEURS INSPIRATEURS"},"content":{"rendered":"\n<p><strong><em>Jeudi 24 et samedi 26 juin 2021 auront \u00e9t\u00e9 des journ\u00e9es de grande tristesse pour le monde de l\u2019\u00e9dition et celui du th\u00e9\u00e2tre en C\u00f4te d\u2019Ivoire. Venance Kacou ancien administrateur des \u00e9ditions Nei-Ceda et Thiam Abdul Karim, dramaturge et metteur en sc\u00e8ne, ont tir\u00e9 leurs r\u00e9v\u00e9rences. Laissant la litt\u00e9rature et le th\u00e9\u00e2tre orphelins&nbsp;!<\/em><\/strong><\/p>\n\n\n\n<p>La litt\u00e9rature et le th\u00e9\u00e2tre ivoiriens sont en deuil. Venance Kacou, ancien pr\u00e9sident directeur g\u00e9n\u00e9ral du Centre d\\&#8217;\u00c9ditions et de Diffusion Africaine (CEDA) puis ancien pr\u00e9sident du conseil d\u2019administration des \u00e9ditions CEDA-NEI (Nouvelles \u00c9ditions Africaines) apr\u00e8s leur fusion et Thiam Abdul Karim, dramaturge et metteur en sc\u00e8ne, sont malheureusement d\u00e9c\u00e9d\u00e9s. Pour le premier dans une clinique de la place d\u00e8s suite d\u2019une courte maladie. Et pour le second \u00e0 la clinique&nbsp;<em>Farah<\/em>. Il souffrait d\u2019un cancer.<\/p>\n\n\n\n<p>Homme de grande culture et tr\u00e8s affable, Venance Kacou a fait entrer le livre dans le quotidien des ivoiriens. A la t\u00eate des \u00e9ditions NEI puis des deux principales Maisons d\u2019\u00e9ditions fusionn\u00e9es du pays (Nei-Ceda), Venance Kacou a ouvert plusieurs champs de promotion de livre avec la multiplication des collections. Souvenons-nous des Collections <strong><em>Calliope<\/em>, <em>Adoras<\/em>, <em>Plaisir de lire<\/em> <\/strong>et<strong> <em>Enigmas<\/em> <\/strong>qui ont suscit\u00e9 le go\u00fbt de la lecture et m\u00eame de l\u2019\u00e9criture chez plusieurs jeunes ivoiriens. Venance Kacou r\u00e9ussi \u00e9galement la prouesse d\u2019introduire les \u00e9ditions unifi\u00e9es en bourse. Preuve, s\u2019il en \u00e9tait de la bonne gestion de l\u2019\u00e9dition en C\u00f4te d\u2019Ivoire.<\/p>\n\n\n\n<p>Thiam Abdul Karim, professeur de lettres, dipl\u00f4m\u00e9 de l\u2019universit\u00e9 d\u2019Aix-en-Provence en France, a connu un \u00e9norme succ\u00e8s au milieu des ann\u00e9es 90 avec sa pi\u00e8ce&nbsp;<strong><em>Rams\u00e8s 2 Le N\u00e8gre<\/em><\/strong>. Une pi\u00e8ce qui dressait avec certaine \u00e9l\u00e9gance une peinture du racisme noir tristement m\u00e9prisant pour les hommes de race blanche, avec dans le r\u00f4le principal Assirifix Armand sublime dans son costume de Pharaon. Le regrett\u00e9 &nbsp;Thiam Abdul Karim, n\u2019a certes pas \u00e9t\u00e9 Bernard Dadi\u00e9, Zadi Zaourour, Niangoran Porquet, Sidiki Bakaka\u2026etc. mais aura laiss\u00e9 une trace ind\u00e9l\u00e9bile sur les planches ivoiriennes avec <strong><em>Rams\u00e8s 2 Le N\u00e8gre.<\/em><\/strong><\/p>\n","protected":false},"excerpt":{"rendered":"<p>Jeudi 24 et samedi 26 juin 2021 auront \u00e9t\u00e9 des journ\u00e9es de grande tristesse pour le monde de l\u2019\u00e9dition et celui du th\u00e9\u00e2tre en C\u00f4te d\u2019Ivoire. Venance Kacou ancien administrateur des \u00e9ditions Nei-Ceda et Thiam Abdul Karim, dramaturge et metteur en sc\u00e8ne, ont tir\u00e9 leurs r\u00e9v\u00e9rences. Laissant la litt\u00e9rature et le th\u00e9\u00e2tre orphelins&nbsp;! La litt\u00e9rature &hellip;<\/p>\n<p class=\"read-more\"> <a class=\"\" href=\"https:\/\/7culture.ci\/index.php\/2021\/06\/29\/deces-de-venance-kacou-et-thiam-abdul-karim-le-livre-et-le-theatre-ivoiriens-perdent-leurs-inspirateurs\/\"> <span class=\"screen-reader-text\">D\u00c9C\u00c8S DE VENANCE KACOU ET THIAM ABDUL KARIM. LE LIVRE ET LE TH\u00c9ATRE IVOIRIENS P\u00c8RDENT LEURS INSPIRATEURS<\/span> Lire la suite\u00a0\u00bb<\/a><\/p>\n","protected":false},"author":2,"featured_media":294,"comment_status":"open","ping_status":"closed","sticky":false,"template":"","format":"standard","meta":{"_mi_skip_tracking":false,"_monsterinsights_sitenote_active":false,"_monsterinsights_sitenote_note":"","_monsterinsights_sitenote_category":0,"site-sidebar-layout":"default","site-content-layout":"default","ast-global-header-display":"","ast-main-header-display":"","ast-hfb-above-header-display":"","ast-hfb-below-header-display":"","ast-hfb-mobile-header-display":"","site-post-title":"","ast-breadcrumbs-content":"","ast-featured-img":"","footer-sml-layout":"","theme-transparent-header-meta":"","adv-header-id-meta":"","stick-header-meta":"","header-above-stick-meta":"","header-main-stick-meta":"","header-below-stick-meta":"","footnotes":"","jetpack_publicize_message":"","jetpack_is_tweetstorm":false,"jetpack_publicize_feature_enabled":true},"categories":[22],"tags":[],"jetpack_publicize_connections":[],"acf":[],"aioseo_notices":[],"yoast_head":"<!-- This site is optimized with the Yoast SEO plugin v19.6.1 - https:\/\/yoast.com\/wordpress\/plugins\/seo\/ -->\n<title>D\u00c9C\u00c8S DE VENANCE KACOU ET THIAM ABDUL KARIM. LE LIVRE ET LE TH\u00c9ATRE IVOIRIENS P\u00c8RDENT LEURS INSPIRATEURS - 7culture<\/title>\n<meta name=\"robots\" content=\"index, follow, max-snippet:-1, max-image-preview:large, max-video-preview:-1\" \/>\n<link rel=\"canonical\" href=\"https:\/\/7culture.ci\/index.php\/2021\/06\/29\/deces-de-venance-kacou-et-thiam-abdul-karim-le-livre-et-le-theatre-ivoiriens-perdent-leurs-inspirateurs\/\" \/>\n<meta property=\"og:locale\" content=\"fr_FR\" \/>\n<meta property=\"og:type\" content=\"article\" \/>\n<meta property=\"og:title\" content=\"D\u00c9C\u00c8S DE VENANCE KACOU ET THIAM ABDUL KARIM. LE LIVRE ET LE TH\u00c9ATRE IVOIRIENS P\u00c8RDENT LEURS INSPIRATEURS - 7culture\" \/>\n<meta property=\"og:description\" content=\"Jeudi 24 et samedi 26 juin 2021 auront \u00e9t\u00e9 des journ\u00e9es de grande tristesse pour le monde de l\u2019\u00e9dition et celui du th\u00e9\u00e2tre en C\u00f4te d\u2019Ivoire. Venance Kacou ancien administrateur des \u00e9ditions Nei-Ceda et Thiam Abdul Karim, dramaturge et metteur en sc\u00e8ne, ont tir\u00e9 leurs r\u00e9v\u00e9rences. Laissant la litt\u00e9rature et le th\u00e9\u00e2tre orphelins&nbsp;! La litt\u00e9rature &hellip; D\u00c9C\u00c8S DE VENANCE KACOU ET THIAM ABDUL KARIM. LE LIVRE ET LE TH\u00c9ATRE IVOIRIENS P\u00c8RDENT LEURS INSPIRATEURS Lire la suite\u00a0\u00bb\" \/>\n<meta property=\"og:url\" content=\"https:\/\/7culture.ci\/index.php\/2021\/06\/29\/deces-de-venance-kacou-et-thiam-abdul-karim-le-livre-et-le-theatre-ivoiriens-perdent-leurs-inspirateurs\/\" \/>\n<meta property=\"og:site_name\" content=\"7culture\" \/>\n<meta property=\"article:publisher\" content=\"https:\/\/www.facebook.com\/redchefclaude\" \/>\n<meta property=\"article:published_time\" content=\"2021-06-29T16:24:42+00:00\" \/>\n<meta property=\"article:modified_time\" content=\"2022-01-26T13:48:50+00:00\" \/>\n<meta property=\"og:image\" content=\"http:\/\/7culture.ci\/wp-content\/uploads\/2021\/01\/child-care-template-expert-img-2.jpg\" \/>\n\t<meta property=\"og:image:width\" content=\"268\" \/>\n\t<meta property=\"og:image:height\" content=\"332\" \/>\n\t<meta property=\"og:image:type\" content=\"image\/jpeg\" \/>\n<meta name=\"author\" content=\"Claude Kipre\" \/>\n<meta name=\"twitter:card\" content=\"summary_large_image\" \/>\n<meta name=\"twitter:creator\" content=\"@7culturec\" \/>\n<meta name=\"twitter:site\" content=\"@7culturec\" \/>\n<meta name=\"twitter:label1\" content=\"\u00c9crit par\" \/>\n\t<meta name=\"twitter:data1\" content=\"Claude Kipre\" \/>\n\t<meta name=\"twitter:label2\" content=\"Dur\u00e9e de lecture estim\u00e9e\" \/>\n\t<meta name=\"twitter:data2\" content=\"2 minutes\" \/>\n<script type=\"application\/ld+json\" class=\"yoast-schema-graph\">{\"@context\":\"https:\/\/schema.org\",\"@graph\":[{\"@type\":\"Article\",\"@id\":\"https:\/\/7culture.ci\/index.php\/2021\/06\/29\/deces-de-venance-kacou-et-thiam-abdul-karim-le-livre-et-le-theatre-ivoiriens-perdent-leurs-inspirateurs\/#article\",\"isPartOf\":{\"@id\":\"https:\/\/7culture.ci\/index.php\/2021\/06\/29\/deces-de-venance-kacou-et-thiam-abdul-karim-le-livre-et-le-theatre-ivoiriens-perdent-leurs-inspirateurs\/\"},\"author\":{\"name\":\"Claude Kipre\",\"@id\":\"https:\/\/7culture.ci\/#\/schema\/person\/64b5687ef9752cd031e11e98f4fd60b6\"},\"headline\":\"D\u00c9C\u00c8S DE VENANCE KACOU ET THIAM ABDUL KARIM. LE LIVRE ET LE TH\u00c9ATRE IVOIRIENS P\u00c8RDENT LEURS INSPIRATEURS\",\"datePublished\":\"2021-06-29T16:24:42+00:00\",\"dateModified\":\"2022-01-26T13:48:50+00:00\",\"mainEntityOfPage\":{\"@id\":\"https:\/\/7culture.ci\/index.php\/2021\/06\/29\/deces-de-venance-kacou-et-thiam-abdul-karim-le-livre-et-le-theatre-ivoiriens-perdent-leurs-inspirateurs\/\"},\"wordCount\":401,\"commentCount\":0,\"publisher\":{\"@id\":\"https:\/\/7culture.ci\/#organization\"},\"articleSection\":[\"Actualit\u00e9\"],\"inLanguage\":\"fr-FR\",\"potentialAction\":[{\"@type\":\"CommentAction\",\"name\":\"Comment\",\"target\":[\"https:\/\/7culture.ci\/index.php\/2021\/06\/29\/deces-de-venance-kacou-et-thiam-abdul-karim-le-livre-et-le-theatre-ivoiriens-perdent-leurs-inspirateurs\/#respond\"]}]},{\"@type\":\"WebPage\",\"@id\":\"https:\/\/7culture.ci\/index.php\/2021\/06\/29\/deces-de-venance-kacou-et-thiam-abdul-karim-le-livre-et-le-theatre-ivoiriens-perdent-leurs-inspirateurs\/\",\"url\":\"https:\/\/7culture.ci\/index.php\/2021\/06\/29\/deces-de-venance-kacou-et-thiam-abdul-karim-le-livre-et-le-theatre-ivoiriens-perdent-leurs-inspirateurs\/\",\"name\":\"D\u00c9C\u00c8S DE VENANCE KACOU ET THIAM ABDUL KARIM. LE LIVRE ET LE TH\u00c9ATRE IVOIRIENS P\u00c8RDENT LEURS INSPIRATEURS - 7culture\",\"isPartOf\":{\"@id\":\"https:\/\/7culture.ci\/#website\"},\"datePublished\":\"2021-06-29T16:24:42+00:00\",\"dateModified\":\"2022-01-26T13:48:50+00:00\",\"breadcrumb\":{\"@id\":\"https:\/\/7culture.ci\/index.php\/2021\/06\/29\/deces-de-venance-kacou-et-thiam-abdul-karim-le-livre-et-le-theatre-ivoiriens-perdent-leurs-inspirateurs\/#breadcrumb\"},\"inLanguage\":\"fr-FR\",\"potentialAction\":[{\"@type\":\"ReadAction\",\"target\":[\"https:\/\/7culture.ci\/index.php\/2021\/06\/29\/deces-de-venance-kacou-et-thiam-abdul-karim-le-livre-et-le-theatre-ivoiriens-perdent-leurs-inspirateurs\/\"]}]},{\"@type\":\"BreadcrumbList\",\"@id\":\"https:\/\/7culture.ci\/index.php\/2021\/06\/29\/deces-de-venance-kacou-et-thiam-abdul-karim-le-livre-et-le-theatre-ivoiriens-perdent-leurs-inspirateurs\/#breadcrumb\",\"itemListElement\":[{\"@type\":\"ListItem\",\"position\":1,\"name\":\"Accueil\",\"item\":\"https:\/\/7culture.ci\/\"},{\"@type\":\"ListItem\",\"position\":2,\"name\":\"D\u00c9C\u00c8S DE VENANCE KACOU ET THIAM ABDUL KARIM. LE LIVRE ET LE TH\u00c9ATRE IVOIRIENS P\u00c8RDENT LEURS INSPIRATEURS\"}]},{\"@type\":\"WebSite\",\"@id\":\"https:\/\/7culture.ci\/#website\",\"url\":\"https:\/\/7culture.ci\/\",\"name\":\"7culture\",\"description\":\"Tout sur l&#039;actualit\u00e9\",\"publisher\":{\"@id\":\"https:\/\/7culture.ci\/#organization\"},\"potentialAction\":[{\"@type\":\"SearchAction\",\"target\":{\"@type\":\"EntryPoint\",\"urlTemplate\":\"https:\/\/7culture.ci\/?s={search_term_string}\"},\"query-input\":\"required name=search_term_string\"}],\"inLanguage\":\"fr-FR\"},{\"@type\":\"Organization\",\"@id\":\"https:\/\/7culture.ci\/#organization\",\"name\":\"7culture\",\"url\":\"https:\/\/7culture.ci\/\",\"sameAs\":[\"https:\/\/www.facebook.com\/redchefclaude\",\"https:\/\/twitter.com\/7culturec\"],\"logo\":{\"@type\":\"ImageObject\",\"inLanguage\":\"fr-FR\",\"@id\":\"https:\/\/7culture.ci\/#\/schema\/logo\/image\/\",\"url\":\"https:\/\/7culture.ci\/wp-content\/uploads\/2021\/12\/S1a-1.png\",\"contentUrl\":\"https:\/\/7culture.ci\/wp-content\/uploads\/2021\/12\/S1a-1.png\",\"width\":588,\"height\":192,\"caption\":\"7culture\"},\"image\":{\"@id\":\"https:\/\/7culture.ci\/#\/schema\/logo\/image\/\"}},{\"@type\":\"Person\",\"@id\":\"https:\/\/7culture.ci\/#\/schema\/person\/64b5687ef9752cd031e11e98f4fd60b6\",\"name\":\"Claude Kipre\",\"image\":{\"@type\":\"ImageObject\",\"inLanguage\":\"fr-FR\",\"@id\":\"https:\/\/7culture.ci\/#\/schema\/person\/image\/\",\"url\":\"https:\/\/secure.gravatar.com\/avatar\/60e5007626848549b0d9b2ad9c53c9e8?s=96&d=mm&r=g\",\"contentUrl\":\"https:\/\/secure.gravatar.com\/avatar\/60e5007626848549b0d9b2ad9c53c9e8?s=96&d=mm&r=g\",\"caption\":\"Claude Kipre\"},\"url\":\"https:\/\/7culture.ci\/index.php\/author\/claude-kipre\/\"}]}<\/script>\n<!-- \/ Yoast SEO plugin. -->","yoast_head_json":{"title":"D\u00c9C\u00c8S DE VENANCE KACOU ET THIAM ABDUL KARIM. LE LIVRE ET LE TH\u00c9ATRE IVOIRIENS P\u00c8RDENT LEURS INSPIRATEURS - 7culture","robots":{"index":"index","follow":"follow","max-snippet":"max-snippet:-1","max-image-preview":"max-image-preview:large","max-video-preview":"max-video-preview:-1"},"canonical":"https:\/\/7culture.ci\/index.php\/2021\/06\/29\/deces-de-venance-kacou-et-thiam-abdul-karim-le-livre-et-le-theatre-ivoiriens-perdent-leurs-inspirateurs\/","og_locale":"fr_FR","og_type":"article","og_title":"D\u00c9C\u00c8S DE VENANCE KACOU ET THIAM ABDUL KARIM. LE LIVRE ET LE TH\u00c9ATRE IVOIRIENS P\u00c8RDENT LEURS INSPIRATEURS - 7culture","og_description":"Jeudi 24 et samedi 26 juin 2021 auront \u00e9t\u00e9 des journ\u00e9es de grande tristesse pour le monde de l\u2019\u00e9dition et celui du th\u00e9\u00e2tre en C\u00f4te d\u2019Ivoire. Venance Kacou ancien administrateur des \u00e9ditions Nei-Ceda et Thiam Abdul Karim, dramaturge et metteur en sc\u00e8ne, ont tir\u00e9 leurs r\u00e9v\u00e9rences. Laissant la litt\u00e9rature et le th\u00e9\u00e2tre orphelins&nbsp;! La litt\u00e9rature &hellip; D\u00c9C\u00c8S DE VENANCE KACOU ET THIAM ABDUL KARIM. LE LIVRE ET LE TH\u00c9ATRE IVOIRIENS P\u00c8RDENT LEURS INSPIRATEURS Lire la suite\u00a0\u00bb","og_url":"https:\/\/7culture.ci\/index.php\/2021\/06\/29\/deces-de-venance-kacou-et-thiam-abdul-karim-le-livre-et-le-theatre-ivoiriens-perdent-leurs-inspirateurs\/","og_site_name":"7culture","article_publisher":"https:\/\/www.facebook.com\/redchefclaude","article_published_time":"2021-06-29T16:24:42+00:00","article_modified_time":"2022-01-26T13:48:50+00:00","og_image":[{"width":268,"height":332,"url":"http:\/\/7culture.ci\/wp-content\/uploads\/2021\/01\/child-care-template-expert-img-2.jpg","type":"image\/jpeg"}],"author":"Claude Kipre","twitter_card":"summary_large_image","twitter_creator":"@7culturec","twitter_site":"@7culturec","twitter_misc":{"\u00c9crit par":"Claude Kipre","Dur\u00e9e de lecture estim\u00e9e":"2 minutes"},"schema":{"@context":"https:\/\/schema.org","@graph":[{"@type":"Article","@id":"https:\/\/7culture.ci\/index.php\/2021\/06\/29\/deces-de-venance-kacou-et-thiam-abdul-karim-le-livre-et-le-theatre-ivoiriens-perdent-leurs-inspirateurs\/#article","isPartOf":{"@id":"https:\/\/7culture.ci\/index.php\/2021\/06\/29\/deces-de-venance-kacou-et-thiam-abdul-karim-le-livre-et-le-theatre-ivoiriens-perdent-leurs-inspirateurs\/"},"author":{"name":"Claude Kipre","@id":"https:\/\/7culture.ci\/#\/schema\/person\/64b5687ef9752cd031e11e98f4fd60b6"},"headline":"D\u00c9C\u00c8S DE VENANCE KACOU ET THIAM ABDUL KARIM. LE LIVRE ET LE TH\u00c9ATRE IVOIRIENS P\u00c8RDENT LEURS INSPIRATEURS","datePublished":"2021-06-29T16:24:42+00:00","dateModified":"2022-01-26T13:48:50+00:00","mainEntityOfPage":{"@id":"https:\/\/7culture.ci\/index.php\/2021\/06\/29\/deces-de-venance-kacou-et-thiam-abdul-karim-le-livre-et-le-theatre-ivoiriens-perdent-leurs-inspirateurs\/"},"wordCount":401,"commentCount":0,"publisher":{"@id":"https:\/\/7culture.ci\/#organization"},"articleSection":["Actualit\u00e9"],"inLanguage":"fr-FR","potentialAction":[{"@type":"CommentAction","name":"Comment","target":["https:\/\/7culture.ci\/index.php\/2021\/06\/29\/deces-de-venance-kacou-et-thiam-abdul-karim-le-livre-et-le-theatre-ivoiriens-perdent-leurs-inspirateurs\/#respond"]}]},{"@type":"WebPage","@id":"https:\/\/7culture.ci\/index.php\/2021\/06\/29\/deces-de-venance-kacou-et-thiam-abdul-karim-le-livre-et-le-theatre-ivoiriens-perdent-leurs-inspirateurs\/","url":"https:\/\/7culture.ci\/index.php\/2021\/06\/29\/deces-de-venance-kacou-et-thiam-abdul-karim-le-livre-et-le-theatre-ivoiriens-perdent-leurs-inspirateurs\/","name":"D\u00c9C\u00c8S DE VENANCE KACOU ET THIAM ABDUL KARIM. LE LIVRE ET LE TH\u00c9ATRE IVOIRIENS P\u00c8RDENT LEURS INSPIRATEURS - 7culture","isPartOf":{"@id":"https:\/\/7culture.ci\/#website"},"datePublished":"2021-06-29T16:24:42+00:00","dateModified":"2022-01-26T13:48:50+00:00","breadcrumb":{"@id":"https:\/\/7culture.ci\/index.php\/2021\/06\/29\/deces-de-venance-kacou-et-thiam-abdul-karim-le-livre-et-le-theatre-ivoiriens-perdent-leurs-inspirateurs\/#breadcrumb"},"inLanguage":"fr-FR","potentialAction":[{"@type":"ReadAction","target":["https:\/\/7culture.ci\/index.php\/2021\/06\/29\/deces-de-venance-kacou-et-thiam-abdul-karim-le-livre-et-le-theatre-ivoiriens-perdent-leurs-inspirateurs\/"]}]},{"@type":"BreadcrumbList","@id":"https:\/\/7culture.ci\/index.php\/2021\/06\/29\/deces-de-venance-kacou-et-thiam-abdul-karim-le-livre-et-le-theatre-ivoiriens-perdent-leurs-inspirateurs\/#breadcrumb","itemListElement":[{"@type":"ListItem","position":1,"name":"Accueil","item":"https:\/\/7culture.ci\/"},{"@type":"ListItem","position":2,"name":"D\u00c9C\u00c8S DE VENANCE KACOU ET THIAM ABDUL KARIM. LE LIVRE ET LE TH\u00c9ATRE IVOIRIENS P\u00c8RDENT LEURS INSPIRATEURS"}]},{"@type":"WebSite","@id":"https:\/\/7culture.ci\/#website","url":"https:\/\/7culture.ci\/","name":"7culture","description":"Tout sur l&#039;actualit\u00e9","publisher":{"@id":"https:\/\/7culture.ci\/#organization"},"potentialAction":[{"@type":"SearchAction","target":{"@type":"EntryPoint","urlTemplate":"https:\/\/7culture.ci\/?s={search_term_string}"},"query-input":"required name=search_term_string"}],"inLanguage":"fr-FR"},{"@type":"Organization","@id":"https:\/\/7culture.ci\/#organization","name":"7culture","url":"https:\/\/7culture.ci\/","sameAs":["https:\/\/www.facebook.com\/redchefclaude","https:\/\/twitter.com\/7culturec"],"logo":{"@type":"ImageObject","inLanguage":"fr-FR","@id":"https:\/\/7culture.ci\/#\/schema\/logo\/image\/","url":"https:\/\/7culture.ci\/wp-content\/uploads\/2021\/12\/S1a-1.png","contentUrl":"https:\/\/7culture.ci\/wp-content\/uploads\/2021\/12\/S1a-1.png","width":588,"height":192,"caption":"7culture"},"image":{"@id":"https:\/\/7culture.ci\/#\/schema\/logo\/image\/"}},{"@type":"Person","@id":"https:\/\/7culture.ci\/#\/schema\/person\/64b5687ef9752cd031e11e98f4fd60b6","name":"Claude Kipre","image":{"@type":"ImageObject","inLanguage":"fr-FR","@id":"https:\/\/7culture.ci\/#\/schema\/person\/image\/","url":"https:\/\/secure.gravatar.com\/avatar\/60e5007626848549b0d9b2ad9c53c9e8?s=96&d=mm&r=g","contentUrl":"https:\/\/secure.gravatar.com\/avatar\/60e5007626848549b0d9b2ad9c53c9e8?s=96&d=mm&r=g","caption":"Claude Kipre"},"url":"https:\/\/7culture.ci\/index.php\/author\/claude-kipre\/"}]}},"jetpack_featured_media_url":"https:\/\/7culture.ci\/wp-content\/uploads\/2021\/01\/child-care-template-expert-img-2.jpg","jetpack_likes_enabled":true,"jetpack_sharing_enabled":true,"_links":{"self":[{"href":"https:\/\/7culture.ci\/index.php\/wp-json\/wp\/v2\/posts\/12412"}],"collection":[{"href":"https:\/\/7culture.ci\/index.php\/wp-json\/wp\/v2\/posts"}],"about":[{"href":"https:\/\/7culture.ci\/index.php\/wp-json\/wp\/v2\/types\/post"}],"author":[{"embeddable":true,"href":"https:\/\/7culture.ci\/index.php\/wp-json\/wp\/v2\/users\/2"}],"replies":[{"embeddable":true,"href":"https:\/\/7culture.ci\/index.php\/wp-json\/wp\/v2\/comments?post=12412"}],"version-history":[{"count":0,"href":"https:\/\/7culture.ci\/index.php\/wp-json\/wp\/v2\/posts\/12412\/revisions"}],"wp:featuredmedia":[{"embeddable":true,"href":"https:\/\/7culture.ci\/index.php\/wp-json\/wp\/v2\/media\/294"}],"wp:attachment":[{"href":"https:\/\/7culture.ci\/index.php\/wp-json\/wp\/v2\/media?parent=12412"}],"wp:term":[{"taxonomy":"category","embeddable":true,"href":"https:\/\/7culture.ci\/index.php\/wp-json\/wp\/v2\/categories?post=12412"},{"taxonomy":"post_tag","embeddable":true,"href":"https:\/\/7culture.ci\/index.php\/wp-json\/wp\/v2\/tags?post=12412"}],"curies":[{"name":"wp","href":"https:\/\/api.w.org\/{rel}","templated":true}]}}