{"id":12403,"date":"2021-06-29T15:29:13","date_gmt":"2021-06-29T15:29:13","guid":{"rendered":"https:\/\/7culture.ci\/index.php\/2021\/06\/29\/akinhindy-festival-4-toute-la-culture-we-celebree-en-grandes-pompes\/"},"modified":"2022-01-13T00:48:15","modified_gmt":"2022-01-12T23:48:15","slug":"akinhindy-festival-4-toute-la-culture-we-celebree-en-grandes-pompes","status":"publish","type":"post","link":"https:\/\/7culture.ci\/index.php\/2021\/06\/29\/akinhindy-festival-4-toute-la-culture-we-celebree-en-grandes-pompes\/","title":{"rendered":"AKINHINDY FESTIVAL 4 : TOUTE LA CULTURE W\u00ca C\u00c9L\u00c9BR\u00c9E EN GRANDES POMPES !"},"content":{"rendered":"\n<p><strong><em>C\u2019est la ville de Toulepleu dans le Cavally qui recevra la 5\u00e8 \u00e9dition d\u2019Akinhindy Festival. En attendant, le 4\u00e8 chapitre de cet \u00e9v\u00e8nement qui c\u00e9l\u00e8bre la culture W\u00ea dans l\u2019ouest de la C\u00f4te d\u2019Ivoire, a referm\u00e9 ses portes le dimanche 27 juin dernier dans une ferveur de grande f\u00eate populaire. D\u00e9cryptage&nbsp;!<\/em><\/strong><\/p>\n\n\n\n<p>Des danses de r\u00e9jouissance aux danses guerri\u00e8res en passant par des danses de protections contre les mauvais esprits et des danses de la procr\u00e9ation, c\u2019est un incessant ballet des diff\u00e9rentes danses W\u00ea qui a tenu en haleine de nombreux spectateurs le dimanche 27 juin \u00e0 la Place Publique de Du\u00e9kou\u00e9 pendant quatre heures. Cette grande d\u00e9monstration des chor\u00e9graphies traditionnelles des r\u00e9gions du Gu\u00e9mon et du Cavally dans l\u2019ouest montagneux de la C\u00f4te d\u2019Ivoire, est intervenue \u00e0 la cl\u00f4ture de la 4\u00e8 \u00e9dition d\u2019Akinhindy Festival. Qui avait ouvert ses portes le 25 juin par une conf\u00e9rence inaugurale \u00e0 la grande salle de la mairie. Pour ce peuple adorateur de masques, les Gla\u00e9s \u00e9taient de sortie et sont venues des grandes cit\u00e9es de l\u2019espace W\u00ea. D\u00e9couverte pour certains et red\u00e9couverte pour d\u2019autres, les masques W\u00ea ont donn\u00e9 l\u2019opportunit\u00e9 de les aimer dans leur diversit\u00e9. Et tous les festivaliers sont unanimes \u00e0 dire qu\u2019on ne s\u2019en lasse pas de les contempler, de les admirer, de les ch\u00e9rir.<\/p>\n\n\n\n<figure class=\\\"wp-block-image size-large is-resized\\\"><img src=\\\"http:\/\/7culture.ci\/fbf\/uploads\/2020\/07\/205315959_1684917271896409_7408390277042971773_n.jpg\\\" alt=\\\"\\\" class=\\\"wp-image-12399\\\" width=\\\"753\\\" height=\\\"387\\\"\/><\/figure>\n\n\n\n<p>Peuple fier de sa culture qu\u2019il ne veut abandonner sous aucun pr\u00e9texte, les W\u00ea placent toute leur existence au Gla (masque avec pour pluriel Gla\u00e9s, ndlr). Ce dernier est la partie visible d\u2019une tradition qui cache encore beaucoup de secrets. L\u2019int\u00e9ressant est l\u2019harmonie et le respect que les villageois, les chefs coutumiers, les religieux, les cadres et les filles et hommes de la r\u00e9gion vouent \u00e0 cette pratique transmise de si\u00e8cle en si\u00e8cle et de g\u00e9n\u00e9ration en g\u00e9n\u00e9ration. A la cl\u00f4ture d\u2019Akinhindy Festival 2021, tout le monde \u00e9tait l\u00e0. Autochtones, allog\u00e8nes, autorit\u00e9s administrative ou simples touristes et curieux n\u2019ont pas voulu rater cet \u00e9v\u00e8nement. \u00ab <strong><em>Durant trois jours, nous avons assist\u00e9 \u00e0 une c\u00e9l\u00e9bration de la culture W\u00ea gr\u00e2ce \u00e0 Akinhindy Festival qui est appel\u00e9 \u00e0 un beau destin. Pour chaque \u00e9dition, nous ferons tout ce qui est en nos possibilit\u00e9s pour satisfaire les initiateurs<\/em><\/strong>&nbsp;\u00bb, a d\u00e9clar\u00e9 M. Ibrahima Ciss\u00e9, pr\u00e9fet de r\u00e9gion du Gu\u00e9mon, pr\u00e9fet du d\u00e9partement de Du\u00e9kou\u00e9, \u00e0 la c\u00e9r\u00e9monie de cl\u00f4ture. Le magistrat repr\u00e9sentait aussi les ministres de la Culture&nbsp;et de la R\u00e9conciliation. \u00ab&nbsp;<strong><em>Pour ma part, je tiens \u00e0 dire merci et f\u00e9liciter les femmes pour leurs actions en faveur du d\u00e9veloppement, de la paix et de la coh\u00e9sion sociale dans notre r\u00e9gion. A mes parents W\u00ea, aux invit\u00e9s et \u00e0 la communaut\u00e9 fr\u00e8re du Burkina Faso, je r\u00e9it\u00e8re toute ma reconnaissance et ma sympathie<\/em><\/strong>&nbsp;\u00bb, a salu\u00e9 Viviane Bah, la Commissaire g\u00e9n\u00e9rale d\u2019Akinhindy Festival dans son speech d\u2019au revoir.<\/p>\n\n\n\n<div class=\\\"wp-block-image\\\"><figure class=\\\"aligncenter size-large is-resized\\\"><img src=\\\"http:\/\/7culture.ci\/fbf\/uploads\/2020\/07\/202989168_1684916568563146_5184298008248829895_n.jpg\\\" alt=\\\"\\\" class=\\\"wp-image-12401\\\" width=\\\"710\\\" height=\\\"533\\\"\/><\/figure><\/div>\n\n\n\n<p>C\u2019est elle et ses fr\u00e8res et s\u0153urs des r\u00e9gions du Gu\u00e9mon et du Cavally qui ont initi\u00e9 ce festival, il y a quatre ans. Il signifie rapprochons-nous ou rassemblons-nous en langue W\u00e8 et fait la promotion de la culture W\u00ea, de la place et du r\u00f4le de la femme dans cette soci\u00e9t\u00e9. Le th\u00e8me de cette pr\u00e9sente \u00e9dition \u00e9tait \u2018<em>\u2019Femme, d\u00e9veloppement et coh\u00e9sion sociale dans la culture W\u00ea<\/em>\u2019\u2019. Il a fait l\u2019objet d\u2019une conf\u00e9rence prononc\u00e9e le vendredi 25 juin \u00e0 la mairie de Du\u00e9kou\u00e9 par Patrice Gou\u00e9, chef du canton Zibiao et Mme Mauricette D\u00e9sir\u00e9e Dieou Epse Bly, experte en gestion coop\u00e9rative. Greff\u00e9e au festival, l\u2019Association Akinhindy (2A) \u0153uvre au rapprochement des habitants de la r\u00e9gion et soutient l\u2019initiative f\u00e9minine. Des dons en mat\u00e9riels d\u2019une valeur d\u2019un million et demi (1.500.000) FCFA ont \u00e9t\u00e9 remis \u00e0 une coop\u00e9rative des femmes du Cavally. Les autorit\u00e9s administratives, les chefs coutumiers et les guides religieux ont re\u00e7u des boubous et pagnes W\u00ea.<\/p>\n\n\n\n<p>En c\u00e9l\u00e9brant la coh\u00e9sion entre les habitants de leurs r\u00e9gions, Akinhindy Festival promeut aussi l\u2019ouverture envers les autres peuples. Apr\u00e8s les S\u00e9noufo en 2018 et les Gouro en 2019, les invit\u00e9s d\u2019honneur de la 4\u00e8 \u00e9dition, \u00e9taient le peuple fr\u00e8re du Burkina Faso.<\/p>\n\n\n\n<figure class=\\\"wp-block-image size-large is-resized\\\"><img src=\\\"http:\/\/7culture.ci\/fbf\/uploads\/2020\/07\/204816066_1684916965229773_8049902866094196855_n.jpg\\\" alt=\\\"\\\" class=\\\"wp-image-12400\\\" width=\\\"658\\\" height=\\\"494\\\"\/><\/figure>\n\n\n\n<p>Avec un menu riche et vari\u00e9 qu\u2019Akinhindy festival a \u00e9gren\u00e9 du 24 au 27 juin, le W\u00ea a chant\u00e9 et dans\u00e9. Du\u00e9kou\u00e9, la ville h\u00f4te a aussi connu des nuits chaudes avec l\u2019animation continue \u00e0 la Place publique. Apr\u00e8s avoir referm\u00e9 ses portes devant un parterre d\u2019invit\u00e9s, Akinhindy Festival d\u00e9posera ses valises l\u2019ann\u00e9e prochaine \u00e0 Toulepleu, dans la r\u00e9gion du Cavally.<\/p>\n\n\n\n<figure class=\\\"wp-block-image size-large is-resized\\\"><img src=\\\"http:\/\/7culture.ci\/fbf\/uploads\/2020\/07\/204825552_4139977192715368_9107009117307139929_n-764x1024.jpg\\\" alt=\\\"\\\" class=\\\"wp-image-12405\\\" width=\\\"490\\\" height=\\\"658\\\"\/><figcaption>Viviane Bah, la Commissaire g\u00e9n\u00e9rale d\\&#8217;Akinhindy Festival<\/figcaption><\/figure>\n\n\n\n<p>Par Omar A.K<\/p>\n","protected":false},"excerpt":{"rendered":"<p>C\u2019est la ville de Toulepleu dans le Cavally qui recevra la 5\u00e8 \u00e9dition d\u2019Akinhindy Festival. En attendant, le 4\u00e8 chapitre de cet \u00e9v\u00e8nement qui c\u00e9l\u00e8bre la culture W\u00ea dans l\u2019ouest de la C\u00f4te d\u2019Ivoire, a referm\u00e9 ses portes le dimanche 27 juin dernier dans une ferveur de grande f\u00eate populaire. D\u00e9cryptage&nbsp;! Des danses de r\u00e9jouissance &hellip;<\/p>\n<p class=\"read-more\"> <a class=\"\" href=\"https:\/\/7culture.ci\/index.php\/2021\/06\/29\/akinhindy-festival-4-toute-la-culture-we-celebree-en-grandes-pompes\/\"> <span class=\"screen-reader-text\">AKINHINDY FESTIVAL 4 : TOUTE LA CULTURE W\u00ca C\u00c9L\u00c9BR\u00c9E EN GRANDES POMPES !<\/span> Lire la suite\u00a0\u00bb<\/a><\/p>\n","protected":false},"author":4,"featured_media":275,"comment_status":"open","ping_status":"closed","sticky":false,"template":"","format":"standard","meta":{"_mi_skip_tracking":false,"_monsterinsights_sitenote_active":false,"_monsterinsights_sitenote_note":"","_monsterinsights_sitenote_category":0,"site-sidebar-layout":"default","site-content-layout":"default","ast-global-header-display":"","ast-main-header-display":"","ast-hfb-above-header-display":"","ast-hfb-below-header-display":"","ast-hfb-mobile-header-display":"","site-post-title":"","ast-breadcrumbs-content":"","ast-featured-img":"","footer-sml-layout":"","theme-transparent-header-meta":"","adv-header-id-meta":"","stick-header-meta":"","header-above-stick-meta":"","header-main-stick-meta":"","header-below-stick-meta":"","footnotes":"","jetpack_publicize_message":"","jetpack_is_tweetstorm":false,"jetpack_publicize_feature_enabled":true},"categories":[22],"tags":[],"jetpack_publicize_connections":[],"acf":[],"aioseo_notices":[],"yoast_head":"<!-- This site is optimized with the Yoast SEO plugin v19.6.1 - https:\/\/yoast.com\/wordpress\/plugins\/seo\/ -->\n<title>AKINHINDY FESTIVAL 4 : TOUTE LA CULTURE W\u00ca C\u00c9L\u00c9BR\u00c9E EN GRANDES POMPES ! - 7culture<\/title>\n<meta name=\"robots\" content=\"index, follow, max-snippet:-1, max-image-preview:large, max-video-preview:-1\" \/>\n<link rel=\"canonical\" href=\"https:\/\/7culture.ci\/index.php\/2021\/06\/29\/akinhindy-festival-4-toute-la-culture-we-celebree-en-grandes-pompes\/\" \/>\n<meta property=\"og:locale\" content=\"fr_FR\" \/>\n<meta property=\"og:type\" content=\"article\" \/>\n<meta property=\"og:title\" content=\"AKINHINDY FESTIVAL 4 : TOUTE LA CULTURE W\u00ca C\u00c9L\u00c9BR\u00c9E EN GRANDES POMPES ! - 7culture\" \/>\n<meta property=\"og:description\" content=\"C\u2019est la ville de Toulepleu dans le Cavally qui recevra la 5\u00e8 \u00e9dition d\u2019Akinhindy Festival. En attendant, le 4\u00e8 chapitre de cet \u00e9v\u00e8nement qui c\u00e9l\u00e8bre la culture W\u00ea dans l\u2019ouest de la C\u00f4te d\u2019Ivoire, a referm\u00e9 ses portes le dimanche 27 juin dernier dans une ferveur de grande f\u00eate populaire. D\u00e9cryptage&nbsp;! Des danses de r\u00e9jouissance &hellip; AKINHINDY FESTIVAL 4 : TOUTE LA CULTURE W\u00ca C\u00c9L\u00c9BR\u00c9E EN GRANDES POMPES ! Lire la suite\u00a0\u00bb\" \/>\n<meta property=\"og:url\" content=\"https:\/\/7culture.ci\/index.php\/2021\/06\/29\/akinhindy-festival-4-toute-la-culture-we-celebree-en-grandes-pompes\/\" \/>\n<meta property=\"og:site_name\" content=\"7culture\" \/>\n<meta property=\"article:publisher\" content=\"https:\/\/www.facebook.com\/redchefclaude\" \/>\n<meta property=\"article:published_time\" content=\"2021-06-29T15:29:13+00:00\" \/>\n<meta property=\"article:modified_time\" content=\"2022-01-12T23:48:15+00:00\" \/>\n<meta property=\"og:image\" content=\"https:\/\/7culture.ci\/wp-content\/uploads\/2021\/01\/child-care-template-reviewer-img-1.jpg\" \/>\n\t<meta property=\"og:image:width\" content=\"80\" \/>\n\t<meta property=\"og:image:height\" content=\"80\" \/>\n\t<meta property=\"og:image:type\" content=\"image\/jpeg\" \/>\n<meta name=\"author\" content=\"Waly Tani\" \/>\n<meta name=\"twitter:card\" content=\"summary_large_image\" \/>\n<meta name=\"twitter:creator\" content=\"@7culturec\" \/>\n<meta name=\"twitter:site\" content=\"@7culturec\" \/>\n<meta name=\"twitter:label1\" content=\"\u00c9crit par\" \/>\n\t<meta name=\"twitter:data1\" content=\"Waly Tani\" \/>\n\t<meta name=\"twitter:label2\" content=\"Dur\u00e9e de lecture estim\u00e9e\" \/>\n\t<meta name=\"twitter:data2\" content=\"4 minutes\" \/>\n<script type=\"application\/ld+json\" class=\"yoast-schema-graph\">{\"@context\":\"https:\/\/schema.org\",\"@graph\":[{\"@type\":\"Article\",\"@id\":\"https:\/\/7culture.ci\/index.php\/2021\/06\/29\/akinhindy-festival-4-toute-la-culture-we-celebree-en-grandes-pompes\/#article\",\"isPartOf\":{\"@id\":\"https:\/\/7culture.ci\/index.php\/2021\/06\/29\/akinhindy-festival-4-toute-la-culture-we-celebree-en-grandes-pompes\/\"},\"author\":{\"name\":\"Waly Tani\",\"@id\":\"https:\/\/7culture.ci\/#\/schema\/person\/ac6600b76b439b1d2b8a3b734da1a17b\"},\"headline\":\"AKINHINDY FESTIVAL 4 : TOUTE LA CULTURE W\u00ca C\u00c9L\u00c9BR\u00c9E EN GRANDES POMPES !\",\"datePublished\":\"2021-06-29T15:29:13+00:00\",\"dateModified\":\"2022-01-12T23:48:15+00:00\",\"mainEntityOfPage\":{\"@id\":\"https:\/\/7culture.ci\/index.php\/2021\/06\/29\/akinhindy-festival-4-toute-la-culture-we-celebree-en-grandes-pompes\/\"},\"wordCount\":859,\"commentCount\":0,\"publisher\":{\"@id\":\"https:\/\/7culture.ci\/#organization\"},\"articleSection\":[\"Actualit\u00e9\"],\"inLanguage\":\"fr-FR\",\"potentialAction\":[{\"@type\":\"CommentAction\",\"name\":\"Comment\",\"target\":[\"https:\/\/7culture.ci\/index.php\/2021\/06\/29\/akinhindy-festival-4-toute-la-culture-we-celebree-en-grandes-pompes\/#respond\"]}]},{\"@type\":\"WebPage\",\"@id\":\"https:\/\/7culture.ci\/index.php\/2021\/06\/29\/akinhindy-festival-4-toute-la-culture-we-celebree-en-grandes-pompes\/\",\"url\":\"https:\/\/7culture.ci\/index.php\/2021\/06\/29\/akinhindy-festival-4-toute-la-culture-we-celebree-en-grandes-pompes\/\",\"name\":\"AKINHINDY FESTIVAL 4 : TOUTE LA CULTURE W\u00ca C\u00c9L\u00c9BR\u00c9E EN GRANDES POMPES ! - 7culture\",\"isPartOf\":{\"@id\":\"https:\/\/7culture.ci\/#website\"},\"datePublished\":\"2021-06-29T15:29:13+00:00\",\"dateModified\":\"2022-01-12T23:48:15+00:00\",\"breadcrumb\":{\"@id\":\"https:\/\/7culture.ci\/index.php\/2021\/06\/29\/akinhindy-festival-4-toute-la-culture-we-celebree-en-grandes-pompes\/#breadcrumb\"},\"inLanguage\":\"fr-FR\",\"potentialAction\":[{\"@type\":\"ReadAction\",\"target\":[\"https:\/\/7culture.ci\/index.php\/2021\/06\/29\/akinhindy-festival-4-toute-la-culture-we-celebree-en-grandes-pompes\/\"]}]},{\"@type\":\"BreadcrumbList\",\"@id\":\"https:\/\/7culture.ci\/index.php\/2021\/06\/29\/akinhindy-festival-4-toute-la-culture-we-celebree-en-grandes-pompes\/#breadcrumb\",\"itemListElement\":[{\"@type\":\"ListItem\",\"position\":1,\"name\":\"Accueil\",\"item\":\"https:\/\/7culture.ci\/\"},{\"@type\":\"ListItem\",\"position\":2,\"name\":\"AKINHINDY FESTIVAL 4 : TOUTE LA CULTURE W\u00ca C\u00c9L\u00c9BR\u00c9E EN GRANDES POMPES !\"}]},{\"@type\":\"WebSite\",\"@id\":\"https:\/\/7culture.ci\/#website\",\"url\":\"https:\/\/7culture.ci\/\",\"name\":\"7culture\",\"description\":\"Tout sur l&#039;actualit\u00e9\",\"publisher\":{\"@id\":\"https:\/\/7culture.ci\/#organization\"},\"potentialAction\":[{\"@type\":\"SearchAction\",\"target\":{\"@type\":\"EntryPoint\",\"urlTemplate\":\"https:\/\/7culture.ci\/?s={search_term_string}\"},\"query-input\":\"required name=search_term_string\"}],\"inLanguage\":\"fr-FR\"},{\"@type\":\"Organization\",\"@id\":\"https:\/\/7culture.ci\/#organization\",\"name\":\"7culture\",\"url\":\"https:\/\/7culture.ci\/\",\"sameAs\":[\"https:\/\/www.facebook.com\/redchefclaude\",\"https:\/\/twitter.com\/7culturec\"],\"logo\":{\"@type\":\"ImageObject\",\"inLanguage\":\"fr-FR\",\"@id\":\"https:\/\/7culture.ci\/#\/schema\/logo\/image\/\",\"url\":\"https:\/\/7culture.ci\/wp-content\/uploads\/2021\/12\/S1a-1.png\",\"contentUrl\":\"https:\/\/7culture.ci\/wp-content\/uploads\/2021\/12\/S1a-1.png\",\"width\":588,\"height\":192,\"caption\":\"7culture\"},\"image\":{\"@id\":\"https:\/\/7culture.ci\/#\/schema\/logo\/image\/\"}},{\"@type\":\"Person\",\"@id\":\"https:\/\/7culture.ci\/#\/schema\/person\/ac6600b76b439b1d2b8a3b734da1a17b\",\"name\":\"Waly Tani\",\"image\":{\"@type\":\"ImageObject\",\"inLanguage\":\"fr-FR\",\"@id\":\"https:\/\/7culture.ci\/#\/schema\/person\/image\/\",\"url\":\"https:\/\/secure.gravatar.com\/avatar\/f4ffa85bd7cfe6e4376efc1fd606cdb7?s=96&d=mm&r=g\",\"contentUrl\":\"https:\/\/secure.gravatar.com\/avatar\/f4ffa85bd7cfe6e4376efc1fd606cdb7?s=96&d=mm&r=g\",\"caption\":\"Waly Tani\"},\"url\":\"https:\/\/7culture.ci\/index.php\/author\/waly-tani\/\"}]}<\/script>\n<!-- \/ Yoast SEO plugin. -->","yoast_head_json":{"title":"AKINHINDY FESTIVAL 4 : TOUTE LA CULTURE W\u00ca C\u00c9L\u00c9BR\u00c9E EN GRANDES POMPES ! - 7culture","robots":{"index":"index","follow":"follow","max-snippet":"max-snippet:-1","max-image-preview":"max-image-preview:large","max-video-preview":"max-video-preview:-1"},"canonical":"https:\/\/7culture.ci\/index.php\/2021\/06\/29\/akinhindy-festival-4-toute-la-culture-we-celebree-en-grandes-pompes\/","og_locale":"fr_FR","og_type":"article","og_title":"AKINHINDY FESTIVAL 4 : TOUTE LA CULTURE W\u00ca C\u00c9L\u00c9BR\u00c9E EN GRANDES POMPES ! - 7culture","og_description":"C\u2019est la ville de Toulepleu dans le Cavally qui recevra la 5\u00e8 \u00e9dition d\u2019Akinhindy Festival. En attendant, le 4\u00e8 chapitre de cet \u00e9v\u00e8nement qui c\u00e9l\u00e8bre la culture W\u00ea dans l\u2019ouest de la C\u00f4te d\u2019Ivoire, a referm\u00e9 ses portes le dimanche 27 juin dernier dans une ferveur de grande f\u00eate populaire. D\u00e9cryptage&nbsp;! Des danses de r\u00e9jouissance &hellip; AKINHINDY FESTIVAL 4 : TOUTE LA CULTURE W\u00ca C\u00c9L\u00c9BR\u00c9E EN GRANDES POMPES ! Lire la suite\u00a0\u00bb","og_url":"https:\/\/7culture.ci\/index.php\/2021\/06\/29\/akinhindy-festival-4-toute-la-culture-we-celebree-en-grandes-pompes\/","og_site_name":"7culture","article_publisher":"https:\/\/www.facebook.com\/redchefclaude","article_published_time":"2021-06-29T15:29:13+00:00","article_modified_time":"2022-01-12T23:48:15+00:00","og_image":[{"width":80,"height":80,"url":"https:\/\/7culture.ci\/wp-content\/uploads\/2021\/01\/child-care-template-reviewer-img-1.jpg","type":"image\/jpeg"}],"author":"Waly Tani","twitter_card":"summary_large_image","twitter_creator":"@7culturec","twitter_site":"@7culturec","twitter_misc":{"\u00c9crit par":"Waly Tani","Dur\u00e9e de lecture estim\u00e9e":"4 minutes"},"schema":{"@context":"https:\/\/schema.org","@graph":[{"@type":"Article","@id":"https:\/\/7culture.ci\/index.php\/2021\/06\/29\/akinhindy-festival-4-toute-la-culture-we-celebree-en-grandes-pompes\/#article","isPartOf":{"@id":"https:\/\/7culture.ci\/index.php\/2021\/06\/29\/akinhindy-festival-4-toute-la-culture-we-celebree-en-grandes-pompes\/"},"author":{"name":"Waly Tani","@id":"https:\/\/7culture.ci\/#\/schema\/person\/ac6600b76b439b1d2b8a3b734da1a17b"},"headline":"AKINHINDY FESTIVAL 4 : TOUTE LA CULTURE W\u00ca C\u00c9L\u00c9BR\u00c9E EN GRANDES POMPES !","datePublished":"2021-06-29T15:29:13+00:00","dateModified":"2022-01-12T23:48:15+00:00","mainEntityOfPage":{"@id":"https:\/\/7culture.ci\/index.php\/2021\/06\/29\/akinhindy-festival-4-toute-la-culture-we-celebree-en-grandes-pompes\/"},"wordCount":859,"commentCount":0,"publisher":{"@id":"https:\/\/7culture.ci\/#organization"},"articleSection":["Actualit\u00e9"],"inLanguage":"fr-FR","potentialAction":[{"@type":"CommentAction","name":"Comment","target":["https:\/\/7culture.ci\/index.php\/2021\/06\/29\/akinhindy-festival-4-toute-la-culture-we-celebree-en-grandes-pompes\/#respond"]}]},{"@type":"WebPage","@id":"https:\/\/7culture.ci\/index.php\/2021\/06\/29\/akinhindy-festival-4-toute-la-culture-we-celebree-en-grandes-pompes\/","url":"https:\/\/7culture.ci\/index.php\/2021\/06\/29\/akinhindy-festival-4-toute-la-culture-we-celebree-en-grandes-pompes\/","name":"AKINHINDY FESTIVAL 4 : TOUTE LA CULTURE W\u00ca C\u00c9L\u00c9BR\u00c9E EN GRANDES POMPES ! - 7culture","isPartOf":{"@id":"https:\/\/7culture.ci\/#website"},"datePublished":"2021-06-29T15:29:13+00:00","dateModified":"2022-01-12T23:48:15+00:00","breadcrumb":{"@id":"https:\/\/7culture.ci\/index.php\/2021\/06\/29\/akinhindy-festival-4-toute-la-culture-we-celebree-en-grandes-pompes\/#breadcrumb"},"inLanguage":"fr-FR","potentialAction":[{"@type":"ReadAction","target":["https:\/\/7culture.ci\/index.php\/2021\/06\/29\/akinhindy-festival-4-toute-la-culture-we-celebree-en-grandes-pompes\/"]}]},{"@type":"BreadcrumbList","@id":"https:\/\/7culture.ci\/index.php\/2021\/06\/29\/akinhindy-festival-4-toute-la-culture-we-celebree-en-grandes-pompes\/#breadcrumb","itemListElement":[{"@type":"ListItem","position":1,"name":"Accueil","item":"https:\/\/7culture.ci\/"},{"@type":"ListItem","position":2,"name":"AKINHINDY FESTIVAL 4 : TOUTE LA CULTURE W\u00ca C\u00c9L\u00c9BR\u00c9E EN GRANDES POMPES !"}]},{"@type":"WebSite","@id":"https:\/\/7culture.ci\/#website","url":"https:\/\/7culture.ci\/","name":"7culture","description":"Tout sur l&#039;actualit\u00e9","publisher":{"@id":"https:\/\/7culture.ci\/#organization"},"potentialAction":[{"@type":"SearchAction","target":{"@type":"EntryPoint","urlTemplate":"https:\/\/7culture.ci\/?s={search_term_string}"},"query-input":"required name=search_term_string"}],"inLanguage":"fr-FR"},{"@type":"Organization","@id":"https:\/\/7culture.ci\/#organization","name":"7culture","url":"https:\/\/7culture.ci\/","sameAs":["https:\/\/www.facebook.com\/redchefclaude","https:\/\/twitter.com\/7culturec"],"logo":{"@type":"ImageObject","inLanguage":"fr-FR","@id":"https:\/\/7culture.ci\/#\/schema\/logo\/image\/","url":"https:\/\/7culture.ci\/wp-content\/uploads\/2021\/12\/S1a-1.png","contentUrl":"https:\/\/7culture.ci\/wp-content\/uploads\/2021\/12\/S1a-1.png","width":588,"height":192,"caption":"7culture"},"image":{"@id":"https:\/\/7culture.ci\/#\/schema\/logo\/image\/"}},{"@type":"Person","@id":"https:\/\/7culture.ci\/#\/schema\/person\/ac6600b76b439b1d2b8a3b734da1a17b","name":"Waly Tani","image":{"@type":"ImageObject","inLanguage":"fr-FR","@id":"https:\/\/7culture.ci\/#\/schema\/person\/image\/","url":"https:\/\/secure.gravatar.com\/avatar\/f4ffa85bd7cfe6e4376efc1fd606cdb7?s=96&d=mm&r=g","contentUrl":"https:\/\/secure.gravatar.com\/avatar\/f4ffa85bd7cfe6e4376efc1fd606cdb7?s=96&d=mm&r=g","caption":"Waly Tani"},"url":"https:\/\/7culture.ci\/index.php\/author\/waly-tani\/"}]}},"jetpack_featured_media_url":"https:\/\/7culture.ci\/wp-content\/uploads\/2021\/01\/child-care-template-reviewer-img-1.jpg","jetpack_likes_enabled":true,"jetpack_sharing_enabled":true,"_links":{"self":[{"href":"https:\/\/7culture.ci\/index.php\/wp-json\/wp\/v2\/posts\/12403"}],"collection":[{"href":"https:\/\/7culture.ci\/index.php\/wp-json\/wp\/v2\/posts"}],"about":[{"href":"https:\/\/7culture.ci\/index.php\/wp-json\/wp\/v2\/types\/post"}],"author":[{"embeddable":true,"href":"https:\/\/7culture.ci\/index.php\/wp-json\/wp\/v2\/users\/4"}],"replies":[{"embeddable":true,"href":"https:\/\/7culture.ci\/index.php\/wp-json\/wp\/v2\/comments?post=12403"}],"version-history":[{"count":0,"href":"https:\/\/7culture.ci\/index.php\/wp-json\/wp\/v2\/posts\/12403\/revisions"}],"wp:featuredmedia":[{"embeddable":true,"href":"https:\/\/7culture.ci\/index.php\/wp-json\/wp\/v2\/media\/275"}],"wp:attachment":[{"href":"https:\/\/7culture.ci\/index.php\/wp-json\/wp\/v2\/media?parent=12403"}],"wp:term":[{"taxonomy":"category","embeddable":true,"href":"https:\/\/7culture.ci\/index.php\/wp-json\/wp\/v2\/categories?post=12403"},{"taxonomy":"post_tag","embeddable":true,"href":"https:\/\/7culture.ci\/index.php\/wp-json\/wp\/v2\/tags?post=12403"}],"curies":[{"name":"wp","href":"https:\/\/api.w.org\/{rel}","templated":true}]}}