{"id":12386,"date":"2021-06-28T16:52:16","date_gmt":"2021-06-28T16:52:16","guid":{"rendered":"https:\/\/7culture.ci\/index.php\/2021\/06\/28\/wes-madiko-de-quoi-est-mort-le-chanteur-du-tube-mondial-alane\/"},"modified":"2022-01-12T23:45:01","modified_gmt":"2022-01-12T22:45:01","slug":"wes-madiko-de-quoi-est-mort-le-chanteur-du-tube-mondial-alane","status":"publish","type":"post","link":"https:\/\/7culture.ci\/index.php\/2021\/06\/28\/wes-madiko-de-quoi-est-mort-le-chanteur-du-tube-mondial-alane\/","title":{"rendered":"WES MADIKO, DE QUOI EST MORT LE CHANTEUR DU TUBE MONDIAL ALANE ?"},"content":{"rendered":"\n<p><strong><em><strong><em>Vendredi 25 juin la mauvaise nouvelle de la mort du chanteur Camerounais Wes Madiko a fait le tour du monde et les manchettes de toutes les grandes publications. Pass\u00e9 le temps de l\u2019\u00e9motion l\u2019on se tourne vers les causes possibles de cette mort inattendue \u00e0 seulement 57 ans.<\/em><\/strong><\/em><\/strong><\/p>\n\n\n\n<p>C\u2019est une triste nouvelle qui s\u2019est abattue sur la sc\u00e8ne musicale fran\u00e7aise. Le chanteur camerounais&nbsp;<strong>Wes Madiko<\/strong>&nbsp;alias&nbsp;<strong>Wes<\/strong>&nbsp;est d\u00e9c\u00e9d\u00e9 \u00e0&nbsp;<strong>Alen\u00e7on<\/strong>&nbsp;en&nbsp;<strong>Normandie<\/strong>. L\u2019interpr\u00e8te du c\u00e9l\u00e8bre tube&nbsp;<em><strong>\u00ab&nbsp;Alane&nbsp;\u00bb<\/strong><\/em>, n\u2019a pas surv\u00e9cu \u00e0 une intervention chirurgicale qu\u2019il a subi suite \u00e0 une nosocomiale, une infection contract\u00e9e apr\u00e8s un s\u00e9jour dans un h\u00f4pital.<\/p>\n\n\n\n<p>A travers cette disparition, la musique africaine perd une nouvelle fois un de ses plus grands ambassadeurs. Le chanteur \u00e9tait principalement connu pour le titre <strong><em>Alane<\/em><\/strong>, tube de l\u2019\u00e9t\u00e9 1997.<\/p>\n\n\n\n<figure class=\\\"wp-block-image size-large\\\"><img src=\\\"http:\/\/7culture.ci\/fbf\/uploads\/2021\/06\/Wes-Madiko-1.jpg\\\" alt=\\\"\\\" class=\\\"wp-image-12388\\\"\/><\/figure>\n\n\n\n<p><strong><em>\u00ab&nbsp;Une l\u00e9gende nous a quitt\u00e9s \u00bb<\/em><\/strong>, n\u2019a cess\u00e9 de r\u00e9p\u00e9ter tous les grands noms de la musique qui ont c\u00f4toy\u00e9s le natif de Mouataba, un village situ\u00e9 \u00e0 une centaine de kilom\u00e8tres de Douala (Cameroun).<\/p>\n\n\n\n<p>En 1997 sa chanson&nbsp;la plus c\u00e9l\u00e8bre, <strong>Alane,<\/strong> avait \u00e9t\u00e9 \u00e9coul\u00e9e \u00e0 quelque dix millions de disques. Il avait re\u00e7u un disque de diamant. La musique a \u00e9t\u00e9 tr\u00e8s t\u00f4t sa raison d\\&#8217;\u00eatre. En 1974, il cr\u00e9e le groupe Kwa Kwassi, qui signifie \u00abpenser juste\u00bb en fran\u00e7ais. Cette formation villageoise est compos\u00e9e essentiellement de jeunes artistes p\u00e9n\u00e9tr\u00e9s de l\\&#8217;art bantou. En 1987, il quitte l\\&#8217;Afrique pour se produire avec sa nouvelle formation, Fakol. Avec ses fr\u00e8res de sc\u00e8ne Benjamin Valfroy et Joe Sene, il fait un grand tour d\\&#8217;Europe. 1997 sera l\\&#8217;ann\u00e9e du triomphe. La chanson Alane, tir\u00e9 de l\\&#8217;album Welenga, devient tr\u00e8s vite le tube de l\\&#8217;\u00e9t\u00e9. Certifi\u00e9 disque de diamant, <strong>Alane<\/strong> permet \u00e0 Wes de rejoindre Khaled (A\u00efcha), qui restait jusque-l\u00e0 le seul artiste africain \u00e0 avoir cette distinction supr\u00eame de l\\&#8217;industrie du disque. En 1998, Disney lui permettra d\\&#8217;inscrire son nom dans sa grande histoire du dessin anim\u00e9 en choisissant <strong>In Youpendi<\/strong> pour le Roi Lion 2: L\\&#8217;Honneur de la tribu.<\/p>\n","protected":false},"excerpt":{"rendered":"<p>Vendredi 25 juin la mauvaise nouvelle de la mort du chanteur Camerounais Wes Madiko a fait le tour du monde et les manchettes de toutes les grandes publications. Pass\u00e9 le temps de l\u2019\u00e9motion l\u2019on se tourne vers les causes possibles de cette mort inattendue \u00e0 seulement 57 ans. C\u2019est une triste nouvelle qui s\u2019est abattue &hellip;<\/p>\n<p class=\"read-more\"> <a class=\"\" href=\"https:\/\/7culture.ci\/index.php\/2021\/06\/28\/wes-madiko-de-quoi-est-mort-le-chanteur-du-tube-mondial-alane\/\"> <span class=\"screen-reader-text\">WES MADIKO, DE QUOI EST MORT LE CHANTEUR DU TUBE MONDIAL ALANE ?<\/span> Lire la suite\u00a0\u00bb<\/a><\/p>\n","protected":false},"author":2,"featured_media":557,"comment_status":"open","ping_status":"closed","sticky":false,"template":"","format":"standard","meta":{"_mi_skip_tracking":false,"_monsterinsights_sitenote_active":false,"_monsterinsights_sitenote_note":"","_monsterinsights_sitenote_category":0,"site-sidebar-layout":"default","site-content-layout":"default","ast-global-header-display":"","ast-main-header-display":"","ast-hfb-above-header-display":"","ast-hfb-below-header-display":"","ast-hfb-mobile-header-display":"","site-post-title":"","ast-breadcrumbs-content":"","ast-featured-img":"","footer-sml-layout":"","theme-transparent-header-meta":"","adv-header-id-meta":"","stick-header-meta":"","header-above-stick-meta":"","header-main-stick-meta":"","header-below-stick-meta":"","footnotes":"","jetpack_publicize_message":"","jetpack_is_tweetstorm":false,"jetpack_publicize_feature_enabled":true},"categories":[16],"tags":[],"jetpack_publicize_connections":[],"acf":[],"aioseo_notices":[],"yoast_head":"<!-- This site is optimized with the Yoast SEO plugin v19.6.1 - https:\/\/yoast.com\/wordpress\/plugins\/seo\/ -->\n<title>WES MADIKO, DE QUOI EST MORT LE CHANTEUR DU TUBE MONDIAL ALANE ? - 7culture<\/title>\n<meta name=\"robots\" content=\"index, follow, max-snippet:-1, max-image-preview:large, max-video-preview:-1\" \/>\n<link rel=\"canonical\" href=\"https:\/\/7culture.ci\/index.php\/2021\/06\/28\/wes-madiko-de-quoi-est-mort-le-chanteur-du-tube-mondial-alane\/\" \/>\n<meta property=\"og:locale\" content=\"fr_FR\" \/>\n<meta property=\"og:type\" content=\"article\" \/>\n<meta property=\"og:title\" content=\"WES MADIKO, DE QUOI EST MORT LE CHANTEUR DU TUBE MONDIAL ALANE ? - 7culture\" \/>\n<meta property=\"og:description\" content=\"Vendredi 25 juin la mauvaise nouvelle de la mort du chanteur Camerounais Wes Madiko a fait le tour du monde et les manchettes de toutes les grandes publications. Pass\u00e9 le temps de l\u2019\u00e9motion l\u2019on se tourne vers les causes possibles de cette mort inattendue \u00e0 seulement 57 ans. C\u2019est une triste nouvelle qui s\u2019est abattue &hellip; WES MADIKO, DE QUOI EST MORT LE CHANTEUR DU TUBE MONDIAL ALANE ? Lire la suite\u00a0\u00bb\" \/>\n<meta property=\"og:url\" content=\"https:\/\/7culture.ci\/index.php\/2021\/06\/28\/wes-madiko-de-quoi-est-mort-le-chanteur-du-tube-mondial-alane\/\" \/>\n<meta property=\"og:site_name\" content=\"7culture\" \/>\n<meta property=\"article:publisher\" content=\"https:\/\/www.facebook.com\/redchefclaude\" \/>\n<meta property=\"article:published_time\" content=\"2021-06-28T16:52:16+00:00\" \/>\n<meta property=\"article:modified_time\" content=\"2022-01-12T22:45:01+00:00\" \/>\n<meta property=\"og:image\" content=\"https:\/\/7culture.ci\/wp-content\/uploads\/2021\/01\/childcare-template-blog-img-3.jpg\" \/>\n\t<meta property=\"og:image:width\" content=\"800\" \/>\n\t<meta property=\"og:image:height\" content=\"532\" \/>\n\t<meta property=\"og:image:type\" content=\"image\/jpeg\" \/>\n<meta name=\"author\" content=\"Claude Kipre\" \/>\n<meta name=\"twitter:card\" content=\"summary_large_image\" \/>\n<meta name=\"twitter:creator\" content=\"@7culturec\" \/>\n<meta name=\"twitter:site\" content=\"@7culturec\" \/>\n<meta name=\"twitter:label1\" content=\"\u00c9crit par\" \/>\n\t<meta name=\"twitter:data1\" content=\"Claude Kipre\" \/>\n\t<meta name=\"twitter:label2\" content=\"Dur\u00e9e de lecture estim\u00e9e\" \/>\n\t<meta name=\"twitter:data2\" content=\"2 minutes\" \/>\n<script type=\"application\/ld+json\" class=\"yoast-schema-graph\">{\"@context\":\"https:\/\/schema.org\",\"@graph\":[{\"@type\":\"Article\",\"@id\":\"https:\/\/7culture.ci\/index.php\/2021\/06\/28\/wes-madiko-de-quoi-est-mort-le-chanteur-du-tube-mondial-alane\/#article\",\"isPartOf\":{\"@id\":\"https:\/\/7culture.ci\/index.php\/2021\/06\/28\/wes-madiko-de-quoi-est-mort-le-chanteur-du-tube-mondial-alane\/\"},\"author\":{\"name\":\"Claude Kipre\",\"@id\":\"https:\/\/7culture.ci\/#\/schema\/person\/64b5687ef9752cd031e11e98f4fd60b6\"},\"headline\":\"WES MADIKO, DE QUOI EST MORT LE CHANTEUR DU TUBE MONDIAL ALANE ?\",\"datePublished\":\"2021-06-28T16:52:16+00:00\",\"dateModified\":\"2022-01-12T22:45:01+00:00\",\"mainEntityOfPage\":{\"@id\":\"https:\/\/7culture.ci\/index.php\/2021\/06\/28\/wes-madiko-de-quoi-est-mort-le-chanteur-du-tube-mondial-alane\/\"},\"wordCount\":395,\"commentCount\":0,\"publisher\":{\"@id\":\"https:\/\/7culture.ci\/#organization\"},\"articleSection\":[\"Musique\"],\"inLanguage\":\"fr-FR\",\"potentialAction\":[{\"@type\":\"CommentAction\",\"name\":\"Comment\",\"target\":[\"https:\/\/7culture.ci\/index.php\/2021\/06\/28\/wes-madiko-de-quoi-est-mort-le-chanteur-du-tube-mondial-alane\/#respond\"]}]},{\"@type\":\"WebPage\",\"@id\":\"https:\/\/7culture.ci\/index.php\/2021\/06\/28\/wes-madiko-de-quoi-est-mort-le-chanteur-du-tube-mondial-alane\/\",\"url\":\"https:\/\/7culture.ci\/index.php\/2021\/06\/28\/wes-madiko-de-quoi-est-mort-le-chanteur-du-tube-mondial-alane\/\",\"name\":\"WES MADIKO, DE QUOI EST MORT LE CHANTEUR DU TUBE MONDIAL ALANE ? - 7culture\",\"isPartOf\":{\"@id\":\"https:\/\/7culture.ci\/#website\"},\"datePublished\":\"2021-06-28T16:52:16+00:00\",\"dateModified\":\"2022-01-12T22:45:01+00:00\",\"breadcrumb\":{\"@id\":\"https:\/\/7culture.ci\/index.php\/2021\/06\/28\/wes-madiko-de-quoi-est-mort-le-chanteur-du-tube-mondial-alane\/#breadcrumb\"},\"inLanguage\":\"fr-FR\",\"potentialAction\":[{\"@type\":\"ReadAction\",\"target\":[\"https:\/\/7culture.ci\/index.php\/2021\/06\/28\/wes-madiko-de-quoi-est-mort-le-chanteur-du-tube-mondial-alane\/\"]}]},{\"@type\":\"BreadcrumbList\",\"@id\":\"https:\/\/7culture.ci\/index.php\/2021\/06\/28\/wes-madiko-de-quoi-est-mort-le-chanteur-du-tube-mondial-alane\/#breadcrumb\",\"itemListElement\":[{\"@type\":\"ListItem\",\"position\":1,\"name\":\"Accueil\",\"item\":\"https:\/\/7culture.ci\/\"},{\"@type\":\"ListItem\",\"position\":2,\"name\":\"WES MADIKO, DE QUOI EST MORT LE CHANTEUR DU TUBE MONDIAL ALANE ?\"}]},{\"@type\":\"WebSite\",\"@id\":\"https:\/\/7culture.ci\/#website\",\"url\":\"https:\/\/7culture.ci\/\",\"name\":\"7culture\",\"description\":\"Tout sur l&#039;actualit\u00e9\",\"publisher\":{\"@id\":\"https:\/\/7culture.ci\/#organization\"},\"potentialAction\":[{\"@type\":\"SearchAction\",\"target\":{\"@type\":\"EntryPoint\",\"urlTemplate\":\"https:\/\/7culture.ci\/?s={search_term_string}\"},\"query-input\":\"required name=search_term_string\"}],\"inLanguage\":\"fr-FR\"},{\"@type\":\"Organization\",\"@id\":\"https:\/\/7culture.ci\/#organization\",\"name\":\"7culture\",\"url\":\"https:\/\/7culture.ci\/\",\"sameAs\":[\"https:\/\/www.facebook.com\/redchefclaude\",\"https:\/\/twitter.com\/7culturec\"],\"logo\":{\"@type\":\"ImageObject\",\"inLanguage\":\"fr-FR\",\"@id\":\"https:\/\/7culture.ci\/#\/schema\/logo\/image\/\",\"url\":\"https:\/\/7culture.ci\/wp-content\/uploads\/2021\/12\/S1a-1.png\",\"contentUrl\":\"https:\/\/7culture.ci\/wp-content\/uploads\/2021\/12\/S1a-1.png\",\"width\":588,\"height\":192,\"caption\":\"7culture\"},\"image\":{\"@id\":\"https:\/\/7culture.ci\/#\/schema\/logo\/image\/\"}},{\"@type\":\"Person\",\"@id\":\"https:\/\/7culture.ci\/#\/schema\/person\/64b5687ef9752cd031e11e98f4fd60b6\",\"name\":\"Claude Kipre\",\"image\":{\"@type\":\"ImageObject\",\"inLanguage\":\"fr-FR\",\"@id\":\"https:\/\/7culture.ci\/#\/schema\/person\/image\/\",\"url\":\"https:\/\/secure.gravatar.com\/avatar\/60e5007626848549b0d9b2ad9c53c9e8?s=96&d=mm&r=g\",\"contentUrl\":\"https:\/\/secure.gravatar.com\/avatar\/60e5007626848549b0d9b2ad9c53c9e8?s=96&d=mm&r=g\",\"caption\":\"Claude Kipre\"},\"url\":\"https:\/\/7culture.ci\/index.php\/author\/claude-kipre\/\"}]}<\/script>\n<!-- \/ Yoast SEO plugin. -->","yoast_head_json":{"title":"WES MADIKO, DE QUOI EST MORT LE CHANTEUR DU TUBE MONDIAL ALANE ? - 7culture","robots":{"index":"index","follow":"follow","max-snippet":"max-snippet:-1","max-image-preview":"max-image-preview:large","max-video-preview":"max-video-preview:-1"},"canonical":"https:\/\/7culture.ci\/index.php\/2021\/06\/28\/wes-madiko-de-quoi-est-mort-le-chanteur-du-tube-mondial-alane\/","og_locale":"fr_FR","og_type":"article","og_title":"WES MADIKO, DE QUOI EST MORT LE CHANTEUR DU TUBE MONDIAL ALANE ? - 7culture","og_description":"Vendredi 25 juin la mauvaise nouvelle de la mort du chanteur Camerounais Wes Madiko a fait le tour du monde et les manchettes de toutes les grandes publications. Pass\u00e9 le temps de l\u2019\u00e9motion l\u2019on se tourne vers les causes possibles de cette mort inattendue \u00e0 seulement 57 ans. C\u2019est une triste nouvelle qui s\u2019est abattue &hellip; WES MADIKO, DE QUOI EST MORT LE CHANTEUR DU TUBE MONDIAL ALANE ? Lire la suite\u00a0\u00bb","og_url":"https:\/\/7culture.ci\/index.php\/2021\/06\/28\/wes-madiko-de-quoi-est-mort-le-chanteur-du-tube-mondial-alane\/","og_site_name":"7culture","article_publisher":"https:\/\/www.facebook.com\/redchefclaude","article_published_time":"2021-06-28T16:52:16+00:00","article_modified_time":"2022-01-12T22:45:01+00:00","og_image":[{"width":800,"height":532,"url":"https:\/\/7culture.ci\/wp-content\/uploads\/2021\/01\/childcare-template-blog-img-3.jpg","type":"image\/jpeg"}],"author":"Claude Kipre","twitter_card":"summary_large_image","twitter_creator":"@7culturec","twitter_site":"@7culturec","twitter_misc":{"\u00c9crit par":"Claude Kipre","Dur\u00e9e de lecture estim\u00e9e":"2 minutes"},"schema":{"@context":"https:\/\/schema.org","@graph":[{"@type":"Article","@id":"https:\/\/7culture.ci\/index.php\/2021\/06\/28\/wes-madiko-de-quoi-est-mort-le-chanteur-du-tube-mondial-alane\/#article","isPartOf":{"@id":"https:\/\/7culture.ci\/index.php\/2021\/06\/28\/wes-madiko-de-quoi-est-mort-le-chanteur-du-tube-mondial-alane\/"},"author":{"name":"Claude Kipre","@id":"https:\/\/7culture.ci\/#\/schema\/person\/64b5687ef9752cd031e11e98f4fd60b6"},"headline":"WES MADIKO, DE QUOI EST MORT LE CHANTEUR DU TUBE MONDIAL ALANE ?","datePublished":"2021-06-28T16:52:16+00:00","dateModified":"2022-01-12T22:45:01+00:00","mainEntityOfPage":{"@id":"https:\/\/7culture.ci\/index.php\/2021\/06\/28\/wes-madiko-de-quoi-est-mort-le-chanteur-du-tube-mondial-alane\/"},"wordCount":395,"commentCount":0,"publisher":{"@id":"https:\/\/7culture.ci\/#organization"},"articleSection":["Musique"],"inLanguage":"fr-FR","potentialAction":[{"@type":"CommentAction","name":"Comment","target":["https:\/\/7culture.ci\/index.php\/2021\/06\/28\/wes-madiko-de-quoi-est-mort-le-chanteur-du-tube-mondial-alane\/#respond"]}]},{"@type":"WebPage","@id":"https:\/\/7culture.ci\/index.php\/2021\/06\/28\/wes-madiko-de-quoi-est-mort-le-chanteur-du-tube-mondial-alane\/","url":"https:\/\/7culture.ci\/index.php\/2021\/06\/28\/wes-madiko-de-quoi-est-mort-le-chanteur-du-tube-mondial-alane\/","name":"WES MADIKO, DE QUOI EST MORT LE CHANTEUR DU TUBE MONDIAL ALANE ? - 7culture","isPartOf":{"@id":"https:\/\/7culture.ci\/#website"},"datePublished":"2021-06-28T16:52:16+00:00","dateModified":"2022-01-12T22:45:01+00:00","breadcrumb":{"@id":"https:\/\/7culture.ci\/index.php\/2021\/06\/28\/wes-madiko-de-quoi-est-mort-le-chanteur-du-tube-mondial-alane\/#breadcrumb"},"inLanguage":"fr-FR","potentialAction":[{"@type":"ReadAction","target":["https:\/\/7culture.ci\/index.php\/2021\/06\/28\/wes-madiko-de-quoi-est-mort-le-chanteur-du-tube-mondial-alane\/"]}]},{"@type":"BreadcrumbList","@id":"https:\/\/7culture.ci\/index.php\/2021\/06\/28\/wes-madiko-de-quoi-est-mort-le-chanteur-du-tube-mondial-alane\/#breadcrumb","itemListElement":[{"@type":"ListItem","position":1,"name":"Accueil","item":"https:\/\/7culture.ci\/"},{"@type":"ListItem","position":2,"name":"WES MADIKO, DE QUOI EST MORT LE CHANTEUR DU TUBE MONDIAL ALANE ?"}]},{"@type":"WebSite","@id":"https:\/\/7culture.ci\/#website","url":"https:\/\/7culture.ci\/","name":"7culture","description":"Tout sur l&#039;actualit\u00e9","publisher":{"@id":"https:\/\/7culture.ci\/#organization"},"potentialAction":[{"@type":"SearchAction","target":{"@type":"EntryPoint","urlTemplate":"https:\/\/7culture.ci\/?s={search_term_string}"},"query-input":"required name=search_term_string"}],"inLanguage":"fr-FR"},{"@type":"Organization","@id":"https:\/\/7culture.ci\/#organization","name":"7culture","url":"https:\/\/7culture.ci\/","sameAs":["https:\/\/www.facebook.com\/redchefclaude","https:\/\/twitter.com\/7culturec"],"logo":{"@type":"ImageObject","inLanguage":"fr-FR","@id":"https:\/\/7culture.ci\/#\/schema\/logo\/image\/","url":"https:\/\/7culture.ci\/wp-content\/uploads\/2021\/12\/S1a-1.png","contentUrl":"https:\/\/7culture.ci\/wp-content\/uploads\/2021\/12\/S1a-1.png","width":588,"height":192,"caption":"7culture"},"image":{"@id":"https:\/\/7culture.ci\/#\/schema\/logo\/image\/"}},{"@type":"Person","@id":"https:\/\/7culture.ci\/#\/schema\/person\/64b5687ef9752cd031e11e98f4fd60b6","name":"Claude Kipre","image":{"@type":"ImageObject","inLanguage":"fr-FR","@id":"https:\/\/7culture.ci\/#\/schema\/person\/image\/","url":"https:\/\/secure.gravatar.com\/avatar\/60e5007626848549b0d9b2ad9c53c9e8?s=96&d=mm&r=g","contentUrl":"https:\/\/secure.gravatar.com\/avatar\/60e5007626848549b0d9b2ad9c53c9e8?s=96&d=mm&r=g","caption":"Claude Kipre"},"url":"https:\/\/7culture.ci\/index.php\/author\/claude-kipre\/"}]}},"jetpack_featured_media_url":"https:\/\/7culture.ci\/wp-content\/uploads\/2021\/01\/childcare-template-blog-img-3.jpg","jetpack_likes_enabled":true,"jetpack_sharing_enabled":true,"_links":{"self":[{"href":"https:\/\/7culture.ci\/index.php\/wp-json\/wp\/v2\/posts\/12386"}],"collection":[{"href":"https:\/\/7culture.ci\/index.php\/wp-json\/wp\/v2\/posts"}],"about":[{"href":"https:\/\/7culture.ci\/index.php\/wp-json\/wp\/v2\/types\/post"}],"author":[{"embeddable":true,"href":"https:\/\/7culture.ci\/index.php\/wp-json\/wp\/v2\/users\/2"}],"replies":[{"embeddable":true,"href":"https:\/\/7culture.ci\/index.php\/wp-json\/wp\/v2\/comments?post=12386"}],"version-history":[{"count":0,"href":"https:\/\/7culture.ci\/index.php\/wp-json\/wp\/v2\/posts\/12386\/revisions"}],"wp:featuredmedia":[{"embeddable":true,"href":"https:\/\/7culture.ci\/index.php\/wp-json\/wp\/v2\/media\/557"}],"wp:attachment":[{"href":"https:\/\/7culture.ci\/index.php\/wp-json\/wp\/v2\/media?parent=12386"}],"wp:term":[{"taxonomy":"category","embeddable":true,"href":"https:\/\/7culture.ci\/index.php\/wp-json\/wp\/v2\/categories?post=12386"},{"taxonomy":"post_tag","embeddable":true,"href":"https:\/\/7culture.ci\/index.php\/wp-json\/wp\/v2\/tags?post=12386"}],"curies":[{"name":"wp","href":"https:\/\/api.w.org\/{rel}","templated":true}]}}