{"id":12370,"date":"2021-06-28T15:37:53","date_gmt":"2021-06-28T15:37:53","guid":{"rendered":"https:\/\/7culture.ci\/index.php\/2021\/06\/28\/apres-son-concert-au-palais-de-la-culture-josey-reconnaissante-a-la-cote-divoire-et-a-ses-fans-on-peut-aimer-son-artiste-comme-ca\/"},"modified":"2022-01-12T23:45:11","modified_gmt":"2022-01-12T22:45:11","slug":"apres-son-concert-au-palais-de-la-culture-josey-reconnaissante-a-la-cote-divoire-et-a-ses-fans-on-peut-aimer-son-artiste-comme-ca","status":"publish","type":"post","link":"https:\/\/7culture.ci\/index.php\/2021\/06\/28\/apres-son-concert-au-palais-de-la-culture-josey-reconnaissante-a-la-cote-divoire-et-a-ses-fans-on-peut-aimer-son-artiste-comme-ca\/","title":{"rendered":"APRES SON CONCERT AU PALAIS DE LA CULTURE, JOSEY RECONNAISSANTE \u00c0 LA COTE D\u2019IVOIRE ET A SES FANS : \u00ab ON PEUT AIMER SON ARTISTE COMME \u00c7A ? \u00bb"},"content":{"rendered":"\n<p><strong>APRES SON CONCERT AU PALAIS DE LA CULTURE, JOSEY RECONNAISSANTE A LA COTE D\u2019IVOIRE ET A SES FANS&nbsp;: \u00ab&nbsp;ON PEUT AIMER SON ARTISTE COMME \u00c7A ?&nbsp;\u00bb<\/strong><\/p>\n\n\n\n<p>Comme annonc\u00e9, le concert de l\u2019artiste chanteuse ivoirienne Gnakrou Jos\u00e9e Priscille, dite Josey, s\u2019est tenu le 26 juin 2021 au Palais de la Culture de Treichville. M\u00eame si la pluie forte plus qui s\u2019est abattue ce jour-l\u00e0 sur Abidjan, a quelque peu cr\u00e9\u00e9 la panique chez les organisateurs, le public a r\u00e9pondu massivement pr\u00e9sent dans la salle Anoumabo de 4000 places. Ce fut une tr\u00e8s belle f\u00eate. Tr\u00e8s heureuse, l\u2019artiste a tenu \u00e0 remercier ses fans et les autorit\u00e9s ivoiriennes pour leur soutien. Et c\u2019est sur sa page Facebook, l\u2019auteur du c\u00e9l\u00e8bre titre \u00ab&nbsp;dipl\u00f4me&nbsp;\u00bb s\u2019est exprim\u00e9. <strong>\u00ab&nbsp;Grand Merci \u00e0 vous tous mes fans, vous qui avez cru en moi et m\u2019avez d\u00e9montr\u00e9 votre amour<\/strong><strong>.<\/strong><strong> Vous avez tout subi pour moi mais vous \u00eates rest\u00e9s. Il a plu, vous n\u2019avez pas recul\u00e9 quit m\u00eame \u00e0 entonner des cantiques de louange<\/strong><\/p>\n\n\n\n<figure class=\\\"wp-block-image size-large\\\"><img src=\\\"http:\/\/7culture.ci\/fbf\/uploads\/2020\/07\/Josey-le-concert-5.jpg\\\" alt=\\\"\\\" class=\\\"wp-image-12363\\\"\/><\/figure>\n\n\n\n<p><strong>On peut aimer son artiste comme \u00e7a ? On l\u2019a fait les gars.<\/strong><\/p>\n\n\n\n<p><strong>J\u2019esp\u00e8re que vous avez aim\u00e9 votre spectacle. Je vous demande pardon pour tous les rat\u00e9s<\/strong><\/p>\n\n\n\n<p><strong>C\u2019\u00e9tait notre premi\u00e8re fois, on corrigera si Dieu nous donne une autre opportunit\u00e9 de refaire<\/strong><\/p>\n\n\n\n<p><strong>MERCI. Merci J\u00c9SUS&nbsp;\u00bb<\/strong> a-t-elle \u00e9crit. Josey a \u00e9galement eu des propos plein de sens \u00e0 l\u2019endroit de la C\u00f4te d\u2019Ivoire. <strong><em>\u00ab&nbsp;C\u00f4te d\u2019Ivoire,<\/em><\/strong><\/p>\n\n\n\n<p><strong><em>Ma Nation, Ma Patrie<\/em><\/strong><\/p>\n\n\n\n<p><strong><em>Tu es et tu resteras pour toujours et \u00e0 jamais MA FIERT\u00c9<\/em><\/strong><\/p>\n\n\n\n<p><strong><em>Tu m\u2019as vu na\u00eetre, tu m\u2019as nourri, tu m\u2019as vu grandir<\/em><\/strong><\/p>\n\n\n\n<p><strong><em>Pour t\u2019honorer, Je ne me lasserai pas de donner de ma plus belle voix, pour qu\u2019\u00e0 ton tour, tu sois fi\u00e8re de moi&nbsp;\u00bb, <\/em><\/strong>a-t-elle d\u00e9clar\u00e9.Avant de faire un clin d\u2019\u0153il aux autorit\u00e9s du pays dont la premi\u00e8re Dominique Ouattara, le premier ministre Patrick Achi (\u2026) pour leur soutien. \u00ab&nbsp;<strong><em>Merci est un bien petit mot pour m\u2019avoir re\u00e7u et m\u2019avoir honor\u00e9 de votre pr\u00e9sence, malgr\u00e9 les caprices de dame Nature<\/em><\/strong><\/p>\n\n\n\n<p><strong><em>Que DIEU VOUS LE RENDE \u00c0 L\u2019INFINI&nbsp;\u00bb.<\/em><\/strong><\/p>\n\n\n\n<figure class=\\\"wp-block-image size-large\\\"><img src=\\\"http:\/\/7culture.ci\/fbf\/uploads\/2020\/07\/Josey-en-concert-2.jpg\\\" alt=\\\"\\\" class=\\\"wp-image-12365\\\"\/><\/figure>\n\n\n\n<p><strong>Adams T<\/strong><\/p>\n","protected":false},"excerpt":{"rendered":"<p>APRES SON CONCERT AU PALAIS DE LA CULTURE, JOSEY RECONNAISSANTE A LA COTE D\u2019IVOIRE ET A SES FANS&nbsp;: \u00ab&nbsp;ON PEUT AIMER SON ARTISTE COMME \u00c7A ?&nbsp;\u00bb Comme annonc\u00e9, le concert de l\u2019artiste chanteuse ivoirienne Gnakrou Jos\u00e9e Priscille, dite Josey, s\u2019est tenu le 26 juin 2021 au Palais de la Culture de Treichville. M\u00eame si la &hellip;<\/p>\n<p class=\"read-more\"> <a class=\"\" href=\"https:\/\/7culture.ci\/index.php\/2021\/06\/28\/apres-son-concert-au-palais-de-la-culture-josey-reconnaissante-a-la-cote-divoire-et-a-ses-fans-on-peut-aimer-son-artiste-comme-ca\/\"> <span class=\"screen-reader-text\">APRES SON CONCERT AU PALAIS DE LA CULTURE, JOSEY RECONNAISSANTE \u00c0 LA COTE D\u2019IVOIRE ET A SES FANS : \u00ab ON PEUT AIMER SON ARTISTE COMME \u00c7A ? \u00bb<\/span> Lire la suite\u00a0\u00bb<\/a><\/p>\n","protected":false},"author":2,"featured_media":555,"comment_status":"open","ping_status":"closed","sticky":true,"template":"","format":"standard","meta":{"_mi_skip_tracking":false,"_monsterinsights_sitenote_active":false,"_monsterinsights_sitenote_note":"","_monsterinsights_sitenote_category":0,"site-sidebar-layout":"default","site-content-layout":"default","ast-global-header-display":"","ast-main-header-display":"","ast-hfb-above-header-display":"","ast-hfb-below-header-display":"","ast-hfb-mobile-header-display":"","site-post-title":"","ast-breadcrumbs-content":"","ast-featured-img":"","footer-sml-layout":"","theme-transparent-header-meta":"","adv-header-id-meta":"","stick-header-meta":"","header-above-stick-meta":"","header-main-stick-meta":"","header-below-stick-meta":"","footnotes":"","jetpack_publicize_message":"","jetpack_is_tweetstorm":false,"jetpack_publicize_feature_enabled":true},"categories":[16],"tags":[],"jetpack_publicize_connections":[],"acf":[],"aioseo_notices":[],"yoast_head":"<!-- This site is optimized with the Yoast SEO plugin v19.6.1 - https:\/\/yoast.com\/wordpress\/plugins\/seo\/ -->\n<title>APRES SON CONCERT AU PALAIS DE LA CULTURE, JOSEY RECONNAISSANTE \u00c0 LA COTE D\u2019IVOIRE ET A SES FANS : \u00ab ON PEUT AIMER SON ARTISTE COMME \u00c7A ? \u00bb - 7culture<\/title>\n<meta name=\"robots\" content=\"index, follow, max-snippet:-1, max-image-preview:large, max-video-preview:-1\" \/>\n<link rel=\"canonical\" href=\"https:\/\/7culture.ci\/index.php\/2021\/06\/28\/apres-son-concert-au-palais-de-la-culture-josey-reconnaissante-a-la-cote-divoire-et-a-ses-fans-on-peut-aimer-son-artiste-comme-ca\/\" \/>\n<meta property=\"og:locale\" content=\"fr_FR\" \/>\n<meta property=\"og:type\" content=\"article\" \/>\n<meta property=\"og:title\" content=\"APRES SON CONCERT AU PALAIS DE LA CULTURE, JOSEY RECONNAISSANTE \u00c0 LA COTE D\u2019IVOIRE ET A SES FANS : \u00ab ON PEUT AIMER SON ARTISTE COMME \u00c7A ? \u00bb - 7culture\" \/>\n<meta property=\"og:description\" content=\"APRES SON CONCERT AU PALAIS DE LA CULTURE, JOSEY RECONNAISSANTE A LA COTE D\u2019IVOIRE ET A SES FANS&nbsp;: \u00ab&nbsp;ON PEUT AIMER SON ARTISTE COMME \u00c7A ?&nbsp;\u00bb Comme annonc\u00e9, le concert de l\u2019artiste chanteuse ivoirienne Gnakrou Jos\u00e9e Priscille, dite Josey, s\u2019est tenu le 26 juin 2021 au Palais de la Culture de Treichville. M\u00eame si la &hellip; APRES SON CONCERT AU PALAIS DE LA CULTURE, JOSEY RECONNAISSANTE \u00c0 LA COTE D\u2019IVOIRE ET A SES FANS : \u00ab ON PEUT AIMER SON ARTISTE COMME \u00c7A ? \u00bb Lire la suite\u00a0\u00bb\" \/>\n<meta property=\"og:url\" content=\"https:\/\/7culture.ci\/index.php\/2021\/06\/28\/apres-son-concert-au-palais-de-la-culture-josey-reconnaissante-a-la-cote-divoire-et-a-ses-fans-on-peut-aimer-son-artiste-comme-ca\/\" \/>\n<meta property=\"og:site_name\" content=\"7culture\" \/>\n<meta property=\"article:publisher\" content=\"https:\/\/www.facebook.com\/redchefclaude\" \/>\n<meta property=\"article:published_time\" content=\"2021-06-28T15:37:53+00:00\" \/>\n<meta property=\"article:modified_time\" content=\"2022-01-12T22:45:11+00:00\" \/>\n<meta property=\"og:image\" content=\"http:\/\/7culture.ci\/wp-content\/uploads\/2021\/01\/childcare-template-blog-img-2.jpg\" \/>\n\t<meta property=\"og:image:width\" content=\"800\" \/>\n\t<meta property=\"og:image:height\" content=\"533\" \/>\n\t<meta property=\"og:image:type\" content=\"image\/jpeg\" \/>\n<meta name=\"author\" content=\"Claude Kipre\" \/>\n<meta name=\"twitter:card\" content=\"summary_large_image\" \/>\n<meta name=\"twitter:creator\" content=\"@7culturec\" \/>\n<meta name=\"twitter:site\" content=\"@7culturec\" \/>\n<meta name=\"twitter:label1\" content=\"\u00c9crit par\" \/>\n\t<meta name=\"twitter:data1\" content=\"Claude Kipre\" \/>\n\t<meta name=\"twitter:label2\" content=\"Dur\u00e9e de lecture estim\u00e9e\" \/>\n\t<meta name=\"twitter:data2\" content=\"2 minutes\" \/>\n<script type=\"application\/ld+json\" class=\"yoast-schema-graph\">{\"@context\":\"https:\/\/schema.org\",\"@graph\":[{\"@type\":\"Article\",\"@id\":\"https:\/\/7culture.ci\/index.php\/2021\/06\/28\/apres-son-concert-au-palais-de-la-culture-josey-reconnaissante-a-la-cote-divoire-et-a-ses-fans-on-peut-aimer-son-artiste-comme-ca\/#article\",\"isPartOf\":{\"@id\":\"https:\/\/7culture.ci\/index.php\/2021\/06\/28\/apres-son-concert-au-palais-de-la-culture-josey-reconnaissante-a-la-cote-divoire-et-a-ses-fans-on-peut-aimer-son-artiste-comme-ca\/\"},\"author\":{\"name\":\"Claude Kipre\",\"@id\":\"https:\/\/7culture.ci\/#\/schema\/person\/64b5687ef9752cd031e11e98f4fd60b6\"},\"headline\":\"APRES SON CONCERT AU PALAIS DE LA CULTURE, JOSEY RECONNAISSANTE \u00c0 LA COTE D\u2019IVOIRE ET A SES FANS : \u00ab ON PEUT AIMER SON ARTISTE COMME \u00c7A ? \u00bb\",\"datePublished\":\"2021-06-28T15:37:53+00:00\",\"dateModified\":\"2022-01-12T22:45:11+00:00\",\"mainEntityOfPage\":{\"@id\":\"https:\/\/7culture.ci\/index.php\/2021\/06\/28\/apres-son-concert-au-palais-de-la-culture-josey-reconnaissante-a-la-cote-divoire-et-a-ses-fans-on-peut-aimer-son-artiste-comme-ca\/\"},\"wordCount\":411,\"commentCount\":0,\"publisher\":{\"@id\":\"https:\/\/7culture.ci\/#organization\"},\"articleSection\":[\"Musique\"],\"inLanguage\":\"fr-FR\",\"potentialAction\":[{\"@type\":\"CommentAction\",\"name\":\"Comment\",\"target\":[\"https:\/\/7culture.ci\/index.php\/2021\/06\/28\/apres-son-concert-au-palais-de-la-culture-josey-reconnaissante-a-la-cote-divoire-et-a-ses-fans-on-peut-aimer-son-artiste-comme-ca\/#respond\"]}]},{\"@type\":\"WebPage\",\"@id\":\"https:\/\/7culture.ci\/index.php\/2021\/06\/28\/apres-son-concert-au-palais-de-la-culture-josey-reconnaissante-a-la-cote-divoire-et-a-ses-fans-on-peut-aimer-son-artiste-comme-ca\/\",\"url\":\"https:\/\/7culture.ci\/index.php\/2021\/06\/28\/apres-son-concert-au-palais-de-la-culture-josey-reconnaissante-a-la-cote-divoire-et-a-ses-fans-on-peut-aimer-son-artiste-comme-ca\/\",\"name\":\"APRES SON CONCERT AU PALAIS DE LA CULTURE, JOSEY RECONNAISSANTE \u00c0 LA COTE D\u2019IVOIRE ET A SES FANS : \u00ab ON PEUT AIMER SON ARTISTE COMME \u00c7A ? \u00bb - 7culture\",\"isPartOf\":{\"@id\":\"https:\/\/7culture.ci\/#website\"},\"datePublished\":\"2021-06-28T15:37:53+00:00\",\"dateModified\":\"2022-01-12T22:45:11+00:00\",\"breadcrumb\":{\"@id\":\"https:\/\/7culture.ci\/index.php\/2021\/06\/28\/apres-son-concert-au-palais-de-la-culture-josey-reconnaissante-a-la-cote-divoire-et-a-ses-fans-on-peut-aimer-son-artiste-comme-ca\/#breadcrumb\"},\"inLanguage\":\"fr-FR\",\"potentialAction\":[{\"@type\":\"ReadAction\",\"target\":[\"https:\/\/7culture.ci\/index.php\/2021\/06\/28\/apres-son-concert-au-palais-de-la-culture-josey-reconnaissante-a-la-cote-divoire-et-a-ses-fans-on-peut-aimer-son-artiste-comme-ca\/\"]}]},{\"@type\":\"BreadcrumbList\",\"@id\":\"https:\/\/7culture.ci\/index.php\/2021\/06\/28\/apres-son-concert-au-palais-de-la-culture-josey-reconnaissante-a-la-cote-divoire-et-a-ses-fans-on-peut-aimer-son-artiste-comme-ca\/#breadcrumb\",\"itemListElement\":[{\"@type\":\"ListItem\",\"position\":1,\"name\":\"Accueil\",\"item\":\"https:\/\/7culture.ci\/\"},{\"@type\":\"ListItem\",\"position\":2,\"name\":\"APRES SON CONCERT AU PALAIS DE LA CULTURE, JOSEY RECONNAISSANTE \u00c0 LA COTE D\u2019IVOIRE ET A SES FANS : \u00ab ON PEUT AIMER SON ARTISTE COMME \u00c7A ? \u00bb\"}]},{\"@type\":\"WebSite\",\"@id\":\"https:\/\/7culture.ci\/#website\",\"url\":\"https:\/\/7culture.ci\/\",\"name\":\"7culture\",\"description\":\"Tout sur l&#039;actualit\u00e9\",\"publisher\":{\"@id\":\"https:\/\/7culture.ci\/#organization\"},\"potentialAction\":[{\"@type\":\"SearchAction\",\"target\":{\"@type\":\"EntryPoint\",\"urlTemplate\":\"https:\/\/7culture.ci\/?s={search_term_string}\"},\"query-input\":\"required name=search_term_string\"}],\"inLanguage\":\"fr-FR\"},{\"@type\":\"Organization\",\"@id\":\"https:\/\/7culture.ci\/#organization\",\"name\":\"7culture\",\"url\":\"https:\/\/7culture.ci\/\",\"sameAs\":[\"https:\/\/www.facebook.com\/redchefclaude\",\"https:\/\/twitter.com\/7culturec\"],\"logo\":{\"@type\":\"ImageObject\",\"inLanguage\":\"fr-FR\",\"@id\":\"https:\/\/7culture.ci\/#\/schema\/logo\/image\/\",\"url\":\"https:\/\/7culture.ci\/wp-content\/uploads\/2021\/12\/S1a-1.png\",\"contentUrl\":\"https:\/\/7culture.ci\/wp-content\/uploads\/2021\/12\/S1a-1.png\",\"width\":588,\"height\":192,\"caption\":\"7culture\"},\"image\":{\"@id\":\"https:\/\/7culture.ci\/#\/schema\/logo\/image\/\"}},{\"@type\":\"Person\",\"@id\":\"https:\/\/7culture.ci\/#\/schema\/person\/64b5687ef9752cd031e11e98f4fd60b6\",\"name\":\"Claude Kipre\",\"image\":{\"@type\":\"ImageObject\",\"inLanguage\":\"fr-FR\",\"@id\":\"https:\/\/7culture.ci\/#\/schema\/person\/image\/\",\"url\":\"https:\/\/secure.gravatar.com\/avatar\/60e5007626848549b0d9b2ad9c53c9e8?s=96&d=mm&r=g\",\"contentUrl\":\"https:\/\/secure.gravatar.com\/avatar\/60e5007626848549b0d9b2ad9c53c9e8?s=96&d=mm&r=g\",\"caption\":\"Claude Kipre\"},\"url\":\"https:\/\/7culture.ci\/index.php\/author\/claude-kipre\/\"}]}<\/script>\n<!-- \/ Yoast SEO plugin. -->","yoast_head_json":{"title":"APRES SON CONCERT AU PALAIS DE LA CULTURE, JOSEY RECONNAISSANTE \u00c0 LA COTE D\u2019IVOIRE ET A SES FANS : \u00ab ON PEUT AIMER SON ARTISTE COMME \u00c7A ? \u00bb - 7culture","robots":{"index":"index","follow":"follow","max-snippet":"max-snippet:-1","max-image-preview":"max-image-preview:large","max-video-preview":"max-video-preview:-1"},"canonical":"https:\/\/7culture.ci\/index.php\/2021\/06\/28\/apres-son-concert-au-palais-de-la-culture-josey-reconnaissante-a-la-cote-divoire-et-a-ses-fans-on-peut-aimer-son-artiste-comme-ca\/","og_locale":"fr_FR","og_type":"article","og_title":"APRES SON CONCERT AU PALAIS DE LA CULTURE, JOSEY RECONNAISSANTE \u00c0 LA COTE D\u2019IVOIRE ET A SES FANS : \u00ab ON PEUT AIMER SON ARTISTE COMME \u00c7A ? \u00bb - 7culture","og_description":"APRES SON CONCERT AU PALAIS DE LA CULTURE, JOSEY RECONNAISSANTE A LA COTE D\u2019IVOIRE ET A SES FANS&nbsp;: \u00ab&nbsp;ON PEUT AIMER SON ARTISTE COMME \u00c7A ?&nbsp;\u00bb Comme annonc\u00e9, le concert de l\u2019artiste chanteuse ivoirienne Gnakrou Jos\u00e9e Priscille, dite Josey, s\u2019est tenu le 26 juin 2021 au Palais de la Culture de Treichville. M\u00eame si la &hellip; APRES SON CONCERT AU PALAIS DE LA CULTURE, JOSEY RECONNAISSANTE \u00c0 LA COTE D\u2019IVOIRE ET A SES FANS : \u00ab ON PEUT AIMER SON ARTISTE COMME \u00c7A ? \u00bb Lire la suite\u00a0\u00bb","og_url":"https:\/\/7culture.ci\/index.php\/2021\/06\/28\/apres-son-concert-au-palais-de-la-culture-josey-reconnaissante-a-la-cote-divoire-et-a-ses-fans-on-peut-aimer-son-artiste-comme-ca\/","og_site_name":"7culture","article_publisher":"https:\/\/www.facebook.com\/redchefclaude","article_published_time":"2021-06-28T15:37:53+00:00","article_modified_time":"2022-01-12T22:45:11+00:00","og_image":[{"width":800,"height":533,"url":"http:\/\/7culture.ci\/wp-content\/uploads\/2021\/01\/childcare-template-blog-img-2.jpg","type":"image\/jpeg"}],"author":"Claude Kipre","twitter_card":"summary_large_image","twitter_creator":"@7culturec","twitter_site":"@7culturec","twitter_misc":{"\u00c9crit par":"Claude Kipre","Dur\u00e9e de lecture estim\u00e9e":"2 minutes"},"schema":{"@context":"https:\/\/schema.org","@graph":[{"@type":"Article","@id":"https:\/\/7culture.ci\/index.php\/2021\/06\/28\/apres-son-concert-au-palais-de-la-culture-josey-reconnaissante-a-la-cote-divoire-et-a-ses-fans-on-peut-aimer-son-artiste-comme-ca\/#article","isPartOf":{"@id":"https:\/\/7culture.ci\/index.php\/2021\/06\/28\/apres-son-concert-au-palais-de-la-culture-josey-reconnaissante-a-la-cote-divoire-et-a-ses-fans-on-peut-aimer-son-artiste-comme-ca\/"},"author":{"name":"Claude Kipre","@id":"https:\/\/7culture.ci\/#\/schema\/person\/64b5687ef9752cd031e11e98f4fd60b6"},"headline":"APRES SON CONCERT AU PALAIS DE LA CULTURE, JOSEY RECONNAISSANTE \u00c0 LA COTE D\u2019IVOIRE ET A SES FANS : \u00ab ON PEUT AIMER SON ARTISTE COMME \u00c7A ? \u00bb","datePublished":"2021-06-28T15:37:53+00:00","dateModified":"2022-01-12T22:45:11+00:00","mainEntityOfPage":{"@id":"https:\/\/7culture.ci\/index.php\/2021\/06\/28\/apres-son-concert-au-palais-de-la-culture-josey-reconnaissante-a-la-cote-divoire-et-a-ses-fans-on-peut-aimer-son-artiste-comme-ca\/"},"wordCount":411,"commentCount":0,"publisher":{"@id":"https:\/\/7culture.ci\/#organization"},"articleSection":["Musique"],"inLanguage":"fr-FR","potentialAction":[{"@type":"CommentAction","name":"Comment","target":["https:\/\/7culture.ci\/index.php\/2021\/06\/28\/apres-son-concert-au-palais-de-la-culture-josey-reconnaissante-a-la-cote-divoire-et-a-ses-fans-on-peut-aimer-son-artiste-comme-ca\/#respond"]}]},{"@type":"WebPage","@id":"https:\/\/7culture.ci\/index.php\/2021\/06\/28\/apres-son-concert-au-palais-de-la-culture-josey-reconnaissante-a-la-cote-divoire-et-a-ses-fans-on-peut-aimer-son-artiste-comme-ca\/","url":"https:\/\/7culture.ci\/index.php\/2021\/06\/28\/apres-son-concert-au-palais-de-la-culture-josey-reconnaissante-a-la-cote-divoire-et-a-ses-fans-on-peut-aimer-son-artiste-comme-ca\/","name":"APRES SON CONCERT AU PALAIS DE LA CULTURE, JOSEY RECONNAISSANTE \u00c0 LA COTE D\u2019IVOIRE ET A SES FANS : \u00ab ON PEUT AIMER SON ARTISTE COMME \u00c7A ? \u00bb - 7culture","isPartOf":{"@id":"https:\/\/7culture.ci\/#website"},"datePublished":"2021-06-28T15:37:53+00:00","dateModified":"2022-01-12T22:45:11+00:00","breadcrumb":{"@id":"https:\/\/7culture.ci\/index.php\/2021\/06\/28\/apres-son-concert-au-palais-de-la-culture-josey-reconnaissante-a-la-cote-divoire-et-a-ses-fans-on-peut-aimer-son-artiste-comme-ca\/#breadcrumb"},"inLanguage":"fr-FR","potentialAction":[{"@type":"ReadAction","target":["https:\/\/7culture.ci\/index.php\/2021\/06\/28\/apres-son-concert-au-palais-de-la-culture-josey-reconnaissante-a-la-cote-divoire-et-a-ses-fans-on-peut-aimer-son-artiste-comme-ca\/"]}]},{"@type":"BreadcrumbList","@id":"https:\/\/7culture.ci\/index.php\/2021\/06\/28\/apres-son-concert-au-palais-de-la-culture-josey-reconnaissante-a-la-cote-divoire-et-a-ses-fans-on-peut-aimer-son-artiste-comme-ca\/#breadcrumb","itemListElement":[{"@type":"ListItem","position":1,"name":"Accueil","item":"https:\/\/7culture.ci\/"},{"@type":"ListItem","position":2,"name":"APRES SON CONCERT AU PALAIS DE LA CULTURE, JOSEY RECONNAISSANTE \u00c0 LA COTE D\u2019IVOIRE ET A SES FANS : \u00ab ON PEUT AIMER SON ARTISTE COMME \u00c7A ? \u00bb"}]},{"@type":"WebSite","@id":"https:\/\/7culture.ci\/#website","url":"https:\/\/7culture.ci\/","name":"7culture","description":"Tout sur l&#039;actualit\u00e9","publisher":{"@id":"https:\/\/7culture.ci\/#organization"},"potentialAction":[{"@type":"SearchAction","target":{"@type":"EntryPoint","urlTemplate":"https:\/\/7culture.ci\/?s={search_term_string}"},"query-input":"required name=search_term_string"}],"inLanguage":"fr-FR"},{"@type":"Organization","@id":"https:\/\/7culture.ci\/#organization","name":"7culture","url":"https:\/\/7culture.ci\/","sameAs":["https:\/\/www.facebook.com\/redchefclaude","https:\/\/twitter.com\/7culturec"],"logo":{"@type":"ImageObject","inLanguage":"fr-FR","@id":"https:\/\/7culture.ci\/#\/schema\/logo\/image\/","url":"https:\/\/7culture.ci\/wp-content\/uploads\/2021\/12\/S1a-1.png","contentUrl":"https:\/\/7culture.ci\/wp-content\/uploads\/2021\/12\/S1a-1.png","width":588,"height":192,"caption":"7culture"},"image":{"@id":"https:\/\/7culture.ci\/#\/schema\/logo\/image\/"}},{"@type":"Person","@id":"https:\/\/7culture.ci\/#\/schema\/person\/64b5687ef9752cd031e11e98f4fd60b6","name":"Claude Kipre","image":{"@type":"ImageObject","inLanguage":"fr-FR","@id":"https:\/\/7culture.ci\/#\/schema\/person\/image\/","url":"https:\/\/secure.gravatar.com\/avatar\/60e5007626848549b0d9b2ad9c53c9e8?s=96&d=mm&r=g","contentUrl":"https:\/\/secure.gravatar.com\/avatar\/60e5007626848549b0d9b2ad9c53c9e8?s=96&d=mm&r=g","caption":"Claude Kipre"},"url":"https:\/\/7culture.ci\/index.php\/author\/claude-kipre\/"}]}},"jetpack_featured_media_url":"https:\/\/7culture.ci\/wp-content\/uploads\/2021\/01\/childcare-template-blog-img-2.jpg","jetpack_likes_enabled":true,"jetpack_sharing_enabled":true,"_links":{"self":[{"href":"https:\/\/7culture.ci\/index.php\/wp-json\/wp\/v2\/posts\/12370"}],"collection":[{"href":"https:\/\/7culture.ci\/index.php\/wp-json\/wp\/v2\/posts"}],"about":[{"href":"https:\/\/7culture.ci\/index.php\/wp-json\/wp\/v2\/types\/post"}],"author":[{"embeddable":true,"href":"https:\/\/7culture.ci\/index.php\/wp-json\/wp\/v2\/users\/2"}],"replies":[{"embeddable":true,"href":"https:\/\/7culture.ci\/index.php\/wp-json\/wp\/v2\/comments?post=12370"}],"version-history":[{"count":0,"href":"https:\/\/7culture.ci\/index.php\/wp-json\/wp\/v2\/posts\/12370\/revisions"}],"wp:featuredmedia":[{"embeddable":true,"href":"https:\/\/7culture.ci\/index.php\/wp-json\/wp\/v2\/media\/555"}],"wp:attachment":[{"href":"https:\/\/7culture.ci\/index.php\/wp-json\/wp\/v2\/media?parent=12370"}],"wp:term":[{"taxonomy":"category","embeddable":true,"href":"https:\/\/7culture.ci\/index.php\/wp-json\/wp\/v2\/categories?post=12370"},{"taxonomy":"post_tag","embeddable":true,"href":"https:\/\/7culture.ci\/index.php\/wp-json\/wp\/v2\/tags?post=12370"}],"curies":[{"name":"wp","href":"https:\/\/api.w.org\/{rel}","templated":true}]}}