{"id":12333,"date":"2021-06-23T13:08:15","date_gmt":"2021-06-23T13:08:15","guid":{"rendered":"https:\/\/7culture.ci\/index.php\/2021\/06\/23\/le-president-bedie-a-recu-miss-iffou-et-ses-dauphines\/"},"modified":"2022-01-13T00:48:26","modified_gmt":"2022-01-12T23:48:26","slug":"le-president-bedie-a-recu-miss-iffou-et-ses-dauphines","status":"publish","type":"post","link":"https:\/\/7culture.ci\/index.php\/2021\/06\/23\/le-president-bedie-a-recu-miss-iffou-et-ses-dauphines\/","title":{"rendered":"LE PR\u00c9SIDENT B\u00c9DI\u00c9 A RE\u00c7U MISS IFFOU ET SES DAUPHINES!"},"content":{"rendered":"\n<p>Apr\u00e8s leur sacre \u00e0 la pr\u00e9s\u00e9lection de Miss C\u00f4te d\u2019Ivoire de la r\u00e9gion de l\u2019Iffou, St\u00e9phanie N\u2019Goran (Miss), M\u00e9lisande Oupoh (1<sup>e<\/sup> Dauphine) et Mich\u00e8le Yapo (2<sup>e<\/sup> Dauphine), ont \u00e9t\u00e9 re\u00e7ues par SEM Henri Konan B\u00e9di\u00e9 et son \u00e9pouse \u00e0 leur domicile de Daoukro. C\u2019\u00e9tait le dimanche 20 juin 2021. Les plus belles filles de la r\u00e9gion \u00e9taient accompagn\u00e9es \u00e0 cet important rendez-vous par les membres du Comit\u00e9 Miss C\u00f4te d\u2019Ivoire (COMICI), avec sa t\u00eate, le pr\u00e9sident Victor Yapobi. La Miss Iffou 2021 et ses dauphines \u00e9taient habill\u00e9es par la styliste Diana Ronsin.<\/p>\n\n\n\n<div class=\\\"wp-block-image\\\"><figure class=\\\"aligncenter size-large is-resized\\\"><img src=\\\"http:\/\/7culture.ci\/fbf\/uploads\/2020\/07\/WhatsApp-Image-2021-06-23-at-12.58.08.jpeg\\\" alt=\\\"\\\" class=\\\"wp-image-12336\\\" width=\\\"642\\\" height=\\\"463\\\"\/><\/figure><\/div>\n\n\n\n<div class=\\\"wp-block-image\\\"><figure class=\\\"aligncenter size-large is-resized\\\"><img src=\\\"http:\/\/7culture.ci\/fbf\/uploads\/2020\/07\/WhatsApp-Image-2021-06-23-at-12.58.10.jpeg\\\" alt=\\\"\\\" class=\\\"wp-image-12337\\\" width=\\\"647\\\" height=\\\"467\\\"\/><\/figure><\/div>\n\n\n\n<div class=\\\"wp-block-image\\\"><figure class=\\\"aligncenter size-large is-resized\\\"><img src=\\\"http:\/\/7culture.ci\/fbf\/uploads\/2020\/07\/WhatsApp-Image-2021-06-23-at-12.58.09.jpeg\\\" alt=\\\"\\\" class=\\\"wp-image-12338\\\" width=\\\"642\\\" height=\\\"463\\\"\/><\/figure><\/div>\n\n\n\n<p>Par Omar AK<\/p>\n","protected":false},"excerpt":{"rendered":"<p>Apr\u00e8s leur sacre \u00e0 la pr\u00e9s\u00e9lection de Miss C\u00f4te d\u2019Ivoire de la r\u00e9gion de l\u2019Iffou, St\u00e9phanie N\u2019Goran (Miss), M\u00e9lisande Oupoh (1e Dauphine) et Mich\u00e8le Yapo (2e Dauphine), ont \u00e9t\u00e9 re\u00e7ues par SEM Henri Konan B\u00e9di\u00e9 et son \u00e9pouse \u00e0 leur domicile de Daoukro. C\u2019\u00e9tait le dimanche 20 juin 2021. Les plus belles filles de la &hellip;<\/p>\n<p class=\"read-more\"> <a class=\"\" href=\"https:\/\/7culture.ci\/index.php\/2021\/06\/23\/le-president-bedie-a-recu-miss-iffou-et-ses-dauphines\/\"> <span class=\"screen-reader-text\">LE PR\u00c9SIDENT B\u00c9DI\u00c9 A RE\u00c7U MISS IFFOU ET SES DAUPHINES!<\/span> Lire la suite\u00a0\u00bb<\/a><\/p>\n","protected":false},"author":4,"featured_media":183,"comment_status":"open","ping_status":"closed","sticky":false,"template":"","format":"standard","meta":{"_mi_skip_tracking":false,"_monsterinsights_sitenote_active":false,"_monsterinsights_sitenote_note":"","_monsterinsights_sitenote_category":0,"site-sidebar-layout":"default","site-content-layout":"default","ast-global-header-display":"","ast-main-header-display":"","ast-hfb-above-header-display":"","ast-hfb-below-header-display":"","ast-hfb-mobile-header-display":"","site-post-title":"","ast-breadcrumbs-content":"","ast-featured-img":"","footer-sml-layout":"","theme-transparent-header-meta":"","adv-header-id-meta":"","stick-header-meta":"","header-above-stick-meta":"","header-main-stick-meta":"","header-below-stick-meta":"","footnotes":"","jetpack_publicize_message":"","jetpack_is_tweetstorm":false,"jetpack_publicize_feature_enabled":true},"categories":[22],"tags":[],"jetpack_publicize_connections":[],"acf":[],"aioseo_notices":[],"yoast_head":"<!-- This site is optimized with the Yoast SEO plugin v19.6.1 - https:\/\/yoast.com\/wordpress\/plugins\/seo\/ -->\n<title>LE PR\u00c9SIDENT B\u00c9DI\u00c9 A RE\u00c7U MISS IFFOU ET SES DAUPHINES!<\/title>\n<meta name=\"robots\" content=\"index, follow, max-snippet:-1, max-image-preview:large, max-video-preview:-1\" \/>\n<link rel=\"canonical\" href=\"https:\/\/7culture.ci\/index.php\/2021\/06\/23\/le-president-bedie-a-recu-miss-iffou-et-ses-dauphines\/\" \/>\n<meta property=\"og:locale\" content=\"fr_FR\" \/>\n<meta property=\"og:type\" content=\"article\" \/>\n<meta property=\"og:title\" content=\"LE PR\u00c9SIDENT B\u00c9DI\u00c9 A RE\u00c7U MISS IFFOU ET SES DAUPHINES!\" \/>\n<meta property=\"og:description\" content=\"Apr\u00e8s leur sacre \u00e0 la pr\u00e9s\u00e9lection de Miss C\u00f4te d\u2019Ivoire de la r\u00e9gion de l\u2019Iffou, St\u00e9phanie N\u2019Goran (Miss), M\u00e9lisande Oupoh (1e Dauphine) et Mich\u00e8le Yapo (2e Dauphine), ont \u00e9t\u00e9 re\u00e7ues par SEM Henri Konan B\u00e9di\u00e9 et son \u00e9pouse \u00e0 leur domicile de Daoukro. C\u2019\u00e9tait le dimanche 20 juin 2021. Les plus belles filles de la &hellip; LE PR\u00c9SIDENT B\u00c9DI\u00c9 A RE\u00c7U MISS IFFOU ET SES DAUPHINES! Lire la suite\u00a0\u00bb\" \/>\n<meta property=\"og:url\" content=\"https:\/\/7culture.ci\/index.php\/2021\/06\/23\/le-president-bedie-a-recu-miss-iffou-et-ses-dauphines\/\" \/>\n<meta property=\"og:site_name\" content=\"7culture\" \/>\n<meta property=\"article:publisher\" content=\"https:\/\/www.facebook.com\/redchefclaude\" \/>\n<meta property=\"article:published_time\" content=\"2021-06-23T13:08:15+00:00\" \/>\n<meta property=\"article:modified_time\" content=\"2022-01-12T23:48:26+00:00\" \/>\n<meta property=\"og:image\" content=\"https:\/\/7culture.ci\/wp-content\/uploads\/2021\/01\/child-care-template-featured-article-img-1.jpg\" \/>\n\t<meta property=\"og:image:width\" content=\"368\" \/>\n\t<meta property=\"og:image:height\" content=\"240\" \/>\n\t<meta property=\"og:image:type\" content=\"image\/jpeg\" \/>\n<meta name=\"author\" content=\"Waly Tani\" \/>\n<meta name=\"twitter:card\" content=\"summary_large_image\" \/>\n<meta name=\"twitter:creator\" content=\"@7culturec\" \/>\n<meta name=\"twitter:site\" content=\"@7culturec\" \/>\n<meta name=\"twitter:label1\" content=\"\u00c9crit par\" \/>\n\t<meta name=\"twitter:data1\" content=\"Waly Tani\" \/>\n\t<meta name=\"twitter:label2\" content=\"Dur\u00e9e de lecture estim\u00e9e\" \/>\n\t<meta name=\"twitter:data2\" content=\"1 minute\" \/>\n<script type=\"application\/ld+json\" class=\"yoast-schema-graph\">{\"@context\":\"https:\/\/schema.org\",\"@graph\":[{\"@type\":\"Article\",\"@id\":\"https:\/\/7culture.ci\/index.php\/2021\/06\/23\/le-president-bedie-a-recu-miss-iffou-et-ses-dauphines\/#article\",\"isPartOf\":{\"@id\":\"https:\/\/7culture.ci\/index.php\/2021\/06\/23\/le-president-bedie-a-recu-miss-iffou-et-ses-dauphines\/\"},\"author\":{\"name\":\"Waly Tani\",\"@id\":\"https:\/\/7culture.ci\/#\/schema\/person\/ac6600b76b439b1d2b8a3b734da1a17b\"},\"headline\":\"LE PR\u00c9SIDENT B\u00c9DI\u00c9 A RE\u00c7U MISS IFFOU ET SES DAUPHINES!\",\"datePublished\":\"2021-06-23T13:08:15+00:00\",\"dateModified\":\"2022-01-12T23:48:26+00:00\",\"mainEntityOfPage\":{\"@id\":\"https:\/\/7culture.ci\/index.php\/2021\/06\/23\/le-president-bedie-a-recu-miss-iffou-et-ses-dauphines\/\"},\"wordCount\":123,\"commentCount\":0,\"publisher\":{\"@id\":\"https:\/\/7culture.ci\/#organization\"},\"articleSection\":[\"Actualit\u00e9\"],\"inLanguage\":\"fr-FR\",\"potentialAction\":[{\"@type\":\"CommentAction\",\"name\":\"Comment\",\"target\":[\"https:\/\/7culture.ci\/index.php\/2021\/06\/23\/le-president-bedie-a-recu-miss-iffou-et-ses-dauphines\/#respond\"]}]},{\"@type\":\"WebPage\",\"@id\":\"https:\/\/7culture.ci\/index.php\/2021\/06\/23\/le-president-bedie-a-recu-miss-iffou-et-ses-dauphines\/\",\"url\":\"https:\/\/7culture.ci\/index.php\/2021\/06\/23\/le-president-bedie-a-recu-miss-iffou-et-ses-dauphines\/\",\"name\":\"LE PR\u00c9SIDENT B\u00c9DI\u00c9 A RE\u00c7U MISS IFFOU ET SES DAUPHINES!\",\"isPartOf\":{\"@id\":\"https:\/\/7culture.ci\/#website\"},\"datePublished\":\"2021-06-23T13:08:15+00:00\",\"dateModified\":\"2022-01-12T23:48:26+00:00\",\"breadcrumb\":{\"@id\":\"https:\/\/7culture.ci\/index.php\/2021\/06\/23\/le-president-bedie-a-recu-miss-iffou-et-ses-dauphines\/#breadcrumb\"},\"inLanguage\":\"fr-FR\",\"potentialAction\":[{\"@type\":\"ReadAction\",\"target\":[\"https:\/\/7culture.ci\/index.php\/2021\/06\/23\/le-president-bedie-a-recu-miss-iffou-et-ses-dauphines\/\"]}]},{\"@type\":\"BreadcrumbList\",\"@id\":\"https:\/\/7culture.ci\/index.php\/2021\/06\/23\/le-president-bedie-a-recu-miss-iffou-et-ses-dauphines\/#breadcrumb\",\"itemListElement\":[{\"@type\":\"ListItem\",\"position\":1,\"name\":\"Accueil\",\"item\":\"https:\/\/7culture.ci\/\"},{\"@type\":\"ListItem\",\"position\":2,\"name\":\"LE PR\u00c9SIDENT B\u00c9DI\u00c9 A RE\u00c7U MISS IFFOU ET SES DAUPHINES!\"}]},{\"@type\":\"WebSite\",\"@id\":\"https:\/\/7culture.ci\/#website\",\"url\":\"https:\/\/7culture.ci\/\",\"name\":\"7culture\",\"description\":\"Tout sur l&#039;actualit\u00e9\",\"publisher\":{\"@id\":\"https:\/\/7culture.ci\/#organization\"},\"potentialAction\":[{\"@type\":\"SearchAction\",\"target\":{\"@type\":\"EntryPoint\",\"urlTemplate\":\"https:\/\/7culture.ci\/?s={search_term_string}\"},\"query-input\":\"required name=search_term_string\"}],\"inLanguage\":\"fr-FR\"},{\"@type\":\"Organization\",\"@id\":\"https:\/\/7culture.ci\/#organization\",\"name\":\"7culture\",\"url\":\"https:\/\/7culture.ci\/\",\"sameAs\":[\"https:\/\/www.facebook.com\/redchefclaude\",\"https:\/\/twitter.com\/7culturec\"],\"logo\":{\"@type\":\"ImageObject\",\"inLanguage\":\"fr-FR\",\"@id\":\"https:\/\/7culture.ci\/#\/schema\/logo\/image\/\",\"url\":\"https:\/\/7culture.ci\/wp-content\/uploads\/2021\/12\/S1a-1.png\",\"contentUrl\":\"https:\/\/7culture.ci\/wp-content\/uploads\/2021\/12\/S1a-1.png\",\"width\":588,\"height\":192,\"caption\":\"7culture\"},\"image\":{\"@id\":\"https:\/\/7culture.ci\/#\/schema\/logo\/image\/\"}},{\"@type\":\"Person\",\"@id\":\"https:\/\/7culture.ci\/#\/schema\/person\/ac6600b76b439b1d2b8a3b734da1a17b\",\"name\":\"Waly Tani\",\"image\":{\"@type\":\"ImageObject\",\"inLanguage\":\"fr-FR\",\"@id\":\"https:\/\/7culture.ci\/#\/schema\/person\/image\/\",\"url\":\"https:\/\/secure.gravatar.com\/avatar\/f4ffa85bd7cfe6e4376efc1fd606cdb7?s=96&d=mm&r=g\",\"contentUrl\":\"https:\/\/secure.gravatar.com\/avatar\/f4ffa85bd7cfe6e4376efc1fd606cdb7?s=96&d=mm&r=g\",\"caption\":\"Waly Tani\"},\"url\":\"https:\/\/7culture.ci\/index.php\/author\/waly-tani\/\"}]}<\/script>\n<!-- \/ Yoast SEO plugin. -->","yoast_head_json":{"title":"LE PR\u00c9SIDENT B\u00c9DI\u00c9 A RE\u00c7U MISS IFFOU ET SES DAUPHINES!","robots":{"index":"index","follow":"follow","max-snippet":"max-snippet:-1","max-image-preview":"max-image-preview:large","max-video-preview":"max-video-preview:-1"},"canonical":"https:\/\/7culture.ci\/index.php\/2021\/06\/23\/le-president-bedie-a-recu-miss-iffou-et-ses-dauphines\/","og_locale":"fr_FR","og_type":"article","og_title":"LE PR\u00c9SIDENT B\u00c9DI\u00c9 A RE\u00c7U MISS IFFOU ET SES DAUPHINES!","og_description":"Apr\u00e8s leur sacre \u00e0 la pr\u00e9s\u00e9lection de Miss C\u00f4te d\u2019Ivoire de la r\u00e9gion de l\u2019Iffou, St\u00e9phanie N\u2019Goran (Miss), M\u00e9lisande Oupoh (1e Dauphine) et Mich\u00e8le Yapo (2e Dauphine), ont \u00e9t\u00e9 re\u00e7ues par SEM Henri Konan B\u00e9di\u00e9 et son \u00e9pouse \u00e0 leur domicile de Daoukro. C\u2019\u00e9tait le dimanche 20 juin 2021. Les plus belles filles de la &hellip; LE PR\u00c9SIDENT B\u00c9DI\u00c9 A RE\u00c7U MISS IFFOU ET SES DAUPHINES! Lire la suite\u00a0\u00bb","og_url":"https:\/\/7culture.ci\/index.php\/2021\/06\/23\/le-president-bedie-a-recu-miss-iffou-et-ses-dauphines\/","og_site_name":"7culture","article_publisher":"https:\/\/www.facebook.com\/redchefclaude","article_published_time":"2021-06-23T13:08:15+00:00","article_modified_time":"2022-01-12T23:48:26+00:00","og_image":[{"width":368,"height":240,"url":"https:\/\/7culture.ci\/wp-content\/uploads\/2021\/01\/child-care-template-featured-article-img-1.jpg","type":"image\/jpeg"}],"author":"Waly Tani","twitter_card":"summary_large_image","twitter_creator":"@7culturec","twitter_site":"@7culturec","twitter_misc":{"\u00c9crit par":"Waly Tani","Dur\u00e9e de lecture estim\u00e9e":"1 minute"},"schema":{"@context":"https:\/\/schema.org","@graph":[{"@type":"Article","@id":"https:\/\/7culture.ci\/index.php\/2021\/06\/23\/le-president-bedie-a-recu-miss-iffou-et-ses-dauphines\/#article","isPartOf":{"@id":"https:\/\/7culture.ci\/index.php\/2021\/06\/23\/le-president-bedie-a-recu-miss-iffou-et-ses-dauphines\/"},"author":{"name":"Waly Tani","@id":"https:\/\/7culture.ci\/#\/schema\/person\/ac6600b76b439b1d2b8a3b734da1a17b"},"headline":"LE PR\u00c9SIDENT B\u00c9DI\u00c9 A RE\u00c7U MISS IFFOU ET SES DAUPHINES!","datePublished":"2021-06-23T13:08:15+00:00","dateModified":"2022-01-12T23:48:26+00:00","mainEntityOfPage":{"@id":"https:\/\/7culture.ci\/index.php\/2021\/06\/23\/le-president-bedie-a-recu-miss-iffou-et-ses-dauphines\/"},"wordCount":123,"commentCount":0,"publisher":{"@id":"https:\/\/7culture.ci\/#organization"},"articleSection":["Actualit\u00e9"],"inLanguage":"fr-FR","potentialAction":[{"@type":"CommentAction","name":"Comment","target":["https:\/\/7culture.ci\/index.php\/2021\/06\/23\/le-president-bedie-a-recu-miss-iffou-et-ses-dauphines\/#respond"]}]},{"@type":"WebPage","@id":"https:\/\/7culture.ci\/index.php\/2021\/06\/23\/le-president-bedie-a-recu-miss-iffou-et-ses-dauphines\/","url":"https:\/\/7culture.ci\/index.php\/2021\/06\/23\/le-president-bedie-a-recu-miss-iffou-et-ses-dauphines\/","name":"LE PR\u00c9SIDENT B\u00c9DI\u00c9 A RE\u00c7U MISS IFFOU ET SES DAUPHINES!","isPartOf":{"@id":"https:\/\/7culture.ci\/#website"},"datePublished":"2021-06-23T13:08:15+00:00","dateModified":"2022-01-12T23:48:26+00:00","breadcrumb":{"@id":"https:\/\/7culture.ci\/index.php\/2021\/06\/23\/le-president-bedie-a-recu-miss-iffou-et-ses-dauphines\/#breadcrumb"},"inLanguage":"fr-FR","potentialAction":[{"@type":"ReadAction","target":["https:\/\/7culture.ci\/index.php\/2021\/06\/23\/le-president-bedie-a-recu-miss-iffou-et-ses-dauphines\/"]}]},{"@type":"BreadcrumbList","@id":"https:\/\/7culture.ci\/index.php\/2021\/06\/23\/le-president-bedie-a-recu-miss-iffou-et-ses-dauphines\/#breadcrumb","itemListElement":[{"@type":"ListItem","position":1,"name":"Accueil","item":"https:\/\/7culture.ci\/"},{"@type":"ListItem","position":2,"name":"LE PR\u00c9SIDENT B\u00c9DI\u00c9 A RE\u00c7U MISS IFFOU ET SES DAUPHINES!"}]},{"@type":"WebSite","@id":"https:\/\/7culture.ci\/#website","url":"https:\/\/7culture.ci\/","name":"7culture","description":"Tout sur l&#039;actualit\u00e9","publisher":{"@id":"https:\/\/7culture.ci\/#organization"},"potentialAction":[{"@type":"SearchAction","target":{"@type":"EntryPoint","urlTemplate":"https:\/\/7culture.ci\/?s={search_term_string}"},"query-input":"required name=search_term_string"}],"inLanguage":"fr-FR"},{"@type":"Organization","@id":"https:\/\/7culture.ci\/#organization","name":"7culture","url":"https:\/\/7culture.ci\/","sameAs":["https:\/\/www.facebook.com\/redchefclaude","https:\/\/twitter.com\/7culturec"],"logo":{"@type":"ImageObject","inLanguage":"fr-FR","@id":"https:\/\/7culture.ci\/#\/schema\/logo\/image\/","url":"https:\/\/7culture.ci\/wp-content\/uploads\/2021\/12\/S1a-1.png","contentUrl":"https:\/\/7culture.ci\/wp-content\/uploads\/2021\/12\/S1a-1.png","width":588,"height":192,"caption":"7culture"},"image":{"@id":"https:\/\/7culture.ci\/#\/schema\/logo\/image\/"}},{"@type":"Person","@id":"https:\/\/7culture.ci\/#\/schema\/person\/ac6600b76b439b1d2b8a3b734da1a17b","name":"Waly Tani","image":{"@type":"ImageObject","inLanguage":"fr-FR","@id":"https:\/\/7culture.ci\/#\/schema\/person\/image\/","url":"https:\/\/secure.gravatar.com\/avatar\/f4ffa85bd7cfe6e4376efc1fd606cdb7?s=96&d=mm&r=g","contentUrl":"https:\/\/secure.gravatar.com\/avatar\/f4ffa85bd7cfe6e4376efc1fd606cdb7?s=96&d=mm&r=g","caption":"Waly Tani"},"url":"https:\/\/7culture.ci\/index.php\/author\/waly-tani\/"}]}},"jetpack_featured_media_url":"https:\/\/7culture.ci\/wp-content\/uploads\/2021\/01\/child-care-template-featured-article-img-1.jpg","jetpack_likes_enabled":true,"jetpack_sharing_enabled":true,"_links":{"self":[{"href":"https:\/\/7culture.ci\/index.php\/wp-json\/wp\/v2\/posts\/12333"}],"collection":[{"href":"https:\/\/7culture.ci\/index.php\/wp-json\/wp\/v2\/posts"}],"about":[{"href":"https:\/\/7culture.ci\/index.php\/wp-json\/wp\/v2\/types\/post"}],"author":[{"embeddable":true,"href":"https:\/\/7culture.ci\/index.php\/wp-json\/wp\/v2\/users\/4"}],"replies":[{"embeddable":true,"href":"https:\/\/7culture.ci\/index.php\/wp-json\/wp\/v2\/comments?post=12333"}],"version-history":[{"count":0,"href":"https:\/\/7culture.ci\/index.php\/wp-json\/wp\/v2\/posts\/12333\/revisions"}],"wp:featuredmedia":[{"embeddable":true,"href":"https:\/\/7culture.ci\/index.php\/wp-json\/wp\/v2\/media\/183"}],"wp:attachment":[{"href":"https:\/\/7culture.ci\/index.php\/wp-json\/wp\/v2\/media?parent=12333"}],"wp:term":[{"taxonomy":"category","embeddable":true,"href":"https:\/\/7culture.ci\/index.php\/wp-json\/wp\/v2\/categories?post=12333"},{"taxonomy":"post_tag","embeddable":true,"href":"https:\/\/7culture.ci\/index.php\/wp-json\/wp\/v2\/tags?post=12333"}],"curies":[{"name":"wp","href":"https:\/\/api.w.org\/{rel}","templated":true}]}}