{"id":12316,"date":"2021-06-22T16:46:41","date_gmt":"2021-06-22T16:46:41","guid":{"rendered":"https:\/\/7culture.ci\/index.php\/2021\/06\/22\/mercato-pourquoi-charles-kabore-veut-retourner-en-france\/"},"modified":"2022-01-13T00:48:32","modified_gmt":"2022-01-12T23:48:32","slug":"mercato-pourquoi-charles-kabore-veut-retourner-en-france","status":"publish","type":"post","link":"https:\/\/7culture.ci\/index.php\/2021\/06\/22\/mercato-pourquoi-charles-kabore-veut-retourner-en-france\/","title":{"rendered":"MERCATO : POURQUOI CHARLES KABOR\u00c9 VEUT RETOURNER EN FRANCE ?"},"content":{"rendered":"\n<p>Le contrat de l\u2019international burkinab\u00e8 Charles Kabor\u00e9 avec le club russe du Dinamo Moscou, est arriv\u00e9 \u00e0 son terme. Le milieu terrain de 33 ans des \u00c9talons du Burkina, qui a \u00e9volu\u00e9 en 2013 \u00e0 l\u2019Olympique de Marseille en France, ensuite au FC Krasnodar en Russie, est d\u00e9sormais sans club et libre. Il veut rejouer en Ligue 1, le championnat de football fran\u00e7ais. \u00ab<strong><em>Charles Kabor\u00e9 souhaite revenir en Ligue 1 afin de poursuivre sa carri\u00e8re et voir ses enfants grandir dans un pays dont il poss\u00e8de la double nationalit\u00e9<\/em><\/strong>\u00bb, a annonc\u00e9 le conseiller de l\u2019international burkinab\u00e8, Christophe Hutteau, le lundi 21 juin 2021, sur les r\u00e9seaux sociaux. \u00ab<strong><em>Aujourd\u2019hui, \u00e9tant libre de tout contrat, Charles ne fera pas de sa prochaine destination une affaire d\u2019argent. Il veut tout simplement revenir dans un pays qui lui a permis de grandir et de faire la magnifique carri\u00e8re qui a \u00e9t\u00e9 la sienne et qui est loin d\u2019\u00eatre termin\u00e9e. Nous avons d\u00e9j\u00e0 plusieurs clubs sur les rangs et une d\u00e9cision sera rapidement prise concernant sa future destination<\/em><\/strong>\u00bb, a lanc\u00e9 son agent.<\/p>\n\n\n\n<div class=\\\"wp-block-image\\\"><figure class=\\\"aligncenter size-large\\\"><img src=\\\"http:\/\/7culture.ci\/fbf\/uploads\/2020\/07\/Charles-Kabor\u00e9-1.jpg\\\" alt=\\\"\\\" class=\\\"wp-image-12320\\\"\/><\/figure><\/div>\n\n\n\n<p><strong>Adams T<\/strong><\/p>\n","protected":false},"excerpt":{"rendered":"<p>Le contrat de l\u2019international burkinab\u00e8 Charles Kabor\u00e9 avec le club russe du Dinamo Moscou, est arriv\u00e9 \u00e0 son terme. Le milieu terrain de 33 ans des \u00c9talons du Burkina, qui a \u00e9volu\u00e9 en 2013 \u00e0 l\u2019Olympique de Marseille en France, ensuite au FC Krasnodar en Russie, est d\u00e9sormais sans club et libre. Il veut rejouer &hellip;<\/p>\n<p class=\"read-more\"> <a class=\"\" href=\"https:\/\/7culture.ci\/index.php\/2021\/06\/22\/mercato-pourquoi-charles-kabore-veut-retourner-en-france\/\"> <span class=\"screen-reader-text\">MERCATO : POURQUOI CHARLES KABOR\u00c9 VEUT RETOURNER EN FRANCE ?<\/span> Lire la suite\u00a0\u00bb<\/a><\/p>\n","protected":false},"author":4,"featured_media":293,"comment_status":"open","ping_status":"closed","sticky":false,"template":"","format":"standard","meta":{"_mi_skip_tracking":false,"_monsterinsights_sitenote_active":false,"_monsterinsights_sitenote_note":"","_monsterinsights_sitenote_category":0,"site-sidebar-layout":"default","site-content-layout":"default","ast-global-header-display":"","ast-main-header-display":"","ast-hfb-above-header-display":"","ast-hfb-below-header-display":"","ast-hfb-mobile-header-display":"","site-post-title":"","ast-breadcrumbs-content":"","ast-featured-img":"","footer-sml-layout":"","theme-transparent-header-meta":"","adv-header-id-meta":"","stick-header-meta":"","header-above-stick-meta":"","header-main-stick-meta":"","header-below-stick-meta":"","footnotes":"","jetpack_publicize_message":"","jetpack_is_tweetstorm":false,"jetpack_publicize_feature_enabled":true},"categories":[22],"tags":[],"jetpack_publicize_connections":[],"acf":[],"aioseo_notices":[],"yoast_head":"<!-- This site is optimized with the Yoast SEO plugin v19.6.1 - https:\/\/yoast.com\/wordpress\/plugins\/seo\/ -->\n<title>MERCATO : POURQUOI CHARLES KABOR\u00c9 VEUT RETOURNER EN FRANCE ? - 7culture<\/title>\n<meta name=\"robots\" content=\"index, follow, max-snippet:-1, max-image-preview:large, max-video-preview:-1\" \/>\n<link rel=\"canonical\" href=\"https:\/\/7culture.ci\/index.php\/2021\/06\/22\/mercato-pourquoi-charles-kabore-veut-retourner-en-france\/\" \/>\n<meta property=\"og:locale\" content=\"fr_FR\" \/>\n<meta property=\"og:type\" content=\"article\" \/>\n<meta property=\"og:title\" content=\"MERCATO : POURQUOI CHARLES KABOR\u00c9 VEUT RETOURNER EN FRANCE ? - 7culture\" \/>\n<meta property=\"og:description\" content=\"Le contrat de l\u2019international burkinab\u00e8 Charles Kabor\u00e9 avec le club russe du Dinamo Moscou, est arriv\u00e9 \u00e0 son terme. Le milieu terrain de 33 ans des \u00c9talons du Burkina, qui a \u00e9volu\u00e9 en 2013 \u00e0 l\u2019Olympique de Marseille en France, ensuite au FC Krasnodar en Russie, est d\u00e9sormais sans club et libre. Il veut rejouer &hellip; MERCATO : POURQUOI CHARLES KABOR\u00c9 VEUT RETOURNER EN FRANCE ? Lire la suite\u00a0\u00bb\" \/>\n<meta property=\"og:url\" content=\"https:\/\/7culture.ci\/index.php\/2021\/06\/22\/mercato-pourquoi-charles-kabore-veut-retourner-en-france\/\" \/>\n<meta property=\"og:site_name\" content=\"7culture\" \/>\n<meta property=\"article:publisher\" content=\"https:\/\/www.facebook.com\/redchefclaude\" \/>\n<meta property=\"article:published_time\" content=\"2021-06-22T16:46:41+00:00\" \/>\n<meta property=\"article:modified_time\" content=\"2022-01-12T23:48:32+00:00\" \/>\n<meta property=\"og:image\" content=\"http:\/\/7culture.ci\/wp-content\/uploads\/2021\/01\/child-care-template-expert-img-3.jpg\" \/>\n\t<meta property=\"og:image:width\" content=\"268\" \/>\n\t<meta property=\"og:image:height\" content=\"332\" \/>\n\t<meta property=\"og:image:type\" content=\"image\/jpeg\" \/>\n<meta name=\"author\" content=\"Waly Tani\" \/>\n<meta name=\"twitter:card\" content=\"summary_large_image\" \/>\n<meta name=\"twitter:creator\" content=\"@7culturec\" \/>\n<meta name=\"twitter:site\" content=\"@7culturec\" \/>\n<meta name=\"twitter:label1\" content=\"\u00c9crit par\" \/>\n\t<meta name=\"twitter:data1\" content=\"Waly Tani\" \/>\n\t<meta name=\"twitter:label2\" content=\"Dur\u00e9e de lecture estim\u00e9e\" \/>\n\t<meta name=\"twitter:data2\" content=\"1 minute\" \/>\n<script type=\"application\/ld+json\" class=\"yoast-schema-graph\">{\"@context\":\"https:\/\/schema.org\",\"@graph\":[{\"@type\":\"Article\",\"@id\":\"https:\/\/7culture.ci\/index.php\/2021\/06\/22\/mercato-pourquoi-charles-kabore-veut-retourner-en-france\/#article\",\"isPartOf\":{\"@id\":\"https:\/\/7culture.ci\/index.php\/2021\/06\/22\/mercato-pourquoi-charles-kabore-veut-retourner-en-france\/\"},\"author\":{\"name\":\"Waly Tani\",\"@id\":\"https:\/\/7culture.ci\/#\/schema\/person\/ac6600b76b439b1d2b8a3b734da1a17b\"},\"headline\":\"MERCATO : POURQUOI CHARLES KABOR\u00c9 VEUT RETOURNER EN FRANCE ?\",\"datePublished\":\"2021-06-22T16:46:41+00:00\",\"dateModified\":\"2022-01-12T23:48:32+00:00\",\"mainEntityOfPage\":{\"@id\":\"https:\/\/7culture.ci\/index.php\/2021\/06\/22\/mercato-pourquoi-charles-kabore-veut-retourner-en-france\/\"},\"wordCount\":194,\"commentCount\":0,\"publisher\":{\"@id\":\"https:\/\/7culture.ci\/#organization\"},\"articleSection\":[\"Actualit\u00e9\"],\"inLanguage\":\"fr-FR\",\"potentialAction\":[{\"@type\":\"CommentAction\",\"name\":\"Comment\",\"target\":[\"https:\/\/7culture.ci\/index.php\/2021\/06\/22\/mercato-pourquoi-charles-kabore-veut-retourner-en-france\/#respond\"]}]},{\"@type\":\"WebPage\",\"@id\":\"https:\/\/7culture.ci\/index.php\/2021\/06\/22\/mercato-pourquoi-charles-kabore-veut-retourner-en-france\/\",\"url\":\"https:\/\/7culture.ci\/index.php\/2021\/06\/22\/mercato-pourquoi-charles-kabore-veut-retourner-en-france\/\",\"name\":\"MERCATO : POURQUOI CHARLES KABOR\u00c9 VEUT RETOURNER EN FRANCE ? - 7culture\",\"isPartOf\":{\"@id\":\"https:\/\/7culture.ci\/#website\"},\"datePublished\":\"2021-06-22T16:46:41+00:00\",\"dateModified\":\"2022-01-12T23:48:32+00:00\",\"breadcrumb\":{\"@id\":\"https:\/\/7culture.ci\/index.php\/2021\/06\/22\/mercato-pourquoi-charles-kabore-veut-retourner-en-france\/#breadcrumb\"},\"inLanguage\":\"fr-FR\",\"potentialAction\":[{\"@type\":\"ReadAction\",\"target\":[\"https:\/\/7culture.ci\/index.php\/2021\/06\/22\/mercato-pourquoi-charles-kabore-veut-retourner-en-france\/\"]}]},{\"@type\":\"BreadcrumbList\",\"@id\":\"https:\/\/7culture.ci\/index.php\/2021\/06\/22\/mercato-pourquoi-charles-kabore-veut-retourner-en-france\/#breadcrumb\",\"itemListElement\":[{\"@type\":\"ListItem\",\"position\":1,\"name\":\"Accueil\",\"item\":\"https:\/\/7culture.ci\/\"},{\"@type\":\"ListItem\",\"position\":2,\"name\":\"MERCATO : POURQUOI CHARLES KABOR\u00c9 VEUT RETOURNER EN FRANCE ?\"}]},{\"@type\":\"WebSite\",\"@id\":\"https:\/\/7culture.ci\/#website\",\"url\":\"https:\/\/7culture.ci\/\",\"name\":\"7culture\",\"description\":\"Tout sur l&#039;actualit\u00e9\",\"publisher\":{\"@id\":\"https:\/\/7culture.ci\/#organization\"},\"potentialAction\":[{\"@type\":\"SearchAction\",\"target\":{\"@type\":\"EntryPoint\",\"urlTemplate\":\"https:\/\/7culture.ci\/?s={search_term_string}\"},\"query-input\":\"required name=search_term_string\"}],\"inLanguage\":\"fr-FR\"},{\"@type\":\"Organization\",\"@id\":\"https:\/\/7culture.ci\/#organization\",\"name\":\"7culture\",\"url\":\"https:\/\/7culture.ci\/\",\"sameAs\":[\"https:\/\/www.facebook.com\/redchefclaude\",\"https:\/\/twitter.com\/7culturec\"],\"logo\":{\"@type\":\"ImageObject\",\"inLanguage\":\"fr-FR\",\"@id\":\"https:\/\/7culture.ci\/#\/schema\/logo\/image\/\",\"url\":\"https:\/\/7culture.ci\/wp-content\/uploads\/2021\/12\/S1a-1.png\",\"contentUrl\":\"https:\/\/7culture.ci\/wp-content\/uploads\/2021\/12\/S1a-1.png\",\"width\":588,\"height\":192,\"caption\":\"7culture\"},\"image\":{\"@id\":\"https:\/\/7culture.ci\/#\/schema\/logo\/image\/\"}},{\"@type\":\"Person\",\"@id\":\"https:\/\/7culture.ci\/#\/schema\/person\/ac6600b76b439b1d2b8a3b734da1a17b\",\"name\":\"Waly Tani\",\"image\":{\"@type\":\"ImageObject\",\"inLanguage\":\"fr-FR\",\"@id\":\"https:\/\/7culture.ci\/#\/schema\/person\/image\/\",\"url\":\"https:\/\/secure.gravatar.com\/avatar\/f4ffa85bd7cfe6e4376efc1fd606cdb7?s=96&d=mm&r=g\",\"contentUrl\":\"https:\/\/secure.gravatar.com\/avatar\/f4ffa85bd7cfe6e4376efc1fd606cdb7?s=96&d=mm&r=g\",\"caption\":\"Waly Tani\"},\"url\":\"https:\/\/7culture.ci\/index.php\/author\/waly-tani\/\"}]}<\/script>\n<!-- \/ Yoast SEO plugin. -->","yoast_head_json":{"title":"MERCATO : POURQUOI CHARLES KABOR\u00c9 VEUT RETOURNER EN FRANCE ? - 7culture","robots":{"index":"index","follow":"follow","max-snippet":"max-snippet:-1","max-image-preview":"max-image-preview:large","max-video-preview":"max-video-preview:-1"},"canonical":"https:\/\/7culture.ci\/index.php\/2021\/06\/22\/mercato-pourquoi-charles-kabore-veut-retourner-en-france\/","og_locale":"fr_FR","og_type":"article","og_title":"MERCATO : POURQUOI CHARLES KABOR\u00c9 VEUT RETOURNER EN FRANCE ? - 7culture","og_description":"Le contrat de l\u2019international burkinab\u00e8 Charles Kabor\u00e9 avec le club russe du Dinamo Moscou, est arriv\u00e9 \u00e0 son terme. Le milieu terrain de 33 ans des \u00c9talons du Burkina, qui a \u00e9volu\u00e9 en 2013 \u00e0 l\u2019Olympique de Marseille en France, ensuite au FC Krasnodar en Russie, est d\u00e9sormais sans club et libre. Il veut rejouer &hellip; MERCATO : POURQUOI CHARLES KABOR\u00c9 VEUT RETOURNER EN FRANCE ? Lire la suite\u00a0\u00bb","og_url":"https:\/\/7culture.ci\/index.php\/2021\/06\/22\/mercato-pourquoi-charles-kabore-veut-retourner-en-france\/","og_site_name":"7culture","article_publisher":"https:\/\/www.facebook.com\/redchefclaude","article_published_time":"2021-06-22T16:46:41+00:00","article_modified_time":"2022-01-12T23:48:32+00:00","og_image":[{"width":268,"height":332,"url":"http:\/\/7culture.ci\/wp-content\/uploads\/2021\/01\/child-care-template-expert-img-3.jpg","type":"image\/jpeg"}],"author":"Waly Tani","twitter_card":"summary_large_image","twitter_creator":"@7culturec","twitter_site":"@7culturec","twitter_misc":{"\u00c9crit par":"Waly Tani","Dur\u00e9e de lecture estim\u00e9e":"1 minute"},"schema":{"@context":"https:\/\/schema.org","@graph":[{"@type":"Article","@id":"https:\/\/7culture.ci\/index.php\/2021\/06\/22\/mercato-pourquoi-charles-kabore-veut-retourner-en-france\/#article","isPartOf":{"@id":"https:\/\/7culture.ci\/index.php\/2021\/06\/22\/mercato-pourquoi-charles-kabore-veut-retourner-en-france\/"},"author":{"name":"Waly Tani","@id":"https:\/\/7culture.ci\/#\/schema\/person\/ac6600b76b439b1d2b8a3b734da1a17b"},"headline":"MERCATO : POURQUOI CHARLES KABOR\u00c9 VEUT RETOURNER EN FRANCE ?","datePublished":"2021-06-22T16:46:41+00:00","dateModified":"2022-01-12T23:48:32+00:00","mainEntityOfPage":{"@id":"https:\/\/7culture.ci\/index.php\/2021\/06\/22\/mercato-pourquoi-charles-kabore-veut-retourner-en-france\/"},"wordCount":194,"commentCount":0,"publisher":{"@id":"https:\/\/7culture.ci\/#organization"},"articleSection":["Actualit\u00e9"],"inLanguage":"fr-FR","potentialAction":[{"@type":"CommentAction","name":"Comment","target":["https:\/\/7culture.ci\/index.php\/2021\/06\/22\/mercato-pourquoi-charles-kabore-veut-retourner-en-france\/#respond"]}]},{"@type":"WebPage","@id":"https:\/\/7culture.ci\/index.php\/2021\/06\/22\/mercato-pourquoi-charles-kabore-veut-retourner-en-france\/","url":"https:\/\/7culture.ci\/index.php\/2021\/06\/22\/mercato-pourquoi-charles-kabore-veut-retourner-en-france\/","name":"MERCATO : POURQUOI CHARLES KABOR\u00c9 VEUT RETOURNER EN FRANCE ? - 7culture","isPartOf":{"@id":"https:\/\/7culture.ci\/#website"},"datePublished":"2021-06-22T16:46:41+00:00","dateModified":"2022-01-12T23:48:32+00:00","breadcrumb":{"@id":"https:\/\/7culture.ci\/index.php\/2021\/06\/22\/mercato-pourquoi-charles-kabore-veut-retourner-en-france\/#breadcrumb"},"inLanguage":"fr-FR","potentialAction":[{"@type":"ReadAction","target":["https:\/\/7culture.ci\/index.php\/2021\/06\/22\/mercato-pourquoi-charles-kabore-veut-retourner-en-france\/"]}]},{"@type":"BreadcrumbList","@id":"https:\/\/7culture.ci\/index.php\/2021\/06\/22\/mercato-pourquoi-charles-kabore-veut-retourner-en-france\/#breadcrumb","itemListElement":[{"@type":"ListItem","position":1,"name":"Accueil","item":"https:\/\/7culture.ci\/"},{"@type":"ListItem","position":2,"name":"MERCATO : POURQUOI CHARLES KABOR\u00c9 VEUT RETOURNER EN FRANCE ?"}]},{"@type":"WebSite","@id":"https:\/\/7culture.ci\/#website","url":"https:\/\/7culture.ci\/","name":"7culture","description":"Tout sur l&#039;actualit\u00e9","publisher":{"@id":"https:\/\/7culture.ci\/#organization"},"potentialAction":[{"@type":"SearchAction","target":{"@type":"EntryPoint","urlTemplate":"https:\/\/7culture.ci\/?s={search_term_string}"},"query-input":"required name=search_term_string"}],"inLanguage":"fr-FR"},{"@type":"Organization","@id":"https:\/\/7culture.ci\/#organization","name":"7culture","url":"https:\/\/7culture.ci\/","sameAs":["https:\/\/www.facebook.com\/redchefclaude","https:\/\/twitter.com\/7culturec"],"logo":{"@type":"ImageObject","inLanguage":"fr-FR","@id":"https:\/\/7culture.ci\/#\/schema\/logo\/image\/","url":"https:\/\/7culture.ci\/wp-content\/uploads\/2021\/12\/S1a-1.png","contentUrl":"https:\/\/7culture.ci\/wp-content\/uploads\/2021\/12\/S1a-1.png","width":588,"height":192,"caption":"7culture"},"image":{"@id":"https:\/\/7culture.ci\/#\/schema\/logo\/image\/"}},{"@type":"Person","@id":"https:\/\/7culture.ci\/#\/schema\/person\/ac6600b76b439b1d2b8a3b734da1a17b","name":"Waly Tani","image":{"@type":"ImageObject","inLanguage":"fr-FR","@id":"https:\/\/7culture.ci\/#\/schema\/person\/image\/","url":"https:\/\/secure.gravatar.com\/avatar\/f4ffa85bd7cfe6e4376efc1fd606cdb7?s=96&d=mm&r=g","contentUrl":"https:\/\/secure.gravatar.com\/avatar\/f4ffa85bd7cfe6e4376efc1fd606cdb7?s=96&d=mm&r=g","caption":"Waly Tani"},"url":"https:\/\/7culture.ci\/index.php\/author\/waly-tani\/"}]}},"jetpack_featured_media_url":"https:\/\/7culture.ci\/wp-content\/uploads\/2021\/01\/child-care-template-expert-img-3.jpg","jetpack_likes_enabled":true,"jetpack_sharing_enabled":true,"_links":{"self":[{"href":"https:\/\/7culture.ci\/index.php\/wp-json\/wp\/v2\/posts\/12316"}],"collection":[{"href":"https:\/\/7culture.ci\/index.php\/wp-json\/wp\/v2\/posts"}],"about":[{"href":"https:\/\/7culture.ci\/index.php\/wp-json\/wp\/v2\/types\/post"}],"author":[{"embeddable":true,"href":"https:\/\/7culture.ci\/index.php\/wp-json\/wp\/v2\/users\/4"}],"replies":[{"embeddable":true,"href":"https:\/\/7culture.ci\/index.php\/wp-json\/wp\/v2\/comments?post=12316"}],"version-history":[{"count":0,"href":"https:\/\/7culture.ci\/index.php\/wp-json\/wp\/v2\/posts\/12316\/revisions"}],"wp:featuredmedia":[{"embeddable":true,"href":"https:\/\/7culture.ci\/index.php\/wp-json\/wp\/v2\/media\/293"}],"wp:attachment":[{"href":"https:\/\/7culture.ci\/index.php\/wp-json\/wp\/v2\/media?parent=12316"}],"wp:term":[{"taxonomy":"category","embeddable":true,"href":"https:\/\/7culture.ci\/index.php\/wp-json\/wp\/v2\/categories?post=12316"},{"taxonomy":"post_tag","embeddable":true,"href":"https:\/\/7culture.ci\/index.php\/wp-json\/wp\/v2\/tags?post=12316"}],"curies":[{"name":"wp","href":"https:\/\/api.w.org\/{rel}","templated":true}]}}