{"id":12245,"date":"2021-06-22T09:45:28","date_gmt":"2021-06-22T09:45:28","guid":{"rendered":"https:\/\/7culture.ci\/index.php\/2021\/06\/22\/people-angelina-jolie-etait-au-burkina-faso\/"},"modified":"2021-06-22T09:45:28","modified_gmt":"2021-06-22T09:45:28","slug":"people-angelina-jolie-etait-au-burkina-faso","status":"publish","type":"post","link":"https:\/\/7culture.ci\/index.php\/2021\/06\/22\/people-angelina-jolie-etait-au-burkina-faso\/","title":{"rendered":"PEOPLE : ANGELINA JOLIE \u00c9TAIT AU BURKINA FASO!"},"content":{"rendered":"\n<p>Le dimanche 20 juin dernier \u00e9tait la journ\u00e9e mondiale des refugi\u00e9s. Pour marquer le coup, Angelina Jolie s\u2019est rendue au Burkina Faso pour visiter un camp de r\u00e9fugi\u00e9s maliens. Dans sa mission, l\u2019actrice am\u00e9ricaine a \u00e9t\u00e9 re\u00e7ue en audience par le pr\u00e9sident du faso Roch Marc Christian Kabor\u00e9. Elle a aussi rencontr\u00e9 Alpha Barry, le ministre burkinab\u00e8 des Affaires \u00e9trang\u00e8res. Ensemble, ils ont effectu\u00e9 le voyage en h\u00e9licopt\u00e8re jusqu\u2019\u00e0 Goudebou (nord-est du Burkina Faso) qui abrite un important camp de r\u00e9fugi\u00e9s maliens.<\/p>\n\n\n\n<figure class=\\\"wp-block-image size-large is-resized\\\"><img src=\\\"http:\/\/7culture.ci\/fbf\/uploads\/2020\/07\/202556029_4534173783283271_5042159294113697665_n.jpg\\\" alt=\\\"\\\" class=\\\"wp-image-12244\\\" width=\\\"453\\\" height=\\\"681\\\"\/><\/figure>\n\n\n\n<p>Envoy\u00e9e sp\u00e9ciale du Haut-Commissariat des Nations unies pour les r\u00e9fugi\u00e9s (HCR), la star am\u00e9ricaine est venue soutenir ses refugi\u00e9s malien. \u00ab\u2009<strong><em>Je c\u00e9l\u00e8bre cette journ\u00e9e chaque ann\u00e9e depuis 40 ans avec des r\u00e9fugi\u00e9s dans diff\u00e9rents pays, et je n\u2019ai jamais \u00e9t\u00e9 aussi pr\u00e9occup\u00e9e par l\u2019\u00e9tat des d\u00e9placements dans le monde qu\u2019aujourd\u2019hui<\/em><\/strong>\u2009\u00bb, a d\u00e9clar\u00e9 Angelina Jolie, apr\u00e8s la visite du vaste camp, situ\u00e9 \u00e0 une centaine de kilom\u00e8tres de la fronti\u00e8re malienne. \u00ab\u2009<strong><em>La v\u00e9rit\u00e9 est que nous ne faisons pas la moiti\u00e9 de ce que nous pourrions et devrions faire pour trouver des solutions pour permettre aux r\u00e9fugi\u00e9s de rentrer chez eux ou pour soutenir les pays d\u2019accueil\u2009<\/em><\/strong>\u00bb, a ajout\u00e9 l\u2019\u00e9missaire du HCR, appelant \u00e0 soutenir les pays qui accueillent les r\u00e9fugi\u00e9s comme le Burkina Faso.<\/p>\n\n\n\n<div class=\\\"wp-block-image\\\"><figure class=\\\"aligncenter size-large is-resized\\\"><img src=\\\"http:\/\/7culture.ci\/fbf\/uploads\/2020\/07\/WhatsApp-Image-2021-06-22-at-09.35.34.jpeg\\\" alt=\\\"\\\" class=\\\"wp-image-12240\\\" width=\\\"484\\\" height=\\\"646\\\"\/><\/figure><\/div>\n\n\n\n<p>Par Omar AK<\/p>\n","protected":false},"excerpt":{"rendered":"<p>Le dimanche 20 juin dernier \u00e9tait la journ\u00e9e mondiale des refugi\u00e9s. Pour marquer le coup, Angelina Jolie s\u2019est rendue au Burkina Faso pour visiter un camp de r\u00e9fugi\u00e9s maliens. Dans sa mission, l\u2019actrice am\u00e9ricaine a \u00e9t\u00e9 re\u00e7ue en audience par le pr\u00e9sident du faso Roch Marc Christian Kabor\u00e9. Elle a aussi rencontr\u00e9 Alpha Barry, le &hellip;<\/p>\n<p class=\"read-more\"> <a class=\"\" href=\"https:\/\/7culture.ci\/index.php\/2021\/06\/22\/people-angelina-jolie-etait-au-burkina-faso\/\"> <span class=\"screen-reader-text\">PEOPLE : ANGELINA JOLIE \u00c9TAIT AU BURKINA FASO!<\/span> Lire la suite\u00a0\u00bb<\/a><\/p>\n","protected":false},"author":4,"featured_media":12241,"comment_status":"open","ping_status":"closed","sticky":false,"template":"","format":"standard","meta":{"_mi_skip_tracking":false,"_monsterinsights_sitenote_active":false,"_monsterinsights_sitenote_note":"","_monsterinsights_sitenote_category":0,"site-sidebar-layout":"default","site-content-layout":"default","ast-global-header-display":"","ast-main-header-display":"","ast-hfb-above-header-display":"","ast-hfb-below-header-display":"","ast-hfb-mobile-header-display":"","site-post-title":"","ast-breadcrumbs-content":"","ast-featured-img":"","footer-sml-layout":"","theme-transparent-header-meta":"","adv-header-id-meta":"","stick-header-meta":"","header-above-stick-meta":"","header-main-stick-meta":"","header-below-stick-meta":"","footnotes":"","jetpack_publicize_message":"","jetpack_is_tweetstorm":false,"jetpack_publicize_feature_enabled":true},"categories":[22],"tags":[],"jetpack_publicize_connections":[],"acf":[],"aioseo_notices":[],"yoast_head":"<!-- This site is optimized with the Yoast SEO plugin v19.6.1 - https:\/\/yoast.com\/wordpress\/plugins\/seo\/ -->\n<title>PEOPLE : ANGELINA JOLIE \u00c9TAIT AU BURKINA FASO! - 7culture<\/title>\n<meta name=\"robots\" content=\"index, follow, max-snippet:-1, max-image-preview:large, max-video-preview:-1\" \/>\n<link rel=\"canonical\" href=\"https:\/\/7culture.ci\/index.php\/2021\/06\/22\/people-angelina-jolie-etait-au-burkina-faso\/\" \/>\n<meta property=\"og:locale\" content=\"fr_FR\" \/>\n<meta property=\"og:type\" content=\"article\" \/>\n<meta property=\"og:title\" content=\"PEOPLE : ANGELINA JOLIE \u00c9TAIT AU BURKINA FASO! - 7culture\" \/>\n<meta property=\"og:description\" content=\"Le dimanche 20 juin dernier \u00e9tait la journ\u00e9e mondiale des refugi\u00e9s. Pour marquer le coup, Angelina Jolie s\u2019est rendue au Burkina Faso pour visiter un camp de r\u00e9fugi\u00e9s maliens. Dans sa mission, l\u2019actrice am\u00e9ricaine a \u00e9t\u00e9 re\u00e7ue en audience par le pr\u00e9sident du faso Roch Marc Christian Kabor\u00e9. Elle a aussi rencontr\u00e9 Alpha Barry, le &hellip; PEOPLE : ANGELINA JOLIE \u00c9TAIT AU BURKINA FASO! Lire la suite\u00a0\u00bb\" \/>\n<meta property=\"og:url\" content=\"https:\/\/7culture.ci\/index.php\/2021\/06\/22\/people-angelina-jolie-etait-au-burkina-faso\/\" \/>\n<meta property=\"og:site_name\" content=\"7culture\" \/>\n<meta property=\"article:publisher\" content=\"https:\/\/www.facebook.com\/redchefclaude\" \/>\n<meta property=\"article:published_time\" content=\"2021-06-22T09:45:28+00:00\" \/>\n<meta name=\"author\" content=\"Waly Tani\" \/>\n<meta name=\"twitter:card\" content=\"summary_large_image\" \/>\n<meta name=\"twitter:creator\" content=\"@7culturec\" \/>\n<meta name=\"twitter:site\" content=\"@7culturec\" \/>\n<meta name=\"twitter:label1\" content=\"\u00c9crit par\" \/>\n\t<meta name=\"twitter:data1\" content=\"Waly Tani\" \/>\n\t<meta name=\"twitter:label2\" content=\"Dur\u00e9e de lecture estim\u00e9e\" \/>\n\t<meta name=\"twitter:data2\" content=\"1 minute\" \/>\n<script type=\"application\/ld+json\" class=\"yoast-schema-graph\">{\"@context\":\"https:\/\/schema.org\",\"@graph\":[{\"@type\":\"Article\",\"@id\":\"https:\/\/7culture.ci\/index.php\/2021\/06\/22\/people-angelina-jolie-etait-au-burkina-faso\/#article\",\"isPartOf\":{\"@id\":\"https:\/\/7culture.ci\/index.php\/2021\/06\/22\/people-angelina-jolie-etait-au-burkina-faso\/\"},\"author\":{\"name\":\"Waly Tani\",\"@id\":\"https:\/\/7culture.ci\/#\/schema\/person\/ac6600b76b439b1d2b8a3b734da1a17b\"},\"headline\":\"PEOPLE : ANGELINA JOLIE \u00c9TAIT AU BURKINA FASO!\",\"datePublished\":\"2021-06-22T09:45:28+00:00\",\"dateModified\":\"2021-06-22T09:45:28+00:00\",\"mainEntityOfPage\":{\"@id\":\"https:\/\/7culture.ci\/index.php\/2021\/06\/22\/people-angelina-jolie-etait-au-burkina-faso\/\"},\"wordCount\":257,\"commentCount\":0,\"publisher\":{\"@id\":\"https:\/\/7culture.ci\/#organization\"},\"articleSection\":[\"Actualit\u00e9\"],\"inLanguage\":\"fr-FR\",\"potentialAction\":[{\"@type\":\"CommentAction\",\"name\":\"Comment\",\"target\":[\"https:\/\/7culture.ci\/index.php\/2021\/06\/22\/people-angelina-jolie-etait-au-burkina-faso\/#respond\"]}]},{\"@type\":\"WebPage\",\"@id\":\"https:\/\/7culture.ci\/index.php\/2021\/06\/22\/people-angelina-jolie-etait-au-burkina-faso\/\",\"url\":\"https:\/\/7culture.ci\/index.php\/2021\/06\/22\/people-angelina-jolie-etait-au-burkina-faso\/\",\"name\":\"PEOPLE : ANGELINA JOLIE \u00c9TAIT AU BURKINA FASO! - 7culture\",\"isPartOf\":{\"@id\":\"https:\/\/7culture.ci\/#website\"},\"datePublished\":\"2021-06-22T09:45:28+00:00\",\"dateModified\":\"2021-06-22T09:45:28+00:00\",\"breadcrumb\":{\"@id\":\"https:\/\/7culture.ci\/index.php\/2021\/06\/22\/people-angelina-jolie-etait-au-burkina-faso\/#breadcrumb\"},\"inLanguage\":\"fr-FR\",\"potentialAction\":[{\"@type\":\"ReadAction\",\"target\":[\"https:\/\/7culture.ci\/index.php\/2021\/06\/22\/people-angelina-jolie-etait-au-burkina-faso\/\"]}]},{\"@type\":\"BreadcrumbList\",\"@id\":\"https:\/\/7culture.ci\/index.php\/2021\/06\/22\/people-angelina-jolie-etait-au-burkina-faso\/#breadcrumb\",\"itemListElement\":[{\"@type\":\"ListItem\",\"position\":1,\"name\":\"Accueil\",\"item\":\"https:\/\/7culture.ci\/\"},{\"@type\":\"ListItem\",\"position\":2,\"name\":\"PEOPLE : ANGELINA JOLIE \u00c9TAIT AU BURKINA FASO!\"}]},{\"@type\":\"WebSite\",\"@id\":\"https:\/\/7culture.ci\/#website\",\"url\":\"https:\/\/7culture.ci\/\",\"name\":\"7culture\",\"description\":\"Tout sur l&#039;actualit\u00e9\",\"publisher\":{\"@id\":\"https:\/\/7culture.ci\/#organization\"},\"potentialAction\":[{\"@type\":\"SearchAction\",\"target\":{\"@type\":\"EntryPoint\",\"urlTemplate\":\"https:\/\/7culture.ci\/?s={search_term_string}\"},\"query-input\":\"required name=search_term_string\"}],\"inLanguage\":\"fr-FR\"},{\"@type\":\"Organization\",\"@id\":\"https:\/\/7culture.ci\/#organization\",\"name\":\"7culture\",\"url\":\"https:\/\/7culture.ci\/\",\"sameAs\":[\"https:\/\/www.facebook.com\/redchefclaude\",\"https:\/\/twitter.com\/7culturec\"],\"logo\":{\"@type\":\"ImageObject\",\"inLanguage\":\"fr-FR\",\"@id\":\"https:\/\/7culture.ci\/#\/schema\/logo\/image\/\",\"url\":\"https:\/\/7culture.ci\/wp-content\/uploads\/2021\/12\/S1a-1.png\",\"contentUrl\":\"https:\/\/7culture.ci\/wp-content\/uploads\/2021\/12\/S1a-1.png\",\"width\":588,\"height\":192,\"caption\":\"7culture\"},\"image\":{\"@id\":\"https:\/\/7culture.ci\/#\/schema\/logo\/image\/\"}},{\"@type\":\"Person\",\"@id\":\"https:\/\/7culture.ci\/#\/schema\/person\/ac6600b76b439b1d2b8a3b734da1a17b\",\"name\":\"Waly Tani\",\"image\":{\"@type\":\"ImageObject\",\"inLanguage\":\"fr-FR\",\"@id\":\"https:\/\/7culture.ci\/#\/schema\/person\/image\/\",\"url\":\"https:\/\/secure.gravatar.com\/avatar\/f4ffa85bd7cfe6e4376efc1fd606cdb7?s=96&d=mm&r=g\",\"contentUrl\":\"https:\/\/secure.gravatar.com\/avatar\/f4ffa85bd7cfe6e4376efc1fd606cdb7?s=96&d=mm&r=g\",\"caption\":\"Waly Tani\"},\"url\":\"https:\/\/7culture.ci\/index.php\/author\/waly-tani\/\"}]}<\/script>\n<!-- \/ Yoast SEO plugin. -->","yoast_head_json":{"title":"PEOPLE : ANGELINA JOLIE \u00c9TAIT AU BURKINA FASO! - 7culture","robots":{"index":"index","follow":"follow","max-snippet":"max-snippet:-1","max-image-preview":"max-image-preview:large","max-video-preview":"max-video-preview:-1"},"canonical":"https:\/\/7culture.ci\/index.php\/2021\/06\/22\/people-angelina-jolie-etait-au-burkina-faso\/","og_locale":"fr_FR","og_type":"article","og_title":"PEOPLE : ANGELINA JOLIE \u00c9TAIT AU BURKINA FASO! - 7culture","og_description":"Le dimanche 20 juin dernier \u00e9tait la journ\u00e9e mondiale des refugi\u00e9s. Pour marquer le coup, Angelina Jolie s\u2019est rendue au Burkina Faso pour visiter un camp de r\u00e9fugi\u00e9s maliens. Dans sa mission, l\u2019actrice am\u00e9ricaine a \u00e9t\u00e9 re\u00e7ue en audience par le pr\u00e9sident du faso Roch Marc Christian Kabor\u00e9. Elle a aussi rencontr\u00e9 Alpha Barry, le &hellip; PEOPLE : ANGELINA JOLIE \u00c9TAIT AU BURKINA FASO! Lire la suite\u00a0\u00bb","og_url":"https:\/\/7culture.ci\/index.php\/2021\/06\/22\/people-angelina-jolie-etait-au-burkina-faso\/","og_site_name":"7culture","article_publisher":"https:\/\/www.facebook.com\/redchefclaude","article_published_time":"2021-06-22T09:45:28+00:00","author":"Waly Tani","twitter_card":"summary_large_image","twitter_creator":"@7culturec","twitter_site":"@7culturec","twitter_misc":{"\u00c9crit par":"Waly Tani","Dur\u00e9e de lecture estim\u00e9e":"1 minute"},"schema":{"@context":"https:\/\/schema.org","@graph":[{"@type":"Article","@id":"https:\/\/7culture.ci\/index.php\/2021\/06\/22\/people-angelina-jolie-etait-au-burkina-faso\/#article","isPartOf":{"@id":"https:\/\/7culture.ci\/index.php\/2021\/06\/22\/people-angelina-jolie-etait-au-burkina-faso\/"},"author":{"name":"Waly Tani","@id":"https:\/\/7culture.ci\/#\/schema\/person\/ac6600b76b439b1d2b8a3b734da1a17b"},"headline":"PEOPLE : ANGELINA JOLIE \u00c9TAIT AU BURKINA FASO!","datePublished":"2021-06-22T09:45:28+00:00","dateModified":"2021-06-22T09:45:28+00:00","mainEntityOfPage":{"@id":"https:\/\/7culture.ci\/index.php\/2021\/06\/22\/people-angelina-jolie-etait-au-burkina-faso\/"},"wordCount":257,"commentCount":0,"publisher":{"@id":"https:\/\/7culture.ci\/#organization"},"articleSection":["Actualit\u00e9"],"inLanguage":"fr-FR","potentialAction":[{"@type":"CommentAction","name":"Comment","target":["https:\/\/7culture.ci\/index.php\/2021\/06\/22\/people-angelina-jolie-etait-au-burkina-faso\/#respond"]}]},{"@type":"WebPage","@id":"https:\/\/7culture.ci\/index.php\/2021\/06\/22\/people-angelina-jolie-etait-au-burkina-faso\/","url":"https:\/\/7culture.ci\/index.php\/2021\/06\/22\/people-angelina-jolie-etait-au-burkina-faso\/","name":"PEOPLE : ANGELINA JOLIE \u00c9TAIT AU BURKINA FASO! - 7culture","isPartOf":{"@id":"https:\/\/7culture.ci\/#website"},"datePublished":"2021-06-22T09:45:28+00:00","dateModified":"2021-06-22T09:45:28+00:00","breadcrumb":{"@id":"https:\/\/7culture.ci\/index.php\/2021\/06\/22\/people-angelina-jolie-etait-au-burkina-faso\/#breadcrumb"},"inLanguage":"fr-FR","potentialAction":[{"@type":"ReadAction","target":["https:\/\/7culture.ci\/index.php\/2021\/06\/22\/people-angelina-jolie-etait-au-burkina-faso\/"]}]},{"@type":"BreadcrumbList","@id":"https:\/\/7culture.ci\/index.php\/2021\/06\/22\/people-angelina-jolie-etait-au-burkina-faso\/#breadcrumb","itemListElement":[{"@type":"ListItem","position":1,"name":"Accueil","item":"https:\/\/7culture.ci\/"},{"@type":"ListItem","position":2,"name":"PEOPLE : ANGELINA JOLIE \u00c9TAIT AU BURKINA FASO!"}]},{"@type":"WebSite","@id":"https:\/\/7culture.ci\/#website","url":"https:\/\/7culture.ci\/","name":"7culture","description":"Tout sur l&#039;actualit\u00e9","publisher":{"@id":"https:\/\/7culture.ci\/#organization"},"potentialAction":[{"@type":"SearchAction","target":{"@type":"EntryPoint","urlTemplate":"https:\/\/7culture.ci\/?s={search_term_string}"},"query-input":"required name=search_term_string"}],"inLanguage":"fr-FR"},{"@type":"Organization","@id":"https:\/\/7culture.ci\/#organization","name":"7culture","url":"https:\/\/7culture.ci\/","sameAs":["https:\/\/www.facebook.com\/redchefclaude","https:\/\/twitter.com\/7culturec"],"logo":{"@type":"ImageObject","inLanguage":"fr-FR","@id":"https:\/\/7culture.ci\/#\/schema\/logo\/image\/","url":"https:\/\/7culture.ci\/wp-content\/uploads\/2021\/12\/S1a-1.png","contentUrl":"https:\/\/7culture.ci\/wp-content\/uploads\/2021\/12\/S1a-1.png","width":588,"height":192,"caption":"7culture"},"image":{"@id":"https:\/\/7culture.ci\/#\/schema\/logo\/image\/"}},{"@type":"Person","@id":"https:\/\/7culture.ci\/#\/schema\/person\/ac6600b76b439b1d2b8a3b734da1a17b","name":"Waly Tani","image":{"@type":"ImageObject","inLanguage":"fr-FR","@id":"https:\/\/7culture.ci\/#\/schema\/person\/image\/","url":"https:\/\/secure.gravatar.com\/avatar\/f4ffa85bd7cfe6e4376efc1fd606cdb7?s=96&d=mm&r=g","contentUrl":"https:\/\/secure.gravatar.com\/avatar\/f4ffa85bd7cfe6e4376efc1fd606cdb7?s=96&d=mm&r=g","caption":"Waly Tani"},"url":"https:\/\/7culture.ci\/index.php\/author\/waly-tani\/"}]}},"jetpack_featured_media_url":"","jetpack_likes_enabled":true,"jetpack_sharing_enabled":true,"_links":{"self":[{"href":"https:\/\/7culture.ci\/index.php\/wp-json\/wp\/v2\/posts\/12245"}],"collection":[{"href":"https:\/\/7culture.ci\/index.php\/wp-json\/wp\/v2\/posts"}],"about":[{"href":"https:\/\/7culture.ci\/index.php\/wp-json\/wp\/v2\/types\/post"}],"author":[{"embeddable":true,"href":"https:\/\/7culture.ci\/index.php\/wp-json\/wp\/v2\/users\/4"}],"replies":[{"embeddable":true,"href":"https:\/\/7culture.ci\/index.php\/wp-json\/wp\/v2\/comments?post=12245"}],"version-history":[{"count":0,"href":"https:\/\/7culture.ci\/index.php\/wp-json\/wp\/v2\/posts\/12245\/revisions"}],"wp:featuredmedia":[{"embeddable":true,"href":"https:\/\/7culture.ci\/index.php\/wp-json\/"}],"wp:attachment":[{"href":"https:\/\/7culture.ci\/index.php\/wp-json\/wp\/v2\/media?parent=12245"}],"wp:term":[{"taxonomy":"category","embeddable":true,"href":"https:\/\/7culture.ci\/index.php\/wp-json\/wp\/v2\/categories?post=12245"},{"taxonomy":"post_tag","embeddable":true,"href":"https:\/\/7culture.ci\/index.php\/wp-json\/wp\/v2\/tags?post=12245"}],"curies":[{"name":"wp","href":"https:\/\/api.w.org\/{rel}","templated":true}]}}