{"id":12226,"date":"2021-06-21T17:49:37","date_gmt":"2021-06-21T17:49:37","guid":{"rendered":"https:\/\/7culture.ci\/index.php\/2021\/06\/21\/musique-le-groupe-woya-revient-avec-kacou-ananze-le-best-of\/"},"modified":"2022-01-12T23:45:20","modified_gmt":"2022-01-12T22:45:20","slug":"musique-le-groupe-woya-revient-avec-kacou-ananze-le-best-of","status":"publish","type":"post","link":"https:\/\/7culture.ci\/index.php\/2021\/06\/21\/musique-le-groupe-woya-revient-avec-kacou-ananze-le-best-of\/","title":{"rendered":"MUSIQUE : LE GROUPE WOYA  REVIENT AVEC KACOU ANANZE, LE BEST OF !"},"content":{"rendered":"\n<p>Cr\u00e9\u00e9 en 1984 \u00e0 Divo, dans le sud-ouest de la C\u00f4te d\\&#8217;Ivoire, puis dissoute en 1988, le groupe Woya c\u00e9l\u00e8bre, cette ann\u00e9e, ses 35 ans d\\&#8217;existence. En pr\u00e9lude \u00e0 cet anniversaire, qui se d\u00e9roulera dans le dernier trimestre de l\u2019ann\u00e9e 2021, la formation musicale a pr\u00e9sent\u00e9 le samedi 19 juin 2021 \u00e0 la Fnac Cap Sud, en Zone 4, un Best of Collector intitul\u00e9&nbsp; <strong>\u2018\u2019Kacou Ananz\u00ea\u2019\u2019.<\/strong> \u00ab <strong><em>Le groupe Woya sort un best off collector, un coffret dans lequel se trouvent deux CD de 16 titres par CD avec nos meilleures chansons sorties en 1985 <\/em><\/strong>\u00bb, a soulign\u00e9 l\u2019arrangeur, producteur et compositeur, David Tayorault, lead vocal du groupe. Il a ensuite indiqu\u00e9 que l\u2019id\u00e9e de la production d\u2019un Best off collector a germ\u00e9, en vue de refaire la promotion et la valorisation des chansons originales du groupe Woya depuis sa naissance. La fanfare, l\u2019Afro-zouk et le Mapouka \u00e9taient les styles musicaux de ce groupe qui a longtemps la fiert\u00e9 de la musique ivoirienne. La particularit\u00e9 de cette \u0153uvre musicale, a expliqu\u00e9 David Tayorault, est que \u00ab <strong><em>sur cet album, nous avons d\u00e9cid\u00e9 de faire intervenir la nouvelle g\u00e9n\u00e9ration d\u2019artistes. Notamment Josey, Bebi Philippe, Nash, Zouglou Markers et Killer<\/em><\/strong> \u00bb.<\/p>\n\n\n\n<div class=\\\"wp-block-image\\\"><figure class=\\\"aligncenter size-large\\\"><img src=\\\"http:\/\/7culture.ci\/fbf\/uploads\/2020\/07\/david-ted.jpg\\\" alt=\\\"\\\" class=\\\"wp-image-12225\\\"\/><\/figure><\/div>\n\n\n\n<figure class=\\\"wp-block-image size-large is-resized\\\"><img src=\\\"http:\/\/7culture.ci\/fbf\/uploads\/2021\/06\/kacou-ananz\u00e9.jpg\\\" alt=\\\"\\\" class=\\\"wp-image-12228\\\" width=\\\"529\\\" height=\\\"529\\\"\/><\/figure>\n\n\n\n<p><strong>Adams T<\/strong><\/p>\n","protected":false},"excerpt":{"rendered":"<p>Cr\u00e9\u00e9 en 1984 \u00e0 Divo, dans le sud-ouest de la C\u00f4te d\\&#8217;Ivoire, puis dissoute en 1988, le groupe Woya c\u00e9l\u00e8bre, cette ann\u00e9e, ses 35 ans d\\&#8217;existence. En pr\u00e9lude \u00e0 cet anniversaire, qui se d\u00e9roulera dans le dernier trimestre de l\u2019ann\u00e9e 2021, la formation musicale a pr\u00e9sent\u00e9 le samedi 19 juin 2021 \u00e0 la Fnac Cap &hellip;<\/p>\n<p class=\"read-more\"> <a class=\"\" href=\"https:\/\/7culture.ci\/index.php\/2021\/06\/21\/musique-le-groupe-woya-revient-avec-kacou-ananze-le-best-of\/\"> <span class=\"screen-reader-text\">MUSIQUE : LE GROUPE WOYA  REVIENT AVEC KACOU ANANZE, LE BEST OF !<\/span> Lire la suite\u00a0\u00bb<\/a><\/p>\n","protected":false},"author":4,"featured_media":550,"comment_status":"open","ping_status":"closed","sticky":false,"template":"","format":"standard","meta":{"_mi_skip_tracking":false,"_monsterinsights_sitenote_active":false,"_monsterinsights_sitenote_note":"","_monsterinsights_sitenote_category":0,"site-sidebar-layout":"default","site-content-layout":"default","ast-global-header-display":"","ast-main-header-display":"","ast-hfb-above-header-display":"","ast-hfb-below-header-display":"","ast-hfb-mobile-header-display":"","site-post-title":"","ast-breadcrumbs-content":"","ast-featured-img":"","footer-sml-layout":"","theme-transparent-header-meta":"","adv-header-id-meta":"","stick-header-meta":"","header-above-stick-meta":"","header-main-stick-meta":"","header-below-stick-meta":"","footnotes":"","jetpack_publicize_message":"","jetpack_is_tweetstorm":false,"jetpack_publicize_feature_enabled":true},"categories":[16],"tags":[],"jetpack_publicize_connections":[],"acf":[],"aioseo_notices":[],"yoast_head":"<!-- This site is optimized with the Yoast SEO plugin v19.6.1 - https:\/\/yoast.com\/wordpress\/plugins\/seo\/ -->\n<title>MUSIQUE : LE GROUPE WOYA REVIENT AVEC KACOU ANANZE, LE BEST OF ! - 7culture<\/title>\n<meta name=\"robots\" content=\"index, follow, max-snippet:-1, max-image-preview:large, max-video-preview:-1\" \/>\n<link rel=\"canonical\" href=\"https:\/\/7culture.ci\/index.php\/2021\/06\/21\/musique-le-groupe-woya-revient-avec-kacou-ananze-le-best-of\/\" \/>\n<meta property=\"og:locale\" content=\"fr_FR\" \/>\n<meta property=\"og:type\" content=\"article\" \/>\n<meta property=\"og:title\" content=\"MUSIQUE : LE GROUPE WOYA REVIENT AVEC KACOU ANANZE, LE BEST OF ! - 7culture\" \/>\n<meta property=\"og:description\" content=\"Cr\u00e9\u00e9 en 1984 \u00e0 Divo, dans le sud-ouest de la C\u00f4te d&#8217;Ivoire, puis dissoute en 1988, le groupe Woya c\u00e9l\u00e8bre, cette ann\u00e9e, ses 35 ans d&#8217;existence. En pr\u00e9lude \u00e0 cet anniversaire, qui se d\u00e9roulera dans le dernier trimestre de l\u2019ann\u00e9e 2021, la formation musicale a pr\u00e9sent\u00e9 le samedi 19 juin 2021 \u00e0 la Fnac Cap &hellip; MUSIQUE : LE GROUPE WOYA REVIENT AVEC KACOU ANANZE, LE BEST OF ! Lire la suite\u00a0\u00bb\" \/>\n<meta property=\"og:url\" content=\"https:\/\/7culture.ci\/index.php\/2021\/06\/21\/musique-le-groupe-woya-revient-avec-kacou-ananze-le-best-of\/\" \/>\n<meta property=\"og:site_name\" content=\"7culture\" \/>\n<meta property=\"article:publisher\" content=\"https:\/\/www.facebook.com\/redchefclaude\" \/>\n<meta property=\"article:published_time\" content=\"2021-06-21T17:49:37+00:00\" \/>\n<meta property=\"article:modified_time\" content=\"2022-01-12T22:45:20+00:00\" \/>\n<meta property=\"og:image\" content=\"https:\/\/7culture.ci\/wp-content\/uploads\/2021\/01\/childcare-template-blog-img-5.jpg\" \/>\n\t<meta property=\"og:image:width\" content=\"800\" \/>\n\t<meta property=\"og:image:height\" content=\"533\" \/>\n\t<meta property=\"og:image:type\" content=\"image\/jpeg\" \/>\n<meta name=\"author\" content=\"Waly Tani\" \/>\n<meta name=\"twitter:card\" content=\"summary_large_image\" \/>\n<meta name=\"twitter:creator\" content=\"@7culturec\" \/>\n<meta name=\"twitter:site\" content=\"@7culturec\" \/>\n<meta name=\"twitter:label1\" content=\"\u00c9crit par\" \/>\n\t<meta name=\"twitter:data1\" content=\"Waly Tani\" \/>\n\t<meta name=\"twitter:label2\" content=\"Dur\u00e9e de lecture estim\u00e9e\" \/>\n\t<meta name=\"twitter:data2\" content=\"1 minute\" \/>\n<script type=\"application\/ld+json\" class=\"yoast-schema-graph\">{\"@context\":\"https:\/\/schema.org\",\"@graph\":[{\"@type\":\"Article\",\"@id\":\"https:\/\/7culture.ci\/index.php\/2021\/06\/21\/musique-le-groupe-woya-revient-avec-kacou-ananze-le-best-of\/#article\",\"isPartOf\":{\"@id\":\"https:\/\/7culture.ci\/index.php\/2021\/06\/21\/musique-le-groupe-woya-revient-avec-kacou-ananze-le-best-of\/\"},\"author\":{\"name\":\"Waly Tani\",\"@id\":\"https:\/\/7culture.ci\/#\/schema\/person\/ac6600b76b439b1d2b8a3b734da1a17b\"},\"headline\":\"MUSIQUE : LE GROUPE WOYA REVIENT AVEC KACOU ANANZE, LE BEST OF !\",\"datePublished\":\"2021-06-21T17:49:37+00:00\",\"dateModified\":\"2022-01-12T22:45:20+00:00\",\"mainEntityOfPage\":{\"@id\":\"https:\/\/7culture.ci\/index.php\/2021\/06\/21\/musique-le-groupe-woya-revient-avec-kacou-ananze-le-best-of\/\"},\"wordCount\":217,\"commentCount\":0,\"publisher\":{\"@id\":\"https:\/\/7culture.ci\/#organization\"},\"articleSection\":[\"Musique\"],\"inLanguage\":\"fr-FR\",\"potentialAction\":[{\"@type\":\"CommentAction\",\"name\":\"Comment\",\"target\":[\"https:\/\/7culture.ci\/index.php\/2021\/06\/21\/musique-le-groupe-woya-revient-avec-kacou-ananze-le-best-of\/#respond\"]}]},{\"@type\":\"WebPage\",\"@id\":\"https:\/\/7culture.ci\/index.php\/2021\/06\/21\/musique-le-groupe-woya-revient-avec-kacou-ananze-le-best-of\/\",\"url\":\"https:\/\/7culture.ci\/index.php\/2021\/06\/21\/musique-le-groupe-woya-revient-avec-kacou-ananze-le-best-of\/\",\"name\":\"MUSIQUE : LE GROUPE WOYA REVIENT AVEC KACOU ANANZE, LE BEST OF ! - 7culture\",\"isPartOf\":{\"@id\":\"https:\/\/7culture.ci\/#website\"},\"datePublished\":\"2021-06-21T17:49:37+00:00\",\"dateModified\":\"2022-01-12T22:45:20+00:00\",\"breadcrumb\":{\"@id\":\"https:\/\/7culture.ci\/index.php\/2021\/06\/21\/musique-le-groupe-woya-revient-avec-kacou-ananze-le-best-of\/#breadcrumb\"},\"inLanguage\":\"fr-FR\",\"potentialAction\":[{\"@type\":\"ReadAction\",\"target\":[\"https:\/\/7culture.ci\/index.php\/2021\/06\/21\/musique-le-groupe-woya-revient-avec-kacou-ananze-le-best-of\/\"]}]},{\"@type\":\"BreadcrumbList\",\"@id\":\"https:\/\/7culture.ci\/index.php\/2021\/06\/21\/musique-le-groupe-woya-revient-avec-kacou-ananze-le-best-of\/#breadcrumb\",\"itemListElement\":[{\"@type\":\"ListItem\",\"position\":1,\"name\":\"Accueil\",\"item\":\"https:\/\/7culture.ci\/\"},{\"@type\":\"ListItem\",\"position\":2,\"name\":\"MUSIQUE : LE GROUPE WOYA REVIENT AVEC KACOU ANANZE, LE BEST OF !\"}]},{\"@type\":\"WebSite\",\"@id\":\"https:\/\/7culture.ci\/#website\",\"url\":\"https:\/\/7culture.ci\/\",\"name\":\"7culture\",\"description\":\"Tout sur l&#039;actualit\u00e9\",\"publisher\":{\"@id\":\"https:\/\/7culture.ci\/#organization\"},\"potentialAction\":[{\"@type\":\"SearchAction\",\"target\":{\"@type\":\"EntryPoint\",\"urlTemplate\":\"https:\/\/7culture.ci\/?s={search_term_string}\"},\"query-input\":\"required name=search_term_string\"}],\"inLanguage\":\"fr-FR\"},{\"@type\":\"Organization\",\"@id\":\"https:\/\/7culture.ci\/#organization\",\"name\":\"7culture\",\"url\":\"https:\/\/7culture.ci\/\",\"sameAs\":[\"https:\/\/www.facebook.com\/redchefclaude\",\"https:\/\/twitter.com\/7culturec\"],\"logo\":{\"@type\":\"ImageObject\",\"inLanguage\":\"fr-FR\",\"@id\":\"https:\/\/7culture.ci\/#\/schema\/logo\/image\/\",\"url\":\"https:\/\/7culture.ci\/wp-content\/uploads\/2021\/12\/S1a-1.png\",\"contentUrl\":\"https:\/\/7culture.ci\/wp-content\/uploads\/2021\/12\/S1a-1.png\",\"width\":588,\"height\":192,\"caption\":\"7culture\"},\"image\":{\"@id\":\"https:\/\/7culture.ci\/#\/schema\/logo\/image\/\"}},{\"@type\":\"Person\",\"@id\":\"https:\/\/7culture.ci\/#\/schema\/person\/ac6600b76b439b1d2b8a3b734da1a17b\",\"name\":\"Waly Tani\",\"image\":{\"@type\":\"ImageObject\",\"inLanguage\":\"fr-FR\",\"@id\":\"https:\/\/7culture.ci\/#\/schema\/person\/image\/\",\"url\":\"https:\/\/secure.gravatar.com\/avatar\/f4ffa85bd7cfe6e4376efc1fd606cdb7?s=96&d=mm&r=g\",\"contentUrl\":\"https:\/\/secure.gravatar.com\/avatar\/f4ffa85bd7cfe6e4376efc1fd606cdb7?s=96&d=mm&r=g\",\"caption\":\"Waly Tani\"},\"url\":\"https:\/\/7culture.ci\/index.php\/author\/waly-tani\/\"}]}<\/script>\n<!-- \/ Yoast SEO plugin. -->","yoast_head_json":{"title":"MUSIQUE : LE GROUPE WOYA REVIENT AVEC KACOU ANANZE, LE BEST OF ! - 7culture","robots":{"index":"index","follow":"follow","max-snippet":"max-snippet:-1","max-image-preview":"max-image-preview:large","max-video-preview":"max-video-preview:-1"},"canonical":"https:\/\/7culture.ci\/index.php\/2021\/06\/21\/musique-le-groupe-woya-revient-avec-kacou-ananze-le-best-of\/","og_locale":"fr_FR","og_type":"article","og_title":"MUSIQUE : LE GROUPE WOYA REVIENT AVEC KACOU ANANZE, LE BEST OF ! - 7culture","og_description":"Cr\u00e9\u00e9 en 1984 \u00e0 Divo, dans le sud-ouest de la C\u00f4te d&#8217;Ivoire, puis dissoute en 1988, le groupe Woya c\u00e9l\u00e8bre, cette ann\u00e9e, ses 35 ans d&#8217;existence. En pr\u00e9lude \u00e0 cet anniversaire, qui se d\u00e9roulera dans le dernier trimestre de l\u2019ann\u00e9e 2021, la formation musicale a pr\u00e9sent\u00e9 le samedi 19 juin 2021 \u00e0 la Fnac Cap &hellip; MUSIQUE : LE GROUPE WOYA REVIENT AVEC KACOU ANANZE, LE BEST OF ! Lire la suite\u00a0\u00bb","og_url":"https:\/\/7culture.ci\/index.php\/2021\/06\/21\/musique-le-groupe-woya-revient-avec-kacou-ananze-le-best-of\/","og_site_name":"7culture","article_publisher":"https:\/\/www.facebook.com\/redchefclaude","article_published_time":"2021-06-21T17:49:37+00:00","article_modified_time":"2022-01-12T22:45:20+00:00","og_image":[{"width":800,"height":533,"url":"https:\/\/7culture.ci\/wp-content\/uploads\/2021\/01\/childcare-template-blog-img-5.jpg","type":"image\/jpeg"}],"author":"Waly Tani","twitter_card":"summary_large_image","twitter_creator":"@7culturec","twitter_site":"@7culturec","twitter_misc":{"\u00c9crit par":"Waly Tani","Dur\u00e9e de lecture estim\u00e9e":"1 minute"},"schema":{"@context":"https:\/\/schema.org","@graph":[{"@type":"Article","@id":"https:\/\/7culture.ci\/index.php\/2021\/06\/21\/musique-le-groupe-woya-revient-avec-kacou-ananze-le-best-of\/#article","isPartOf":{"@id":"https:\/\/7culture.ci\/index.php\/2021\/06\/21\/musique-le-groupe-woya-revient-avec-kacou-ananze-le-best-of\/"},"author":{"name":"Waly Tani","@id":"https:\/\/7culture.ci\/#\/schema\/person\/ac6600b76b439b1d2b8a3b734da1a17b"},"headline":"MUSIQUE : LE GROUPE WOYA REVIENT AVEC KACOU ANANZE, LE BEST OF !","datePublished":"2021-06-21T17:49:37+00:00","dateModified":"2022-01-12T22:45:20+00:00","mainEntityOfPage":{"@id":"https:\/\/7culture.ci\/index.php\/2021\/06\/21\/musique-le-groupe-woya-revient-avec-kacou-ananze-le-best-of\/"},"wordCount":217,"commentCount":0,"publisher":{"@id":"https:\/\/7culture.ci\/#organization"},"articleSection":["Musique"],"inLanguage":"fr-FR","potentialAction":[{"@type":"CommentAction","name":"Comment","target":["https:\/\/7culture.ci\/index.php\/2021\/06\/21\/musique-le-groupe-woya-revient-avec-kacou-ananze-le-best-of\/#respond"]}]},{"@type":"WebPage","@id":"https:\/\/7culture.ci\/index.php\/2021\/06\/21\/musique-le-groupe-woya-revient-avec-kacou-ananze-le-best-of\/","url":"https:\/\/7culture.ci\/index.php\/2021\/06\/21\/musique-le-groupe-woya-revient-avec-kacou-ananze-le-best-of\/","name":"MUSIQUE : LE GROUPE WOYA REVIENT AVEC KACOU ANANZE, LE BEST OF ! - 7culture","isPartOf":{"@id":"https:\/\/7culture.ci\/#website"},"datePublished":"2021-06-21T17:49:37+00:00","dateModified":"2022-01-12T22:45:20+00:00","breadcrumb":{"@id":"https:\/\/7culture.ci\/index.php\/2021\/06\/21\/musique-le-groupe-woya-revient-avec-kacou-ananze-le-best-of\/#breadcrumb"},"inLanguage":"fr-FR","potentialAction":[{"@type":"ReadAction","target":["https:\/\/7culture.ci\/index.php\/2021\/06\/21\/musique-le-groupe-woya-revient-avec-kacou-ananze-le-best-of\/"]}]},{"@type":"BreadcrumbList","@id":"https:\/\/7culture.ci\/index.php\/2021\/06\/21\/musique-le-groupe-woya-revient-avec-kacou-ananze-le-best-of\/#breadcrumb","itemListElement":[{"@type":"ListItem","position":1,"name":"Accueil","item":"https:\/\/7culture.ci\/"},{"@type":"ListItem","position":2,"name":"MUSIQUE : LE GROUPE WOYA REVIENT AVEC KACOU ANANZE, LE BEST OF !"}]},{"@type":"WebSite","@id":"https:\/\/7culture.ci\/#website","url":"https:\/\/7culture.ci\/","name":"7culture","description":"Tout sur l&#039;actualit\u00e9","publisher":{"@id":"https:\/\/7culture.ci\/#organization"},"potentialAction":[{"@type":"SearchAction","target":{"@type":"EntryPoint","urlTemplate":"https:\/\/7culture.ci\/?s={search_term_string}"},"query-input":"required name=search_term_string"}],"inLanguage":"fr-FR"},{"@type":"Organization","@id":"https:\/\/7culture.ci\/#organization","name":"7culture","url":"https:\/\/7culture.ci\/","sameAs":["https:\/\/www.facebook.com\/redchefclaude","https:\/\/twitter.com\/7culturec"],"logo":{"@type":"ImageObject","inLanguage":"fr-FR","@id":"https:\/\/7culture.ci\/#\/schema\/logo\/image\/","url":"https:\/\/7culture.ci\/wp-content\/uploads\/2021\/12\/S1a-1.png","contentUrl":"https:\/\/7culture.ci\/wp-content\/uploads\/2021\/12\/S1a-1.png","width":588,"height":192,"caption":"7culture"},"image":{"@id":"https:\/\/7culture.ci\/#\/schema\/logo\/image\/"}},{"@type":"Person","@id":"https:\/\/7culture.ci\/#\/schema\/person\/ac6600b76b439b1d2b8a3b734da1a17b","name":"Waly Tani","image":{"@type":"ImageObject","inLanguage":"fr-FR","@id":"https:\/\/7culture.ci\/#\/schema\/person\/image\/","url":"https:\/\/secure.gravatar.com\/avatar\/f4ffa85bd7cfe6e4376efc1fd606cdb7?s=96&d=mm&r=g","contentUrl":"https:\/\/secure.gravatar.com\/avatar\/f4ffa85bd7cfe6e4376efc1fd606cdb7?s=96&d=mm&r=g","caption":"Waly Tani"},"url":"https:\/\/7culture.ci\/index.php\/author\/waly-tani\/"}]}},"jetpack_featured_media_url":"https:\/\/7culture.ci\/wp-content\/uploads\/2021\/01\/childcare-template-blog-img-5.jpg","jetpack_likes_enabled":true,"jetpack_sharing_enabled":true,"_links":{"self":[{"href":"https:\/\/7culture.ci\/index.php\/wp-json\/wp\/v2\/posts\/12226"}],"collection":[{"href":"https:\/\/7culture.ci\/index.php\/wp-json\/wp\/v2\/posts"}],"about":[{"href":"https:\/\/7culture.ci\/index.php\/wp-json\/wp\/v2\/types\/post"}],"author":[{"embeddable":true,"href":"https:\/\/7culture.ci\/index.php\/wp-json\/wp\/v2\/users\/4"}],"replies":[{"embeddable":true,"href":"https:\/\/7culture.ci\/index.php\/wp-json\/wp\/v2\/comments?post=12226"}],"version-history":[{"count":0,"href":"https:\/\/7culture.ci\/index.php\/wp-json\/wp\/v2\/posts\/12226\/revisions"}],"wp:featuredmedia":[{"embeddable":true,"href":"https:\/\/7culture.ci\/index.php\/wp-json\/wp\/v2\/media\/550"}],"wp:attachment":[{"href":"https:\/\/7culture.ci\/index.php\/wp-json\/wp\/v2\/media?parent=12226"}],"wp:term":[{"taxonomy":"category","embeddable":true,"href":"https:\/\/7culture.ci\/index.php\/wp-json\/wp\/v2\/categories?post=12226"},{"taxonomy":"post_tag","embeddable":true,"href":"https:\/\/7culture.ci\/index.php\/wp-json\/wp\/v2\/tags?post=12226"}],"curies":[{"name":"wp","href":"https:\/\/api.w.org\/{rel}","templated":true}]}}