{"id":12073,"date":"2021-06-18T18:04:10","date_gmt":"2021-06-18T18:04:10","guid":{"rendered":"https:\/\/7culture.ci\/index.php\/2021\/06\/18\/ecureuils-du-benin-un-joueur-accuse-de-sequestration-et-de-menaces-de-mort-par-son-ex\/"},"modified":"2021-06-18T18:04:10","modified_gmt":"2021-06-18T18:04:10","slug":"ecureuils-du-benin-un-joueur-accuse-de-sequestration-et-de-menaces-de-mort-par-son-ex","status":"publish","type":"post","link":"https:\/\/7culture.ci\/index.php\/2021\/06\/18\/ecureuils-du-benin-un-joueur-accuse-de-sequestration-et-de-menaces-de-mort-par-son-ex\/","title":{"rendered":"\u00c9CUREUILS DU BENIN : UN JOUEUR ACCUS\u00c9 DE S\u00c9QUESTRATION ET DE MENACES DE MORT PAR SON EX"},"content":{"rendered":"\n<p>Sale temps pour Olivier Verdon, le d\u00e9fenseur central de 25 ans des \u00c9cureuils du B\u00e9nin. Il a des d\u00e9m\u00eal\u00e9s avec la justice. \u00c0 en croire le journal fran\u00e7ais, <em>Le R\u00e9publicain Lorrain<\/em>, dans sa parution du jeudi 17 juin 2021, l\u2019ex-compagne du footballeur, Emma Zouggari, a port\u00e9 plainte contre lui pour violences, s\u00e9questration et menaces de mort.<\/p>\n\n\n\n<p>Les faits auraient \u00e9t\u00e9 commis en Bulgarie dans la nuit du 14 au 15 novembre 2020. \u00ab<strong><em>J\u2019ai saut\u00e9 par la fen\u00eatre pour lui \u00e9chapper<\/em><\/strong>\u00bb, a notamment confi\u00e9 l\u2019\u00e9tudiante qui aurait \u00e9t\u00e9 pass\u00e9e \u00e0 tabac par le natif de Clamart pour une affaire de jalousie.<\/p>\n\n\n\n<div class=\\\"wp-block-image\\\"><figure class=\\\"aligncenter size-large is-resized\\\"><img src=\\\"http:\/\/7culture.ci\/fbf\/uploads\/2021\/06\/photo-1623920873-1024x538.jpg\\\" alt=\\\"\\\" class=\\\"wp-image-12077\\\" width=\\\"862\\\" height=\\\"452\\\"\/><figcaption>Emma Zouggari<\/figcaption><\/figure><\/div>\n\n\n\n<p>Par le pass\u00e9, le B\u00e9ninois avait d\u00e9j\u00e0 \u00e9t\u00e9 interpel\u00e9 pour violences conjugales pr\u00e9sum\u00e9es sur sa compagne de l\u2019\u00e9poque \u00e0 l\u2019\u00e9t\u00e9 2019 suite \u00e0 des faits pr\u00e9sum\u00e9s survenus dans un h\u00f4tel en Espagne. Des t\u00e9moins l\u2019accusaient d\u2019avoir tra\u00een\u00e9 son ex-petite-amie par les cheveux sur plusieurs m\u00e8tres dans les couloirs de l\u2019\u00e9tablissement. Mais par la suite, la jeune femme avait &nbsp;d\u00e9fendu le joueur, en \u00e9voquant une simple dispute de couple, sans violence.<\/p>\n\n\n\n<p><strong>Adams T<\/strong><\/p>\n\n\n\n<p><\/p>\n","protected":false},"excerpt":{"rendered":"<p>Sale temps pour Olivier Verdon, le d\u00e9fenseur central de 25 ans des \u00c9cureuils du B\u00e9nin. Il a des d\u00e9m\u00eal\u00e9s avec la justice. \u00c0 en croire le journal fran\u00e7ais, Le R\u00e9publicain Lorrain, dans sa parution du jeudi 17 juin 2021, l\u2019ex-compagne du footballeur, Emma Zouggari, a port\u00e9 plainte contre lui pour violences, s\u00e9questration et menaces de &hellip;<\/p>\n<p class=\"read-more\"> <a class=\"\" href=\"https:\/\/7culture.ci\/index.php\/2021\/06\/18\/ecureuils-du-benin-un-joueur-accuse-de-sequestration-et-de-menaces-de-mort-par-son-ex\/\"> <span class=\"screen-reader-text\">\u00c9CUREUILS DU BENIN : UN JOUEUR ACCUS\u00c9 DE S\u00c9QUESTRATION ET DE MENACES DE MORT PAR SON EX<\/span> Lire la suite\u00a0\u00bb<\/a><\/p>\n","protected":false},"author":4,"featured_media":12075,"comment_status":"open","ping_status":"closed","sticky":false,"template":"","format":"standard","meta":{"_mi_skip_tracking":false,"_monsterinsights_sitenote_active":false,"_monsterinsights_sitenote_note":"","_monsterinsights_sitenote_category":0,"site-sidebar-layout":"default","site-content-layout":"default","ast-global-header-display":"","ast-main-header-display":"","ast-hfb-above-header-display":"","ast-hfb-below-header-display":"","ast-hfb-mobile-header-display":"","site-post-title":"","ast-breadcrumbs-content":"","ast-featured-img":"","footer-sml-layout":"","theme-transparent-header-meta":"","adv-header-id-meta":"","stick-header-meta":"","header-above-stick-meta":"","header-main-stick-meta":"","header-below-stick-meta":"","footnotes":"","jetpack_publicize_message":"","jetpack_is_tweetstorm":false,"jetpack_publicize_feature_enabled":true},"categories":[22],"tags":[],"jetpack_publicize_connections":[],"acf":[],"aioseo_notices":[],"yoast_head":"<!-- This site is optimized with the Yoast SEO plugin v19.6.1 - https:\/\/yoast.com\/wordpress\/plugins\/seo\/ -->\n<title>\u00c9CUREUILS DU BENIN : UN JOUEUR ACCUS\u00c9 DE S\u00c9QUESTRATION ET DE MENACES DE MORT PAR SON EX - 7culture<\/title>\n<meta name=\"robots\" content=\"index, follow, max-snippet:-1, max-image-preview:large, max-video-preview:-1\" \/>\n<link rel=\"canonical\" href=\"https:\/\/7culture.ci\/index.php\/2021\/06\/18\/ecureuils-du-benin-un-joueur-accuse-de-sequestration-et-de-menaces-de-mort-par-son-ex\/\" \/>\n<meta property=\"og:locale\" content=\"fr_FR\" \/>\n<meta property=\"og:type\" content=\"article\" \/>\n<meta property=\"og:title\" content=\"\u00c9CUREUILS DU BENIN : UN JOUEUR ACCUS\u00c9 DE S\u00c9QUESTRATION ET DE MENACES DE MORT PAR SON EX - 7culture\" \/>\n<meta property=\"og:description\" content=\"Sale temps pour Olivier Verdon, le d\u00e9fenseur central de 25 ans des \u00c9cureuils du B\u00e9nin. Il a des d\u00e9m\u00eal\u00e9s avec la justice. \u00c0 en croire le journal fran\u00e7ais, Le R\u00e9publicain Lorrain, dans sa parution du jeudi 17 juin 2021, l\u2019ex-compagne du footballeur, Emma Zouggari, a port\u00e9 plainte contre lui pour violences, s\u00e9questration et menaces de &hellip; \u00c9CUREUILS DU BENIN : UN JOUEUR ACCUS\u00c9 DE S\u00c9QUESTRATION ET DE MENACES DE MORT PAR SON EX Lire la suite\u00a0\u00bb\" \/>\n<meta property=\"og:url\" content=\"https:\/\/7culture.ci\/index.php\/2021\/06\/18\/ecureuils-du-benin-un-joueur-accuse-de-sequestration-et-de-menaces-de-mort-par-son-ex\/\" \/>\n<meta property=\"og:site_name\" content=\"7culture\" \/>\n<meta property=\"article:publisher\" content=\"https:\/\/www.facebook.com\/redchefclaude\" \/>\n<meta property=\"article:published_time\" content=\"2021-06-18T18:04:10+00:00\" \/>\n<meta name=\"author\" content=\"Waly Tani\" \/>\n<meta name=\"twitter:card\" content=\"summary_large_image\" \/>\n<meta name=\"twitter:creator\" content=\"@7culturec\" \/>\n<meta name=\"twitter:site\" content=\"@7culturec\" \/>\n<meta name=\"twitter:label1\" content=\"\u00c9crit par\" \/>\n\t<meta name=\"twitter:data1\" content=\"Waly Tani\" \/>\n\t<meta name=\"twitter:label2\" content=\"Dur\u00e9e de lecture estim\u00e9e\" \/>\n\t<meta name=\"twitter:data2\" content=\"1 minute\" \/>\n<script type=\"application\/ld+json\" class=\"yoast-schema-graph\">{\"@context\":\"https:\/\/schema.org\",\"@graph\":[{\"@type\":\"Article\",\"@id\":\"https:\/\/7culture.ci\/index.php\/2021\/06\/18\/ecureuils-du-benin-un-joueur-accuse-de-sequestration-et-de-menaces-de-mort-par-son-ex\/#article\",\"isPartOf\":{\"@id\":\"https:\/\/7culture.ci\/index.php\/2021\/06\/18\/ecureuils-du-benin-un-joueur-accuse-de-sequestration-et-de-menaces-de-mort-par-son-ex\/\"},\"author\":{\"name\":\"Waly Tani\",\"@id\":\"https:\/\/7culture.ci\/#\/schema\/person\/ac6600b76b439b1d2b8a3b734da1a17b\"},\"headline\":\"\u00c9CUREUILS DU BENIN : UN JOUEUR ACCUS\u00c9 DE S\u00c9QUESTRATION ET DE MENACES DE MORT PAR SON EX\",\"datePublished\":\"2021-06-18T18:04:10+00:00\",\"dateModified\":\"2021-06-18T18:04:10+00:00\",\"mainEntityOfPage\":{\"@id\":\"https:\/\/7culture.ci\/index.php\/2021\/06\/18\/ecureuils-du-benin-un-joueur-accuse-de-sequestration-et-de-menaces-de-mort-par-son-ex\/\"},\"wordCount\":210,\"commentCount\":0,\"publisher\":{\"@id\":\"https:\/\/7culture.ci\/#organization\"},\"articleSection\":[\"Actualit\u00e9\"],\"inLanguage\":\"fr-FR\",\"potentialAction\":[{\"@type\":\"CommentAction\",\"name\":\"Comment\",\"target\":[\"https:\/\/7culture.ci\/index.php\/2021\/06\/18\/ecureuils-du-benin-un-joueur-accuse-de-sequestration-et-de-menaces-de-mort-par-son-ex\/#respond\"]}]},{\"@type\":\"WebPage\",\"@id\":\"https:\/\/7culture.ci\/index.php\/2021\/06\/18\/ecureuils-du-benin-un-joueur-accuse-de-sequestration-et-de-menaces-de-mort-par-son-ex\/\",\"url\":\"https:\/\/7culture.ci\/index.php\/2021\/06\/18\/ecureuils-du-benin-un-joueur-accuse-de-sequestration-et-de-menaces-de-mort-par-son-ex\/\",\"name\":\"\u00c9CUREUILS DU BENIN : UN JOUEUR ACCUS\u00c9 DE S\u00c9QUESTRATION ET DE MENACES DE MORT PAR SON EX - 7culture\",\"isPartOf\":{\"@id\":\"https:\/\/7culture.ci\/#website\"},\"datePublished\":\"2021-06-18T18:04:10+00:00\",\"dateModified\":\"2021-06-18T18:04:10+00:00\",\"breadcrumb\":{\"@id\":\"https:\/\/7culture.ci\/index.php\/2021\/06\/18\/ecureuils-du-benin-un-joueur-accuse-de-sequestration-et-de-menaces-de-mort-par-son-ex\/#breadcrumb\"},\"inLanguage\":\"fr-FR\",\"potentialAction\":[{\"@type\":\"ReadAction\",\"target\":[\"https:\/\/7culture.ci\/index.php\/2021\/06\/18\/ecureuils-du-benin-un-joueur-accuse-de-sequestration-et-de-menaces-de-mort-par-son-ex\/\"]}]},{\"@type\":\"BreadcrumbList\",\"@id\":\"https:\/\/7culture.ci\/index.php\/2021\/06\/18\/ecureuils-du-benin-un-joueur-accuse-de-sequestration-et-de-menaces-de-mort-par-son-ex\/#breadcrumb\",\"itemListElement\":[{\"@type\":\"ListItem\",\"position\":1,\"name\":\"Accueil\",\"item\":\"https:\/\/7culture.ci\/\"},{\"@type\":\"ListItem\",\"position\":2,\"name\":\"\u00c9CUREUILS DU BENIN : UN JOUEUR ACCUS\u00c9 DE S\u00c9QUESTRATION ET DE MENACES DE MORT PAR SON EX\"}]},{\"@type\":\"WebSite\",\"@id\":\"https:\/\/7culture.ci\/#website\",\"url\":\"https:\/\/7culture.ci\/\",\"name\":\"7culture\",\"description\":\"Tout sur l&#039;actualit\u00e9\",\"publisher\":{\"@id\":\"https:\/\/7culture.ci\/#organization\"},\"potentialAction\":[{\"@type\":\"SearchAction\",\"target\":{\"@type\":\"EntryPoint\",\"urlTemplate\":\"https:\/\/7culture.ci\/?s={search_term_string}\"},\"query-input\":\"required name=search_term_string\"}],\"inLanguage\":\"fr-FR\"},{\"@type\":\"Organization\",\"@id\":\"https:\/\/7culture.ci\/#organization\",\"name\":\"7culture\",\"url\":\"https:\/\/7culture.ci\/\",\"sameAs\":[\"https:\/\/www.facebook.com\/redchefclaude\",\"https:\/\/twitter.com\/7culturec\"],\"logo\":{\"@type\":\"ImageObject\",\"inLanguage\":\"fr-FR\",\"@id\":\"https:\/\/7culture.ci\/#\/schema\/logo\/image\/\",\"url\":\"https:\/\/7culture.ci\/wp-content\/uploads\/2021\/12\/S1a-1.png\",\"contentUrl\":\"https:\/\/7culture.ci\/wp-content\/uploads\/2021\/12\/S1a-1.png\",\"width\":588,\"height\":192,\"caption\":\"7culture\"},\"image\":{\"@id\":\"https:\/\/7culture.ci\/#\/schema\/logo\/image\/\"}},{\"@type\":\"Person\",\"@id\":\"https:\/\/7culture.ci\/#\/schema\/person\/ac6600b76b439b1d2b8a3b734da1a17b\",\"name\":\"Waly Tani\",\"image\":{\"@type\":\"ImageObject\",\"inLanguage\":\"fr-FR\",\"@id\":\"https:\/\/7culture.ci\/#\/schema\/person\/image\/\",\"url\":\"https:\/\/secure.gravatar.com\/avatar\/f4ffa85bd7cfe6e4376efc1fd606cdb7?s=96&d=mm&r=g\",\"contentUrl\":\"https:\/\/secure.gravatar.com\/avatar\/f4ffa85bd7cfe6e4376efc1fd606cdb7?s=96&d=mm&r=g\",\"caption\":\"Waly Tani\"},\"url\":\"https:\/\/7culture.ci\/index.php\/author\/waly-tani\/\"}]}<\/script>\n<!-- \/ Yoast SEO plugin. -->","yoast_head_json":{"title":"\u00c9CUREUILS DU BENIN : UN JOUEUR ACCUS\u00c9 DE S\u00c9QUESTRATION ET DE MENACES DE MORT PAR SON EX - 7culture","robots":{"index":"index","follow":"follow","max-snippet":"max-snippet:-1","max-image-preview":"max-image-preview:large","max-video-preview":"max-video-preview:-1"},"canonical":"https:\/\/7culture.ci\/index.php\/2021\/06\/18\/ecureuils-du-benin-un-joueur-accuse-de-sequestration-et-de-menaces-de-mort-par-son-ex\/","og_locale":"fr_FR","og_type":"article","og_title":"\u00c9CUREUILS DU BENIN : UN JOUEUR ACCUS\u00c9 DE S\u00c9QUESTRATION ET DE MENACES DE MORT PAR SON EX - 7culture","og_description":"Sale temps pour Olivier Verdon, le d\u00e9fenseur central de 25 ans des \u00c9cureuils du B\u00e9nin. Il a des d\u00e9m\u00eal\u00e9s avec la justice. \u00c0 en croire le journal fran\u00e7ais, Le R\u00e9publicain Lorrain, dans sa parution du jeudi 17 juin 2021, l\u2019ex-compagne du footballeur, Emma Zouggari, a port\u00e9 plainte contre lui pour violences, s\u00e9questration et menaces de &hellip; \u00c9CUREUILS DU BENIN : UN JOUEUR ACCUS\u00c9 DE S\u00c9QUESTRATION ET DE MENACES DE MORT PAR SON EX Lire la suite\u00a0\u00bb","og_url":"https:\/\/7culture.ci\/index.php\/2021\/06\/18\/ecureuils-du-benin-un-joueur-accuse-de-sequestration-et-de-menaces-de-mort-par-son-ex\/","og_site_name":"7culture","article_publisher":"https:\/\/www.facebook.com\/redchefclaude","article_published_time":"2021-06-18T18:04:10+00:00","author":"Waly Tani","twitter_card":"summary_large_image","twitter_creator":"@7culturec","twitter_site":"@7culturec","twitter_misc":{"\u00c9crit par":"Waly Tani","Dur\u00e9e de lecture estim\u00e9e":"1 minute"},"schema":{"@context":"https:\/\/schema.org","@graph":[{"@type":"Article","@id":"https:\/\/7culture.ci\/index.php\/2021\/06\/18\/ecureuils-du-benin-un-joueur-accuse-de-sequestration-et-de-menaces-de-mort-par-son-ex\/#article","isPartOf":{"@id":"https:\/\/7culture.ci\/index.php\/2021\/06\/18\/ecureuils-du-benin-un-joueur-accuse-de-sequestration-et-de-menaces-de-mort-par-son-ex\/"},"author":{"name":"Waly Tani","@id":"https:\/\/7culture.ci\/#\/schema\/person\/ac6600b76b439b1d2b8a3b734da1a17b"},"headline":"\u00c9CUREUILS DU BENIN : UN JOUEUR ACCUS\u00c9 DE S\u00c9QUESTRATION ET DE MENACES DE MORT PAR SON EX","datePublished":"2021-06-18T18:04:10+00:00","dateModified":"2021-06-18T18:04:10+00:00","mainEntityOfPage":{"@id":"https:\/\/7culture.ci\/index.php\/2021\/06\/18\/ecureuils-du-benin-un-joueur-accuse-de-sequestration-et-de-menaces-de-mort-par-son-ex\/"},"wordCount":210,"commentCount":0,"publisher":{"@id":"https:\/\/7culture.ci\/#organization"},"articleSection":["Actualit\u00e9"],"inLanguage":"fr-FR","potentialAction":[{"@type":"CommentAction","name":"Comment","target":["https:\/\/7culture.ci\/index.php\/2021\/06\/18\/ecureuils-du-benin-un-joueur-accuse-de-sequestration-et-de-menaces-de-mort-par-son-ex\/#respond"]}]},{"@type":"WebPage","@id":"https:\/\/7culture.ci\/index.php\/2021\/06\/18\/ecureuils-du-benin-un-joueur-accuse-de-sequestration-et-de-menaces-de-mort-par-son-ex\/","url":"https:\/\/7culture.ci\/index.php\/2021\/06\/18\/ecureuils-du-benin-un-joueur-accuse-de-sequestration-et-de-menaces-de-mort-par-son-ex\/","name":"\u00c9CUREUILS DU BENIN : UN JOUEUR ACCUS\u00c9 DE S\u00c9QUESTRATION ET DE MENACES DE MORT PAR SON EX - 7culture","isPartOf":{"@id":"https:\/\/7culture.ci\/#website"},"datePublished":"2021-06-18T18:04:10+00:00","dateModified":"2021-06-18T18:04:10+00:00","breadcrumb":{"@id":"https:\/\/7culture.ci\/index.php\/2021\/06\/18\/ecureuils-du-benin-un-joueur-accuse-de-sequestration-et-de-menaces-de-mort-par-son-ex\/#breadcrumb"},"inLanguage":"fr-FR","potentialAction":[{"@type":"ReadAction","target":["https:\/\/7culture.ci\/index.php\/2021\/06\/18\/ecureuils-du-benin-un-joueur-accuse-de-sequestration-et-de-menaces-de-mort-par-son-ex\/"]}]},{"@type":"BreadcrumbList","@id":"https:\/\/7culture.ci\/index.php\/2021\/06\/18\/ecureuils-du-benin-un-joueur-accuse-de-sequestration-et-de-menaces-de-mort-par-son-ex\/#breadcrumb","itemListElement":[{"@type":"ListItem","position":1,"name":"Accueil","item":"https:\/\/7culture.ci\/"},{"@type":"ListItem","position":2,"name":"\u00c9CUREUILS DU BENIN : UN JOUEUR ACCUS\u00c9 DE S\u00c9QUESTRATION ET DE MENACES DE MORT PAR SON EX"}]},{"@type":"WebSite","@id":"https:\/\/7culture.ci\/#website","url":"https:\/\/7culture.ci\/","name":"7culture","description":"Tout sur l&#039;actualit\u00e9","publisher":{"@id":"https:\/\/7culture.ci\/#organization"},"potentialAction":[{"@type":"SearchAction","target":{"@type":"EntryPoint","urlTemplate":"https:\/\/7culture.ci\/?s={search_term_string}"},"query-input":"required name=search_term_string"}],"inLanguage":"fr-FR"},{"@type":"Organization","@id":"https:\/\/7culture.ci\/#organization","name":"7culture","url":"https:\/\/7culture.ci\/","sameAs":["https:\/\/www.facebook.com\/redchefclaude","https:\/\/twitter.com\/7culturec"],"logo":{"@type":"ImageObject","inLanguage":"fr-FR","@id":"https:\/\/7culture.ci\/#\/schema\/logo\/image\/","url":"https:\/\/7culture.ci\/wp-content\/uploads\/2021\/12\/S1a-1.png","contentUrl":"https:\/\/7culture.ci\/wp-content\/uploads\/2021\/12\/S1a-1.png","width":588,"height":192,"caption":"7culture"},"image":{"@id":"https:\/\/7culture.ci\/#\/schema\/logo\/image\/"}},{"@type":"Person","@id":"https:\/\/7culture.ci\/#\/schema\/person\/ac6600b76b439b1d2b8a3b734da1a17b","name":"Waly Tani","image":{"@type":"ImageObject","inLanguage":"fr-FR","@id":"https:\/\/7culture.ci\/#\/schema\/person\/image\/","url":"https:\/\/secure.gravatar.com\/avatar\/f4ffa85bd7cfe6e4376efc1fd606cdb7?s=96&d=mm&r=g","contentUrl":"https:\/\/secure.gravatar.com\/avatar\/f4ffa85bd7cfe6e4376efc1fd606cdb7?s=96&d=mm&r=g","caption":"Waly Tani"},"url":"https:\/\/7culture.ci\/index.php\/author\/waly-tani\/"}]}},"jetpack_featured_media_url":"","jetpack_likes_enabled":true,"jetpack_sharing_enabled":true,"_links":{"self":[{"href":"https:\/\/7culture.ci\/index.php\/wp-json\/wp\/v2\/posts\/12073"}],"collection":[{"href":"https:\/\/7culture.ci\/index.php\/wp-json\/wp\/v2\/posts"}],"about":[{"href":"https:\/\/7culture.ci\/index.php\/wp-json\/wp\/v2\/types\/post"}],"author":[{"embeddable":true,"href":"https:\/\/7culture.ci\/index.php\/wp-json\/wp\/v2\/users\/4"}],"replies":[{"embeddable":true,"href":"https:\/\/7culture.ci\/index.php\/wp-json\/wp\/v2\/comments?post=12073"}],"version-history":[{"count":0,"href":"https:\/\/7culture.ci\/index.php\/wp-json\/wp\/v2\/posts\/12073\/revisions"}],"wp:featuredmedia":[{"embeddable":true,"href":"https:\/\/7culture.ci\/index.php\/wp-json\/"}],"wp:attachment":[{"href":"https:\/\/7culture.ci\/index.php\/wp-json\/wp\/v2\/media?parent=12073"}],"wp:term":[{"taxonomy":"category","embeddable":true,"href":"https:\/\/7culture.ci\/index.php\/wp-json\/wp\/v2\/categories?post=12073"},{"taxonomy":"post_tag","embeddable":true,"href":"https:\/\/7culture.ci\/index.php\/wp-json\/wp\/v2\/tags?post=12073"}],"curies":[{"name":"wp","href":"https:\/\/api.w.org\/{rel}","templated":true}]}}