{"id":11781,"date":"2021-06-14T13:24:55","date_gmt":"2021-06-14T13:24:55","guid":{"rendered":"https:\/\/7culture.ci\/index.php\/2021\/06\/14\/pourquoi-lalgerie-a-retire-laccreditation-a-france-24\/"},"modified":"2022-01-12T23:41:47","modified_gmt":"2022-01-12T22:41:47","slug":"pourquoi-lalgerie-a-retire-laccreditation-a-france-24","status":"publish","type":"post","link":"https:\/\/7culture.ci\/index.php\/2021\/06\/14\/pourquoi-lalgerie-a-retire-laccreditation-a-france-24\/","title":{"rendered":"POURQUOI L\u2019ALG\u00c9RIE A RETIR\u00c9 L\u2019ACCR\u00c9DITATION \u00c0 FRANCE 24 ?"},"content":{"rendered":"\n<p>Les autorit\u00e9s alg\u00e9riennes ont annonc\u00e9 ce week-end, le retrait de leur accr\u00e9ditation \u00e0 la chaine de t\u00e9l\u00e9vision fran\u00e7aise France 24. La raison de cette d\u00e9cision, c\u2019est \u00ab <strong><em>l\u2019hostilit\u00e9 manifeste et r\u00e9p\u00e9t\u00e9e de la cha\u00eene d\\&#8217;informations contre le pays et ses institutions<\/em><\/strong> \u00bb, a expliqu\u00e9 Ammar Belhimer, le ministre de la Communication de l\u2019Alg\u00e9rie. Il insiste que le retrait de l\u2019accr\u00e9ditation est aussi motiv\u00e9 par \u00ab <strong><em>le non-respect des r\u00e8gles de la d\u00e9ontologie professionnelle, la d\u00e9sinformation et la manipulation ainsi qu\\&#8217;une agressivit\u00e9 av\u00e9r\u00e9e \u00e0 l\\&#8217;\u00e9gard de l\u2019Alg\u00e9rie<\/em><\/strong> \u00bb. En mars dernier, le minist\u00e8re alg\u00e9rien de la communication avait menac\u00e9 France 24 de lui retirer d\u00e9finitivement son autorisation d\u2019exercer dans le pays. Selon des observateurs, la couverture des \u00e9lections l\u00e9gislatives du 12 juin par France 24, n\u2019a pas \u00e9t\u00e9 du go\u00fbt du gouvernement. Ce qui a fait d\u00e9border le vase du c\u00f4t\u00e9 des autorit\u00e9s du pays. \u00ab <strong><em>Notre couverture de l\\&#8217;actualit\u00e9 alg\u00e9rienne se fait dans la transparence<\/em><\/strong>, <strong><em>l\\&#8217;ind\u00e9pendance et l\u2019honn\u00eatet\u00e9<\/em><\/strong> \u00bb, a d\u00e9clar\u00e9 France 24 qui explique avoir \u00e9t\u00e9 surprise \u00ab <strong><em>de ne pas avoir re\u00e7u d\\&#8217;explication<\/em><\/strong> \u00bb sur la d\u00e9cision alg\u00e9rienne.<\/p>\n\n\n\n<div class=\\\"wp-block-image\\\"><figure class=\\\"aligncenter size-large\\\"><img src=\\\"http:\/\/7culture.ci\/fbf\/uploads\/2020\/07\/play_direct_f24-v2-fr_0.png\\\" alt=\\\"\\\" class=\\\"wp-image-11773\\\"\/><\/figure><\/div>\n\n\n\n<p><strong>Adams T<\/strong><\/p>\n","protected":false},"excerpt":{"rendered":"<p>Les autorit\u00e9s alg\u00e9riennes ont annonc\u00e9 ce week-end, le retrait de leur accr\u00e9ditation \u00e0 la chaine de t\u00e9l\u00e9vision fran\u00e7aise France 24. La raison de cette d\u00e9cision, c\u2019est \u00ab l\u2019hostilit\u00e9 manifeste et r\u00e9p\u00e9t\u00e9e de la cha\u00eene d\\&#8217;informations contre le pays et ses institutions \u00bb, a expliqu\u00e9 Ammar Belhimer, le ministre de la Communication de l\u2019Alg\u00e9rie. Il insiste &hellip;<\/p>\n<p class=\"read-more\"> <a class=\"\" href=\"https:\/\/7culture.ci\/index.php\/2021\/06\/14\/pourquoi-lalgerie-a-retire-laccreditation-a-france-24\/\"> <span class=\"screen-reader-text\">POURQUOI L\u2019ALG\u00c9RIE A RETIR\u00c9 L\u2019ACCR\u00c9DITATION \u00c0 FRANCE 24 ?<\/span> Lire la suite\u00a0\u00bb<\/a><\/p>\n","protected":false},"author":4,"featured_media":275,"comment_status":"open","ping_status":"closed","sticky":false,"template":"","format":"standard","meta":{"_mi_skip_tracking":false,"_monsterinsights_sitenote_active":false,"_monsterinsights_sitenote_note":"","_monsterinsights_sitenote_category":0,"site-sidebar-layout":"default","site-content-layout":"default","ast-global-header-display":"","ast-main-header-display":"","ast-hfb-above-header-display":"","ast-hfb-below-header-display":"","ast-hfb-mobile-header-display":"","site-post-title":"","ast-breadcrumbs-content":"","ast-featured-img":"","footer-sml-layout":"","theme-transparent-header-meta":"","adv-header-id-meta":"","stick-header-meta":"","header-above-stick-meta":"","header-main-stick-meta":"","header-below-stick-meta":"","footnotes":"","jetpack_publicize_message":"","jetpack_is_tweetstorm":false,"jetpack_publicize_feature_enabled":true},"categories":[33],"tags":[],"jetpack_publicize_connections":[],"acf":[],"aioseo_notices":[],"yoast_head":"<!-- This site is optimized with the Yoast SEO plugin v19.6.1 - https:\/\/yoast.com\/wordpress\/plugins\/seo\/ -->\n<title>POURQUOI L\u2019ALG\u00c9RIE A RETIR\u00c9 L\u2019ACCR\u00c9DITATION \u00c0 FRANCE 24 ? - 7culture<\/title>\n<meta name=\"robots\" content=\"index, follow, max-snippet:-1, max-image-preview:large, max-video-preview:-1\" \/>\n<link rel=\"canonical\" href=\"https:\/\/7culture.ci\/index.php\/2021\/06\/14\/pourquoi-lalgerie-a-retire-laccreditation-a-france-24\/\" \/>\n<meta property=\"og:locale\" content=\"fr_FR\" \/>\n<meta property=\"og:type\" content=\"article\" \/>\n<meta property=\"og:title\" content=\"POURQUOI L\u2019ALG\u00c9RIE A RETIR\u00c9 L\u2019ACCR\u00c9DITATION \u00c0 FRANCE 24 ? - 7culture\" \/>\n<meta property=\"og:description\" content=\"Les autorit\u00e9s alg\u00e9riennes ont annonc\u00e9 ce week-end, le retrait de leur accr\u00e9ditation \u00e0 la chaine de t\u00e9l\u00e9vision fran\u00e7aise France 24. La raison de cette d\u00e9cision, c\u2019est \u00ab l\u2019hostilit\u00e9 manifeste et r\u00e9p\u00e9t\u00e9e de la cha\u00eene d&#8217;informations contre le pays et ses institutions \u00bb, a expliqu\u00e9 Ammar Belhimer, le ministre de la Communication de l\u2019Alg\u00e9rie. Il insiste &hellip; POURQUOI L\u2019ALG\u00c9RIE A RETIR\u00c9 L\u2019ACCR\u00c9DITATION \u00c0 FRANCE 24 ? Lire la suite\u00a0\u00bb\" \/>\n<meta property=\"og:url\" content=\"https:\/\/7culture.ci\/index.php\/2021\/06\/14\/pourquoi-lalgerie-a-retire-laccreditation-a-france-24\/\" \/>\n<meta property=\"og:site_name\" content=\"7culture\" \/>\n<meta property=\"article:publisher\" content=\"https:\/\/www.facebook.com\/redchefclaude\" \/>\n<meta property=\"article:published_time\" content=\"2021-06-14T13:24:55+00:00\" \/>\n<meta property=\"article:modified_time\" content=\"2022-01-12T22:41:47+00:00\" \/>\n<meta property=\"og:image\" content=\"http:\/\/7culture.ci\/wp-content\/uploads\/2021\/01\/child-care-template-reviewer-img-1.jpg\" \/>\n\t<meta property=\"og:image:width\" content=\"80\" \/>\n\t<meta property=\"og:image:height\" content=\"80\" \/>\n\t<meta property=\"og:image:type\" content=\"image\/jpeg\" \/>\n<meta name=\"author\" content=\"Waly Tani\" \/>\n<meta name=\"twitter:card\" content=\"summary_large_image\" \/>\n<meta name=\"twitter:creator\" content=\"@7culturec\" \/>\n<meta name=\"twitter:site\" content=\"@7culturec\" \/>\n<meta name=\"twitter:label1\" content=\"\u00c9crit par\" \/>\n\t<meta name=\"twitter:data1\" content=\"Waly Tani\" \/>\n\t<meta name=\"twitter:label2\" content=\"Dur\u00e9e de lecture estim\u00e9e\" \/>\n\t<meta name=\"twitter:data2\" content=\"1 minute\" \/>\n<script type=\"application\/ld+json\" class=\"yoast-schema-graph\">{\"@context\":\"https:\/\/schema.org\",\"@graph\":[{\"@type\":\"Article\",\"@id\":\"https:\/\/7culture.ci\/index.php\/2021\/06\/14\/pourquoi-lalgerie-a-retire-laccreditation-a-france-24\/#article\",\"isPartOf\":{\"@id\":\"https:\/\/7culture.ci\/index.php\/2021\/06\/14\/pourquoi-lalgerie-a-retire-laccreditation-a-france-24\/\"},\"author\":{\"name\":\"Waly Tani\",\"@id\":\"https:\/\/7culture.ci\/#\/schema\/person\/ac6600b76b439b1d2b8a3b734da1a17b\"},\"headline\":\"POURQUOI L\u2019ALG\u00c9RIE A RETIR\u00c9 L\u2019ACCR\u00c9DITATION \u00c0 FRANCE 24 ?\",\"datePublished\":\"2021-06-14T13:24:55+00:00\",\"dateModified\":\"2022-01-12T22:41:47+00:00\",\"mainEntityOfPage\":{\"@id\":\"https:\/\/7culture.ci\/index.php\/2021\/06\/14\/pourquoi-lalgerie-a-retire-laccreditation-a-france-24\/\"},\"wordCount\":226,\"commentCount\":0,\"publisher\":{\"@id\":\"https:\/\/7culture.ci\/#organization\"},\"articleSection\":[\"M\u00e9dia\"],\"inLanguage\":\"fr-FR\",\"potentialAction\":[{\"@type\":\"CommentAction\",\"name\":\"Comment\",\"target\":[\"https:\/\/7culture.ci\/index.php\/2021\/06\/14\/pourquoi-lalgerie-a-retire-laccreditation-a-france-24\/#respond\"]}]},{\"@type\":\"WebPage\",\"@id\":\"https:\/\/7culture.ci\/index.php\/2021\/06\/14\/pourquoi-lalgerie-a-retire-laccreditation-a-france-24\/\",\"url\":\"https:\/\/7culture.ci\/index.php\/2021\/06\/14\/pourquoi-lalgerie-a-retire-laccreditation-a-france-24\/\",\"name\":\"POURQUOI L\u2019ALG\u00c9RIE A RETIR\u00c9 L\u2019ACCR\u00c9DITATION \u00c0 FRANCE 24 ? - 7culture\",\"isPartOf\":{\"@id\":\"https:\/\/7culture.ci\/#website\"},\"datePublished\":\"2021-06-14T13:24:55+00:00\",\"dateModified\":\"2022-01-12T22:41:47+00:00\",\"breadcrumb\":{\"@id\":\"https:\/\/7culture.ci\/index.php\/2021\/06\/14\/pourquoi-lalgerie-a-retire-laccreditation-a-france-24\/#breadcrumb\"},\"inLanguage\":\"fr-FR\",\"potentialAction\":[{\"@type\":\"ReadAction\",\"target\":[\"https:\/\/7culture.ci\/index.php\/2021\/06\/14\/pourquoi-lalgerie-a-retire-laccreditation-a-france-24\/\"]}]},{\"@type\":\"BreadcrumbList\",\"@id\":\"https:\/\/7culture.ci\/index.php\/2021\/06\/14\/pourquoi-lalgerie-a-retire-laccreditation-a-france-24\/#breadcrumb\",\"itemListElement\":[{\"@type\":\"ListItem\",\"position\":1,\"name\":\"Accueil\",\"item\":\"https:\/\/7culture.ci\/\"},{\"@type\":\"ListItem\",\"position\":2,\"name\":\"POURQUOI L\u2019ALG\u00c9RIE A RETIR\u00c9 L\u2019ACCR\u00c9DITATION \u00c0 FRANCE 24 ?\"}]},{\"@type\":\"WebSite\",\"@id\":\"https:\/\/7culture.ci\/#website\",\"url\":\"https:\/\/7culture.ci\/\",\"name\":\"7culture\",\"description\":\"Tout sur l&#039;actualit\u00e9\",\"publisher\":{\"@id\":\"https:\/\/7culture.ci\/#organization\"},\"potentialAction\":[{\"@type\":\"SearchAction\",\"target\":{\"@type\":\"EntryPoint\",\"urlTemplate\":\"https:\/\/7culture.ci\/?s={search_term_string}\"},\"query-input\":\"required name=search_term_string\"}],\"inLanguage\":\"fr-FR\"},{\"@type\":\"Organization\",\"@id\":\"https:\/\/7culture.ci\/#organization\",\"name\":\"7culture\",\"url\":\"https:\/\/7culture.ci\/\",\"sameAs\":[\"https:\/\/www.facebook.com\/redchefclaude\",\"https:\/\/twitter.com\/7culturec\"],\"logo\":{\"@type\":\"ImageObject\",\"inLanguage\":\"fr-FR\",\"@id\":\"https:\/\/7culture.ci\/#\/schema\/logo\/image\/\",\"url\":\"https:\/\/7culture.ci\/wp-content\/uploads\/2021\/12\/S1a-1.png\",\"contentUrl\":\"https:\/\/7culture.ci\/wp-content\/uploads\/2021\/12\/S1a-1.png\",\"width\":588,\"height\":192,\"caption\":\"7culture\"},\"image\":{\"@id\":\"https:\/\/7culture.ci\/#\/schema\/logo\/image\/\"}},{\"@type\":\"Person\",\"@id\":\"https:\/\/7culture.ci\/#\/schema\/person\/ac6600b76b439b1d2b8a3b734da1a17b\",\"name\":\"Waly Tani\",\"image\":{\"@type\":\"ImageObject\",\"inLanguage\":\"fr-FR\",\"@id\":\"https:\/\/7culture.ci\/#\/schema\/person\/image\/\",\"url\":\"https:\/\/secure.gravatar.com\/avatar\/f4ffa85bd7cfe6e4376efc1fd606cdb7?s=96&d=mm&r=g\",\"contentUrl\":\"https:\/\/secure.gravatar.com\/avatar\/f4ffa85bd7cfe6e4376efc1fd606cdb7?s=96&d=mm&r=g\",\"caption\":\"Waly Tani\"},\"url\":\"https:\/\/7culture.ci\/index.php\/author\/waly-tani\/\"}]}<\/script>\n<!-- \/ Yoast SEO plugin. -->","yoast_head_json":{"title":"POURQUOI L\u2019ALG\u00c9RIE A RETIR\u00c9 L\u2019ACCR\u00c9DITATION \u00c0 FRANCE 24 ? - 7culture","robots":{"index":"index","follow":"follow","max-snippet":"max-snippet:-1","max-image-preview":"max-image-preview:large","max-video-preview":"max-video-preview:-1"},"canonical":"https:\/\/7culture.ci\/index.php\/2021\/06\/14\/pourquoi-lalgerie-a-retire-laccreditation-a-france-24\/","og_locale":"fr_FR","og_type":"article","og_title":"POURQUOI L\u2019ALG\u00c9RIE A RETIR\u00c9 L\u2019ACCR\u00c9DITATION \u00c0 FRANCE 24 ? - 7culture","og_description":"Les autorit\u00e9s alg\u00e9riennes ont annonc\u00e9 ce week-end, le retrait de leur accr\u00e9ditation \u00e0 la chaine de t\u00e9l\u00e9vision fran\u00e7aise France 24. La raison de cette d\u00e9cision, c\u2019est \u00ab l\u2019hostilit\u00e9 manifeste et r\u00e9p\u00e9t\u00e9e de la cha\u00eene d&#8217;informations contre le pays et ses institutions \u00bb, a expliqu\u00e9 Ammar Belhimer, le ministre de la Communication de l\u2019Alg\u00e9rie. Il insiste &hellip; POURQUOI L\u2019ALG\u00c9RIE A RETIR\u00c9 L\u2019ACCR\u00c9DITATION \u00c0 FRANCE 24 ? Lire la suite\u00a0\u00bb","og_url":"https:\/\/7culture.ci\/index.php\/2021\/06\/14\/pourquoi-lalgerie-a-retire-laccreditation-a-france-24\/","og_site_name":"7culture","article_publisher":"https:\/\/www.facebook.com\/redchefclaude","article_published_time":"2021-06-14T13:24:55+00:00","article_modified_time":"2022-01-12T22:41:47+00:00","og_image":[{"width":80,"height":80,"url":"http:\/\/7culture.ci\/wp-content\/uploads\/2021\/01\/child-care-template-reviewer-img-1.jpg","type":"image\/jpeg"}],"author":"Waly Tani","twitter_card":"summary_large_image","twitter_creator":"@7culturec","twitter_site":"@7culturec","twitter_misc":{"\u00c9crit par":"Waly Tani","Dur\u00e9e de lecture estim\u00e9e":"1 minute"},"schema":{"@context":"https:\/\/schema.org","@graph":[{"@type":"Article","@id":"https:\/\/7culture.ci\/index.php\/2021\/06\/14\/pourquoi-lalgerie-a-retire-laccreditation-a-france-24\/#article","isPartOf":{"@id":"https:\/\/7culture.ci\/index.php\/2021\/06\/14\/pourquoi-lalgerie-a-retire-laccreditation-a-france-24\/"},"author":{"name":"Waly Tani","@id":"https:\/\/7culture.ci\/#\/schema\/person\/ac6600b76b439b1d2b8a3b734da1a17b"},"headline":"POURQUOI L\u2019ALG\u00c9RIE A RETIR\u00c9 L\u2019ACCR\u00c9DITATION \u00c0 FRANCE 24 ?","datePublished":"2021-06-14T13:24:55+00:00","dateModified":"2022-01-12T22:41:47+00:00","mainEntityOfPage":{"@id":"https:\/\/7culture.ci\/index.php\/2021\/06\/14\/pourquoi-lalgerie-a-retire-laccreditation-a-france-24\/"},"wordCount":226,"commentCount":0,"publisher":{"@id":"https:\/\/7culture.ci\/#organization"},"articleSection":["M\u00e9dia"],"inLanguage":"fr-FR","potentialAction":[{"@type":"CommentAction","name":"Comment","target":["https:\/\/7culture.ci\/index.php\/2021\/06\/14\/pourquoi-lalgerie-a-retire-laccreditation-a-france-24\/#respond"]}]},{"@type":"WebPage","@id":"https:\/\/7culture.ci\/index.php\/2021\/06\/14\/pourquoi-lalgerie-a-retire-laccreditation-a-france-24\/","url":"https:\/\/7culture.ci\/index.php\/2021\/06\/14\/pourquoi-lalgerie-a-retire-laccreditation-a-france-24\/","name":"POURQUOI L\u2019ALG\u00c9RIE A RETIR\u00c9 L\u2019ACCR\u00c9DITATION \u00c0 FRANCE 24 ? - 7culture","isPartOf":{"@id":"https:\/\/7culture.ci\/#website"},"datePublished":"2021-06-14T13:24:55+00:00","dateModified":"2022-01-12T22:41:47+00:00","breadcrumb":{"@id":"https:\/\/7culture.ci\/index.php\/2021\/06\/14\/pourquoi-lalgerie-a-retire-laccreditation-a-france-24\/#breadcrumb"},"inLanguage":"fr-FR","potentialAction":[{"@type":"ReadAction","target":["https:\/\/7culture.ci\/index.php\/2021\/06\/14\/pourquoi-lalgerie-a-retire-laccreditation-a-france-24\/"]}]},{"@type":"BreadcrumbList","@id":"https:\/\/7culture.ci\/index.php\/2021\/06\/14\/pourquoi-lalgerie-a-retire-laccreditation-a-france-24\/#breadcrumb","itemListElement":[{"@type":"ListItem","position":1,"name":"Accueil","item":"https:\/\/7culture.ci\/"},{"@type":"ListItem","position":2,"name":"POURQUOI L\u2019ALG\u00c9RIE A RETIR\u00c9 L\u2019ACCR\u00c9DITATION \u00c0 FRANCE 24 ?"}]},{"@type":"WebSite","@id":"https:\/\/7culture.ci\/#website","url":"https:\/\/7culture.ci\/","name":"7culture","description":"Tout sur l&#039;actualit\u00e9","publisher":{"@id":"https:\/\/7culture.ci\/#organization"},"potentialAction":[{"@type":"SearchAction","target":{"@type":"EntryPoint","urlTemplate":"https:\/\/7culture.ci\/?s={search_term_string}"},"query-input":"required name=search_term_string"}],"inLanguage":"fr-FR"},{"@type":"Organization","@id":"https:\/\/7culture.ci\/#organization","name":"7culture","url":"https:\/\/7culture.ci\/","sameAs":["https:\/\/www.facebook.com\/redchefclaude","https:\/\/twitter.com\/7culturec"],"logo":{"@type":"ImageObject","inLanguage":"fr-FR","@id":"https:\/\/7culture.ci\/#\/schema\/logo\/image\/","url":"https:\/\/7culture.ci\/wp-content\/uploads\/2021\/12\/S1a-1.png","contentUrl":"https:\/\/7culture.ci\/wp-content\/uploads\/2021\/12\/S1a-1.png","width":588,"height":192,"caption":"7culture"},"image":{"@id":"https:\/\/7culture.ci\/#\/schema\/logo\/image\/"}},{"@type":"Person","@id":"https:\/\/7culture.ci\/#\/schema\/person\/ac6600b76b439b1d2b8a3b734da1a17b","name":"Waly Tani","image":{"@type":"ImageObject","inLanguage":"fr-FR","@id":"https:\/\/7culture.ci\/#\/schema\/person\/image\/","url":"https:\/\/secure.gravatar.com\/avatar\/f4ffa85bd7cfe6e4376efc1fd606cdb7?s=96&d=mm&r=g","contentUrl":"https:\/\/secure.gravatar.com\/avatar\/f4ffa85bd7cfe6e4376efc1fd606cdb7?s=96&d=mm&r=g","caption":"Waly Tani"},"url":"https:\/\/7culture.ci\/index.php\/author\/waly-tani\/"}]}},"jetpack_featured_media_url":"https:\/\/7culture.ci\/wp-content\/uploads\/2021\/01\/child-care-template-reviewer-img-1.jpg","jetpack_likes_enabled":true,"jetpack_sharing_enabled":true,"_links":{"self":[{"href":"https:\/\/7culture.ci\/index.php\/wp-json\/wp\/v2\/posts\/11781"}],"collection":[{"href":"https:\/\/7culture.ci\/index.php\/wp-json\/wp\/v2\/posts"}],"about":[{"href":"https:\/\/7culture.ci\/index.php\/wp-json\/wp\/v2\/types\/post"}],"author":[{"embeddable":true,"href":"https:\/\/7culture.ci\/index.php\/wp-json\/wp\/v2\/users\/4"}],"replies":[{"embeddable":true,"href":"https:\/\/7culture.ci\/index.php\/wp-json\/wp\/v2\/comments?post=11781"}],"version-history":[{"count":0,"href":"https:\/\/7culture.ci\/index.php\/wp-json\/wp\/v2\/posts\/11781\/revisions"}],"wp:featuredmedia":[{"embeddable":true,"href":"https:\/\/7culture.ci\/index.php\/wp-json\/wp\/v2\/media\/275"}],"wp:attachment":[{"href":"https:\/\/7culture.ci\/index.php\/wp-json\/wp\/v2\/media?parent=11781"}],"wp:term":[{"taxonomy":"category","embeddable":true,"href":"https:\/\/7culture.ci\/index.php\/wp-json\/wp\/v2\/categories?post=11781"},{"taxonomy":"post_tag","embeddable":true,"href":"https:\/\/7culture.ci\/index.php\/wp-json\/wp\/v2\/tags?post=11781"}],"curies":[{"name":"wp","href":"https:\/\/api.w.org\/{rel}","templated":true}]}}