{"id":11700,"date":"2021-06-11T09:28:18","date_gmt":"2021-06-11T09:28:18","guid":{"rendered":"https:\/\/7culture.ci\/index.php\/2021\/06\/11\/3-mois-apres-le-deces-dhambak-le-temoignage-poignant-de-son-fils\/"},"modified":"2021-06-11T09:28:18","modified_gmt":"2021-06-11T09:28:18","slug":"3-mois-apres-le-deces-dhambak-le-temoignage-poignant-de-son-fils","status":"publish","type":"post","link":"https:\/\/7culture.ci\/index.php\/2021\/06\/11\/3-mois-apres-le-deces-dhambak-le-temoignage-poignant-de-son-fils\/","title":{"rendered":"3 MOIS APR\u00c8S LE D\u00c9C\u00c8S D\u2019HAMBAK, LE T\u00c9MOIGNAGE POIGNANT DE SON FILS !"},"content":{"rendered":"\n<p><strong><em>Le 10 mars dernier, Hamed Bakayoko quittait le monde des vivants en Allemagne. 3 mois apr\u00e8s sa soudaine disparition, les meurtrissures sont en encore grandes chez ses nombreux partisans et admirateurs et certainement encore plus vivaces chez sa famille proche. C\u2019est le cas notamment de Yerim Bakayoko. Le 10 juin, l\u2019un des fils de l\u2019ancien premier ministre ivoirien a publi\u00e9 un hommage path\u00e9tique \u00e0 son p\u00e8re via Instagram.<\/em><\/strong><\/p>\n\n\n\n<p>\u00ab&nbsp;Le 10 mars dernier, il a plu \u00e0 Dieu de t\u2019arracher \u00e0 notre affection. Quatre-vingt-douze jours tr\u00e8s difficiles remplis d\u2019\u00e9motion.<\/p>\n\n\n\n<p>Ce jour, tu me donnes la force de pouvoir m\u2019exprimer. Papa, ton d\u00e9part est le d\u00e9but d\u2019une nouvelle \u00e9cole, celle de la vie, un nouveau type d\u2019apprentissage cette fois sans mon ma\u00eetre.<\/p>\n\n\n\n<p>Tu peux te reposer sans crainte. On te fera honneur. Je me battrai pour que tu sois fier du gar\u00e7on que je suis et l\u2019homme que je deviendrai. Je marcherai dans tes pas.<\/p>\n\n\n\n<p>Tu me disais toujours&nbsp;: \u2018\u2019Jeune tu es ma\u00eetre de ta vie et qu\u2019importe ta prison, tu as les clefs\u2019\u2019. Et, c\u2019est cette phrase-l\u00e0 qui me permet d\u2019\u00eatre debout et de faire face \u00e0 la triste r\u00e9alit\u00e9 que Dieu nous a impos\u00e9e.<\/p>\n\n\n\n<p>\u00c9norm\u00e9ment de souvenirs, de bons moments pass\u00e9s ensemble. Je reste reconnaissant devant Dieu de t\u2019avoir eu comme p\u00e8re et comme mod\u00e8le.<\/p>\n\n\n\n<p>Merci \u00e0 chacune et \u00e0 chacun pour vos marques d\u2019affection que vous nous avez t\u00e9moign\u00e9es.<\/p>\n\n\n\n<p>Merci Grand pour toutes ces le\u00e7ons de vie, on est fort, y a rien&nbsp;!<\/p>\n\n\n\n<p>Hambak, tu me manques \u00e9norm\u00e9ment&nbsp;!\u00bb<\/p>\n\n\n\n<p>Par Omar AK<\/p>\n\n\n\n<p><\/p>\n","protected":false},"excerpt":{"rendered":"<p>Le 10 mars dernier, Hamed Bakayoko quittait le monde des vivants en Allemagne. 3 mois apr\u00e8s sa soudaine disparition, les meurtrissures sont en encore grandes chez ses nombreux partisans et admirateurs et certainement encore plus vivaces chez sa famille proche. C\u2019est le cas notamment de Yerim Bakayoko. Le 10 juin, l\u2019un des fils de l\u2019ancien &hellip;<\/p>\n<p class=\"read-more\"> <a class=\"\" href=\"https:\/\/7culture.ci\/index.php\/2021\/06\/11\/3-mois-apres-le-deces-dhambak-le-temoignage-poignant-de-son-fils\/\"> <span class=\"screen-reader-text\">3 MOIS APR\u00c8S LE D\u00c9C\u00c8S D\u2019HAMBAK, LE T\u00c9MOIGNAGE POIGNANT DE SON FILS !<\/span> Lire la suite\u00a0\u00bb<\/a><\/p>\n","protected":false},"author":4,"featured_media":11699,"comment_status":"open","ping_status":"closed","sticky":false,"template":"","format":"standard","meta":{"_mi_skip_tracking":false,"_monsterinsights_sitenote_active":false,"_monsterinsights_sitenote_note":"","_monsterinsights_sitenote_category":0,"site-sidebar-layout":"default","site-content-layout":"default","ast-global-header-display":"","ast-main-header-display":"","ast-hfb-above-header-display":"","ast-hfb-below-header-display":"","ast-hfb-mobile-header-display":"","site-post-title":"","ast-breadcrumbs-content":"","ast-featured-img":"","footer-sml-layout":"","theme-transparent-header-meta":"","adv-header-id-meta":"","stick-header-meta":"","header-above-stick-meta":"","header-main-stick-meta":"","header-below-stick-meta":"","footnotes":"","jetpack_publicize_message":"","jetpack_is_tweetstorm":false,"jetpack_publicize_feature_enabled":true},"categories":[22],"tags":[],"jetpack_publicize_connections":[],"acf":[],"aioseo_notices":[],"yoast_head":"<!-- This site is optimized with the Yoast SEO plugin v19.6.1 - https:\/\/yoast.com\/wordpress\/plugins\/seo\/ -->\n<title>3 MOIS APR\u00c8S LE D\u00c9C\u00c8S D\u2019HAMBAK, LE T\u00c9MOIGNAGE POIGNANT DE SON FILS ! - 7culture<\/title>\n<meta name=\"robots\" content=\"index, follow, max-snippet:-1, max-image-preview:large, max-video-preview:-1\" \/>\n<link rel=\"canonical\" href=\"https:\/\/7culture.ci\/index.php\/2021\/06\/11\/3-mois-apres-le-deces-dhambak-le-temoignage-poignant-de-son-fils\/\" \/>\n<meta property=\"og:locale\" content=\"fr_FR\" \/>\n<meta property=\"og:type\" content=\"article\" \/>\n<meta property=\"og:title\" content=\"3 MOIS APR\u00c8S LE D\u00c9C\u00c8S D\u2019HAMBAK, LE T\u00c9MOIGNAGE POIGNANT DE SON FILS ! - 7culture\" \/>\n<meta property=\"og:description\" content=\"Le 10 mars dernier, Hamed Bakayoko quittait le monde des vivants en Allemagne. 3 mois apr\u00e8s sa soudaine disparition, les meurtrissures sont en encore grandes chez ses nombreux partisans et admirateurs et certainement encore plus vivaces chez sa famille proche. C\u2019est le cas notamment de Yerim Bakayoko. Le 10 juin, l\u2019un des fils de l\u2019ancien &hellip; 3 MOIS APR\u00c8S LE D\u00c9C\u00c8S D\u2019HAMBAK, LE T\u00c9MOIGNAGE POIGNANT DE SON FILS ! Lire la suite\u00a0\u00bb\" \/>\n<meta property=\"og:url\" content=\"https:\/\/7culture.ci\/index.php\/2021\/06\/11\/3-mois-apres-le-deces-dhambak-le-temoignage-poignant-de-son-fils\/\" \/>\n<meta property=\"og:site_name\" content=\"7culture\" \/>\n<meta property=\"article:publisher\" content=\"https:\/\/www.facebook.com\/redchefclaude\" \/>\n<meta property=\"article:published_time\" content=\"2021-06-11T09:28:18+00:00\" \/>\n<meta name=\"author\" content=\"Waly Tani\" \/>\n<meta name=\"twitter:card\" content=\"summary_large_image\" \/>\n<meta name=\"twitter:creator\" content=\"@7culturec\" \/>\n<meta name=\"twitter:site\" content=\"@7culturec\" \/>\n<meta name=\"twitter:label1\" content=\"\u00c9crit par\" \/>\n\t<meta name=\"twitter:data1\" content=\"Waly Tani\" \/>\n\t<meta name=\"twitter:label2\" content=\"Dur\u00e9e de lecture estim\u00e9e\" \/>\n\t<meta name=\"twitter:data2\" content=\"1 minute\" \/>\n<script type=\"application\/ld+json\" class=\"yoast-schema-graph\">{\"@context\":\"https:\/\/schema.org\",\"@graph\":[{\"@type\":\"Article\",\"@id\":\"https:\/\/7culture.ci\/index.php\/2021\/06\/11\/3-mois-apres-le-deces-dhambak-le-temoignage-poignant-de-son-fils\/#article\",\"isPartOf\":{\"@id\":\"https:\/\/7culture.ci\/index.php\/2021\/06\/11\/3-mois-apres-le-deces-dhambak-le-temoignage-poignant-de-son-fils\/\"},\"author\":{\"name\":\"Waly Tani\",\"@id\":\"https:\/\/7culture.ci\/#\/schema\/person\/ac6600b76b439b1d2b8a3b734da1a17b\"},\"headline\":\"3 MOIS APR\u00c8S LE D\u00c9C\u00c8S D\u2019HAMBAK, LE T\u00c9MOIGNAGE POIGNANT DE SON FILS !\",\"datePublished\":\"2021-06-11T09:28:18+00:00\",\"dateModified\":\"2021-06-11T09:28:18+00:00\",\"mainEntityOfPage\":{\"@id\":\"https:\/\/7culture.ci\/index.php\/2021\/06\/11\/3-mois-apres-le-deces-dhambak-le-temoignage-poignant-de-son-fils\/\"},\"wordCount\":295,\"commentCount\":0,\"publisher\":{\"@id\":\"https:\/\/7culture.ci\/#organization\"},\"articleSection\":[\"Actualit\u00e9\"],\"inLanguage\":\"fr-FR\",\"potentialAction\":[{\"@type\":\"CommentAction\",\"name\":\"Comment\",\"target\":[\"https:\/\/7culture.ci\/index.php\/2021\/06\/11\/3-mois-apres-le-deces-dhambak-le-temoignage-poignant-de-son-fils\/#respond\"]}]},{\"@type\":\"WebPage\",\"@id\":\"https:\/\/7culture.ci\/index.php\/2021\/06\/11\/3-mois-apres-le-deces-dhambak-le-temoignage-poignant-de-son-fils\/\",\"url\":\"https:\/\/7culture.ci\/index.php\/2021\/06\/11\/3-mois-apres-le-deces-dhambak-le-temoignage-poignant-de-son-fils\/\",\"name\":\"3 MOIS APR\u00c8S LE D\u00c9C\u00c8S D\u2019HAMBAK, LE T\u00c9MOIGNAGE POIGNANT DE SON FILS ! - 7culture\",\"isPartOf\":{\"@id\":\"https:\/\/7culture.ci\/#website\"},\"datePublished\":\"2021-06-11T09:28:18+00:00\",\"dateModified\":\"2021-06-11T09:28:18+00:00\",\"breadcrumb\":{\"@id\":\"https:\/\/7culture.ci\/index.php\/2021\/06\/11\/3-mois-apres-le-deces-dhambak-le-temoignage-poignant-de-son-fils\/#breadcrumb\"},\"inLanguage\":\"fr-FR\",\"potentialAction\":[{\"@type\":\"ReadAction\",\"target\":[\"https:\/\/7culture.ci\/index.php\/2021\/06\/11\/3-mois-apres-le-deces-dhambak-le-temoignage-poignant-de-son-fils\/\"]}]},{\"@type\":\"BreadcrumbList\",\"@id\":\"https:\/\/7culture.ci\/index.php\/2021\/06\/11\/3-mois-apres-le-deces-dhambak-le-temoignage-poignant-de-son-fils\/#breadcrumb\",\"itemListElement\":[{\"@type\":\"ListItem\",\"position\":1,\"name\":\"Accueil\",\"item\":\"https:\/\/7culture.ci\/\"},{\"@type\":\"ListItem\",\"position\":2,\"name\":\"3 MOIS APR\u00c8S LE D\u00c9C\u00c8S D\u2019HAMBAK, LE T\u00c9MOIGNAGE POIGNANT DE SON FILS !\"}]},{\"@type\":\"WebSite\",\"@id\":\"https:\/\/7culture.ci\/#website\",\"url\":\"https:\/\/7culture.ci\/\",\"name\":\"7culture\",\"description\":\"Tout sur l&#039;actualit\u00e9\",\"publisher\":{\"@id\":\"https:\/\/7culture.ci\/#organization\"},\"potentialAction\":[{\"@type\":\"SearchAction\",\"target\":{\"@type\":\"EntryPoint\",\"urlTemplate\":\"https:\/\/7culture.ci\/?s={search_term_string}\"},\"query-input\":\"required name=search_term_string\"}],\"inLanguage\":\"fr-FR\"},{\"@type\":\"Organization\",\"@id\":\"https:\/\/7culture.ci\/#organization\",\"name\":\"7culture\",\"url\":\"https:\/\/7culture.ci\/\",\"sameAs\":[\"https:\/\/www.facebook.com\/redchefclaude\",\"https:\/\/twitter.com\/7culturec\"],\"logo\":{\"@type\":\"ImageObject\",\"inLanguage\":\"fr-FR\",\"@id\":\"https:\/\/7culture.ci\/#\/schema\/logo\/image\/\",\"url\":\"https:\/\/7culture.ci\/wp-content\/uploads\/2021\/12\/S1a-1.png\",\"contentUrl\":\"https:\/\/7culture.ci\/wp-content\/uploads\/2021\/12\/S1a-1.png\",\"width\":588,\"height\":192,\"caption\":\"7culture\"},\"image\":{\"@id\":\"https:\/\/7culture.ci\/#\/schema\/logo\/image\/\"}},{\"@type\":\"Person\",\"@id\":\"https:\/\/7culture.ci\/#\/schema\/person\/ac6600b76b439b1d2b8a3b734da1a17b\",\"name\":\"Waly Tani\",\"image\":{\"@type\":\"ImageObject\",\"inLanguage\":\"fr-FR\",\"@id\":\"https:\/\/7culture.ci\/#\/schema\/person\/image\/\",\"url\":\"https:\/\/secure.gravatar.com\/avatar\/f4ffa85bd7cfe6e4376efc1fd606cdb7?s=96&d=mm&r=g\",\"contentUrl\":\"https:\/\/secure.gravatar.com\/avatar\/f4ffa85bd7cfe6e4376efc1fd606cdb7?s=96&d=mm&r=g\",\"caption\":\"Waly Tani\"},\"url\":\"https:\/\/7culture.ci\/index.php\/author\/waly-tani\/\"}]}<\/script>\n<!-- \/ Yoast SEO plugin. -->","yoast_head_json":{"title":"3 MOIS APR\u00c8S LE D\u00c9C\u00c8S D\u2019HAMBAK, LE T\u00c9MOIGNAGE POIGNANT DE SON FILS ! - 7culture","robots":{"index":"index","follow":"follow","max-snippet":"max-snippet:-1","max-image-preview":"max-image-preview:large","max-video-preview":"max-video-preview:-1"},"canonical":"https:\/\/7culture.ci\/index.php\/2021\/06\/11\/3-mois-apres-le-deces-dhambak-le-temoignage-poignant-de-son-fils\/","og_locale":"fr_FR","og_type":"article","og_title":"3 MOIS APR\u00c8S LE D\u00c9C\u00c8S D\u2019HAMBAK, LE T\u00c9MOIGNAGE POIGNANT DE SON FILS ! - 7culture","og_description":"Le 10 mars dernier, Hamed Bakayoko quittait le monde des vivants en Allemagne. 3 mois apr\u00e8s sa soudaine disparition, les meurtrissures sont en encore grandes chez ses nombreux partisans et admirateurs et certainement encore plus vivaces chez sa famille proche. C\u2019est le cas notamment de Yerim Bakayoko. Le 10 juin, l\u2019un des fils de l\u2019ancien &hellip; 3 MOIS APR\u00c8S LE D\u00c9C\u00c8S D\u2019HAMBAK, LE T\u00c9MOIGNAGE POIGNANT DE SON FILS ! Lire la suite\u00a0\u00bb","og_url":"https:\/\/7culture.ci\/index.php\/2021\/06\/11\/3-mois-apres-le-deces-dhambak-le-temoignage-poignant-de-son-fils\/","og_site_name":"7culture","article_publisher":"https:\/\/www.facebook.com\/redchefclaude","article_published_time":"2021-06-11T09:28:18+00:00","author":"Waly Tani","twitter_card":"summary_large_image","twitter_creator":"@7culturec","twitter_site":"@7culturec","twitter_misc":{"\u00c9crit par":"Waly Tani","Dur\u00e9e de lecture estim\u00e9e":"1 minute"},"schema":{"@context":"https:\/\/schema.org","@graph":[{"@type":"Article","@id":"https:\/\/7culture.ci\/index.php\/2021\/06\/11\/3-mois-apres-le-deces-dhambak-le-temoignage-poignant-de-son-fils\/#article","isPartOf":{"@id":"https:\/\/7culture.ci\/index.php\/2021\/06\/11\/3-mois-apres-le-deces-dhambak-le-temoignage-poignant-de-son-fils\/"},"author":{"name":"Waly Tani","@id":"https:\/\/7culture.ci\/#\/schema\/person\/ac6600b76b439b1d2b8a3b734da1a17b"},"headline":"3 MOIS APR\u00c8S LE D\u00c9C\u00c8S D\u2019HAMBAK, LE T\u00c9MOIGNAGE POIGNANT DE SON FILS !","datePublished":"2021-06-11T09:28:18+00:00","dateModified":"2021-06-11T09:28:18+00:00","mainEntityOfPage":{"@id":"https:\/\/7culture.ci\/index.php\/2021\/06\/11\/3-mois-apres-le-deces-dhambak-le-temoignage-poignant-de-son-fils\/"},"wordCount":295,"commentCount":0,"publisher":{"@id":"https:\/\/7culture.ci\/#organization"},"articleSection":["Actualit\u00e9"],"inLanguage":"fr-FR","potentialAction":[{"@type":"CommentAction","name":"Comment","target":["https:\/\/7culture.ci\/index.php\/2021\/06\/11\/3-mois-apres-le-deces-dhambak-le-temoignage-poignant-de-son-fils\/#respond"]}]},{"@type":"WebPage","@id":"https:\/\/7culture.ci\/index.php\/2021\/06\/11\/3-mois-apres-le-deces-dhambak-le-temoignage-poignant-de-son-fils\/","url":"https:\/\/7culture.ci\/index.php\/2021\/06\/11\/3-mois-apres-le-deces-dhambak-le-temoignage-poignant-de-son-fils\/","name":"3 MOIS APR\u00c8S LE D\u00c9C\u00c8S D\u2019HAMBAK, LE T\u00c9MOIGNAGE POIGNANT DE SON FILS ! - 7culture","isPartOf":{"@id":"https:\/\/7culture.ci\/#website"},"datePublished":"2021-06-11T09:28:18+00:00","dateModified":"2021-06-11T09:28:18+00:00","breadcrumb":{"@id":"https:\/\/7culture.ci\/index.php\/2021\/06\/11\/3-mois-apres-le-deces-dhambak-le-temoignage-poignant-de-son-fils\/#breadcrumb"},"inLanguage":"fr-FR","potentialAction":[{"@type":"ReadAction","target":["https:\/\/7culture.ci\/index.php\/2021\/06\/11\/3-mois-apres-le-deces-dhambak-le-temoignage-poignant-de-son-fils\/"]}]},{"@type":"BreadcrumbList","@id":"https:\/\/7culture.ci\/index.php\/2021\/06\/11\/3-mois-apres-le-deces-dhambak-le-temoignage-poignant-de-son-fils\/#breadcrumb","itemListElement":[{"@type":"ListItem","position":1,"name":"Accueil","item":"https:\/\/7culture.ci\/"},{"@type":"ListItem","position":2,"name":"3 MOIS APR\u00c8S LE D\u00c9C\u00c8S D\u2019HAMBAK, LE T\u00c9MOIGNAGE POIGNANT DE SON FILS !"}]},{"@type":"WebSite","@id":"https:\/\/7culture.ci\/#website","url":"https:\/\/7culture.ci\/","name":"7culture","description":"Tout sur l&#039;actualit\u00e9","publisher":{"@id":"https:\/\/7culture.ci\/#organization"},"potentialAction":[{"@type":"SearchAction","target":{"@type":"EntryPoint","urlTemplate":"https:\/\/7culture.ci\/?s={search_term_string}"},"query-input":"required name=search_term_string"}],"inLanguage":"fr-FR"},{"@type":"Organization","@id":"https:\/\/7culture.ci\/#organization","name":"7culture","url":"https:\/\/7culture.ci\/","sameAs":["https:\/\/www.facebook.com\/redchefclaude","https:\/\/twitter.com\/7culturec"],"logo":{"@type":"ImageObject","inLanguage":"fr-FR","@id":"https:\/\/7culture.ci\/#\/schema\/logo\/image\/","url":"https:\/\/7culture.ci\/wp-content\/uploads\/2021\/12\/S1a-1.png","contentUrl":"https:\/\/7culture.ci\/wp-content\/uploads\/2021\/12\/S1a-1.png","width":588,"height":192,"caption":"7culture"},"image":{"@id":"https:\/\/7culture.ci\/#\/schema\/logo\/image\/"}},{"@type":"Person","@id":"https:\/\/7culture.ci\/#\/schema\/person\/ac6600b76b439b1d2b8a3b734da1a17b","name":"Waly Tani","image":{"@type":"ImageObject","inLanguage":"fr-FR","@id":"https:\/\/7culture.ci\/#\/schema\/person\/image\/","url":"https:\/\/secure.gravatar.com\/avatar\/f4ffa85bd7cfe6e4376efc1fd606cdb7?s=96&d=mm&r=g","contentUrl":"https:\/\/secure.gravatar.com\/avatar\/f4ffa85bd7cfe6e4376efc1fd606cdb7?s=96&d=mm&r=g","caption":"Waly Tani"},"url":"https:\/\/7culture.ci\/index.php\/author\/waly-tani\/"}]}},"jetpack_featured_media_url":"","jetpack_likes_enabled":true,"jetpack_sharing_enabled":true,"_links":{"self":[{"href":"https:\/\/7culture.ci\/index.php\/wp-json\/wp\/v2\/posts\/11700"}],"collection":[{"href":"https:\/\/7culture.ci\/index.php\/wp-json\/wp\/v2\/posts"}],"about":[{"href":"https:\/\/7culture.ci\/index.php\/wp-json\/wp\/v2\/types\/post"}],"author":[{"embeddable":true,"href":"https:\/\/7culture.ci\/index.php\/wp-json\/wp\/v2\/users\/4"}],"replies":[{"embeddable":true,"href":"https:\/\/7culture.ci\/index.php\/wp-json\/wp\/v2\/comments?post=11700"}],"version-history":[{"count":0,"href":"https:\/\/7culture.ci\/index.php\/wp-json\/wp\/v2\/posts\/11700\/revisions"}],"wp:featuredmedia":[{"embeddable":true,"href":"https:\/\/7culture.ci\/index.php\/wp-json\/"}],"wp:attachment":[{"href":"https:\/\/7culture.ci\/index.php\/wp-json\/wp\/v2\/media?parent=11700"}],"wp:term":[{"taxonomy":"category","embeddable":true,"href":"https:\/\/7culture.ci\/index.php\/wp-json\/wp\/v2\/categories?post=11700"},{"taxonomy":"post_tag","embeddable":true,"href":"https:\/\/7culture.ci\/index.php\/wp-json\/wp\/v2\/tags?post=11700"}],"curies":[{"name":"wp","href":"https:\/\/api.w.org\/{rel}","templated":true}]}}