{"id":11621,"date":"2021-06-08T10:21:50","date_gmt":"2021-06-08T10:21:50","guid":{"rendered":"https:\/\/7culture.ci\/index.php\/2021\/06\/08\/anniversaire-le-bel-hommage-de-fernand-dedeh-a-sylvie-toure\/"},"modified":"2022-01-12T23:41:56","modified_gmt":"2022-01-12T22:41:56","slug":"anniversaire-le-bel-hommage-de-fernand-dedeh-a-sylvie-toure","status":"publish","type":"post","link":"https:\/\/7culture.ci\/index.php\/2021\/06\/08\/anniversaire-le-bel-hommage-de-fernand-dedeh-a-sylvie-toure\/","title":{"rendered":"ANNIVERSAIRE : LE BEL HOMMAGE DE FERNAND D\u00c9DEH \u00c0 SYLVIE TOUR\u00c9!"},"content":{"rendered":"\n<p><strong><em>Journaliste sportive \u00e0 la radiodiffusion t\u00e9l\u00e9vision ivoirienne (RTI), Sylvie Tour\u00e9 f\u00eate aujourd\u2019hui une ann\u00e9e de plus. A l\u2019occasion de cette c\u00e9l\u00e9bration, le journaliste Fernand D\u00e9deh, l\u2019un de ses \u2018\u2019vieux p\u00e8res\u2019\u2019 dans le milieu comme on dit \u00e0 Abidjan, a adress\u00e9 des mots aimables \u00e0 celle qu\u2019il appelle affectueusement sa \u2018\u2019petite fille\u2019\u2019. Joyeux anniversaire Sly&nbsp;!<\/em><\/strong><\/p>\n\n\n\n<p>\u00ab&nbsp;\u00c0 Barthelemy Zouzoua Inabo: C\u2019est le jour de \u2018\u2019Ma m\u00eame Solo\u2019\u2019, \u2018\u2019Mon autre moi\u2019\u2019, \u2018\u2019Moi, au f\u00e9minin\u2019\u2019. Que puis-je dire que tu ne sais d\u00e9j\u00e0&nbsp;? Que ma fille elle-m\u00eame, ne sait d\u00e9j\u00e0? Oh, juste la f\u00e9liciter publiquement pour sa promotion, en qualit\u00e9 de chef de cabinet de la ministre de la Solidarit\u00e9 et de la Lutte contre la Pauvret\u00e9. Juste dire merci \u00e0 ta tante, \u00e0 ma <em>Gnian<\/em>, pour la confiance faite \u00e0 ma \u2018\u2019petite fille\u2019\u2019. Elle a totalement m\u00e9rit\u00e9 d\u2019\u00eatre l\u00e0 o\u00f9 elle est. Intellectuellement, psychologiquement et mentalement pr\u00e9par\u00e9e. Quand je suis parti de la t\u00e9l\u00e9 en 2012, elle m\u2019a juste dit: \u00ab <strong><em>Je te ferai honneur. Je fais repartir \u00e0 l\u2019Ecole. Demain, c\u2019est ce qui va \u00eatre d\u00e9terminant<\/em><\/strong>\u00bb. Elle a fait un Master en gestion de crise. Un autre jour, elle me dit: \u00ab <strong><em>Je veux \u00eatre diplomate<\/em><\/strong>\u00bb. Elle pr\u00e9pare son Master en Diplomatie. Soutenance, en septembre. C\u2019est une t\u00eate bien faite.<\/p>\n\n\n\n<div class=\\\"wp-block-image\\\"><figure class=\\\"aligncenter size-large is-resized\\\"><img src=\\\"http:\/\/7culture.ci\/fbf\/uploads\/2020\/07\/sylvie4.jpg\\\" alt=\\\"\\\" class=\\\"wp-image-11620\\\" width=\\\"597\\\" height=\\\"447\\\"\/><\/figure><\/div>\n\n\n\n<p>En fait, je l\u2019appelle \u2018\u2019Petite fille\u2019\u2019 depuis le premier jour, qu\u2019elle s\u2019est pr\u00e9sent\u00e9e \u00e0 mon bureau, le premier jour de son stage \u00e0 la RTI pour me dire: \u00ab <strong><em>Je veux apprendre \u00e0 tes c\u00f4t\u00e9s<\/em><\/strong> \u00bb. Je me suis dit \u00ab <strong><em>encore une autre&#8230;<\/em><\/strong> \u00bb. La plupart des stagiaires venaient ainsi vers moi&#8230; Certains repartaient tr\u00e8s vite. Comme ils sont arriv\u00e9s. Parce que, le travail, on ne joue pas avec&#8230; Le pr\u00e9sent&nbsp; de chacun de nous se dessine par le travail. Le futur se construit par le travail. Les jeunes arrivent \u00e0 la t\u00e9l\u00e9 avec l\u2019id\u00e9e d\u2019\u00eatre des stars&#8230; Beaucoup ne savent pas la souffrance qui meuble la vie des stars. Cette souffrance a pour seuls rem\u00e8des: Le travail. La passion. L\u2019engagement. La d\u00e9termination. L\u2019humilit\u00e9. L\u2019apprentissage continu.&nbsp; Le respect du public. Le respect du tube cathodique.<\/p>\n\n\n\n<p>\u2018\u2019La petite fille\u2019\u2019 avait un peu de tout \u00e7a&#8230; Ma fille-gar\u00e7on&#8230; Elle r\u00e9pond pr\u00e9sente \u00e0 tous les tests. Elle ne recule devant rien. La CAN2006, elle la g\u00e8re avec moi ou presque. Elle r\u00e9alise tous les reportages, tous les dossiers pour nourrir mes plateaux. Un soir, Kader Keita est parrain d\u2019une soir\u00e9e dans un bar climatis\u00e9. Je ne me porte pas bien. Je suis appel\u00e9 tr\u00e8s tard pour la couverture de l\u2019\u00e9v\u00e9nement. Je n\u2019abandonne jamais mes sportifs. J\u2019appelle \u2018\u2019Ma petite fille \u2018\u2019. \u00ab <strong><em>Arrange-toi comme tu veux, on se croise dans tel bar \u00e0 22 h<\/em><\/strong>\u00bb.<\/p>\n\n\n\n<p>\u00c0 minuit, le footballeur n\u2019est toujours pas arriv\u00e9. Je dois partir, moi. Mais elle doit rester. \u00ab <strong><em>Je veux le reportage mont\u00e9 sur mon bureau, \u00e0 10 h. Merci<\/em><\/strong>\u00bb. Le reste, c\u2019est son probl\u00e8me! Elle a quitt\u00e9 le bar \u00e0 4h du matin! \u00c0 10 h, elle est venue me tendre l\u2019\u00e9l\u00e9ment mont\u00e9. \u00ab <strong><em>Mon p\u00e8re est militaire. Formateur des parachutistes para-commando. Mais l\u00e0, tu vas me tuer<\/em><\/strong> \u00bb.<\/p>\n\n\n\n<figure class=\\\"wp-block-image size-large is-resized\\\"><img src=\\\"http:\/\/7culture.ci\/fbf\/uploads\/2020\/07\/sylvie2.jpg\\\" alt=\\\"\\\" class=\\\"wp-image-11618\\\" width=\\\"577\\\" height=\\\"581\\\"\/><\/figure>\n\n\n\n<p>\u00c0 la RTI, tout le monde le savait: nous \u00e9tions les deux faces de la m\u00eame m\u00e9daille&#8230; Elle \u00e9tait, elle l\u2019est aujourd\u2019hui encore, l\u2019une des rares \u00e0 me dire \u00ab<strong><em>Stop&#8230;<\/em><\/strong> \u00bb.<\/p>\n\n\n\n<p>Elle a ses d\u00e9fauts de jeune dame, mais les valeurs chr\u00e9tiennes qui sont les siennes, sa disponibilit\u00e9, sa force de caract\u00e8re forcent le respect.&nbsp; Certains de ses collaborateurs \u00e0 la RTI pensaient trouver refuge aupr\u00e8s de moi: \u00ab <strong><em>Chef, Elle est trop dure&#8230; Il faut lui parler<\/em><\/strong> \u00bb. Je leur r\u00e9ponds souvent, \u00ab <strong><em>la panth\u00e8re a-t-elle d\u00e9j\u00e0 fait un chat&nbsp;?<\/em><\/strong>\u00bb Elle est bosseuse, ma fille.<\/p>\n\n\n\n<p>Je pourrais \u00e9crire des tonnes mais j\u2019en garde sous le coude. Elle est pr\u00e9sentement dans la grande ville, dans la cit\u00e9 des Antilopes, la cit\u00e9 verte&#8230; Comme par hasard. Le jour de son anniversaire, elle est dans la ville de mon c\u0153ur, Daloa.<\/p>\n\n\n\n<div class=\\\"wp-block-image\\\"><figure class=\\\"alignright size-large is-resized\\\"><img src=\\\"http:\/\/7culture.ci\/fbf\/uploads\/2020\/07\/sylvie3.jpg\\\" alt=\\\"\\\" class=\\\"wp-image-11619\\\" width=\\\"582\\\" height=\\\"577\\\"\/><\/figure><\/div>\n\n\n\n<p>Sly, \u2018\u2019Ma petite fille\u2019\u2019, \u2018\u2019Ma sp\u00e9cialiste en gestion de crise et en terrorisme\u2019\u2019, \u2018\u2019ma futur diplomate\u2019\u2019, tu sais, je sais&#8230; Je suis petit-fils du Kanegnon Zokou Gbeuly. Tu es la petite fille de \u00ab <em>la l\u00e9gende<\/em> \u00bb Thomas d\\&#8217;Aquin Ouattara. Dieu seul sait pourquoi, il a \u00e9tabli un tel lien\u2026<\/p>\n\n\n\n<p>Ton oncle, Monsieur le Maire, la B\u00e9quille la plus c\u00e9l\u00e8bre d\u2019Afrique, nous r\u00e9p\u00e9tait chaque fois: <strong><em>\u00ab un enfant de Dieu peut souffrir. Il n\u2019aura jamais honte<\/em><\/strong>\u00bb. Dieu nous aide \u00e0 avancer. Joyeux anniversaire \u2018\u2019Petite fille\u2019\u2019! Le meilleur \u00e0 venir.&nbsp;\u00bb<\/p>\n\n\n\n<p>Fernand D\u00e9deh vis Facebook<\/p>\n","protected":false},"excerpt":{"rendered":"<p>Journaliste sportive \u00e0 la radiodiffusion t\u00e9l\u00e9vision ivoirienne (RTI), Sylvie Tour\u00e9 f\u00eate aujourd\u2019hui une ann\u00e9e de plus. A l\u2019occasion de cette c\u00e9l\u00e9bration, le journaliste Fernand D\u00e9deh, l\u2019un de ses \u2018\u2019vieux p\u00e8res\u2019\u2019 dans le milieu comme on dit \u00e0 Abidjan, a adress\u00e9 des mots aimables \u00e0 celle qu\u2019il appelle affectueusement sa \u2018\u2019petite fille\u2019\u2019. Joyeux anniversaire Sly&nbsp;! \u00ab&nbsp;\u00c0 &hellip;<\/p>\n<p class=\"read-more\"> <a class=\"\" href=\"https:\/\/7culture.ci\/index.php\/2021\/06\/08\/anniversaire-le-bel-hommage-de-fernand-dedeh-a-sylvie-toure\/\"> <span class=\"screen-reader-text\">ANNIVERSAIRE : LE BEL HOMMAGE DE FERNAND D\u00c9DEH \u00c0 SYLVIE TOUR\u00c9!<\/span> Lire la suite\u00a0\u00bb<\/a><\/p>\n","protected":false},"author":4,"featured_media":275,"comment_status":"open","ping_status":"closed","sticky":false,"template":"","format":"standard","meta":{"_mi_skip_tracking":false,"_monsterinsights_sitenote_active":false,"_monsterinsights_sitenote_note":"","_monsterinsights_sitenote_category":0,"site-sidebar-layout":"default","site-content-layout":"default","ast-global-header-display":"","ast-main-header-display":"","ast-hfb-above-header-display":"","ast-hfb-below-header-display":"","ast-hfb-mobile-header-display":"","site-post-title":"","ast-breadcrumbs-content":"","ast-featured-img":"","footer-sml-layout":"","theme-transparent-header-meta":"","adv-header-id-meta":"","stick-header-meta":"","header-above-stick-meta":"","header-main-stick-meta":"","header-below-stick-meta":"","footnotes":"","jetpack_publicize_message":"","jetpack_is_tweetstorm":false,"jetpack_publicize_feature_enabled":true},"categories":[33],"tags":[],"jetpack_publicize_connections":[],"acf":[],"aioseo_notices":[],"yoast_head":"<!-- This site is optimized with the Yoast SEO plugin v19.6.1 - https:\/\/yoast.com\/wordpress\/plugins\/seo\/ -->\n<title>ANNIVERSAIRE : LE BEL HOMMAGE DE FERNAND D\u00c9DEH \u00c0 SYLVIE TOUR\u00c9! - 7culture<\/title>\n<meta name=\"robots\" content=\"index, follow, max-snippet:-1, max-image-preview:large, max-video-preview:-1\" \/>\n<link rel=\"canonical\" href=\"https:\/\/7culture.ci\/index.php\/2021\/06\/08\/anniversaire-le-bel-hommage-de-fernand-dedeh-a-sylvie-toure\/\" \/>\n<meta property=\"og:locale\" content=\"fr_FR\" \/>\n<meta property=\"og:type\" content=\"article\" \/>\n<meta property=\"og:title\" content=\"ANNIVERSAIRE : LE BEL HOMMAGE DE FERNAND D\u00c9DEH \u00c0 SYLVIE TOUR\u00c9! - 7culture\" \/>\n<meta property=\"og:description\" content=\"Journaliste sportive \u00e0 la radiodiffusion t\u00e9l\u00e9vision ivoirienne (RTI), Sylvie Tour\u00e9 f\u00eate aujourd\u2019hui une ann\u00e9e de plus. A l\u2019occasion de cette c\u00e9l\u00e9bration, le journaliste Fernand D\u00e9deh, l\u2019un de ses \u2018\u2019vieux p\u00e8res\u2019\u2019 dans le milieu comme on dit \u00e0 Abidjan, a adress\u00e9 des mots aimables \u00e0 celle qu\u2019il appelle affectueusement sa \u2018\u2019petite fille\u2019\u2019. Joyeux anniversaire Sly&nbsp;! \u00ab&nbsp;\u00c0 &hellip; ANNIVERSAIRE : LE BEL HOMMAGE DE FERNAND D\u00c9DEH \u00c0 SYLVIE TOUR\u00c9! Lire la suite\u00a0\u00bb\" \/>\n<meta property=\"og:url\" content=\"https:\/\/7culture.ci\/index.php\/2021\/06\/08\/anniversaire-le-bel-hommage-de-fernand-dedeh-a-sylvie-toure\/\" \/>\n<meta property=\"og:site_name\" content=\"7culture\" \/>\n<meta property=\"article:publisher\" content=\"https:\/\/www.facebook.com\/redchefclaude\" \/>\n<meta property=\"article:published_time\" content=\"2021-06-08T10:21:50+00:00\" \/>\n<meta property=\"article:modified_time\" content=\"2022-01-12T22:41:56+00:00\" \/>\n<meta property=\"og:image\" content=\"http:\/\/7culture.ci\/wp-content\/uploads\/2021\/01\/child-care-template-reviewer-img-1.jpg\" \/>\n\t<meta property=\"og:image:width\" content=\"80\" \/>\n\t<meta property=\"og:image:height\" content=\"80\" \/>\n\t<meta property=\"og:image:type\" content=\"image\/jpeg\" \/>\n<meta name=\"author\" content=\"Waly Tani\" \/>\n<meta name=\"twitter:card\" content=\"summary_large_image\" \/>\n<meta name=\"twitter:creator\" content=\"@7culturec\" \/>\n<meta name=\"twitter:site\" content=\"@7culturec\" \/>\n<meta name=\"twitter:label1\" content=\"\u00c9crit par\" \/>\n\t<meta name=\"twitter:data1\" content=\"Waly Tani\" \/>\n\t<meta name=\"twitter:label2\" content=\"Dur\u00e9e de lecture estim\u00e9e\" \/>\n\t<meta name=\"twitter:data2\" content=\"4 minutes\" \/>\n<script type=\"application\/ld+json\" class=\"yoast-schema-graph\">{\"@context\":\"https:\/\/schema.org\",\"@graph\":[{\"@type\":\"Article\",\"@id\":\"https:\/\/7culture.ci\/index.php\/2021\/06\/08\/anniversaire-le-bel-hommage-de-fernand-dedeh-a-sylvie-toure\/#article\",\"isPartOf\":{\"@id\":\"https:\/\/7culture.ci\/index.php\/2021\/06\/08\/anniversaire-le-bel-hommage-de-fernand-dedeh-a-sylvie-toure\/\"},\"author\":{\"name\":\"Waly Tani\",\"@id\":\"https:\/\/7culture.ci\/#\/schema\/person\/ac6600b76b439b1d2b8a3b734da1a17b\"},\"headline\":\"ANNIVERSAIRE : LE BEL HOMMAGE DE FERNAND D\u00c9DEH \u00c0 SYLVIE TOUR\u00c9!\",\"datePublished\":\"2021-06-08T10:21:50+00:00\",\"dateModified\":\"2022-01-12T22:41:56+00:00\",\"mainEntityOfPage\":{\"@id\":\"https:\/\/7culture.ci\/index.php\/2021\/06\/08\/anniversaire-le-bel-hommage-de-fernand-dedeh-a-sylvie-toure\/\"},\"wordCount\":808,\"commentCount\":0,\"publisher\":{\"@id\":\"https:\/\/7culture.ci\/#organization\"},\"articleSection\":[\"M\u00e9dia\"],\"inLanguage\":\"fr-FR\",\"potentialAction\":[{\"@type\":\"CommentAction\",\"name\":\"Comment\",\"target\":[\"https:\/\/7culture.ci\/index.php\/2021\/06\/08\/anniversaire-le-bel-hommage-de-fernand-dedeh-a-sylvie-toure\/#respond\"]}]},{\"@type\":\"WebPage\",\"@id\":\"https:\/\/7culture.ci\/index.php\/2021\/06\/08\/anniversaire-le-bel-hommage-de-fernand-dedeh-a-sylvie-toure\/\",\"url\":\"https:\/\/7culture.ci\/index.php\/2021\/06\/08\/anniversaire-le-bel-hommage-de-fernand-dedeh-a-sylvie-toure\/\",\"name\":\"ANNIVERSAIRE : LE BEL HOMMAGE DE FERNAND D\u00c9DEH \u00c0 SYLVIE TOUR\u00c9! - 7culture\",\"isPartOf\":{\"@id\":\"https:\/\/7culture.ci\/#website\"},\"datePublished\":\"2021-06-08T10:21:50+00:00\",\"dateModified\":\"2022-01-12T22:41:56+00:00\",\"breadcrumb\":{\"@id\":\"https:\/\/7culture.ci\/index.php\/2021\/06\/08\/anniversaire-le-bel-hommage-de-fernand-dedeh-a-sylvie-toure\/#breadcrumb\"},\"inLanguage\":\"fr-FR\",\"potentialAction\":[{\"@type\":\"ReadAction\",\"target\":[\"https:\/\/7culture.ci\/index.php\/2021\/06\/08\/anniversaire-le-bel-hommage-de-fernand-dedeh-a-sylvie-toure\/\"]}]},{\"@type\":\"BreadcrumbList\",\"@id\":\"https:\/\/7culture.ci\/index.php\/2021\/06\/08\/anniversaire-le-bel-hommage-de-fernand-dedeh-a-sylvie-toure\/#breadcrumb\",\"itemListElement\":[{\"@type\":\"ListItem\",\"position\":1,\"name\":\"Accueil\",\"item\":\"https:\/\/7culture.ci\/\"},{\"@type\":\"ListItem\",\"position\":2,\"name\":\"ANNIVERSAIRE : LE BEL HOMMAGE DE FERNAND D\u00c9DEH \u00c0 SYLVIE TOUR\u00c9!\"}]},{\"@type\":\"WebSite\",\"@id\":\"https:\/\/7culture.ci\/#website\",\"url\":\"https:\/\/7culture.ci\/\",\"name\":\"7culture\",\"description\":\"Tout sur l&#039;actualit\u00e9\",\"publisher\":{\"@id\":\"https:\/\/7culture.ci\/#organization\"},\"potentialAction\":[{\"@type\":\"SearchAction\",\"target\":{\"@type\":\"EntryPoint\",\"urlTemplate\":\"https:\/\/7culture.ci\/?s={search_term_string}\"},\"query-input\":\"required name=search_term_string\"}],\"inLanguage\":\"fr-FR\"},{\"@type\":\"Organization\",\"@id\":\"https:\/\/7culture.ci\/#organization\",\"name\":\"7culture\",\"url\":\"https:\/\/7culture.ci\/\",\"sameAs\":[\"https:\/\/www.facebook.com\/redchefclaude\",\"https:\/\/twitter.com\/7culturec\"],\"logo\":{\"@type\":\"ImageObject\",\"inLanguage\":\"fr-FR\",\"@id\":\"https:\/\/7culture.ci\/#\/schema\/logo\/image\/\",\"url\":\"https:\/\/7culture.ci\/wp-content\/uploads\/2021\/12\/S1a-1.png\",\"contentUrl\":\"https:\/\/7culture.ci\/wp-content\/uploads\/2021\/12\/S1a-1.png\",\"width\":588,\"height\":192,\"caption\":\"7culture\"},\"image\":{\"@id\":\"https:\/\/7culture.ci\/#\/schema\/logo\/image\/\"}},{\"@type\":\"Person\",\"@id\":\"https:\/\/7culture.ci\/#\/schema\/person\/ac6600b76b439b1d2b8a3b734da1a17b\",\"name\":\"Waly Tani\",\"image\":{\"@type\":\"ImageObject\",\"inLanguage\":\"fr-FR\",\"@id\":\"https:\/\/7culture.ci\/#\/schema\/person\/image\/\",\"url\":\"https:\/\/secure.gravatar.com\/avatar\/f4ffa85bd7cfe6e4376efc1fd606cdb7?s=96&d=mm&r=g\",\"contentUrl\":\"https:\/\/secure.gravatar.com\/avatar\/f4ffa85bd7cfe6e4376efc1fd606cdb7?s=96&d=mm&r=g\",\"caption\":\"Waly Tani\"},\"url\":\"https:\/\/7culture.ci\/index.php\/author\/waly-tani\/\"}]}<\/script>\n<!-- \/ Yoast SEO plugin. -->","yoast_head_json":{"title":"ANNIVERSAIRE : LE BEL HOMMAGE DE FERNAND D\u00c9DEH \u00c0 SYLVIE TOUR\u00c9! - 7culture","robots":{"index":"index","follow":"follow","max-snippet":"max-snippet:-1","max-image-preview":"max-image-preview:large","max-video-preview":"max-video-preview:-1"},"canonical":"https:\/\/7culture.ci\/index.php\/2021\/06\/08\/anniversaire-le-bel-hommage-de-fernand-dedeh-a-sylvie-toure\/","og_locale":"fr_FR","og_type":"article","og_title":"ANNIVERSAIRE : LE BEL HOMMAGE DE FERNAND D\u00c9DEH \u00c0 SYLVIE TOUR\u00c9! - 7culture","og_description":"Journaliste sportive \u00e0 la radiodiffusion t\u00e9l\u00e9vision ivoirienne (RTI), Sylvie Tour\u00e9 f\u00eate aujourd\u2019hui une ann\u00e9e de plus. A l\u2019occasion de cette c\u00e9l\u00e9bration, le journaliste Fernand D\u00e9deh, l\u2019un de ses \u2018\u2019vieux p\u00e8res\u2019\u2019 dans le milieu comme on dit \u00e0 Abidjan, a adress\u00e9 des mots aimables \u00e0 celle qu\u2019il appelle affectueusement sa \u2018\u2019petite fille\u2019\u2019. Joyeux anniversaire Sly&nbsp;! \u00ab&nbsp;\u00c0 &hellip; ANNIVERSAIRE : LE BEL HOMMAGE DE FERNAND D\u00c9DEH \u00c0 SYLVIE TOUR\u00c9! Lire la suite\u00a0\u00bb","og_url":"https:\/\/7culture.ci\/index.php\/2021\/06\/08\/anniversaire-le-bel-hommage-de-fernand-dedeh-a-sylvie-toure\/","og_site_name":"7culture","article_publisher":"https:\/\/www.facebook.com\/redchefclaude","article_published_time":"2021-06-08T10:21:50+00:00","article_modified_time":"2022-01-12T22:41:56+00:00","og_image":[{"width":80,"height":80,"url":"http:\/\/7culture.ci\/wp-content\/uploads\/2021\/01\/child-care-template-reviewer-img-1.jpg","type":"image\/jpeg"}],"author":"Waly Tani","twitter_card":"summary_large_image","twitter_creator":"@7culturec","twitter_site":"@7culturec","twitter_misc":{"\u00c9crit par":"Waly Tani","Dur\u00e9e de lecture estim\u00e9e":"4 minutes"},"schema":{"@context":"https:\/\/schema.org","@graph":[{"@type":"Article","@id":"https:\/\/7culture.ci\/index.php\/2021\/06\/08\/anniversaire-le-bel-hommage-de-fernand-dedeh-a-sylvie-toure\/#article","isPartOf":{"@id":"https:\/\/7culture.ci\/index.php\/2021\/06\/08\/anniversaire-le-bel-hommage-de-fernand-dedeh-a-sylvie-toure\/"},"author":{"name":"Waly Tani","@id":"https:\/\/7culture.ci\/#\/schema\/person\/ac6600b76b439b1d2b8a3b734da1a17b"},"headline":"ANNIVERSAIRE : LE BEL HOMMAGE DE FERNAND D\u00c9DEH \u00c0 SYLVIE TOUR\u00c9!","datePublished":"2021-06-08T10:21:50+00:00","dateModified":"2022-01-12T22:41:56+00:00","mainEntityOfPage":{"@id":"https:\/\/7culture.ci\/index.php\/2021\/06\/08\/anniversaire-le-bel-hommage-de-fernand-dedeh-a-sylvie-toure\/"},"wordCount":808,"commentCount":0,"publisher":{"@id":"https:\/\/7culture.ci\/#organization"},"articleSection":["M\u00e9dia"],"inLanguage":"fr-FR","potentialAction":[{"@type":"CommentAction","name":"Comment","target":["https:\/\/7culture.ci\/index.php\/2021\/06\/08\/anniversaire-le-bel-hommage-de-fernand-dedeh-a-sylvie-toure\/#respond"]}]},{"@type":"WebPage","@id":"https:\/\/7culture.ci\/index.php\/2021\/06\/08\/anniversaire-le-bel-hommage-de-fernand-dedeh-a-sylvie-toure\/","url":"https:\/\/7culture.ci\/index.php\/2021\/06\/08\/anniversaire-le-bel-hommage-de-fernand-dedeh-a-sylvie-toure\/","name":"ANNIVERSAIRE : LE BEL HOMMAGE DE FERNAND D\u00c9DEH \u00c0 SYLVIE TOUR\u00c9! - 7culture","isPartOf":{"@id":"https:\/\/7culture.ci\/#website"},"datePublished":"2021-06-08T10:21:50+00:00","dateModified":"2022-01-12T22:41:56+00:00","breadcrumb":{"@id":"https:\/\/7culture.ci\/index.php\/2021\/06\/08\/anniversaire-le-bel-hommage-de-fernand-dedeh-a-sylvie-toure\/#breadcrumb"},"inLanguage":"fr-FR","potentialAction":[{"@type":"ReadAction","target":["https:\/\/7culture.ci\/index.php\/2021\/06\/08\/anniversaire-le-bel-hommage-de-fernand-dedeh-a-sylvie-toure\/"]}]},{"@type":"BreadcrumbList","@id":"https:\/\/7culture.ci\/index.php\/2021\/06\/08\/anniversaire-le-bel-hommage-de-fernand-dedeh-a-sylvie-toure\/#breadcrumb","itemListElement":[{"@type":"ListItem","position":1,"name":"Accueil","item":"https:\/\/7culture.ci\/"},{"@type":"ListItem","position":2,"name":"ANNIVERSAIRE : LE BEL HOMMAGE DE FERNAND D\u00c9DEH \u00c0 SYLVIE TOUR\u00c9!"}]},{"@type":"WebSite","@id":"https:\/\/7culture.ci\/#website","url":"https:\/\/7culture.ci\/","name":"7culture","description":"Tout sur l&#039;actualit\u00e9","publisher":{"@id":"https:\/\/7culture.ci\/#organization"},"potentialAction":[{"@type":"SearchAction","target":{"@type":"EntryPoint","urlTemplate":"https:\/\/7culture.ci\/?s={search_term_string}"},"query-input":"required name=search_term_string"}],"inLanguage":"fr-FR"},{"@type":"Organization","@id":"https:\/\/7culture.ci\/#organization","name":"7culture","url":"https:\/\/7culture.ci\/","sameAs":["https:\/\/www.facebook.com\/redchefclaude","https:\/\/twitter.com\/7culturec"],"logo":{"@type":"ImageObject","inLanguage":"fr-FR","@id":"https:\/\/7culture.ci\/#\/schema\/logo\/image\/","url":"https:\/\/7culture.ci\/wp-content\/uploads\/2021\/12\/S1a-1.png","contentUrl":"https:\/\/7culture.ci\/wp-content\/uploads\/2021\/12\/S1a-1.png","width":588,"height":192,"caption":"7culture"},"image":{"@id":"https:\/\/7culture.ci\/#\/schema\/logo\/image\/"}},{"@type":"Person","@id":"https:\/\/7culture.ci\/#\/schema\/person\/ac6600b76b439b1d2b8a3b734da1a17b","name":"Waly Tani","image":{"@type":"ImageObject","inLanguage":"fr-FR","@id":"https:\/\/7culture.ci\/#\/schema\/person\/image\/","url":"https:\/\/secure.gravatar.com\/avatar\/f4ffa85bd7cfe6e4376efc1fd606cdb7?s=96&d=mm&r=g","contentUrl":"https:\/\/secure.gravatar.com\/avatar\/f4ffa85bd7cfe6e4376efc1fd606cdb7?s=96&d=mm&r=g","caption":"Waly Tani"},"url":"https:\/\/7culture.ci\/index.php\/author\/waly-tani\/"}]}},"jetpack_featured_media_url":"https:\/\/7culture.ci\/wp-content\/uploads\/2021\/01\/child-care-template-reviewer-img-1.jpg","jetpack_likes_enabled":true,"jetpack_sharing_enabled":true,"_links":{"self":[{"href":"https:\/\/7culture.ci\/index.php\/wp-json\/wp\/v2\/posts\/11621"}],"collection":[{"href":"https:\/\/7culture.ci\/index.php\/wp-json\/wp\/v2\/posts"}],"about":[{"href":"https:\/\/7culture.ci\/index.php\/wp-json\/wp\/v2\/types\/post"}],"author":[{"embeddable":true,"href":"https:\/\/7culture.ci\/index.php\/wp-json\/wp\/v2\/users\/4"}],"replies":[{"embeddable":true,"href":"https:\/\/7culture.ci\/index.php\/wp-json\/wp\/v2\/comments?post=11621"}],"version-history":[{"count":0,"href":"https:\/\/7culture.ci\/index.php\/wp-json\/wp\/v2\/posts\/11621\/revisions"}],"wp:featuredmedia":[{"embeddable":true,"href":"https:\/\/7culture.ci\/index.php\/wp-json\/wp\/v2\/media\/275"}],"wp:attachment":[{"href":"https:\/\/7culture.ci\/index.php\/wp-json\/wp\/v2\/media?parent=11621"}],"wp:term":[{"taxonomy":"category","embeddable":true,"href":"https:\/\/7culture.ci\/index.php\/wp-json\/wp\/v2\/categories?post=11621"},{"taxonomy":"post_tag","embeddable":true,"href":"https:\/\/7culture.ci\/index.php\/wp-json\/wp\/v2\/tags?post=11621"}],"curies":[{"name":"wp","href":"https:\/\/api.w.org\/{rel}","templated":true}]}}